{"id":13050,"date":"2019-10-24T09:15:39","date_gmt":"2019-10-24T06:15:39","guid":{"rendered":"https:\/\/blog.erm.ee\/?p=13050"},"modified":"2019-10-24T09:34:22","modified_gmt":"2019-10-24T06:34:22","slug":"soome-ugri-rahvaste-kultuursotsiaalmeedias","status":"publish","type":"post","link":"https:\/\/blog.erm.ee\/?p=13050","title":{"rendered":"Soome-ugri kultuur sotsiaalmeedias"},"content":{"rendered":"<div class=\"fcbkbttn_buttons_block\" id=\"fcbkbttn_left\"><div class=\"fcbkbttn_like \"><fb:like href=\"https:\/\/blog.erm.ee\/?p=13050\" action=\"like\" colorscheme=\"light\" layout=\"standard\"  width=\"225px\" size=\"small\"><\/fb:like><\/div><div class=\"fb-share-button  \" data-href=\"https:\/\/blog.erm.ee\/?p=13050\" data-type=\"button\" data-size=\"small\"><\/div><\/div><p style=\"text-align: justify;\">Autor: ERMi teadur Tatiana Alybina.<\/p>\n<p style=\"text-align: justify;\">Oktoober on h\u00f5imukuu ja seega on meie sugulasrahvad pildis tavap\u00e4rasest enam. Ka t\u00e4nane blogilugu avab soome-ugri maailma, kuid veidi teistsuguses v\u00f5tmes. Nimelt vaatame, mida kirjutatakse ja jagatakse suhtlusv\u00f5rgustikes soome-ugri keeltes.<\/p>\n<p style=\"text-align: justify;\">Venemaa soome-ugrilastele on k\u00f5ige tuttavam v\u00f5rgustik \u0412\u041a\u043e\u043d\u0442\u0430\u043a\u0442\u0435, mida nimetatakse Vene Facebookiks. Selle kasutaja saab valida 97 keele seast, mille hulgas on mitmed soome-ugri keeled. Loomulikult on seal keele v\u00f5i p\u00e4ritolu j\u00e4rgi moodustunud grupid ja foorumid. Aga tundub siiski, et k\u00f5ike, mis on pikem kui piltide jagamine-kommenteerimine, v\u00e4ljendatakse vene keeles.<\/p>\n<div id=\"attachment_13051\" style=\"width: 1210px\" class=\"wp-caption aligncenter\"><a href=\"https:\/\/blog.erm.ee\/wp-content\/uploads\/2019\/10\/pilt-1.jpg\"><img loading=\"lazy\" decoding=\"async\" aria-describedby=\"caption-attachment-13051\" data-attachment-id=\"13051\" data-permalink=\"https:\/\/blog.erm.ee\/?attachment_id=13051#main\" data-orig-file=\"https:\/\/blog.erm.ee\/wp-content\/uploads\/2019\/10\/pilt-1.jpg\" data-orig-size=\"1200,900\" data-comments-opened=\"1\" data-image-meta=\"{&quot;aperture&quot;:&quot;0&quot;,&quot;credit&quot;:&quot;&quot;,&quot;camera&quot;:&quot;&quot;,&quot;caption&quot;:&quot;&quot;,&quot;created_timestamp&quot;:&quot;0&quot;,&quot;copyright&quot;:&quot;&quot;,&quot;focal_length&quot;:&quot;0&quot;,&quot;iso&quot;:&quot;0&quot;,&quot;shutter_speed&quot;:&quot;0&quot;,&quot;title&quot;:&quot;&quot;,&quot;orientation&quot;:&quot;1&quot;}\" data-image-title=\"pilt 1\" data-image-description=\"\" data-image-caption=\"\" data-large-file=\"https:\/\/blog.erm.ee\/wp-content\/uploads\/2019\/10\/pilt-1-1024x768.jpg\" class=\"wp-image-13051 size-full\" src=\"https:\/\/blog.erm.ee\/wp-content\/uploads\/2019\/10\/pilt-1.jpg\" alt=\"\" width=\"1200\" height=\"900\" srcset=\"https:\/\/blog.erm.ee\/wp-content\/uploads\/2019\/10\/pilt-1.jpg 1200w, https:\/\/blog.erm.ee\/wp-content\/uploads\/2019\/10\/pilt-1-347x260.jpg 347w, https:\/\/blog.erm.ee\/wp-content\/uploads\/2019\/10\/pilt-1-300x225.jpg 300w, https:\/\/blog.erm.ee\/wp-content\/uploads\/2019\/10\/pilt-1-768x576.jpg 768w, https:\/\/blog.erm.ee\/wp-content\/uploads\/2019\/10\/pilt-1-1024x768.jpg 1024w\" sizes=\"auto, (max-width: 1200px) 100vw, 1200px\" \/><\/a><p id=\"caption-attachment-13051\" class=\"wp-caption-text\">\u0412\u041a\u043e\u043d\u0442\u0430\u043a\u0442\u0435 v\u00f5rgustiku \u201cMa armastan handi keelt\u201c grupi p\u00e4ise foto.<\/p><\/div>\n<div id=\"attachment_13052\" style=\"width: 710px\" class=\"wp-caption aligncenter\"><a href=\"https:\/\/blog.erm.ee\/wp-content\/uploads\/2019\/10\/pilt-2.jpg\"><img loading=\"lazy\" decoding=\"async\" aria-describedby=\"caption-attachment-13052\" data-attachment-id=\"13052\" data-permalink=\"https:\/\/blog.erm.ee\/?attachment_id=13052#main\" data-orig-file=\"https:\/\/blog.erm.ee\/wp-content\/uploads\/2019\/10\/pilt-2.jpg\" data-orig-size=\"1077,1200\" data-comments-opened=\"1\" data-image-meta=\"{&quot;aperture&quot;:&quot;2.8&quot;,&quot;credit&quot;:&quot;&quot;,&quot;camera&quot;:&quot;Canon EOS 550D&quot;,&quot;caption&quot;:&quot;&quot;,&quot;created_timestamp&quot;:&quot;1534241395&quot;,&quot;copyright&quot;:&quot;&quot;,&quot;focal_length&quot;:&quot;18&quot;,&quot;iso&quot;:&quot;400&quot;,&quot;shutter_speed&quot;:&quot;0.016666666666667&quot;,&quot;title&quot;:&quot;&quot;,&quot;orientation&quot;:&quot;1&quot;}\" data-image-title=\"pilt 2\" data-image-description=\"\" data-image-caption=\"\" data-large-file=\"https:\/\/blog.erm.ee\/wp-content\/uploads\/2019\/10\/pilt-2-919x1024.jpg\" class=\"wp-image-13052 size-large\" src=\"https:\/\/blog.erm.ee\/wp-content\/uploads\/2019\/10\/pilt-2-919x1024.jpg\" alt=\"\" width=\"700\" height=\"780\" srcset=\"https:\/\/blog.erm.ee\/wp-content\/uploads\/2019\/10\/pilt-2-919x1024.jpg 919w, https:\/\/blog.erm.ee\/wp-content\/uploads\/2019\/10\/pilt-2-233x260.jpg 233w, https:\/\/blog.erm.ee\/wp-content\/uploads\/2019\/10\/pilt-2-269x300.jpg 269w, https:\/\/blog.erm.ee\/wp-content\/uploads\/2019\/10\/pilt-2-768x856.jpg 768w, https:\/\/blog.erm.ee\/wp-content\/uploads\/2019\/10\/pilt-2.jpg 1077w\" sizes=\"auto, (max-width: 700px) 100vw, 700px\" \/><\/a><p id=\"caption-attachment-13052\" class=\"wp-caption-text\">Vepsamaa grupi lehek\u00fclg algab keele tundmise ankeediga.<\/p><\/div>\n<p style=\"text-align: justify;\">Mina tutvusin selle suhtlusv\u00f5rgustikuga veidi \u00fcle k\u00fcmne aastat tagasi, kui Mari \u00fclikoolis \u00f5ppides otsisin tudengilehe jaoks infot eri piirkondades elavate maride ja teiste soome-ugri p\u00e4ritolu noorte kohta. Minu s\u00f5branna, kes \u00f5ppis Peterburis, oli interneti v\u00f5imalustega palju paremini kursis. Ta \u00fctles: \u201eK\u00f5ik marid on internetis, nimelt grupis \u201e\u041c\u0430\u0440\u0438\u0439\u0446\u044b \u0432\u0441\u0435\u0445 \u0441\u0442\u0440\u0430\u043d, \u043e\u0431\u044a\u0435\u0434\u0438\u043d\u044f\u0439\u0442\u0435\u0441\u044c! (\u201eK\u00f5ikide riikide marid, liituge!\u201c). N\u00fc\u00fcd muutus info leidmine tunduvalt h\u00f5lpsamaks kui e-kirjade kaudu: sain teada, et Moskva \u00f6\u00f6klubides korraldatakse mari disko\u00f5htuid; Peterburis on \u00fcleval mari kunstnike n\u00e4itused; Budapestis kogunevad soome-ugri tudengid <em>perepe\u010d<\/em>\u2019ide k\u00fcpsetamise \u00f5htutele; t\u00e4histatakse Udmurdi kultuuri p\u00e4eva jne.<\/p>\n<div id=\"attachment_13053\" style=\"width: 956px\" class=\"wp-caption aligncenter\"><a href=\"https:\/\/blog.erm.ee\/wp-content\/uploads\/2019\/10\/pilt-3.jpg\"><img loading=\"lazy\" decoding=\"async\" aria-describedby=\"caption-attachment-13053\" data-attachment-id=\"13053\" data-permalink=\"https:\/\/blog.erm.ee\/?attachment_id=13053#main\" data-orig-file=\"https:\/\/blog.erm.ee\/wp-content\/uploads\/2019\/10\/pilt-3.jpg\" data-orig-size=\"946,1200\" data-comments-opened=\"1\" data-image-meta=\"{&quot;aperture&quot;:&quot;0&quot;,&quot;credit&quot;:&quot;&quot;,&quot;camera&quot;:&quot;&quot;,&quot;caption&quot;:&quot;&quot;,&quot;created_timestamp&quot;:&quot;0&quot;,&quot;copyright&quot;:&quot;&quot;,&quot;focal_length&quot;:&quot;0&quot;,&quot;iso&quot;:&quot;0&quot;,&quot;shutter_speed&quot;:&quot;0&quot;,&quot;title&quot;:&quot;&quot;,&quot;orientation&quot;:&quot;1&quot;}\" data-image-title=\"pilt 3\" data-image-description=\"\" data-image-caption=\"\" data-large-file=\"https:\/\/blog.erm.ee\/wp-content\/uploads\/2019\/10\/pilt-3-807x1024.jpg\" class=\"wp-image-13053 size-full\" src=\"https:\/\/blog.erm.ee\/wp-content\/uploads\/2019\/10\/pilt-3.jpg\" alt=\"\" width=\"946\" height=\"1200\" srcset=\"https:\/\/blog.erm.ee\/wp-content\/uploads\/2019\/10\/pilt-3.jpg 946w, https:\/\/blog.erm.ee\/wp-content\/uploads\/2019\/10\/pilt-3-205x260.jpg 205w, https:\/\/blog.erm.ee\/wp-content\/uploads\/2019\/10\/pilt-3-237x300.jpg 237w, https:\/\/blog.erm.ee\/wp-content\/uploads\/2019\/10\/pilt-3-768x974.jpg 768w, https:\/\/blog.erm.ee\/wp-content\/uploads\/2019\/10\/pilt-3-807x1024.jpg 807w\" sizes=\"auto, (max-width: 946px) 100vw, 946px\" \/><\/a><p id=\"caption-attachment-13053\" class=\"wp-caption-text\">Omap\u00e4rane pilt, kus on \u00fchendatud Moskva s\u00fcmbol ja \u201eOlen mari\/Olen marilane\u201c tunnuslause.<\/p><\/div>\n<div id=\"attachment_13054\" style=\"width: 1210px\" class=\"wp-caption aligncenter\"><a href=\"https:\/\/blog.erm.ee\/wp-content\/uploads\/2019\/10\/pilt-4.jpg\"><img loading=\"lazy\" decoding=\"async\" aria-describedby=\"caption-attachment-13054\" data-attachment-id=\"13054\" data-permalink=\"https:\/\/blog.erm.ee\/?attachment_id=13054#main\" data-orig-file=\"https:\/\/blog.erm.ee\/wp-content\/uploads\/2019\/10\/pilt-4.jpg\" data-orig-size=\"1200,900\" data-comments-opened=\"1\" data-image-meta=\"{&quot;aperture&quot;:&quot;0&quot;,&quot;credit&quot;:&quot;&quot;,&quot;camera&quot;:&quot;&quot;,&quot;caption&quot;:&quot;&quot;,&quot;created_timestamp&quot;:&quot;0&quot;,&quot;copyright&quot;:&quot;&quot;,&quot;focal_length&quot;:&quot;0&quot;,&quot;iso&quot;:&quot;0&quot;,&quot;shutter_speed&quot;:&quot;0&quot;,&quot;title&quot;:&quot;&quot;,&quot;orientation&quot;:&quot;1&quot;}\" data-image-title=\"pilt 4\" data-image-description=\"\" data-image-caption=\"\" data-large-file=\"https:\/\/blog.erm.ee\/wp-content\/uploads\/2019\/10\/pilt-4-1024x768.jpg\" class=\"wp-image-13054 size-full\" src=\"https:\/\/blog.erm.ee\/wp-content\/uploads\/2019\/10\/pilt-4.jpg\" alt=\"\" width=\"1200\" height=\"900\" srcset=\"https:\/\/blog.erm.ee\/wp-content\/uploads\/2019\/10\/pilt-4.jpg 1200w, https:\/\/blog.erm.ee\/wp-content\/uploads\/2019\/10\/pilt-4-347x260.jpg 347w, https:\/\/blog.erm.ee\/wp-content\/uploads\/2019\/10\/pilt-4-300x225.jpg 300w, https:\/\/blog.erm.ee\/wp-content\/uploads\/2019\/10\/pilt-4-768x576.jpg 768w, https:\/\/blog.erm.ee\/wp-content\/uploads\/2019\/10\/pilt-4-1024x768.jpg 1024w\" sizes=\"auto, (max-width: 1200px) 100vw, 1200px\" \/><\/a><p id=\"caption-attachment-13054\" class=\"wp-caption-text\">Eelm\u00fc\u00fcgipilet Moskva klubisse mari diskole (2011).<\/p><\/div>\n<p style=\"text-align: justify;\">Hiljem sain mitmesugustel \u00fcritustel v\u00f5rgus\u00f5pradega kokku ka silmast silma. Suurtes linnades elavad rahvuskaaslased ei tea sageli \u00fcksteise olemasolust ja eluolust suurt midagi, suhtlusv\u00f5rgustik aga v\u00f5imaldab neil kontaktis olla ja oma kultuuri hoida. Koos korraldatakse keelekursusi, muusika- ja teatri\u00fcritusi ning k\u00e4iakse festivalidel.<\/p>\n<p>Mis puudutab etnilist moodi, siis on k\u00f5ikjal Venemaal tuttavad n\u00e4iteks sellised disainerid nagu Polina Kubista, Tatiana Moskvina ja Darali Leli.<\/p>\n<div id=\"attachment_13055\" style=\"width: 1210px\" class=\"wp-caption aligncenter\"><a href=\"https:\/\/blog.erm.ee\/wp-content\/uploads\/2019\/10\/pilt-5.jpg\"><img loading=\"lazy\" decoding=\"async\" aria-describedby=\"caption-attachment-13055\" data-attachment-id=\"13055\" data-permalink=\"https:\/\/blog.erm.ee\/?attachment_id=13055#main\" data-orig-file=\"https:\/\/blog.erm.ee\/wp-content\/uploads\/2019\/10\/pilt-5.jpg\" data-orig-size=\"1200,900\" data-comments-opened=\"1\" data-image-meta=\"{&quot;aperture&quot;:&quot;0&quot;,&quot;credit&quot;:&quot;&quot;,&quot;camera&quot;:&quot;&quot;,&quot;caption&quot;:&quot;&quot;,&quot;created_timestamp&quot;:&quot;0&quot;,&quot;copyright&quot;:&quot;&quot;,&quot;focal_length&quot;:&quot;0&quot;,&quot;iso&quot;:&quot;0&quot;,&quot;shutter_speed&quot;:&quot;0&quot;,&quot;title&quot;:&quot;&quot;,&quot;orientation&quot;:&quot;1&quot;}\" data-image-title=\"pilt 5\" data-image-description=\"\" data-image-caption=\"\" data-large-file=\"https:\/\/blog.erm.ee\/wp-content\/uploads\/2019\/10\/pilt-5-1024x768.jpg\" class=\"wp-image-13055 size-full\" src=\"https:\/\/blog.erm.ee\/wp-content\/uploads\/2019\/10\/pilt-5.jpg\" alt=\"\" width=\"1200\" height=\"900\" srcset=\"https:\/\/blog.erm.ee\/wp-content\/uploads\/2019\/10\/pilt-5.jpg 1200w, https:\/\/blog.erm.ee\/wp-content\/uploads\/2019\/10\/pilt-5-347x260.jpg 347w, https:\/\/blog.erm.ee\/wp-content\/uploads\/2019\/10\/pilt-5-300x225.jpg 300w, https:\/\/blog.erm.ee\/wp-content\/uploads\/2019\/10\/pilt-5-768x576.jpg 768w, https:\/\/blog.erm.ee\/wp-content\/uploads\/2019\/10\/pilt-5-1024x768.jpg 1024w\" sizes=\"auto, (max-width: 1200px) 100vw, 1200px\" \/><\/a><p id=\"caption-attachment-13055\" class=\"wp-caption-text\">Peterburi moestuudio kollektsioon Moskvas, udmurdi festivalil, 2019.<\/p><\/div>\n<p style=\"text-align: justify;\">T\u00e4nap\u00e4eval kasutatakse sotsiaalmeediat ka k\u00f5ige kaugemates ja v\u00e4iksemates k\u00fclades. Emakeelt v\u00e4\u00e4rtustav internetip\u00f5lvkond tegeleb oma kultuuri populariseerimisega. N\u00e4iteks sel suvel kuulutas Venemaa-Soome selts (Suomivenajaseura) v\u00e4lja v\u00f5istluse \u201eSotsiaalmeedia soome-ugri staarid\u201d (\u201e\u0424\u0438\u043d\u043d\u043e-\u0443\u0433\u043e\u0440\u0441\u043a\u0438\u0435 \u0437\u0432\u0435\u0437\u0434\u044b \u0432 \u0441\u043e\u0446\u0438\u0430\u043b\u044c\u043d\u044b\u0445 \u0441\u0435\u0442\u044f\u0445\u201d), mille v\u00f5itjad on n\u00fc\u00fcdseks v\u00e4lja valitud ja just \u00e4sja toimus nende kokkutulek festivalil \u201eSugrifest\u201c Soomes. Taotluse esitanud 57 osaleja seast valiti v\u00e4lja 13, nende hulgas mari blogija Nade\u017eda Imajeva ja neenetsi muusik Albert Okotetto, karjala ajakirjanik Varpuni Natto ja saami r\u00e4ppar Jarsem Galkin.<\/p>\n<div id=\"attachment_13057\" style=\"width: 1210px\" class=\"wp-caption aligncenter\"><a href=\"https:\/\/blog.erm.ee\/wp-content\/uploads\/2019\/10\/pilt-7.jpg\"><img loading=\"lazy\" decoding=\"async\" aria-describedby=\"caption-attachment-13057\" data-attachment-id=\"13057\" data-permalink=\"https:\/\/blog.erm.ee\/?attachment_id=13057#main\" data-orig-file=\"https:\/\/blog.erm.ee\/wp-content\/uploads\/2019\/10\/pilt-7.jpg\" data-orig-size=\"1200,800\" data-comments-opened=\"1\" data-image-meta=\"{&quot;aperture&quot;:&quot;0&quot;,&quot;credit&quot;:&quot;&quot;,&quot;camera&quot;:&quot;&quot;,&quot;caption&quot;:&quot;&quot;,&quot;created_timestamp&quot;:&quot;0&quot;,&quot;copyright&quot;:&quot;&quot;,&quot;focal_length&quot;:&quot;0&quot;,&quot;iso&quot;:&quot;0&quot;,&quot;shutter_speed&quot;:&quot;0&quot;,&quot;title&quot;:&quot;&quot;,&quot;orientation&quot;:&quot;1&quot;}\" data-image-title=\"pilt 7\" data-image-description=\"\" data-image-caption=\"\" data-large-file=\"https:\/\/blog.erm.ee\/wp-content\/uploads\/2019\/10\/pilt-7-1024x683.jpg\" class=\"wp-image-13057 size-full\" src=\"https:\/\/blog.erm.ee\/wp-content\/uploads\/2019\/10\/pilt-7.jpg\" alt=\"\" width=\"1200\" height=\"800\" srcset=\"https:\/\/blog.erm.ee\/wp-content\/uploads\/2019\/10\/pilt-7.jpg 1200w, https:\/\/blog.erm.ee\/wp-content\/uploads\/2019\/10\/pilt-7-390x260.jpg 390w, https:\/\/blog.erm.ee\/wp-content\/uploads\/2019\/10\/pilt-7-300x200.jpg 300w, https:\/\/blog.erm.ee\/wp-content\/uploads\/2019\/10\/pilt-7-768x512.jpg 768w, https:\/\/blog.erm.ee\/wp-content\/uploads\/2019\/10\/pilt-7-1024x683.jpg 1024w\" sizes=\"auto, (max-width: 1200px) 100vw, 1200px\" \/><\/a><p id=\"caption-attachment-13057\" class=\"wp-caption-text\">Neenetsi muusik ja luuletaja Albert Okotetto.<\/p><\/div>\n<div id=\"attachment_13058\" style=\"width: 1210px\" class=\"wp-caption aligncenter\"><a href=\"https:\/\/blog.erm.ee\/wp-content\/uploads\/2019\/10\/pilt-8.jpg\"><img loading=\"lazy\" decoding=\"async\" aria-describedby=\"caption-attachment-13058\" data-attachment-id=\"13058\" data-permalink=\"https:\/\/blog.erm.ee\/?attachment_id=13058#main\" data-orig-file=\"https:\/\/blog.erm.ee\/wp-content\/uploads\/2019\/10\/pilt-8.jpg\" data-orig-size=\"1200,900\" data-comments-opened=\"1\" data-image-meta=\"{&quot;aperture&quot;:&quot;0&quot;,&quot;credit&quot;:&quot;&quot;,&quot;camera&quot;:&quot;&quot;,&quot;caption&quot;:&quot;&quot;,&quot;created_timestamp&quot;:&quot;0&quot;,&quot;copyright&quot;:&quot;&quot;,&quot;focal_length&quot;:&quot;0&quot;,&quot;iso&quot;:&quot;0&quot;,&quot;shutter_speed&quot;:&quot;0&quot;,&quot;title&quot;:&quot;&quot;,&quot;orientation&quot;:&quot;1&quot;}\" data-image-title=\"pilt 8\" data-image-description=\"\" data-image-caption=\"\" data-large-file=\"https:\/\/blog.erm.ee\/wp-content\/uploads\/2019\/10\/pilt-8-1024x768.jpg\" class=\"wp-image-13058 size-full\" src=\"https:\/\/blog.erm.ee\/wp-content\/uploads\/2019\/10\/pilt-8.jpg\" alt=\"\" width=\"1200\" height=\"900\" srcset=\"https:\/\/blog.erm.ee\/wp-content\/uploads\/2019\/10\/pilt-8.jpg 1200w, https:\/\/blog.erm.ee\/wp-content\/uploads\/2019\/10\/pilt-8-347x260.jpg 347w, https:\/\/blog.erm.ee\/wp-content\/uploads\/2019\/10\/pilt-8-300x225.jpg 300w, https:\/\/blog.erm.ee\/wp-content\/uploads\/2019\/10\/pilt-8-768x576.jpg 768w, https:\/\/blog.erm.ee\/wp-content\/uploads\/2019\/10\/pilt-8-1024x768.jpg 1024w\" sizes=\"auto, (max-width: 1200px) 100vw, 1200px\" \/><\/a><p id=\"caption-attachment-13058\" class=\"wp-caption-text\">&#8220;Sugrifest&#8221; festivalile kogunenud v\u00f5istluse \u201eSotsiaalmeedia soome-ugri staarid\u201d aktiivseimad osalejad, 2019.<\/p><\/div>\n<div id=\"attachment_13059\" style=\"width: 680px\" class=\"wp-caption aligncenter\"><a href=\"https:\/\/blog.erm.ee\/wp-content\/uploads\/2019\/10\/pilt-9.jpg\"><img loading=\"lazy\" decoding=\"async\" aria-describedby=\"caption-attachment-13059\" data-attachment-id=\"13059\" data-permalink=\"https:\/\/blog.erm.ee\/?attachment_id=13059#main\" data-orig-file=\"https:\/\/blog.erm.ee\/wp-content\/uploads\/2019\/10\/pilt-9.jpg\" data-orig-size=\"674,1200\" data-comments-opened=\"1\" data-image-meta=\"{&quot;aperture&quot;:&quot;0&quot;,&quot;credit&quot;:&quot;&quot;,&quot;camera&quot;:&quot;&quot;,&quot;caption&quot;:&quot;&quot;,&quot;created_timestamp&quot;:&quot;0&quot;,&quot;copyright&quot;:&quot;&quot;,&quot;focal_length&quot;:&quot;0&quot;,&quot;iso&quot;:&quot;0&quot;,&quot;shutter_speed&quot;:&quot;0&quot;,&quot;title&quot;:&quot;&quot;,&quot;orientation&quot;:&quot;1&quot;}\" data-image-title=\"pilt 9\" data-image-description=\"\" data-image-caption=\"\" data-large-file=\"https:\/\/blog.erm.ee\/wp-content\/uploads\/2019\/10\/pilt-9-575x1024.jpg\" class=\"wp-image-13059 size-full\" src=\"https:\/\/blog.erm.ee\/wp-content\/uploads\/2019\/10\/pilt-9.jpg\" alt=\"\" width=\"674\" height=\"1200\" srcset=\"https:\/\/blog.erm.ee\/wp-content\/uploads\/2019\/10\/pilt-9.jpg 674w, https:\/\/blog.erm.ee\/wp-content\/uploads\/2019\/10\/pilt-9-146x260.jpg 146w, https:\/\/blog.erm.ee\/wp-content\/uploads\/2019\/10\/pilt-9-169x300.jpg 169w, https:\/\/blog.erm.ee\/wp-content\/uploads\/2019\/10\/pilt-9-575x1024.jpg 575w\" sizes=\"auto, (max-width: 674px) 100vw, 674px\" \/><\/a><p id=\"caption-attachment-13059\" class=\"wp-caption-text\">Urdmurdi sotsiaalmeediastaaride Instagrami postitus festivalilt &#8220;Sugrifest&#8221;. Lukerja \u0160ikhova \u201emonudmurt\u201c (mina \u2013 udmurt) Instagrami kanal, 2019.<\/p><\/div>\n<div id=\"attachment_13060\" style=\"width: 842px\" class=\"wp-caption aligncenter\"><a href=\"https:\/\/blog.erm.ee\/wp-content\/uploads\/2019\/10\/pilt-10.jpg\"><img loading=\"lazy\" decoding=\"async\" aria-describedby=\"caption-attachment-13060\" data-attachment-id=\"13060\" data-permalink=\"https:\/\/blog.erm.ee\/?attachment_id=13060#main\" data-orig-file=\"https:\/\/blog.erm.ee\/wp-content\/uploads\/2019\/10\/pilt-10.jpg\" data-orig-size=\"832,1200\" data-comments-opened=\"1\" data-image-meta=\"{&quot;aperture&quot;:&quot;0&quot;,&quot;credit&quot;:&quot;&quot;,&quot;camera&quot;:&quot;&quot;,&quot;caption&quot;:&quot;&quot;,&quot;created_timestamp&quot;:&quot;0&quot;,&quot;copyright&quot;:&quot;&quot;,&quot;focal_length&quot;:&quot;0&quot;,&quot;iso&quot;:&quot;0&quot;,&quot;shutter_speed&quot;:&quot;0&quot;,&quot;title&quot;:&quot;&quot;,&quot;orientation&quot;:&quot;1&quot;}\" data-image-title=\"pilt 10\" data-image-description=\"\" data-image-caption=\"\" data-large-file=\"https:\/\/blog.erm.ee\/wp-content\/uploads\/2019\/10\/pilt-10-710x1024.jpg\" class=\"wp-image-13060 size-full\" src=\"https:\/\/blog.erm.ee\/wp-content\/uploads\/2019\/10\/pilt-10.jpg\" alt=\"\" width=\"832\" height=\"1200\" srcset=\"https:\/\/blog.erm.ee\/wp-content\/uploads\/2019\/10\/pilt-10.jpg 832w, https:\/\/blog.erm.ee\/wp-content\/uploads\/2019\/10\/pilt-10-180x260.jpg 180w, https:\/\/blog.erm.ee\/wp-content\/uploads\/2019\/10\/pilt-10-208x300.jpg 208w, https:\/\/blog.erm.ee\/wp-content\/uploads\/2019\/10\/pilt-10-768x1108.jpg 768w, https:\/\/blog.erm.ee\/wp-content\/uploads\/2019\/10\/pilt-10-710x1024.jpg 710w\" sizes=\"auto, (max-width: 832px) 100vw, 832px\" \/><\/a><p id=\"caption-attachment-13060\" class=\"wp-caption-text\">Udmurdi kunstniku \u010cudja \u017deni joonistus r\u00e4ppar Bogdan Anfinogenovist ja tema luuletusest, 2012.<\/p><\/div>\n<p style=\"text-align: justify;\">K\u00f5ige aktiivsemad tunduvad sotsiaalmeedias olevat udmurdid. Ka nimetatud v\u00f5istlusel oli t\u00e4htede hulgas palju udmurdi noori. Lukerja \u0160ikhova on ajakirjanik, modell ja udmurdikeelse sisuga Instagrami lehe staar. Luuletaja ja r\u00e4ppar Bogdan Anfinogenov on tuntud Udmurdimaal oma \u201e\u041c\u0443\u0440\u04dd\u043e\u043b Underground\u201c projektiga. Ta teeb koost\u00f6\u00f6s Vladislav Stepanoviga Kuara (\u041a\u0443\u0430\u0440\u0430) videoprojekti jaoks muusikaklippe, kus on kokku pandud t\u00e4nap\u00e4evane ja etniline. Anfinogenovi viimane klipp \u201ePichi Purga\u201c (\u201eV\u00e4ike Purga\u201c) on p\u00fchendatud Udmurdi Vabariigi V\u00e4ike Purga rajooni juubelile ja pean\u00e4itleja on seal kohalik noor Egor Ma\u0161takov.<\/p>\n<div id=\"attachment_13061\" style=\"width: 1210px\" class=\"wp-caption aligncenter\"><a href=\"https:\/\/blog.erm.ee\/wp-content\/uploads\/2019\/10\/pilt-11.jpg\"><img loading=\"lazy\" decoding=\"async\" aria-describedby=\"caption-attachment-13061\" data-attachment-id=\"13061\" data-permalink=\"https:\/\/blog.erm.ee\/?attachment_id=13061#main\" data-orig-file=\"https:\/\/blog.erm.ee\/wp-content\/uploads\/2019\/10\/pilt-11.jpg\" data-orig-size=\"1200,890\" data-comments-opened=\"1\" data-image-meta=\"{&quot;aperture&quot;:&quot;0&quot;,&quot;credit&quot;:&quot;&quot;,&quot;camera&quot;:&quot;&quot;,&quot;caption&quot;:&quot;&quot;,&quot;created_timestamp&quot;:&quot;0&quot;,&quot;copyright&quot;:&quot;&quot;,&quot;focal_length&quot;:&quot;0&quot;,&quot;iso&quot;:&quot;0&quot;,&quot;shutter_speed&quot;:&quot;0&quot;,&quot;title&quot;:&quot;&quot;,&quot;orientation&quot;:&quot;1&quot;}\" data-image-title=\"pilt 11\" data-image-description=\"\" data-image-caption=\"\" data-large-file=\"https:\/\/blog.erm.ee\/wp-content\/uploads\/2019\/10\/pilt-11-1024x759.jpg\" class=\"wp-image-13061 size-full\" src=\"https:\/\/blog.erm.ee\/wp-content\/uploads\/2019\/10\/pilt-11.jpg\" alt=\"\" width=\"1200\" height=\"890\" srcset=\"https:\/\/blog.erm.ee\/wp-content\/uploads\/2019\/10\/pilt-11.jpg 1200w, https:\/\/blog.erm.ee\/wp-content\/uploads\/2019\/10\/pilt-11-351x260.jpg 351w, https:\/\/blog.erm.ee\/wp-content\/uploads\/2019\/10\/pilt-11-300x223.jpg 300w, https:\/\/blog.erm.ee\/wp-content\/uploads\/2019\/10\/pilt-11-768x570.jpg 768w, https:\/\/blog.erm.ee\/wp-content\/uploads\/2019\/10\/pilt-11-1024x759.jpg 1024w\" sizes=\"auto, (max-width: 1200px) 100vw, 1200px\" \/><\/a><p id=\"caption-attachment-13061\" class=\"wp-caption-text\">\u00ab\u041a\u0443\u0430\u0440\u0430\u00bb projekti autor Vladislav Stepanov, 2019.<\/p><\/div>\n<div id=\"attachment_13062\" style=\"width: 1210px\" class=\"wp-caption aligncenter\"><a href=\"https:\/\/blog.erm.ee\/wp-content\/uploads\/2019\/10\/pilt-12.jpg\"><img loading=\"lazy\" decoding=\"async\" aria-describedby=\"caption-attachment-13062\" data-attachment-id=\"13062\" data-permalink=\"https:\/\/blog.erm.ee\/?attachment_id=13062#main\" data-orig-file=\"https:\/\/blog.erm.ee\/wp-content\/uploads\/2019\/10\/pilt-12.jpg\" data-orig-size=\"1200,797\" data-comments-opened=\"1\" data-image-meta=\"{&quot;aperture&quot;:&quot;0&quot;,&quot;credit&quot;:&quot;&quot;,&quot;camera&quot;:&quot;&quot;,&quot;caption&quot;:&quot;&quot;,&quot;created_timestamp&quot;:&quot;0&quot;,&quot;copyright&quot;:&quot;&quot;,&quot;focal_length&quot;:&quot;0&quot;,&quot;iso&quot;:&quot;0&quot;,&quot;shutter_speed&quot;:&quot;0&quot;,&quot;title&quot;:&quot;&quot;,&quot;orientation&quot;:&quot;1&quot;}\" data-image-title=\"pilt 12\" data-image-description=\"\" data-image-caption=\"\" data-large-file=\"https:\/\/blog.erm.ee\/wp-content\/uploads\/2019\/10\/pilt-12-1024x680.jpg\" class=\"wp-image-13062 size-full\" src=\"https:\/\/blog.erm.ee\/wp-content\/uploads\/2019\/10\/pilt-12.jpg\" alt=\"\" width=\"1200\" height=\"797\" srcset=\"https:\/\/blog.erm.ee\/wp-content\/uploads\/2019\/10\/pilt-12.jpg 1200w, https:\/\/blog.erm.ee\/wp-content\/uploads\/2019\/10\/pilt-12-391x260.jpg 391w, https:\/\/blog.erm.ee\/wp-content\/uploads\/2019\/10\/pilt-12-300x199.jpg 300w, https:\/\/blog.erm.ee\/wp-content\/uploads\/2019\/10\/pilt-12-768x510.jpg 768w, https:\/\/blog.erm.ee\/wp-content\/uploads\/2019\/10\/pilt-12-1024x680.jpg 1024w\" sizes=\"auto, (max-width: 1200px) 100vw, 1200px\" \/><\/a><p id=\"caption-attachment-13062\" class=\"wp-caption-text\">Udmurdi r\u00e4ppar ja luuletaja Bogdan Anfinogenov oma luuleraamatut esitlemas, 2014.<\/p><\/div>\n<div id=\"attachment_13063\" style=\"width: 1210px\" class=\"wp-caption aligncenter\"><a href=\"https:\/\/blog.erm.ee\/wp-content\/uploads\/2019\/10\/pilt-13.jpg\"><img loading=\"lazy\" decoding=\"async\" aria-describedby=\"caption-attachment-13063\" data-attachment-id=\"13063\" data-permalink=\"https:\/\/blog.erm.ee\/?attachment_id=13063#main\" data-orig-file=\"https:\/\/blog.erm.ee\/wp-content\/uploads\/2019\/10\/pilt-13.jpg\" data-orig-size=\"1200,795\" data-comments-opened=\"1\" data-image-meta=\"{&quot;aperture&quot;:&quot;0&quot;,&quot;credit&quot;:&quot;&quot;,&quot;camera&quot;:&quot;&quot;,&quot;caption&quot;:&quot;&quot;,&quot;created_timestamp&quot;:&quot;0&quot;,&quot;copyright&quot;:&quot;&quot;,&quot;focal_length&quot;:&quot;0&quot;,&quot;iso&quot;:&quot;0&quot;,&quot;shutter_speed&quot;:&quot;0&quot;,&quot;title&quot;:&quot;&quot;,&quot;orientation&quot;:&quot;1&quot;}\" data-image-title=\"pilt 13\" data-image-description=\"\" data-image-caption=\"\" data-large-file=\"https:\/\/blog.erm.ee\/wp-content\/uploads\/2019\/10\/pilt-13-1024x678.jpg\" class=\"wp-image-13063 size-full\" src=\"https:\/\/blog.erm.ee\/wp-content\/uploads\/2019\/10\/pilt-13.jpg\" alt=\"\" width=\"1200\" height=\"795\" srcset=\"https:\/\/blog.erm.ee\/wp-content\/uploads\/2019\/10\/pilt-13.jpg 1200w, https:\/\/blog.erm.ee\/wp-content\/uploads\/2019\/10\/pilt-13-392x260.jpg 392w, https:\/\/blog.erm.ee\/wp-content\/uploads\/2019\/10\/pilt-13-300x199.jpg 300w, https:\/\/blog.erm.ee\/wp-content\/uploads\/2019\/10\/pilt-13-768x509.jpg 768w, https:\/\/blog.erm.ee\/wp-content\/uploads\/2019\/10\/pilt-13-1024x678.jpg 1024w\" sizes=\"auto, (max-width: 1200px) 100vw, 1200px\" \/><\/a><p id=\"caption-attachment-13063\" class=\"wp-caption-text\">Bogdan Anfinogenov ja Olesya Dydykaj \u201eSuperudmurty\u201c lauluga laval.<\/p><\/div>\n<div class=\"fcbkbttn_buttons_block\" id=\"fcbkbttn_left\"><div class=\"fcbkbttn_like \"><fb:like href=\"https:\/\/blog.erm.ee\/?p=13050\" action=\"like\" colorscheme=\"light\" layout=\"standard\"  width=\"225px\" size=\"small\"><\/fb:like><\/div><div class=\"fb-share-button  \" data-href=\"https:\/\/blog.erm.ee\/?p=13050\" data-type=\"button\" data-size=\"small\"><\/div><\/div>","protected":false},"excerpt":{"rendered":"<p>Autor: ERMi teadur Tatiana Alybina. Oktoober on h\u00f5imukuu ja seega on meie sugulasrahvad pildis tavap\u00e4rasest enam. Ka t\u00e4nane blogilugu avab soome-ugri maailma, kuid veidi teistsuguses v\u00f5tmes. Nimelt vaatame, mida kirjutatakse ja jagatakse suhtlusv\u00f5rgustikes soome-ugri keeltes. Venemaa soome-ugrilastele on k\u00f5ige tuttavam v\u00f5rgustik \u0412\u041a\u043e\u043d\u0442\u0430\u043a\u0442\u0435, mida nimetatakse Vene Facebookiks. Selle kasutaja saab valida 97 keele seast, mille hulgas&hellip;<\/p>\n","protected":false},"author":1,"featured_media":13073,"comment_status":"open","ping_status":"open","sticky":false,"template":"","format":"standard","meta":{"_monsterinsights_skip_tracking":false,"_monsterinsights_sitenote_active":false,"_monsterinsights_sitenote_note":"","_monsterinsights_sitenote_category":0,"jetpack_post_was_ever_published":false,"_jetpack_newsletter_access":"","_jetpack_dont_email_post_to_subs":false,"_jetpack_newsletter_tier_id":0,"_jetpack_memberships_contains_paywalled_content":false,"_jetpack_memberships_contains_paid_content":false,"footnotes":""},"categories":[28],"tags":[],"class_list":["post-13050","post","type-post","status-publish","format-standard","has-post-thumbnail","hentry","category-soome-ugri"],"yoast_head":"<!-- This site is optimized with the Yoast SEO plugin v27.5 - https:\/\/yoast.com\/product\/yoast-seo-wordpress\/ -->\n<title>Soome-ugri kultuur sotsiaalmeedias - Eesti Rahva Muuseumi ajaveeb<\/title>\n<meta name=\"robots\" content=\"index, follow, max-snippet:-1, max-image-preview:large, max-video-preview:-1\" \/>\n<link rel=\"canonical\" href=\"https:\/\/blog.erm.ee\/?p=13050\" \/>\n<meta property=\"og:locale\" content=\"et_EE\" \/>\n<meta property=\"og:type\" content=\"article\" \/>\n<meta property=\"og:title\" content=\"Soome-ugri kultuur sotsiaalmeedias - Eesti Rahva Muuseumi ajaveeb\" \/>\n<meta property=\"og:description\" content=\"Autor: ERMi teadur Tatiana Alybina. Oktoober on h\u00f5imukuu ja seega on meie sugulasrahvad pildis tavap\u00e4rasest enam. Ka t\u00e4nane blogilugu avab soome-ugri maailma, kuid veidi teistsuguses v\u00f5tmes. Nimelt vaatame, mida kirjutatakse ja jagatakse suhtlusv\u00f5rgustikes soome-ugri keeltes. Venemaa soome-ugrilastele on k\u00f5ige tuttavam v\u00f5rgustik \u0412\u041a\u043e\u043d\u0442\u0430\u043a\u0442\u0435, mida nimetatakse Vene Facebookiks. Selle kasutaja saab valida 97 keele seast, mille hulgas&hellip;\" \/>\n<meta property=\"og:url\" content=\"https:\/\/blog.erm.ee\/?p=13050\" \/>\n<meta property=\"og:site_name\" content=\"Eesti Rahva Muuseumi ajaveeb\" \/>\n<meta property=\"article:published_time\" content=\"2019-10-24T06:15:39+00:00\" \/>\n<meta property=\"article:modified_time\" content=\"2019-10-24T06:34:22+00:00\" \/>\n<meta property=\"og:image\" content=\"https:\/\/blog.erm.ee\/wp-content\/uploads\/2019\/10\/pilt-9-1.jpg\" \/>\n\t<meta property=\"og:image:width\" content=\"658\" \/>\n\t<meta property=\"og:image:height\" content=\"709\" \/>\n\t<meta property=\"og:image:type\" content=\"image\/jpeg\" \/>\n<meta name=\"author\" content=\"Eesti Rahva Muuseum\" \/>\n<meta name=\"twitter:card\" content=\"summary_large_image\" \/>\n<meta name=\"twitter:label1\" content=\"Written by\" \/>\n\t<meta name=\"twitter:data1\" content=\"Eesti Rahva Muuseum\" \/>\n\t<meta name=\"twitter:label2\" content=\"Est. reading time\" \/>\n\t<meta name=\"twitter:data2\" content=\"3 minutit\" \/>\n<script type=\"application\/ld+json\" class=\"yoast-schema-graph\">{\"@context\":\"https:\\\/\\\/schema.org\",\"@graph\":[{\"@type\":\"Article\",\"@id\":\"https:\\\/\\\/blog.erm.ee\\\/?p=13050#article\",\"isPartOf\":{\"@id\":\"https:\\\/\\\/blog.erm.ee\\\/?p=13050\"},\"author\":{\"name\":\"Eesti Rahva Muuseum\",\"@id\":\"https:\\\/\\\/blog.erm.ee\\\/#\\\/schema\\\/person\\\/6e98c391cb00a33e7c22a3571e062114\"},\"headline\":\"Soome-ugri kultuur sotsiaalmeedias\",\"datePublished\":\"2019-10-24T06:15:39+00:00\",\"dateModified\":\"2019-10-24T06:34:22+00:00\",\"mainEntityOfPage\":{\"@id\":\"https:\\\/\\\/blog.erm.ee\\\/?p=13050\"},\"wordCount\":647,\"commentCount\":0,\"image\":{\"@id\":\"https:\\\/\\\/blog.erm.ee\\\/?p=13050#primaryimage\"},\"thumbnailUrl\":\"https:\\\/\\\/blog.erm.ee\\\/wp-content\\\/uploads\\\/2019\\\/10\\\/pilt-9-1.jpg\",\"articleSection\":[\"Soome-ugri\"],\"inLanguage\":\"et\",\"potentialAction\":[{\"@type\":\"CommentAction\",\"name\":\"Comment\",\"target\":[\"https:\\\/\\\/blog.erm.ee\\\/?p=13050#respond\"]}]},{\"@type\":\"WebPage\",\"@id\":\"https:\\\/\\\/blog.erm.ee\\\/?p=13050\",\"url\":\"https:\\\/\\\/blog.erm.ee\\\/?p=13050\",\"name\":\"Soome-ugri kultuur sotsiaalmeedias - Eesti Rahva Muuseumi ajaveeb\",\"isPartOf\":{\"@id\":\"https:\\\/\\\/blog.erm.ee\\\/#website\"},\"primaryImageOfPage\":{\"@id\":\"https:\\\/\\\/blog.erm.ee\\\/?p=13050#primaryimage\"},\"image\":{\"@id\":\"https:\\\/\\\/blog.erm.ee\\\/?p=13050#primaryimage\"},\"thumbnailUrl\":\"https:\\\/\\\/blog.erm.ee\\\/wp-content\\\/uploads\\\/2019\\\/10\\\/pilt-9-1.jpg\",\"datePublished\":\"2019-10-24T06:15:39+00:00\",\"dateModified\":\"2019-10-24T06:34:22+00:00\",\"author\":{\"@id\":\"https:\\\/\\\/blog.erm.ee\\\/#\\\/schema\\\/person\\\/6e98c391cb00a33e7c22a3571e062114\"},\"breadcrumb\":{\"@id\":\"https:\\\/\\\/blog.erm.ee\\\/?p=13050#breadcrumb\"},\"inLanguage\":\"et\",\"potentialAction\":[{\"@type\":\"ReadAction\",\"target\":[\"https:\\\/\\\/blog.erm.ee\\\/?p=13050\"]}]},{\"@type\":\"ImageObject\",\"inLanguage\":\"et\",\"@id\":\"https:\\\/\\\/blog.erm.ee\\\/?p=13050#primaryimage\",\"url\":\"https:\\\/\\\/blog.erm.ee\\\/wp-content\\\/uploads\\\/2019\\\/10\\\/pilt-9-1.jpg\",\"contentUrl\":\"https:\\\/\\\/blog.erm.ee\\\/wp-content\\\/uploads\\\/2019\\\/10\\\/pilt-9-1.jpg\",\"width\":658,\"height\":709},{\"@type\":\"BreadcrumbList\",\"@id\":\"https:\\\/\\\/blog.erm.ee\\\/?p=13050#breadcrumb\",\"itemListElement\":[{\"@type\":\"ListItem\",\"position\":1,\"name\":\"Home\",\"item\":\"https:\\\/\\\/blog.erm.ee\\\/\"},{\"@type\":\"ListItem\",\"position\":2,\"name\":\"Soome-ugri kultuur sotsiaalmeedias\"}]},{\"@type\":\"WebSite\",\"@id\":\"https:\\\/\\\/blog.erm.ee\\\/#website\",\"url\":\"https:\\\/\\\/blog.erm.ee\\\/\",\"name\":\"Eesti Rahva Muuseumi ajaveeb\",\"description\":\"\",\"potentialAction\":[{\"@type\":\"SearchAction\",\"target\":{\"@type\":\"EntryPoint\",\"urlTemplate\":\"https:\\\/\\\/blog.erm.ee\\\/?s={search_term_string}\"},\"query-input\":{\"@type\":\"PropertyValueSpecification\",\"valueRequired\":true,\"valueName\":\"search_term_string\"}}],\"inLanguage\":\"et\"},{\"@type\":\"Person\",\"@id\":\"https:\\\/\\\/blog.erm.ee\\\/#\\\/schema\\\/person\\\/6e98c391cb00a33e7c22a3571e062114\",\"name\":\"Eesti Rahva Muuseum\",\"image\":{\"@type\":\"ImageObject\",\"inLanguage\":\"et\",\"@id\":\"https:\\\/\\\/secure.gravatar.com\\\/avatar\\\/cb6d9ad5fb49f3f7315028ce5fe60641075f2cb52b8a058ff5a985fa2d8c1da0?s=96&d=mm&r=g\",\"url\":\"https:\\\/\\\/secure.gravatar.com\\\/avatar\\\/cb6d9ad5fb49f3f7315028ce5fe60641075f2cb52b8a058ff5a985fa2d8c1da0?s=96&d=mm&r=g\",\"contentUrl\":\"https:\\\/\\\/secure.gravatar.com\\\/avatar\\\/cb6d9ad5fb49f3f7315028ce5fe60641075f2cb52b8a058ff5a985fa2d8c1da0?s=96&d=mm&r=g\",\"caption\":\"Eesti Rahva Muuseum\"},\"sameAs\":[\"http:\\\/\\\/www.erm.ee\"],\"url\":\"https:\\\/\\\/blog.erm.ee\\\/?author=1\"}]}<\/script>\n<!-- \/ Yoast SEO plugin. -->","yoast_head_json":{"title":"Soome-ugri kultuur sotsiaalmeedias - Eesti Rahva Muuseumi ajaveeb","robots":{"index":"index","follow":"follow","max-snippet":"max-snippet:-1","max-image-preview":"max-image-preview:large","max-video-preview":"max-video-preview:-1"},"canonical":"https:\/\/blog.erm.ee\/?p=13050","og_locale":"et_EE","og_type":"article","og_title":"Soome-ugri kultuur sotsiaalmeedias - Eesti Rahva Muuseumi ajaveeb","og_description":"Autor: ERMi teadur Tatiana Alybina. Oktoober on h\u00f5imukuu ja seega on meie sugulasrahvad pildis tavap\u00e4rasest enam. Ka t\u00e4nane blogilugu avab soome-ugri maailma, kuid veidi teistsuguses v\u00f5tmes. Nimelt vaatame, mida kirjutatakse ja jagatakse suhtlusv\u00f5rgustikes soome-ugri keeltes. Venemaa soome-ugrilastele on k\u00f5ige tuttavam v\u00f5rgustik \u0412\u041a\u043e\u043d\u0442\u0430\u043a\u0442\u0435, mida nimetatakse Vene Facebookiks. Selle kasutaja saab valida 97 keele seast, mille hulgas&hellip;","og_url":"https:\/\/blog.erm.ee\/?p=13050","og_site_name":"Eesti Rahva Muuseumi ajaveeb","article_published_time":"2019-10-24T06:15:39+00:00","article_modified_time":"2019-10-24T06:34:22+00:00","og_image":[{"width":658,"height":709,"url":"https:\/\/blog.erm.ee\/wp-content\/uploads\/2019\/10\/pilt-9-1.jpg","type":"image\/jpeg"}],"author":"Eesti Rahva Muuseum","twitter_card":"summary_large_image","twitter_misc":{"Written by":"Eesti Rahva Muuseum","Est. reading time":"3 minutit"},"schema":{"@context":"https:\/\/schema.org","@graph":[{"@type":"Article","@id":"https:\/\/blog.erm.ee\/?p=13050#article","isPartOf":{"@id":"https:\/\/blog.erm.ee\/?p=13050"},"author":{"name":"Eesti Rahva Muuseum","@id":"https:\/\/blog.erm.ee\/#\/schema\/person\/6e98c391cb00a33e7c22a3571e062114"},"headline":"Soome-ugri kultuur sotsiaalmeedias","datePublished":"2019-10-24T06:15:39+00:00","dateModified":"2019-10-24T06:34:22+00:00","mainEntityOfPage":{"@id":"https:\/\/blog.erm.ee\/?p=13050"},"wordCount":647,"commentCount":0,"image":{"@id":"https:\/\/blog.erm.ee\/?p=13050#primaryimage"},"thumbnailUrl":"https:\/\/blog.erm.ee\/wp-content\/uploads\/2019\/10\/pilt-9-1.jpg","articleSection":["Soome-ugri"],"inLanguage":"et","potentialAction":[{"@type":"CommentAction","name":"Comment","target":["https:\/\/blog.erm.ee\/?p=13050#respond"]}]},{"@type":"WebPage","@id":"https:\/\/blog.erm.ee\/?p=13050","url":"https:\/\/blog.erm.ee\/?p=13050","name":"Soome-ugri kultuur sotsiaalmeedias - Eesti Rahva Muuseumi ajaveeb","isPartOf":{"@id":"https:\/\/blog.erm.ee\/#website"},"primaryImageOfPage":{"@id":"https:\/\/blog.erm.ee\/?p=13050#primaryimage"},"image":{"@id":"https:\/\/blog.erm.ee\/?p=13050#primaryimage"},"thumbnailUrl":"https:\/\/blog.erm.ee\/wp-content\/uploads\/2019\/10\/pilt-9-1.jpg","datePublished":"2019-10-24T06:15:39+00:00","dateModified":"2019-10-24T06:34:22+00:00","author":{"@id":"https:\/\/blog.erm.ee\/#\/schema\/person\/6e98c391cb00a33e7c22a3571e062114"},"breadcrumb":{"@id":"https:\/\/blog.erm.ee\/?p=13050#breadcrumb"},"inLanguage":"et","potentialAction":[{"@type":"ReadAction","target":["https:\/\/blog.erm.ee\/?p=13050"]}]},{"@type":"ImageObject","inLanguage":"et","@id":"https:\/\/blog.erm.ee\/?p=13050#primaryimage","url":"https:\/\/blog.erm.ee\/wp-content\/uploads\/2019\/10\/pilt-9-1.jpg","contentUrl":"https:\/\/blog.erm.ee\/wp-content\/uploads\/2019\/10\/pilt-9-1.jpg","width":658,"height":709},{"@type":"BreadcrumbList","@id":"https:\/\/blog.erm.ee\/?p=13050#breadcrumb","itemListElement":[{"@type":"ListItem","position":1,"name":"Home","item":"https:\/\/blog.erm.ee\/"},{"@type":"ListItem","position":2,"name":"Soome-ugri kultuur sotsiaalmeedias"}]},{"@type":"WebSite","@id":"https:\/\/blog.erm.ee\/#website","url":"https:\/\/blog.erm.ee\/","name":"Eesti Rahva Muuseumi ajaveeb","description":"","potentialAction":[{"@type":"SearchAction","target":{"@type":"EntryPoint","urlTemplate":"https:\/\/blog.erm.ee\/?s={search_term_string}"},"query-input":{"@type":"PropertyValueSpecification","valueRequired":true,"valueName":"search_term_string"}}],"inLanguage":"et"},{"@type":"Person","@id":"https:\/\/blog.erm.ee\/#\/schema\/person\/6e98c391cb00a33e7c22a3571e062114","name":"Eesti Rahva Muuseum","image":{"@type":"ImageObject","inLanguage":"et","@id":"https:\/\/secure.gravatar.com\/avatar\/cb6d9ad5fb49f3f7315028ce5fe60641075f2cb52b8a058ff5a985fa2d8c1da0?s=96&d=mm&r=g","url":"https:\/\/secure.gravatar.com\/avatar\/cb6d9ad5fb49f3f7315028ce5fe60641075f2cb52b8a058ff5a985fa2d8c1da0?s=96&d=mm&r=g","contentUrl":"https:\/\/secure.gravatar.com\/avatar\/cb6d9ad5fb49f3f7315028ce5fe60641075f2cb52b8a058ff5a985fa2d8c1da0?s=96&d=mm&r=g","caption":"Eesti Rahva Muuseum"},"sameAs":["http:\/\/www.erm.ee"],"url":"https:\/\/blog.erm.ee\/?author=1"}]}},"jetpack_featured_media_url":"https:\/\/blog.erm.ee\/wp-content\/uploads\/2019\/10\/pilt-9-1.jpg","jetpack_shortlink":"https:\/\/wp.me\/p2l9Zd-3ou","jetpack_sharing_enabled":true,"jetpack_likes_enabled":true,"_links":{"self":[{"href":"https:\/\/blog.erm.ee\/index.php?rest_route=\/wp\/v2\/posts\/13050","targetHints":{"allow":["GET"]}}],"collection":[{"href":"https:\/\/blog.erm.ee\/index.php?rest_route=\/wp\/v2\/posts"}],"about":[{"href":"https:\/\/blog.erm.ee\/index.php?rest_route=\/wp\/v2\/types\/post"}],"author":[{"embeddable":true,"href":"https:\/\/blog.erm.ee\/index.php?rest_route=\/wp\/v2\/users\/1"}],"replies":[{"embeddable":true,"href":"https:\/\/blog.erm.ee\/index.php?rest_route=%2Fwp%2Fv2%2Fcomments&post=13050"}],"version-history":[{"count":6,"href":"https:\/\/blog.erm.ee\/index.php?rest_route=\/wp\/v2\/posts\/13050\/revisions"}],"predecessor-version":[{"id":13072,"href":"https:\/\/blog.erm.ee\/index.php?rest_route=\/wp\/v2\/posts\/13050\/revisions\/13072"}],"wp:featuredmedia":[{"embeddable":true,"href":"https:\/\/blog.erm.ee\/index.php?rest_route=\/wp\/v2\/media\/13073"}],"wp:attachment":[{"href":"https:\/\/blog.erm.ee\/index.php?rest_route=%2Fwp%2Fv2%2Fmedia&parent=13050"}],"wp:term":[{"taxonomy":"category","embeddable":true,"href":"https:\/\/blog.erm.ee\/index.php?rest_route=%2Fwp%2Fv2%2Fcategories&post=13050"},{"taxonomy":"post_tag","embeddable":true,"href":"https:\/\/blog.erm.ee\/index.php?rest_route=%2Fwp%2Fv2%2Ftags&post=13050"}],"curies":[{"name":"wp","href":"https:\/\/api.w.org\/{rel}","templated":true}]}}