{"id":12705,"date":"2019-08-01T09:14:46","date_gmt":"2019-08-01T06:14:46","guid":{"rendered":"https:\/\/blog.erm.ee\/?p=12705"},"modified":"2019-08-01T09:11:36","modified_gmt":"2019-08-01T06:11:36","slug":"anton-priimae-klaasnegatiivid","status":"publish","type":"post","link":"https:\/\/blog.erm.ee\/?p=12705","title":{"rendered":"Anton Priim\u00e4e klaasnegatiivid"},"content":{"rendered":"<div class=\"fcbkbttn_buttons_block\" id=\"fcbkbttn_left\"><div class=\"fcbkbttn_like \"><fb:like href=\"https:\/\/blog.erm.ee\/?p=12705\" action=\"like\" colorscheme=\"light\" layout=\"standard\"  width=\"225px\" size=\"small\"><\/fb:like><\/div><div class=\"fb-share-button  \" data-href=\"https:\/\/blog.erm.ee\/?p=12705\" data-type=\"button\" data-size=\"small\"><\/div><\/div><p style=\"text-align: justify;\"><em>Kogude osakonna videoblogi<br \/>\nTekst: Kairi Kaelep, fotokogu arhivaar<\/em><br \/>\n<em>Video ja montaa\u017e: Ange Nimeta, vanemkoguhoidja<\/em><\/p>\n<p style=\"text-align: justify;\">Selle aasta kevadel v\u00f5ttis Eesti Rahva Muuseumiga \u00fchendust tartlane Tarmo Annok, kelle valdusesse oli umbes 15 aastat tagasi j\u00f5udnud Karksi-Nuiast suurem kogus klaasnegatiive, mille autoriks sealne k\u00f6ster-kooli\u00f5petaja Anton Priim\u00e4gi (snd 20.02.1880, surn 1939), ja kes oli n\u00f5us need muuseumile loovutama. ERMile pakkus loomulikult selline kollektsioon huvi. Peagi sai muuseumi peavarahoidja kontakti pildimeistri lapselapsega. Selgus, et Anton Priim\u00e4e negatiive on perekonna valduses veelgi ja et neid on liikunud ka teiste eraisikute k\u00e4tte. ERMil on fotograafi lapselapsega kokkulepe, et ka \u00fclej\u00e4\u00e4nud pere valduses olevad negatiivid j\u00f5uavad ERMi.<\/p>\n<p style=\"text-align: justify;\">Esialgu negatiivide kohta eriti palju infot ei ole, suurem t\u00f6\u00f6 selles vallas seisab alles ees. Loodetavasti \u00f5nnestub perekonna, kohalike elanike ja teiste ajaloohuviliste abiga t\u00e4psustada negatiividele j\u00e4\u00e4dvustatud kohti, inimesi ja s\u00fcndmusi.<\/p>\n<p style=\"text-align: justify;\">Anton Priim\u00e4gi olla olnud edumeelne ja moodsate vaadetega mees, tema fotoateljee asus keset Karksi-Nuiat. Antoni isa Margus Priim\u00e4gi oli samuti \u00f5igeusu k\u00f6ster-kooli\u00f5petaja. 1906. aastal abiellus Anton Priim\u00e4gi Elisabethiga ja neil s\u00fcndis neli last. Anton Priim\u00e4gi pildistas Karksi-Nuias ja Pollis aastatel 1928-1939, tema vend Juhan Priim\u00e4gi oli j\u00e4tkanud kohaliku elu j\u00e4\u00e4dvustamist.<\/p>\n<p style=\"text-align: justify;\">ERMi j\u00f5udnud negatiivide seisukord polnud pehmelt \u00f6eldes k\u00f5ige parem. Kas p\u00f6\u00f6ningul v\u00f5i kuuris aastak\u00fcmneid seisnud klaas oli ilma \u00fcmbristeta karpides, karpide kaaned lagunenud, osa negatiive \u00fcldse lahtiselt, \u00fcksteise vastu h\u00f5\u00f5rdumas, korduvalt huviliste poolt l\u00e4bisorteeritud, tolm, heinapuru ja k\u00e4rbsemustus vahel ja peal. Konservaator Karoliine Korol puhastas ja pakendas negatiivid ning need j\u00f5udsid digiteerimisele. Esimesest sajast \u201etaas ilmutatud\u201c negatiivist tehtud valik on teie ees. Vaadake ja otsustage ise\u2026<\/p>\n<p style=\"text-align: justify;\">Kuigi klaasile pildistamine on j\u00e4\u00e4nud kaugele minevikku, j\u00f5uab igal aastal muuseumisse v\u00e4iksemaid v\u00f5i suuremaid klaasnegatiivide kollektsioone. Taas on \u00fcks k\u00fclafotograaf oma kollektsiooniga ERMi fotokogu esindamas ja \u00fcks valge laiguke j\u00e4lle kaetud. N\u00e4iteid varasematest \u00fclevaadetest on k\u00fcllaga, v\u00f5tame kasv\u00f5i Jakob Bockmanni Amblat ja selle \u00fcmbrust kajastava fotoseeria v\u00f5i Oskar Kivisilla T\u00e4\u00e4ksi klaasnegatiivide kogu v\u00f5i Oskar T\u00f5rva Pala k\u00fcla j\u00e4\u00e4dvustused. On tore, kui sellised kogud muuseumisse j\u00f5uavad ja loodetavasti \u00f5nnestub need fotod legendeerida, kui k\u00f5ik negatiivid digiteeritud saavad.<\/p>\n<p><iframe loading=\"lazy\" src=\"https:\/\/www.youtube.com\/embed\/bTLByvvHqUI\" width=\"560\" height=\"315\" frameborder=\"0\" allowfullscreen=\"allowfullscreen\"><\/iframe><\/p>\n<h3>Pikem videolugu klaasnegatiivide puhastamisest<\/h3>\n<p><iframe loading=\"lazy\" src=\"https:\/\/www.youtube.com\/embed\/xL4Kti5Ioxw\" width=\"560\" height=\"315\" frameborder=\"0\" allowfullscreen=\"allowfullscreen\"><\/iframe><\/p>\n<div class=\"fcbkbttn_buttons_block\" id=\"fcbkbttn_left\"><div class=\"fcbkbttn_like \"><fb:like href=\"https:\/\/blog.erm.ee\/?p=12705\" action=\"like\" colorscheme=\"light\" layout=\"standard\"  width=\"225px\" size=\"small\"><\/fb:like><\/div><div class=\"fb-share-button  \" data-href=\"https:\/\/blog.erm.ee\/?p=12705\" data-type=\"button\" data-size=\"small\"><\/div><\/div>","protected":false},"excerpt":{"rendered":"<p>Kogude osakonna videoblogi Tekst: Kairi Kaelep, fotokogu arhivaar Video ja montaa\u017e: Ange Nimeta, vanemkoguhoidja Selle aasta kevadel v\u00f5ttis Eesti Rahva Muuseumiga \u00fchendust tartlane Tarmo Annok, kelle valdusesse oli umbes 15 aastat tagasi j\u00f5udnud Karksi-Nuiast suurem kogus klaasnegatiive, mille autoriks sealne k\u00f6ster-kooli\u00f5petaja Anton Priim\u00e4gi (snd 20.02.1880, surn 1939), ja kes oli n\u00f5us need muuseumile loovutama. ERMile&hellip;<\/p>\n","protected":false},"author":1,"featured_media":12706,"comment_status":"open","ping_status":"open","sticky":false,"template":"","format":"standard","meta":{"_monsterinsights_skip_tracking":false,"_monsterinsights_sitenote_active":false,"_monsterinsights_sitenote_note":"","_monsterinsights_sitenote_category":0,"jetpack_post_was_ever_published":false,"_jetpack_newsletter_access":"","_jetpack_dont_email_post_to_subs":false,"_jetpack_newsletter_tier_id":0,"_jetpack_memberships_contains_paywalled_content":false,"_jetpack_memberships_contains_paid_content":false,"footnotes":""},"categories":[6,33,9],"tags":[],"class_list":["post-12705","post","type-post","status-publish","format-standard","has-post-thumbnail","hentry","category-foto","category-kogude-osakonna-videoblogi","category-konserveerimine"],"yoast_head":"<!-- This site is optimized with the Yoast SEO plugin v27.5 - https:\/\/yoast.com\/product\/yoast-seo-wordpress\/ -->\n<title>Anton Priim\u00e4e klaasnegatiivid - Eesti Rahva Muuseumi ajaveeb<\/title>\n<meta name=\"robots\" content=\"index, follow, max-snippet:-1, max-image-preview:large, max-video-preview:-1\" \/>\n<link rel=\"canonical\" href=\"https:\/\/blog.erm.ee\/?p=12705\" \/>\n<meta property=\"og:locale\" content=\"et_EE\" \/>\n<meta property=\"og:type\" content=\"article\" \/>\n<meta property=\"og:title\" content=\"Anton Priim\u00e4e klaasnegatiivid - Eesti Rahva Muuseumi ajaveeb\" \/>\n<meta property=\"og:description\" content=\"Kogude osakonna videoblogi Tekst: Kairi Kaelep, fotokogu arhivaar Video ja montaa\u017e: Ange Nimeta, vanemkoguhoidja Selle aasta kevadel v\u00f5ttis Eesti Rahva Muuseumiga \u00fchendust tartlane Tarmo Annok, kelle valdusesse oli umbes 15 aastat tagasi j\u00f5udnud Karksi-Nuiast suurem kogus klaasnegatiive, mille autoriks sealne k\u00f6ster-kooli\u00f5petaja Anton Priim\u00e4gi (snd 20.02.1880, surn 1939), ja kes oli n\u00f5us need muuseumile loovutama. ERMile&hellip;\" \/>\n<meta property=\"og:url\" content=\"https:\/\/blog.erm.ee\/?p=12705\" \/>\n<meta property=\"og:site_name\" content=\"Eesti Rahva Muuseumi ajaveeb\" \/>\n<meta property=\"article:published_time\" content=\"2019-08-01T06:14:46+00:00\" \/>\n<meta property=\"og:image\" content=\"https:\/\/blog.erm.ee\/wp-content\/uploads\/2019\/06\/Priim\u00e4gi.png\" \/>\n\t<meta property=\"og:image:width\" content=\"1495\" \/>\n\t<meta property=\"og:image:height\" content=\"883\" \/>\n\t<meta property=\"og:image:type\" content=\"image\/png\" \/>\n<meta name=\"author\" content=\"Eesti Rahva Muuseum\" \/>\n<meta name=\"twitter:card\" content=\"summary_large_image\" \/>\n<meta name=\"twitter:label1\" content=\"Written by\" \/>\n\t<meta name=\"twitter:data1\" content=\"Eesti Rahva Muuseum\" \/>\n\t<meta name=\"twitter:label2\" content=\"Est. reading time\" \/>\n\t<meta name=\"twitter:data2\" content=\"2 minutit\" \/>\n<script type=\"application\/ld+json\" class=\"yoast-schema-graph\">{\"@context\":\"https:\\\/\\\/schema.org\",\"@graph\":[{\"@type\":\"Article\",\"@id\":\"https:\\\/\\\/blog.erm.ee\\\/?p=12705#article\",\"isPartOf\":{\"@id\":\"https:\\\/\\\/blog.erm.ee\\\/?p=12705\"},\"author\":{\"name\":\"Eesti Rahva Muuseum\",\"@id\":\"https:\\\/\\\/blog.erm.ee\\\/#\\\/schema\\\/person\\\/6e98c391cb00a33e7c22a3571e062114\"},\"headline\":\"Anton Priim\u00e4e klaasnegatiivid\",\"datePublished\":\"2019-08-01T06:14:46+00:00\",\"mainEntityOfPage\":{\"@id\":\"https:\\\/\\\/blog.erm.ee\\\/?p=12705\"},\"wordCount\":376,\"commentCount\":0,\"image\":{\"@id\":\"https:\\\/\\\/blog.erm.ee\\\/?p=12705#primaryimage\"},\"thumbnailUrl\":\"https:\\\/\\\/blog.erm.ee\\\/wp-content\\\/uploads\\\/2019\\\/06\\\/Priim\u00e4gi.png\",\"articleSection\":[\"Foto\",\"Kogude osakonna videoblogi\",\"Konserveerimine\"],\"inLanguage\":\"et\",\"potentialAction\":[{\"@type\":\"CommentAction\",\"name\":\"Comment\",\"target\":[\"https:\\\/\\\/blog.erm.ee\\\/?p=12705#respond\"]}]},{\"@type\":\"WebPage\",\"@id\":\"https:\\\/\\\/blog.erm.ee\\\/?p=12705\",\"url\":\"https:\\\/\\\/blog.erm.ee\\\/?p=12705\",\"name\":\"Anton Priim\u00e4e klaasnegatiivid - Eesti Rahva Muuseumi ajaveeb\",\"isPartOf\":{\"@id\":\"https:\\\/\\\/blog.erm.ee\\\/#website\"},\"primaryImageOfPage\":{\"@id\":\"https:\\\/\\\/blog.erm.ee\\\/?p=12705#primaryimage\"},\"image\":{\"@id\":\"https:\\\/\\\/blog.erm.ee\\\/?p=12705#primaryimage\"},\"thumbnailUrl\":\"https:\\\/\\\/blog.erm.ee\\\/wp-content\\\/uploads\\\/2019\\\/06\\\/Priim\u00e4gi.png\",\"datePublished\":\"2019-08-01T06:14:46+00:00\",\"author\":{\"@id\":\"https:\\\/\\\/blog.erm.ee\\\/#\\\/schema\\\/person\\\/6e98c391cb00a33e7c22a3571e062114\"},\"breadcrumb\":{\"@id\":\"https:\\\/\\\/blog.erm.ee\\\/?p=12705#breadcrumb\"},\"inLanguage\":\"et\",\"potentialAction\":[{\"@type\":\"ReadAction\",\"target\":[\"https:\\\/\\\/blog.erm.ee\\\/?p=12705\"]}]},{\"@type\":\"ImageObject\",\"inLanguage\":\"et\",\"@id\":\"https:\\\/\\\/blog.erm.ee\\\/?p=12705#primaryimage\",\"url\":\"https:\\\/\\\/blog.erm.ee\\\/wp-content\\\/uploads\\\/2019\\\/06\\\/Priim\u00e4gi.png\",\"contentUrl\":\"https:\\\/\\\/blog.erm.ee\\\/wp-content\\\/uploads\\\/2019\\\/06\\\/Priim\u00e4gi.png\",\"width\":1495,\"height\":883},{\"@type\":\"BreadcrumbList\",\"@id\":\"https:\\\/\\\/blog.erm.ee\\\/?p=12705#breadcrumb\",\"itemListElement\":[{\"@type\":\"ListItem\",\"position\":1,\"name\":\"Home\",\"item\":\"https:\\\/\\\/blog.erm.ee\\\/\"},{\"@type\":\"ListItem\",\"position\":2,\"name\":\"Anton Priim\u00e4e klaasnegatiivid\"}]},{\"@type\":\"WebSite\",\"@id\":\"https:\\\/\\\/blog.erm.ee\\\/#website\",\"url\":\"https:\\\/\\\/blog.erm.ee\\\/\",\"name\":\"Eesti Rahva Muuseumi ajaveeb\",\"description\":\"\",\"potentialAction\":[{\"@type\":\"SearchAction\",\"target\":{\"@type\":\"EntryPoint\",\"urlTemplate\":\"https:\\\/\\\/blog.erm.ee\\\/?s={search_term_string}\"},\"query-input\":{\"@type\":\"PropertyValueSpecification\",\"valueRequired\":true,\"valueName\":\"search_term_string\"}}],\"inLanguage\":\"et\"},{\"@type\":\"Person\",\"@id\":\"https:\\\/\\\/blog.erm.ee\\\/#\\\/schema\\\/person\\\/6e98c391cb00a33e7c22a3571e062114\",\"name\":\"Eesti Rahva Muuseum\",\"image\":{\"@type\":\"ImageObject\",\"inLanguage\":\"et\",\"@id\":\"https:\\\/\\\/secure.gravatar.com\\\/avatar\\\/cb6d9ad5fb49f3f7315028ce5fe60641075f2cb52b8a058ff5a985fa2d8c1da0?s=96&d=mm&r=g\",\"url\":\"https:\\\/\\\/secure.gravatar.com\\\/avatar\\\/cb6d9ad5fb49f3f7315028ce5fe60641075f2cb52b8a058ff5a985fa2d8c1da0?s=96&d=mm&r=g\",\"contentUrl\":\"https:\\\/\\\/secure.gravatar.com\\\/avatar\\\/cb6d9ad5fb49f3f7315028ce5fe60641075f2cb52b8a058ff5a985fa2d8c1da0?s=96&d=mm&r=g\",\"caption\":\"Eesti Rahva Muuseum\"},\"sameAs\":[\"http:\\\/\\\/www.erm.ee\"],\"url\":\"https:\\\/\\\/blog.erm.ee\\\/?author=1\"}]}<\/script>\n<!-- \/ Yoast SEO plugin. -->","yoast_head_json":{"title":"Anton Priim\u00e4e klaasnegatiivid - Eesti Rahva Muuseumi ajaveeb","robots":{"index":"index","follow":"follow","max-snippet":"max-snippet:-1","max-image-preview":"max-image-preview:large","max-video-preview":"max-video-preview:-1"},"canonical":"https:\/\/blog.erm.ee\/?p=12705","og_locale":"et_EE","og_type":"article","og_title":"Anton Priim\u00e4e klaasnegatiivid - Eesti Rahva Muuseumi ajaveeb","og_description":"Kogude osakonna videoblogi Tekst: Kairi Kaelep, fotokogu arhivaar Video ja montaa\u017e: Ange Nimeta, vanemkoguhoidja Selle aasta kevadel v\u00f5ttis Eesti Rahva Muuseumiga \u00fchendust tartlane Tarmo Annok, kelle valdusesse oli umbes 15 aastat tagasi j\u00f5udnud Karksi-Nuiast suurem kogus klaasnegatiive, mille autoriks sealne k\u00f6ster-kooli\u00f5petaja Anton Priim\u00e4gi (snd 20.02.1880, surn 1939), ja kes oli n\u00f5us need muuseumile loovutama. ERMile&hellip;","og_url":"https:\/\/blog.erm.ee\/?p=12705","og_site_name":"Eesti Rahva Muuseumi ajaveeb","article_published_time":"2019-08-01T06:14:46+00:00","og_image":[{"width":1495,"height":883,"url":"https:\/\/blog.erm.ee\/wp-content\/uploads\/2019\/06\/Priim\u00e4gi.png","type":"image\/png"}],"author":"Eesti Rahva Muuseum","twitter_card":"summary_large_image","twitter_misc":{"Written by":"Eesti Rahva Muuseum","Est. reading time":"2 minutit"},"schema":{"@context":"https:\/\/schema.org","@graph":[{"@type":"Article","@id":"https:\/\/blog.erm.ee\/?p=12705#article","isPartOf":{"@id":"https:\/\/blog.erm.ee\/?p=12705"},"author":{"name":"Eesti Rahva Muuseum","@id":"https:\/\/blog.erm.ee\/#\/schema\/person\/6e98c391cb00a33e7c22a3571e062114"},"headline":"Anton Priim\u00e4e klaasnegatiivid","datePublished":"2019-08-01T06:14:46+00:00","mainEntityOfPage":{"@id":"https:\/\/blog.erm.ee\/?p=12705"},"wordCount":376,"commentCount":0,"image":{"@id":"https:\/\/blog.erm.ee\/?p=12705#primaryimage"},"thumbnailUrl":"https:\/\/blog.erm.ee\/wp-content\/uploads\/2019\/06\/Priim\u00e4gi.png","articleSection":["Foto","Kogude osakonna videoblogi","Konserveerimine"],"inLanguage":"et","potentialAction":[{"@type":"CommentAction","name":"Comment","target":["https:\/\/blog.erm.ee\/?p=12705#respond"]}]},{"@type":"WebPage","@id":"https:\/\/blog.erm.ee\/?p=12705","url":"https:\/\/blog.erm.ee\/?p=12705","name":"Anton Priim\u00e4e klaasnegatiivid - Eesti Rahva Muuseumi ajaveeb","isPartOf":{"@id":"https:\/\/blog.erm.ee\/#website"},"primaryImageOfPage":{"@id":"https:\/\/blog.erm.ee\/?p=12705#primaryimage"},"image":{"@id":"https:\/\/blog.erm.ee\/?p=12705#primaryimage"},"thumbnailUrl":"https:\/\/blog.erm.ee\/wp-content\/uploads\/2019\/06\/Priim\u00e4gi.png","datePublished":"2019-08-01T06:14:46+00:00","author":{"@id":"https:\/\/blog.erm.ee\/#\/schema\/person\/6e98c391cb00a33e7c22a3571e062114"},"breadcrumb":{"@id":"https:\/\/blog.erm.ee\/?p=12705#breadcrumb"},"inLanguage":"et","potentialAction":[{"@type":"ReadAction","target":["https:\/\/blog.erm.ee\/?p=12705"]}]},{"@type":"ImageObject","inLanguage":"et","@id":"https:\/\/blog.erm.ee\/?p=12705#primaryimage","url":"https:\/\/blog.erm.ee\/wp-content\/uploads\/2019\/06\/Priim\u00e4gi.png","contentUrl":"https:\/\/blog.erm.ee\/wp-content\/uploads\/2019\/06\/Priim\u00e4gi.png","width":1495,"height":883},{"@type":"BreadcrumbList","@id":"https:\/\/blog.erm.ee\/?p=12705#breadcrumb","itemListElement":[{"@type":"ListItem","position":1,"name":"Home","item":"https:\/\/blog.erm.ee\/"},{"@type":"ListItem","position":2,"name":"Anton Priim\u00e4e klaasnegatiivid"}]},{"@type":"WebSite","@id":"https:\/\/blog.erm.ee\/#website","url":"https:\/\/blog.erm.ee\/","name":"Eesti Rahva Muuseumi ajaveeb","description":"","potentialAction":[{"@type":"SearchAction","target":{"@type":"EntryPoint","urlTemplate":"https:\/\/blog.erm.ee\/?s={search_term_string}"},"query-input":{"@type":"PropertyValueSpecification","valueRequired":true,"valueName":"search_term_string"}}],"inLanguage":"et"},{"@type":"Person","@id":"https:\/\/blog.erm.ee\/#\/schema\/person\/6e98c391cb00a33e7c22a3571e062114","name":"Eesti Rahva Muuseum","image":{"@type":"ImageObject","inLanguage":"et","@id":"https:\/\/secure.gravatar.com\/avatar\/cb6d9ad5fb49f3f7315028ce5fe60641075f2cb52b8a058ff5a985fa2d8c1da0?s=96&d=mm&r=g","url":"https:\/\/secure.gravatar.com\/avatar\/cb6d9ad5fb49f3f7315028ce5fe60641075f2cb52b8a058ff5a985fa2d8c1da0?s=96&d=mm&r=g","contentUrl":"https:\/\/secure.gravatar.com\/avatar\/cb6d9ad5fb49f3f7315028ce5fe60641075f2cb52b8a058ff5a985fa2d8c1da0?s=96&d=mm&r=g","caption":"Eesti Rahva Muuseum"},"sameAs":["http:\/\/www.erm.ee"],"url":"https:\/\/blog.erm.ee\/?author=1"}]}},"jetpack_featured_media_url":"https:\/\/blog.erm.ee\/wp-content\/uploads\/2019\/06\/Priim\u00e4gi.png","jetpack_shortlink":"https:\/\/wp.me\/p2l9Zd-3iV","jetpack_sharing_enabled":true,"jetpack_likes_enabled":true,"_links":{"self":[{"href":"https:\/\/blog.erm.ee\/index.php?rest_route=\/wp\/v2\/posts\/12705","targetHints":{"allow":["GET"]}}],"collection":[{"href":"https:\/\/blog.erm.ee\/index.php?rest_route=\/wp\/v2\/posts"}],"about":[{"href":"https:\/\/blog.erm.ee\/index.php?rest_route=\/wp\/v2\/types\/post"}],"author":[{"embeddable":true,"href":"https:\/\/blog.erm.ee\/index.php?rest_route=\/wp\/v2\/users\/1"}],"replies":[{"embeddable":true,"href":"https:\/\/blog.erm.ee\/index.php?rest_route=%2Fwp%2Fv2%2Fcomments&post=12705"}],"version-history":[{"count":3,"href":"https:\/\/blog.erm.ee\/index.php?rest_route=\/wp\/v2\/posts\/12705\/revisions"}],"predecessor-version":[{"id":12776,"href":"https:\/\/blog.erm.ee\/index.php?rest_route=\/wp\/v2\/posts\/12705\/revisions\/12776"}],"wp:featuredmedia":[{"embeddable":true,"href":"https:\/\/blog.erm.ee\/index.php?rest_route=\/wp\/v2\/media\/12706"}],"wp:attachment":[{"href":"https:\/\/blog.erm.ee\/index.php?rest_route=%2Fwp%2Fv2%2Fmedia&parent=12705"}],"wp:term":[{"taxonomy":"category","embeddable":true,"href":"https:\/\/blog.erm.ee\/index.php?rest_route=%2Fwp%2Fv2%2Fcategories&post=12705"},{"taxonomy":"post_tag","embeddable":true,"href":"https:\/\/blog.erm.ee\/index.php?rest_route=%2Fwp%2Fv2%2Ftags&post=12705"}],"curies":[{"name":"wp","href":"https:\/\/api.w.org\/{rel}","templated":true}]}}