{"id":12652,"date":"2019-06-20T15:00:06","date_gmt":"2019-06-20T12:00:06","guid":{"rendered":"https:\/\/blog.erm.ee\/?p=12652"},"modified":"2019-06-20T09:51:04","modified_gmt":"2019-06-20T06:51:04","slug":"minu-kihelkond","status":"publish","type":"post","link":"https:\/\/blog.erm.ee\/?p=12652","title":{"rendered":"Minu kihelkond"},"content":{"rendered":"<div class=\"fcbkbttn_buttons_block\" id=\"fcbkbttn_left\"><div class=\"fcbkbttn_like \"><fb:like href=\"https:\/\/blog.erm.ee\/?p=12652\" action=\"like\" colorscheme=\"light\" layout=\"standard\"  width=\"225px\" size=\"small\"><\/fb:like><\/div><div class=\"fb-share-button  \" data-href=\"https:\/\/blog.erm.ee\/?p=12652\" data-type=\"button\" data-size=\"small\"><\/div><\/div><p style=\"text-align: justify;\"><em>Tiina Tael, ERMi peaarhivaar<\/em><\/p>\n<p style=\"text-align: justify;\">Eesti Rahva Muuseumi algatatud kihelkonnapiiride t\u00e4histamise suurprojekt on j\u00f5udnud l\u00f5pule, k\u00f5ikidele Eesti maanteedele ja k\u00f5rvalteedele on p\u00fcstitatud kihelkonnasildid, mis juhatavad teel kulgeja \u00fchest kihelkonnast teise. K\u00fcmme aastat v\u00e4ldanud teekonnal olin idee algatusgrupis, osalesin Regio poolt v\u00e4lja antud kihelkonnakaardi koostamisel, abistasin head kolleegi Reet Piirit k\u00f5iki kihelkondi kajastava rahvar\u00f5ivan\u00e4ituse mannekeenide riietamisel, r\u00e4\u00e4kisin kihelkondade p\u00e4randist kihelkondades, kirjutasin blogilugusid ning olin viimasel viiel aastal selle projekti vedurijuhiks, et ka k\u00f5ik L\u00f5una-Eesti tugi- ja k\u00f5rvalteed saaksid piirit\u00e4hised.<\/p>\n<p style=\"text-align: justify;\">T\u00e4na, 20. juunil j\u00f5uab see teekond l\u00f5ppjaama Juula k\u00fclas, kus avame viimased kihelkonnaviidad. \u00dche teekonna l\u00f5pp on aga teise algus: ERM kutsub k\u00f5iki osalema <strong><a href=\"https:\/\/www.erm.ee\/et\/content\/fotokonkurss-minu-kihelkond\">fotokonkusril \u201eMinu kihelkond\u201c<\/a><\/strong>, kuhu on oodatud fotod, mis kajastavad kihelkonnaelu kaasajal nii pidu- kui ka argip\u00e4eval, nii suvel kui ka talvel ning peegeldavad kihelkonna ise\u00e4rasusi. Olete kasutanud v\u00f5i m\u00e4rganud kodukihelkonna v\u00e4rve ja s\u00fcmboolikat? Kui olete valmistanud endale rahvar\u00f5ivad, siis oleks teretulnud ka pildid nende valmistamisest. Osalete laulupeotule teekonnal v\u00f5i laulupeol, saate osa kihelkondlikest \u00fcritustest, lustite k\u00fclasimmanil, viibite kihelkonnakiriku leeritalitusel, olete v\u00e4rvinud v\u00f5i parasjagu v\u00e4rvimas aiaplanku kihelkonnav\u00e4rvidesse, m\u00e4rkate kihelkonnamustrites bussijaamasid v\u00f5i kuulutustetulpasid, koote k\u00e4pikuisse kihelkonnamustreid, valmistate teie kodukoha traditsioonilisi roogasid, taastate midagi p\u00e4randkultuurist jne. Need on vaid m\u00f5ned viited, mis juhivad kihelkonnaradadele.<\/p>\n<p style=\"text-align: justify;\">Milline on minu kihelkond, seda tunneb iga\u00fcks oma s\u00fcdames. Eks minulgi linnainimesena on m\u00f5tlemist. Olles 35 aastat elanud v\u00f5i t\u00f6\u00f6tanud Tartu-Maarja kiriku vahetus naabruses, pean Tartu-Maarjat \u00fcheks oma kihelkonnaks. Juhtumisi avasime esimesed kihelkonnapiiride t\u00e4hised ERMi 100. s\u00fcnnip\u00e4eval 14. aprillil 2009 samuti Tartu-Maarja kihelkonna piiripunktis Luunja sillal. Pildile on j\u00e4\u00e4dvustatud kihelkonnapiiride algatusgrupp ERMi direktori Krista Aruga, kellel on seljas Tartu-Maarja kihelkonna rahvar\u00f5ivad.<\/p>\n<div id=\"attachment_12653\" style=\"width: 1610px\" class=\"wp-caption aligncenter\"><a href=\"https:\/\/blog.erm.ee\/wp-content\/uploads\/2019\/06\/302697_ERM_Fk_2928_329.jpg\"><img loading=\"lazy\" decoding=\"async\" aria-describedby=\"caption-attachment-12653\" data-attachment-id=\"12653\" data-permalink=\"https:\/\/blog.erm.ee\/?attachment_id=12653#main\" data-orig-file=\"https:\/\/blog.erm.ee\/wp-content\/uploads\/2019\/06\/302697_ERM_Fk_2928_329.jpg\" data-orig-size=\"1600,1071\" data-comments-opened=\"1\" data-image-meta=\"{&quot;aperture&quot;:&quot;0&quot;,&quot;credit&quot;:&quot;&quot;,&quot;camera&quot;:&quot;&quot;,&quot;caption&quot;:&quot;&quot;,&quot;created_timestamp&quot;:&quot;0&quot;,&quot;copyright&quot;:&quot;Arp Karm&quot;,&quot;focal_length&quot;:&quot;0&quot;,&quot;iso&quot;:&quot;0&quot;,&quot;shutter_speed&quot;:&quot;0&quot;,&quot;title&quot;:&quot;&quot;,&quot;orientation&quot;:&quot;0&quot;}\" data-image-title=\"302697_ERM_Fk_2928_329\" data-image-description=\"\" data-image-caption=\"\" data-large-file=\"https:\/\/blog.erm.ee\/wp-content\/uploads\/2019\/06\/302697_ERM_Fk_2928_329-1024x685.jpg\" class=\"wp-image-12653 size-full\" src=\"https:\/\/blog.erm.ee\/wp-content\/uploads\/2019\/06\/302697_ERM_Fk_2928_329.jpg\" alt=\"\" width=\"1600\" height=\"1071\" srcset=\"https:\/\/blog.erm.ee\/wp-content\/uploads\/2019\/06\/302697_ERM_Fk_2928_329.jpg 1600w, https:\/\/blog.erm.ee\/wp-content\/uploads\/2019\/06\/302697_ERM_Fk_2928_329-388x260.jpg 388w, https:\/\/blog.erm.ee\/wp-content\/uploads\/2019\/06\/302697_ERM_Fk_2928_329-300x201.jpg 300w, https:\/\/blog.erm.ee\/wp-content\/uploads\/2019\/06\/302697_ERM_Fk_2928_329-768x514.jpg 768w, https:\/\/blog.erm.ee\/wp-content\/uploads\/2019\/06\/302697_ERM_Fk_2928_329-1024x685.jpg 1024w\" sizes=\"auto, (max-width: 1600px) 100vw, 1600px\" \/><\/a><p id=\"caption-attachment-12653\" class=\"wp-caption-text\">Foto: Arp Karm, 2009. ERM Fk 2928:329<\/p><\/div>\n<p style=\"text-align: justify;\">Juured on mul aga hoopis V\u00e4ndra kihelkonnas, kus m\u00f6\u00f6dus mu lapsep\u00f5lv, H\u00e4\u00e4demeeste kihelkonnas, kust on p\u00e4rit mu ema ning Kuusalu kihelkonnas, kus on s\u00fcndinud isa, \u2013 k\u00f5iki neid pean oma kihelkonnaks ja natuke Rapla kihelkonda ka, sest sealsest kihelkonnakirikust 100 m kaugusel n\u00e4gin ilmavalgust ja 3 aastat kooliteest m\u00f6\u00f6dusid samuti Raplas.<\/p>\n<div id=\"attachment_12654\" style=\"width: 2602px\" class=\"wp-caption aligncenter\"><a href=\"https:\/\/blog.erm.ee\/wp-content\/uploads\/2019\/06\/tt-616.jpg\"><img loading=\"lazy\" decoding=\"async\" aria-describedby=\"caption-attachment-12654\" data-attachment-id=\"12654\" data-permalink=\"https:\/\/blog.erm.ee\/?attachment_id=12654#main\" data-orig-file=\"https:\/\/blog.erm.ee\/wp-content\/uploads\/2019\/06\/tt-616.jpg\" data-orig-size=\"2592,1944\" data-comments-opened=\"1\" data-image-meta=\"{&quot;aperture&quot;:&quot;4&quot;,&quot;credit&quot;:&quot;&quot;,&quot;camera&quot;:&quot;C55Z,C5500Z&quot;,&quot;caption&quot;:&quot;OLYMPUS DIGITAL CAMERA&quot;,&quot;created_timestamp&quot;:&quot;1251490431&quot;,&quot;copyright&quot;:&quot;&quot;,&quot;focal_length&quot;:&quot;7.9&quot;,&quot;iso&quot;:&quot;400&quot;,&quot;shutter_speed&quot;:&quot;0.002&quot;,&quot;title&quot;:&quot;OLYMPUS DIGITAL CAMERA&quot;,&quot;orientation&quot;:&quot;1&quot;}\" data-image-title=\"OLYMPUS DIGITAL CAMERA\" data-image-description=\"\" data-image-caption=\"&lt;p&gt;Rapla kihelkonnatriibustikuga t-s\u00e4rgiga olen j\u00e4\u00e4nud pildile V\u00f5rtsj\u00e4rvel 2009. Pilt on minu fotoaparaadiga tehtud, kuid pildistajat enam ei m\u00e4leta. Erakogu&lt;\/p&gt;\n\" data-large-file=\"https:\/\/blog.erm.ee\/wp-content\/uploads\/2019\/06\/tt-616-1024x768.jpg\" class=\"size-full wp-image-12654\" src=\"https:\/\/blog.erm.ee\/wp-content\/uploads\/2019\/06\/tt-616.jpg\" alt=\"\" width=\"2592\" height=\"1944\" srcset=\"https:\/\/blog.erm.ee\/wp-content\/uploads\/2019\/06\/tt-616.jpg 2592w, https:\/\/blog.erm.ee\/wp-content\/uploads\/2019\/06\/tt-616-347x260.jpg 347w, https:\/\/blog.erm.ee\/wp-content\/uploads\/2019\/06\/tt-616-300x225.jpg 300w, https:\/\/blog.erm.ee\/wp-content\/uploads\/2019\/06\/tt-616-768x576.jpg 768w, https:\/\/blog.erm.ee\/wp-content\/uploads\/2019\/06\/tt-616-1024x768.jpg 1024w\" sizes=\"auto, (max-width: 2592px) 100vw, 2592px\" \/><\/a><p id=\"caption-attachment-12654\" class=\"wp-caption-text\">Rapla kihelkonnatriibustikuga T-s\u00e4rgiga olen j\u00e4\u00e4nud pildile V\u00f5rtsj\u00e4rvel 2009. Pilt on minu fotoaparaadiga tehtud, kuid pildistajat enam ei m\u00e4leta. Foto: Erakogu<\/p><\/div>\n<div id=\"attachment_12655\" style=\"width: 1610px\" class=\"wp-caption aligncenter\"><a href=\"https:\/\/blog.erm.ee\/wp-content\/uploads\/2019\/06\/031294_ERM_Fk_2589_23.jpg\"><img loading=\"lazy\" decoding=\"async\" aria-describedby=\"caption-attachment-12655\" data-attachment-id=\"12655\" data-permalink=\"https:\/\/blog.erm.ee\/?attachment_id=12655#main\" data-orig-file=\"https:\/\/blog.erm.ee\/wp-content\/uploads\/2019\/06\/031294_ERM_Fk_2589_23.jpg\" data-orig-size=\"1600,1026\" data-comments-opened=\"1\" data-image-meta=\"{&quot;aperture&quot;:&quot;0&quot;,&quot;credit&quot;:&quot;&quot;,&quot;camera&quot;:&quot;&quot;,&quot;caption&quot;:&quot;&quot;,&quot;created_timestamp&quot;:&quot;0&quot;,&quot;copyright&quot;:&quot;&quot;,&quot;focal_length&quot;:&quot;0&quot;,&quot;iso&quot;:&quot;0&quot;,&quot;shutter_speed&quot;:&quot;0&quot;,&quot;title&quot;:&quot;&quot;,&quot;orientation&quot;:&quot;0&quot;}\" data-image-title=\"031294_ERM_Fk_2589_23\" data-image-description=\"\" data-image-caption=\"&lt;p&gt;H\u00e4\u00e4demeeste kihelkonna naise \u00fclikonnas poseerisin \u201eEstonian Folk costumes\u201c bro\u0161\u00fc\u00fcri tarvis. Foto: Arp Karm, 1997. ERM Fk 2589:23&lt;\/p&gt;\n\" data-large-file=\"https:\/\/blog.erm.ee\/wp-content\/uploads\/2019\/06\/031294_ERM_Fk_2589_23-1024x657.jpg\" class=\"size-full wp-image-12655\" src=\"https:\/\/blog.erm.ee\/wp-content\/uploads\/2019\/06\/031294_ERM_Fk_2589_23.jpg\" alt=\"\" width=\"1600\" height=\"1026\" srcset=\"https:\/\/blog.erm.ee\/wp-content\/uploads\/2019\/06\/031294_ERM_Fk_2589_23.jpg 1600w, https:\/\/blog.erm.ee\/wp-content\/uploads\/2019\/06\/031294_ERM_Fk_2589_23-405x260.jpg 405w, https:\/\/blog.erm.ee\/wp-content\/uploads\/2019\/06\/031294_ERM_Fk_2589_23-300x192.jpg 300w, https:\/\/blog.erm.ee\/wp-content\/uploads\/2019\/06\/031294_ERM_Fk_2589_23-768x492.jpg 768w, https:\/\/blog.erm.ee\/wp-content\/uploads\/2019\/06\/031294_ERM_Fk_2589_23-1024x657.jpg 1024w\" sizes=\"auto, (max-width: 1600px) 100vw, 1600px\" \/><\/a><p id=\"caption-attachment-12655\" class=\"wp-caption-text\">H\u00e4\u00e4demeeste kihelkonna naise \u00fclikonnas poseerisin \u201eEstonian Folk costumes\u201c bro\u0161\u00fc\u00fcri tarvis. Foto: Arp Karm, 1997. ERM Fk 2589:23<\/p><\/div>\n<div id=\"attachment_12656\" style=\"width: 1610px\" class=\"wp-caption aligncenter\"><a href=\"https:\/\/blog.erm.ee\/wp-content\/uploads\/2019\/06\/319320_ERM_Fk_2950_79.jpg\"><img loading=\"lazy\" decoding=\"async\" aria-describedby=\"caption-attachment-12656\" data-attachment-id=\"12656\" data-permalink=\"https:\/\/blog.erm.ee\/?attachment_id=12656#main\" data-orig-file=\"https:\/\/blog.erm.ee\/wp-content\/uploads\/2019\/06\/319320_ERM_Fk_2950_79.jpg\" data-orig-size=\"1600,1071\" data-comments-opened=\"1\" data-image-meta=\"{&quot;aperture&quot;:&quot;0&quot;,&quot;credit&quot;:&quot;&quot;,&quot;camera&quot;:&quot;&quot;,&quot;caption&quot;:&quot;&quot;,&quot;created_timestamp&quot;:&quot;0&quot;,&quot;copyright&quot;:&quot;Merylin Suve&quot;,&quot;focal_length&quot;:&quot;0&quot;,&quot;iso&quot;:&quot;0&quot;,&quot;shutter_speed&quot;:&quot;0&quot;,&quot;title&quot;:&quot;&quot;,&quot;orientation&quot;:&quot;0&quot;}\" data-image-title=\"319320_ERM_Fk_2950_79\" data-image-description=\"\" data-image-caption=\"&lt;p&gt;\u00dcritusel \u201eTriibulised p\u00e4rimust korjama!\u201c esitlesin Elisa rahvusmustrites Lenovo s\u00fclearvutit, peaks olema Urvaste seelikutriibustik. Ise l\u00e4ksin selle arvutiga Soome ja Rootsi rahvuskaaslasi intervjueerima. Foto Merilyn Suve, 2009. ERM Fk 2950:79&lt;\/p&gt;\n\" data-large-file=\"https:\/\/blog.erm.ee\/wp-content\/uploads\/2019\/06\/319320_ERM_Fk_2950_79-1024x685.jpg\" class=\"size-full wp-image-12656\" src=\"https:\/\/blog.erm.ee\/wp-content\/uploads\/2019\/06\/319320_ERM_Fk_2950_79.jpg\" alt=\"\" width=\"1600\" height=\"1071\" srcset=\"https:\/\/blog.erm.ee\/wp-content\/uploads\/2019\/06\/319320_ERM_Fk_2950_79.jpg 1600w, https:\/\/blog.erm.ee\/wp-content\/uploads\/2019\/06\/319320_ERM_Fk_2950_79-388x260.jpg 388w, https:\/\/blog.erm.ee\/wp-content\/uploads\/2019\/06\/319320_ERM_Fk_2950_79-300x201.jpg 300w, https:\/\/blog.erm.ee\/wp-content\/uploads\/2019\/06\/319320_ERM_Fk_2950_79-768x514.jpg 768w, https:\/\/blog.erm.ee\/wp-content\/uploads\/2019\/06\/319320_ERM_Fk_2950_79-1024x685.jpg 1024w\" sizes=\"auto, (max-width: 1600px) 100vw, 1600px\" \/><\/a><p id=\"caption-attachment-12656\" class=\"wp-caption-text\">\u00dcritusel \u201eTriibulised p\u00e4rimust korjama!\u201c esitlesin Elisa rahvusmustrites Lenovo s\u00fclearvutit, peaks olema Urvaste seelikutriibustik. Ise l\u00e4ksin selle arvutiga Soome ja Rootsi rahvuskaaslasi intervjueerima. Foto: Merilyn Suve, 2009. ERM Fk 2950:79<\/p><\/div>\n<p style=\"text-align: justify;\">Minu pildid kihelkondadest on teiste tehtud ja vanemad kui konkurss ootab \u2013 v\u00f5istlusele ootame pilte aastatest 2018\u20132020. Aga inspiratsiooniks v\u00f5istlusel osalemiseks jagan veel pilte ERMi fotokogust, millest esimesed mulle s\u00fcdamel\u00e4hedastest kihelkondadest ning kolm viimast ERMi eelmistele konkurssidele laekunud fotode hulgast.<\/p>\n<div id=\"attachment_12657\" style=\"width: 1610px\" class=\"wp-caption aligncenter\"><a href=\"https:\/\/blog.erm.ee\/wp-content\/uploads\/2019\/06\/097429_ERM_Fk_262_1.jpg\"><img loading=\"lazy\" decoding=\"async\" aria-describedby=\"caption-attachment-12657\" data-attachment-id=\"12657\" data-permalink=\"https:\/\/blog.erm.ee\/?attachment_id=12657#main\" data-orig-file=\"https:\/\/blog.erm.ee\/wp-content\/uploads\/2019\/06\/097429_ERM_Fk_262_1.jpg\" data-orig-size=\"1600,1126\" data-comments-opened=\"1\" data-image-meta=\"{&quot;aperture&quot;:&quot;0&quot;,&quot;credit&quot;:&quot;&quot;,&quot;camera&quot;:&quot;&quot;,&quot;caption&quot;:&quot;&quot;,&quot;created_timestamp&quot;:&quot;0&quot;,&quot;copyright&quot;:&quot;&quot;,&quot;focal_length&quot;:&quot;0&quot;,&quot;iso&quot;:&quot;0&quot;,&quot;shutter_speed&quot;:&quot;0&quot;,&quot;title&quot;:&quot;&quot;,&quot;orientation&quot;:&quot;0&quot;}\" data-image-title=\"097429_ERM_Fk_262_1\" data-image-description=\"\" data-image-caption=\"&lt;p&gt;Vana Kolga ranna tants \u2013 labajalavalss. Foto: Madis Odenberg, 1906. ERM Fk 262:1&lt;\/p&gt;\n\" data-large-file=\"https:\/\/blog.erm.ee\/wp-content\/uploads\/2019\/06\/097429_ERM_Fk_262_1-1024x721.jpg\" class=\"size-full wp-image-12657\" src=\"https:\/\/blog.erm.ee\/wp-content\/uploads\/2019\/06\/097429_ERM_Fk_262_1.jpg\" alt=\"\" width=\"1600\" height=\"1126\" srcset=\"https:\/\/blog.erm.ee\/wp-content\/uploads\/2019\/06\/097429_ERM_Fk_262_1.jpg 1600w, https:\/\/blog.erm.ee\/wp-content\/uploads\/2019\/06\/097429_ERM_Fk_262_1-369x260.jpg 369w, https:\/\/blog.erm.ee\/wp-content\/uploads\/2019\/06\/097429_ERM_Fk_262_1-300x211.jpg 300w, https:\/\/blog.erm.ee\/wp-content\/uploads\/2019\/06\/097429_ERM_Fk_262_1-768x540.jpg 768w, https:\/\/blog.erm.ee\/wp-content\/uploads\/2019\/06\/097429_ERM_Fk_262_1-1024x721.jpg 1024w\" sizes=\"auto, (max-width: 1600px) 100vw, 1600px\" \/><\/a><p id=\"caption-attachment-12657\" class=\"wp-caption-text\">Vana Kolga ranna tants \u2013 labajalavalss. Foto: Madis Odenberg, 1906. ERM Fk 262:1<\/p><\/div>\n<div id=\"attachment_12658\" style=\"width: 1610px\" class=\"wp-caption aligncenter\"><a href=\"https:\/\/blog.erm.ee\/wp-content\/uploads\/2019\/06\/027314_ERM_Fk_449_220.jpg\"><img loading=\"lazy\" decoding=\"async\" aria-describedby=\"caption-attachment-12658\" data-attachment-id=\"12658\" data-permalink=\"https:\/\/blog.erm.ee\/?attachment_id=12658#main\" data-orig-file=\"https:\/\/blog.erm.ee\/wp-content\/uploads\/2019\/06\/027314_ERM_Fk_449_220.jpg\" data-orig-size=\"1600,1044\" data-comments-opened=\"1\" data-image-meta=\"{&quot;aperture&quot;:&quot;0&quot;,&quot;credit&quot;:&quot;&quot;,&quot;camera&quot;:&quot;&quot;,&quot;caption&quot;:&quot;&quot;,&quot;created_timestamp&quot;:&quot;0&quot;,&quot;copyright&quot;:&quot;&quot;,&quot;focal_length&quot;:&quot;0&quot;,&quot;iso&quot;:&quot;0&quot;,&quot;shutter_speed&quot;:&quot;0&quot;,&quot;title&quot;:&quot;&quot;,&quot;orientation&quot;:&quot;0&quot;}\" data-image-title=\"027314_ERM_Fk_449_220\" data-image-description=\"\" data-image-caption=\"&lt;p&gt;J\u00fcrip\u00e4ev, Raadim\u00f5isa teel j\u00fcrip\u00e4evased \u00fcmberkolijad. Foto: Karl Eduard S\u00f6\u00f6t, u 1910. ERM Fk 449:220&lt;\/p&gt;\n\" data-large-file=\"https:\/\/blog.erm.ee\/wp-content\/uploads\/2019\/06\/027314_ERM_Fk_449_220-1024x668.jpg\" class=\"size-full wp-image-12658\" src=\"https:\/\/blog.erm.ee\/wp-content\/uploads\/2019\/06\/027314_ERM_Fk_449_220.jpg\" alt=\"\" width=\"1600\" height=\"1044\" srcset=\"https:\/\/blog.erm.ee\/wp-content\/uploads\/2019\/06\/027314_ERM_Fk_449_220.jpg 1600w, https:\/\/blog.erm.ee\/wp-content\/uploads\/2019\/06\/027314_ERM_Fk_449_220-398x260.jpg 398w, https:\/\/blog.erm.ee\/wp-content\/uploads\/2019\/06\/027314_ERM_Fk_449_220-300x196.jpg 300w, https:\/\/blog.erm.ee\/wp-content\/uploads\/2019\/06\/027314_ERM_Fk_449_220-768x501.jpg 768w, https:\/\/blog.erm.ee\/wp-content\/uploads\/2019\/06\/027314_ERM_Fk_449_220-1024x668.jpg 1024w\" sizes=\"auto, (max-width: 1600px) 100vw, 1600px\" \/><\/a><p id=\"caption-attachment-12658\" class=\"wp-caption-text\">J\u00fcrip\u00e4ev, Raadim\u00f5isa teel j\u00fcrip\u00e4evased \u00fcmberkolijad. Foto: Karl Eduard S\u00f6\u00f6t, u 1910. ERM Fk 449:220<\/p><\/div>\n<div id=\"attachment_12659\" style=\"width: 1610px\" class=\"wp-caption aligncenter\"><a href=\"https:\/\/blog.erm.ee\/wp-content\/uploads\/2019\/06\/313322_ERM_Fk_183_3.jpg\"><img loading=\"lazy\" decoding=\"async\" aria-describedby=\"caption-attachment-12659\" data-attachment-id=\"12659\" data-permalink=\"https:\/\/blog.erm.ee\/?attachment_id=12659#main\" data-orig-file=\"https:\/\/blog.erm.ee\/wp-content\/uploads\/2019\/06\/313322_ERM_Fk_183_3.jpg\" data-orig-size=\"1600,1147\" data-comments-opened=\"1\" data-image-meta=\"{&quot;aperture&quot;:&quot;0&quot;,&quot;credit&quot;:&quot;&quot;,&quot;camera&quot;:&quot;&quot;,&quot;caption&quot;:&quot;&quot;,&quot;created_timestamp&quot;:&quot;0&quot;,&quot;copyright&quot;:&quot;Merylin Suve&quot;,&quot;focal_length&quot;:&quot;0&quot;,&quot;iso&quot;:&quot;0&quot;,&quot;shutter_speed&quot;:&quot;0&quot;,&quot;title&quot;:&quot;&quot;,&quot;orientation&quot;:&quot;0&quot;}\" data-image-title=\"313322_ERM_Fk_183_3\" data-image-description=\"\" data-image-caption=\"&lt;p&gt;V\u00e4ndra kihelkonna k\u00f5ige vanem talu \u2013 Asinoja. Foto: Johannes Paul Michelson, 1912. Kodumaa p\u00e4evapiltide v\u00f5istlusel III auhinna seeriast. ERM Fk 183:3&lt;\/p&gt;\n\" data-large-file=\"https:\/\/blog.erm.ee\/wp-content\/uploads\/2019\/06\/313322_ERM_Fk_183_3-1024x734.jpg\" class=\"size-full wp-image-12659\" src=\"https:\/\/blog.erm.ee\/wp-content\/uploads\/2019\/06\/313322_ERM_Fk_183_3.jpg\" alt=\"\" width=\"1600\" height=\"1147\" srcset=\"https:\/\/blog.erm.ee\/wp-content\/uploads\/2019\/06\/313322_ERM_Fk_183_3.jpg 1600w, https:\/\/blog.erm.ee\/wp-content\/uploads\/2019\/06\/313322_ERM_Fk_183_3-363x260.jpg 363w, https:\/\/blog.erm.ee\/wp-content\/uploads\/2019\/06\/313322_ERM_Fk_183_3-300x215.jpg 300w, https:\/\/blog.erm.ee\/wp-content\/uploads\/2019\/06\/313322_ERM_Fk_183_3-768x551.jpg 768w, https:\/\/blog.erm.ee\/wp-content\/uploads\/2019\/06\/313322_ERM_Fk_183_3-1024x734.jpg 1024w\" sizes=\"auto, (max-width: 1600px) 100vw, 1600px\" \/><\/a><p id=\"caption-attachment-12659\" class=\"wp-caption-text\">V\u00e4ndra kihelkonna k\u00f5ige vanem talu \u2013 Asinoja. Foto: Johannes Paul Michelson, 1912. Kodumaa p\u00e4evapiltide v\u00f5istlusel III auhinna seeriast. ERM Fk 183:3<\/p><\/div>\n<div id=\"attachment_12660\" style=\"width: 1610px\" class=\"wp-caption aligncenter\"><a href=\"https:\/\/blog.erm.ee\/wp-content\/uploads\/2019\/06\/184_73.jpg\"><img loading=\"lazy\" decoding=\"async\" aria-describedby=\"caption-attachment-12660\" data-attachment-id=\"12660\" data-permalink=\"https:\/\/blog.erm.ee\/?attachment_id=12660#main\" data-orig-file=\"https:\/\/blog.erm.ee\/wp-content\/uploads\/2019\/06\/184_73.jpg\" data-orig-size=\"1600,1181\" data-comments-opened=\"1\" data-image-meta=\"{&quot;aperture&quot;:&quot;0&quot;,&quot;credit&quot;:&quot;&quot;,&quot;camera&quot;:&quot;&quot;,&quot;caption&quot;:&quot;&quot;,&quot;created_timestamp&quot;:&quot;0&quot;,&quot;copyright&quot;:&quot;&quot;,&quot;focal_length&quot;:&quot;0&quot;,&quot;iso&quot;:&quot;0&quot;,&quot;shutter_speed&quot;:&quot;0&quot;,&quot;title&quot;:&quot;&quot;,&quot;orientation&quot;:&quot;0&quot;}\" data-image-title=\"184_73\" data-image-description=\"\" data-image-caption=\"&lt;p&gt;Puujalaga mees perega Kunilast, Karuse kihelkond. Foto: Friedrich Kohtitsky, 1912. Kodumaa p\u00e4evapiltide v\u00f5istluse II auhinna seeriast. ERM Fk 184:73&lt;\/p&gt;\n\" data-large-file=\"https:\/\/blog.erm.ee\/wp-content\/uploads\/2019\/06\/184_73-1024x756.jpg\" class=\"size-full wp-image-12660\" src=\"https:\/\/blog.erm.ee\/wp-content\/uploads\/2019\/06\/184_73.jpg\" alt=\"\" width=\"1600\" height=\"1181\" srcset=\"https:\/\/blog.erm.ee\/wp-content\/uploads\/2019\/06\/184_73.jpg 1600w, https:\/\/blog.erm.ee\/wp-content\/uploads\/2019\/06\/184_73-352x260.jpg 352w, https:\/\/blog.erm.ee\/wp-content\/uploads\/2019\/06\/184_73-300x221.jpg 300w, https:\/\/blog.erm.ee\/wp-content\/uploads\/2019\/06\/184_73-768x567.jpg 768w, https:\/\/blog.erm.ee\/wp-content\/uploads\/2019\/06\/184_73-1024x756.jpg 1024w\" sizes=\"auto, (max-width: 1600px) 100vw, 1600px\" \/><\/a><p id=\"caption-attachment-12660\" class=\"wp-caption-text\">Puujalaga mees perega Kunilast, Karuse kihelkond. Foto: Friedrich Kohtitsky, 1912. Kodumaa p\u00e4evapiltide v\u00f5istluse II auhinna seeriast. ERM Fk 184:73<\/p><\/div>\n<div id=\"attachment_12661\" style=\"width: 1610px\" class=\"wp-caption aligncenter\"><a href=\"https:\/\/blog.erm.ee\/wp-content\/uploads\/2019\/06\/358635_ERM_Fk2991_832.jpg\"><img loading=\"lazy\" decoding=\"async\" aria-describedby=\"caption-attachment-12661\" data-attachment-id=\"12661\" data-permalink=\"https:\/\/blog.erm.ee\/?attachment_id=12661#main\" data-orig-file=\"https:\/\/blog.erm.ee\/wp-content\/uploads\/2019\/06\/358635_ERM_Fk2991_832.jpg\" data-orig-size=\"1600,1067\" data-comments-opened=\"1\" data-image-meta=\"{&quot;aperture&quot;:&quot;0&quot;,&quot;credit&quot;:&quot;&quot;,&quot;camera&quot;:&quot;&quot;,&quot;caption&quot;:&quot;&quot;,&quot;created_timestamp&quot;:&quot;0&quot;,&quot;copyright&quot;:&quot;&quot;,&quot;focal_length&quot;:&quot;0&quot;,&quot;iso&quot;:&quot;0&quot;,&quot;shutter_speed&quot;:&quot;0&quot;,&quot;title&quot;:&quot;&quot;,&quot;orientation&quot;:&quot;0&quot;}\" data-image-title=\"358635_ERM_Fk2991_832\" data-image-description=\"\" data-image-caption=\"&lt;p&gt;Kihnu neiu naudib teed Kihnu tuletorni tipus. P\u00e4rnumaa, Kihnu saar. Foto: Silvia Soidel, 2013. ERMi kodumaa p\u00e4evapiltide v\u00f5istlus 2013 peapreemia p\u00e4lvinud foto. ERM Fk 2991:832&lt;\/p&gt;\n\" data-large-file=\"https:\/\/blog.erm.ee\/wp-content\/uploads\/2019\/06\/358635_ERM_Fk2991_832-1024x683.jpg\" class=\"size-full wp-image-12661\" src=\"https:\/\/blog.erm.ee\/wp-content\/uploads\/2019\/06\/358635_ERM_Fk2991_832.jpg\" alt=\"\" width=\"1600\" height=\"1067\" srcset=\"https:\/\/blog.erm.ee\/wp-content\/uploads\/2019\/06\/358635_ERM_Fk2991_832.jpg 1600w, https:\/\/blog.erm.ee\/wp-content\/uploads\/2019\/06\/358635_ERM_Fk2991_832-390x260.jpg 390w, https:\/\/blog.erm.ee\/wp-content\/uploads\/2019\/06\/358635_ERM_Fk2991_832-300x200.jpg 300w, https:\/\/blog.erm.ee\/wp-content\/uploads\/2019\/06\/358635_ERM_Fk2991_832-768x512.jpg 768w, https:\/\/blog.erm.ee\/wp-content\/uploads\/2019\/06\/358635_ERM_Fk2991_832-1024x683.jpg 1024w\" sizes=\"auto, (max-width: 1600px) 100vw, 1600px\" \/><\/a><p id=\"caption-attachment-12661\" class=\"wp-caption-text\">Kihnu neiu naudib teed Kihnu tuletorni tipus. P\u00e4rnumaa, Kihnu saar. Foto: Silvia Soidel, 2013. ERMi kodumaa p\u00e4evapiltide v\u00f5istlus 2013 peapreemia p\u00e4lvinud foto. ERM Fk 2991:832<\/p><\/div>\n<p>Loe lisa varasematest ERMi fotov\u00f5istlustest:<\/p>\n<ul>\n<li><a href=\"https:\/\/blog.erm.ee\/?p=1629\"><strong>W\u00f5istlus p\u00e4ewapiltnikkudele<\/strong><\/a><\/li>\n<li><a href=\"https:\/\/blog.erm.ee\/?p=3841\"><strong>Kultuuri visuaalsest kirjeldamisest<\/strong><\/a><\/li>\n<li><a href=\"https:\/\/blog.erm.ee\/?p=4393\"><strong>Pilte kodumaast<\/strong><\/a><\/li>\n<\/ul>\n<div class=\"fcbkbttn_buttons_block\" id=\"fcbkbttn_left\"><div class=\"fcbkbttn_like \"><fb:like href=\"https:\/\/blog.erm.ee\/?p=12652\" action=\"like\" colorscheme=\"light\" layout=\"standard\"  width=\"225px\" size=\"small\"><\/fb:like><\/div><div class=\"fb-share-button  \" data-href=\"https:\/\/blog.erm.ee\/?p=12652\" data-type=\"button\" data-size=\"small\"><\/div><\/div>","protected":false},"excerpt":{"rendered":"<p>Tiina Tael, ERMi peaarhivaar Eesti Rahva Muuseumi algatatud kihelkonnapiiride t\u00e4histamise suurprojekt on j\u00f5udnud l\u00f5pule, k\u00f5ikidele Eesti maanteedele ja k\u00f5rvalteedele on p\u00fcstitatud kihelkonnasildid, mis juhatavad teel kulgeja \u00fchest kihelkonnast teise. K\u00fcmme aastat v\u00e4ldanud teekonnal olin idee algatusgrupis, osalesin Regio poolt v\u00e4lja antud kihelkonnakaardi koostamisel, abistasin head kolleegi Reet Piirit k\u00f5iki kihelkondi kajastava rahvar\u00f5ivan\u00e4ituse mannekeenide riietamisel, r\u00e4\u00e4kisin&hellip;<\/p>\n","protected":false},"author":1,"featured_media":12653,"comment_status":"open","ping_status":"open","sticky":false,"template":"","format":"standard","meta":{"_monsterinsights_skip_tracking":false,"_jetpack_newsletter_access":"","_jetpack_dont_email_post_to_subs":false,"_jetpack_newsletter_tier_id":0,"_jetpack_memberships_contains_paywalled_content":false,"_jetpack_feature_clip_id":0,"_jetpack_memberships_contains_paid_content":false,"footnotes":"","jetpack_post_was_ever_published":false},"categories":[6,19],"tags":[],"class_list":["post-12652","post","type-post","status-publish","format-standard","has-post-thumbnail","hentry","category-foto","category-sundmus"],"yoast_head":"<!-- This site is optimized with the Yoast SEO plugin v28.4 - https:\/\/yoast.com\/product\/yoast-seo-wordpress\/ -->\n<title>Minu kihelkond - Eesti Rahva Muuseumi ajaveeb<\/title>\n<meta name=\"robots\" content=\"index, follow, max-snippet:-1, max-image-preview:large, max-video-preview:-1\" \/>\n<link rel=\"canonical\" href=\"https:\/\/blog.erm.ee\/?p=12652\" \/>\n<meta property=\"og:locale\" content=\"et_EE\" \/>\n<meta property=\"og:type\" content=\"article\" \/>\n<meta property=\"og:title\" content=\"Minu kihelkond - Eesti Rahva Muuseumi ajaveeb\" \/>\n<meta property=\"og:description\" content=\"Tiina Tael, ERMi peaarhivaar Eesti Rahva Muuseumi algatatud kihelkonnapiiride t\u00e4histamise suurprojekt on j\u00f5udnud l\u00f5pule, k\u00f5ikidele Eesti maanteedele ja k\u00f5rvalteedele on p\u00fcstitatud kihelkonnasildid, mis juhatavad teel kulgeja \u00fchest kihelkonnast teise. K\u00fcmme aastat v\u00e4ldanud teekonnal olin idee algatusgrupis, osalesin Regio poolt v\u00e4lja antud kihelkonnakaardi koostamisel, abistasin head kolleegi Reet Piirit k\u00f5iki kihelkondi kajastava rahvar\u00f5ivan\u00e4ituse mannekeenide riietamisel, r\u00e4\u00e4kisin&hellip;\" \/>\n<meta property=\"og:url\" content=\"https:\/\/blog.erm.ee\/?p=12652\" \/>\n<meta property=\"og:site_name\" content=\"Eesti Rahva Muuseumi ajaveeb\" \/>\n<meta property=\"article:published_time\" content=\"2019-06-20T12:00:06+00:00\" \/>\n<meta property=\"og:image\" content=\"https:\/\/blog.erm.ee\/wp-content\/uploads\/2019\/06\/302697_ERM_Fk_2928_329.jpg\" \/>\n\t<meta property=\"og:image:width\" content=\"1600\" \/>\n\t<meta property=\"og:image:height\" content=\"1071\" \/>\n\t<meta property=\"og:image:type\" content=\"image\/jpeg\" \/>\n<meta name=\"author\" content=\"Eesti Rahva Muuseum\" \/>\n<meta name=\"twitter:card\" content=\"summary_large_image\" \/>\n<meta name=\"twitter:label1\" content=\"Kirjutanud\" \/>\n\t<meta name=\"twitter:data1\" content=\"Eesti Rahva Muuseum\" \/>\n\t<meta name=\"twitter:label2\" content=\"Eeldatav lugemisaeg\" \/>\n\t<meta name=\"twitter:data2\" content=\"3 minutit\" \/>\n<script type=\"application\/ld+json\" class=\"yoast-schema-graph\">{\"@context\":\"https:\\\/\\\/schema.org\",\"@graph\":[{\"@type\":\"Article\",\"@id\":\"https:\\\/\\\/blog.erm.ee\\\/?p=12652#article\",\"isPartOf\":{\"@id\":\"https:\\\/\\\/blog.erm.ee\\\/?p=12652\"},\"author\":{\"name\":\"Eesti Rahva Muuseum\",\"@id\":\"https:\\\/\\\/blog.erm.ee\\\/#\\\/schema\\\/person\\\/6e98c391cb00a33e7c22a3571e062114\"},\"headline\":\"Minu kihelkond\",\"datePublished\":\"2019-06-20T12:00:06+00:00\",\"mainEntityOfPage\":{\"@id\":\"https:\\\/\\\/blog.erm.ee\\\/?p=12652\"},\"wordCount\":650,\"commentCount\":1,\"image\":{\"@id\":\"https:\\\/\\\/blog.erm.ee\\\/?p=12652#primaryimage\"},\"thumbnailUrl\":\"https:\\\/\\\/blog.erm.ee\\\/wp-content\\\/uploads\\\/2019\\\/06\\\/302697_ERM_Fk_2928_329.jpg\",\"articleSection\":[\"Foto\",\"S\u00fcndmus\"],\"inLanguage\":\"et\",\"potentialAction\":[{\"@type\":\"CommentAction\",\"name\":\"Comment\",\"target\":[\"https:\\\/\\\/blog.erm.ee\\\/?p=12652#respond\"]}]},{\"@type\":\"WebPage\",\"@id\":\"https:\\\/\\\/blog.erm.ee\\\/?p=12652\",\"url\":\"https:\\\/\\\/blog.erm.ee\\\/?p=12652\",\"name\":\"Minu kihelkond - Eesti Rahva Muuseumi ajaveeb\",\"isPartOf\":{\"@id\":\"https:\\\/\\\/blog.erm.ee\\\/#website\"},\"primaryImageOfPage\":{\"@id\":\"https:\\\/\\\/blog.erm.ee\\\/?p=12652#primaryimage\"},\"image\":{\"@id\":\"https:\\\/\\\/blog.erm.ee\\\/?p=12652#primaryimage\"},\"thumbnailUrl\":\"https:\\\/\\\/blog.erm.ee\\\/wp-content\\\/uploads\\\/2019\\\/06\\\/302697_ERM_Fk_2928_329.jpg\",\"datePublished\":\"2019-06-20T12:00:06+00:00\",\"author\":{\"@id\":\"https:\\\/\\\/blog.erm.ee\\\/#\\\/schema\\\/person\\\/6e98c391cb00a33e7c22a3571e062114\"},\"breadcrumb\":{\"@id\":\"https:\\\/\\\/blog.erm.ee\\\/?p=12652#breadcrumb\"},\"inLanguage\":\"et\",\"potentialAction\":[{\"@type\":\"ReadAction\",\"target\":[\"https:\\\/\\\/blog.erm.ee\\\/?p=12652\"]}]},{\"@type\":\"ImageObject\",\"inLanguage\":\"et\",\"@id\":\"https:\\\/\\\/blog.erm.ee\\\/?p=12652#primaryimage\",\"url\":\"https:\\\/\\\/blog.erm.ee\\\/wp-content\\\/uploads\\\/2019\\\/06\\\/302697_ERM_Fk_2928_329.jpg\",\"contentUrl\":\"https:\\\/\\\/blog.erm.ee\\\/wp-content\\\/uploads\\\/2019\\\/06\\\/302697_ERM_Fk_2928_329.jpg\",\"width\":1600,\"height\":1071},{\"@type\":\"BreadcrumbList\",\"@id\":\"https:\\\/\\\/blog.erm.ee\\\/?p=12652#breadcrumb\",\"itemListElement\":[{\"@type\":\"ListItem\",\"position\":1,\"name\":\"Home\",\"item\":\"https:\\\/\\\/blog.erm.ee\\\/\"},{\"@type\":\"ListItem\",\"position\":2,\"name\":\"Minu kihelkond\"}]},{\"@type\":\"WebSite\",\"@id\":\"https:\\\/\\\/blog.erm.ee\\\/#website\",\"url\":\"https:\\\/\\\/blog.erm.ee\\\/\",\"name\":\"Eesti Rahva Muuseumi ajaveeb\",\"description\":\"\",\"potentialAction\":[{\"@type\":\"SearchAction\",\"target\":{\"@type\":\"EntryPoint\",\"urlTemplate\":\"https:\\\/\\\/blog.erm.ee\\\/?s={search_term_string}\"},\"query-input\":{\"@type\":\"PropertyValueSpecification\",\"valueRequired\":true,\"valueName\":\"search_term_string\"}}],\"inLanguage\":\"et\"},{\"@type\":\"Person\",\"@id\":\"https:\\\/\\\/blog.erm.ee\\\/#\\\/schema\\\/person\\\/6e98c391cb00a33e7c22a3571e062114\",\"name\":\"Eesti Rahva Muuseum\",\"image\":{\"@type\":\"ImageObject\",\"inLanguage\":\"et\",\"@id\":\"https:\\\/\\\/secure.gravatar.com\\\/avatar\\\/cb6d9ad5fb49f3f7315028ce5fe60641075f2cb52b8a058ff5a985fa2d8c1da0?s=96&d=mm&r=g\",\"url\":\"https:\\\/\\\/secure.gravatar.com\\\/avatar\\\/cb6d9ad5fb49f3f7315028ce5fe60641075f2cb52b8a058ff5a985fa2d8c1da0?s=96&d=mm&r=g\",\"contentUrl\":\"https:\\\/\\\/secure.gravatar.com\\\/avatar\\\/cb6d9ad5fb49f3f7315028ce5fe60641075f2cb52b8a058ff5a985fa2d8c1da0?s=96&d=mm&r=g\",\"caption\":\"Eesti Rahva Muuseum\"},\"sameAs\":[\"http:\\\/\\\/www.erm.ee\"],\"url\":\"https:\\\/\\\/blog.erm.ee\\\/?author=1\"}]}<\/script>\n<!-- \/ Yoast SEO plugin. -->","yoast_head_json":{"title":"Minu kihelkond - Eesti Rahva Muuseumi ajaveeb","robots":{"index":"index","follow":"follow","max-snippet":"max-snippet:-1","max-image-preview":"max-image-preview:large","max-video-preview":"max-video-preview:-1"},"canonical":"https:\/\/blog.erm.ee\/?p=12652","og_locale":"et_EE","og_type":"article","og_title":"Minu kihelkond - Eesti Rahva Muuseumi ajaveeb","og_description":"Tiina Tael, ERMi peaarhivaar Eesti Rahva Muuseumi algatatud kihelkonnapiiride t\u00e4histamise suurprojekt on j\u00f5udnud l\u00f5pule, k\u00f5ikidele Eesti maanteedele ja k\u00f5rvalteedele on p\u00fcstitatud kihelkonnasildid, mis juhatavad teel kulgeja \u00fchest kihelkonnast teise. K\u00fcmme aastat v\u00e4ldanud teekonnal olin idee algatusgrupis, osalesin Regio poolt v\u00e4lja antud kihelkonnakaardi koostamisel, abistasin head kolleegi Reet Piirit k\u00f5iki kihelkondi kajastava rahvar\u00f5ivan\u00e4ituse mannekeenide riietamisel, r\u00e4\u00e4kisin&hellip;","og_url":"https:\/\/blog.erm.ee\/?p=12652","og_site_name":"Eesti Rahva Muuseumi ajaveeb","article_published_time":"2019-06-20T12:00:06+00:00","og_image":[{"width":1600,"height":1071,"url":"https:\/\/blog.erm.ee\/wp-content\/uploads\/2019\/06\/302697_ERM_Fk_2928_329.jpg","type":"image\/jpeg"}],"author":"Eesti Rahva Muuseum","twitter_card":"summary_large_image","twitter_misc":{"Kirjutanud":"Eesti Rahva Muuseum","Eeldatav lugemisaeg":"3 minutit"},"schema":{"@context":"https:\/\/schema.org","@graph":[{"@type":"Article","@id":"https:\/\/blog.erm.ee\/?p=12652#article","isPartOf":{"@id":"https:\/\/blog.erm.ee\/?p=12652"},"author":{"name":"Eesti Rahva Muuseum","@id":"https:\/\/blog.erm.ee\/#\/schema\/person\/6e98c391cb00a33e7c22a3571e062114"},"headline":"Minu kihelkond","datePublished":"2019-06-20T12:00:06+00:00","mainEntityOfPage":{"@id":"https:\/\/blog.erm.ee\/?p=12652"},"wordCount":650,"commentCount":1,"image":{"@id":"https:\/\/blog.erm.ee\/?p=12652#primaryimage"},"thumbnailUrl":"https:\/\/blog.erm.ee\/wp-content\/uploads\/2019\/06\/302697_ERM_Fk_2928_329.jpg","articleSection":["Foto","S\u00fcndmus"],"inLanguage":"et","potentialAction":[{"@type":"CommentAction","name":"Comment","target":["https:\/\/blog.erm.ee\/?p=12652#respond"]}]},{"@type":"WebPage","@id":"https:\/\/blog.erm.ee\/?p=12652","url":"https:\/\/blog.erm.ee\/?p=12652","name":"Minu kihelkond - Eesti Rahva Muuseumi ajaveeb","isPartOf":{"@id":"https:\/\/blog.erm.ee\/#website"},"primaryImageOfPage":{"@id":"https:\/\/blog.erm.ee\/?p=12652#primaryimage"},"image":{"@id":"https:\/\/blog.erm.ee\/?p=12652#primaryimage"},"thumbnailUrl":"https:\/\/blog.erm.ee\/wp-content\/uploads\/2019\/06\/302697_ERM_Fk_2928_329.jpg","datePublished":"2019-06-20T12:00:06+00:00","author":{"@id":"https:\/\/blog.erm.ee\/#\/schema\/person\/6e98c391cb00a33e7c22a3571e062114"},"breadcrumb":{"@id":"https:\/\/blog.erm.ee\/?p=12652#breadcrumb"},"inLanguage":"et","potentialAction":[{"@type":"ReadAction","target":["https:\/\/blog.erm.ee\/?p=12652"]}]},{"@type":"ImageObject","inLanguage":"et","@id":"https:\/\/blog.erm.ee\/?p=12652#primaryimage","url":"https:\/\/blog.erm.ee\/wp-content\/uploads\/2019\/06\/302697_ERM_Fk_2928_329.jpg","contentUrl":"https:\/\/blog.erm.ee\/wp-content\/uploads\/2019\/06\/302697_ERM_Fk_2928_329.jpg","width":1600,"height":1071},{"@type":"BreadcrumbList","@id":"https:\/\/blog.erm.ee\/?p=12652#breadcrumb","itemListElement":[{"@type":"ListItem","position":1,"name":"Home","item":"https:\/\/blog.erm.ee\/"},{"@type":"ListItem","position":2,"name":"Minu kihelkond"}]},{"@type":"WebSite","@id":"https:\/\/blog.erm.ee\/#website","url":"https:\/\/blog.erm.ee\/","name":"Eesti Rahva Muuseumi ajaveeb","description":"","potentialAction":[{"@type":"SearchAction","target":{"@type":"EntryPoint","urlTemplate":"https:\/\/blog.erm.ee\/?s={search_term_string}"},"query-input":{"@type":"PropertyValueSpecification","valueRequired":true,"valueName":"search_term_string"}}],"inLanguage":"et"},{"@type":"Person","@id":"https:\/\/blog.erm.ee\/#\/schema\/person\/6e98c391cb00a33e7c22a3571e062114","name":"Eesti Rahva Muuseum","image":{"@type":"ImageObject","inLanguage":"et","@id":"https:\/\/secure.gravatar.com\/avatar\/cb6d9ad5fb49f3f7315028ce5fe60641075f2cb52b8a058ff5a985fa2d8c1da0?s=96&d=mm&r=g","url":"https:\/\/secure.gravatar.com\/avatar\/cb6d9ad5fb49f3f7315028ce5fe60641075f2cb52b8a058ff5a985fa2d8c1da0?s=96&d=mm&r=g","contentUrl":"https:\/\/secure.gravatar.com\/avatar\/cb6d9ad5fb49f3f7315028ce5fe60641075f2cb52b8a058ff5a985fa2d8c1da0?s=96&d=mm&r=g","caption":"Eesti Rahva Muuseum"},"sameAs":["http:\/\/www.erm.ee"],"url":"https:\/\/blog.erm.ee\/?author=1"}]}},"jetpack_shortlink":"https:\/\/wp.me\/p2l9Zd-3i4","jetpack_sharing_enabled":true,"jetpack_likes_enabled":true,"jetpack_featured_media_url":"https:\/\/blog.erm.ee\/wp-content\/uploads\/2019\/06\/302697_ERM_Fk_2928_329.jpg","_links":{"self":[{"href":"https:\/\/blog.erm.ee\/index.php?rest_route=\/wp\/v2\/posts\/12652","targetHints":{"allow":["GET"]}}],"collection":[{"href":"https:\/\/blog.erm.ee\/index.php?rest_route=\/wp\/v2\/posts"}],"about":[{"href":"https:\/\/blog.erm.ee\/index.php?rest_route=\/wp\/v2\/types\/post"}],"author":[{"embeddable":true,"href":"https:\/\/blog.erm.ee\/index.php?rest_route=\/wp\/v2\/users\/1"}],"replies":[{"embeddable":true,"href":"https:\/\/blog.erm.ee\/index.php?rest_route=%2Fwp%2Fv2%2Fcomments&post=12652"}],"version-history":[{"count":2,"href":"https:\/\/blog.erm.ee\/index.php?rest_route=\/wp\/v2\/posts\/12652\/revisions"}],"predecessor-version":[{"id":12663,"href":"https:\/\/blog.erm.ee\/index.php?rest_route=\/wp\/v2\/posts\/12652\/revisions\/12663"}],"wp:featuredmedia":[{"embeddable":true,"href":"https:\/\/blog.erm.ee\/index.php?rest_route=\/wp\/v2\/media\/12653"}],"wp:attachment":[{"href":"https:\/\/blog.erm.ee\/index.php?rest_route=%2Fwp%2Fv2%2Fmedia&parent=12652"}],"wp:term":[{"taxonomy":"category","embeddable":true,"href":"https:\/\/blog.erm.ee\/index.php?rest_route=%2Fwp%2Fv2%2Fcategories&post=12652"},{"taxonomy":"post_tag","embeddable":true,"href":"https:\/\/blog.erm.ee\/index.php?rest_route=%2Fwp%2Fv2%2Ftags&post=12652"}],"curies":[{"name":"wp","href":"https:\/\/api.w.org\/{rel}","templated":true}]}}