{"id":12387,"date":"2019-02-21T13:16:31","date_gmt":"2019-02-21T11:16:31","guid":{"rendered":"https:\/\/blog.erm.ee\/?p=12387"},"modified":"2019-02-21T14:25:06","modified_gmt":"2019-02-21T12:25:06","slug":"kes-see-konnib-korta-mooda-astub-aia-aari-mooda","status":"publish","type":"post","link":"https:\/\/blog.erm.ee\/?p=12387","title":{"rendered":"Kes see k\u00f5nnib k\u00f5rta m\u00f6\u00f6da, astub aia \u00e4\u00e4ri m\u00f6\u00f6da?"},"content":{"rendered":"<div class=\"fcbkbttn_buttons_block\" id=\"fcbkbttn_left\"><div class=\"fcbkbttn_like \"><fb:like href=\"https:\/\/blog.erm.ee\/?p=12387\" action=\"like\" colorscheme=\"light\" layout=\"standard\"  width=\"225px\" size=\"small\"><\/fb:like><\/div><div class=\"fb-share-button  \" data-href=\"https:\/\/blog.erm.ee\/?p=12387\" data-type=\"button\" data-size=\"small\"><\/div><\/div><p><em>Tekst: Maarja Vaikmaa, sisuturunduse spetsialist<\/em><br \/>\n<em>Fotod: Arp Karm, fotograaf \/ ERM<br \/>\n<\/em><\/p>\n<p style=\"text-align: justify;\">T\u00e4nasest said avapaugu <a href=\"https:\/\/www.valimised.ee\/et\">2019. aasta Riigikogu valimised<\/a> &#8211; algas elektrooniline h\u00e4\u00e4letamine ja eelh\u00e4\u00e4letamine. Valijate nimekirjad on lukus, poliitiline v\u00e4lireklaam on keelatud ja debatid eri kanalites k\u00e4ivad. Samuti kohtab avalikus ruumis v\u00f5i koduukse taga avala naeratusega kandidaate, kes jagavad m\u00f6\u00f6dujatele head-paremat. ERM kogub ja talletab valimisreklaami, seega paremad palad v\u00f5ib rahvamuuseumi jaoks valimiskeerises k\u00f5rvale panna.<\/p>\n<p style=\"text-align: justify;\">Vaatame aga tagasi m\u00f6\u00f6dunud aastate valimisreklaami-assortiile, mis muuseumisse kogudesse juba j\u00f5udnud on.<\/p>\n<h3>Abimehed<\/h3>\n<p>Valija v\u00e4\u00e4rtustab praktilisi asju, olgu see kandekott, kalender v\u00f5i tark mees taskus.<\/p>\n<div id=\"attachment_12389\" style=\"width: 2072px\" class=\"wp-caption aligncenter\"><a href=\"https:\/\/blog.erm.ee\/wp-content\/uploads\/2019\/02\/Abimehed_ak_0359_buss.jpg\"><img loading=\"lazy\" decoding=\"async\" aria-describedby=\"caption-attachment-12389\" data-attachment-id=\"12389\" data-permalink=\"https:\/\/blog.erm.ee\/?attachment_id=12389#main\" data-orig-file=\"https:\/\/blog.erm.ee\/wp-content\/uploads\/2019\/02\/Abimehed_ak_0359_buss.jpg\" data-orig-size=\"2062,799\" data-comments-opened=\"1\" data-image-meta=\"{&quot;aperture&quot;:&quot;0&quot;,&quot;credit&quot;:&quot;&quot;,&quot;camera&quot;:&quot;&quot;,&quot;caption&quot;:&quot;&quot;,&quot;created_timestamp&quot;:&quot;0&quot;,&quot;copyright&quot;:&quot;&quot;,&quot;focal_length&quot;:&quot;0&quot;,&quot;iso&quot;:&quot;0&quot;,&quot;shutter_speed&quot;:&quot;0&quot;,&quot;title&quot;:&quot;&quot;,&quot;orientation&quot;:&quot;0&quot;}\" data-image-title=\"Abimehed_ak_0359_buss\" data-image-description=\"\" data-image-caption=\"&lt;p&gt;f&lt;\/p&gt;\n\" data-large-file=\"https:\/\/blog.erm.ee\/wp-content\/uploads\/2019\/02\/Abimehed_ak_0359_buss-1024x397.jpg\" class=\"size-full wp-image-12389\" src=\"https:\/\/blog.erm.ee\/wp-content\/uploads\/2019\/02\/Abimehed_ak_0359_buss.jpg\" alt=\"\" width=\"2062\" height=\"799\" srcset=\"https:\/\/blog.erm.ee\/wp-content\/uploads\/2019\/02\/Abimehed_ak_0359_buss.jpg 2062w, https:\/\/blog.erm.ee\/wp-content\/uploads\/2019\/02\/Abimehed_ak_0359_buss-460x178.jpg 460w, https:\/\/blog.erm.ee\/wp-content\/uploads\/2019\/02\/Abimehed_ak_0359_buss-300x116.jpg 300w, https:\/\/blog.erm.ee\/wp-content\/uploads\/2019\/02\/Abimehed_ak_0359_buss-768x298.jpg 768w, https:\/\/blog.erm.ee\/wp-content\/uploads\/2019\/02\/Abimehed_ak_0359_buss-1024x397.jpg 1024w\" sizes=\"auto, (max-width: 2062px) 100vw, 2062px\" \/><\/a><p id=\"caption-attachment-12389\" class=\"wp-caption-text\">Raplamaa \u00fchistranspordi s\u00f5iduplaanid. Riigikogu valimised 2007, Keskerakond<\/p><\/div>\n<div id=\"attachment_12390\" style=\"width: 1285px\" class=\"wp-caption aligncenter\"><a href=\"https:\/\/blog.erm.ee\/wp-content\/uploads\/2019\/02\/Abimehed_064688_ERM_A_1005_3.jpg\"><img loading=\"lazy\" decoding=\"async\" aria-describedby=\"caption-attachment-12390\" data-attachment-id=\"12390\" data-permalink=\"https:\/\/blog.erm.ee\/?attachment_id=12390#main\" data-orig-file=\"https:\/\/blog.erm.ee\/wp-content\/uploads\/2019\/02\/Abimehed_064688_ERM_A_1005_3.jpg\" data-orig-size=\"1275,1600\" data-comments-opened=\"1\" data-image-meta=\"{&quot;aperture&quot;:&quot;16&quot;,&quot;credit&quot;:&quot;&quot;,&quot;camera&quot;:&quot;NIKON D200&quot;,&quot;caption&quot;:&quot;&quot;,&quot;created_timestamp&quot;:&quot;1319723019&quot;,&quot;copyright&quot;:&quot;&quot;,&quot;focal_length&quot;:&quot;20&quot;,&quot;iso&quot;:&quot;100&quot;,&quot;shutter_speed&quot;:&quot;0.016666666666667&quot;,&quot;title&quot;:&quot;&quot;,&quot;orientation&quot;:&quot;1&quot;}\" data-image-title=\"Abimehed_064688_ERM_A_1005_3\" data-image-description=\"\" data-image-caption=\"&lt;p&gt;d&lt;\/p&gt;\n\" data-large-file=\"https:\/\/blog.erm.ee\/wp-content\/uploads\/2019\/02\/Abimehed_064688_ERM_A_1005_3-816x1024.jpg\" class=\"size-full wp-image-12390\" src=\"https:\/\/blog.erm.ee\/wp-content\/uploads\/2019\/02\/Abimehed_064688_ERM_A_1005_3.jpg\" alt=\"\" width=\"1275\" height=\"1600\" srcset=\"https:\/\/blog.erm.ee\/wp-content\/uploads\/2019\/02\/Abimehed_064688_ERM_A_1005_3.jpg 1275w, https:\/\/blog.erm.ee\/wp-content\/uploads\/2019\/02\/Abimehed_064688_ERM_A_1005_3-207x260.jpg 207w, https:\/\/blog.erm.ee\/wp-content\/uploads\/2019\/02\/Abimehed_064688_ERM_A_1005_3-239x300.jpg 239w, https:\/\/blog.erm.ee\/wp-content\/uploads\/2019\/02\/Abimehed_064688_ERM_A_1005_3-768x964.jpg 768w, https:\/\/blog.erm.ee\/wp-content\/uploads\/2019\/02\/Abimehed_064688_ERM_A_1005_3-816x1024.jpg 816w\" sizes=\"auto, (max-width: 1275px) 100vw, 1275px\" \/><\/a><p id=\"caption-attachment-12390\" class=\"wp-caption-text\">Kandekott. KOV valimised 2009, IRL (ERM A 1005:3)<\/p><\/div>\n<div id=\"attachment_12391\" style=\"width: 1460px\" class=\"wp-caption aligncenter\"><a href=\"https:\/\/blog.erm.ee\/wp-content\/uploads\/2019\/02\/Abimehed_ak_0362.jpg\"><img loading=\"lazy\" decoding=\"async\" aria-describedby=\"caption-attachment-12391\" data-attachment-id=\"12391\" data-permalink=\"https:\/\/blog.erm.ee\/?attachment_id=12391#main\" data-orig-file=\"https:\/\/blog.erm.ee\/wp-content\/uploads\/2019\/02\/Abimehed_ak_0362.jpg\" data-orig-size=\"1450,1600\" data-comments-opened=\"1\" data-image-meta=\"{&quot;aperture&quot;:&quot;11&quot;,&quot;credit&quot;:&quot;&quot;,&quot;camera&quot;:&quot;NIKON D600&quot;,&quot;caption&quot;:&quot;&quot;,&quot;created_timestamp&quot;:&quot;1550150049&quot;,&quot;copyright&quot;:&quot;&quot;,&quot;focal_length&quot;:&quot;62&quot;,&quot;iso&quot;:&quot;100&quot;,&quot;shutter_speed&quot;:&quot;0.0125&quot;,&quot;title&quot;:&quot;&quot;,&quot;orientation&quot;:&quot;1&quot;}\" data-image-title=\"Abimehed_ak_0362\" data-image-description=\"\" data-image-caption=\"&lt;p&gt;g&lt;\/p&gt;\n\" data-large-file=\"https:\/\/blog.erm.ee\/wp-content\/uploads\/2019\/02\/Abimehed_ak_0362-928x1024.jpg\" class=\"size-full wp-image-12391\" src=\"https:\/\/blog.erm.ee\/wp-content\/uploads\/2019\/02\/Abimehed_ak_0362.jpg\" alt=\"\" width=\"1450\" height=\"1600\" srcset=\"https:\/\/blog.erm.ee\/wp-content\/uploads\/2019\/02\/Abimehed_ak_0362.jpg 1450w, https:\/\/blog.erm.ee\/wp-content\/uploads\/2019\/02\/Abimehed_ak_0362-236x260.jpg 236w, https:\/\/blog.erm.ee\/wp-content\/uploads\/2019\/02\/Abimehed_ak_0362-272x300.jpg 272w, https:\/\/blog.erm.ee\/wp-content\/uploads\/2019\/02\/Abimehed_ak_0362-768x847.jpg 768w, https:\/\/blog.erm.ee\/wp-content\/uploads\/2019\/02\/Abimehed_ak_0362-928x1024.jpg 928w\" sizes=\"auto, (max-width: 1450px) 100vw, 1450px\" \/><\/a><p id=\"caption-attachment-12391\" class=\"wp-caption-text\">M\u00e4rkmik-vihik. Riigikogu valimised 2003, SDE<\/p><\/div>\n<div id=\"attachment_12392\" style=\"width: 2110px\" class=\"wp-caption aligncenter\"><a href=\"https:\/\/blog.erm.ee\/wp-content\/uploads\/2019\/02\/Abimehed_ak_0376_m\u00f5\u00f5dukad.jpg\"><img loading=\"lazy\" decoding=\"async\" aria-describedby=\"caption-attachment-12392\" data-attachment-id=\"12392\" data-permalink=\"https:\/\/blog.erm.ee\/?attachment_id=12392#main\" data-orig-file=\"https:\/\/blog.erm.ee\/wp-content\/uploads\/2019\/02\/Abimehed_ak_0376_m\u00f5\u00f5dukad.jpg\" data-orig-size=\"2100,1557\" data-comments-opened=\"1\" data-image-meta=\"{&quot;aperture&quot;:&quot;0&quot;,&quot;credit&quot;:&quot;&quot;,&quot;camera&quot;:&quot;&quot;,&quot;caption&quot;:&quot;&quot;,&quot;created_timestamp&quot;:&quot;0&quot;,&quot;copyright&quot;:&quot;&quot;,&quot;focal_length&quot;:&quot;0&quot;,&quot;iso&quot;:&quot;0&quot;,&quot;shutter_speed&quot;:&quot;0&quot;,&quot;title&quot;:&quot;&quot;,&quot;orientation&quot;:&quot;0&quot;}\" data-image-title=\"Abimehed_ak_0376_m\u00f5\u00f5dukad\" data-image-description=\"\" data-image-caption=\"&lt;p&gt;(Valimis)kalender. Riigikogu valimised 1999, M\u00f5\u00f5dukad&lt;\/p&gt;\n\" data-large-file=\"https:\/\/blog.erm.ee\/wp-content\/uploads\/2019\/02\/Abimehed_ak_0376_m\u00f5\u00f5dukad-1024x759.jpg\" class=\"size-full wp-image-12392\" src=\"https:\/\/blog.erm.ee\/wp-content\/uploads\/2019\/02\/Abimehed_ak_0376_m\u00f5\u00f5dukad.jpg\" alt=\"\" width=\"2100\" height=\"1557\" srcset=\"https:\/\/blog.erm.ee\/wp-content\/uploads\/2019\/02\/Abimehed_ak_0376_m\u00f5\u00f5dukad.jpg 2100w, https:\/\/blog.erm.ee\/wp-content\/uploads\/2019\/02\/Abimehed_ak_0376_m\u00f5\u00f5dukad-351x260.jpg 351w, https:\/\/blog.erm.ee\/wp-content\/uploads\/2019\/02\/Abimehed_ak_0376_m\u00f5\u00f5dukad-300x222.jpg 300w, https:\/\/blog.erm.ee\/wp-content\/uploads\/2019\/02\/Abimehed_ak_0376_m\u00f5\u00f5dukad-768x569.jpg 768w, https:\/\/blog.erm.ee\/wp-content\/uploads\/2019\/02\/Abimehed_ak_0376_m\u00f5\u00f5dukad-1024x759.jpg 1024w\" sizes=\"auto, (max-width: 2100px) 100vw, 2100px\" \/><\/a><p id=\"caption-attachment-12392\" class=\"wp-caption-text\">(Valimis)kalender. Riigikogu valimised 1999, M\u00f5\u00f5dukad<\/p><\/div>\n<h3>Klassika<\/h3>\n<p>Plakatid t\u00f6\u00f6tavad seni, kuni v\u00e4lireklaam \u00e4ra keelatakse.<\/p>\n<div id=\"attachment_12423\" style=\"width: 1110px\" class=\"wp-caption aligncenter\"><a href=\"https:\/\/blog.erm.ee\/wp-content\/uploads\/2019\/02\/Plakat_ak_0398.jpg\"><img loading=\"lazy\" decoding=\"async\" aria-describedby=\"caption-attachment-12423\" data-attachment-id=\"12423\" data-permalink=\"https:\/\/blog.erm.ee\/?attachment_id=12423#main\" data-orig-file=\"https:\/\/blog.erm.ee\/wp-content\/uploads\/2019\/02\/Plakat_ak_0398.jpg\" data-orig-size=\"1100,1600\" data-comments-opened=\"1\" data-image-meta=\"{&quot;aperture&quot;:&quot;11&quot;,&quot;credit&quot;:&quot;&quot;,&quot;camera&quot;:&quot;NIKON D600&quot;,&quot;caption&quot;:&quot;&quot;,&quot;created_timestamp&quot;:&quot;1550152497&quot;,&quot;copyright&quot;:&quot;&quot;,&quot;focal_length&quot;:&quot;55&quot;,&quot;iso&quot;:&quot;100&quot;,&quot;shutter_speed&quot;:&quot;0.016666666666667&quot;,&quot;title&quot;:&quot;&quot;,&quot;orientation&quot;:&quot;1&quot;}\" data-image-title=\"Plakat_ak_0398\" data-image-description=\"\" data-image-caption=\"\" data-large-file=\"https:\/\/blog.erm.ee\/wp-content\/uploads\/2019\/02\/Plakat_ak_0398-704x1024.jpg\" class=\"wp-image-12423 size-full\" src=\"https:\/\/blog.erm.ee\/wp-content\/uploads\/2019\/02\/Plakat_ak_0398.jpg\" alt=\"\" width=\"1100\" height=\"1600\" srcset=\"https:\/\/blog.erm.ee\/wp-content\/uploads\/2019\/02\/Plakat_ak_0398.jpg 1100w, https:\/\/blog.erm.ee\/wp-content\/uploads\/2019\/02\/Plakat_ak_0398-179x260.jpg 179w, https:\/\/blog.erm.ee\/wp-content\/uploads\/2019\/02\/Plakat_ak_0398-206x300.jpg 206w, https:\/\/blog.erm.ee\/wp-content\/uploads\/2019\/02\/Plakat_ak_0398-768x1117.jpg 768w, https:\/\/blog.erm.ee\/wp-content\/uploads\/2019\/02\/Plakat_ak_0398-704x1024.jpg 704w\" sizes=\"auto, (max-width: 1100px) 100vw, 1100px\" \/><\/a><p id=\"caption-attachment-12423\" class=\"wp-caption-text\">Plakat. Riigikogu valimised 1995, VL Isamaa ja ERSP liit<\/p><\/div>\n<div id=\"attachment_12424\" style=\"width: 1131px\" class=\"wp-caption aligncenter\"><a href=\"https:\/\/blog.erm.ee\/wp-content\/uploads\/2019\/02\/Plakat_ak_0399.jpg\"><img loading=\"lazy\" decoding=\"async\" aria-describedby=\"caption-attachment-12424\" data-attachment-id=\"12424\" data-permalink=\"https:\/\/blog.erm.ee\/?attachment_id=12424#main\" data-orig-file=\"https:\/\/blog.erm.ee\/wp-content\/uploads\/2019\/02\/Plakat_ak_0399.jpg\" data-orig-size=\"1121,1600\" data-comments-opened=\"1\" data-image-meta=\"{&quot;aperture&quot;:&quot;11&quot;,&quot;credit&quot;:&quot;&quot;,&quot;camera&quot;:&quot;NIKON D600&quot;,&quot;caption&quot;:&quot;&quot;,&quot;created_timestamp&quot;:&quot;1550152517&quot;,&quot;copyright&quot;:&quot;&quot;,&quot;focal_length&quot;:&quot;62&quot;,&quot;iso&quot;:&quot;100&quot;,&quot;shutter_speed&quot;:&quot;0.016666666666667&quot;,&quot;title&quot;:&quot;&quot;,&quot;orientation&quot;:&quot;1&quot;}\" data-image-title=\"Plakat_ak_0399\" data-image-description=\"\" data-image-caption=\"\" data-large-file=\"https:\/\/blog.erm.ee\/wp-content\/uploads\/2019\/02\/Plakat_ak_0399-717x1024.jpg\" class=\"wp-image-12424 size-full\" src=\"https:\/\/blog.erm.ee\/wp-content\/uploads\/2019\/02\/Plakat_ak_0399.jpg\" alt=\"\" width=\"1121\" height=\"1600\" srcset=\"https:\/\/blog.erm.ee\/wp-content\/uploads\/2019\/02\/Plakat_ak_0399.jpg 1121w, https:\/\/blog.erm.ee\/wp-content\/uploads\/2019\/02\/Plakat_ak_0399-182x260.jpg 182w, https:\/\/blog.erm.ee\/wp-content\/uploads\/2019\/02\/Plakat_ak_0399-210x300.jpg 210w, https:\/\/blog.erm.ee\/wp-content\/uploads\/2019\/02\/Plakat_ak_0399-768x1096.jpg 768w, https:\/\/blog.erm.ee\/wp-content\/uploads\/2019\/02\/Plakat_ak_0399-717x1024.jpg 717w\" sizes=\"auto, (max-width: 1121px) 100vw, 1121px\" \/><\/a><p id=\"caption-attachment-12424\" class=\"wp-caption-text\">Plakat. Riigikogu valimised 1992, VL Isamaa<\/p><\/div>\n<h3>Kunst<\/h3>\n<p>Ei kirjandus ega filmi- ja helikeelgi pole poliitikutele v\u00f5\u00f5ras.<\/p>\n<div id=\"attachment_12393\" style=\"width: 1610px\" class=\"wp-caption aligncenter\"><a href=\"https:\/\/blog.erm.ee\/wp-content\/uploads\/2019\/02\/Muusika_064653_ERM_A_1005_40.jpg\"><img loading=\"lazy\" decoding=\"async\" aria-describedby=\"caption-attachment-12393\" data-attachment-id=\"12393\" data-permalink=\"https:\/\/blog.erm.ee\/?attachment_id=12393#main\" data-orig-file=\"https:\/\/blog.erm.ee\/wp-content\/uploads\/2019\/02\/Muusika_064653_ERM_A_1005_40.jpg\" data-orig-size=\"1600,1576\" data-comments-opened=\"1\" data-image-meta=\"{&quot;aperture&quot;:&quot;20&quot;,&quot;credit&quot;:&quot;&quot;,&quot;camera&quot;:&quot;NIKON D200&quot;,&quot;caption&quot;:&quot;&quot;,&quot;created_timestamp&quot;:&quot;1319714697&quot;,&quot;copyright&quot;:&quot;&quot;,&quot;focal_length&quot;:&quot;42&quot;,&quot;iso&quot;:&quot;100&quot;,&quot;shutter_speed&quot;:&quot;0.016666666666667&quot;,&quot;title&quot;:&quot;&quot;,&quot;orientation&quot;:&quot;1&quot;}\" data-image-title=\"Muusika_064653_ERM_A_1005_40\" data-image-description=\"\" data-image-caption=\"&lt;p&gt;CD-plaat, Margus Hanson. (ERM A 1005:40)&lt;\/p&gt;\n\" data-large-file=\"https:\/\/blog.erm.ee\/wp-content\/uploads\/2019\/02\/Muusika_064653_ERM_A_1005_40-1024x1009.jpg\" class=\"size-full wp-image-12393\" src=\"https:\/\/blog.erm.ee\/wp-content\/uploads\/2019\/02\/Muusika_064653_ERM_A_1005_40.jpg\" alt=\"\" width=\"1600\" height=\"1576\" srcset=\"https:\/\/blog.erm.ee\/wp-content\/uploads\/2019\/02\/Muusika_064653_ERM_A_1005_40.jpg 1600w, https:\/\/blog.erm.ee\/wp-content\/uploads\/2019\/02\/Muusika_064653_ERM_A_1005_40-264x260.jpg 264w, https:\/\/blog.erm.ee\/wp-content\/uploads\/2019\/02\/Muusika_064653_ERM_A_1005_40-300x296.jpg 300w, https:\/\/blog.erm.ee\/wp-content\/uploads\/2019\/02\/Muusika_064653_ERM_A_1005_40-768x756.jpg 768w, https:\/\/blog.erm.ee\/wp-content\/uploads\/2019\/02\/Muusika_064653_ERM_A_1005_40-1024x1009.jpg 1024w, https:\/\/blog.erm.ee\/wp-content\/uploads\/2019\/02\/Muusika_064653_ERM_A_1005_40-50x50.jpg 50w\" sizes=\"auto, (max-width: 1600px) 100vw, 1600px\" \/><\/a><p id=\"caption-attachment-12393\" class=\"wp-caption-text\">CD-plaat, Margus Hanson. Riigikogu valimised 2011, Reformierakond (ERM A 1005:40)<\/p><\/div>\n<div id=\"attachment_12394\" style=\"width: 1610px\" class=\"wp-caption aligncenter\"><a href=\"https:\/\/blog.erm.ee\/wp-content\/uploads\/2019\/02\/Muusika_064654_ERM_A_1005_14.jpg\"><img loading=\"lazy\" decoding=\"async\" aria-describedby=\"caption-attachment-12394\" data-attachment-id=\"12394\" data-permalink=\"https:\/\/blog.erm.ee\/?attachment_id=12394#main\" data-orig-file=\"https:\/\/blog.erm.ee\/wp-content\/uploads\/2019\/02\/Muusika_064654_ERM_A_1005_14.jpg\" data-orig-size=\"1600,1516\" data-comments-opened=\"1\" data-image-meta=\"{&quot;aperture&quot;:&quot;20&quot;,&quot;credit&quot;:&quot;&quot;,&quot;camera&quot;:&quot;NIKON D200&quot;,&quot;caption&quot;:&quot;&quot;,&quot;created_timestamp&quot;:&quot;1319714739&quot;,&quot;copyright&quot;:&quot;&quot;,&quot;focal_length&quot;:&quot;44&quot;,&quot;iso&quot;:&quot;100&quot;,&quot;shutter_speed&quot;:&quot;0.016666666666667&quot;,&quot;title&quot;:&quot;&quot;,&quot;orientation&quot;:&quot;1&quot;}\" data-image-title=\"Muusika_064654_ERM_A_1005_14\" data-image-description=\"\" data-image-caption=\"&lt;p&gt;s&lt;\/p&gt;\n\" data-large-file=\"https:\/\/blog.erm.ee\/wp-content\/uploads\/2019\/02\/Muusika_064654_ERM_A_1005_14-1024x970.jpg\" class=\"size-full wp-image-12394\" src=\"https:\/\/blog.erm.ee\/wp-content\/uploads\/2019\/02\/Muusika_064654_ERM_A_1005_14.jpg\" alt=\"\" width=\"1600\" height=\"1516\" srcset=\"https:\/\/blog.erm.ee\/wp-content\/uploads\/2019\/02\/Muusika_064654_ERM_A_1005_14.jpg 1600w, https:\/\/blog.erm.ee\/wp-content\/uploads\/2019\/02\/Muusika_064654_ERM_A_1005_14-274x260.jpg 274w, https:\/\/blog.erm.ee\/wp-content\/uploads\/2019\/02\/Muusika_064654_ERM_A_1005_14-300x284.jpg 300w, https:\/\/blog.erm.ee\/wp-content\/uploads\/2019\/02\/Muusika_064654_ERM_A_1005_14-768x728.jpg 768w, https:\/\/blog.erm.ee\/wp-content\/uploads\/2019\/02\/Muusika_064654_ERM_A_1005_14-1024x970.jpg 1024w\" sizes=\"auto, (max-width: 1600px) 100vw, 1600px\" \/><\/a><p id=\"caption-attachment-12394\" class=\"wp-caption-text\">CD-plaat, Tsahkna ja s\u00f5brad. Riigikogu valimised 2011, IRL (ERM A 1005:14)<\/p><\/div>\n<div id=\"attachment_12395\" style=\"width: 1037px\" class=\"wp-caption aligncenter\"><a href=\"https:\/\/blog.erm.ee\/wp-content\/uploads\/2019\/02\/Kirjandus_ak_0350.jpg\"><img loading=\"lazy\" decoding=\"async\" aria-describedby=\"caption-attachment-12395\" data-attachment-id=\"12395\" data-permalink=\"https:\/\/blog.erm.ee\/?attachment_id=12395#main\" data-orig-file=\"https:\/\/blog.erm.ee\/wp-content\/uploads\/2019\/02\/Kirjandus_ak_0350.jpg\" data-orig-size=\"1027,1600\" data-comments-opened=\"1\" data-image-meta=\"{&quot;aperture&quot;:&quot;11&quot;,&quot;credit&quot;:&quot;&quot;,&quot;camera&quot;:&quot;NIKON D600&quot;,&quot;caption&quot;:&quot;&quot;,&quot;created_timestamp&quot;:&quot;1550149563&quot;,&quot;copyright&quot;:&quot;&quot;,&quot;focal_length&quot;:&quot;100&quot;,&quot;iso&quot;:&quot;100&quot;,&quot;shutter_speed&quot;:&quot;0.0125&quot;,&quot;title&quot;:&quot;&quot;,&quot;orientation&quot;:&quot;1&quot;}\" data-image-title=\"Kirjandus_ak_0350\" data-image-description=\"\" data-image-caption=\"\" data-large-file=\"https:\/\/blog.erm.ee\/wp-content\/uploads\/2019\/02\/Kirjandus_ak_0350-657x1024.jpg\" class=\"wp-image-12395 size-full\" src=\"https:\/\/blog.erm.ee\/wp-content\/uploads\/2019\/02\/Kirjandus_ak_0350.jpg\" alt=\"\" width=\"1027\" height=\"1600\" srcset=\"https:\/\/blog.erm.ee\/wp-content\/uploads\/2019\/02\/Kirjandus_ak_0350.jpg 1027w, https:\/\/blog.erm.ee\/wp-content\/uploads\/2019\/02\/Kirjandus_ak_0350-167x260.jpg 167w, https:\/\/blog.erm.ee\/wp-content\/uploads\/2019\/02\/Kirjandus_ak_0350-193x300.jpg 193w, https:\/\/blog.erm.ee\/wp-content\/uploads\/2019\/02\/Kirjandus_ak_0350-768x1196.jpg 768w, https:\/\/blog.erm.ee\/wp-content\/uploads\/2019\/02\/Kirjandus_ak_0350-657x1024.jpg 657w\" sizes=\"auto, (max-width: 1027px) 100vw, 1027px\" \/><\/a><p id=\"caption-attachment-12395\" class=\"wp-caption-text\">Juku-Kalle Raid &#8220;Eelarve. Friigikogu rahvuseepos&#8221;. Riigikogu valimised 2015, IRL<\/p><\/div>\n<div id=\"attachment_12396\" style=\"width: 1610px\" class=\"wp-caption aligncenter\"><a href=\"https:\/\/blog.erm.ee\/wp-content\/uploads\/2019\/02\/Film_ak_0367.jpg\"><img loading=\"lazy\" decoding=\"async\" aria-describedby=\"caption-attachment-12396\" data-attachment-id=\"12396\" data-permalink=\"https:\/\/blog.erm.ee\/?attachment_id=12396#main\" data-orig-file=\"https:\/\/blog.erm.ee\/wp-content\/uploads\/2019\/02\/Film_ak_0367.jpg\" data-orig-size=\"1600,1292\" data-comments-opened=\"1\" data-image-meta=\"{&quot;aperture&quot;:&quot;11&quot;,&quot;credit&quot;:&quot;&quot;,&quot;camera&quot;:&quot;NIKON D600&quot;,&quot;caption&quot;:&quot;&quot;,&quot;created_timestamp&quot;:&quot;1550150276&quot;,&quot;copyright&quot;:&quot;&quot;,&quot;focal_length&quot;:&quot;85&quot;,&quot;iso&quot;:&quot;100&quot;,&quot;shutter_speed&quot;:&quot;0.0125&quot;,&quot;title&quot;:&quot;&quot;,&quot;orientation&quot;:&quot;1&quot;}\" data-image-title=\"Film_ak_0367\" data-image-description=\"\" data-image-caption=\"&lt;p&gt;Film &amp;#8220;P\u00f5randa all&amp;#8221;. Riigikogu valimised 2015, Eesti Konservatiivne Rahvaerakond&lt;\/p&gt;\n\" data-large-file=\"https:\/\/blog.erm.ee\/wp-content\/uploads\/2019\/02\/Film_ak_0367-1024x827.jpg\" class=\"size-full wp-image-12396\" src=\"https:\/\/blog.erm.ee\/wp-content\/uploads\/2019\/02\/Film_ak_0367.jpg\" alt=\"\" width=\"1600\" height=\"1292\" srcset=\"https:\/\/blog.erm.ee\/wp-content\/uploads\/2019\/02\/Film_ak_0367.jpg 1600w, https:\/\/blog.erm.ee\/wp-content\/uploads\/2019\/02\/Film_ak_0367-322x260.jpg 322w, https:\/\/blog.erm.ee\/wp-content\/uploads\/2019\/02\/Film_ak_0367-300x242.jpg 300w, https:\/\/blog.erm.ee\/wp-content\/uploads\/2019\/02\/Film_ak_0367-768x620.jpg 768w, https:\/\/blog.erm.ee\/wp-content\/uploads\/2019\/02\/Film_ak_0367-1024x827.jpg 1024w\" sizes=\"auto, (max-width: 1600px) 100vw, 1600px\" \/><\/a><p id=\"caption-attachment-12396\" class=\"wp-caption-text\">Film &#8220;P\u00f5randa all&#8221;. Riigikogu valimised 2015, Eesti Konservatiivne Rahvaerakond<\/p><\/div>\n<h3>Ilu<\/h3>\n<p>Ilu ei s\u00fcnni patta panna, aga valimisreklaami ikka.<\/p>\n<div id=\"attachment_12398\" style=\"width: 1610px\" class=\"wp-caption aligncenter\"><a href=\"https:\/\/blog.erm.ee\/wp-content\/uploads\/2019\/02\/Ilu_ak_0381.jpg\"><img loading=\"lazy\" decoding=\"async\" aria-describedby=\"caption-attachment-12398\" data-attachment-id=\"12398\" data-permalink=\"https:\/\/blog.erm.ee\/?attachment_id=12398#main\" data-orig-file=\"https:\/\/blog.erm.ee\/wp-content\/uploads\/2019\/02\/Ilu_ak_0381.jpg\" data-orig-size=\"1600,1527\" data-comments-opened=\"1\" data-image-meta=\"{&quot;aperture&quot;:&quot;11&quot;,&quot;credit&quot;:&quot;&quot;,&quot;camera&quot;:&quot;NIKON D600&quot;,&quot;caption&quot;:&quot;&quot;,&quot;created_timestamp&quot;:&quot;1550151433&quot;,&quot;copyright&quot;:&quot;&quot;,&quot;focal_length&quot;:&quot;120&quot;,&quot;iso&quot;:&quot;100&quot;,&quot;shutter_speed&quot;:&quot;0.016666666666667&quot;,&quot;title&quot;:&quot;&quot;,&quot;orientation&quot;:&quot;1&quot;}\" data-image-title=\"Ilu_ak_0381\" data-image-description=\"\" data-image-caption=\"\" data-large-file=\"https:\/\/blog.erm.ee\/wp-content\/uploads\/2019\/02\/Ilu_ak_0381-1024x977.jpg\" class=\"wp-image-12398 size-full\" src=\"https:\/\/blog.erm.ee\/wp-content\/uploads\/2019\/02\/Ilu_ak_0381.jpg\" alt=\"\" width=\"1600\" height=\"1527\" srcset=\"https:\/\/blog.erm.ee\/wp-content\/uploads\/2019\/02\/Ilu_ak_0381.jpg 1600w, https:\/\/blog.erm.ee\/wp-content\/uploads\/2019\/02\/Ilu_ak_0381-272x260.jpg 272w, https:\/\/blog.erm.ee\/wp-content\/uploads\/2019\/02\/Ilu_ak_0381-300x286.jpg 300w, https:\/\/blog.erm.ee\/wp-content\/uploads\/2019\/02\/Ilu_ak_0381-768x733.jpg 768w, https:\/\/blog.erm.ee\/wp-content\/uploads\/2019\/02\/Ilu_ak_0381-1024x977.jpg 1024w\" sizes=\"auto, (max-width: 1600px) 100vw, 1600px\" \/><\/a><p id=\"caption-attachment-12398\" class=\"wp-caption-text\">Taskupeegel. Riigikogu valimised 2011\/2015, SDE<\/p><\/div>\n<div id=\"attachment_12397\" style=\"width: 431px\" class=\"wp-caption alignnone\"><a href=\"https:\/\/blog.erm.ee\/wp-content\/uploads\/2019\/02\/Ilu_064524_ERM_A_1005_52.jpg\"><img loading=\"lazy\" decoding=\"async\" aria-describedby=\"caption-attachment-12397\" data-attachment-id=\"12397\" data-permalink=\"https:\/\/blog.erm.ee\/?attachment_id=12397#main\" data-orig-file=\"https:\/\/blog.erm.ee\/wp-content\/uploads\/2019\/02\/Ilu_064524_ERM_A_1005_52.jpg\" data-orig-size=\"664,1600\" data-comments-opened=\"1\" data-image-meta=\"{&quot;aperture&quot;:&quot;13&quot;,&quot;credit&quot;:&quot;&quot;,&quot;camera&quot;:&quot;NIKON D200&quot;,&quot;caption&quot;:&quot;&quot;,&quot;created_timestamp&quot;:&quot;1319629428&quot;,&quot;copyright&quot;:&quot;&quot;,&quot;focal_length&quot;:&quot;50&quot;,&quot;iso&quot;:&quot;100&quot;,&quot;shutter_speed&quot;:&quot;0.016666666666667&quot;,&quot;title&quot;:&quot;&quot;,&quot;orientation&quot;:&quot;1&quot;}\" data-image-title=\"Ilu_064524_ERM_A_1005_52\" data-image-description=\"\" data-image-caption=\"\" data-large-file=\"https:\/\/blog.erm.ee\/wp-content\/uploads\/2019\/02\/Ilu_064524_ERM_A_1005_52-425x1024.jpg\" class=\"wp-image-12397 size-large\" src=\"https:\/\/blog.erm.ee\/wp-content\/uploads\/2019\/02\/Ilu_064524_ERM_A_1005_52-425x1024.jpg\" alt=\"\" width=\"425\" height=\"1024\" srcset=\"https:\/\/blog.erm.ee\/wp-content\/uploads\/2019\/02\/Ilu_064524_ERM_A_1005_52-425x1024.jpg 425w, https:\/\/blog.erm.ee\/wp-content\/uploads\/2019\/02\/Ilu_064524_ERM_A_1005_52-108x260.jpg 108w, https:\/\/blog.erm.ee\/wp-content\/uploads\/2019\/02\/Ilu_064524_ERM_A_1005_52-125x300.jpg 125w, https:\/\/blog.erm.ee\/wp-content\/uploads\/2019\/02\/Ilu_064524_ERM_A_1005_52.jpg 664w\" sizes=\"auto, (max-width: 425px) 100vw, 425px\" \/><\/a><p id=\"caption-attachment-12397\" class=\"wp-caption-text\">Huulepulk. Riigikogu valimised 2007, Rahvaliit (ERM A 1005:52)<\/p><\/div>\n<h3>Kaitse<\/h3>\n<p>Kaitsek\u00fcsimused on olulised nii riiklikul kui ka \u00fcksikisiku tasandil.<\/p>\n<div id=\"attachment_12401\" style=\"width: 710px\" class=\"wp-caption aligncenter\"><a href=\"https:\/\/blog.erm.ee\/wp-content\/uploads\/2019\/02\/Kaitse_064631_ERM_A_1005_34_kummid.jpg\"><img loading=\"lazy\" decoding=\"async\" aria-describedby=\"caption-attachment-12401\" data-attachment-id=\"12401\" data-permalink=\"https:\/\/blog.erm.ee\/?attachment_id=12401#main\" data-orig-file=\"https:\/\/blog.erm.ee\/wp-content\/uploads\/2019\/02\/Kaitse_064631_ERM_A_1005_34_kummid.jpg\" data-orig-size=\"2119,1554\" data-comments-opened=\"1\" data-image-meta=\"{&quot;aperture&quot;:&quot;0&quot;,&quot;credit&quot;:&quot;&quot;,&quot;camera&quot;:&quot;&quot;,&quot;caption&quot;:&quot;&quot;,&quot;created_timestamp&quot;:&quot;0&quot;,&quot;copyright&quot;:&quot;&quot;,&quot;focal_length&quot;:&quot;0&quot;,&quot;iso&quot;:&quot;0&quot;,&quot;shutter_speed&quot;:&quot;0&quot;,&quot;title&quot;:&quot;&quot;,&quot;orientation&quot;:&quot;0&quot;}\" data-image-title=\"Kaitse_064631_ERM_A_1005_34_kummid\" data-image-description=\"\" data-image-caption=\"&lt;p&gt;Kondoomipakendid. Riigikogu valimised 2007, Reformierakond (ERM A 1005:33 ja ERM A 1005:34)&lt;\/p&gt;\n\" data-large-file=\"https:\/\/blog.erm.ee\/wp-content\/uploads\/2019\/02\/Kaitse_064631_ERM_A_1005_34_kummid-1024x751.jpg\" class=\"size-large wp-image-12401\" src=\"https:\/\/blog.erm.ee\/wp-content\/uploads\/2019\/02\/Kaitse_064631_ERM_A_1005_34_kummid-1024x751.jpg\" alt=\"\" width=\"700\" height=\"513\" srcset=\"https:\/\/blog.erm.ee\/wp-content\/uploads\/2019\/02\/Kaitse_064631_ERM_A_1005_34_kummid-1024x751.jpg 1024w, https:\/\/blog.erm.ee\/wp-content\/uploads\/2019\/02\/Kaitse_064631_ERM_A_1005_34_kummid-355x260.jpg 355w, https:\/\/blog.erm.ee\/wp-content\/uploads\/2019\/02\/Kaitse_064631_ERM_A_1005_34_kummid-300x220.jpg 300w, https:\/\/blog.erm.ee\/wp-content\/uploads\/2019\/02\/Kaitse_064631_ERM_A_1005_34_kummid-768x563.jpg 768w\" sizes=\"auto, (max-width: 700px) 100vw, 700px\" \/><\/a><p id=\"caption-attachment-12401\" class=\"wp-caption-text\">Kondoomipakendid. Riigikogu valimised 2007, Reformierakond (ERM A 1005:33 ja ERM A 1005:34)<\/p><\/div>\n<h3>Esikaanestaarid ja suured tiitlid<\/h3>\n<p>Kelle k\u00e4es on marssalikepike, dirigendikepp, t\u00fc\u00fcr v\u00f5i rooliratas ning milliseid muudatusi nad valimiste v\u00f5itmise j\u00e4rel juhtima hakkaksid, selgub eriv\u00e4ljaannetest.<\/p>\n<div id=\"attachment_12404\" style=\"width: 710px\" class=\"wp-caption aligncenter\"><a href=\"https:\/\/blog.erm.ee\/wp-content\/uploads\/2019\/02\/Suured-tiitlid_ak_0369.jpg\"><img loading=\"lazy\" decoding=\"async\" aria-describedby=\"caption-attachment-12404\" data-attachment-id=\"12404\" data-permalink=\"https:\/\/blog.erm.ee\/?attachment_id=12404#main\" data-orig-file=\"https:\/\/blog.erm.ee\/wp-content\/uploads\/2019\/02\/Suured-tiitlid_ak_0369.jpg\" data-orig-size=\"1600,1429\" data-comments-opened=\"1\" data-image-meta=\"{&quot;aperture&quot;:&quot;11&quot;,&quot;credit&quot;:&quot;&quot;,&quot;camera&quot;:&quot;NIKON D600&quot;,&quot;caption&quot;:&quot;&quot;,&quot;created_timestamp&quot;:&quot;1550150922&quot;,&quot;copyright&quot;:&quot;&quot;,&quot;focal_length&quot;:&quot;46&quot;,&quot;iso&quot;:&quot;100&quot;,&quot;shutter_speed&quot;:&quot;0.0125&quot;,&quot;title&quot;:&quot;&quot;,&quot;orientation&quot;:&quot;1&quot;}\" data-image-title=\"Suured tiitlid_ak_0369\" data-image-description=\"\" data-image-caption=\"\" data-large-file=\"https:\/\/blog.erm.ee\/wp-content\/uploads\/2019\/02\/Suured-tiitlid_ak_0369-1024x915.jpg\" class=\"wp-image-12404 size-large\" src=\"https:\/\/blog.erm.ee\/wp-content\/uploads\/2019\/02\/Suured-tiitlid_ak_0369-1024x915.jpg\" alt=\"\" width=\"700\" height=\"625\" srcset=\"https:\/\/blog.erm.ee\/wp-content\/uploads\/2019\/02\/Suured-tiitlid_ak_0369-1024x915.jpg 1024w, https:\/\/blog.erm.ee\/wp-content\/uploads\/2019\/02\/Suured-tiitlid_ak_0369-291x260.jpg 291w, https:\/\/blog.erm.ee\/wp-content\/uploads\/2019\/02\/Suured-tiitlid_ak_0369-300x268.jpg 300w, https:\/\/blog.erm.ee\/wp-content\/uploads\/2019\/02\/Suured-tiitlid_ak_0369-768x686.jpg 768w, https:\/\/blog.erm.ee\/wp-content\/uploads\/2019\/02\/Suured-tiitlid_ak_0369.jpg 1600w\" sizes=\"auto, (max-width: 700px) 100vw, 700px\" \/><\/a><p id=\"caption-attachment-12404\" class=\"wp-caption-text\">Valimiste eriv\u00e4ljaanne &#8220;\u00c4raostmatu&#8221;. Riigikogu valimised 2007, IRL<\/p><\/div>\n<div id=\"attachment_12403\" style=\"width: 710px\" class=\"wp-caption aligncenter\"><a href=\"https:\/\/blog.erm.ee\/wp-content\/uploads\/2019\/02\/Suured-tiitlid_ak_0366.jpg\"><img loading=\"lazy\" decoding=\"async\" aria-describedby=\"caption-attachment-12403\" data-attachment-id=\"12403\" data-permalink=\"https:\/\/blog.erm.ee\/?attachment_id=12403#main\" data-orig-file=\"https:\/\/blog.erm.ee\/wp-content\/uploads\/2019\/02\/Suured-tiitlid_ak_0366.jpg\" data-orig-size=\"1600,1386\" data-comments-opened=\"1\" data-image-meta=\"{&quot;aperture&quot;:&quot;11&quot;,&quot;credit&quot;:&quot;&quot;,&quot;camera&quot;:&quot;NIKON D600&quot;,&quot;caption&quot;:&quot;&quot;,&quot;created_timestamp&quot;:&quot;1550150250&quot;,&quot;copyright&quot;:&quot;&quot;,&quot;focal_length&quot;:&quot;44&quot;,&quot;iso&quot;:&quot;100&quot;,&quot;shutter_speed&quot;:&quot;0.0125&quot;,&quot;title&quot;:&quot;&quot;,&quot;orientation&quot;:&quot;1&quot;}\" data-image-title=\"Suured tiitlid_ak_0366\" data-image-description=\"\" data-image-caption=\"\" data-large-file=\"https:\/\/blog.erm.ee\/wp-content\/uploads\/2019\/02\/Suured-tiitlid_ak_0366-1024x887.jpg\" class=\"wp-image-12403 size-large\" src=\"https:\/\/blog.erm.ee\/wp-content\/uploads\/2019\/02\/Suured-tiitlid_ak_0366-1024x887.jpg\" alt=\"\" width=\"700\" height=\"606\" srcset=\"https:\/\/blog.erm.ee\/wp-content\/uploads\/2019\/02\/Suured-tiitlid_ak_0366-1024x887.jpg 1024w, https:\/\/blog.erm.ee\/wp-content\/uploads\/2019\/02\/Suured-tiitlid_ak_0366-300x260.jpg 300w, https:\/\/blog.erm.ee\/wp-content\/uploads\/2019\/02\/Suured-tiitlid_ak_0366-768x665.jpg 768w, https:\/\/blog.erm.ee\/wp-content\/uploads\/2019\/02\/Suured-tiitlid_ak_0366.jpg 1600w\" sizes=\"auto, (max-width: 700px) 100vw, 700px\" \/><\/a><p id=\"caption-attachment-12403\" class=\"wp-caption-text\">Keskerakonna ajakiri &#8220;Dirigent&#8221;. Riigikogu valimised 2007, Keskerakond<\/p><\/div>\n<h3>Majapidamine<\/h3>\n<p>Kui aknaklaas on must, ulatab abik\u00e4e m\u00f5ni kandidaat.<\/p>\n<div id=\"attachment_12402\" style=\"width: 520px\" class=\"wp-caption aligncenter\"><a href=\"https:\/\/blog.erm.ee\/wp-content\/uploads\/2019\/02\/Majapidamine_064520_ERM_A_1005_22.jpg\"><img loading=\"lazy\" decoding=\"async\" aria-describedby=\"caption-attachment-12402\" data-attachment-id=\"12402\" data-permalink=\"https:\/\/blog.erm.ee\/?attachment_id=12402#main\" data-orig-file=\"https:\/\/blog.erm.ee\/wp-content\/uploads\/2019\/02\/Majapidamine_064520_ERM_A_1005_22.jpg\" data-orig-size=\"803,1600\" data-comments-opened=\"1\" data-image-meta=\"{&quot;aperture&quot;:&quot;13&quot;,&quot;credit&quot;:&quot;&quot;,&quot;camera&quot;:&quot;NIKON D200&quot;,&quot;caption&quot;:&quot;&quot;,&quot;created_timestamp&quot;:&quot;1319629132&quot;,&quot;copyright&quot;:&quot;&quot;,&quot;focal_length&quot;:&quot;90&quot;,&quot;iso&quot;:&quot;100&quot;,&quot;shutter_speed&quot;:&quot;0.016666666666667&quot;,&quot;title&quot;:&quot;&quot;,&quot;orientation&quot;:&quot;1&quot;}\" data-image-title=\"Majapidamine_064520_ERM_A_1005_22\" data-image-description=\"\" data-image-caption=\"&lt;p&gt;Klaasipuhastusvahend. Riigikogu valmised 2007, Reformierakond (ERM A 1005:22)&lt;\/p&gt;\n\" data-large-file=\"https:\/\/blog.erm.ee\/wp-content\/uploads\/2019\/02\/Majapidamine_064520_ERM_A_1005_22-514x1024.jpg\" class=\"size-large wp-image-12402\" src=\"https:\/\/blog.erm.ee\/wp-content\/uploads\/2019\/02\/Majapidamine_064520_ERM_A_1005_22-514x1024.jpg\" alt=\"\" width=\"514\" height=\"1024\" srcset=\"https:\/\/blog.erm.ee\/wp-content\/uploads\/2019\/02\/Majapidamine_064520_ERM_A_1005_22-514x1024.jpg 514w, https:\/\/blog.erm.ee\/wp-content\/uploads\/2019\/02\/Majapidamine_064520_ERM_A_1005_22-130x260.jpg 130w, https:\/\/blog.erm.ee\/wp-content\/uploads\/2019\/02\/Majapidamine_064520_ERM_A_1005_22-151x300.jpg 151w, https:\/\/blog.erm.ee\/wp-content\/uploads\/2019\/02\/Majapidamine_064520_ERM_A_1005_22-768x1530.jpg 768w, https:\/\/blog.erm.ee\/wp-content\/uploads\/2019\/02\/Majapidamine_064520_ERM_A_1005_22.jpg 803w\" sizes=\"auto, (max-width: 514px) 100vw, 514px\" \/><\/a><p id=\"caption-attachment-12402\" class=\"wp-caption-text\">Klaasipuhastusvahend. Riigikogu valmised 2007, Reformierakond (ERM A 1005:22)<\/p><\/div>\n<h3>Isamaa-armastus ja kihelkonnav\u00e4rvid<\/h3>\n<p>Kellele trikoloor, kellele h\u00fcmn, kellele seelikutriibud.<\/p>\n<div id=\"attachment_12406\" style=\"width: 462px\" class=\"wp-caption aligncenter\"><a href=\"https:\/\/blog.erm.ee\/wp-content\/uploads\/2019\/02\/Patriotism_ak_0351.jpg\"><img loading=\"lazy\" decoding=\"async\" aria-describedby=\"caption-attachment-12406\" data-attachment-id=\"12406\" data-permalink=\"https:\/\/blog.erm.ee\/?attachment_id=12406#main\" data-orig-file=\"https:\/\/blog.erm.ee\/wp-content\/uploads\/2019\/02\/Patriotism_ak_0351.jpg\" data-orig-size=\"712,1600\" data-comments-opened=\"1\" data-image-meta=\"{&quot;aperture&quot;:&quot;11&quot;,&quot;credit&quot;:&quot;&quot;,&quot;camera&quot;:&quot;NIKON D600&quot;,&quot;caption&quot;:&quot;&quot;,&quot;created_timestamp&quot;:&quot;1550149607&quot;,&quot;copyright&quot;:&quot;&quot;,&quot;focal_length&quot;:&quot;98&quot;,&quot;iso&quot;:&quot;100&quot;,&quot;shutter_speed&quot;:&quot;0.0125&quot;,&quot;title&quot;:&quot;&quot;,&quot;orientation&quot;:&quot;1&quot;}\" data-image-title=\"Patriotism_ak_0351\" data-image-description=\"\" data-image-caption=\"&lt;p&gt;Eesti lipp. &lt;\/p&gt;\n\" data-large-file=\"https:\/\/blog.erm.ee\/wp-content\/uploads\/2019\/02\/Patriotism_ak_0351-456x1024.jpg\" class=\"size-large wp-image-12406\" src=\"https:\/\/blog.erm.ee\/wp-content\/uploads\/2019\/02\/Patriotism_ak_0351-456x1024.jpg\" alt=\"\" width=\"456\" height=\"1024\" srcset=\"https:\/\/blog.erm.ee\/wp-content\/uploads\/2019\/02\/Patriotism_ak_0351-456x1024.jpg 456w, https:\/\/blog.erm.ee\/wp-content\/uploads\/2019\/02\/Patriotism_ak_0351-116x260.jpg 116w, https:\/\/blog.erm.ee\/wp-content\/uploads\/2019\/02\/Patriotism_ak_0351-134x300.jpg 134w, https:\/\/blog.erm.ee\/wp-content\/uploads\/2019\/02\/Patriotism_ak_0351.jpg 712w\" sizes=\"auto, (max-width: 456px) 100vw, 456px\" \/><\/a><p id=\"caption-attachment-12406\" class=\"wp-caption-text\">Eesti laualipp. Riigikogu valimised 2007, IRL<\/p><\/div>\n<div id=\"attachment_12405\" style=\"width: 710px\" class=\"wp-caption aligncenter\"><a href=\"https:\/\/blog.erm.ee\/wp-content\/uploads\/2019\/02\/Kihelkonnav\u00e4rvid_ak_0354_triibud.jpg\"><img loading=\"lazy\" decoding=\"async\" aria-describedby=\"caption-attachment-12405\" data-attachment-id=\"12405\" data-permalink=\"https:\/\/blog.erm.ee\/?attachment_id=12405#main\" data-orig-file=\"https:\/\/blog.erm.ee\/wp-content\/uploads\/2019\/02\/Kihelkonnav\u00e4rvid_ak_0354_triibud.jpg\" data-orig-size=\"3130,1326\" data-comments-opened=\"1\" data-image-meta=\"{&quot;aperture&quot;:&quot;0&quot;,&quot;credit&quot;:&quot;&quot;,&quot;camera&quot;:&quot;&quot;,&quot;caption&quot;:&quot;&quot;,&quot;created_timestamp&quot;:&quot;0&quot;,&quot;copyright&quot;:&quot;&quot;,&quot;focal_length&quot;:&quot;0&quot;,&quot;iso&quot;:&quot;0&quot;,&quot;shutter_speed&quot;:&quot;0&quot;,&quot;title&quot;:&quot;&quot;,&quot;orientation&quot;:&quot;0&quot;}\" data-image-title=\"Kihelkonnav\u00e4rvid_ak_0354_triibud\" data-image-description=\"\" data-image-caption=\"&lt;p&gt;Riigikogu valimised 2007, IRL&lt;\/p&gt;\n\" data-large-file=\"https:\/\/blog.erm.ee\/wp-content\/uploads\/2019\/02\/Kihelkonnav\u00e4rvid_ak_0354_triibud-1024x434.jpg\" class=\"size-large wp-image-12405\" src=\"https:\/\/blog.erm.ee\/wp-content\/uploads\/2019\/02\/Kihelkonnav\u00e4rvid_ak_0354_triibud-1024x434.jpg\" alt=\"\" width=\"700\" height=\"297\" srcset=\"https:\/\/blog.erm.ee\/wp-content\/uploads\/2019\/02\/Kihelkonnav\u00e4rvid_ak_0354_triibud-1024x434.jpg 1024w, https:\/\/blog.erm.ee\/wp-content\/uploads\/2019\/02\/Kihelkonnav\u00e4rvid_ak_0354_triibud-460x195.jpg 460w, https:\/\/blog.erm.ee\/wp-content\/uploads\/2019\/02\/Kihelkonnav\u00e4rvid_ak_0354_triibud-300x127.jpg 300w, https:\/\/blog.erm.ee\/wp-content\/uploads\/2019\/02\/Kihelkonnav\u00e4rvid_ak_0354_triibud-768x325.jpg 768w\" sizes=\"auto, (max-width: 700px) 100vw, 700px\" \/><\/a><p id=\"caption-attachment-12405\" class=\"wp-caption-text\">Valimisreklaam Eesti h\u00fcmniga. Riigikogu valimised 2007, IRL<\/p><\/div>\n<h3>Tervis<\/h3>\n<p>Hambapesust &#8220;joo-see-tee-sidruniga&#8221; ja tasku-luup-joonlaudadeni.<\/p>\n<div id=\"attachment_12407\" style=\"width: 710px\" class=\"wp-caption aligncenter\"><a href=\"https:\/\/blog.erm.ee\/wp-content\/uploads\/2019\/02\/Tervis_ak_0337.jpg\"><img loading=\"lazy\" decoding=\"async\" aria-describedby=\"caption-attachment-12407\" data-attachment-id=\"12407\" data-permalink=\"https:\/\/blog.erm.ee\/?attachment_id=12407#main\" data-orig-file=\"https:\/\/blog.erm.ee\/wp-content\/uploads\/2019\/02\/Tervis_ak_0337.jpg\" data-orig-size=\"1600,944\" data-comments-opened=\"1\" data-image-meta=\"{&quot;aperture&quot;:&quot;11&quot;,&quot;credit&quot;:&quot;&quot;,&quot;camera&quot;:&quot;NIKON D600&quot;,&quot;caption&quot;:&quot;&quot;,&quot;created_timestamp&quot;:&quot;1550149191&quot;,&quot;copyright&quot;:&quot;&quot;,&quot;focal_length&quot;:&quot;120&quot;,&quot;iso&quot;:&quot;100&quot;,&quot;shutter_speed&quot;:&quot;0.016666666666667&quot;,&quot;title&quot;:&quot;&quot;,&quot;orientation&quot;:&quot;1&quot;}\" data-image-title=\"Tervis_ak_0337\" data-image-description=\"\" data-image-caption=\"\" data-large-file=\"https:\/\/blog.erm.ee\/wp-content\/uploads\/2019\/02\/Tervis_ak_0337-1024x604.jpg\" class=\"wp-image-12407 size-large\" src=\"https:\/\/blog.erm.ee\/wp-content\/uploads\/2019\/02\/Tervis_ak_0337-1024x604.jpg\" alt=\"\" width=\"700\" height=\"413\" srcset=\"https:\/\/blog.erm.ee\/wp-content\/uploads\/2019\/02\/Tervis_ak_0337-1024x604.jpg 1024w, https:\/\/blog.erm.ee\/wp-content\/uploads\/2019\/02\/Tervis_ak_0337-441x260.jpg 441w, https:\/\/blog.erm.ee\/wp-content\/uploads\/2019\/02\/Tervis_ak_0337-300x177.jpg 300w, https:\/\/blog.erm.ee\/wp-content\/uploads\/2019\/02\/Tervis_ak_0337-768x453.jpg 768w, https:\/\/blog.erm.ee\/wp-content\/uploads\/2019\/02\/Tervis_ak_0337.jpg 1600w\" sizes=\"auto, (max-width: 700px) 100vw, 700px\" \/><\/a><p id=\"caption-attachment-12407\" class=\"wp-caption-text\">Hambahari. Reformierakond<\/p><\/div>\n<div id=\"attachment_12408\" style=\"width: 710px\" class=\"wp-caption aligncenter\"><a href=\"https:\/\/blog.erm.ee\/wp-content\/uploads\/2019\/02\/Tervis_ak_0339.jpg\"><img loading=\"lazy\" decoding=\"async\" aria-describedby=\"caption-attachment-12408\" data-attachment-id=\"12408\" data-permalink=\"https:\/\/blog.erm.ee\/?attachment_id=12408#main\" data-orig-file=\"https:\/\/blog.erm.ee\/wp-content\/uploads\/2019\/02\/Tervis_ak_0339.jpg\" data-orig-size=\"1178,1600\" data-comments-opened=\"1\" data-image-meta=\"{&quot;aperture&quot;:&quot;11&quot;,&quot;credit&quot;:&quot;&quot;,&quot;camera&quot;:&quot;NIKON D600&quot;,&quot;caption&quot;:&quot;&quot;,&quot;created_timestamp&quot;:&quot;1550149281&quot;,&quot;copyright&quot;:&quot;&quot;,&quot;focal_length&quot;:&quot;85&quot;,&quot;iso&quot;:&quot;100&quot;,&quot;shutter_speed&quot;:&quot;0.016666666666667&quot;,&quot;title&quot;:&quot;&quot;,&quot;orientation&quot;:&quot;1&quot;}\" data-image-title=\"Tervis_ak_0339\" data-image-description=\"\" data-image-caption=\"&lt;p&gt;Taimetee. &lt;\/p&gt;\n\" data-large-file=\"https:\/\/blog.erm.ee\/wp-content\/uploads\/2019\/02\/Tervis_ak_0339-754x1024.jpg\" class=\"size-large wp-image-12408\" src=\"https:\/\/blog.erm.ee\/wp-content\/uploads\/2019\/02\/Tervis_ak_0339-754x1024.jpg\" alt=\"\" width=\"700\" height=\"951\" srcset=\"https:\/\/blog.erm.ee\/wp-content\/uploads\/2019\/02\/Tervis_ak_0339-754x1024.jpg 754w, https:\/\/blog.erm.ee\/wp-content\/uploads\/2019\/02\/Tervis_ak_0339-191x260.jpg 191w, https:\/\/blog.erm.ee\/wp-content\/uploads\/2019\/02\/Tervis_ak_0339-221x300.jpg 221w, https:\/\/blog.erm.ee\/wp-content\/uploads\/2019\/02\/Tervis_ak_0339-768x1043.jpg 768w, https:\/\/blog.erm.ee\/wp-content\/uploads\/2019\/02\/Tervis_ak_0339.jpg 1178w\" sizes=\"auto, (max-width: 700px) 100vw, 700px\" \/><\/a><p id=\"caption-attachment-12408\" class=\"wp-caption-text\">Taimetee. Riigikogu valimised 2015, Keskerakond<\/p><\/div>\n<div id=\"attachment_12409\" style=\"width: 557px\" class=\"wp-caption aligncenter\"><a href=\"https:\/\/blog.erm.ee\/wp-content\/uploads\/2019\/02\/Tervis_064646_ERM_A_1005_53.jpg\"><img loading=\"lazy\" decoding=\"async\" aria-describedby=\"caption-attachment-12409\" data-attachment-id=\"12409\" data-permalink=\"https:\/\/blog.erm.ee\/?attachment_id=12409#main\" data-orig-file=\"https:\/\/blog.erm.ee\/wp-content\/uploads\/2019\/02\/Tervis_064646_ERM_A_1005_53.jpg\" data-orig-size=\"861,1600\" data-comments-opened=\"1\" data-image-meta=\"{&quot;aperture&quot;:&quot;20&quot;,&quot;credit&quot;:&quot;&quot;,&quot;camera&quot;:&quot;NIKON D200&quot;,&quot;caption&quot;:&quot;&quot;,&quot;created_timestamp&quot;:&quot;1319714382&quot;,&quot;copyright&quot;:&quot;&quot;,&quot;focal_length&quot;:&quot;50&quot;,&quot;iso&quot;:&quot;100&quot;,&quot;shutter_speed&quot;:&quot;0.016666666666667&quot;,&quot;title&quot;:&quot;&quot;,&quot;orientation&quot;:&quot;1&quot;}\" data-image-title=\"Tervis_064646_ERM_A_1005_53\" data-image-description=\"\" data-image-caption=\"\" data-large-file=\"https:\/\/blog.erm.ee\/wp-content\/uploads\/2019\/02\/Tervis_064646_ERM_A_1005_53-551x1024.jpg\" class=\"wp-image-12409 size-large\" src=\"https:\/\/blog.erm.ee\/wp-content\/uploads\/2019\/02\/Tervis_064646_ERM_A_1005_53-551x1024.jpg\" alt=\"\" width=\"551\" height=\"1024\" srcset=\"https:\/\/blog.erm.ee\/wp-content\/uploads\/2019\/02\/Tervis_064646_ERM_A_1005_53-551x1024.jpg 551w, https:\/\/blog.erm.ee\/wp-content\/uploads\/2019\/02\/Tervis_064646_ERM_A_1005_53-140x260.jpg 140w, https:\/\/blog.erm.ee\/wp-content\/uploads\/2019\/02\/Tervis_064646_ERM_A_1005_53-161x300.jpg 161w, https:\/\/blog.erm.ee\/wp-content\/uploads\/2019\/02\/Tervis_064646_ERM_A_1005_53-768x1427.jpg 768w, https:\/\/blog.erm.ee\/wp-content\/uploads\/2019\/02\/Tervis_064646_ERM_A_1005_53.jpg 861w\" sizes=\"auto, (max-width: 551px) 100vw, 551px\" \/><\/a><p id=\"caption-attachment-12409\" class=\"wp-caption-text\">Kibuvitsa-hibiskitee. KOV valimised 2011, Eestimaa Rahvaliit<\/p><\/div>\n<div id=\"attachment_12410\" style=\"width: 710px\" class=\"wp-caption aligncenter\"><a href=\"https:\/\/blog.erm.ee\/wp-content\/uploads\/2019\/02\/Tervis_ak_0335.jpg\"><img loading=\"lazy\" decoding=\"async\" aria-describedby=\"caption-attachment-12410\" data-attachment-id=\"12410\" data-permalink=\"https:\/\/blog.erm.ee\/?attachment_id=12410#main\" data-orig-file=\"https:\/\/blog.erm.ee\/wp-content\/uploads\/2019\/02\/Tervis_ak_0335.jpg\" data-orig-size=\"1204,1600\" data-comments-opened=\"1\" data-image-meta=\"{&quot;aperture&quot;:&quot;11&quot;,&quot;credit&quot;:&quot;&quot;,&quot;camera&quot;:&quot;NIKON D600&quot;,&quot;caption&quot;:&quot;&quot;,&quot;created_timestamp&quot;:&quot;1550149050&quot;,&quot;copyright&quot;:&quot;&quot;,&quot;focal_length&quot;:&quot;120&quot;,&quot;iso&quot;:&quot;100&quot;,&quot;shutter_speed&quot;:&quot;0.016666666666667&quot;,&quot;title&quot;:&quot;&quot;,&quot;orientation&quot;:&quot;1&quot;}\" data-image-title=\"Tervis_ak_0335\" data-image-description=\"\" data-image-caption=\"\" data-large-file=\"https:\/\/blog.erm.ee\/wp-content\/uploads\/2019\/02\/Tervis_ak_0335-771x1024.jpg\" class=\"wp-image-12410 size-large\" src=\"https:\/\/blog.erm.ee\/wp-content\/uploads\/2019\/02\/Tervis_ak_0335-771x1024.jpg\" alt=\"\" width=\"700\" height=\"930\" srcset=\"https:\/\/blog.erm.ee\/wp-content\/uploads\/2019\/02\/Tervis_ak_0335-771x1024.jpg 771w, https:\/\/blog.erm.ee\/wp-content\/uploads\/2019\/02\/Tervis_ak_0335-196x260.jpg 196w, https:\/\/blog.erm.ee\/wp-content\/uploads\/2019\/02\/Tervis_ak_0335-226x300.jpg 226w, https:\/\/blog.erm.ee\/wp-content\/uploads\/2019\/02\/Tervis_ak_0335-768x1021.jpg 768w, https:\/\/blog.erm.ee\/wp-content\/uploads\/2019\/02\/Tervis_ak_0335.jpg 1204w\" sizes=\"auto, (max-width: 700px) 100vw, 700px\" \/><\/a><p id=\"caption-attachment-12410\" class=\"wp-caption-text\">Meepurk. Riigikogu valimised 2015, Reformierakond.<\/p><\/div>\n<div id=\"attachment_12411\" style=\"width: 710px\" class=\"wp-caption aligncenter\"><a href=\"https:\/\/blog.erm.ee\/wp-content\/uploads\/2019\/02\/Tervis_ak_0336.jpg\"><img loading=\"lazy\" decoding=\"async\" aria-describedby=\"caption-attachment-12411\" data-attachment-id=\"12411\" data-permalink=\"https:\/\/blog.erm.ee\/?attachment_id=12411#main\" data-orig-file=\"https:\/\/blog.erm.ee\/wp-content\/uploads\/2019\/02\/Tervis_ak_0336.jpg\" data-orig-size=\"1600,1509\" data-comments-opened=\"1\" data-image-meta=\"{&quot;aperture&quot;:&quot;11&quot;,&quot;credit&quot;:&quot;&quot;,&quot;camera&quot;:&quot;NIKON D600&quot;,&quot;caption&quot;:&quot;&quot;,&quot;created_timestamp&quot;:&quot;1550149141&quot;,&quot;copyright&quot;:&quot;&quot;,&quot;focal_length&quot;:&quot;120&quot;,&quot;iso&quot;:&quot;100&quot;,&quot;shutter_speed&quot;:&quot;0.016666666666667&quot;,&quot;title&quot;:&quot;&quot;,&quot;orientation&quot;:&quot;1&quot;}\" data-image-title=\"Tervis_ak_0336\" data-image-description=\"\" data-image-caption=\"\" data-large-file=\"https:\/\/blog.erm.ee\/wp-content\/uploads\/2019\/02\/Tervis_ak_0336-1024x966.jpg\" class=\"wp-image-12411 size-large\" src=\"https:\/\/blog.erm.ee\/wp-content\/uploads\/2019\/02\/Tervis_ak_0336-1024x966.jpg\" alt=\"\" width=\"700\" height=\"660\" srcset=\"https:\/\/blog.erm.ee\/wp-content\/uploads\/2019\/02\/Tervis_ak_0336-1024x966.jpg 1024w, https:\/\/blog.erm.ee\/wp-content\/uploads\/2019\/02\/Tervis_ak_0336-276x260.jpg 276w, https:\/\/blog.erm.ee\/wp-content\/uploads\/2019\/02\/Tervis_ak_0336-300x283.jpg 300w, https:\/\/blog.erm.ee\/wp-content\/uploads\/2019\/02\/Tervis_ak_0336-768x724.jpg 768w, https:\/\/blog.erm.ee\/wp-content\/uploads\/2019\/02\/Tervis_ak_0336.jpg 1600w\" sizes=\"auto, (max-width: 700px) 100vw, 700px\" \/><\/a><p id=\"caption-attachment-12411\" class=\"wp-caption-text\">Meepurk. Riigikogu valimised 2015, SDE<\/p><\/div>\n<div id=\"attachment_12413\" style=\"width: 2039px\" class=\"wp-caption aligncenter\"><a href=\"https:\/\/blog.erm.ee\/wp-content\/uploads\/2019\/02\/Luubid.jpg\"><img loading=\"lazy\" decoding=\"async\" aria-describedby=\"caption-attachment-12413\" data-attachment-id=\"12413\" data-permalink=\"https:\/\/blog.erm.ee\/?attachment_id=12413#main\" data-orig-file=\"https:\/\/blog.erm.ee\/wp-content\/uploads\/2019\/02\/Luubid.jpg\" data-orig-size=\"2029,528\" data-comments-opened=\"1\" data-image-meta=\"{&quot;aperture&quot;:&quot;0&quot;,&quot;credit&quot;:&quot;&quot;,&quot;camera&quot;:&quot;&quot;,&quot;caption&quot;:&quot;&quot;,&quot;created_timestamp&quot;:&quot;0&quot;,&quot;copyright&quot;:&quot;&quot;,&quot;focal_length&quot;:&quot;0&quot;,&quot;iso&quot;:&quot;0&quot;,&quot;shutter_speed&quot;:&quot;0&quot;,&quot;title&quot;:&quot;&quot;,&quot;orientation&quot;:&quot;0&quot;}\" data-image-title=\"Luubid\" data-image-description=\"\" data-image-caption=\"\" data-large-file=\"https:\/\/blog.erm.ee\/wp-content\/uploads\/2019\/02\/Luubid-1024x266.jpg\" class=\"wp-image-12413 size-full\" src=\"https:\/\/blog.erm.ee\/wp-content\/uploads\/2019\/02\/Luubid.jpg\" alt=\"\" width=\"2029\" height=\"528\" srcset=\"https:\/\/blog.erm.ee\/wp-content\/uploads\/2019\/02\/Luubid.jpg 2029w, https:\/\/blog.erm.ee\/wp-content\/uploads\/2019\/02\/Luubid-460x120.jpg 460w, https:\/\/blog.erm.ee\/wp-content\/uploads\/2019\/02\/Luubid-300x78.jpg 300w, https:\/\/blog.erm.ee\/wp-content\/uploads\/2019\/02\/Luubid-768x200.jpg 768w, https:\/\/blog.erm.ee\/wp-content\/uploads\/2019\/02\/Luubid-1024x266.jpg 1024w\" sizes=\"auto, (max-width: 2029px) 100vw, 2029px\" \/><\/a><p id=\"caption-attachment-12413\" class=\"wp-caption-text\">Tasku-luubid. Riigikogu valimised 2011 ja 2015, Reformierakond, IRL, Keskerakond<\/p><\/div>\n<h3>Toiduvalmistamine<\/h3>\n<p>Kandidaadid on valmis valijaga jagama nii endale armsaks saanud retsepte kui ka toiduaineid.<\/p>\n<div id=\"attachment_12415\" style=\"width: 576px\" class=\"wp-caption aligncenter\"><a href=\"https:\/\/blog.erm.ee\/wp-content\/uploads\/2019\/02\/Toiduvalmistamine_064519_ERM_A_1005_6.jpg\"><img loading=\"lazy\" decoding=\"async\" aria-describedby=\"caption-attachment-12415\" data-attachment-id=\"12415\" data-permalink=\"https:\/\/blog.erm.ee\/?attachment_id=12415#main\" data-orig-file=\"https:\/\/blog.erm.ee\/wp-content\/uploads\/2019\/02\/Toiduvalmistamine_064519_ERM_A_1005_6.jpg\" data-orig-size=\"570,1600\" data-comments-opened=\"1\" data-image-meta=\"{&quot;aperture&quot;:&quot;13&quot;,&quot;credit&quot;:&quot;&quot;,&quot;camera&quot;:&quot;NIKON D200&quot;,&quot;caption&quot;:&quot;&quot;,&quot;created_timestamp&quot;:&quot;1319629092&quot;,&quot;copyright&quot;:&quot;&quot;,&quot;focal_length&quot;:&quot;95&quot;,&quot;iso&quot;:&quot;100&quot;,&quot;shutter_speed&quot;:&quot;0.016666666666667&quot;,&quot;title&quot;:&quot;&quot;,&quot;orientation&quot;:&quot;1&quot;}\" data-image-title=\"Toiduvalmistamine_064519_ERM_A_1005_6\" data-image-description=\"\" data-image-caption=\"&lt;p&gt;Rapsi\u00f5li pudel. Riigikogu valimised 2011, IRL (ERM A 1005:6)&lt;\/p&gt;\n\" data-large-file=\"https:\/\/blog.erm.ee\/wp-content\/uploads\/2019\/02\/Toiduvalmistamine_064519_ERM_A_1005_6-365x1024.jpg\" class=\"size-full wp-image-12415\" src=\"https:\/\/blog.erm.ee\/wp-content\/uploads\/2019\/02\/Toiduvalmistamine_064519_ERM_A_1005_6.jpg\" alt=\"\" width=\"570\" height=\"1600\" srcset=\"https:\/\/blog.erm.ee\/wp-content\/uploads\/2019\/02\/Toiduvalmistamine_064519_ERM_A_1005_6.jpg 570w, https:\/\/blog.erm.ee\/wp-content\/uploads\/2019\/02\/Toiduvalmistamine_064519_ERM_A_1005_6-93x260.jpg 93w, https:\/\/blog.erm.ee\/wp-content\/uploads\/2019\/02\/Toiduvalmistamine_064519_ERM_A_1005_6-107x300.jpg 107w, https:\/\/blog.erm.ee\/wp-content\/uploads\/2019\/02\/Toiduvalmistamine_064519_ERM_A_1005_6-365x1024.jpg 365w\" sizes=\"auto, (max-width: 570px) 100vw, 570px\" \/><\/a><p id=\"caption-attachment-12415\" class=\"wp-caption-text\">Rapsi\u00f5li pudel. Riigikogu valimised 2011, IRL (ERM A 1005:6)<\/p><\/div>\n<div id=\"attachment_12416\" style=\"width: 974px\" class=\"wp-caption aligncenter\"><a href=\"https:\/\/blog.erm.ee\/wp-content\/uploads\/2019\/02\/Toiduvalmistamine_064517_ERM_A_1005_25.jpg\"><img loading=\"lazy\" decoding=\"async\" aria-describedby=\"caption-attachment-12416\" data-attachment-id=\"12416\" data-permalink=\"https:\/\/blog.erm.ee\/?attachment_id=12416#main\" data-orig-file=\"https:\/\/blog.erm.ee\/wp-content\/uploads\/2019\/02\/Toiduvalmistamine_064517_ERM_A_1005_25.jpg\" data-orig-size=\"964,1600\" data-comments-opened=\"1\" data-image-meta=\"{&quot;aperture&quot;:&quot;13&quot;,&quot;credit&quot;:&quot;&quot;,&quot;camera&quot;:&quot;NIKON D200&quot;,&quot;caption&quot;:&quot;&quot;,&quot;created_timestamp&quot;:&quot;1319628917&quot;,&quot;copyright&quot;:&quot;&quot;,&quot;focal_length&quot;:&quot;200&quot;,&quot;iso&quot;:&quot;100&quot;,&quot;shutter_speed&quot;:&quot;0.016666666666667&quot;,&quot;title&quot;:&quot;&quot;,&quot;orientation&quot;:&quot;1&quot;}\" data-image-title=\"Toiduvalmistamine_064517_ERM_A_1005_25\" data-image-description=\"\" data-image-caption=\"&lt;p&gt;Moosipurk. Euroopa Parlamendi valimised 2009, Reformierakond&lt;\/p&gt;\n\" data-large-file=\"https:\/\/blog.erm.ee\/wp-content\/uploads\/2019\/02\/Toiduvalmistamine_064517_ERM_A_1005_25-617x1024.jpg\" class=\"size-full wp-image-12416\" src=\"https:\/\/blog.erm.ee\/wp-content\/uploads\/2019\/02\/Toiduvalmistamine_064517_ERM_A_1005_25.jpg\" alt=\"\" width=\"964\" height=\"1600\" srcset=\"https:\/\/blog.erm.ee\/wp-content\/uploads\/2019\/02\/Toiduvalmistamine_064517_ERM_A_1005_25.jpg 964w, https:\/\/blog.erm.ee\/wp-content\/uploads\/2019\/02\/Toiduvalmistamine_064517_ERM_A_1005_25-157x260.jpg 157w, https:\/\/blog.erm.ee\/wp-content\/uploads\/2019\/02\/Toiduvalmistamine_064517_ERM_A_1005_25-181x300.jpg 181w, https:\/\/blog.erm.ee\/wp-content\/uploads\/2019\/02\/Toiduvalmistamine_064517_ERM_A_1005_25-768x1275.jpg 768w, https:\/\/blog.erm.ee\/wp-content\/uploads\/2019\/02\/Toiduvalmistamine_064517_ERM_A_1005_25-617x1024.jpg 617w\" sizes=\"auto, (max-width: 964px) 100vw, 964px\" \/><\/a><p id=\"caption-attachment-12416\" class=\"wp-caption-text\">Moosipurk. Euroopa Parlamendi valimised 2009, Reformierakond (ERM A 1005:25)<\/p><\/div>\n<div id=\"attachment_12417\" style=\"width: 1610px\" class=\"wp-caption aligncenter\"><a href=\"https:\/\/blog.erm.ee\/wp-content\/uploads\/2019\/02\/Toiduvalmistamine_ak_0363.jpg\"><img loading=\"lazy\" decoding=\"async\" aria-describedby=\"caption-attachment-12417\" data-attachment-id=\"12417\" data-permalink=\"https:\/\/blog.erm.ee\/?attachment_id=12417#main\" data-orig-file=\"https:\/\/blog.erm.ee\/wp-content\/uploads\/2019\/02\/Toiduvalmistamine_ak_0363.jpg\" data-orig-size=\"1600,1037\" data-comments-opened=\"1\" data-image-meta=\"{&quot;aperture&quot;:&quot;11&quot;,&quot;credit&quot;:&quot;&quot;,&quot;camera&quot;:&quot;NIKON D600&quot;,&quot;caption&quot;:&quot;&quot;,&quot;created_timestamp&quot;:&quot;1550150119&quot;,&quot;copyright&quot;:&quot;&quot;,&quot;focal_length&quot;:&quot;52&quot;,&quot;iso&quot;:&quot;100&quot;,&quot;shutter_speed&quot;:&quot;0.0125&quot;,&quot;title&quot;:&quot;&quot;,&quot;orientation&quot;:&quot;1&quot;}\" data-image-title=\"Toiduvalmistamine_ak_0363\" data-image-description=\"\" data-image-caption=\"&lt;p&gt;Retseptiraamat. IRL&lt;\/p&gt;\n\" data-large-file=\"https:\/\/blog.erm.ee\/wp-content\/uploads\/2019\/02\/Toiduvalmistamine_ak_0363-1024x664.jpg\" class=\"size-full wp-image-12417\" src=\"https:\/\/blog.erm.ee\/wp-content\/uploads\/2019\/02\/Toiduvalmistamine_ak_0363.jpg\" alt=\"\" width=\"1600\" height=\"1037\" srcset=\"https:\/\/blog.erm.ee\/wp-content\/uploads\/2019\/02\/Toiduvalmistamine_ak_0363.jpg 1600w, https:\/\/blog.erm.ee\/wp-content\/uploads\/2019\/02\/Toiduvalmistamine_ak_0363-401x260.jpg 401w, https:\/\/blog.erm.ee\/wp-content\/uploads\/2019\/02\/Toiduvalmistamine_ak_0363-300x194.jpg 300w, https:\/\/blog.erm.ee\/wp-content\/uploads\/2019\/02\/Toiduvalmistamine_ak_0363-768x498.jpg 768w, https:\/\/blog.erm.ee\/wp-content\/uploads\/2019\/02\/Toiduvalmistamine_ak_0363-1024x664.jpg 1024w\" sizes=\"auto, (max-width: 1600px) 100vw, 1600px\" \/><\/a><p id=\"caption-attachment-12417\" class=\"wp-caption-text\">Retseptiraamat. Riigikogu valimised 2007, IRL<\/p><\/div>\n<div id=\"attachment_12418\" style=\"width: 1610px\" class=\"wp-caption aligncenter\"><a href=\"https:\/\/blog.erm.ee\/wp-content\/uploads\/2019\/02\/Toiduvalmistamine_ak_0370.jpg\"><img loading=\"lazy\" decoding=\"async\" aria-describedby=\"caption-attachment-12418\" data-attachment-id=\"12418\" data-permalink=\"https:\/\/blog.erm.ee\/?attachment_id=12418#main\" data-orig-file=\"https:\/\/blog.erm.ee\/wp-content\/uploads\/2019\/02\/Toiduvalmistamine_ak_0370.jpg\" data-orig-size=\"1600,1338\" data-comments-opened=\"1\" data-image-meta=\"{&quot;aperture&quot;:&quot;11&quot;,&quot;credit&quot;:&quot;&quot;,&quot;camera&quot;:&quot;NIKON D600&quot;,&quot;caption&quot;:&quot;&quot;,&quot;created_timestamp&quot;:&quot;1550150961&quot;,&quot;copyright&quot;:&quot;&quot;,&quot;focal_length&quot;:&quot;82&quot;,&quot;iso&quot;:&quot;100&quot;,&quot;shutter_speed&quot;:&quot;0.0125&quot;,&quot;title&quot;:&quot;&quot;,&quot;orientation&quot;:&quot;1&quot;}\" data-image-title=\"Toiduvalmistamine_ak_0370\" data-image-description=\"\" data-image-caption=\"&lt;p&gt;ff&lt;\/p&gt;\n\" data-large-file=\"https:\/\/blog.erm.ee\/wp-content\/uploads\/2019\/02\/Toiduvalmistamine_ak_0370-1024x856.jpg\" class=\"size-full wp-image-12418\" src=\"https:\/\/blog.erm.ee\/wp-content\/uploads\/2019\/02\/Toiduvalmistamine_ak_0370.jpg\" alt=\"\" width=\"1600\" height=\"1338\" srcset=\"https:\/\/blog.erm.ee\/wp-content\/uploads\/2019\/02\/Toiduvalmistamine_ak_0370.jpg 1600w, https:\/\/blog.erm.ee\/wp-content\/uploads\/2019\/02\/Toiduvalmistamine_ak_0370-311x260.jpg 311w, https:\/\/blog.erm.ee\/wp-content\/uploads\/2019\/02\/Toiduvalmistamine_ak_0370-300x251.jpg 300w, https:\/\/blog.erm.ee\/wp-content\/uploads\/2019\/02\/Toiduvalmistamine_ak_0370-768x642.jpg 768w, https:\/\/blog.erm.ee\/wp-content\/uploads\/2019\/02\/Toiduvalmistamine_ak_0370-1024x856.jpg 1024w\" sizes=\"auto, (max-width: 1600px) 100vw, 1600px\" \/><\/a><p id=\"caption-attachment-12418\" class=\"wp-caption-text\">Maitseainesegu. Riigikogu valimised 2015, Vabaerakond<\/p><\/div>\n<div id=\"attachment_12419\" style=\"width: 1610px\" class=\"wp-caption aligncenter\"><a href=\"https:\/\/blog.erm.ee\/wp-content\/uploads\/2019\/02\/Toidivalmistamine_064650_ERM_A_1005_16.jpg\"><img loading=\"lazy\" decoding=\"async\" aria-describedby=\"caption-attachment-12419\" data-attachment-id=\"12419\" data-permalink=\"https:\/\/blog.erm.ee\/?attachment_id=12419#main\" data-orig-file=\"https:\/\/blog.erm.ee\/wp-content\/uploads\/2019\/02\/Toidivalmistamine_064650_ERM_A_1005_16.jpg\" data-orig-size=\"1600,1506\" data-comments-opened=\"1\" data-image-meta=\"{&quot;aperture&quot;:&quot;20&quot;,&quot;credit&quot;:&quot;&quot;,&quot;camera&quot;:&quot;NIKON D200&quot;,&quot;caption&quot;:&quot;&quot;,&quot;created_timestamp&quot;:&quot;1319714516&quot;,&quot;copyright&quot;:&quot;&quot;,&quot;focal_length&quot;:&quot;50&quot;,&quot;iso&quot;:&quot;100&quot;,&quot;shutter_speed&quot;:&quot;0.016666666666667&quot;,&quot;title&quot;:&quot;&quot;,&quot;orientation&quot;:&quot;1&quot;}\" data-image-title=\"Toidivalmistamine_064650_ERM_A_1005_16\" data-image-description=\"\" data-image-caption=\"&lt;p&gt;\u00d5lleklaasialus peibutuspardi valimisretseptiga tagak\u00fcljel. Riigikogu valimised 2011, IRL&lt;\/p&gt;\n\" data-large-file=\"https:\/\/blog.erm.ee\/wp-content\/uploads\/2019\/02\/Toidivalmistamine_064650_ERM_A_1005_16-1024x964.jpg\" class=\"size-full wp-image-12419\" src=\"https:\/\/blog.erm.ee\/wp-content\/uploads\/2019\/02\/Toidivalmistamine_064650_ERM_A_1005_16.jpg\" alt=\"\" width=\"1600\" height=\"1506\" srcset=\"https:\/\/blog.erm.ee\/wp-content\/uploads\/2019\/02\/Toidivalmistamine_064650_ERM_A_1005_16.jpg 1600w, https:\/\/blog.erm.ee\/wp-content\/uploads\/2019\/02\/Toidivalmistamine_064650_ERM_A_1005_16-276x260.jpg 276w, https:\/\/blog.erm.ee\/wp-content\/uploads\/2019\/02\/Toidivalmistamine_064650_ERM_A_1005_16-300x282.jpg 300w, https:\/\/blog.erm.ee\/wp-content\/uploads\/2019\/02\/Toidivalmistamine_064650_ERM_A_1005_16-768x723.jpg 768w, https:\/\/blog.erm.ee\/wp-content\/uploads\/2019\/02\/Toidivalmistamine_064650_ERM_A_1005_16-1024x964.jpg 1024w\" sizes=\"auto, (max-width: 1600px) 100vw, 1600px\" \/><\/a><p id=\"caption-attachment-12419\" class=\"wp-caption-text\">\u00d5lleklaasialus peibutuspardi valimisretseptiga tagak\u00fcljel. Riigikogu valimised 2011, IRL (ERM A 1005:16)<\/p><\/div>\n<div id=\"attachment_12420\" style=\"width: 1610px\" class=\"wp-caption aligncenter\"><a href=\"https:\/\/blog.erm.ee\/wp-content\/uploads\/2019\/02\/Tervis_ak_0334.jpg\"><img loading=\"lazy\" decoding=\"async\" aria-describedby=\"caption-attachment-12420\" data-attachment-id=\"12420\" data-permalink=\"https:\/\/blog.erm.ee\/?attachment_id=12420#main\" data-orig-file=\"https:\/\/blog.erm.ee\/wp-content\/uploads\/2019\/02\/Tervis_ak_0334.jpg\" data-orig-size=\"1600,1600\" data-comments-opened=\"1\" data-image-meta=\"{&quot;aperture&quot;:&quot;11&quot;,&quot;credit&quot;:&quot;&quot;,&quot;camera&quot;:&quot;NIKON D600&quot;,&quot;caption&quot;:&quot;&quot;,&quot;created_timestamp&quot;:&quot;1550148988&quot;,&quot;copyright&quot;:&quot;&quot;,&quot;focal_length&quot;:&quot;120&quot;,&quot;iso&quot;:&quot;100&quot;,&quot;shutter_speed&quot;:&quot;0.016666666666667&quot;,&quot;title&quot;:&quot;&quot;,&quot;orientation&quot;:&quot;1&quot;}\" data-image-title=\"Tervis_ak_0334\" data-image-description=\"\" data-image-caption=\"&lt;p&gt;Kruus.&lt;\/p&gt;\n\" data-large-file=\"https:\/\/blog.erm.ee\/wp-content\/uploads\/2019\/02\/Tervis_ak_0334-1024x1024.jpg\" class=\"size-full wp-image-12420\" src=\"https:\/\/blog.erm.ee\/wp-content\/uploads\/2019\/02\/Tervis_ak_0334.jpg\" alt=\"\" width=\"1600\" height=\"1600\" srcset=\"https:\/\/blog.erm.ee\/wp-content\/uploads\/2019\/02\/Tervis_ak_0334.jpg 1600w, https:\/\/blog.erm.ee\/wp-content\/uploads\/2019\/02\/Tervis_ak_0334-260x260.jpg 260w, https:\/\/blog.erm.ee\/wp-content\/uploads\/2019\/02\/Tervis_ak_0334-300x300.jpg 300w, https:\/\/blog.erm.ee\/wp-content\/uploads\/2019\/02\/Tervis_ak_0334-768x768.jpg 768w, https:\/\/blog.erm.ee\/wp-content\/uploads\/2019\/02\/Tervis_ak_0334-1024x1024.jpg 1024w, https:\/\/blog.erm.ee\/wp-content\/uploads\/2019\/02\/Tervis_ak_0334-50x50.jpg 50w\" sizes=\"auto, (max-width: 1600px) 100vw, 1600px\" \/><\/a><p id=\"caption-attachment-12420\" class=\"wp-caption-text\">Kruus. Riigikogu valimised 2011, IRL<\/p><\/div>\n<h3>Vaba aeg ja hobid<\/h3>\n<p>Kui pasjanss enam ei k\u00f6ida, saab s\u00f5pradega JOKKida.<\/p>\n<div id=\"attachment_12422\" style=\"width: 1610px\" class=\"wp-caption aligncenter\"><a href=\"https:\/\/blog.erm.ee\/wp-content\/uploads\/2019\/02\/M\u00e4ng_ak_0328.jpg\"><img loading=\"lazy\" decoding=\"async\" aria-describedby=\"caption-attachment-12422\" data-attachment-id=\"12422\" data-permalink=\"https:\/\/blog.erm.ee\/?attachment_id=12422#main\" data-orig-file=\"https:\/\/blog.erm.ee\/wp-content\/uploads\/2019\/02\/M\u00e4ng_ak_0328.jpg\" data-orig-size=\"1600,1160\" data-comments-opened=\"1\" data-image-meta=\"{&quot;aperture&quot;:&quot;11&quot;,&quot;credit&quot;:&quot;&quot;,&quot;camera&quot;:&quot;NIKON D600&quot;,&quot;caption&quot;:&quot;&quot;,&quot;created_timestamp&quot;:&quot;1550148739&quot;,&quot;copyright&quot;:&quot;&quot;,&quot;focal_length&quot;:&quot;55&quot;,&quot;iso&quot;:&quot;100&quot;,&quot;shutter_speed&quot;:&quot;0.016666666666667&quot;,&quot;title&quot;:&quot;&quot;,&quot;orientation&quot;:&quot;1&quot;}\" data-image-title=\"M\u00e4ng_ak_0328\" data-image-description=\"\" data-image-caption=\"&lt;p&gt;Kaardim\u00e4ng J.O.K.K.&lt;\/p&gt;\n\" data-large-file=\"https:\/\/blog.erm.ee\/wp-content\/uploads\/2019\/02\/M\u00e4ng_ak_0328-1024x742.jpg\" class=\"size-full wp-image-12422\" src=\"https:\/\/blog.erm.ee\/wp-content\/uploads\/2019\/02\/M\u00e4ng_ak_0328.jpg\" alt=\"\" width=\"1600\" height=\"1160\" srcset=\"https:\/\/blog.erm.ee\/wp-content\/uploads\/2019\/02\/M\u00e4ng_ak_0328.jpg 1600w, https:\/\/blog.erm.ee\/wp-content\/uploads\/2019\/02\/M\u00e4ng_ak_0328-359x260.jpg 359w, https:\/\/blog.erm.ee\/wp-content\/uploads\/2019\/02\/M\u00e4ng_ak_0328-300x218.jpg 300w, https:\/\/blog.erm.ee\/wp-content\/uploads\/2019\/02\/M\u00e4ng_ak_0328-768x557.jpg 768w, https:\/\/blog.erm.ee\/wp-content\/uploads\/2019\/02\/M\u00e4ng_ak_0328-1024x742.jpg 1024w\" sizes=\"auto, (max-width: 1600px) 100vw, 1600px\" \/><\/a><p id=\"caption-attachment-12422\" class=\"wp-caption-text\">Kaardim\u00e4ng J.O.K.K. Riigikogu valimised 2007, Keskerakond<\/p><\/div>\n<div class=\"fcbkbttn_buttons_block\" id=\"fcbkbttn_left\"><div class=\"fcbkbttn_like \"><fb:like href=\"https:\/\/blog.erm.ee\/?p=12387\" action=\"like\" colorscheme=\"light\" layout=\"standard\"  width=\"225px\" size=\"small\"><\/fb:like><\/div><div class=\"fb-share-button  \" data-href=\"https:\/\/blog.erm.ee\/?p=12387\" data-type=\"button\" data-size=\"small\"><\/div><\/div>","protected":false},"excerpt":{"rendered":"<p>Tekst: Maarja Vaikmaa, sisuturunduse spetsialist Fotod: Arp Karm, fotograaf \/ ERM T\u00e4nasest said avapaugu 2019. aasta Riigikogu valimised &#8211; algas elektrooniline h\u00e4\u00e4letamine ja eelh\u00e4\u00e4letamine. Valijate nimekirjad on lukus, poliitiline v\u00e4lireklaam on keelatud ja debatid eri kanalites k\u00e4ivad. Samuti kohtab avalikus ruumis v\u00f5i koduukse taga avala naeratusega kandidaate, kes jagavad m\u00f6\u00f6dujatele head-paremat. ERM kogub ja talletab&hellip;<\/p>\n","protected":false},"author":1,"featured_media":12429,"comment_status":"open","ping_status":"open","sticky":false,"template":"","format":"standard","meta":{"_monsterinsights_skip_tracking":false,"_monsterinsights_sitenote_active":false,"_monsterinsights_sitenote_note":"","_monsterinsights_sitenote_category":0,"jetpack_post_was_ever_published":false,"_jetpack_newsletter_access":"","_jetpack_dont_email_post_to_subs":false,"_jetpack_newsletter_tier_id":0,"_jetpack_memberships_contains_paywalled_content":false,"_jetpack_memberships_contains_paid_content":false,"footnotes":""},"categories":[5],"tags":[],"class_list":["post-12387","post","type-post","status-publish","format-standard","has-post-thumbnail","hentry","category-museaal"],"yoast_head":"<!-- This site is optimized with the Yoast SEO plugin v27.5 - https:\/\/yoast.com\/product\/yoast-seo-wordpress\/ -->\n<title>Kes see k\u00f5nnib k\u00f5rta m\u00f6\u00f6da, astub aia \u00e4\u00e4ri m\u00f6\u00f6da? - Eesti Rahva Muuseumi ajaveeb<\/title>\n<meta name=\"robots\" content=\"index, follow, max-snippet:-1, max-image-preview:large, max-video-preview:-1\" \/>\n<link rel=\"canonical\" href=\"https:\/\/blog.erm.ee\/?p=12387\" \/>\n<meta property=\"og:locale\" content=\"et_EE\" \/>\n<meta property=\"og:type\" content=\"article\" \/>\n<meta property=\"og:title\" content=\"Kes see k\u00f5nnib k\u00f5rta m\u00f6\u00f6da, astub aia \u00e4\u00e4ri m\u00f6\u00f6da? - Eesti Rahva Muuseumi ajaveeb\" \/>\n<meta property=\"og:description\" content=\"Tekst: Maarja Vaikmaa, sisuturunduse spetsialist Fotod: Arp Karm, fotograaf \/ ERM T\u00e4nasest said avapaugu 2019. aasta Riigikogu valimised &#8211; algas elektrooniline h\u00e4\u00e4letamine ja eelh\u00e4\u00e4letamine. Valijate nimekirjad on lukus, poliitiline v\u00e4lireklaam on keelatud ja debatid eri kanalites k\u00e4ivad. Samuti kohtab avalikus ruumis v\u00f5i koduukse taga avala naeratusega kandidaate, kes jagavad m\u00f6\u00f6dujatele head-paremat. ERM kogub ja talletab&hellip;\" \/>\n<meta property=\"og:url\" content=\"https:\/\/blog.erm.ee\/?p=12387\" \/>\n<meta property=\"og:site_name\" content=\"Eesti Rahva Muuseumi ajaveeb\" \/>\n<meta property=\"article:published_time\" content=\"2019-02-21T11:16:31+00:00\" \/>\n<meta property=\"article:modified_time\" content=\"2019-02-21T12:25:06+00:00\" \/>\n<meta property=\"og:image\" content=\"https:\/\/blog.erm.ee\/wp-content\/uploads\/2019\/02\/Blogi_pisipilt_Valimised.png\" \/>\n\t<meta property=\"og:image:width\" content=\"476\" \/>\n\t<meta property=\"og:image:height\" content=\"249\" \/>\n\t<meta property=\"og:image:type\" content=\"image\/png\" \/>\n<meta name=\"author\" content=\"Eesti Rahva Muuseum\" \/>\n<meta name=\"twitter:card\" content=\"summary_large_image\" \/>\n<meta name=\"twitter:label1\" content=\"Written by\" \/>\n\t<meta name=\"twitter:data1\" content=\"Eesti Rahva Muuseum\" \/>\n\t<meta name=\"twitter:label2\" content=\"Est. reading time\" \/>\n\t<meta name=\"twitter:data2\" content=\"3 minutit\" \/>\n<script type=\"application\/ld+json\" class=\"yoast-schema-graph\">{\"@context\":\"https:\\\/\\\/schema.org\",\"@graph\":[{\"@type\":\"Article\",\"@id\":\"https:\\\/\\\/blog.erm.ee\\\/?p=12387#article\",\"isPartOf\":{\"@id\":\"https:\\\/\\\/blog.erm.ee\\\/?p=12387\"},\"author\":{\"name\":\"Eesti Rahva Muuseum\",\"@id\":\"https:\\\/\\\/blog.erm.ee\\\/#\\\/schema\\\/person\\\/6e98c391cb00a33e7c22a3571e062114\"},\"headline\":\"Kes see k\u00f5nnib k\u00f5rta m\u00f6\u00f6da, astub aia \u00e4\u00e4ri m\u00f6\u00f6da?\",\"datePublished\":\"2019-02-21T11:16:31+00:00\",\"dateModified\":\"2019-02-21T12:25:06+00:00\",\"mainEntityOfPage\":{\"@id\":\"https:\\\/\\\/blog.erm.ee\\\/?p=12387\"},\"wordCount\":651,\"commentCount\":0,\"image\":{\"@id\":\"https:\\\/\\\/blog.erm.ee\\\/?p=12387#primaryimage\"},\"thumbnailUrl\":\"https:\\\/\\\/blog.erm.ee\\\/wp-content\\\/uploads\\\/2019\\\/02\\\/Blogi_pisipilt_Valimised.png\",\"articleSection\":[\"Museaal\"],\"inLanguage\":\"et\",\"potentialAction\":[{\"@type\":\"CommentAction\",\"name\":\"Comment\",\"target\":[\"https:\\\/\\\/blog.erm.ee\\\/?p=12387#respond\"]}]},{\"@type\":\"WebPage\",\"@id\":\"https:\\\/\\\/blog.erm.ee\\\/?p=12387\",\"url\":\"https:\\\/\\\/blog.erm.ee\\\/?p=12387\",\"name\":\"Kes see k\u00f5nnib k\u00f5rta m\u00f6\u00f6da, astub aia \u00e4\u00e4ri m\u00f6\u00f6da? - Eesti Rahva Muuseumi ajaveeb\",\"isPartOf\":{\"@id\":\"https:\\\/\\\/blog.erm.ee\\\/#website\"},\"primaryImageOfPage\":{\"@id\":\"https:\\\/\\\/blog.erm.ee\\\/?p=12387#primaryimage\"},\"image\":{\"@id\":\"https:\\\/\\\/blog.erm.ee\\\/?p=12387#primaryimage\"},\"thumbnailUrl\":\"https:\\\/\\\/blog.erm.ee\\\/wp-content\\\/uploads\\\/2019\\\/02\\\/Blogi_pisipilt_Valimised.png\",\"datePublished\":\"2019-02-21T11:16:31+00:00\",\"dateModified\":\"2019-02-21T12:25:06+00:00\",\"author\":{\"@id\":\"https:\\\/\\\/blog.erm.ee\\\/#\\\/schema\\\/person\\\/6e98c391cb00a33e7c22a3571e062114\"},\"breadcrumb\":{\"@id\":\"https:\\\/\\\/blog.erm.ee\\\/?p=12387#breadcrumb\"},\"inLanguage\":\"et\",\"potentialAction\":[{\"@type\":\"ReadAction\",\"target\":[\"https:\\\/\\\/blog.erm.ee\\\/?p=12387\"]}]},{\"@type\":\"ImageObject\",\"inLanguage\":\"et\",\"@id\":\"https:\\\/\\\/blog.erm.ee\\\/?p=12387#primaryimage\",\"url\":\"https:\\\/\\\/blog.erm.ee\\\/wp-content\\\/uploads\\\/2019\\\/02\\\/Blogi_pisipilt_Valimised.png\",\"contentUrl\":\"https:\\\/\\\/blog.erm.ee\\\/wp-content\\\/uploads\\\/2019\\\/02\\\/Blogi_pisipilt_Valimised.png\",\"width\":476,\"height\":249},{\"@type\":\"BreadcrumbList\",\"@id\":\"https:\\\/\\\/blog.erm.ee\\\/?p=12387#breadcrumb\",\"itemListElement\":[{\"@type\":\"ListItem\",\"position\":1,\"name\":\"Home\",\"item\":\"https:\\\/\\\/blog.erm.ee\\\/\"},{\"@type\":\"ListItem\",\"position\":2,\"name\":\"Kes see k\u00f5nnib k\u00f5rta m\u00f6\u00f6da, astub aia \u00e4\u00e4ri m\u00f6\u00f6da?\"}]},{\"@type\":\"WebSite\",\"@id\":\"https:\\\/\\\/blog.erm.ee\\\/#website\",\"url\":\"https:\\\/\\\/blog.erm.ee\\\/\",\"name\":\"Eesti Rahva Muuseumi ajaveeb\",\"description\":\"\",\"potentialAction\":[{\"@type\":\"SearchAction\",\"target\":{\"@type\":\"EntryPoint\",\"urlTemplate\":\"https:\\\/\\\/blog.erm.ee\\\/?s={search_term_string}\"},\"query-input\":{\"@type\":\"PropertyValueSpecification\",\"valueRequired\":true,\"valueName\":\"search_term_string\"}}],\"inLanguage\":\"et\"},{\"@type\":\"Person\",\"@id\":\"https:\\\/\\\/blog.erm.ee\\\/#\\\/schema\\\/person\\\/6e98c391cb00a33e7c22a3571e062114\",\"name\":\"Eesti Rahva Muuseum\",\"image\":{\"@type\":\"ImageObject\",\"inLanguage\":\"et\",\"@id\":\"https:\\\/\\\/secure.gravatar.com\\\/avatar\\\/cb6d9ad5fb49f3f7315028ce5fe60641075f2cb52b8a058ff5a985fa2d8c1da0?s=96&d=mm&r=g\",\"url\":\"https:\\\/\\\/secure.gravatar.com\\\/avatar\\\/cb6d9ad5fb49f3f7315028ce5fe60641075f2cb52b8a058ff5a985fa2d8c1da0?s=96&d=mm&r=g\",\"contentUrl\":\"https:\\\/\\\/secure.gravatar.com\\\/avatar\\\/cb6d9ad5fb49f3f7315028ce5fe60641075f2cb52b8a058ff5a985fa2d8c1da0?s=96&d=mm&r=g\",\"caption\":\"Eesti Rahva Muuseum\"},\"sameAs\":[\"http:\\\/\\\/www.erm.ee\"],\"url\":\"https:\\\/\\\/blog.erm.ee\\\/?author=1\"}]}<\/script>\n<!-- \/ Yoast SEO plugin. -->","yoast_head_json":{"title":"Kes see k\u00f5nnib k\u00f5rta m\u00f6\u00f6da, astub aia \u00e4\u00e4ri m\u00f6\u00f6da? - Eesti Rahva Muuseumi ajaveeb","robots":{"index":"index","follow":"follow","max-snippet":"max-snippet:-1","max-image-preview":"max-image-preview:large","max-video-preview":"max-video-preview:-1"},"canonical":"https:\/\/blog.erm.ee\/?p=12387","og_locale":"et_EE","og_type":"article","og_title":"Kes see k\u00f5nnib k\u00f5rta m\u00f6\u00f6da, astub aia \u00e4\u00e4ri m\u00f6\u00f6da? - Eesti Rahva Muuseumi ajaveeb","og_description":"Tekst: Maarja Vaikmaa, sisuturunduse spetsialist Fotod: Arp Karm, fotograaf \/ ERM T\u00e4nasest said avapaugu 2019. aasta Riigikogu valimised &#8211; algas elektrooniline h\u00e4\u00e4letamine ja eelh\u00e4\u00e4letamine. Valijate nimekirjad on lukus, poliitiline v\u00e4lireklaam on keelatud ja debatid eri kanalites k\u00e4ivad. Samuti kohtab avalikus ruumis v\u00f5i koduukse taga avala naeratusega kandidaate, kes jagavad m\u00f6\u00f6dujatele head-paremat. ERM kogub ja talletab&hellip;","og_url":"https:\/\/blog.erm.ee\/?p=12387","og_site_name":"Eesti Rahva Muuseumi ajaveeb","article_published_time":"2019-02-21T11:16:31+00:00","article_modified_time":"2019-02-21T12:25:06+00:00","og_image":[{"width":476,"height":249,"url":"https:\/\/blog.erm.ee\/wp-content\/uploads\/2019\/02\/Blogi_pisipilt_Valimised.png","type":"image\/png"}],"author":"Eesti Rahva Muuseum","twitter_card":"summary_large_image","twitter_misc":{"Written by":"Eesti Rahva Muuseum","Est. reading time":"3 minutit"},"schema":{"@context":"https:\/\/schema.org","@graph":[{"@type":"Article","@id":"https:\/\/blog.erm.ee\/?p=12387#article","isPartOf":{"@id":"https:\/\/blog.erm.ee\/?p=12387"},"author":{"name":"Eesti Rahva Muuseum","@id":"https:\/\/blog.erm.ee\/#\/schema\/person\/6e98c391cb00a33e7c22a3571e062114"},"headline":"Kes see k\u00f5nnib k\u00f5rta m\u00f6\u00f6da, astub aia \u00e4\u00e4ri m\u00f6\u00f6da?","datePublished":"2019-02-21T11:16:31+00:00","dateModified":"2019-02-21T12:25:06+00:00","mainEntityOfPage":{"@id":"https:\/\/blog.erm.ee\/?p=12387"},"wordCount":651,"commentCount":0,"image":{"@id":"https:\/\/blog.erm.ee\/?p=12387#primaryimage"},"thumbnailUrl":"https:\/\/blog.erm.ee\/wp-content\/uploads\/2019\/02\/Blogi_pisipilt_Valimised.png","articleSection":["Museaal"],"inLanguage":"et","potentialAction":[{"@type":"CommentAction","name":"Comment","target":["https:\/\/blog.erm.ee\/?p=12387#respond"]}]},{"@type":"WebPage","@id":"https:\/\/blog.erm.ee\/?p=12387","url":"https:\/\/blog.erm.ee\/?p=12387","name":"Kes see k\u00f5nnib k\u00f5rta m\u00f6\u00f6da, astub aia \u00e4\u00e4ri m\u00f6\u00f6da? - Eesti Rahva Muuseumi ajaveeb","isPartOf":{"@id":"https:\/\/blog.erm.ee\/#website"},"primaryImageOfPage":{"@id":"https:\/\/blog.erm.ee\/?p=12387#primaryimage"},"image":{"@id":"https:\/\/blog.erm.ee\/?p=12387#primaryimage"},"thumbnailUrl":"https:\/\/blog.erm.ee\/wp-content\/uploads\/2019\/02\/Blogi_pisipilt_Valimised.png","datePublished":"2019-02-21T11:16:31+00:00","dateModified":"2019-02-21T12:25:06+00:00","author":{"@id":"https:\/\/blog.erm.ee\/#\/schema\/person\/6e98c391cb00a33e7c22a3571e062114"},"breadcrumb":{"@id":"https:\/\/blog.erm.ee\/?p=12387#breadcrumb"},"inLanguage":"et","potentialAction":[{"@type":"ReadAction","target":["https:\/\/blog.erm.ee\/?p=12387"]}]},{"@type":"ImageObject","inLanguage":"et","@id":"https:\/\/blog.erm.ee\/?p=12387#primaryimage","url":"https:\/\/blog.erm.ee\/wp-content\/uploads\/2019\/02\/Blogi_pisipilt_Valimised.png","contentUrl":"https:\/\/blog.erm.ee\/wp-content\/uploads\/2019\/02\/Blogi_pisipilt_Valimised.png","width":476,"height":249},{"@type":"BreadcrumbList","@id":"https:\/\/blog.erm.ee\/?p=12387#breadcrumb","itemListElement":[{"@type":"ListItem","position":1,"name":"Home","item":"https:\/\/blog.erm.ee\/"},{"@type":"ListItem","position":2,"name":"Kes see k\u00f5nnib k\u00f5rta m\u00f6\u00f6da, astub aia \u00e4\u00e4ri m\u00f6\u00f6da?"}]},{"@type":"WebSite","@id":"https:\/\/blog.erm.ee\/#website","url":"https:\/\/blog.erm.ee\/","name":"Eesti Rahva Muuseumi ajaveeb","description":"","potentialAction":[{"@type":"SearchAction","target":{"@type":"EntryPoint","urlTemplate":"https:\/\/blog.erm.ee\/?s={search_term_string}"},"query-input":{"@type":"PropertyValueSpecification","valueRequired":true,"valueName":"search_term_string"}}],"inLanguage":"et"},{"@type":"Person","@id":"https:\/\/blog.erm.ee\/#\/schema\/person\/6e98c391cb00a33e7c22a3571e062114","name":"Eesti Rahva Muuseum","image":{"@type":"ImageObject","inLanguage":"et","@id":"https:\/\/secure.gravatar.com\/avatar\/cb6d9ad5fb49f3f7315028ce5fe60641075f2cb52b8a058ff5a985fa2d8c1da0?s=96&d=mm&r=g","url":"https:\/\/secure.gravatar.com\/avatar\/cb6d9ad5fb49f3f7315028ce5fe60641075f2cb52b8a058ff5a985fa2d8c1da0?s=96&d=mm&r=g","contentUrl":"https:\/\/secure.gravatar.com\/avatar\/cb6d9ad5fb49f3f7315028ce5fe60641075f2cb52b8a058ff5a985fa2d8c1da0?s=96&d=mm&r=g","caption":"Eesti Rahva Muuseum"},"sameAs":["http:\/\/www.erm.ee"],"url":"https:\/\/blog.erm.ee\/?author=1"}]}},"jetpack_featured_media_url":"https:\/\/blog.erm.ee\/wp-content\/uploads\/2019\/02\/Blogi_pisipilt_Valimised.png","jetpack_shortlink":"https:\/\/wp.me\/p2l9Zd-3dN","jetpack_sharing_enabled":true,"jetpack_likes_enabled":true,"_links":{"self":[{"href":"https:\/\/blog.erm.ee\/index.php?rest_route=\/wp\/v2\/posts\/12387","targetHints":{"allow":["GET"]}}],"collection":[{"href":"https:\/\/blog.erm.ee\/index.php?rest_route=\/wp\/v2\/posts"}],"about":[{"href":"https:\/\/blog.erm.ee\/index.php?rest_route=\/wp\/v2\/types\/post"}],"author":[{"embeddable":true,"href":"https:\/\/blog.erm.ee\/index.php?rest_route=\/wp\/v2\/users\/1"}],"replies":[{"embeddable":true,"href":"https:\/\/blog.erm.ee\/index.php?rest_route=%2Fwp%2Fv2%2Fcomments&post=12387"}],"version-history":[{"count":6,"href":"https:\/\/blog.erm.ee\/index.php?rest_route=\/wp\/v2\/posts\/12387\/revisions"}],"predecessor-version":[{"id":12430,"href":"https:\/\/blog.erm.ee\/index.php?rest_route=\/wp\/v2\/posts\/12387\/revisions\/12430"}],"wp:featuredmedia":[{"embeddable":true,"href":"https:\/\/blog.erm.ee\/index.php?rest_route=\/wp\/v2\/media\/12429"}],"wp:attachment":[{"href":"https:\/\/blog.erm.ee\/index.php?rest_route=%2Fwp%2Fv2%2Fmedia&parent=12387"}],"wp:term":[{"taxonomy":"category","embeddable":true,"href":"https:\/\/blog.erm.ee\/index.php?rest_route=%2Fwp%2Fv2%2Fcategories&post=12387"},{"taxonomy":"post_tag","embeddable":true,"href":"https:\/\/blog.erm.ee\/index.php?rest_route=%2Fwp%2Fv2%2Ftags&post=12387"}],"curies":[{"name":"wp","href":"https:\/\/api.w.org\/{rel}","templated":true}]}}