{"id":12362,"date":"2019-02-14T12:17:17","date_gmt":"2019-02-14T10:17:17","guid":{"rendered":"https:\/\/blog.erm.ee\/?p=12362"},"modified":"2019-02-14T12:33:20","modified_gmt":"2019-02-14T10:33:20","slug":"truu-puhas-suda-ilma-peal-on-koige-kallim-wara","status":"publish","type":"post","link":"https:\/\/blog.erm.ee\/?p=12362","title":{"rendered":"&#8220;Truu puhas s\u00fcda ilma peal on k\u00f5ige kallim wara&#8221;"},"content":{"rendered":"<div class=\"fcbkbttn_buttons_block\" id=\"fcbkbttn_left\"><div class=\"fcbkbttn_like \"><fb:like href=\"https:\/\/blog.erm.ee\/?p=12362\" action=\"like\" colorscheme=\"light\" layout=\"standard\"  width=\"225px\" size=\"small\"><\/fb:like><\/div><div class=\"fb-share-button  \" data-href=\"https:\/\/blog.erm.ee\/?p=12362\" data-type=\"button\" data-size=\"small\"><\/div><\/div><p><em>Eve Aab, produtsent<\/em><br \/>\n<em>Helve Schasmin, koguhoidja<\/em><br \/>\n<em>Maarja Vaikmaa, sisuturunduse spetsialist<\/em><\/p>\n<p style=\"text-align: justify;\">Ehkki paavst Gelasius nimetas 14. veebruari valentinip\u00e4evaks ja Valentini armastajate patrooniks juba 496. aastal, j\u00f5udis s\u00f5brap\u00e4ev Eestisse t\u00e4htp\u00e4evana alles 1980ndate l\u00f5pul Soomest. Armastusavalduste saatmine posti teel pole aga aega ega t\u00e4htp\u00e4eva p\u00f5hjuseks k\u00fcsinud. Allpool armuavaldusi &#8211; m\u00f5ni kelmikam, m\u00f5ni l\u00fc\u00fcriline &#8211; Vabaduss\u00f5ja p\u00e4evilt.<\/p>\n<div id=\"attachment_12363\" style=\"width: 1213px\" class=\"wp-caption aligncenter\"><a href=\"https:\/\/blog.erm.ee\/wp-content\/uploads\/2019\/02\/PaVa_2_209.png\"><img loading=\"lazy\" decoding=\"async\" aria-describedby=\"caption-attachment-12363\" data-attachment-id=\"12363\" data-permalink=\"https:\/\/blog.erm.ee\/?attachment_id=12363#main\" data-orig-file=\"https:\/\/blog.erm.ee\/wp-content\/uploads\/2019\/02\/PaVa_2_209.png\" data-orig-size=\"1203,1525\" data-comments-opened=\"1\" data-image-meta=\"{&quot;aperture&quot;:&quot;0&quot;,&quot;credit&quot;:&quot;&quot;,&quot;camera&quot;:&quot;&quot;,&quot;caption&quot;:&quot;&quot;,&quot;created_timestamp&quot;:&quot;0&quot;,&quot;copyright&quot;:&quot;&quot;,&quot;focal_length&quot;:&quot;0&quot;,&quot;iso&quot;:&quot;0&quot;,&quot;shutter_speed&quot;:&quot;0&quot;,&quot;title&quot;:&quot;&quot;,&quot;orientation&quot;:&quot;0&quot;}\" data-image-title=\"PaVa_2_209\" data-image-description=\"\" data-image-caption=\"\" data-large-file=\"https:\/\/blog.erm.ee\/wp-content\/uploads\/2019\/02\/PaVa_2_209-808x1024.png\" class=\"wp-image-12363 size-full\" src=\"https:\/\/blog.erm.ee\/wp-content\/uploads\/2019\/02\/PaVa_2_209.png\" alt=\"\" width=\"1203\" height=\"1525\" srcset=\"https:\/\/blog.erm.ee\/wp-content\/uploads\/2019\/02\/PaVa_2_209.png 1203w, https:\/\/blog.erm.ee\/wp-content\/uploads\/2019\/02\/PaVa_2_209-205x260.png 205w, https:\/\/blog.erm.ee\/wp-content\/uploads\/2019\/02\/PaVa_2_209-237x300.png 237w, https:\/\/blog.erm.ee\/wp-content\/uploads\/2019\/02\/PaVa_2_209-768x974.png 768w, https:\/\/blog.erm.ee\/wp-content\/uploads\/2019\/02\/PaVa_2_209-808x1024.png 808w\" sizes=\"auto, (max-width: 1203px) 100vw, 1203px\" \/><\/a><p id=\"caption-attachment-12363\" class=\"wp-caption-text\">Rindepost. Postkaart k\u00f5rvaltempliga 6 PIIRI K\u00dcTI PATALJON \/ Kirjadele (ERM PM\/PA Va 2:209)<\/p><\/div>\n<blockquote>\n<p style=\"text-align: justify;\">Neiu Adele!<\/p>\n<p style=\"text-align: justify;\">Kiri saawutu t\u00e4nase meelespidamise eest. Arvasin mind kui enda tundmata tuttawad \u00fcsna \u00e4ra unustatud olevad, aga eksisin suuresti, sain ju t\u00e4na suure pikka kirja ja muidugist uudistega. V\u00e4ga palju t\u00e4nuw\u00f5lgmisi Teile selle h\u00e4\u00e4 meelespidamise eest, sest on ju \u00fcks ainus s\u00f5duri meelelahutus neiudelt kirja saada ja j\u00e4llegi wastust kriipselda, et sellega elu natikesse l\u00f5busamaks teha. Olgu nii kuldsu ja kriipseldagu wastust, eks? K\u00f5igeparem.<\/p>\n<\/blockquote>\n<div id=\"attachment_12364\" style=\"width: 1206px\" class=\"wp-caption aligncenter\"><a href=\"https:\/\/blog.erm.ee\/wp-content\/uploads\/2019\/02\/PaVa_2_508.png\"><img loading=\"lazy\" decoding=\"async\" aria-describedby=\"caption-attachment-12364\" data-attachment-id=\"12364\" data-permalink=\"https:\/\/blog.erm.ee\/?attachment_id=12364#main\" data-orig-file=\"https:\/\/blog.erm.ee\/wp-content\/uploads\/2019\/02\/PaVa_2_508.png\" data-orig-size=\"1196,1511\" data-comments-opened=\"1\" data-image-meta=\"{&quot;aperture&quot;:&quot;0&quot;,&quot;credit&quot;:&quot;&quot;,&quot;camera&quot;:&quot;&quot;,&quot;caption&quot;:&quot;&quot;,&quot;created_timestamp&quot;:&quot;0&quot;,&quot;copyright&quot;:&quot;&quot;,&quot;focal_length&quot;:&quot;0&quot;,&quot;iso&quot;:&quot;0&quot;,&quot;shutter_speed&quot;:&quot;0&quot;,&quot;title&quot;:&quot;&quot;,&quot;orientation&quot;:&quot;0&quot;}\" data-image-title=\"PaVa_2_508\" data-image-description=\"\" data-image-caption=\"&lt;p&gt;Rindepost. Postkaart k\u00f5rvaltempliga Kindluse Raske Suurt\u00fckiw\u00e4e Diwisjon. (ERM PM\/PA Va 2:508)&lt;\/p&gt;\n\" data-large-file=\"https:\/\/blog.erm.ee\/wp-content\/uploads\/2019\/02\/PaVa_2_508-811x1024.png\" class=\"wp-image-12364 size-full\" src=\"https:\/\/blog.erm.ee\/wp-content\/uploads\/2019\/02\/PaVa_2_508.png\" alt=\"\" width=\"1196\" height=\"1511\" srcset=\"https:\/\/blog.erm.ee\/wp-content\/uploads\/2019\/02\/PaVa_2_508.png 1196w, https:\/\/blog.erm.ee\/wp-content\/uploads\/2019\/02\/PaVa_2_508-206x260.png 206w, https:\/\/blog.erm.ee\/wp-content\/uploads\/2019\/02\/PaVa_2_508-237x300.png 237w, https:\/\/blog.erm.ee\/wp-content\/uploads\/2019\/02\/PaVa_2_508-768x970.png 768w, https:\/\/blog.erm.ee\/wp-content\/uploads\/2019\/02\/PaVa_2_508-811x1024.png 811w\" sizes=\"auto, (max-width: 1196px) 100vw, 1196px\" \/><\/a><p id=\"caption-attachment-12364\" class=\"wp-caption-text\">Rindepost. Postkaart k\u00f5rvaltempliga Kindluse Raske Suurt\u00fckiw\u00e4e Diwisjon. (ERM PM\/PA Va 2:508)<\/p><\/div>\n<blockquote>\n<p style=\"text-align: justify;\">Truu puhas s\u00fcda ilma peal<br \/>\non k\u00f5ige kallim wara.<br \/>\nJa kui sa seda oled leind<br \/>\nEi seda keegi riisu \u00e4ra.<\/p>\n<p>S\u00fcdamlik soe tervitus<br \/>\nMeelespidaja M.<\/p><\/blockquote>\n<div id=\"attachment_12365\" style=\"width: 1553px\" class=\"wp-caption aligncenter\"><a href=\"https:\/\/blog.erm.ee\/wp-content\/uploads\/2019\/02\/PaVa_2_415.png\"><img loading=\"lazy\" decoding=\"async\" aria-describedby=\"caption-attachment-12365\" data-attachment-id=\"12365\" data-permalink=\"https:\/\/blog.erm.ee\/?attachment_id=12365#main\" data-orig-file=\"https:\/\/blog.erm.ee\/wp-content\/uploads\/2019\/02\/PaVa_2_415.png\" data-orig-size=\"1543,1224\" data-comments-opened=\"1\" data-image-meta=\"{&quot;aperture&quot;:&quot;0&quot;,&quot;credit&quot;:&quot;&quot;,&quot;camera&quot;:&quot;&quot;,&quot;caption&quot;:&quot;&quot;,&quot;created_timestamp&quot;:&quot;0&quot;,&quot;copyright&quot;:&quot;&quot;,&quot;focal_length&quot;:&quot;0&quot;,&quot;iso&quot;:&quot;0&quot;,&quot;shutter_speed&quot;:&quot;0&quot;,&quot;title&quot;:&quot;&quot;,&quot;orientation&quot;:&quot;0&quot;}\" data-image-title=\"PaVa_2_415\" data-image-description=\"\" data-image-caption=\"&lt;p&gt;Rindepost. Postkaart k\u00f5rvaltempliga 7 jalaw\u00e4e polk \/ Kirjade jaoks; 7 jalaw\u00e4e polgu \/ Ratsa luurajate Komandu \u00dclem (ERM PM\/PA Va 2:415)&lt;\/p&gt;\n\" data-large-file=\"https:\/\/blog.erm.ee\/wp-content\/uploads\/2019\/02\/PaVa_2_415-1024x812.png\" class=\"wp-image-12365 size-full\" src=\"https:\/\/blog.erm.ee\/wp-content\/uploads\/2019\/02\/PaVa_2_415.png\" alt=\"\" width=\"1543\" height=\"1224\" srcset=\"https:\/\/blog.erm.ee\/wp-content\/uploads\/2019\/02\/PaVa_2_415.png 1543w, https:\/\/blog.erm.ee\/wp-content\/uploads\/2019\/02\/PaVa_2_415-328x260.png 328w, https:\/\/blog.erm.ee\/wp-content\/uploads\/2019\/02\/PaVa_2_415-300x238.png 300w, https:\/\/blog.erm.ee\/wp-content\/uploads\/2019\/02\/PaVa_2_415-768x609.png 768w, https:\/\/blog.erm.ee\/wp-content\/uploads\/2019\/02\/PaVa_2_415-1024x812.png 1024w\" sizes=\"auto, (max-width: 1543px) 100vw, 1543px\" \/><\/a><p id=\"caption-attachment-12365\" class=\"wp-caption-text\">Rindepost. Postkaart k\u00f5rvaltempliga 7 jalaw\u00e4e polk \/ Kirjade jaoks; 7 jalaw\u00e4e polgu \/ Ratsa luurajate Komandu \u00dclem (ERM PM\/PA Va 2:415)<\/p><\/div>\n<blockquote><p>Tiblakene!<\/p>\n<p style=\"text-align: justify;\">Mis Sa m\u00fcdistad s\u00e4\u00e4l, on juba siia kuulda, kui amesseerid ringi, nii et k\u00fcll saab. L\u00e4hemal ajal s\u00f5idan Tallinna, kus p\u00f5mmeltame siis weikeselt. Elu on siin nii kurati igap\u00e4evane, et p\u00e4ris \u00e4ra t\u00fc\u00fctab kohe, aga mis s\u00e4\u00e4l p\u00e4rata, ei ole kedagi siin pigistada, sest kurb lugu. Kui sinna s\u00f5idan, siis pigistan k\u00f5wemini. K\u00f5iki h\u00e4\u00e4d!<\/p>\n<p>Mudin tublisti<br \/>\nHeino<\/p><\/blockquote>\n<div id=\"attachment_12366\" style=\"width: 1573px\" class=\"wp-caption aligncenter\"><a href=\"https:\/\/blog.erm.ee\/wp-content\/uploads\/2019\/02\/PaVa_2_582.png\"><img loading=\"lazy\" decoding=\"async\" aria-describedby=\"caption-attachment-12366\" data-attachment-id=\"12366\" data-permalink=\"https:\/\/blog.erm.ee\/?attachment_id=12366#main\" data-orig-file=\"https:\/\/blog.erm.ee\/wp-content\/uploads\/2019\/02\/PaVa_2_582.png\" data-orig-size=\"1563,1197\" data-comments-opened=\"1\" data-image-meta=\"{&quot;aperture&quot;:&quot;0&quot;,&quot;credit&quot;:&quot;&quot;,&quot;camera&quot;:&quot;&quot;,&quot;caption&quot;:&quot;&quot;,&quot;created_timestamp&quot;:&quot;0&quot;,&quot;copyright&quot;:&quot;&quot;,&quot;focal_length&quot;:&quot;0&quot;,&quot;iso&quot;:&quot;0&quot;,&quot;shutter_speed&quot;:&quot;0&quot;,&quot;title&quot;:&quot;&quot;,&quot;orientation&quot;:&quot;0&quot;}\" data-image-title=\"PaVa_2_582\" data-image-description=\"\" data-image-caption=\"&lt;p&gt;Rindepost. Postkaart k\u00f5rvaltempliga 1. tiwisi tagawara pataljoni \/ \u00d5pe Kamando (ERM PM\/PA Va 2:582)&lt;\/p&gt;\n\" data-large-file=\"https:\/\/blog.erm.ee\/wp-content\/uploads\/2019\/02\/PaVa_2_582-1024x784.png\" class=\"wp-image-12366 size-full\" src=\"https:\/\/blog.erm.ee\/wp-content\/uploads\/2019\/02\/PaVa_2_582.png\" alt=\"\" width=\"1563\" height=\"1197\" srcset=\"https:\/\/blog.erm.ee\/wp-content\/uploads\/2019\/02\/PaVa_2_582.png 1563w, https:\/\/blog.erm.ee\/wp-content\/uploads\/2019\/02\/PaVa_2_582-339x260.png 339w, https:\/\/blog.erm.ee\/wp-content\/uploads\/2019\/02\/PaVa_2_582-300x230.png 300w, https:\/\/blog.erm.ee\/wp-content\/uploads\/2019\/02\/PaVa_2_582-768x588.png 768w, https:\/\/blog.erm.ee\/wp-content\/uploads\/2019\/02\/PaVa_2_582-1024x784.png 1024w\" sizes=\"auto, (max-width: 1563px) 100vw, 1563px\" \/><\/a><p id=\"caption-attachment-12366\" class=\"wp-caption-text\">Rindepost. Postkaart k\u00f5rvaltempliga 1. tiwisi tagawara pataljoni \/ \u00d5pe Kamando (ERM PM\/PA Va 2:582)<\/p><\/div>\n<blockquote><p>Sinuta kui pikad<br \/>\nOn mulle p\u00e4ewad \u00f6\u00f6d<br \/>\nIgawad ja kurwad<br \/>\nKui magan ehk teen t\u00f6\u00f6d<\/p>\n<p>Teid terwitades<br \/>\nGustaw<\/p><\/blockquote>\n<div id=\"attachment_12367\" style=\"width: 1532px\" class=\"wp-caption aligncenter\"><a href=\"https:\/\/blog.erm.ee\/wp-content\/uploads\/2019\/02\/PaVa_2_589.png\"><img loading=\"lazy\" decoding=\"async\" aria-describedby=\"caption-attachment-12367\" data-attachment-id=\"12367\" data-permalink=\"https:\/\/blog.erm.ee\/?attachment_id=12367#main\" data-orig-file=\"https:\/\/blog.erm.ee\/wp-content\/uploads\/2019\/02\/PaVa_2_589.png\" data-orig-size=\"1522,1189\" data-comments-opened=\"1\" data-image-meta=\"{&quot;aperture&quot;:&quot;0&quot;,&quot;credit&quot;:&quot;&quot;,&quot;camera&quot;:&quot;&quot;,&quot;caption&quot;:&quot;&quot;,&quot;created_timestamp&quot;:&quot;0&quot;,&quot;copyright&quot;:&quot;&quot;,&quot;focal_length&quot;:&quot;0&quot;,&quot;iso&quot;:&quot;0&quot;,&quot;shutter_speed&quot;:&quot;0&quot;,&quot;title&quot;:&quot;&quot;,&quot;orientation&quot;:&quot;0&quot;}\" data-image-title=\"PaVa_2_589\" data-image-description=\"\" data-image-caption=\"\" data-large-file=\"https:\/\/blog.erm.ee\/wp-content\/uploads\/2019\/02\/PaVa_2_589-1024x800.png\" class=\"wp-image-12367 size-full\" src=\"https:\/\/blog.erm.ee\/wp-content\/uploads\/2019\/02\/PaVa_2_589.png\" alt=\"\" width=\"1522\" height=\"1189\" srcset=\"https:\/\/blog.erm.ee\/wp-content\/uploads\/2019\/02\/PaVa_2_589.png 1522w, https:\/\/blog.erm.ee\/wp-content\/uploads\/2019\/02\/PaVa_2_589-333x260.png 333w, https:\/\/blog.erm.ee\/wp-content\/uploads\/2019\/02\/PaVa_2_589-300x234.png 300w, https:\/\/blog.erm.ee\/wp-content\/uploads\/2019\/02\/PaVa_2_589-768x600.png 768w, https:\/\/blog.erm.ee\/wp-content\/uploads\/2019\/02\/PaVa_2_589-1024x800.png 1024w\" sizes=\"auto, (max-width: 1522px) 100vw, 1522px\" \/><\/a><p id=\"caption-attachment-12367\" class=\"wp-caption-text\">Rindepost. Postkaart k\u00f5rvaltempliga 1-se diwiisi tagawara bataljon \/ 2. ROOD (ERM PM\/PA Va 2:589)<\/p><\/div>\n<blockquote><p>N\u00fc\u00fcd on meil k\u00e4sk ju k\u00e4es<br \/>\nPean s\u00f5ta minema<br \/>\nOh armas s\u00fcda sinust<br \/>\nPean \u00e4ra lahkuma<br \/>\nN\u00f6t aga ma Narwa s\u00f5itma<\/p>\n<p>Palju terwistit koigitele teile<br \/>\nJumalaga<\/p><\/blockquote>\n<p>1930ndatel liikus ka juhend postmargi keeles oma tunnete avaldamiseks.<\/p>\n<div id=\"attachment_12370\" style=\"width: 1210px\" class=\"wp-caption aligncenter\"><a href=\"https:\/\/blog.erm.ee\/wp-content\/uploads\/2019\/02\/postmargi-keel-e1550138771388.jpeg\"><img loading=\"lazy\" decoding=\"async\" aria-describedby=\"caption-attachment-12370\" data-attachment-id=\"12370\" data-permalink=\"https:\/\/blog.erm.ee\/?attachment_id=12370#main\" data-orig-file=\"https:\/\/blog.erm.ee\/wp-content\/uploads\/2019\/02\/postmargi-keel-e1550138771388.jpeg\" data-orig-size=\"1200,1927\" data-comments-opened=\"1\" data-image-meta=\"{&quot;aperture&quot;:&quot;0&quot;,&quot;credit&quot;:&quot;&quot;,&quot;camera&quot;:&quot;&quot;,&quot;caption&quot;:&quot;&quot;,&quot;created_timestamp&quot;:&quot;0&quot;,&quot;copyright&quot;:&quot;&quot;,&quot;focal_length&quot;:&quot;0&quot;,&quot;iso&quot;:&quot;0&quot;,&quot;shutter_speed&quot;:&quot;0&quot;,&quot;title&quot;:&quot;&quot;,&quot;orientation&quot;:&quot;0&quot;}\" data-image-title=\"postmargi keel\" data-image-description=\"\" data-image-caption=\"&lt;p&gt;Postmargi keel, tr\u00fckitud 1930ndatel. Erakogu&lt;\/p&gt;\n\" data-large-file=\"https:\/\/blog.erm.ee\/wp-content\/uploads\/2019\/02\/postmargi-keel-638x1024.jpeg\" class=\"wp-image-12370 size-full\" src=\"https:\/\/blog.erm.ee\/wp-content\/uploads\/2019\/02\/postmargi-keel-e1550138771388.jpeg\" alt=\"\" width=\"1200\" height=\"1927\" \/><\/a><p id=\"caption-attachment-12370\" class=\"wp-caption-text\">Postmargi keel, tr\u00fckitud 1930ndatel. Erakogu<\/p><\/div>\n<p>Kas siinsel 1919. aasta kaardil on postmark\u00a0juhuslikult v\u00f5i teadlikult nurga all kaardile kleebitud, teadsid ehk vaid kirjutajad ise.<\/p>\n<div id=\"attachment_12371\" style=\"width: 1663px\" class=\"wp-caption aligncenter\"><a href=\"https:\/\/blog.erm.ee\/wp-content\/uploads\/2019\/02\/PaVa_2_160.jpeg\"><img loading=\"lazy\" decoding=\"async\" aria-describedby=\"caption-attachment-12371\" data-attachment-id=\"12371\" data-permalink=\"https:\/\/blog.erm.ee\/?attachment_id=12371#main\" data-orig-file=\"https:\/\/blog.erm.ee\/wp-content\/uploads\/2019\/02\/PaVa_2_160.jpeg\" data-orig-size=\"1653,1081\" data-comments-opened=\"1\" data-image-meta=\"{&quot;aperture&quot;:&quot;0&quot;,&quot;credit&quot;:&quot;&quot;,&quot;camera&quot;:&quot;&quot;,&quot;caption&quot;:&quot;&quot;,&quot;created_timestamp&quot;:&quot;1549974382&quot;,&quot;copyright&quot;:&quot;&quot;,&quot;focal_length&quot;:&quot;0&quot;,&quot;iso&quot;:&quot;0&quot;,&quot;shutter_speed&quot;:&quot;0&quot;,&quot;title&quot;:&quot;&quot;,&quot;orientation&quot;:&quot;8&quot;}\" data-image-title=\"PaVa_2_160\" data-image-description=\"\" data-image-caption=\"&lt;p&gt;Rindepost. Postkaart k\u00f5rvaltempliga  (ERM PM\/PA Va 2:160)&lt;\/p&gt;\n\" data-large-file=\"https:\/\/blog.erm.ee\/wp-content\/uploads\/2019\/02\/PaVa_2_160-1024x670.jpeg\" class=\"size-full wp-image-12371\" src=\"https:\/\/blog.erm.ee\/wp-content\/uploads\/2019\/02\/PaVa_2_160.jpeg\" alt=\"\" width=\"1653\" height=\"1081\" srcset=\"https:\/\/blog.erm.ee\/wp-content\/uploads\/2019\/02\/PaVa_2_160.jpeg 1653w, https:\/\/blog.erm.ee\/wp-content\/uploads\/2019\/02\/PaVa_2_160-398x260.jpeg 398w, https:\/\/blog.erm.ee\/wp-content\/uploads\/2019\/02\/PaVa_2_160-300x196.jpeg 300w, https:\/\/blog.erm.ee\/wp-content\/uploads\/2019\/02\/PaVa_2_160-768x502.jpeg 768w, https:\/\/blog.erm.ee\/wp-content\/uploads\/2019\/02\/PaVa_2_160-1024x670.jpeg 1024w\" sizes=\"auto, (max-width: 1653px) 100vw, 1653px\" \/><\/a><p id=\"caption-attachment-12371\" class=\"wp-caption-text\">Rindepost. Postkaart k\u00f5rvaltempliga (ERM PM\/PA Va 2:160)<\/p><\/div>\n<blockquote><p>W.a Herra Lukk!<\/p>\n<p>Soovin l\u00f5busad ammiserimist Mustwe neidudega.<\/p>\n<p>Teid tervitades<br \/>\nHelme<\/p>\n<p>Lenni poolt tervisid<\/p><\/blockquote>\n<div class=\"fcbkbttn_buttons_block\" id=\"fcbkbttn_left\"><div class=\"fcbkbttn_like \"><fb:like href=\"https:\/\/blog.erm.ee\/?p=12362\" action=\"like\" colorscheme=\"light\" layout=\"standard\"  width=\"225px\" size=\"small\"><\/fb:like><\/div><div class=\"fb-share-button  \" data-href=\"https:\/\/blog.erm.ee\/?p=12362\" data-type=\"button\" data-size=\"small\"><\/div><\/div>","protected":false},"excerpt":{"rendered":"<p>Eve Aab, produtsent Helve Schasmin, koguhoidja Maarja Vaikmaa, sisuturunduse spetsialist Ehkki paavst Gelasius nimetas 14. veebruari valentinip\u00e4evaks ja Valentini armastajate patrooniks juba 496. aastal, j\u00f5udis s\u00f5brap\u00e4ev Eestisse t\u00e4htp\u00e4evana alles 1980ndate l\u00f5pul Soomest. Armastusavalduste saatmine posti teel pole aga aega ega t\u00e4htp\u00e4eva p\u00f5hjuseks k\u00fcsinud. Allpool armuavaldusi &#8211; m\u00f5ni kelmikam, m\u00f5ni l\u00fc\u00fcriline &#8211; Vabaduss\u00f5ja p\u00e4evilt. Neiu Adele!&hellip;<\/p>\n","protected":false},"author":1,"featured_media":12375,"comment_status":"open","ping_status":"open","sticky":false,"template":"","format":"standard","meta":{"_monsterinsights_skip_tracking":false,"_monsterinsights_sitenote_active":false,"_monsterinsights_sitenote_note":"","_monsterinsights_sitenote_category":0,"jetpack_post_was_ever_published":false,"_jetpack_newsletter_access":"","_jetpack_dont_email_post_to_subs":false,"_jetpack_newsletter_tier_id":0,"_jetpack_memberships_contains_paywalled_content":false,"_jetpack_memberships_contains_paid_content":false,"footnotes":""},"categories":[5],"tags":[],"class_list":["post-12362","post","type-post","status-publish","format-standard","has-post-thumbnail","hentry","category-museaal"],"yoast_head":"<!-- This site is optimized with the Yoast SEO plugin v27.5 - https:\/\/yoast.com\/product\/yoast-seo-wordpress\/ -->\n<title>&quot;Truu puhas s\u00fcda ilma peal on k\u00f5ige kallim wara&quot; - Eesti Rahva Muuseumi ajaveeb<\/title>\n<meta name=\"robots\" content=\"index, follow, max-snippet:-1, max-image-preview:large, max-video-preview:-1\" \/>\n<link rel=\"canonical\" href=\"https:\/\/blog.erm.ee\/?p=12362\" \/>\n<meta property=\"og:locale\" content=\"et_EE\" \/>\n<meta property=\"og:type\" content=\"article\" \/>\n<meta property=\"og:title\" content=\"&quot;Truu puhas s\u00fcda ilma peal on k\u00f5ige kallim wara&quot; - Eesti Rahva Muuseumi ajaveeb\" \/>\n<meta property=\"og:description\" content=\"Eve Aab, produtsent Helve Schasmin, koguhoidja Maarja Vaikmaa, sisuturunduse spetsialist Ehkki paavst Gelasius nimetas 14. veebruari valentinip\u00e4evaks ja Valentini armastajate patrooniks juba 496. aastal, j\u00f5udis s\u00f5brap\u00e4ev Eestisse t\u00e4htp\u00e4evana alles 1980ndate l\u00f5pul Soomest. Armastusavalduste saatmine posti teel pole aga aega ega t\u00e4htp\u00e4eva p\u00f5hjuseks k\u00fcsinud. Allpool armuavaldusi &#8211; m\u00f5ni kelmikam, m\u00f5ni l\u00fc\u00fcriline &#8211; Vabaduss\u00f5ja p\u00e4evilt. Neiu Adele!&hellip;\" \/>\n<meta property=\"og:url\" content=\"https:\/\/blog.erm.ee\/?p=12362\" \/>\n<meta property=\"og:site_name\" content=\"Eesti Rahva Muuseumi ajaveeb\" \/>\n<meta property=\"article:published_time\" content=\"2019-02-14T10:17:17+00:00\" \/>\n<meta property=\"article:modified_time\" content=\"2019-02-14T10:33:20+00:00\" \/>\n<meta property=\"og:image\" content=\"https:\/\/blog.erm.ee\/wp-content\/uploads\/2019\/02\/PaVa_2_508_taga_pisipilt.jpeg\" \/>\n\t<meta property=\"og:image:width\" content=\"1148\" \/>\n\t<meta property=\"og:image:height\" content=\"729\" \/>\n\t<meta property=\"og:image:type\" content=\"image\/jpeg\" \/>\n<meta name=\"author\" content=\"Eesti Rahva Muuseum\" \/>\n<meta name=\"twitter:card\" content=\"summary_large_image\" \/>\n<meta name=\"twitter:label1\" content=\"Written by\" \/>\n\t<meta name=\"twitter:data1\" content=\"Eesti Rahva Muuseum\" \/>\n\t<meta name=\"twitter:label2\" content=\"Est. reading time\" \/>\n\t<meta name=\"twitter:data2\" content=\"2 minutit\" \/>\n<script type=\"application\/ld+json\" class=\"yoast-schema-graph\">{\"@context\":\"https:\\\/\\\/schema.org\",\"@graph\":[{\"@type\":\"Article\",\"@id\":\"https:\\\/\\\/blog.erm.ee\\\/?p=12362#article\",\"isPartOf\":{\"@id\":\"https:\\\/\\\/blog.erm.ee\\\/?p=12362\"},\"author\":{\"name\":\"Eesti Rahva Muuseum\",\"@id\":\"https:\\\/\\\/blog.erm.ee\\\/#\\\/schema\\\/person\\\/6e98c391cb00a33e7c22a3571e062114\"},\"headline\":\"&#8220;Truu puhas s\u00fcda ilma peal on k\u00f5ige kallim wara&#8221;\",\"datePublished\":\"2019-02-14T10:17:17+00:00\",\"dateModified\":\"2019-02-14T10:33:20+00:00\",\"mainEntityOfPage\":{\"@id\":\"https:\\\/\\\/blog.erm.ee\\\/?p=12362\"},\"wordCount\":486,\"commentCount\":0,\"image\":{\"@id\":\"https:\\\/\\\/blog.erm.ee\\\/?p=12362#primaryimage\"},\"thumbnailUrl\":\"https:\\\/\\\/blog.erm.ee\\\/wp-content\\\/uploads\\\/2019\\\/02\\\/PaVa_2_508_taga_pisipilt.jpeg\",\"articleSection\":[\"Museaal\"],\"inLanguage\":\"et\",\"potentialAction\":[{\"@type\":\"CommentAction\",\"name\":\"Comment\",\"target\":[\"https:\\\/\\\/blog.erm.ee\\\/?p=12362#respond\"]}]},{\"@type\":\"WebPage\",\"@id\":\"https:\\\/\\\/blog.erm.ee\\\/?p=12362\",\"url\":\"https:\\\/\\\/blog.erm.ee\\\/?p=12362\",\"name\":\"\\\"Truu puhas s\u00fcda ilma peal on k\u00f5ige kallim wara\\\" - Eesti Rahva Muuseumi ajaveeb\",\"isPartOf\":{\"@id\":\"https:\\\/\\\/blog.erm.ee\\\/#website\"},\"primaryImageOfPage\":{\"@id\":\"https:\\\/\\\/blog.erm.ee\\\/?p=12362#primaryimage\"},\"image\":{\"@id\":\"https:\\\/\\\/blog.erm.ee\\\/?p=12362#primaryimage\"},\"thumbnailUrl\":\"https:\\\/\\\/blog.erm.ee\\\/wp-content\\\/uploads\\\/2019\\\/02\\\/PaVa_2_508_taga_pisipilt.jpeg\",\"datePublished\":\"2019-02-14T10:17:17+00:00\",\"dateModified\":\"2019-02-14T10:33:20+00:00\",\"author\":{\"@id\":\"https:\\\/\\\/blog.erm.ee\\\/#\\\/schema\\\/person\\\/6e98c391cb00a33e7c22a3571e062114\"},\"breadcrumb\":{\"@id\":\"https:\\\/\\\/blog.erm.ee\\\/?p=12362#breadcrumb\"},\"inLanguage\":\"et\",\"potentialAction\":[{\"@type\":\"ReadAction\",\"target\":[\"https:\\\/\\\/blog.erm.ee\\\/?p=12362\"]}]},{\"@type\":\"ImageObject\",\"inLanguage\":\"et\",\"@id\":\"https:\\\/\\\/blog.erm.ee\\\/?p=12362#primaryimage\",\"url\":\"https:\\\/\\\/blog.erm.ee\\\/wp-content\\\/uploads\\\/2019\\\/02\\\/PaVa_2_508_taga_pisipilt.jpeg\",\"contentUrl\":\"https:\\\/\\\/blog.erm.ee\\\/wp-content\\\/uploads\\\/2019\\\/02\\\/PaVa_2_508_taga_pisipilt.jpeg\",\"width\":1148,\"height\":729},{\"@type\":\"BreadcrumbList\",\"@id\":\"https:\\\/\\\/blog.erm.ee\\\/?p=12362#breadcrumb\",\"itemListElement\":[{\"@type\":\"ListItem\",\"position\":1,\"name\":\"Home\",\"item\":\"https:\\\/\\\/blog.erm.ee\\\/\"},{\"@type\":\"ListItem\",\"position\":2,\"name\":\"&#8220;Truu puhas s\u00fcda ilma peal on k\u00f5ige kallim wara&#8221;\"}]},{\"@type\":\"WebSite\",\"@id\":\"https:\\\/\\\/blog.erm.ee\\\/#website\",\"url\":\"https:\\\/\\\/blog.erm.ee\\\/\",\"name\":\"Eesti Rahva Muuseumi ajaveeb\",\"description\":\"\",\"potentialAction\":[{\"@type\":\"SearchAction\",\"target\":{\"@type\":\"EntryPoint\",\"urlTemplate\":\"https:\\\/\\\/blog.erm.ee\\\/?s={search_term_string}\"},\"query-input\":{\"@type\":\"PropertyValueSpecification\",\"valueRequired\":true,\"valueName\":\"search_term_string\"}}],\"inLanguage\":\"et\"},{\"@type\":\"Person\",\"@id\":\"https:\\\/\\\/blog.erm.ee\\\/#\\\/schema\\\/person\\\/6e98c391cb00a33e7c22a3571e062114\",\"name\":\"Eesti Rahva Muuseum\",\"image\":{\"@type\":\"ImageObject\",\"inLanguage\":\"et\",\"@id\":\"https:\\\/\\\/secure.gravatar.com\\\/avatar\\\/cb6d9ad5fb49f3f7315028ce5fe60641075f2cb52b8a058ff5a985fa2d8c1da0?s=96&d=mm&r=g\",\"url\":\"https:\\\/\\\/secure.gravatar.com\\\/avatar\\\/cb6d9ad5fb49f3f7315028ce5fe60641075f2cb52b8a058ff5a985fa2d8c1da0?s=96&d=mm&r=g\",\"contentUrl\":\"https:\\\/\\\/secure.gravatar.com\\\/avatar\\\/cb6d9ad5fb49f3f7315028ce5fe60641075f2cb52b8a058ff5a985fa2d8c1da0?s=96&d=mm&r=g\",\"caption\":\"Eesti Rahva Muuseum\"},\"sameAs\":[\"http:\\\/\\\/www.erm.ee\"],\"url\":\"https:\\\/\\\/blog.erm.ee\\\/?author=1\"}]}<\/script>\n<!-- \/ Yoast SEO plugin. -->","yoast_head_json":{"title":"\"Truu puhas s\u00fcda ilma peal on k\u00f5ige kallim wara\" - Eesti Rahva Muuseumi ajaveeb","robots":{"index":"index","follow":"follow","max-snippet":"max-snippet:-1","max-image-preview":"max-image-preview:large","max-video-preview":"max-video-preview:-1"},"canonical":"https:\/\/blog.erm.ee\/?p=12362","og_locale":"et_EE","og_type":"article","og_title":"\"Truu puhas s\u00fcda ilma peal on k\u00f5ige kallim wara\" - Eesti Rahva Muuseumi ajaveeb","og_description":"Eve Aab, produtsent Helve Schasmin, koguhoidja Maarja Vaikmaa, sisuturunduse spetsialist Ehkki paavst Gelasius nimetas 14. veebruari valentinip\u00e4evaks ja Valentini armastajate patrooniks juba 496. aastal, j\u00f5udis s\u00f5brap\u00e4ev Eestisse t\u00e4htp\u00e4evana alles 1980ndate l\u00f5pul Soomest. Armastusavalduste saatmine posti teel pole aga aega ega t\u00e4htp\u00e4eva p\u00f5hjuseks k\u00fcsinud. Allpool armuavaldusi &#8211; m\u00f5ni kelmikam, m\u00f5ni l\u00fc\u00fcriline &#8211; Vabaduss\u00f5ja p\u00e4evilt. Neiu Adele!&hellip;","og_url":"https:\/\/blog.erm.ee\/?p=12362","og_site_name":"Eesti Rahva Muuseumi ajaveeb","article_published_time":"2019-02-14T10:17:17+00:00","article_modified_time":"2019-02-14T10:33:20+00:00","og_image":[{"width":1148,"height":729,"url":"https:\/\/blog.erm.ee\/wp-content\/uploads\/2019\/02\/PaVa_2_508_taga_pisipilt.jpeg","type":"image\/jpeg"}],"author":"Eesti Rahva Muuseum","twitter_card":"summary_large_image","twitter_misc":{"Written by":"Eesti Rahva Muuseum","Est. reading time":"2 minutit"},"schema":{"@context":"https:\/\/schema.org","@graph":[{"@type":"Article","@id":"https:\/\/blog.erm.ee\/?p=12362#article","isPartOf":{"@id":"https:\/\/blog.erm.ee\/?p=12362"},"author":{"name":"Eesti Rahva Muuseum","@id":"https:\/\/blog.erm.ee\/#\/schema\/person\/6e98c391cb00a33e7c22a3571e062114"},"headline":"&#8220;Truu puhas s\u00fcda ilma peal on k\u00f5ige kallim wara&#8221;","datePublished":"2019-02-14T10:17:17+00:00","dateModified":"2019-02-14T10:33:20+00:00","mainEntityOfPage":{"@id":"https:\/\/blog.erm.ee\/?p=12362"},"wordCount":486,"commentCount":0,"image":{"@id":"https:\/\/blog.erm.ee\/?p=12362#primaryimage"},"thumbnailUrl":"https:\/\/blog.erm.ee\/wp-content\/uploads\/2019\/02\/PaVa_2_508_taga_pisipilt.jpeg","articleSection":["Museaal"],"inLanguage":"et","potentialAction":[{"@type":"CommentAction","name":"Comment","target":["https:\/\/blog.erm.ee\/?p=12362#respond"]}]},{"@type":"WebPage","@id":"https:\/\/blog.erm.ee\/?p=12362","url":"https:\/\/blog.erm.ee\/?p=12362","name":"\"Truu puhas s\u00fcda ilma peal on k\u00f5ige kallim wara\" - Eesti Rahva Muuseumi ajaveeb","isPartOf":{"@id":"https:\/\/blog.erm.ee\/#website"},"primaryImageOfPage":{"@id":"https:\/\/blog.erm.ee\/?p=12362#primaryimage"},"image":{"@id":"https:\/\/blog.erm.ee\/?p=12362#primaryimage"},"thumbnailUrl":"https:\/\/blog.erm.ee\/wp-content\/uploads\/2019\/02\/PaVa_2_508_taga_pisipilt.jpeg","datePublished":"2019-02-14T10:17:17+00:00","dateModified":"2019-02-14T10:33:20+00:00","author":{"@id":"https:\/\/blog.erm.ee\/#\/schema\/person\/6e98c391cb00a33e7c22a3571e062114"},"breadcrumb":{"@id":"https:\/\/blog.erm.ee\/?p=12362#breadcrumb"},"inLanguage":"et","potentialAction":[{"@type":"ReadAction","target":["https:\/\/blog.erm.ee\/?p=12362"]}]},{"@type":"ImageObject","inLanguage":"et","@id":"https:\/\/blog.erm.ee\/?p=12362#primaryimage","url":"https:\/\/blog.erm.ee\/wp-content\/uploads\/2019\/02\/PaVa_2_508_taga_pisipilt.jpeg","contentUrl":"https:\/\/blog.erm.ee\/wp-content\/uploads\/2019\/02\/PaVa_2_508_taga_pisipilt.jpeg","width":1148,"height":729},{"@type":"BreadcrumbList","@id":"https:\/\/blog.erm.ee\/?p=12362#breadcrumb","itemListElement":[{"@type":"ListItem","position":1,"name":"Home","item":"https:\/\/blog.erm.ee\/"},{"@type":"ListItem","position":2,"name":"&#8220;Truu puhas s\u00fcda ilma peal on k\u00f5ige kallim wara&#8221;"}]},{"@type":"WebSite","@id":"https:\/\/blog.erm.ee\/#website","url":"https:\/\/blog.erm.ee\/","name":"Eesti Rahva Muuseumi ajaveeb","description":"","potentialAction":[{"@type":"SearchAction","target":{"@type":"EntryPoint","urlTemplate":"https:\/\/blog.erm.ee\/?s={search_term_string}"},"query-input":{"@type":"PropertyValueSpecification","valueRequired":true,"valueName":"search_term_string"}}],"inLanguage":"et"},{"@type":"Person","@id":"https:\/\/blog.erm.ee\/#\/schema\/person\/6e98c391cb00a33e7c22a3571e062114","name":"Eesti Rahva Muuseum","image":{"@type":"ImageObject","inLanguage":"et","@id":"https:\/\/secure.gravatar.com\/avatar\/cb6d9ad5fb49f3f7315028ce5fe60641075f2cb52b8a058ff5a985fa2d8c1da0?s=96&d=mm&r=g","url":"https:\/\/secure.gravatar.com\/avatar\/cb6d9ad5fb49f3f7315028ce5fe60641075f2cb52b8a058ff5a985fa2d8c1da0?s=96&d=mm&r=g","contentUrl":"https:\/\/secure.gravatar.com\/avatar\/cb6d9ad5fb49f3f7315028ce5fe60641075f2cb52b8a058ff5a985fa2d8c1da0?s=96&d=mm&r=g","caption":"Eesti Rahva Muuseum"},"sameAs":["http:\/\/www.erm.ee"],"url":"https:\/\/blog.erm.ee\/?author=1"}]}},"jetpack_featured_media_url":"https:\/\/blog.erm.ee\/wp-content\/uploads\/2019\/02\/PaVa_2_508_taga_pisipilt.jpeg","jetpack_shortlink":"https:\/\/wp.me\/p2l9Zd-3do","jetpack_sharing_enabled":true,"jetpack_likes_enabled":true,"_links":{"self":[{"href":"https:\/\/blog.erm.ee\/index.php?rest_route=\/wp\/v2\/posts\/12362","targetHints":{"allow":["GET"]}}],"collection":[{"href":"https:\/\/blog.erm.ee\/index.php?rest_route=\/wp\/v2\/posts"}],"about":[{"href":"https:\/\/blog.erm.ee\/index.php?rest_route=\/wp\/v2\/types\/post"}],"author":[{"embeddable":true,"href":"https:\/\/blog.erm.ee\/index.php?rest_route=\/wp\/v2\/users\/1"}],"replies":[{"embeddable":true,"href":"https:\/\/blog.erm.ee\/index.php?rest_route=%2Fwp%2Fv2%2Fcomments&post=12362"}],"version-history":[{"count":5,"href":"https:\/\/blog.erm.ee\/index.php?rest_route=\/wp\/v2\/posts\/12362\/revisions"}],"predecessor-version":[{"id":12376,"href":"https:\/\/blog.erm.ee\/index.php?rest_route=\/wp\/v2\/posts\/12362\/revisions\/12376"}],"wp:featuredmedia":[{"embeddable":true,"href":"https:\/\/blog.erm.ee\/index.php?rest_route=\/wp\/v2\/media\/12375"}],"wp:attachment":[{"href":"https:\/\/blog.erm.ee\/index.php?rest_route=%2Fwp%2Fv2%2Fmedia&parent=12362"}],"wp:term":[{"taxonomy":"category","embeddable":true,"href":"https:\/\/blog.erm.ee\/index.php?rest_route=%2Fwp%2Fv2%2Fcategories&post=12362"},{"taxonomy":"post_tag","embeddable":true,"href":"https:\/\/blog.erm.ee\/index.php?rest_route=%2Fwp%2Fv2%2Ftags&post=12362"}],"curies":[{"name":"wp","href":"https:\/\/api.w.org\/{rel}","templated":true}]}}