{"id":12336,"date":"2019-02-05T10:55:11","date_gmt":"2019-02-05T08:55:11","guid":{"rendered":"https:\/\/blog.erm.ee\/?p=12336"},"modified":"2019-02-05T11:52:27","modified_gmt":"2019-02-05T09:52:27","slug":"elada-nagu-siga-kartuhvliaias","status":"publish","type":"post","link":"https:\/\/blog.erm.ee\/?p=12336","title":{"rendered":"Elada nagu siga kartuhvliaias"},"content":{"rendered":"<div class=\"fcbkbttn_buttons_block\" id=\"fcbkbttn_left\"><div class=\"fcbkbttn_like \"><fb:like href=\"https:\/\/blog.erm.ee\/?p=12336\" action=\"like\" colorscheme=\"light\" layout=\"standard\"  width=\"225px\" size=\"small\"><\/fb:like><\/div><div class=\"fb-share-button  \" data-href=\"https:\/\/blog.erm.ee\/?p=12336\" data-type=\"button\" data-size=\"small\"><\/div><\/div><p style=\"text-align: justify;\"><em>Tekst: Maarja Vaikmaa, sisuturunduse spetsialist<\/em><\/p>\n<p style=\"text-align: justify;\">T\u00e4na algab Hiina kalendri kaheteistk\u00fcmnendale ehk viimasele t\u00e4hem\u00e4rgile p\u00fchendatud Kollase Maa Sea aasta.<\/p>\n<p style=\"text-align: justify;\">Siga on v\u00e4ga olulisel kohal ka eestlaste rahvap\u00e4rimuses, alustades seaohvrist ja viljakuse s\u00fcmbolist ning l\u00f5petades rahvaravi ja heledah\u00e4\u00e4lsete sigu kutsuvate taluperenaistega kirjandusklassikas. Keegi ei taha \u201ep\u00f5rsast kotis osta\u201c ega olla iseloomustatud kui \u201epaha siga, mitu viga\u201c. K\u00f5va kisa meenutab &#8220;siga aia vahel&#8221; ning kui \u201esiga lendab\u201c, on ilmselt k\u00e4es 1. aprill.<\/p>\n<p style=\"text-align: justify;\">Avan kodusea rolli eestlaste elus ja folklooris p\u00f5hjalikumalt rahvaluuleteadlase Matthias Johann Eiseni ja folkloristi Marju K\u00f5ivupuu kirjutiste abil.<\/p>\n<h3 style=\"text-align: justify;\">Seaohver<\/h3>\n<blockquote>\n<p style=\"text-align: justify;\">Seaohvrit ohverdati vististi palju. Ise\u00e4ranis h\u00e4sti hoidsid seaohvrid endid alal ristiusu ajal. Ristiusk \u00f5petas uusi kristlasi karja-, nimelt sigadekaitsjat Antoniust austama. Antoniuse auks ehitati siin ja seal kabeleid. Mungad n\u00e4gid heameelega, et rahvas t\u00f5i kabelitesse sigu ohvriks. Rahvas ohverdas sigu \u00f5ieti vanadele jumalatele; mungad nimetasid ohvrisaajat p\u00fchaks Antoniuseks, kellest rahvasuu hiljem T\u00f5nise, T\u00f5nni tegi. Sigade ohverdamisest enestele kasu lootes, kihutasid mungad inimesi just taga p\u00f5rsaid ohverdama. Viljandis n\u00e4iteks kasvatasid isegi mungad kangesti sigu, muidugi mitte ohverdamiseks, vaid s\u00f6\u00f6miseks Antoniuse auks. Antoniuse mungad arstisid peale muu sealihaga pidalit\u00f5be. (Eisen 1996: 34)<\/p>\n<\/blockquote>\n<div id=\"attachment_12340\" style=\"width: 824px\" class=\"wp-caption aligncenter\"><img loading=\"lazy\" decoding=\"async\" aria-describedby=\"caption-attachment-12340\" data-attachment-id=\"12340\" data-permalink=\"https:\/\/blog.erm.ee\/?attachment_id=12340#main\" data-orig-file=\"https:\/\/blog.erm.ee\/wp-content\/uploads\/2019\/02\/ERMTMFk738_1_1_pisipilt.jpg\" data-orig-size=\"814,597\" data-comments-opened=\"1\" data-image-meta=\"{&quot;aperture&quot;:&quot;0&quot;,&quot;credit&quot;:&quot;&quot;,&quot;camera&quot;:&quot;&quot;,&quot;caption&quot;:&quot;&quot;,&quot;created_timestamp&quot;:&quot;1549295944&quot;,&quot;copyright&quot;:&quot;&quot;,&quot;focal_length&quot;:&quot;0&quot;,&quot;iso&quot;:&quot;0&quot;,&quot;shutter_speed&quot;:&quot;0&quot;,&quot;title&quot;:&quot;&quot;,&quot;orientation&quot;:&quot;1&quot;}\" data-image-title=\"ERMTMFk738_1_1_pisipilt\" data-image-description=\"\" data-image-caption=\"&lt;p&gt;Siga Delfiin. ERM TM Fk 738:1&lt;\/p&gt;\n\" data-large-file=\"https:\/\/blog.erm.ee\/wp-content\/uploads\/2019\/02\/ERMTMFk738_1_1_pisipilt.jpg\" class=\"size-full wp-image-12340\" src=\"https:\/\/blog.erm.ee\/wp-content\/uploads\/2019\/02\/ERMTMFk738_1_1_pisipilt.jpg\" alt=\"\" width=\"814\" height=\"597\" srcset=\"https:\/\/blog.erm.ee\/wp-content\/uploads\/2019\/02\/ERMTMFk738_1_1_pisipilt.jpg 814w, https:\/\/blog.erm.ee\/wp-content\/uploads\/2019\/02\/ERMTMFk738_1_1_pisipilt-355x260.jpg 355w, https:\/\/blog.erm.ee\/wp-content\/uploads\/2019\/02\/ERMTMFk738_1_1_pisipilt-300x220.jpg 300w, https:\/\/blog.erm.ee\/wp-content\/uploads\/2019\/02\/ERMTMFk738_1_1_pisipilt-768x563.jpg 768w\" sizes=\"auto, (max-width: 814px) 100vw, 814px\" \/><p id=\"caption-attachment-12340\" class=\"wp-caption-text\">Siga Delfiin. ERM TM Fk 738:1<\/p><\/div>\n<h3 style=\"text-align: justify;\">Siga toidulaual<\/h3>\n<blockquote>\n<p style=\"text-align: justify;\">T\u00f5nisep\u00e4eva ohverdamiskombed on endid osalt meie p\u00e4evini alal hoidnud; v\u00e4hemalt tuletvad need kombed endist ohverdamist meelde. Laialt on rahva seas viisiks t\u00f5nisep\u00e4eval siga tappa. Seda siga ei ohverdata ometi enam katoliiklaste T\u00f5nisele ega vanade eestlaste karjajumalale, vaid see ohver langeb pererahvale enesele toiduks. [&#8230;]<\/p>\n<p style=\"text-align: justify;\">Vastlap\u00e4eval v\u00f5etakse seajalad k\u00e4sile. [\u2026] Seajalgade kondid viidi sealauta, visati nurka ja \u00f6eldi emisele: \u201eTee mulle nii mitu poega kui siin konte!\u201c [\u2026] Seasaba hoidis perenaine kuni j\u00fcrip\u00e4evani, V\u00f5rumaal kuni odrak\u00fclvi ajani. Odrak\u00fclvi ajaks keetis ta saba \u00e4ra ja s\u00f6\u00f6tise peremehele, lootes, et siis odrapead nii tugevad kasvavad kui seasaba. [&#8230;]<\/p>\n<p style=\"text-align: justify;\">Muiste ohverdati p\u00f5hjamaal j\u00f5uluajal igal pool sigu, nimelt Freyale orikaid, keda lepitusorikateks kutsutakse. [\u2026] Vaesemad inimesed ohverdasid t\u00f5elise orika puudumisel s\u00fcmboolse orika, leivast tehtu. Seda j\u00f5uluorikat tuntakse enamasti igal pool Eestis; v\u00e4hemalt saartelt, L\u00e4\u00e4nest, Harjust ja J\u00e4rvast olen ta j\u00e4lgi leidnud. [\u2026] Teisal ei nimetatud ise\u00e4ralikku j\u00f5ululeiba j\u00f5uluorikaks, vaid lihtsalt j\u00f5ulukakuks, nimelt seal, kus j\u00f5uluorika nimi tundmata. Kuid j\u00f5ulukakulegi katsutakse tihti sea kuju anda: taignale pistetakse s\u00f5rmega \u201esilmad p\u00e4he\u201c, k\u00e4si kujundab silmade juures p\u00e4tsi otsa teravaks ninaks, teeb kaks jalga alla, l\u00fchidalt, perenaine katsub kakule v\u00f5imalikult sea v\u00e4ljan\u00e4gemise anda. Uuel aastal viiakse j\u00f5uluorikas lauta ja antakse sellest natuke igale loomale. (Eisen 1996: 35-37)<\/p>\n<\/blockquote>\n<div id=\"attachment_12341\" style=\"width: 501px\" class=\"wp-caption aligncenter\"><img loading=\"lazy\" decoding=\"async\" aria-describedby=\"caption-attachment-12341\" data-attachment-id=\"12341\" data-permalink=\"https:\/\/blog.erm.ee\/?attachment_id=12341#main\" data-orig-file=\"https:\/\/blog.erm.ee\/wp-content\/uploads\/2019\/02\/ERMHMFk468_1_pisipilt.jpg\" data-orig-size=\"495,760\" data-comments-opened=\"1\" data-image-meta=\"{&quot;aperture&quot;:&quot;5.6&quot;,&quot;credit&quot;:&quot;&quot;,&quot;camera&quot;:&quot;NIKON D200&quot;,&quot;caption&quot;:&quot;&quot;,&quot;created_timestamp&quot;:&quot;1331133364&quot;,&quot;copyright&quot;:&quot;Eesti Rahva Muuseum 2014&quot;,&quot;focal_length&quot;:&quot;50&quot;,&quot;iso&quot;:&quot;100&quot;,&quot;shutter_speed&quot;:&quot;0.066666666666667&quot;,&quot;title&quot;:&quot;&quot;,&quot;orientation&quot;:&quot;1&quot;}\" data-image-title=\"ERMHMFk468_1_pisipilt\" data-image-description=\"\" data-image-caption=\"&lt;p&gt;Viljandi N\u00e4idissovhoosi Savikoti sigalas. ERM HM Fk 468&lt;\/p&gt;\n\" data-large-file=\"https:\/\/blog.erm.ee\/wp-content\/uploads\/2019\/02\/ERMHMFk468_1_pisipilt.jpg\" class=\"size-full wp-image-12341\" src=\"https:\/\/blog.erm.ee\/wp-content\/uploads\/2019\/02\/ERMHMFk468_1_pisipilt.jpg\" alt=\"\" width=\"495\" height=\"760\" srcset=\"https:\/\/blog.erm.ee\/wp-content\/uploads\/2019\/02\/ERMHMFk468_1_pisipilt.jpg 495w, https:\/\/blog.erm.ee\/wp-content\/uploads\/2019\/02\/ERMHMFk468_1_pisipilt-169x260.jpg 169w, https:\/\/blog.erm.ee\/wp-content\/uploads\/2019\/02\/ERMHMFk468_1_pisipilt-195x300.jpg 195w\" sizes=\"auto, (max-width: 495px) 100vw, 495px\" \/><p id=\"caption-attachment-12341\" class=\"wp-caption-text\">Viljandi N\u00e4idissovhoosi Savikoti sigalas. ERM HM Fk 468<\/p><\/div>\n<h3 style=\"text-align: justify;\">Siga folklooris ja legendides<\/h3>\n<blockquote>\n<p style=\"text-align: justify;\">Siga s\u00fcmboliseeris viljakust ja \u00f5nne. Naistel, kes ei j\u00e4\u00e4nud lapseootele, soovitati juua seapiima. Ja k\u00fcllap paljudel meist on kodus vanu j\u00f5ulupostkaarte, millel on kujutatud r\u00f5\u00f5msa n\u00e4oga siga v\u00f5i p\u00f5rsas, neljaleheline ristikhein suunurgas, all j\u00f5ulutervitus. [&#8230;]<\/p>\n<p style=\"text-align: justify;\">Sea kohta kasutatakse k\u00f5nekeeles tihtipeale v\u00e4ljendit \u201evend Oskar\u201c. Legendide p\u00f5hjal v\u00f5ibki v\u00e4ita, et siga on inimesest loodud, ja sellised p\u00e4rimuslood p\u00f5hjendavad omal kombel, miks m\u00f5ned rahvad usulistel p\u00f5hjustel sealiha ei s\u00f6\u00f6, miks siga on roojane. [&#8230;]<\/p>\n<p style=\"text-align: justify;\">Et emisel s\u00fcnniks palju p\u00f5rsaid, tuli s\u00f5nnikuvedamise ajal sea pesa tervelt \u00e4ra v\u00f5tta ja p\u00e4rast j\u00e4lle tervel lauta viia. Kui pesa viib sisse meesterahvas, s\u00f5nnivad enamjaolt kuldid, kui naisterahvas \u2013 emised. Muuseas, sea pesa on v\u00e4ga korralik ja puhas ning me teeme kindlasti seale liiga, kui v\u00f5rdleme kellegi korratut elamist seapesaga. (K\u00f5ivupuu 2017: 175-176)<\/p>\n<\/blockquote>\n<div id=\"attachment_12339\" style=\"width: 810px\" class=\"wp-caption aligncenter\"><img loading=\"lazy\" decoding=\"async\" aria-describedby=\"caption-attachment-12339\" data-attachment-id=\"12339\" data-permalink=\"https:\/\/blog.erm.ee\/?attachment_id=12339#main\" data-orig-file=\"https:\/\/blog.erm.ee\/wp-content\/uploads\/2019\/02\/ERMFk2991_8_1_pisipilt.jpg\" data-orig-size=\"800,530\" data-comments-opened=\"1\" data-image-meta=\"{&quot;aperture&quot;:&quot;0&quot;,&quot;credit&quot;:&quot;&quot;,&quot;camera&quot;:&quot;Canon EOS 5D Mark II&quot;,&quot;caption&quot;:&quot;&quot;,&quot;created_timestamp&quot;:&quot;1549295459&quot;,&quot;copyright&quot;:&quot;&quot;,&quot;focal_length&quot;:&quot;0&quot;,&quot;iso&quot;:&quot;0&quot;,&quot;shutter_speed&quot;:&quot;0&quot;,&quot;title&quot;:&quot;&quot;,&quot;orientation&quot;:&quot;1&quot;}\" data-image-title=\"ERMFk2991_8_1_pisipilt\" data-image-description=\"\" data-image-caption=\"&lt;p&gt;Emis p\u00f5rsastega. ERM Fk 2991:8&lt;\/p&gt;\n\" data-large-file=\"https:\/\/blog.erm.ee\/wp-content\/uploads\/2019\/02\/ERMFk2991_8_1_pisipilt.jpg\" class=\"size-full wp-image-12339\" src=\"https:\/\/blog.erm.ee\/wp-content\/uploads\/2019\/02\/ERMFk2991_8_1_pisipilt.jpg\" alt=\"\" width=\"800\" height=\"530\" srcset=\"https:\/\/blog.erm.ee\/wp-content\/uploads\/2019\/02\/ERMFk2991_8_1_pisipilt.jpg 800w, https:\/\/blog.erm.ee\/wp-content\/uploads\/2019\/02\/ERMFk2991_8_1_pisipilt-392x260.jpg 392w, https:\/\/blog.erm.ee\/wp-content\/uploads\/2019\/02\/ERMFk2991_8_1_pisipilt-300x199.jpg 300w, https:\/\/blog.erm.ee\/wp-content\/uploads\/2019\/02\/ERMFk2991_8_1_pisipilt-768x509.jpg 768w\" sizes=\"auto, (max-width: 800px) 100vw, 800px\" \/><p id=\"caption-attachment-12339\" class=\"wp-caption-text\">Emis p\u00f5rsastega. ERM Fk 2991:8<\/p><\/div>\n<h3 style=\"text-align: justify;\">Sea kosumine<\/h3>\n<blockquote>\n<p style=\"text-align: justify;\">Usuti, et k\u00fclast p\u00f5rsast tuues ei tohi kotisuud kinni siduda \u2013 muidu p\u00f5rsas p\u00e4rast enam ei s\u00f6\u00f6. Kodus t\u00f5steti p\u00f5rsas kotiga ahjukummile, et ta h\u00e4sti suureks kasvaks. K\u00fclast toodud p\u00f5rsast ei tohtinud kellelegi n\u00e4idata, et kuri silm loomast \u00fcle ei k\u00e4iks. P\u00f5rsaid on peetud kurjale silmale eriliselt vastuv\u00f5tlikuks. [&#8230;]<\/p>\n<p style=\"text-align: justify;\">T\u00e4htis on seegi, et sead h\u00e4sti s\u00f6\u00f6ks ja kosuks. Selleks on seasulgu visatud r\u00e4stik \u2013 siga rapib ta \u00e4ra ja pistab m\u00f5nuga nahka. Usuti, et sead hakkavad h\u00e4sti s\u00f6\u00f6ma ka mitmesuguste maagiliste toimingute m\u00f5jul. N\u00e4iteks otsiti kolm v\u00e4rsket mutimullahunnikut, v\u00f5eti igast hunnikust kolm n\u00e4put\u00e4it mulda, toodi koju, v\u00f5eti kolme n\u00e4puga kolm korda soola, segati mullaga, loeti \u00fche hingega kolm korda issameie peale, tehti vasaku k\u00e4e nimetiss\u00f5rmega \u00fcheksa ringi vastup\u00e4eva \u00fcmber mulla, mullast tehti seak\u00fcna alla kolm risti, k\u00fcna pandi j\u00e4lle paigale ja s\u00f6\u00f6k k\u00fcnasse, s\u00f6\u00f6gi peale tehti mullast j\u00e4lle kolm risti \u2013 ja siga hakkab h\u00e4sti s\u00f6\u00f6ma. Kui p\u00f5rsas ei s\u00f6\u00f6nud, tuli ta kolm korda mustast s\u00e4rgist l\u00e4bi ajada. Nuumale soovitati siga panna laup\u00e4eval \u2013 siis v\u00f5tab ta h\u00e4sti kaalus juurde. (K\u00f5ivupuu 2017: 177-178)<\/p>\n<\/blockquote>\n<div id=\"attachment_12338\" style=\"width: 859px\" class=\"wp-caption aligncenter\"><img loading=\"lazy\" decoding=\"async\" aria-describedby=\"caption-attachment-12338\" data-attachment-id=\"12338\" data-permalink=\"https:\/\/blog.erm.ee\/?attachment_id=12338#main\" data-orig-file=\"https:\/\/blog.erm.ee\/wp-content\/uploads\/2019\/02\/ERMTMFk738_4_1_pisipilt.jpg\" data-orig-size=\"849,594\" data-comments-opened=\"1\" data-image-meta=\"{&quot;aperture&quot;:&quot;0&quot;,&quot;credit&quot;:&quot;&quot;,&quot;camera&quot;:&quot;&quot;,&quot;caption&quot;:&quot;&quot;,&quot;created_timestamp&quot;:&quot;1549295549&quot;,&quot;copyright&quot;:&quot;&quot;,&quot;focal_length&quot;:&quot;0&quot;,&quot;iso&quot;:&quot;0&quot;,&quot;shutter_speed&quot;:&quot;0&quot;,&quot;title&quot;:&quot;&quot;,&quot;orientation&quot;:&quot;1&quot;}\" data-image-title=\"ERMTMFk738_4_1_pisipilt\" data-image-description=\"\" data-image-caption=\"&lt;p&gt;Siga Leedi. ERM TM Fk 738:4&lt;\/p&gt;\n\" data-large-file=\"https:\/\/blog.erm.ee\/wp-content\/uploads\/2019\/02\/ERMTMFk738_4_1_pisipilt.jpg\" class=\"wp-image-12338 size-full\" src=\"https:\/\/blog.erm.ee\/wp-content\/uploads\/2019\/02\/ERMTMFk738_4_1_pisipilt.jpg\" alt=\"\" width=\"849\" height=\"594\" srcset=\"https:\/\/blog.erm.ee\/wp-content\/uploads\/2019\/02\/ERMTMFk738_4_1_pisipilt.jpg 849w, https:\/\/blog.erm.ee\/wp-content\/uploads\/2019\/02\/ERMTMFk738_4_1_pisipilt-372x260.jpg 372w, https:\/\/blog.erm.ee\/wp-content\/uploads\/2019\/02\/ERMTMFk738_4_1_pisipilt-300x210.jpg 300w, https:\/\/blog.erm.ee\/wp-content\/uploads\/2019\/02\/ERMTMFk738_4_1_pisipilt-768x537.jpg 768w\" sizes=\"auto, (max-width: 849px) 100vw, 849px\" \/><p id=\"caption-attachment-12338\" class=\"wp-caption-text\">Siga Leedi. ERM TM Fk 738:4<\/p><\/div>\n<h3 style=\"text-align: justify;\">Siga rahvameditsiinis<\/h3>\n<blockquote>\n<p style=\"text-align: justify;\">Eestlasele on l\u00e4bi aegade k\u00f5ige kergemini k\u00e4ttesaadav loomne rasv kodusea rasv v\u00f5i seapekk. Sellest on keedetud erinevaid ravisalve ning seda on kasutatud ka nn m\u00fctoloogiliste haiguste,\u00a0 n\u00e4iteks maa-aluste raviks. [\u2026] Searasva baasil keedetud salvid on rahvaravis populaarsed ka t\u00e4nap\u00e4eval. \u00dcks sellised ravisalve on kodus valmistatud saialillesalv. (K\u00f5ivupuu 2017: 296)<\/p>\n<\/blockquote>\n<div id=\"attachment_12342\" style=\"width: 427px\" class=\"wp-caption aligncenter\"><img loading=\"lazy\" decoding=\"async\" aria-describedby=\"caption-attachment-12342\" data-attachment-id=\"12342\" data-permalink=\"https:\/\/blog.erm.ee\/?attachment_id=12342#main\" data-orig-file=\"https:\/\/blog.erm.ee\/wp-content\/uploads\/2019\/02\/ERMFk2644_291_1_pisipilt.jpg\" data-orig-size=\"421,640\" data-comments-opened=\"1\" data-image-meta=\"{&quot;aperture&quot;:&quot;0&quot;,&quot;credit&quot;:&quot;&quot;,&quot;camera&quot;:&quot;&quot;,&quot;caption&quot;:&quot;&quot;,&quot;created_timestamp&quot;:&quot;1549295404&quot;,&quot;copyright&quot;:&quot;&quot;,&quot;focal_length&quot;:&quot;0&quot;,&quot;iso&quot;:&quot;0&quot;,&quot;shutter_speed&quot;:&quot;0&quot;,&quot;title&quot;:&quot;&quot;,&quot;orientation&quot;:&quot;1&quot;}\" data-image-title=\"ERMFk2644_291_1_pisipilt\" data-image-description=\"\" data-image-caption=\"&lt;p&gt;Nukuteatri etendus &amp;#8220;Buratino lendab Kuule&amp;#8221;. Meesn\u00e4itleja Siga juhtimas. ERM Fk 2644:291&lt;\/p&gt;\n\" data-large-file=\"https:\/\/blog.erm.ee\/wp-content\/uploads\/2019\/02\/ERMFk2644_291_1_pisipilt.jpg\" class=\"size-full wp-image-12342\" src=\"https:\/\/blog.erm.ee\/wp-content\/uploads\/2019\/02\/ERMFk2644_291_1_pisipilt.jpg\" alt=\"\" width=\"421\" height=\"640\" srcset=\"https:\/\/blog.erm.ee\/wp-content\/uploads\/2019\/02\/ERMFk2644_291_1_pisipilt.jpg 421w, https:\/\/blog.erm.ee\/wp-content\/uploads\/2019\/02\/ERMFk2644_291_1_pisipilt-171x260.jpg 171w, https:\/\/blog.erm.ee\/wp-content\/uploads\/2019\/02\/ERMFk2644_291_1_pisipilt-197x300.jpg 197w\" sizes=\"auto, (max-width: 421px) 100vw, 421px\" \/><p id=\"caption-attachment-12342\" class=\"wp-caption-text\">Nukuteatri etendus &#8220;Buratino lendab Kuule&#8221;. Meesn\u00e4itleja Siga juhtimas. Foto: Viktor Salmre. ERM Fk 2644:291<\/p><\/div>\n<hr \/>\n<p style=\"text-align: justify;\">Luban endal l\u00f5petuseks fantaseerida, et kui eesti vanarahvas kirjutanuks m\u00f5ne t\u00e4nap\u00e4eval ilmuva p\u00e4evalehe veergudel algavaks sea-aastaks ennustust, v\u00f5inuks see olla ehk midagi s\u00e4\u00e4rast\u2026!?<\/p>\n<h3 style=\"text-align: justify;\">Mida toob Kollase Maa Sea aasta?<\/h3>\n<p style=\"text-align: justify;\"><strong>T\u00f6\u00f6 ja karj\u00e4\u00e4r<br \/>\n<\/strong>Peenem olla siga kui m\u00f5ni saks. Pea meeles, et esmasp\u00e4evase t\u00f6\u00f6 s\u00f6\u00f6b siga \u00e4ra. Ei ole viga, kui peremees siga, aga kui sulane siga, siis palju viga.<\/p>\n<p style=\"text-align: justify;\"><strong>Raha ja edu<br \/>\n<\/strong>Teadagi, et siga s\u00f6\u00f6b sitke varanduse. Kuid kuidas siga s\u00f6\u00f6dad, n\u00f5nda siga ka kasvab.<\/p>\n<p style=\"text-align: justify;\"><strong>Armastus ja suhted<br \/>\n<\/strong>Abielumees on \u00f5nnelik, kui toimetab teadmise j\u00e4rgi, et iga mees on oma naise siga: s\u00f6\u00f6b \u00e4ra k\u00f5ik lobid, mis naine teeb. Vallalistel meestel tasub silmas pidada, et naist tuleb v\u00f5tta argip\u00e4eval: siga pestakse m\u00f5nikord p\u00fchap\u00e4evakski puhtaks. Abielunaistel tuleb valvas olla \u2014 kui siga rukkis \u00f5pib k\u00e4ima, ega ta siis enam karjas seisa. Neidudel tasub aga meeles pidada, et \u00fcleannetu poiss ja pahur siga \u2014 need teevad alati pahandust.<\/p>\n<p style=\"text-align: justify;\">Loe, mida toob sinu jaoks kaasa uue loomam\u00e4rgi aasta!<\/p>\n<p style=\"text-align: justify;\"><em><strong>J\u00e4\u00e4r<br \/>\n<\/strong><\/em>Kui siga enne j\u00fcrip\u00e4eva mudas aeleb, tulla k\u00fclm kevade.<\/p>\n<p style=\"text-align: justify;\"><em><strong>S\u00f5nn<br \/>\n<\/strong><\/em>Paha siga, parem \u00f5nn.<\/p>\n<p style=\"text-align: justify;\"><em><strong>Kaksikud<br \/>\n<\/strong><\/em>Ei aiasiga tea, mis \u00f5ueseale tarvis on.<\/p>\n<p style=\"text-align: justify;\"><em><strong>V\u00e4hk<br \/>\n<\/strong><\/em>Siga ja sepp on \u00fcks: siga teeb sita, sepp teeb raua uueks.<\/p>\n<p style=\"text-align: justify;\"><em><strong>L\u00f5vi<br \/>\n<\/strong><\/em>N\u00e4ljane siga s\u00f6\u00f6b \u00f5htul kah.<\/p>\n<p style=\"text-align: justify;\"><strong><em>Neitsi<\/em><br \/>\n<\/strong>\u00c4ra viska p\u00e4rleid sigade ette.<\/p>\n<p style=\"text-align: justify;\"><strong><em>Kaalud<\/em><br \/>\n<\/strong>Kuidas siga, n\u00f5nda k\u00fcna.<\/p>\n<p style=\"text-align: justify;\"><strong><em>Skorpion<\/em><br \/>\n<\/strong>Iga siga oma soo poolt.<\/p>\n<p style=\"text-align: justify;\"><strong><em>Ambur<\/em><br \/>\n<\/strong>Raha peab taskus olema, muidu ei l\u00e4he siga tee p\u00e4\u00e4lt k\u00f5rvale.<\/p>\n<p style=\"text-align: justify;\"><em><strong>Kaljukits<br \/>\n<\/strong><\/em>\u00dcks siga teise t\u00f6\u00f6d ei tusti.<\/p>\n<p style=\"text-align: justify;\"><em><strong>Veevalaja<br \/>\n<\/strong><\/em>Kikas kell, siga ajaraamat.<\/p>\n<p style=\"text-align: justify;\"><em><strong>Kalad<br \/>\n<\/strong><\/em>Vaga siga otsib s\u00fcgavad juured \u00fcles.<\/p>\n<hr \/>\n<h3>Kasutatud allikad<\/h3>\n<p>Eisen, Matthias Johann 1996 [1920]. Esivanemate ohverdamised. Tallinn: Mats<\/p>\n<p>K\u00f5ivupuu, Marju 2017. Loomad eestlaste elus ja folklooris. Tallinn: T\u00e4nap\u00e4ev<\/p>\n<p><a href=\"http:\/\/www.folklore.ee\/rl\/date\/robotid\/leht1.html\">Eesti vanas\u00f5nade andmebaas<\/a> (kasutatud 04.02.2019)<\/p>\n<div class=\"fcbkbttn_buttons_block\" id=\"fcbkbttn_left\"><div class=\"fcbkbttn_like \"><fb:like href=\"https:\/\/blog.erm.ee\/?p=12336\" action=\"like\" colorscheme=\"light\" layout=\"standard\"  width=\"225px\" size=\"small\"><\/fb:like><\/div><div class=\"fb-share-button  \" data-href=\"https:\/\/blog.erm.ee\/?p=12336\" data-type=\"button\" data-size=\"small\"><\/div><\/div>","protected":false},"excerpt":{"rendered":"<p>Tekst: Maarja Vaikmaa, sisuturunduse spetsialist T\u00e4na algab Hiina kalendri kaheteistk\u00fcmnendale ehk viimasele t\u00e4hem\u00e4rgile p\u00fchendatud Kollase Maa Sea aasta. Siga on v\u00e4ga olulisel kohal ka eestlaste rahvap\u00e4rimuses, alustades seaohvrist ja viljakuse s\u00fcmbolist ning l\u00f5petades rahvaravi ja heledah\u00e4\u00e4lsete sigu kutsuvate taluperenaistega kirjandusklassikas. Keegi ei taha \u201ep\u00f5rsast kotis osta\u201c ega olla iseloomustatud kui \u201epaha siga, mitu viga\u201c. K\u00f5va&hellip;<\/p>\n","protected":false},"author":1,"featured_media":12340,"comment_status":"open","ping_status":"open","sticky":false,"template":"","format":"standard","meta":{"_monsterinsights_skip_tracking":false,"_monsterinsights_sitenote_active":false,"_monsterinsights_sitenote_note":"","_monsterinsights_sitenote_category":0,"jetpack_post_was_ever_published":false,"_jetpack_newsletter_access":"","_jetpack_dont_email_post_to_subs":false,"_jetpack_newsletter_tier_id":0,"_jetpack_memberships_contains_paywalled_content":false,"_jetpack_memberships_contains_paid_content":false,"footnotes":""},"categories":[19],"tags":[],"class_list":["post-12336","post","type-post","status-publish","format-standard","has-post-thumbnail","hentry","category-sundmus"],"yoast_head":"<!-- This site is optimized with the Yoast SEO plugin v27.5 - https:\/\/yoast.com\/product\/yoast-seo-wordpress\/ -->\n<title>Elada nagu siga kartuhvliaias - Eesti Rahva Muuseumi ajaveeb<\/title>\n<meta name=\"robots\" content=\"index, follow, max-snippet:-1, max-image-preview:large, max-video-preview:-1\" \/>\n<link rel=\"canonical\" href=\"https:\/\/blog.erm.ee\/?p=12336\" \/>\n<meta property=\"og:locale\" content=\"et_EE\" \/>\n<meta property=\"og:type\" content=\"article\" \/>\n<meta property=\"og:title\" content=\"Elada nagu siga kartuhvliaias - Eesti Rahva Muuseumi ajaveeb\" \/>\n<meta property=\"og:description\" content=\"Tekst: Maarja Vaikmaa, sisuturunduse spetsialist T\u00e4na algab Hiina kalendri kaheteistk\u00fcmnendale ehk viimasele t\u00e4hem\u00e4rgile p\u00fchendatud Kollase Maa Sea aasta. Siga on v\u00e4ga olulisel kohal ka eestlaste rahvap\u00e4rimuses, alustades seaohvrist ja viljakuse s\u00fcmbolist ning l\u00f5petades rahvaravi ja heledah\u00e4\u00e4lsete sigu kutsuvate taluperenaistega kirjandusklassikas. Keegi ei taha \u201ep\u00f5rsast kotis osta\u201c ega olla iseloomustatud kui \u201epaha siga, mitu viga\u201c. K\u00f5va&hellip;\" \/>\n<meta property=\"og:url\" content=\"https:\/\/blog.erm.ee\/?p=12336\" \/>\n<meta property=\"og:site_name\" content=\"Eesti Rahva Muuseumi ajaveeb\" \/>\n<meta property=\"article:published_time\" content=\"2019-02-05T08:55:11+00:00\" \/>\n<meta property=\"article:modified_time\" content=\"2019-02-05T09:52:27+00:00\" \/>\n<meta property=\"og:image\" content=\"https:\/\/blog.erm.ee\/wp-content\/uploads\/2019\/02\/ERMTMFk738_1_1_pisipilt.jpg\" \/>\n\t<meta property=\"og:image:width\" content=\"814\" \/>\n\t<meta property=\"og:image:height\" content=\"597\" \/>\n\t<meta property=\"og:image:type\" content=\"image\/jpeg\" \/>\n<meta name=\"author\" content=\"Eesti Rahva Muuseum\" \/>\n<meta name=\"twitter:card\" content=\"summary_large_image\" \/>\n<meta name=\"twitter:label1\" content=\"Written by\" \/>\n\t<meta name=\"twitter:data1\" content=\"Eesti Rahva Muuseum\" \/>\n\t<meta name=\"twitter:label2\" content=\"Est. reading time\" \/>\n\t<meta name=\"twitter:data2\" content=\"6 minutit\" \/>\n<script type=\"application\/ld+json\" class=\"yoast-schema-graph\">{\"@context\":\"https:\\\/\\\/schema.org\",\"@graph\":[{\"@type\":\"Article\",\"@id\":\"https:\\\/\\\/blog.erm.ee\\\/?p=12336#article\",\"isPartOf\":{\"@id\":\"https:\\\/\\\/blog.erm.ee\\\/?p=12336\"},\"author\":{\"name\":\"Eesti Rahva Muuseum\",\"@id\":\"https:\\\/\\\/blog.erm.ee\\\/#\\\/schema\\\/person\\\/6e98c391cb00a33e7c22a3571e062114\"},\"headline\":\"Elada nagu siga kartuhvliaias\",\"datePublished\":\"2019-02-05T08:55:11+00:00\",\"dateModified\":\"2019-02-05T09:52:27+00:00\",\"mainEntityOfPage\":{\"@id\":\"https:\\\/\\\/blog.erm.ee\\\/?p=12336\"},\"wordCount\":1248,\"commentCount\":0,\"image\":{\"@id\":\"https:\\\/\\\/blog.erm.ee\\\/?p=12336#primaryimage\"},\"thumbnailUrl\":\"https:\\\/\\\/blog.erm.ee\\\/wp-content\\\/uploads\\\/2019\\\/02\\\/ERMTMFk738_1_1_pisipilt.jpg\",\"articleSection\":[\"S\u00fcndmus\"],\"inLanguage\":\"et\",\"potentialAction\":[{\"@type\":\"CommentAction\",\"name\":\"Comment\",\"target\":[\"https:\\\/\\\/blog.erm.ee\\\/?p=12336#respond\"]}]},{\"@type\":\"WebPage\",\"@id\":\"https:\\\/\\\/blog.erm.ee\\\/?p=12336\",\"url\":\"https:\\\/\\\/blog.erm.ee\\\/?p=12336\",\"name\":\"Elada nagu siga kartuhvliaias - Eesti Rahva Muuseumi ajaveeb\",\"isPartOf\":{\"@id\":\"https:\\\/\\\/blog.erm.ee\\\/#website\"},\"primaryImageOfPage\":{\"@id\":\"https:\\\/\\\/blog.erm.ee\\\/?p=12336#primaryimage\"},\"image\":{\"@id\":\"https:\\\/\\\/blog.erm.ee\\\/?p=12336#primaryimage\"},\"thumbnailUrl\":\"https:\\\/\\\/blog.erm.ee\\\/wp-content\\\/uploads\\\/2019\\\/02\\\/ERMTMFk738_1_1_pisipilt.jpg\",\"datePublished\":\"2019-02-05T08:55:11+00:00\",\"dateModified\":\"2019-02-05T09:52:27+00:00\",\"author\":{\"@id\":\"https:\\\/\\\/blog.erm.ee\\\/#\\\/schema\\\/person\\\/6e98c391cb00a33e7c22a3571e062114\"},\"breadcrumb\":{\"@id\":\"https:\\\/\\\/blog.erm.ee\\\/?p=12336#breadcrumb\"},\"inLanguage\":\"et\",\"potentialAction\":[{\"@type\":\"ReadAction\",\"target\":[\"https:\\\/\\\/blog.erm.ee\\\/?p=12336\"]}]},{\"@type\":\"ImageObject\",\"inLanguage\":\"et\",\"@id\":\"https:\\\/\\\/blog.erm.ee\\\/?p=12336#primaryimage\",\"url\":\"https:\\\/\\\/blog.erm.ee\\\/wp-content\\\/uploads\\\/2019\\\/02\\\/ERMTMFk738_1_1_pisipilt.jpg\",\"contentUrl\":\"https:\\\/\\\/blog.erm.ee\\\/wp-content\\\/uploads\\\/2019\\\/02\\\/ERMTMFk738_1_1_pisipilt.jpg\",\"width\":814,\"height\":597,\"caption\":\"Siga Delfiin. ERM TM Fk 738:1\"},{\"@type\":\"BreadcrumbList\",\"@id\":\"https:\\\/\\\/blog.erm.ee\\\/?p=12336#breadcrumb\",\"itemListElement\":[{\"@type\":\"ListItem\",\"position\":1,\"name\":\"Home\",\"item\":\"https:\\\/\\\/blog.erm.ee\\\/\"},{\"@type\":\"ListItem\",\"position\":2,\"name\":\"Elada nagu siga kartuhvliaias\"}]},{\"@type\":\"WebSite\",\"@id\":\"https:\\\/\\\/blog.erm.ee\\\/#website\",\"url\":\"https:\\\/\\\/blog.erm.ee\\\/\",\"name\":\"Eesti Rahva Muuseumi ajaveeb\",\"description\":\"\",\"potentialAction\":[{\"@type\":\"SearchAction\",\"target\":{\"@type\":\"EntryPoint\",\"urlTemplate\":\"https:\\\/\\\/blog.erm.ee\\\/?s={search_term_string}\"},\"query-input\":{\"@type\":\"PropertyValueSpecification\",\"valueRequired\":true,\"valueName\":\"search_term_string\"}}],\"inLanguage\":\"et\"},{\"@type\":\"Person\",\"@id\":\"https:\\\/\\\/blog.erm.ee\\\/#\\\/schema\\\/person\\\/6e98c391cb00a33e7c22a3571e062114\",\"name\":\"Eesti Rahva Muuseum\",\"image\":{\"@type\":\"ImageObject\",\"inLanguage\":\"et\",\"@id\":\"https:\\\/\\\/secure.gravatar.com\\\/avatar\\\/cb6d9ad5fb49f3f7315028ce5fe60641075f2cb52b8a058ff5a985fa2d8c1da0?s=96&d=mm&r=g\",\"url\":\"https:\\\/\\\/secure.gravatar.com\\\/avatar\\\/cb6d9ad5fb49f3f7315028ce5fe60641075f2cb52b8a058ff5a985fa2d8c1da0?s=96&d=mm&r=g\",\"contentUrl\":\"https:\\\/\\\/secure.gravatar.com\\\/avatar\\\/cb6d9ad5fb49f3f7315028ce5fe60641075f2cb52b8a058ff5a985fa2d8c1da0?s=96&d=mm&r=g\",\"caption\":\"Eesti Rahva Muuseum\"},\"sameAs\":[\"http:\\\/\\\/www.erm.ee\"],\"url\":\"https:\\\/\\\/blog.erm.ee\\\/?author=1\"}]}<\/script>\n<!-- \/ Yoast SEO plugin. -->","yoast_head_json":{"title":"Elada nagu siga kartuhvliaias - Eesti Rahva Muuseumi ajaveeb","robots":{"index":"index","follow":"follow","max-snippet":"max-snippet:-1","max-image-preview":"max-image-preview:large","max-video-preview":"max-video-preview:-1"},"canonical":"https:\/\/blog.erm.ee\/?p=12336","og_locale":"et_EE","og_type":"article","og_title":"Elada nagu siga kartuhvliaias - Eesti Rahva Muuseumi ajaveeb","og_description":"Tekst: Maarja Vaikmaa, sisuturunduse spetsialist T\u00e4na algab Hiina kalendri kaheteistk\u00fcmnendale ehk viimasele t\u00e4hem\u00e4rgile p\u00fchendatud Kollase Maa Sea aasta. Siga on v\u00e4ga olulisel kohal ka eestlaste rahvap\u00e4rimuses, alustades seaohvrist ja viljakuse s\u00fcmbolist ning l\u00f5petades rahvaravi ja heledah\u00e4\u00e4lsete sigu kutsuvate taluperenaistega kirjandusklassikas. Keegi ei taha \u201ep\u00f5rsast kotis osta\u201c ega olla iseloomustatud kui \u201epaha siga, mitu viga\u201c. K\u00f5va&hellip;","og_url":"https:\/\/blog.erm.ee\/?p=12336","og_site_name":"Eesti Rahva Muuseumi ajaveeb","article_published_time":"2019-02-05T08:55:11+00:00","article_modified_time":"2019-02-05T09:52:27+00:00","og_image":[{"width":814,"height":597,"url":"https:\/\/blog.erm.ee\/wp-content\/uploads\/2019\/02\/ERMTMFk738_1_1_pisipilt.jpg","type":"image\/jpeg"}],"author":"Eesti Rahva Muuseum","twitter_card":"summary_large_image","twitter_misc":{"Written by":"Eesti Rahva Muuseum","Est. reading time":"6 minutit"},"schema":{"@context":"https:\/\/schema.org","@graph":[{"@type":"Article","@id":"https:\/\/blog.erm.ee\/?p=12336#article","isPartOf":{"@id":"https:\/\/blog.erm.ee\/?p=12336"},"author":{"name":"Eesti Rahva Muuseum","@id":"https:\/\/blog.erm.ee\/#\/schema\/person\/6e98c391cb00a33e7c22a3571e062114"},"headline":"Elada nagu siga kartuhvliaias","datePublished":"2019-02-05T08:55:11+00:00","dateModified":"2019-02-05T09:52:27+00:00","mainEntityOfPage":{"@id":"https:\/\/blog.erm.ee\/?p=12336"},"wordCount":1248,"commentCount":0,"image":{"@id":"https:\/\/blog.erm.ee\/?p=12336#primaryimage"},"thumbnailUrl":"https:\/\/blog.erm.ee\/wp-content\/uploads\/2019\/02\/ERMTMFk738_1_1_pisipilt.jpg","articleSection":["S\u00fcndmus"],"inLanguage":"et","potentialAction":[{"@type":"CommentAction","name":"Comment","target":["https:\/\/blog.erm.ee\/?p=12336#respond"]}]},{"@type":"WebPage","@id":"https:\/\/blog.erm.ee\/?p=12336","url":"https:\/\/blog.erm.ee\/?p=12336","name":"Elada nagu siga kartuhvliaias - Eesti Rahva Muuseumi ajaveeb","isPartOf":{"@id":"https:\/\/blog.erm.ee\/#website"},"primaryImageOfPage":{"@id":"https:\/\/blog.erm.ee\/?p=12336#primaryimage"},"image":{"@id":"https:\/\/blog.erm.ee\/?p=12336#primaryimage"},"thumbnailUrl":"https:\/\/blog.erm.ee\/wp-content\/uploads\/2019\/02\/ERMTMFk738_1_1_pisipilt.jpg","datePublished":"2019-02-05T08:55:11+00:00","dateModified":"2019-02-05T09:52:27+00:00","author":{"@id":"https:\/\/blog.erm.ee\/#\/schema\/person\/6e98c391cb00a33e7c22a3571e062114"},"breadcrumb":{"@id":"https:\/\/blog.erm.ee\/?p=12336#breadcrumb"},"inLanguage":"et","potentialAction":[{"@type":"ReadAction","target":["https:\/\/blog.erm.ee\/?p=12336"]}]},{"@type":"ImageObject","inLanguage":"et","@id":"https:\/\/blog.erm.ee\/?p=12336#primaryimage","url":"https:\/\/blog.erm.ee\/wp-content\/uploads\/2019\/02\/ERMTMFk738_1_1_pisipilt.jpg","contentUrl":"https:\/\/blog.erm.ee\/wp-content\/uploads\/2019\/02\/ERMTMFk738_1_1_pisipilt.jpg","width":814,"height":597,"caption":"Siga Delfiin. ERM TM Fk 738:1"},{"@type":"BreadcrumbList","@id":"https:\/\/blog.erm.ee\/?p=12336#breadcrumb","itemListElement":[{"@type":"ListItem","position":1,"name":"Home","item":"https:\/\/blog.erm.ee\/"},{"@type":"ListItem","position":2,"name":"Elada nagu siga kartuhvliaias"}]},{"@type":"WebSite","@id":"https:\/\/blog.erm.ee\/#website","url":"https:\/\/blog.erm.ee\/","name":"Eesti Rahva Muuseumi ajaveeb","description":"","potentialAction":[{"@type":"SearchAction","target":{"@type":"EntryPoint","urlTemplate":"https:\/\/blog.erm.ee\/?s={search_term_string}"},"query-input":{"@type":"PropertyValueSpecification","valueRequired":true,"valueName":"search_term_string"}}],"inLanguage":"et"},{"@type":"Person","@id":"https:\/\/blog.erm.ee\/#\/schema\/person\/6e98c391cb00a33e7c22a3571e062114","name":"Eesti Rahva Muuseum","image":{"@type":"ImageObject","inLanguage":"et","@id":"https:\/\/secure.gravatar.com\/avatar\/cb6d9ad5fb49f3f7315028ce5fe60641075f2cb52b8a058ff5a985fa2d8c1da0?s=96&d=mm&r=g","url":"https:\/\/secure.gravatar.com\/avatar\/cb6d9ad5fb49f3f7315028ce5fe60641075f2cb52b8a058ff5a985fa2d8c1da0?s=96&d=mm&r=g","contentUrl":"https:\/\/secure.gravatar.com\/avatar\/cb6d9ad5fb49f3f7315028ce5fe60641075f2cb52b8a058ff5a985fa2d8c1da0?s=96&d=mm&r=g","caption":"Eesti Rahva Muuseum"},"sameAs":["http:\/\/www.erm.ee"],"url":"https:\/\/blog.erm.ee\/?author=1"}]}},"jetpack_featured_media_url":"https:\/\/blog.erm.ee\/wp-content\/uploads\/2019\/02\/ERMTMFk738_1_1_pisipilt.jpg","jetpack_shortlink":"https:\/\/wp.me\/p2l9Zd-3cY","jetpack_sharing_enabled":true,"jetpack_likes_enabled":true,"_links":{"self":[{"href":"https:\/\/blog.erm.ee\/index.php?rest_route=\/wp\/v2\/posts\/12336","targetHints":{"allow":["GET"]}}],"collection":[{"href":"https:\/\/blog.erm.ee\/index.php?rest_route=\/wp\/v2\/posts"}],"about":[{"href":"https:\/\/blog.erm.ee\/index.php?rest_route=\/wp\/v2\/types\/post"}],"author":[{"embeddable":true,"href":"https:\/\/blog.erm.ee\/index.php?rest_route=\/wp\/v2\/users\/1"}],"replies":[{"embeddable":true,"href":"https:\/\/blog.erm.ee\/index.php?rest_route=%2Fwp%2Fv2%2Fcomments&post=12336"}],"version-history":[{"count":6,"href":"https:\/\/blog.erm.ee\/index.php?rest_route=\/wp\/v2\/posts\/12336\/revisions"}],"predecessor-version":[{"id":12347,"href":"https:\/\/blog.erm.ee\/index.php?rest_route=\/wp\/v2\/posts\/12336\/revisions\/12347"}],"wp:featuredmedia":[{"embeddable":true,"href":"https:\/\/blog.erm.ee\/index.php?rest_route=\/wp\/v2\/media\/12340"}],"wp:attachment":[{"href":"https:\/\/blog.erm.ee\/index.php?rest_route=%2Fwp%2Fv2%2Fmedia&parent=12336"}],"wp:term":[{"taxonomy":"category","embeddable":true,"href":"https:\/\/blog.erm.ee\/index.php?rest_route=%2Fwp%2Fv2%2Fcategories&post=12336"},{"taxonomy":"post_tag","embeddable":true,"href":"https:\/\/blog.erm.ee\/index.php?rest_route=%2Fwp%2Fv2%2Ftags&post=12336"}],"curies":[{"name":"wp","href":"https:\/\/api.w.org\/{rel}","templated":true}]}}