{"id":12225,"date":"2019-01-08T10:16:09","date_gmt":"2019-01-08T08:16:09","guid":{"rendered":"https:\/\/blog.erm.ee\/?p=12225"},"modified":"2019-01-08T10:31:01","modified_gmt":"2019-01-08T08:31:01","slug":"taiendus-eesti-fotograafia-ajalukku-taaksi-fotograaf-oskar-kivisild-1901-1945","status":"publish","type":"post","link":"https:\/\/blog.erm.ee\/?p=12225","title":{"rendered":"T\u00e4iendus Eesti fotograafia ajalukku: T\u00e4\u00e4ksi fotograaf Oskar Kivisild (1901-1945)"},"content":{"rendered":"<div class=\"fcbkbttn_buttons_block\" id=\"fcbkbttn_left\"><div class=\"fcbkbttn_like \"><fb:like href=\"https:\/\/blog.erm.ee\/?p=12225\" action=\"like\" colorscheme=\"light\" layout=\"standard\"  width=\"225px\" size=\"small\"><\/fb:like><\/div><div class=\"fb-share-button  \" data-href=\"https:\/\/blog.erm.ee\/?p=12225\" data-type=\"button\" data-size=\"small\"><\/div><\/div><p style=\"text-align: justify;\"><em>Tiina Tael, peaarhivaar<\/em><\/p>\n<p style=\"text-align: justify;\">ERM sai uude majja kolimise puhul healt s\u00f5bralt Eesti \u00dcli\u00f5pilaste Seltsilt kingituseks suure kastit\u00e4ie klaasnegatiive. Alguses oli info selle kohta napp: E\u00dcS oli need ostnud osta.ee keskkonnast ja pidavat vist olema seos T\u00e4\u00e4ksiga. Kuna Eestis on ikka nii, et \u201e<em>keegi teab kedagi, kes \u2026<\/em>\u201c, siis meil ei tulnudki pikalt otsida, T\u00e4\u00e4ksi v\u00e4lit\u00f6\u00f6d olid ju vaid m\u00f5ne aasta eest ning pealegi \u00fche kolleegi abikaasa on ka T\u00e4\u00e4ksi p\u00e4ritolu. Tema poole p\u00f6\u00f6rdusimegi palvega pilte tuvastada, appi tuli ka T\u00e4\u00e4ksi koduloolane Hillar Mutli.<\/p>\n<p style=\"text-align: justify;\">Selgus, et piltide autoriks on T\u00e4\u00e4ksil sepaametit pidanud Oskar Kivisild. Eluloolisi andmeid saime fotograafi pojalt Lembitult. Oskar Kivisild s\u00fcndis 21. detsembril 1901. aastal Suure-Jaani kihelkonnas Olustvere l\u00e4hedal Noor-Kolga (Siu) v\u00e4iketalus. Tal oli kaheksa \u00f5de-venda. \u00d5ppis S\u00fcrgavere Paju vallakoolis ning 1914-1917 Suure-Jaani kihelkonnakoolis. V\u00f5ttis osa Eesti Vabaduss\u00f5jast Sakala Partisanide \u00fcksiku pataljoni koosseisus. Abiellus Marie Mikuga ning kolis Siult T\u00e4\u00e4ksisse. Hakkas t\u00f6\u00f6le T\u00e4\u00e4ksi meiereis katlak\u00fctjana ja elas koolimaja k\u00f5rval asuvas vallale kuuluvas majas, kus oli varem asunud Tillu-Reinu algkool ja milles n\u00fc\u00fcd oli mitu korterit. Selles majas s\u00fcndis 10. juulil 1936 pere esimene poeg Lembit. P\u00e4rast seda ostis Oskar endale T\u00e4\u00e4ksis vana maja, milles varem oli asunud kauplus, teine poeg Einu s\u00fcndis 3. novembril 1939.<\/p>\n<p style=\"text-align: justify;\">Oskar Kivisild lahkus t\u00f6\u00f6lt meiereis ja hakkas pidama sepa ametit, selle k\u00f5rvale tegi ka puu- ja metallit\u00f6\u00f6d ning neljak\u00fcmnendate algul muretses ta endale ka karbiidgeneraatoriga gaasikeevituse seadmed. Peale selle oli ta ka fotograaf ning pilli- ja laulumees. Teda kutsuti tihti \u00fcmberkaudsetesse taludesse perekondlikke t\u00e4htp\u00e4evi j\u00e4\u00e4dvustama. Kodus oli tal korralikult sisustatud pimik. Ta m\u00e4ngis v\u00e4hemalt kahte pilli \u2013 viiulit ja l\u00f5\u00f5tsa, k\u00e4is laulukooris ja oli tegev tulet\u00f5rjes. Saksa okupatsiooni ajal oli Omakaitses, mist\u00f5ttu arreteeriti kohe peale vene v\u00e4gede saabumist 2. detsembril 1944. Ta viidi Viljandi vanglasse ning m\u00f5isteti 15 aastaks sunnit\u00f6\u00f6le. 15. mail 1945 saadeti Venemaale, kontakt perekonnaga katkes. Sama aasta suvel tuli vallamajja teade, et Oskar Kivisild oli surnud vangis tuberkuloosi. Abikaasa Marie Kivisild (s. Mikk) suri 1947 maov\u00e4hki ning pojad j\u00e4id t\u00e4dide hoole alla: Lembit j\u00e4i T\u00e4\u00e4ksi isa \u00f5e Linda Subi perre ning Einu L\u00e4\u00e4nemaale teise t\u00e4di juurde.<\/p>\n<p style=\"text-align: justify;\">J\u00e4rgnevalt v\u00e4ike galerii Oskar Kivisilla fotop\u00e4randist. Alustuseks m\u00f5ned pildid, kus ta ka ise v\u00f5i tema l\u00e4hedased peal.<\/p>\n<div id=\"attachment_12226\" style=\"width: 1610px\" class=\"wp-caption aligncenter\"><img loading=\"lazy\" decoding=\"async\" aria-describedby=\"caption-attachment-12226\" data-attachment-id=\"12226\" data-permalink=\"https:\/\/blog.erm.ee\/?attachment_id=12226#main\" data-orig-file=\"https:\/\/blog.erm.ee\/wp-content\/uploads\/2019\/01\/371903_ERM_Fk3024_255.jpg\" data-orig-size=\"1600,1067\" data-comments-opened=\"1\" data-image-meta=\"{&quot;aperture&quot;:&quot;0&quot;,&quot;credit&quot;:&quot;&quot;,&quot;camera&quot;:&quot;&quot;,&quot;caption&quot;:&quot;&quot;,&quot;created_timestamp&quot;:&quot;0&quot;,&quot;copyright&quot;:&quot;&quot;,&quot;focal_length&quot;:&quot;0&quot;,&quot;iso&quot;:&quot;0&quot;,&quot;shutter_speed&quot;:&quot;0&quot;,&quot;title&quot;:&quot;&quot;,&quot;orientation&quot;:&quot;1&quot;}\" data-image-title=\"371903_ERM_Fk3024_255\" data-image-description=\"\" data-image-caption=\"&lt;p&gt;Seltskond Pori k\u00f5rtsi trepil, keskel Oskar Kivisild. ERM Fk 3024:255&lt;\/p&gt;\n\" data-large-file=\"https:\/\/blog.erm.ee\/wp-content\/uploads\/2019\/01\/371903_ERM_Fk3024_255-1024x683.jpg\" class=\"size-full wp-image-12226\" src=\"https:\/\/blog.erm.ee\/wp-content\/uploads\/2019\/01\/371903_ERM_Fk3024_255.jpg\" alt=\"\" width=\"1600\" height=\"1067\" srcset=\"https:\/\/blog.erm.ee\/wp-content\/uploads\/2019\/01\/371903_ERM_Fk3024_255.jpg 1600w, https:\/\/blog.erm.ee\/wp-content\/uploads\/2019\/01\/371903_ERM_Fk3024_255-390x260.jpg 390w, https:\/\/blog.erm.ee\/wp-content\/uploads\/2019\/01\/371903_ERM_Fk3024_255-300x200.jpg 300w, https:\/\/blog.erm.ee\/wp-content\/uploads\/2019\/01\/371903_ERM_Fk3024_255-768x512.jpg 768w, https:\/\/blog.erm.ee\/wp-content\/uploads\/2019\/01\/371903_ERM_Fk3024_255-1024x683.jpg 1024w\" sizes=\"auto, (max-width: 1600px) 100vw, 1600px\" \/><p id=\"caption-attachment-12226\" class=\"wp-caption-text\">Seltskond Pori k\u00f5rtsi trepil, keskel Oskar Kivisild. <a href=\"https:\/\/www.muis.ee\/museaalview\/3598288\">ERM Fk 3024:255<\/a><\/p><\/div>\n<div id=\"attachment_12227\" style=\"width: 1610px\" class=\"wp-caption aligncenter\"><img loading=\"lazy\" decoding=\"async\" aria-describedby=\"caption-attachment-12227\" data-attachment-id=\"12227\" data-permalink=\"https:\/\/blog.erm.ee\/?attachment_id=12227#main\" data-orig-file=\"https:\/\/blog.erm.ee\/wp-content\/uploads\/2019\/01\/371909_ERM_Fk3024_261.jpg\" data-orig-size=\"1600,1071\" data-comments-opened=\"1\" data-image-meta=\"{&quot;aperture&quot;:&quot;0&quot;,&quot;credit&quot;:&quot;&quot;,&quot;camera&quot;:&quot;&quot;,&quot;caption&quot;:&quot;&quot;,&quot;created_timestamp&quot;:&quot;0&quot;,&quot;copyright&quot;:&quot;&quot;,&quot;focal_length&quot;:&quot;0&quot;,&quot;iso&quot;:&quot;0&quot;,&quot;shutter_speed&quot;:&quot;0&quot;,&quot;title&quot;:&quot;&quot;,&quot;orientation&quot;:&quot;1&quot;}\" data-image-title=\"371909_ERM_Fk3024_261\" data-image-description=\"\" data-image-caption=\"&lt;p&gt;T\u00e4\u00e4ksi meiereis, vasakul meier Konstantin Kolumbus, keskel Oskar Kivisild. ERM Fk 3024:261&lt;\/p&gt;\n\" data-large-file=\"https:\/\/blog.erm.ee\/wp-content\/uploads\/2019\/01\/371909_ERM_Fk3024_261-1024x685.jpg\" class=\"size-full wp-image-12227\" src=\"https:\/\/blog.erm.ee\/wp-content\/uploads\/2019\/01\/371909_ERM_Fk3024_261.jpg\" alt=\"\" width=\"1600\" height=\"1071\" srcset=\"https:\/\/blog.erm.ee\/wp-content\/uploads\/2019\/01\/371909_ERM_Fk3024_261.jpg 1600w, https:\/\/blog.erm.ee\/wp-content\/uploads\/2019\/01\/371909_ERM_Fk3024_261-388x260.jpg 388w, https:\/\/blog.erm.ee\/wp-content\/uploads\/2019\/01\/371909_ERM_Fk3024_261-300x201.jpg 300w, https:\/\/blog.erm.ee\/wp-content\/uploads\/2019\/01\/371909_ERM_Fk3024_261-768x514.jpg 768w, https:\/\/blog.erm.ee\/wp-content\/uploads\/2019\/01\/371909_ERM_Fk3024_261-1024x685.jpg 1024w\" sizes=\"auto, (max-width: 1600px) 100vw, 1600px\" \/><p id=\"caption-attachment-12227\" class=\"wp-caption-text\">T\u00e4\u00e4ksi meiereis, vasakul meier Konstantin Kolumbus, keskel Oskar Kivisild. <a href=\"https:\/\/www.muis.ee\/museaalview\/3598294\">ERM Fk 3024:261<\/a><\/p><\/div>\n<div id=\"attachment_12228\" style=\"width: 1610px\" class=\"wp-caption aligncenter\"><img loading=\"lazy\" decoding=\"async\" aria-describedby=\"caption-attachment-12228\" data-attachment-id=\"12228\" data-permalink=\"https:\/\/blog.erm.ee\/?attachment_id=12228#main\" data-orig-file=\"https:\/\/blog.erm.ee\/wp-content\/uploads\/2019\/01\/371658_ERM_Fk3024_10.jpg\" data-orig-size=\"1600,1079\" data-comments-opened=\"1\" data-image-meta=\"{&quot;aperture&quot;:&quot;0&quot;,&quot;credit&quot;:&quot;&quot;,&quot;camera&quot;:&quot;&quot;,&quot;caption&quot;:&quot;&quot;,&quot;created_timestamp&quot;:&quot;0&quot;,&quot;copyright&quot;:&quot;&quot;,&quot;focal_length&quot;:&quot;0&quot;,&quot;iso&quot;:&quot;0&quot;,&quot;shutter_speed&quot;:&quot;0&quot;,&quot;title&quot;:&quot;&quot;,&quot;orientation&quot;:&quot;1&quot;}\" data-image-title=\"371658_ERM_Fk3024_10\" data-image-description=\"\" data-image-caption=\"&lt;p&gt;Ema v\u00e4ikelapsega. Marie Kivisild ja Lembit Kivisild. ERM Fk 3024:10&lt;\/p&gt;\n\" data-large-file=\"https:\/\/blog.erm.ee\/wp-content\/uploads\/2019\/01\/371658_ERM_Fk3024_10-1024x691.jpg\" class=\"size-full wp-image-12228\" src=\"https:\/\/blog.erm.ee\/wp-content\/uploads\/2019\/01\/371658_ERM_Fk3024_10.jpg\" alt=\"\" width=\"1600\" height=\"1079\" srcset=\"https:\/\/blog.erm.ee\/wp-content\/uploads\/2019\/01\/371658_ERM_Fk3024_10.jpg 1600w, https:\/\/blog.erm.ee\/wp-content\/uploads\/2019\/01\/371658_ERM_Fk3024_10-386x260.jpg 386w, https:\/\/blog.erm.ee\/wp-content\/uploads\/2019\/01\/371658_ERM_Fk3024_10-300x202.jpg 300w, https:\/\/blog.erm.ee\/wp-content\/uploads\/2019\/01\/371658_ERM_Fk3024_10-768x518.jpg 768w, https:\/\/blog.erm.ee\/wp-content\/uploads\/2019\/01\/371658_ERM_Fk3024_10-1024x691.jpg 1024w\" sizes=\"auto, (max-width: 1600px) 100vw, 1600px\" \/><p id=\"caption-attachment-12228\" class=\"wp-caption-text\">Ema v\u00e4ikelapsega. Marie Kivisild ja Lembit Kivisild. <a href=\"https:\/\/www.muis.ee\/museaalview\/3588401\">ERM Fk 3024:10<\/a><\/p><\/div>\n<div id=\"attachment_12229\" style=\"width: 1610px\" class=\"wp-caption aligncenter\"><img loading=\"lazy\" decoding=\"async\" aria-describedby=\"caption-attachment-12229\" data-attachment-id=\"12229\" data-permalink=\"https:\/\/blog.erm.ee\/?attachment_id=12229#main\" data-orig-file=\"https:\/\/blog.erm.ee\/wp-content\/uploads\/2019\/01\/371857_ERM_Fk3024_209.jpg\" data-orig-size=\"1600,1077\" data-comments-opened=\"1\" data-image-meta=\"{&quot;aperture&quot;:&quot;0&quot;,&quot;credit&quot;:&quot;&quot;,&quot;camera&quot;:&quot;&quot;,&quot;caption&quot;:&quot;&quot;,&quot;created_timestamp&quot;:&quot;0&quot;,&quot;copyright&quot;:&quot;&quot;,&quot;focal_length&quot;:&quot;0&quot;,&quot;iso&quot;:&quot;0&quot;,&quot;shutter_speed&quot;:&quot;0&quot;,&quot;title&quot;:&quot;&quot;,&quot;orientation&quot;:&quot;1&quot;}\" data-image-title=\"371857_ERM_Fk3024_209\" data-image-description=\"\" data-image-caption=\"&lt;p&gt;Perekond Kivisild. Istuvad: vend Karl, ema Alviine ja fotograaf Oskar. Seisavad: \u00f5de Linda (Subi), Karli naine Salme ja Oskari naine Marie. ERM Fk 3024:209 &lt;\/p&gt;\n\" data-large-file=\"https:\/\/blog.erm.ee\/wp-content\/uploads\/2019\/01\/371857_ERM_Fk3024_209-1024x689.jpg\" class=\"size-full wp-image-12229\" src=\"https:\/\/blog.erm.ee\/wp-content\/uploads\/2019\/01\/371857_ERM_Fk3024_209.jpg\" alt=\"\" width=\"1600\" height=\"1077\" srcset=\"https:\/\/blog.erm.ee\/wp-content\/uploads\/2019\/01\/371857_ERM_Fk3024_209.jpg 1600w, https:\/\/blog.erm.ee\/wp-content\/uploads\/2019\/01\/371857_ERM_Fk3024_209-386x260.jpg 386w, https:\/\/blog.erm.ee\/wp-content\/uploads\/2019\/01\/371857_ERM_Fk3024_209-300x202.jpg 300w, https:\/\/blog.erm.ee\/wp-content\/uploads\/2019\/01\/371857_ERM_Fk3024_209-768x517.jpg 768w, https:\/\/blog.erm.ee\/wp-content\/uploads\/2019\/01\/371857_ERM_Fk3024_209-1024x689.jpg 1024w\" sizes=\"auto, (max-width: 1600px) 100vw, 1600px\" \/><p id=\"caption-attachment-12229\" class=\"wp-caption-text\">Perekond Kivisild. Istuvad: vend Karl, ema Alviine ja fotograaf Oskar. Seisavad: \u00f5de Linda (Subi), Karli naine Salme ja Oskari naine Marie. <a href=\"https:\/\/www.muis.ee\/museaalview\/3598236\">ERM Fk 3024:209<\/a><\/p><\/div>\n<div id=\"attachment_12230\" style=\"width: 1610px\" class=\"wp-caption aligncenter\"><img loading=\"lazy\" decoding=\"async\" aria-describedby=\"caption-attachment-12230\" data-attachment-id=\"12230\" data-permalink=\"https:\/\/blog.erm.ee\/?attachment_id=12230#main\" data-orig-file=\"https:\/\/blog.erm.ee\/wp-content\/uploads\/2019\/01\/372013_ERM_Fk3024_365.jpg\" data-orig-size=\"1600,1064\" data-comments-opened=\"1\" data-image-meta=\"{&quot;aperture&quot;:&quot;0&quot;,&quot;credit&quot;:&quot;&quot;,&quot;camera&quot;:&quot;&quot;,&quot;caption&quot;:&quot;&quot;,&quot;created_timestamp&quot;:&quot;0&quot;,&quot;copyright&quot;:&quot;&quot;,&quot;focal_length&quot;:&quot;0&quot;,&quot;iso&quot;:&quot;0&quot;,&quot;shutter_speed&quot;:&quot;0&quot;,&quot;title&quot;:&quot;&quot;,&quot;orientation&quot;:&quot;1&quot;}\" data-image-title=\"372013_ERM_Fk3024_365\" data-image-description=\"\" data-image-caption=\"&lt;p&gt;Siu talu pererahvas &amp;#8211; perekond Kivisild. ERM Fk 3024:365&lt;\/p&gt;\n\" data-large-file=\"https:\/\/blog.erm.ee\/wp-content\/uploads\/2019\/01\/372013_ERM_Fk3024_365-1024x681.jpg\" class=\"size-full wp-image-12230\" src=\"https:\/\/blog.erm.ee\/wp-content\/uploads\/2019\/01\/372013_ERM_Fk3024_365.jpg\" alt=\"\" width=\"1600\" height=\"1064\" srcset=\"https:\/\/blog.erm.ee\/wp-content\/uploads\/2019\/01\/372013_ERM_Fk3024_365.jpg 1600w, https:\/\/blog.erm.ee\/wp-content\/uploads\/2019\/01\/372013_ERM_Fk3024_365-391x260.jpg 391w, https:\/\/blog.erm.ee\/wp-content\/uploads\/2019\/01\/372013_ERM_Fk3024_365-300x200.jpg 300w, https:\/\/blog.erm.ee\/wp-content\/uploads\/2019\/01\/372013_ERM_Fk3024_365-768x511.jpg 768w, https:\/\/blog.erm.ee\/wp-content\/uploads\/2019\/01\/372013_ERM_Fk3024_365-1024x681.jpg 1024w\" sizes=\"auto, (max-width: 1600px) 100vw, 1600px\" \/><p id=\"caption-attachment-12230\" class=\"wp-caption-text\">Siu talu pererahvas &#8211; perekond Kivisild. <a href=\"https:\/\/www.muis.ee\/museaalview\/3598464\">ERM Fk 3024:365<\/a><\/p><\/div>\n<div id=\"attachment_12231\" style=\"width: 1087px\" class=\"wp-caption aligncenter\"><img loading=\"lazy\" decoding=\"async\" aria-describedby=\"caption-attachment-12231\" data-attachment-id=\"12231\" data-permalink=\"https:\/\/blog.erm.ee\/?attachment_id=12231#main\" data-orig-file=\"https:\/\/blog.erm.ee\/wp-content\/uploads\/2019\/01\/371709_ERM_Fk3024_61.jpg\" data-orig-size=\"1077,1600\" data-comments-opened=\"1\" data-image-meta=\"{&quot;aperture&quot;:&quot;0&quot;,&quot;credit&quot;:&quot;&quot;,&quot;camera&quot;:&quot;&quot;,&quot;caption&quot;:&quot;&quot;,&quot;created_timestamp&quot;:&quot;0&quot;,&quot;copyright&quot;:&quot;&quot;,&quot;focal_length&quot;:&quot;0&quot;,&quot;iso&quot;:&quot;0&quot;,&quot;shutter_speed&quot;:&quot;0&quot;,&quot;title&quot;:&quot;&quot;,&quot;orientation&quot;:&quot;1&quot;}\" data-image-title=\"371709_ERM_Fk3024_61\" data-image-description=\"\" data-image-caption=\"&lt;p&gt;T\u00e4\u00e4ksi Porik\u00f5rtsi pere lapsed Aino ja Silvi Reinhold. ERM Fk 3024:61&lt;\/p&gt;\n\" data-large-file=\"https:\/\/blog.erm.ee\/wp-content\/uploads\/2019\/01\/371709_ERM_Fk3024_61-689x1024.jpg\" class=\"size-full wp-image-12231\" src=\"https:\/\/blog.erm.ee\/wp-content\/uploads\/2019\/01\/371709_ERM_Fk3024_61.jpg\" alt=\"\" width=\"1077\" height=\"1600\" srcset=\"https:\/\/blog.erm.ee\/wp-content\/uploads\/2019\/01\/371709_ERM_Fk3024_61.jpg 1077w, https:\/\/blog.erm.ee\/wp-content\/uploads\/2019\/01\/371709_ERM_Fk3024_61-175x260.jpg 175w, https:\/\/blog.erm.ee\/wp-content\/uploads\/2019\/01\/371709_ERM_Fk3024_61-202x300.jpg 202w, https:\/\/blog.erm.ee\/wp-content\/uploads\/2019\/01\/371709_ERM_Fk3024_61-768x1141.jpg 768w, https:\/\/blog.erm.ee\/wp-content\/uploads\/2019\/01\/371709_ERM_Fk3024_61-689x1024.jpg 689w\" sizes=\"auto, (max-width: 1077px) 100vw, 1077px\" \/><p id=\"caption-attachment-12231\" class=\"wp-caption-text\">T\u00e4\u00e4ksi Porik\u00f5rtsi pere lapsed Aino ja Silvi Reinhold. <a href=\"https:\/\/www.muis.ee\/museaalview\/3598039\">ERM Fk 3024:61<\/a><\/p><\/div>\n<div id=\"attachment_12232\" style=\"width: 1610px\" class=\"wp-caption aligncenter\"><img loading=\"lazy\" decoding=\"async\" aria-describedby=\"caption-attachment-12232\" data-attachment-id=\"12232\" data-permalink=\"https:\/\/blog.erm.ee\/?attachment_id=12232#main\" data-orig-file=\"https:\/\/blog.erm.ee\/wp-content\/uploads\/2019\/01\/371774_ERM_Fk3024_126.jpg\" data-orig-size=\"1600,1060\" data-comments-opened=\"1\" data-image-meta=\"{&quot;aperture&quot;:&quot;0&quot;,&quot;credit&quot;:&quot;&quot;,&quot;camera&quot;:&quot;&quot;,&quot;caption&quot;:&quot;&quot;,&quot;created_timestamp&quot;:&quot;0&quot;,&quot;copyright&quot;:&quot;&quot;,&quot;focal_length&quot;:&quot;0&quot;,&quot;iso&quot;:&quot;0&quot;,&quot;shutter_speed&quot;:&quot;0&quot;,&quot;title&quot;:&quot;&quot;,&quot;orientation&quot;:&quot;1&quot;}\" data-image-title=\"371774_ERM_Fk3024_126\" data-image-description=\"\" data-image-caption=\"&lt;p&gt;Grupp lapsi koeraga. ERM Fk 3024:126&lt;\/p&gt;\n\" data-large-file=\"https:\/\/blog.erm.ee\/wp-content\/uploads\/2019\/01\/371774_ERM_Fk3024_126-1024x678.jpg\" class=\"size-full wp-image-12232\" src=\"https:\/\/blog.erm.ee\/wp-content\/uploads\/2019\/01\/371774_ERM_Fk3024_126.jpg\" alt=\"\" width=\"1600\" height=\"1060\" srcset=\"https:\/\/blog.erm.ee\/wp-content\/uploads\/2019\/01\/371774_ERM_Fk3024_126.jpg 1600w, https:\/\/blog.erm.ee\/wp-content\/uploads\/2019\/01\/371774_ERM_Fk3024_126-392x260.jpg 392w, https:\/\/blog.erm.ee\/wp-content\/uploads\/2019\/01\/371774_ERM_Fk3024_126-300x199.jpg 300w, https:\/\/blog.erm.ee\/wp-content\/uploads\/2019\/01\/371774_ERM_Fk3024_126-768x509.jpg 768w, https:\/\/blog.erm.ee\/wp-content\/uploads\/2019\/01\/371774_ERM_Fk3024_126-1024x678.jpg 1024w\" sizes=\"auto, (max-width: 1600px) 100vw, 1600px\" \/><p id=\"caption-attachment-12232\" class=\"wp-caption-text\">Grupp lapsi koeraga. <a href=\"https:\/\/www.muis.ee\/museaalview\/3598117\">ERM Fk 3024:126<\/a><\/p><\/div>\n<div id=\"attachment_12233\" style=\"width: 1610px\" class=\"wp-caption aligncenter\"><img loading=\"lazy\" decoding=\"async\" aria-describedby=\"caption-attachment-12233\" data-attachment-id=\"12233\" data-permalink=\"https:\/\/blog.erm.ee\/?attachment_id=12233#main\" data-orig-file=\"https:\/\/blog.erm.ee\/wp-content\/uploads\/2019\/01\/371797_ERM_Fk3024_149.jpg\" data-orig-size=\"1600,1075\" data-comments-opened=\"1\" data-image-meta=\"{&quot;aperture&quot;:&quot;0&quot;,&quot;credit&quot;:&quot;&quot;,&quot;camera&quot;:&quot;&quot;,&quot;caption&quot;:&quot;&quot;,&quot;created_timestamp&quot;:&quot;0&quot;,&quot;copyright&quot;:&quot;&quot;,&quot;focal_length&quot;:&quot;0&quot;,&quot;iso&quot;:&quot;0&quot;,&quot;shutter_speed&quot;:&quot;0&quot;,&quot;title&quot;:&quot;&quot;,&quot;orientation&quot;:&quot;1&quot;}\" data-image-title=\"371797_ERM_Fk3024_149\" data-image-description=\"\" data-image-caption=\"&lt;p&gt;Noored grammofoniga gr\u00fc\u00fcnes. ERM Fk 3024:149&lt;\/p&gt;\n\" data-large-file=\"https:\/\/blog.erm.ee\/wp-content\/uploads\/2019\/01\/371797_ERM_Fk3024_149-1024x688.jpg\" class=\"size-full wp-image-12233\" src=\"https:\/\/blog.erm.ee\/wp-content\/uploads\/2019\/01\/371797_ERM_Fk3024_149.jpg\" alt=\"\" width=\"1600\" height=\"1075\" srcset=\"https:\/\/blog.erm.ee\/wp-content\/uploads\/2019\/01\/371797_ERM_Fk3024_149.jpg 1600w, https:\/\/blog.erm.ee\/wp-content\/uploads\/2019\/01\/371797_ERM_Fk3024_149-387x260.jpg 387w, https:\/\/blog.erm.ee\/wp-content\/uploads\/2019\/01\/371797_ERM_Fk3024_149-300x202.jpg 300w, https:\/\/blog.erm.ee\/wp-content\/uploads\/2019\/01\/371797_ERM_Fk3024_149-768x516.jpg 768w, https:\/\/blog.erm.ee\/wp-content\/uploads\/2019\/01\/371797_ERM_Fk3024_149-1024x688.jpg 1024w\" sizes=\"auto, (max-width: 1600px) 100vw, 1600px\" \/><p id=\"caption-attachment-12233\" class=\"wp-caption-text\">Noored grammofoniga gr\u00fc\u00fcnes. <a href=\"https:\/\/www.muis.ee\/museaalview\/3598168\">ERM Fk 3024:149<\/a><\/p><\/div>\n<div id=\"attachment_12234\" style=\"width: 1610px\" class=\"wp-caption aligncenter\"><img loading=\"lazy\" decoding=\"async\" aria-describedby=\"caption-attachment-12234\" data-attachment-id=\"12234\" data-permalink=\"https:\/\/blog.erm.ee\/?attachment_id=12234#main\" data-orig-file=\"https:\/\/blog.erm.ee\/wp-content\/uploads\/2019\/01\/371944_ERM_Fk3024_296.jpg\" data-orig-size=\"1600,1169\" data-comments-opened=\"1\" data-image-meta=\"{&quot;aperture&quot;:&quot;0&quot;,&quot;credit&quot;:&quot;&quot;,&quot;camera&quot;:&quot;&quot;,&quot;caption&quot;:&quot;&quot;,&quot;created_timestamp&quot;:&quot;0&quot;,&quot;copyright&quot;:&quot;&quot;,&quot;focal_length&quot;:&quot;0&quot;,&quot;iso&quot;:&quot;0&quot;,&quot;shutter_speed&quot;:&quot;0&quot;,&quot;title&quot;:&quot;&quot;,&quot;orientation&quot;:&quot;1&quot;}\" data-image-title=\"371944_ERM_Fk3024_296\" data-image-description=\"\" data-image-caption=\"&lt;p&gt;Tillu-Reinu (T\u00e4\u00e4ksi) kooli poisid, ateljeefoto. ERM Fk 3024:296&lt;\/p&gt;\n\" data-large-file=\"https:\/\/blog.erm.ee\/wp-content\/uploads\/2019\/01\/371944_ERM_Fk3024_296-1024x748.jpg\" class=\"size-full wp-image-12234\" src=\"https:\/\/blog.erm.ee\/wp-content\/uploads\/2019\/01\/371944_ERM_Fk3024_296.jpg\" alt=\"\" width=\"1600\" height=\"1169\" srcset=\"https:\/\/blog.erm.ee\/wp-content\/uploads\/2019\/01\/371944_ERM_Fk3024_296.jpg 1600w, https:\/\/blog.erm.ee\/wp-content\/uploads\/2019\/01\/371944_ERM_Fk3024_296-356x260.jpg 356w, https:\/\/blog.erm.ee\/wp-content\/uploads\/2019\/01\/371944_ERM_Fk3024_296-300x219.jpg 300w, https:\/\/blog.erm.ee\/wp-content\/uploads\/2019\/01\/371944_ERM_Fk3024_296-768x561.jpg 768w, https:\/\/blog.erm.ee\/wp-content\/uploads\/2019\/01\/371944_ERM_Fk3024_296-1024x748.jpg 1024w\" sizes=\"auto, (max-width: 1600px) 100vw, 1600px\" \/><p id=\"caption-attachment-12234\" class=\"wp-caption-text\">Tillu-Reinu (T\u00e4\u00e4ksi) kooli poisid, ateljeefoto. <a href=\"https:\/\/www.muis.ee\/museaalview\/3598329\">ERM Fk 3024:296<\/a><\/p><\/div>\n<div id=\"attachment_12235\" style=\"width: 1610px\" class=\"wp-caption aligncenter\"><img loading=\"lazy\" decoding=\"async\" aria-describedby=\"caption-attachment-12235\" data-attachment-id=\"12235\" data-permalink=\"https:\/\/blog.erm.ee\/?attachment_id=12235#main\" data-orig-file=\"https:\/\/blog.erm.ee\/wp-content\/uploads\/2019\/01\/371815_ERM_Fk3024_167.jpg\" data-orig-size=\"1600,1086\" data-comments-opened=\"1\" data-image-meta=\"{&quot;aperture&quot;:&quot;0&quot;,&quot;credit&quot;:&quot;&quot;,&quot;camera&quot;:&quot;&quot;,&quot;caption&quot;:&quot;&quot;,&quot;created_timestamp&quot;:&quot;0&quot;,&quot;copyright&quot;:&quot;&quot;,&quot;focal_length&quot;:&quot;0&quot;,&quot;iso&quot;:&quot;0&quot;,&quot;shutter_speed&quot;:&quot;0&quot;,&quot;title&quot;:&quot;&quot;,&quot;orientation&quot;:&quot;1&quot;}\" data-image-title=\"371815_ERM_Fk3024_167\" data-image-description=\"\" data-image-caption=\"&lt;p&gt;Johannes ja Lilli Lauri pere. ERM Fk 3024:167&lt;\/p&gt;\n\" data-large-file=\"https:\/\/blog.erm.ee\/wp-content\/uploads\/2019\/01\/371815_ERM_Fk3024_167-1024x695.jpg\" class=\"size-full wp-image-12235\" src=\"https:\/\/blog.erm.ee\/wp-content\/uploads\/2019\/01\/371815_ERM_Fk3024_167.jpg\" alt=\"\" width=\"1600\" height=\"1086\" srcset=\"https:\/\/blog.erm.ee\/wp-content\/uploads\/2019\/01\/371815_ERM_Fk3024_167.jpg 1600w, https:\/\/blog.erm.ee\/wp-content\/uploads\/2019\/01\/371815_ERM_Fk3024_167-383x260.jpg 383w, https:\/\/blog.erm.ee\/wp-content\/uploads\/2019\/01\/371815_ERM_Fk3024_167-300x204.jpg 300w, https:\/\/blog.erm.ee\/wp-content\/uploads\/2019\/01\/371815_ERM_Fk3024_167-768x521.jpg 768w, https:\/\/blog.erm.ee\/wp-content\/uploads\/2019\/01\/371815_ERM_Fk3024_167-1024x695.jpg 1024w\" sizes=\"auto, (max-width: 1600px) 100vw, 1600px\" \/><p id=\"caption-attachment-12235\" class=\"wp-caption-text\">Johannes ja Lilli Lauri pere. <a href=\"https:\/\/www.muis.ee\/museaalview\/3598194\">ERM Fk 3024:167<\/a><\/p><\/div>\n<div id=\"attachment_12236\" style=\"width: 1610px\" class=\"wp-caption aligncenter\"><img loading=\"lazy\" decoding=\"async\" aria-describedby=\"caption-attachment-12236\" data-attachment-id=\"12236\" data-permalink=\"https:\/\/blog.erm.ee\/?attachment_id=12236#main\" data-orig-file=\"https:\/\/blog.erm.ee\/wp-content\/uploads\/2019\/01\/371891_ERM_Fk3024_243.jpg\" data-orig-size=\"1600,1079\" data-comments-opened=\"1\" data-image-meta=\"{&quot;aperture&quot;:&quot;0&quot;,&quot;credit&quot;:&quot;&quot;,&quot;camera&quot;:&quot;&quot;,&quot;caption&quot;:&quot;&quot;,&quot;created_timestamp&quot;:&quot;0&quot;,&quot;copyright&quot;:&quot;&quot;,&quot;focal_length&quot;:&quot;0&quot;,&quot;iso&quot;:&quot;0&quot;,&quot;shutter_speed&quot;:&quot;0&quot;,&quot;title&quot;:&quot;&quot;,&quot;orientation&quot;:&quot;1&quot;}\" data-image-title=\"371891_ERM_Fk3024_243\" data-image-description=\"\" data-image-caption=\"\" data-large-file=\"https:\/\/blog.erm.ee\/wp-content\/uploads\/2019\/01\/371891_ERM_Fk3024_243-1024x691.jpg\" class=\"wp-image-12236 size-full\" src=\"https:\/\/blog.erm.ee\/wp-content\/uploads\/2019\/01\/371891_ERM_Fk3024_243.jpg\" alt=\"\" width=\"1600\" height=\"1079\" srcset=\"https:\/\/blog.erm.ee\/wp-content\/uploads\/2019\/01\/371891_ERM_Fk3024_243.jpg 1600w, https:\/\/blog.erm.ee\/wp-content\/uploads\/2019\/01\/371891_ERM_Fk3024_243-386x260.jpg 386w, https:\/\/blog.erm.ee\/wp-content\/uploads\/2019\/01\/371891_ERM_Fk3024_243-300x202.jpg 300w, https:\/\/blog.erm.ee\/wp-content\/uploads\/2019\/01\/371891_ERM_Fk3024_243-768x518.jpg 768w, https:\/\/blog.erm.ee\/wp-content\/uploads\/2019\/01\/371891_ERM_Fk3024_243-1024x691.jpg 1024w\" sizes=\"auto, (max-width: 1600px) 100vw, 1600px\" \/><p id=\"caption-attachment-12236\" class=\"wp-caption-text\">Alt-Koodre talu pere Kurnuvere k\u00fclast. <a href=\"https:\/\/www.muis.ee\/museaalview\/3598270\">ERM Fk 3024:243<\/a><\/p><\/div>\n<div id=\"attachment_12237\" style=\"width: 1610px\" class=\"wp-caption aligncenter\"><img loading=\"lazy\" decoding=\"async\" aria-describedby=\"caption-attachment-12237\" data-attachment-id=\"12237\" data-permalink=\"https:\/\/blog.erm.ee\/?attachment_id=12237#main\" data-orig-file=\"https:\/\/blog.erm.ee\/wp-content\/uploads\/2019\/01\/371900_ERM_Fk3024_252.jpg\" data-orig-size=\"1600,1060\" data-comments-opened=\"1\" data-image-meta=\"{&quot;aperture&quot;:&quot;0&quot;,&quot;credit&quot;:&quot;&quot;,&quot;camera&quot;:&quot;&quot;,&quot;caption&quot;:&quot;&quot;,&quot;created_timestamp&quot;:&quot;0&quot;,&quot;copyright&quot;:&quot;&quot;,&quot;focal_length&quot;:&quot;0&quot;,&quot;iso&quot;:&quot;0&quot;,&quot;shutter_speed&quot;:&quot;0&quot;,&quot;title&quot;:&quot;&quot;,&quot;orientation&quot;:&quot;1&quot;}\" data-image-title=\"371900_ERM_Fk3024_252\" data-image-description=\"\" data-image-caption=\"&lt;p&gt;Tillu-Reinu (T\u00e4\u00e4ksi) kooli l\u00f5petajad, u 1935. ERM Fk 3024:252&lt;\/p&gt;\n\" data-large-file=\"https:\/\/blog.erm.ee\/wp-content\/uploads\/2019\/01\/371900_ERM_Fk3024_252-1024x678.jpg\" class=\"size-full wp-image-12237\" src=\"https:\/\/blog.erm.ee\/wp-content\/uploads\/2019\/01\/371900_ERM_Fk3024_252.jpg\" alt=\"\" width=\"1600\" height=\"1060\" srcset=\"https:\/\/blog.erm.ee\/wp-content\/uploads\/2019\/01\/371900_ERM_Fk3024_252.jpg 1600w, https:\/\/blog.erm.ee\/wp-content\/uploads\/2019\/01\/371900_ERM_Fk3024_252-392x260.jpg 392w, https:\/\/blog.erm.ee\/wp-content\/uploads\/2019\/01\/371900_ERM_Fk3024_252-300x199.jpg 300w, https:\/\/blog.erm.ee\/wp-content\/uploads\/2019\/01\/371900_ERM_Fk3024_252-768x509.jpg 768w, https:\/\/blog.erm.ee\/wp-content\/uploads\/2019\/01\/371900_ERM_Fk3024_252-1024x678.jpg 1024w\" sizes=\"auto, (max-width: 1600px) 100vw, 1600px\" \/><p id=\"caption-attachment-12237\" class=\"wp-caption-text\">Tillu-Reinu (T\u00e4\u00e4ksi) kooli l\u00f5petajad, u 1935. <a href=\"https:\/\/www.muis.ee\/museaalview\/3598285\">ERM Fk 3024:252<\/a><\/p><\/div>\n<div id=\"attachment_12238\" style=\"width: 1610px\" class=\"wp-caption aligncenter\"><img loading=\"lazy\" decoding=\"async\" aria-describedby=\"caption-attachment-12238\" data-attachment-id=\"12238\" data-permalink=\"https:\/\/blog.erm.ee\/?attachment_id=12238#main\" data-orig-file=\"https:\/\/blog.erm.ee\/wp-content\/uploads\/2019\/01\/371723_ERM_Fk3024_75.jpg\" data-orig-size=\"1600,1078\" data-comments-opened=\"1\" data-image-meta=\"{&quot;aperture&quot;:&quot;0&quot;,&quot;credit&quot;:&quot;&quot;,&quot;camera&quot;:&quot;&quot;,&quot;caption&quot;:&quot;&quot;,&quot;created_timestamp&quot;:&quot;0&quot;,&quot;copyright&quot;:&quot;&quot;,&quot;focal_length&quot;:&quot;0&quot;,&quot;iso&quot;:&quot;0&quot;,&quot;shutter_speed&quot;:&quot;0&quot;,&quot;title&quot;:&quot;&quot;,&quot;orientation&quot;:&quot;1&quot;}\" data-image-title=\"371723_ERM_Fk3024_75\" data-image-description=\"\" data-image-caption=\"&lt;p&gt;Kaks naist Soobli tammi taustal. ERM Fk 3024:75&lt;\/p&gt;\n\" data-large-file=\"https:\/\/blog.erm.ee\/wp-content\/uploads\/2019\/01\/371723_ERM_Fk3024_75-1024x690.jpg\" class=\"size-full wp-image-12238\" src=\"https:\/\/blog.erm.ee\/wp-content\/uploads\/2019\/01\/371723_ERM_Fk3024_75.jpg\" alt=\"\" width=\"1600\" height=\"1078\" srcset=\"https:\/\/blog.erm.ee\/wp-content\/uploads\/2019\/01\/371723_ERM_Fk3024_75.jpg 1600w, https:\/\/blog.erm.ee\/wp-content\/uploads\/2019\/01\/371723_ERM_Fk3024_75-386x260.jpg 386w, https:\/\/blog.erm.ee\/wp-content\/uploads\/2019\/01\/371723_ERM_Fk3024_75-300x202.jpg 300w, https:\/\/blog.erm.ee\/wp-content\/uploads\/2019\/01\/371723_ERM_Fk3024_75-768x517.jpg 768w, https:\/\/blog.erm.ee\/wp-content\/uploads\/2019\/01\/371723_ERM_Fk3024_75-1024x690.jpg 1024w\" sizes=\"auto, (max-width: 1600px) 100vw, 1600px\" \/><p id=\"caption-attachment-12238\" class=\"wp-caption-text\">Kaks naist Soobli tammi taustal. <a href=\"https:\/\/www.muis.ee\/museaalview\/3598053\">ERM Fk 3024:75<\/a><\/p><\/div>\n<div id=\"attachment_12239\" style=\"width: 1610px\" class=\"wp-caption aligncenter\"><img loading=\"lazy\" decoding=\"async\" aria-describedby=\"caption-attachment-12239\" data-attachment-id=\"12239\" data-permalink=\"https:\/\/blog.erm.ee\/?attachment_id=12239#main\" data-orig-file=\"https:\/\/blog.erm.ee\/wp-content\/uploads\/2019\/01\/371902_ERM_Fk3024_254.jpg\" data-orig-size=\"1600,1075\" data-comments-opened=\"1\" data-image-meta=\"{&quot;aperture&quot;:&quot;0&quot;,&quot;credit&quot;:&quot;&quot;,&quot;camera&quot;:&quot;&quot;,&quot;caption&quot;:&quot;&quot;,&quot;created_timestamp&quot;:&quot;0&quot;,&quot;copyright&quot;:&quot;&quot;,&quot;focal_length&quot;:&quot;0&quot;,&quot;iso&quot;:&quot;0&quot;,&quot;shutter_speed&quot;:&quot;0&quot;,&quot;title&quot;:&quot;&quot;,&quot;orientation&quot;:&quot;1&quot;}\" data-image-title=\"371902_ERM_Fk3024_254\" data-image-description=\"\" data-image-caption=\"&lt;p&gt;Noored T\u00e4\u00e4ksi oja kaldal. ERM Fk 3024:254&lt;\/p&gt;\n\" data-large-file=\"https:\/\/blog.erm.ee\/wp-content\/uploads\/2019\/01\/371902_ERM_Fk3024_254-1024x688.jpg\" class=\"size-full wp-image-12239\" src=\"https:\/\/blog.erm.ee\/wp-content\/uploads\/2019\/01\/371902_ERM_Fk3024_254.jpg\" alt=\"\" width=\"1600\" height=\"1075\" srcset=\"https:\/\/blog.erm.ee\/wp-content\/uploads\/2019\/01\/371902_ERM_Fk3024_254.jpg 1600w, https:\/\/blog.erm.ee\/wp-content\/uploads\/2019\/01\/371902_ERM_Fk3024_254-387x260.jpg 387w, https:\/\/blog.erm.ee\/wp-content\/uploads\/2019\/01\/371902_ERM_Fk3024_254-300x202.jpg 300w, https:\/\/blog.erm.ee\/wp-content\/uploads\/2019\/01\/371902_ERM_Fk3024_254-768x516.jpg 768w, https:\/\/blog.erm.ee\/wp-content\/uploads\/2019\/01\/371902_ERM_Fk3024_254-1024x688.jpg 1024w\" sizes=\"auto, (max-width: 1600px) 100vw, 1600px\" \/><p id=\"caption-attachment-12239\" class=\"wp-caption-text\">Noored T\u00e4\u00e4ksi oja kaldal. <a href=\"https:\/\/www.muis.ee\/museaalview\/3598287\">ERM Fk 3024:254<\/a><\/p><\/div>\n<div id=\"attachment_12240\" style=\"width: 1610px\" class=\"wp-caption aligncenter\"><img loading=\"lazy\" decoding=\"async\" aria-describedby=\"caption-attachment-12240\" data-attachment-id=\"12240\" data-permalink=\"https:\/\/blog.erm.ee\/?attachment_id=12240#main\" data-orig-file=\"https:\/\/blog.erm.ee\/wp-content\/uploads\/2019\/01\/371705_ERM_Fk3024_57.jpg\" data-orig-size=\"1600,1074\" data-comments-opened=\"1\" data-image-meta=\"{&quot;aperture&quot;:&quot;0&quot;,&quot;credit&quot;:&quot;&quot;,&quot;camera&quot;:&quot;&quot;,&quot;caption&quot;:&quot;&quot;,&quot;created_timestamp&quot;:&quot;0&quot;,&quot;copyright&quot;:&quot;&quot;,&quot;focal_length&quot;:&quot;0&quot;,&quot;iso&quot;:&quot;0&quot;,&quot;shutter_speed&quot;:&quot;0&quot;,&quot;title&quot;:&quot;&quot;,&quot;orientation&quot;:&quot;1&quot;}\" data-image-title=\"371705_ERM_Fk3024_57\" data-image-description=\"\" data-image-caption=\"&lt;p&gt;Vintis pidulised. ERM Fk 3024:57&lt;\/p&gt;\n\" data-large-file=\"https:\/\/blog.erm.ee\/wp-content\/uploads\/2019\/01\/371705_ERM_Fk3024_57-1024x687.jpg\" class=\"size-full wp-image-12240\" src=\"https:\/\/blog.erm.ee\/wp-content\/uploads\/2019\/01\/371705_ERM_Fk3024_57.jpg\" alt=\"\" width=\"1600\" height=\"1074\" srcset=\"https:\/\/blog.erm.ee\/wp-content\/uploads\/2019\/01\/371705_ERM_Fk3024_57.jpg 1600w, https:\/\/blog.erm.ee\/wp-content\/uploads\/2019\/01\/371705_ERM_Fk3024_57-387x260.jpg 387w, https:\/\/blog.erm.ee\/wp-content\/uploads\/2019\/01\/371705_ERM_Fk3024_57-300x201.jpg 300w, https:\/\/blog.erm.ee\/wp-content\/uploads\/2019\/01\/371705_ERM_Fk3024_57-768x516.jpg 768w, https:\/\/blog.erm.ee\/wp-content\/uploads\/2019\/01\/371705_ERM_Fk3024_57-1024x687.jpg 1024w\" sizes=\"auto, (max-width: 1600px) 100vw, 1600px\" \/><p id=\"caption-attachment-12240\" class=\"wp-caption-text\">Vintis pidulised. <a href=\"https:\/\/www.muis.ee\/museaalview\/3598035\">ERM Fk 3024:57<\/a><\/p><\/div>\n<div id=\"attachment_12241\" style=\"width: 1610px\" class=\"wp-caption aligncenter\"><img loading=\"lazy\" decoding=\"async\" aria-describedby=\"caption-attachment-12241\" data-attachment-id=\"12241\" data-permalink=\"https:\/\/blog.erm.ee\/?attachment_id=12241#main\" data-orig-file=\"https:\/\/blog.erm.ee\/wp-content\/uploads\/2019\/01\/371929_ERM_Fk3024_281.jpg\" data-orig-size=\"1600,1193\" data-comments-opened=\"1\" data-image-meta=\"{&quot;aperture&quot;:&quot;0&quot;,&quot;credit&quot;:&quot;&quot;,&quot;camera&quot;:&quot;&quot;,&quot;caption&quot;:&quot;&quot;,&quot;created_timestamp&quot;:&quot;0&quot;,&quot;copyright&quot;:&quot;&quot;,&quot;focal_length&quot;:&quot;0&quot;,&quot;iso&quot;:&quot;0&quot;,&quot;shutter_speed&quot;:&quot;0&quot;,&quot;title&quot;:&quot;&quot;,&quot;orientation&quot;:&quot;1&quot;}\" data-image-title=\"371929_ERM_Fk3024_281\" data-image-description=\"\" data-image-caption=\"&lt;p&gt;Kaarte m\u00e4ngimas T\u00e4\u00e4ksi rahvamaja juures. ERM FK 3024:281&lt;\/p&gt;\n\" data-large-file=\"https:\/\/blog.erm.ee\/wp-content\/uploads\/2019\/01\/371929_ERM_Fk3024_281-1024x764.jpg\" class=\"size-full wp-image-12241\" src=\"https:\/\/blog.erm.ee\/wp-content\/uploads\/2019\/01\/371929_ERM_Fk3024_281.jpg\" alt=\"\" width=\"1600\" height=\"1193\" srcset=\"https:\/\/blog.erm.ee\/wp-content\/uploads\/2019\/01\/371929_ERM_Fk3024_281.jpg 1600w, https:\/\/blog.erm.ee\/wp-content\/uploads\/2019\/01\/371929_ERM_Fk3024_281-349x260.jpg 349w, https:\/\/blog.erm.ee\/wp-content\/uploads\/2019\/01\/371929_ERM_Fk3024_281-300x224.jpg 300w, https:\/\/blog.erm.ee\/wp-content\/uploads\/2019\/01\/371929_ERM_Fk3024_281-768x573.jpg 768w, https:\/\/blog.erm.ee\/wp-content\/uploads\/2019\/01\/371929_ERM_Fk3024_281-1024x764.jpg 1024w\" sizes=\"auto, (max-width: 1600px) 100vw, 1600px\" \/><p id=\"caption-attachment-12241\" class=\"wp-caption-text\">Kaarte m\u00e4ngimas T\u00e4\u00e4ksi rahvamaja juures. <a href=\"https:\/\/www.muis.ee\/museaalview\/3598314\">ERM FK 3024:281<\/a><\/p><\/div>\n<p style=\"text-align: justify;\">T\u00f5en\u00e4oliselt on Oskar Kivisilla pilte s\u00e4ilinud tunduvalt rohkem kui need 365, mis negatiividena ERMi fotokogus on. Kel huvi tema fotodega l\u00e4hemat tutvust teha, siis <a href=\"http:\/\/www.muis.ee\">muuseumide <\/a><a href=\"http:\/\/www.muis.ee\">veebiv\u00e4ravas<\/a> tuleks detailse otsingu reale kirjutada Oskar Kivisilla fotokogu seerianumber: ERM Fk 3024<\/p>\n<p style=\"text-align: justify;\">Ait\u00e4h, Eesti \u00dcli\u00f5pilaste Selts, T\u00f5nu Randaru, Hillar Mutli, Lembit Kivisild jt, kes on aidanud seda kultuurip\u00e4randit s\u00e4ilitada. Ka teistele juba ette t\u00e4nu, kes aitavad veel pilte tuvastada.<\/p>\n<div class=\"fcbkbttn_buttons_block\" id=\"fcbkbttn_left\"><div class=\"fcbkbttn_like \"><fb:like href=\"https:\/\/blog.erm.ee\/?p=12225\" action=\"like\" colorscheme=\"light\" layout=\"standard\"  width=\"225px\" size=\"small\"><\/fb:like><\/div><div class=\"fb-share-button  \" data-href=\"https:\/\/blog.erm.ee\/?p=12225\" data-type=\"button\" data-size=\"small\"><\/div><\/div>","protected":false},"excerpt":{"rendered":"<p>Tiina Tael, peaarhivaar ERM sai uude majja kolimise puhul healt s\u00f5bralt Eesti \u00dcli\u00f5pilaste Seltsilt kingituseks suure kastit\u00e4ie klaasnegatiive. Alguses oli info selle kohta napp: E\u00dcS oli need ostnud osta.ee keskkonnast ja pidavat vist olema seos T\u00e4\u00e4ksiga. Kuna Eestis on ikka nii, et \u201ekeegi teab kedagi, kes \u2026\u201c, siis meil ei tulnudki pikalt otsida, T\u00e4\u00e4ksi v\u00e4lit\u00f6\u00f6d&hellip;<\/p>\n","protected":false},"author":1,"featured_media":12226,"comment_status":"open","ping_status":"open","sticky":false,"template":"","format":"standard","meta":{"_monsterinsights_skip_tracking":false,"_monsterinsights_sitenote_active":false,"_monsterinsights_sitenote_note":"","_monsterinsights_sitenote_category":0,"jetpack_post_was_ever_published":false,"_jetpack_newsletter_access":"","_jetpack_dont_email_post_to_subs":false,"_jetpack_newsletter_tier_id":0,"_jetpack_memberships_contains_paywalled_content":false,"_jetpack_memberships_contains_paid_content":false,"footnotes":""},"categories":[6],"tags":[],"class_list":["post-12225","post","type-post","status-publish","format-standard","has-post-thumbnail","hentry","category-foto"],"yoast_head":"<!-- This site is optimized with the Yoast SEO plugin v27.5 - https:\/\/yoast.com\/product\/yoast-seo-wordpress\/ -->\n<title>T\u00e4iendus Eesti fotograafia ajalukku: T\u00e4\u00e4ksi fotograaf Oskar Kivisild (1901-1945) - Eesti Rahva Muuseumi ajaveeb<\/title>\n<meta name=\"robots\" content=\"index, follow, max-snippet:-1, max-image-preview:large, max-video-preview:-1\" \/>\n<link rel=\"canonical\" href=\"https:\/\/blog.erm.ee\/?p=12225\" \/>\n<meta property=\"og:locale\" content=\"et_EE\" \/>\n<meta property=\"og:type\" content=\"article\" \/>\n<meta property=\"og:title\" content=\"T\u00e4iendus Eesti fotograafia ajalukku: T\u00e4\u00e4ksi fotograaf Oskar Kivisild (1901-1945) - Eesti Rahva Muuseumi ajaveeb\" \/>\n<meta property=\"og:description\" content=\"Tiina Tael, peaarhivaar ERM sai uude majja kolimise puhul healt s\u00f5bralt Eesti \u00dcli\u00f5pilaste Seltsilt kingituseks suure kastit\u00e4ie klaasnegatiive. Alguses oli info selle kohta napp: E\u00dcS oli need ostnud osta.ee keskkonnast ja pidavat vist olema seos T\u00e4\u00e4ksiga. Kuna Eestis on ikka nii, et \u201ekeegi teab kedagi, kes \u2026\u201c, siis meil ei tulnudki pikalt otsida, T\u00e4\u00e4ksi v\u00e4lit\u00f6\u00f6d&hellip;\" \/>\n<meta property=\"og:url\" content=\"https:\/\/blog.erm.ee\/?p=12225\" \/>\n<meta property=\"og:site_name\" content=\"Eesti Rahva Muuseumi ajaveeb\" \/>\n<meta property=\"article:published_time\" content=\"2019-01-08T08:16:09+00:00\" \/>\n<meta property=\"article:modified_time\" content=\"2019-01-08T08:31:01+00:00\" \/>\n<meta property=\"og:image\" content=\"https:\/\/blog.erm.ee\/wp-content\/uploads\/2019\/01\/371903_ERM_Fk3024_255.jpg\" \/>\n\t<meta property=\"og:image:width\" content=\"1600\" \/>\n\t<meta property=\"og:image:height\" content=\"1067\" \/>\n\t<meta property=\"og:image:type\" content=\"image\/jpeg\" \/>\n<meta name=\"author\" content=\"Eesti Rahva Muuseum\" \/>\n<meta name=\"twitter:card\" content=\"summary_large_image\" \/>\n<meta name=\"twitter:label1\" content=\"Written by\" \/>\n\t<meta name=\"twitter:data1\" content=\"Eesti Rahva Muuseum\" \/>\n\t<meta name=\"twitter:label2\" content=\"Est. reading time\" \/>\n\t<meta name=\"twitter:data2\" content=\"4 minutit\" \/>\n<script type=\"application\/ld+json\" class=\"yoast-schema-graph\">{\"@context\":\"https:\\\/\\\/schema.org\",\"@graph\":[{\"@type\":\"Article\",\"@id\":\"https:\\\/\\\/blog.erm.ee\\\/?p=12225#article\",\"isPartOf\":{\"@id\":\"https:\\\/\\\/blog.erm.ee\\\/?p=12225\"},\"author\":{\"name\":\"Eesti Rahva Muuseum\",\"@id\":\"https:\\\/\\\/blog.erm.ee\\\/#\\\/schema\\\/person\\\/6e98c391cb00a33e7c22a3571e062114\"},\"headline\":\"T\u00e4iendus Eesti fotograafia ajalukku: T\u00e4\u00e4ksi fotograaf Oskar Kivisild (1901-1945)\",\"datePublished\":\"2019-01-08T08:16:09+00:00\",\"dateModified\":\"2019-01-08T08:31:01+00:00\",\"mainEntityOfPage\":{\"@id\":\"https:\\\/\\\/blog.erm.ee\\\/?p=12225\"},\"wordCount\":740,\"commentCount\":0,\"image\":{\"@id\":\"https:\\\/\\\/blog.erm.ee\\\/?p=12225#primaryimage\"},\"thumbnailUrl\":\"https:\\\/\\\/blog.erm.ee\\\/wp-content\\\/uploads\\\/2019\\\/01\\\/371903_ERM_Fk3024_255.jpg\",\"articleSection\":[\"Foto\"],\"inLanguage\":\"et\",\"potentialAction\":[{\"@type\":\"CommentAction\",\"name\":\"Comment\",\"target\":[\"https:\\\/\\\/blog.erm.ee\\\/?p=12225#respond\"]}]},{\"@type\":\"WebPage\",\"@id\":\"https:\\\/\\\/blog.erm.ee\\\/?p=12225\",\"url\":\"https:\\\/\\\/blog.erm.ee\\\/?p=12225\",\"name\":\"T\u00e4iendus Eesti fotograafia ajalukku: T\u00e4\u00e4ksi fotograaf Oskar Kivisild (1901-1945) - Eesti Rahva Muuseumi ajaveeb\",\"isPartOf\":{\"@id\":\"https:\\\/\\\/blog.erm.ee\\\/#website\"},\"primaryImageOfPage\":{\"@id\":\"https:\\\/\\\/blog.erm.ee\\\/?p=12225#primaryimage\"},\"image\":{\"@id\":\"https:\\\/\\\/blog.erm.ee\\\/?p=12225#primaryimage\"},\"thumbnailUrl\":\"https:\\\/\\\/blog.erm.ee\\\/wp-content\\\/uploads\\\/2019\\\/01\\\/371903_ERM_Fk3024_255.jpg\",\"datePublished\":\"2019-01-08T08:16:09+00:00\",\"dateModified\":\"2019-01-08T08:31:01+00:00\",\"author\":{\"@id\":\"https:\\\/\\\/blog.erm.ee\\\/#\\\/schema\\\/person\\\/6e98c391cb00a33e7c22a3571e062114\"},\"breadcrumb\":{\"@id\":\"https:\\\/\\\/blog.erm.ee\\\/?p=12225#breadcrumb\"},\"inLanguage\":\"et\",\"potentialAction\":[{\"@type\":\"ReadAction\",\"target\":[\"https:\\\/\\\/blog.erm.ee\\\/?p=12225\"]}]},{\"@type\":\"ImageObject\",\"inLanguage\":\"et\",\"@id\":\"https:\\\/\\\/blog.erm.ee\\\/?p=12225#primaryimage\",\"url\":\"https:\\\/\\\/blog.erm.ee\\\/wp-content\\\/uploads\\\/2019\\\/01\\\/371903_ERM_Fk3024_255.jpg\",\"contentUrl\":\"https:\\\/\\\/blog.erm.ee\\\/wp-content\\\/uploads\\\/2019\\\/01\\\/371903_ERM_Fk3024_255.jpg\",\"width\":1600,\"height\":1067,\"caption\":\"Seltskond Pori k\u00f5rtsi trepil, keskel Oskar Kivisild. ERM Fk 3024:255\"},{\"@type\":\"BreadcrumbList\",\"@id\":\"https:\\\/\\\/blog.erm.ee\\\/?p=12225#breadcrumb\",\"itemListElement\":[{\"@type\":\"ListItem\",\"position\":1,\"name\":\"Home\",\"item\":\"https:\\\/\\\/blog.erm.ee\\\/\"},{\"@type\":\"ListItem\",\"position\":2,\"name\":\"T\u00e4iendus Eesti fotograafia ajalukku: T\u00e4\u00e4ksi fotograaf Oskar Kivisild (1901-1945)\"}]},{\"@type\":\"WebSite\",\"@id\":\"https:\\\/\\\/blog.erm.ee\\\/#website\",\"url\":\"https:\\\/\\\/blog.erm.ee\\\/\",\"name\":\"Eesti Rahva Muuseumi ajaveeb\",\"description\":\"\",\"potentialAction\":[{\"@type\":\"SearchAction\",\"target\":{\"@type\":\"EntryPoint\",\"urlTemplate\":\"https:\\\/\\\/blog.erm.ee\\\/?s={search_term_string}\"},\"query-input\":{\"@type\":\"PropertyValueSpecification\",\"valueRequired\":true,\"valueName\":\"search_term_string\"}}],\"inLanguage\":\"et\"},{\"@type\":\"Person\",\"@id\":\"https:\\\/\\\/blog.erm.ee\\\/#\\\/schema\\\/person\\\/6e98c391cb00a33e7c22a3571e062114\",\"name\":\"Eesti Rahva Muuseum\",\"image\":{\"@type\":\"ImageObject\",\"inLanguage\":\"et\",\"@id\":\"https:\\\/\\\/secure.gravatar.com\\\/avatar\\\/cb6d9ad5fb49f3f7315028ce5fe60641075f2cb52b8a058ff5a985fa2d8c1da0?s=96&d=mm&r=g\",\"url\":\"https:\\\/\\\/secure.gravatar.com\\\/avatar\\\/cb6d9ad5fb49f3f7315028ce5fe60641075f2cb52b8a058ff5a985fa2d8c1da0?s=96&d=mm&r=g\",\"contentUrl\":\"https:\\\/\\\/secure.gravatar.com\\\/avatar\\\/cb6d9ad5fb49f3f7315028ce5fe60641075f2cb52b8a058ff5a985fa2d8c1da0?s=96&d=mm&r=g\",\"caption\":\"Eesti Rahva Muuseum\"},\"sameAs\":[\"http:\\\/\\\/www.erm.ee\"],\"url\":\"https:\\\/\\\/blog.erm.ee\\\/?author=1\"}]}<\/script>\n<!-- \/ Yoast SEO plugin. -->","yoast_head_json":{"title":"T\u00e4iendus Eesti fotograafia ajalukku: T\u00e4\u00e4ksi fotograaf Oskar Kivisild (1901-1945) - Eesti Rahva Muuseumi ajaveeb","robots":{"index":"index","follow":"follow","max-snippet":"max-snippet:-1","max-image-preview":"max-image-preview:large","max-video-preview":"max-video-preview:-1"},"canonical":"https:\/\/blog.erm.ee\/?p=12225","og_locale":"et_EE","og_type":"article","og_title":"T\u00e4iendus Eesti fotograafia ajalukku: T\u00e4\u00e4ksi fotograaf Oskar Kivisild (1901-1945) - Eesti Rahva Muuseumi ajaveeb","og_description":"Tiina Tael, peaarhivaar ERM sai uude majja kolimise puhul healt s\u00f5bralt Eesti \u00dcli\u00f5pilaste Seltsilt kingituseks suure kastit\u00e4ie klaasnegatiive. Alguses oli info selle kohta napp: E\u00dcS oli need ostnud osta.ee keskkonnast ja pidavat vist olema seos T\u00e4\u00e4ksiga. Kuna Eestis on ikka nii, et \u201ekeegi teab kedagi, kes \u2026\u201c, siis meil ei tulnudki pikalt otsida, T\u00e4\u00e4ksi v\u00e4lit\u00f6\u00f6d&hellip;","og_url":"https:\/\/blog.erm.ee\/?p=12225","og_site_name":"Eesti Rahva Muuseumi ajaveeb","article_published_time":"2019-01-08T08:16:09+00:00","article_modified_time":"2019-01-08T08:31:01+00:00","og_image":[{"width":1600,"height":1067,"url":"https:\/\/blog.erm.ee\/wp-content\/uploads\/2019\/01\/371903_ERM_Fk3024_255.jpg","type":"image\/jpeg"}],"author":"Eesti Rahva Muuseum","twitter_card":"summary_large_image","twitter_misc":{"Written by":"Eesti Rahva Muuseum","Est. reading time":"4 minutit"},"schema":{"@context":"https:\/\/schema.org","@graph":[{"@type":"Article","@id":"https:\/\/blog.erm.ee\/?p=12225#article","isPartOf":{"@id":"https:\/\/blog.erm.ee\/?p=12225"},"author":{"name":"Eesti Rahva Muuseum","@id":"https:\/\/blog.erm.ee\/#\/schema\/person\/6e98c391cb00a33e7c22a3571e062114"},"headline":"T\u00e4iendus Eesti fotograafia ajalukku: T\u00e4\u00e4ksi fotograaf Oskar Kivisild (1901-1945)","datePublished":"2019-01-08T08:16:09+00:00","dateModified":"2019-01-08T08:31:01+00:00","mainEntityOfPage":{"@id":"https:\/\/blog.erm.ee\/?p=12225"},"wordCount":740,"commentCount":0,"image":{"@id":"https:\/\/blog.erm.ee\/?p=12225#primaryimage"},"thumbnailUrl":"https:\/\/blog.erm.ee\/wp-content\/uploads\/2019\/01\/371903_ERM_Fk3024_255.jpg","articleSection":["Foto"],"inLanguage":"et","potentialAction":[{"@type":"CommentAction","name":"Comment","target":["https:\/\/blog.erm.ee\/?p=12225#respond"]}]},{"@type":"WebPage","@id":"https:\/\/blog.erm.ee\/?p=12225","url":"https:\/\/blog.erm.ee\/?p=12225","name":"T\u00e4iendus Eesti fotograafia ajalukku: T\u00e4\u00e4ksi fotograaf Oskar Kivisild (1901-1945) - Eesti Rahva Muuseumi ajaveeb","isPartOf":{"@id":"https:\/\/blog.erm.ee\/#website"},"primaryImageOfPage":{"@id":"https:\/\/blog.erm.ee\/?p=12225#primaryimage"},"image":{"@id":"https:\/\/blog.erm.ee\/?p=12225#primaryimage"},"thumbnailUrl":"https:\/\/blog.erm.ee\/wp-content\/uploads\/2019\/01\/371903_ERM_Fk3024_255.jpg","datePublished":"2019-01-08T08:16:09+00:00","dateModified":"2019-01-08T08:31:01+00:00","author":{"@id":"https:\/\/blog.erm.ee\/#\/schema\/person\/6e98c391cb00a33e7c22a3571e062114"},"breadcrumb":{"@id":"https:\/\/blog.erm.ee\/?p=12225#breadcrumb"},"inLanguage":"et","potentialAction":[{"@type":"ReadAction","target":["https:\/\/blog.erm.ee\/?p=12225"]}]},{"@type":"ImageObject","inLanguage":"et","@id":"https:\/\/blog.erm.ee\/?p=12225#primaryimage","url":"https:\/\/blog.erm.ee\/wp-content\/uploads\/2019\/01\/371903_ERM_Fk3024_255.jpg","contentUrl":"https:\/\/blog.erm.ee\/wp-content\/uploads\/2019\/01\/371903_ERM_Fk3024_255.jpg","width":1600,"height":1067,"caption":"Seltskond Pori k\u00f5rtsi trepil, keskel Oskar Kivisild. ERM Fk 3024:255"},{"@type":"BreadcrumbList","@id":"https:\/\/blog.erm.ee\/?p=12225#breadcrumb","itemListElement":[{"@type":"ListItem","position":1,"name":"Home","item":"https:\/\/blog.erm.ee\/"},{"@type":"ListItem","position":2,"name":"T\u00e4iendus Eesti fotograafia ajalukku: T\u00e4\u00e4ksi fotograaf Oskar Kivisild (1901-1945)"}]},{"@type":"WebSite","@id":"https:\/\/blog.erm.ee\/#website","url":"https:\/\/blog.erm.ee\/","name":"Eesti Rahva Muuseumi ajaveeb","description":"","potentialAction":[{"@type":"SearchAction","target":{"@type":"EntryPoint","urlTemplate":"https:\/\/blog.erm.ee\/?s={search_term_string}"},"query-input":{"@type":"PropertyValueSpecification","valueRequired":true,"valueName":"search_term_string"}}],"inLanguage":"et"},{"@type":"Person","@id":"https:\/\/blog.erm.ee\/#\/schema\/person\/6e98c391cb00a33e7c22a3571e062114","name":"Eesti Rahva Muuseum","image":{"@type":"ImageObject","inLanguage":"et","@id":"https:\/\/secure.gravatar.com\/avatar\/cb6d9ad5fb49f3f7315028ce5fe60641075f2cb52b8a058ff5a985fa2d8c1da0?s=96&d=mm&r=g","url":"https:\/\/secure.gravatar.com\/avatar\/cb6d9ad5fb49f3f7315028ce5fe60641075f2cb52b8a058ff5a985fa2d8c1da0?s=96&d=mm&r=g","contentUrl":"https:\/\/secure.gravatar.com\/avatar\/cb6d9ad5fb49f3f7315028ce5fe60641075f2cb52b8a058ff5a985fa2d8c1da0?s=96&d=mm&r=g","caption":"Eesti Rahva Muuseum"},"sameAs":["http:\/\/www.erm.ee"],"url":"https:\/\/blog.erm.ee\/?author=1"}]}},"jetpack_featured_media_url":"https:\/\/blog.erm.ee\/wp-content\/uploads\/2019\/01\/371903_ERM_Fk3024_255.jpg","jetpack_shortlink":"https:\/\/wp.me\/p2l9Zd-3bb","jetpack_sharing_enabled":true,"jetpack_likes_enabled":true,"_links":{"self":[{"href":"https:\/\/blog.erm.ee\/index.php?rest_route=\/wp\/v2\/posts\/12225","targetHints":{"allow":["GET"]}}],"collection":[{"href":"https:\/\/blog.erm.ee\/index.php?rest_route=\/wp\/v2\/posts"}],"about":[{"href":"https:\/\/blog.erm.ee\/index.php?rest_route=\/wp\/v2\/types\/post"}],"author":[{"embeddable":true,"href":"https:\/\/blog.erm.ee\/index.php?rest_route=\/wp\/v2\/users\/1"}],"replies":[{"embeddable":true,"href":"https:\/\/blog.erm.ee\/index.php?rest_route=%2Fwp%2Fv2%2Fcomments&post=12225"}],"version-history":[{"count":3,"href":"https:\/\/blog.erm.ee\/index.php?rest_route=\/wp\/v2\/posts\/12225\/revisions"}],"predecessor-version":[{"id":12244,"href":"https:\/\/blog.erm.ee\/index.php?rest_route=\/wp\/v2\/posts\/12225\/revisions\/12244"}],"wp:featuredmedia":[{"embeddable":true,"href":"https:\/\/blog.erm.ee\/index.php?rest_route=\/wp\/v2\/media\/12226"}],"wp:attachment":[{"href":"https:\/\/blog.erm.ee\/index.php?rest_route=%2Fwp%2Fv2%2Fmedia&parent=12225"}],"wp:term":[{"taxonomy":"category","embeddable":true,"href":"https:\/\/blog.erm.ee\/index.php?rest_route=%2Fwp%2Fv2%2Fcategories&post=12225"},{"taxonomy":"post_tag","embeddable":true,"href":"https:\/\/blog.erm.ee\/index.php?rest_route=%2Fwp%2Fv2%2Ftags&post=12225"}],"curies":[{"name":"wp","href":"https:\/\/api.w.org\/{rel}","templated":true}]}}