{"id":1206,"date":"2013-01-04T14:37:45","date_gmt":"2013-01-04T12:37:45","guid":{"rendered":"http:\/\/blog.erm.ee\/?p=1206"},"modified":"2013-10-07T14:48:36","modified_gmt":"2013-10-07T12:48:36","slug":"kuu-kirjad-ermi-ajaveebis","status":"publish","type":"post","link":"https:\/\/blog.erm.ee\/?p=1206","title":{"rendered":"Kuu kirjad ERMi ajaveebis"},"content":{"rendered":"<div class=\"fcbkbttn_buttons_block\" id=\"fcbkbttn_left\"><div class=\"fcbkbttn_like \"><fb:like href=\"https:\/\/blog.erm.ee\/?p=1206\" action=\"like\" colorscheme=\"light\" layout=\"standard\"  width=\"225px\" size=\"small\"><\/fb:like><\/div><div class=\"fb-share-button  \" data-href=\"https:\/\/blog.erm.ee\/?p=1206\" data-type=\"button\" data-size=\"small\"><\/div><\/div><div>\n<p><strong>\u00a0<\/strong><em>Kristi \u00dctt, digitaal- ja eriarhiivi hoiuhaldur<\/em><\/p>\n<p>Eesti Rahva Muuseumi ajaveebis hakkab saabunud aasta igal kuul ilmuma \u00fcks kiri, mis on saadetud muuseumile 100 aastat tagasi. Kirjasaatjateks on inimesed, kes on tundnud huvi muuseumi olemuse ja tegevuse vastu, tahtnud n\u00f5u ja j\u00f5uga abiks olla, enda k\u00fcsimustele muuseumi abiga vastuseid saada v\u00f5i lihtsalt ilmaelu \u00fcle arutleda. Kes oli ja mida arvas Eesti Rahva Muuseumi kirjas\u00f5ber aastal 1913?<\/p>\n<p><strong>Kuu kiri nr 1 ehk 100 aastat tagasi jaanuaris<\/strong><\/p>\n<p>Jaanuarikuise kirja kirjutaja on p\u00f5llumees Joh. Robas Triigist (ka K\u00f5ue) Kose kihelkonnast. V\u00e4ga t\u00e4pseid eluloolisi andmeid on mehe kohta raske anda, sest kirja kirjutamise ajal elas Triigis Kose koguduse personaalraamatu <a title=\"\" href=\"#_edn1\">[1]<\/a> andmeil mitmeid samanimelisi isikuid, keda v\u00f5iks kirja autoriks pidada. Kahjuks ei ole ka muuseumi liikmete nimekirja [<a title=\"\" href=\"#_edn2\">2]<\/a> \u00fchtegi Robase-nimelist m\u00e4rgitud, et oleks v\u00f5imalik kirjutaja andmeid t\u00e4psustada. K\u00f5ige t\u00f5en\u00e4olisemalt v\u00f5ib tegu olla Johannes (Johan\/Juhan) Robasega, kes s\u00fcndinud 1874. a. Triigis Kose kihelkonnas. Tema 1896. aastal s\u00fcndinud ja t\u00e4iskasvanuna puusepaametit pidanud poeg, samuti Johannes, oli 1913. aastal alles poisiohtu ja arvestades kirja sisu ilmselt selle autor olla ei saaks. Triigi kooli kroonikaraamatu <a title=\"\" href=\"#_edn3\">[3]<\/a> andmeil valiti \u00fcks Joh. Robas ka 1926. aastal kooli hoolekogu esimeheks. Kes aga allj\u00e4rgneva p\u00f5neva kirja kirjutada v\u00f5is, m\u00f5elgu ja otsustagu lugeja juba ise.<\/p>\n<\/div>\n<p><a href=\"https:\/\/blog.erm.ee\/wp-content\/uploads\/2013\/01\/1764_5241.jpg\"><img loading=\"lazy\" decoding=\"async\" data-attachment-id=\"1211\" data-permalink=\"https:\/\/blog.erm.ee\/?attachment_id=1211#main\" data-orig-file=\"https:\/\/blog.erm.ee\/wp-content\/uploads\/2013\/01\/1764_5241.jpg\" data-orig-size=\"1024,657\" data-comments-opened=\"1\" data-image-meta=\"{&quot;aperture&quot;:&quot;0&quot;,&quot;credit&quot;:&quot;&quot;,&quot;camera&quot;:&quot;&quot;,&quot;caption&quot;:&quot;&quot;,&quot;created_timestamp&quot;:&quot;0&quot;,&quot;copyright&quot;:&quot;&quot;,&quot;focal_length&quot;:&quot;0&quot;,&quot;iso&quot;:&quot;0&quot;,&quot;shutter_speed&quot;:&quot;0&quot;,&quot;title&quot;:&quot;&quot;}\" data-image-title=\"1764_524\" data-image-description=\"\" data-image-caption=\"\" data-large-file=\"https:\/\/blog.erm.ee\/wp-content\/uploads\/2013\/01\/1764_5241.jpg\" class=\"aligncenter size-large wp-image-1211\" title=\"1764_524\" alt=\"\" src=\"https:\/\/blog.erm.ee\/wp-content\/uploads\/2013\/01\/1764_5241-1024x657.jpg\" width=\"584\" height=\"374\" \/><\/a><\/p>\n<p><em>ERM Fk 1764:524 Triigi valla k\u00f5rgem 6-klassiline kool, ehitatud 1905. aastal. Pildistatud 1921. aastal.<\/em><\/p>\n<p><em>Triigist 12. jaan 1913.<\/em><\/p>\n<p><em>K\u00f5rgesteaustatud Eestirahwa Muuseomiwalitsusele<\/em><\/p>\n<p><em>Talu detsembri kuu 12as numbris leidsin mina Teie \u00fcleskutse muuseommi liikmeks astuda. See Teie soow oleks \u00fcsna r\u00f5\u00f5mustaw olema, kuid soowiksin hea meelega teada saada, kuidas ja mismoodi mina w\u00f5iksin museommi toetada kui mina ka muuseommi liikmeks k\u00f5lbaks. Ja missuguste tingimustega Teie mind wastu w\u00f5taksite. Mina oma isiku kohta ei saa praegu mitte mingisuguseid dokumentisi Teile saata, kuid see mis mina Teile kirjutan see on k\u00f5ik mis mina praegusel korral teha w\u00f5in. Aga kui Teie mind liikmeks wastu w\u00f5tate ja minu isiku \u00fcle mingeid dokumentisi soowite, siis olen ka walmis neid Teie soowi peale saatma. Praegu olen mina p\u00f5llumees. Minu talu koht on Balti raudtee Raasiku jaamast 40 wersta hommiku pool. Kose kihelkonda \u2013 Aleksandri \u00fchendatud waldas Triigi kogukondas. Enne kui mina weel mitte p\u00f5llumees ei olnud, siis mina ostsin ka wanu rahasi ja wanu rinna ja kaela ehteid ja m\u00fc\u00fcsin neid j\u00e4lle suurema \u00e4ridelle edasi. Praegu aga ei ole mina enam 6el aastal niisuguse asjaga tegemist teinud. W\u00e4ga hea meelega hakaksin mina muuseumi liikmeks kui mina selleks peaksin k\u00f5lbama, ja kui Teie mind wastu w\u00f5tate ja kui ka tingimused niisugused on, et minul nendega w\u00f5imalust on hakata. Palun olge n\u00f5nda lahked ja wastake minule minu palwe peale kuidas Teie tingimused on.<\/em><\/p>\n<p><em>K\u00f5ige austusega Joh. Robas<\/em><\/p>\n<p><a href=\"https:\/\/blog.erm.ee\/wp-content\/uploads\/2013\/01\/ms0085.jpg\"><img loading=\"lazy\" decoding=\"async\" data-attachment-id=\"1212\" data-permalink=\"https:\/\/blog.erm.ee\/?attachment_id=1212#main\" data-orig-file=\"https:\/\/blog.erm.ee\/wp-content\/uploads\/2013\/01\/ms0085.jpg\" data-orig-size=\"800,384\" data-comments-opened=\"1\" data-image-meta=\"{&quot;aperture&quot;:&quot;0&quot;,&quot;credit&quot;:&quot;&quot;,&quot;camera&quot;:&quot;&quot;,&quot;caption&quot;:&quot;&quot;,&quot;created_timestamp&quot;:&quot;1234430037&quot;,&quot;copyright&quot;:&quot;Merylin Suve&quot;,&quot;focal_length&quot;:&quot;0&quot;,&quot;iso&quot;:&quot;0&quot;,&quot;shutter_speed&quot;:&quot;0&quot;,&quot;title&quot;:&quot;&quot;}\" data-image-title=\"ms0085\" data-image-description=\"\" data-image-caption=\"\" data-large-file=\"https:\/\/blog.erm.ee\/wp-content\/uploads\/2013\/01\/ms0085.jpg\" class=\"aligncenter size-full wp-image-1212\" title=\"ms0085\" alt=\"\" src=\"https:\/\/blog.erm.ee\/wp-content\/uploads\/2013\/01\/ms0085.jpg\" width=\"800\" height=\"384\" srcset=\"https:\/\/blog.erm.ee\/wp-content\/uploads\/2013\/01\/ms0085.jpg 800w, https:\/\/blog.erm.ee\/wp-content\/uploads\/2013\/01\/ms0085-460x220.jpg 460w, https:\/\/blog.erm.ee\/wp-content\/uploads\/2013\/01\/ms0085-300x144.jpg 300w\" sizes=\"auto, (max-width: 800px) 100vw, 800px\" \/><\/a><\/p>\n<p><em>Eesti Rahva Muuseumi liikmekaart 1912. aastast.<\/em><\/p>\n<p><em>Ka wanu ehitusi on meie pool weel m\u00f5nes kohas leida, niisama ka rahwariideid ja t\u00f6\u00f6 n\u00f5usid ja tarbe asju, kui ka s\u00f6\u00f6gi ja joogi n\u00f5usid. K\u00f5ige w\u00e4hem on magamise asemeid ja magamise riideid leida. Ja s\u00f5idu riistu ja tekisi on ka weel pisut olemas, niisama ka rehe peksu ja maa t\u00f6\u00f6 riistu. Kuid k\u00e4sit\u00f6\u00f6 n\u00f5usid olen mina ka meite kohas juhtunud n\u00e4gema. K\u00f5iki olemisi koku w\u00f5tes, pean \u00fctlema et mina enda poolt ika weel mitmed wanema ja keskaja asju w\u00f5iksin leida, kui neid weel tarwis peaks olema.<\/em><\/p>\n<p><em>Seesama Joh. Robas<a title=\"\" href=\"#_edn4\"><strong>[4]<\/strong><\/a><\/em><\/p>\n<p><a href=\"https:\/\/blog.erm.ee\/wp-content\/uploads\/2013\/01\/074299_ERM_Fk_530_18.jpg\"><img loading=\"lazy\" decoding=\"async\" data-attachment-id=\"1213\" data-permalink=\"https:\/\/blog.erm.ee\/?attachment_id=1213#main\" data-orig-file=\"https:\/\/blog.erm.ee\/wp-content\/uploads\/2013\/01\/074299_ERM_Fk_530_18.jpg\" data-orig-size=\"1200,854\" data-comments-opened=\"1\" data-image-meta=\"{&quot;aperture&quot;:&quot;0&quot;,&quot;credit&quot;:&quot;&quot;,&quot;camera&quot;:&quot;&quot;,&quot;caption&quot;:&quot;&quot;,&quot;created_timestamp&quot;:&quot;1318438570&quot;,&quot;copyright&quot;:&quot;&quot;,&quot;focal_length&quot;:&quot;0&quot;,&quot;iso&quot;:&quot;0&quot;,&quot;shutter_speed&quot;:&quot;0&quot;,&quot;title&quot;:&quot;&quot;}\" data-image-title=\"074299_ERM_Fk_530_18\" data-image-description=\"\" data-image-caption=\"\" data-large-file=\"https:\/\/blog.erm.ee\/wp-content\/uploads\/2013\/01\/074299_ERM_Fk_530_18-1024x728.jpg\" class=\"aligncenter size-large wp-image-1213\" title=\"074299_ERM_Fk_530_18\" alt=\"\" src=\"https:\/\/blog.erm.ee\/wp-content\/uploads\/2013\/01\/074299_ERM_Fk_530_18-1024x728.jpg\" width=\"584\" height=\"415\" srcset=\"https:\/\/blog.erm.ee\/wp-content\/uploads\/2013\/01\/074299_ERM_Fk_530_18-1024x728.jpg 1024w, https:\/\/blog.erm.ee\/wp-content\/uploads\/2013\/01\/074299_ERM_Fk_530_18-365x260.jpg 365w, https:\/\/blog.erm.ee\/wp-content\/uploads\/2013\/01\/074299_ERM_Fk_530_18-300x213.jpg 300w, https:\/\/blog.erm.ee\/wp-content\/uploads\/2013\/01\/074299_ERM_Fk_530_18.jpg 1200w\" sizes=\"auto, (max-width: 584px) 100vw, 584px\" \/><\/a><\/p>\n<p><em>ERM Fk 530:18 Kose kihelkonna vanavara, mille Gustav Vilbaste 1914. a. ERMile korjas. X-ga on m\u00e4rgitud r\u00e4tik, mille annetaja p\u00e4rast tagasi v\u00f5ttis. Foto: J. Tolmann Kosel.<\/em><\/p>\n<hr align=\"left\" size=\"1\" width=\"33%\" \/>\n<div>\n<div>\n<p>[1]\u00a0 EAA f 1215, n 1, s 134, l 121-123.<\/p>\n<p>[2]\u00a0 ERM A\u00a0 f 1, n 1, s 5.<\/p>\n<p>[3]\u00a0 Triigi 6 kl algkooli kroonikaraamat. <a href=\"http:\/\/triigikool.blogspot.com\">http:\/\/triigikool.blogspot.com<\/a>\u00a0 [03.01.2013]<\/p>\n<p>[4] \u00a0ERM A\u00a0 f 1, n 1, s 36. Kiri on avaldatud muutmata kujul, vana kirjaviis on normeerimata.<\/p>\n<\/div>\n<div>\n<p>&nbsp;<\/p>\n<p>&nbsp;<\/p>\n<\/div>\n<\/div>\n<div class=\"fcbkbttn_buttons_block\" id=\"fcbkbttn_left\"><div class=\"fcbkbttn_like \"><fb:like href=\"https:\/\/blog.erm.ee\/?p=1206\" action=\"like\" colorscheme=\"light\" layout=\"standard\"  width=\"225px\" size=\"small\"><\/fb:like><\/div><div class=\"fb-share-button  \" data-href=\"https:\/\/blog.erm.ee\/?p=1206\" data-type=\"button\" data-size=\"small\"><\/div><\/div>","protected":false},"excerpt":{"rendered":"<p>\u00a0Kristi \u00dctt, digitaal- ja eriarhiivi hoiuhaldur Eesti Rahva Muuseumi ajaveebis hakkab saabunud aasta igal kuul ilmuma \u00fcks kiri, mis on saadetud muuseumile 100 aastat tagasi. Kirjasaatjateks on inimesed, kes on tundnud huvi muuseumi olemuse ja tegevuse vastu, tahtnud n\u00f5u ja j\u00f5uga abiks olla, enda k\u00fcsimustele muuseumi abiga vastuseid saada v\u00f5i lihtsalt ilmaelu \u00fcle arutleda. Kes&hellip;<\/p>\n","protected":false},"author":1,"featured_media":1213,"comment_status":"open","ping_status":"open","sticky":false,"template":"","format":"standard","meta":{"_monsterinsights_skip_tracking":false,"_monsterinsights_sitenote_active":false,"_monsterinsights_sitenote_note":"","_monsterinsights_sitenote_category":0,"jetpack_post_was_ever_published":false,"_jetpack_newsletter_access":"","_jetpack_dont_email_post_to_subs":false,"_jetpack_newsletter_tier_id":0,"_jetpack_memberships_contains_paywalled_content":false,"_jetpack_memberships_contains_paid_content":false,"footnotes":""},"categories":[5],"tags":[],"class_list":["post-1206","post","type-post","status-publish","format-standard","has-post-thumbnail","hentry","category-museaal"],"yoast_head":"<!-- This site is optimized with the Yoast SEO plugin v27.5 - https:\/\/yoast.com\/product\/yoast-seo-wordpress\/ -->\n<title>Kuu kirjad ERMi ajaveebis - Eesti Rahva Muuseumi ajaveeb<\/title>\n<meta name=\"robots\" content=\"index, follow, max-snippet:-1, max-image-preview:large, max-video-preview:-1\" \/>\n<link rel=\"canonical\" href=\"https:\/\/blog.erm.ee\/?p=1206\" \/>\n<meta property=\"og:locale\" content=\"et_EE\" \/>\n<meta property=\"og:type\" content=\"article\" \/>\n<meta property=\"og:title\" content=\"Kuu kirjad ERMi ajaveebis - Eesti Rahva Muuseumi ajaveeb\" \/>\n<meta property=\"og:description\" content=\"\u00a0Kristi \u00dctt, digitaal- ja eriarhiivi hoiuhaldur Eesti Rahva Muuseumi ajaveebis hakkab saabunud aasta igal kuul ilmuma \u00fcks kiri, mis on saadetud muuseumile 100 aastat tagasi. Kirjasaatjateks on inimesed, kes on tundnud huvi muuseumi olemuse ja tegevuse vastu, tahtnud n\u00f5u ja j\u00f5uga abiks olla, enda k\u00fcsimustele muuseumi abiga vastuseid saada v\u00f5i lihtsalt ilmaelu \u00fcle arutleda. Kes&hellip;\" \/>\n<meta property=\"og:url\" content=\"https:\/\/blog.erm.ee\/?p=1206\" \/>\n<meta property=\"og:site_name\" content=\"Eesti Rahva Muuseumi ajaveeb\" \/>\n<meta property=\"article:published_time\" content=\"2013-01-04T12:37:45+00:00\" \/>\n<meta property=\"article:modified_time\" content=\"2013-10-07T12:48:36+00:00\" \/>\n<meta property=\"og:image\" content=\"https:\/\/blog.erm.ee\/wp-content\/uploads\/2013\/01\/074299_ERM_Fk_530_18.jpg\" \/>\n\t<meta property=\"og:image:width\" content=\"1200\" \/>\n\t<meta property=\"og:image:height\" content=\"854\" \/>\n\t<meta property=\"og:image:type\" content=\"image\/jpeg\" \/>\n<meta name=\"author\" content=\"Eesti Rahva Muuseum\" \/>\n<meta name=\"twitter:card\" content=\"summary_large_image\" \/>\n<meta name=\"twitter:label1\" content=\"Written by\" \/>\n\t<meta name=\"twitter:data1\" content=\"Eesti Rahva Muuseum\" \/>\n\t<meta name=\"twitter:label2\" content=\"Est. reading time\" \/>\n\t<meta name=\"twitter:data2\" content=\"3 minutit\" \/>\n<script type=\"application\/ld+json\" class=\"yoast-schema-graph\">{\"@context\":\"https:\\\/\\\/schema.org\",\"@graph\":[{\"@type\":\"Article\",\"@id\":\"https:\\\/\\\/blog.erm.ee\\\/?p=1206#article\",\"isPartOf\":{\"@id\":\"https:\\\/\\\/blog.erm.ee\\\/?p=1206\"},\"author\":{\"name\":\"Eesti Rahva Muuseum\",\"@id\":\"https:\\\/\\\/blog.erm.ee\\\/#\\\/schema\\\/person\\\/6e98c391cb00a33e7c22a3571e062114\"},\"headline\":\"Kuu kirjad ERMi ajaveebis\",\"datePublished\":\"2013-01-04T12:37:45+00:00\",\"dateModified\":\"2013-10-07T12:48:36+00:00\",\"mainEntityOfPage\":{\"@id\":\"https:\\\/\\\/blog.erm.ee\\\/?p=1206\"},\"wordCount\":628,\"commentCount\":0,\"image\":{\"@id\":\"https:\\\/\\\/blog.erm.ee\\\/?p=1206#primaryimage\"},\"thumbnailUrl\":\"https:\\\/\\\/blog.erm.ee\\\/wp-content\\\/uploads\\\/2013\\\/01\\\/074299_ERM_Fk_530_18.jpg\",\"articleSection\":[\"Museaal\"],\"inLanguage\":\"et\",\"potentialAction\":[{\"@type\":\"CommentAction\",\"name\":\"Comment\",\"target\":[\"https:\\\/\\\/blog.erm.ee\\\/?p=1206#respond\"]}]},{\"@type\":\"WebPage\",\"@id\":\"https:\\\/\\\/blog.erm.ee\\\/?p=1206\",\"url\":\"https:\\\/\\\/blog.erm.ee\\\/?p=1206\",\"name\":\"Kuu kirjad ERMi ajaveebis - Eesti Rahva Muuseumi ajaveeb\",\"isPartOf\":{\"@id\":\"https:\\\/\\\/blog.erm.ee\\\/#website\"},\"primaryImageOfPage\":{\"@id\":\"https:\\\/\\\/blog.erm.ee\\\/?p=1206#primaryimage\"},\"image\":{\"@id\":\"https:\\\/\\\/blog.erm.ee\\\/?p=1206#primaryimage\"},\"thumbnailUrl\":\"https:\\\/\\\/blog.erm.ee\\\/wp-content\\\/uploads\\\/2013\\\/01\\\/074299_ERM_Fk_530_18.jpg\",\"datePublished\":\"2013-01-04T12:37:45+00:00\",\"dateModified\":\"2013-10-07T12:48:36+00:00\",\"author\":{\"@id\":\"https:\\\/\\\/blog.erm.ee\\\/#\\\/schema\\\/person\\\/6e98c391cb00a33e7c22a3571e062114\"},\"breadcrumb\":{\"@id\":\"https:\\\/\\\/blog.erm.ee\\\/?p=1206#breadcrumb\"},\"inLanguage\":\"et\",\"potentialAction\":[{\"@type\":\"ReadAction\",\"target\":[\"https:\\\/\\\/blog.erm.ee\\\/?p=1206\"]}]},{\"@type\":\"ImageObject\",\"inLanguage\":\"et\",\"@id\":\"https:\\\/\\\/blog.erm.ee\\\/?p=1206#primaryimage\",\"url\":\"https:\\\/\\\/blog.erm.ee\\\/wp-content\\\/uploads\\\/2013\\\/01\\\/074299_ERM_Fk_530_18.jpg\",\"contentUrl\":\"https:\\\/\\\/blog.erm.ee\\\/wp-content\\\/uploads\\\/2013\\\/01\\\/074299_ERM_Fk_530_18.jpg\",\"width\":1200,\"height\":854},{\"@type\":\"BreadcrumbList\",\"@id\":\"https:\\\/\\\/blog.erm.ee\\\/?p=1206#breadcrumb\",\"itemListElement\":[{\"@type\":\"ListItem\",\"position\":1,\"name\":\"Home\",\"item\":\"https:\\\/\\\/blog.erm.ee\\\/\"},{\"@type\":\"ListItem\",\"position\":2,\"name\":\"Kuu kirjad ERMi ajaveebis\"}]},{\"@type\":\"WebSite\",\"@id\":\"https:\\\/\\\/blog.erm.ee\\\/#website\",\"url\":\"https:\\\/\\\/blog.erm.ee\\\/\",\"name\":\"Eesti Rahva Muuseumi ajaveeb\",\"description\":\"\",\"potentialAction\":[{\"@type\":\"SearchAction\",\"target\":{\"@type\":\"EntryPoint\",\"urlTemplate\":\"https:\\\/\\\/blog.erm.ee\\\/?s={search_term_string}\"},\"query-input\":{\"@type\":\"PropertyValueSpecification\",\"valueRequired\":true,\"valueName\":\"search_term_string\"}}],\"inLanguage\":\"et\"},{\"@type\":\"Person\",\"@id\":\"https:\\\/\\\/blog.erm.ee\\\/#\\\/schema\\\/person\\\/6e98c391cb00a33e7c22a3571e062114\",\"name\":\"Eesti Rahva Muuseum\",\"image\":{\"@type\":\"ImageObject\",\"inLanguage\":\"et\",\"@id\":\"https:\\\/\\\/secure.gravatar.com\\\/avatar\\\/cb6d9ad5fb49f3f7315028ce5fe60641075f2cb52b8a058ff5a985fa2d8c1da0?s=96&d=mm&r=g\",\"url\":\"https:\\\/\\\/secure.gravatar.com\\\/avatar\\\/cb6d9ad5fb49f3f7315028ce5fe60641075f2cb52b8a058ff5a985fa2d8c1da0?s=96&d=mm&r=g\",\"contentUrl\":\"https:\\\/\\\/secure.gravatar.com\\\/avatar\\\/cb6d9ad5fb49f3f7315028ce5fe60641075f2cb52b8a058ff5a985fa2d8c1da0?s=96&d=mm&r=g\",\"caption\":\"Eesti Rahva Muuseum\"},\"sameAs\":[\"http:\\\/\\\/www.erm.ee\"],\"url\":\"https:\\\/\\\/blog.erm.ee\\\/?author=1\"}]}<\/script>\n<!-- \/ Yoast SEO plugin. -->","yoast_head_json":{"title":"Kuu kirjad ERMi ajaveebis - Eesti Rahva Muuseumi ajaveeb","robots":{"index":"index","follow":"follow","max-snippet":"max-snippet:-1","max-image-preview":"max-image-preview:large","max-video-preview":"max-video-preview:-1"},"canonical":"https:\/\/blog.erm.ee\/?p=1206","og_locale":"et_EE","og_type":"article","og_title":"Kuu kirjad ERMi ajaveebis - Eesti Rahva Muuseumi ajaveeb","og_description":"\u00a0Kristi \u00dctt, digitaal- ja eriarhiivi hoiuhaldur Eesti Rahva Muuseumi ajaveebis hakkab saabunud aasta igal kuul ilmuma \u00fcks kiri, mis on saadetud muuseumile 100 aastat tagasi. Kirjasaatjateks on inimesed, kes on tundnud huvi muuseumi olemuse ja tegevuse vastu, tahtnud n\u00f5u ja j\u00f5uga abiks olla, enda k\u00fcsimustele muuseumi abiga vastuseid saada v\u00f5i lihtsalt ilmaelu \u00fcle arutleda. Kes&hellip;","og_url":"https:\/\/blog.erm.ee\/?p=1206","og_site_name":"Eesti Rahva Muuseumi ajaveeb","article_published_time":"2013-01-04T12:37:45+00:00","article_modified_time":"2013-10-07T12:48:36+00:00","og_image":[{"width":1200,"height":854,"url":"https:\/\/blog.erm.ee\/wp-content\/uploads\/2013\/01\/074299_ERM_Fk_530_18.jpg","type":"image\/jpeg"}],"author":"Eesti Rahva Muuseum","twitter_card":"summary_large_image","twitter_misc":{"Written by":"Eesti Rahva Muuseum","Est. reading time":"3 minutit"},"schema":{"@context":"https:\/\/schema.org","@graph":[{"@type":"Article","@id":"https:\/\/blog.erm.ee\/?p=1206#article","isPartOf":{"@id":"https:\/\/blog.erm.ee\/?p=1206"},"author":{"name":"Eesti Rahva Muuseum","@id":"https:\/\/blog.erm.ee\/#\/schema\/person\/6e98c391cb00a33e7c22a3571e062114"},"headline":"Kuu kirjad ERMi ajaveebis","datePublished":"2013-01-04T12:37:45+00:00","dateModified":"2013-10-07T12:48:36+00:00","mainEntityOfPage":{"@id":"https:\/\/blog.erm.ee\/?p=1206"},"wordCount":628,"commentCount":0,"image":{"@id":"https:\/\/blog.erm.ee\/?p=1206#primaryimage"},"thumbnailUrl":"https:\/\/blog.erm.ee\/wp-content\/uploads\/2013\/01\/074299_ERM_Fk_530_18.jpg","articleSection":["Museaal"],"inLanguage":"et","potentialAction":[{"@type":"CommentAction","name":"Comment","target":["https:\/\/blog.erm.ee\/?p=1206#respond"]}]},{"@type":"WebPage","@id":"https:\/\/blog.erm.ee\/?p=1206","url":"https:\/\/blog.erm.ee\/?p=1206","name":"Kuu kirjad ERMi ajaveebis - Eesti Rahva Muuseumi ajaveeb","isPartOf":{"@id":"https:\/\/blog.erm.ee\/#website"},"primaryImageOfPage":{"@id":"https:\/\/blog.erm.ee\/?p=1206#primaryimage"},"image":{"@id":"https:\/\/blog.erm.ee\/?p=1206#primaryimage"},"thumbnailUrl":"https:\/\/blog.erm.ee\/wp-content\/uploads\/2013\/01\/074299_ERM_Fk_530_18.jpg","datePublished":"2013-01-04T12:37:45+00:00","dateModified":"2013-10-07T12:48:36+00:00","author":{"@id":"https:\/\/blog.erm.ee\/#\/schema\/person\/6e98c391cb00a33e7c22a3571e062114"},"breadcrumb":{"@id":"https:\/\/blog.erm.ee\/?p=1206#breadcrumb"},"inLanguage":"et","potentialAction":[{"@type":"ReadAction","target":["https:\/\/blog.erm.ee\/?p=1206"]}]},{"@type":"ImageObject","inLanguage":"et","@id":"https:\/\/blog.erm.ee\/?p=1206#primaryimage","url":"https:\/\/blog.erm.ee\/wp-content\/uploads\/2013\/01\/074299_ERM_Fk_530_18.jpg","contentUrl":"https:\/\/blog.erm.ee\/wp-content\/uploads\/2013\/01\/074299_ERM_Fk_530_18.jpg","width":1200,"height":854},{"@type":"BreadcrumbList","@id":"https:\/\/blog.erm.ee\/?p=1206#breadcrumb","itemListElement":[{"@type":"ListItem","position":1,"name":"Home","item":"https:\/\/blog.erm.ee\/"},{"@type":"ListItem","position":2,"name":"Kuu kirjad ERMi ajaveebis"}]},{"@type":"WebSite","@id":"https:\/\/blog.erm.ee\/#website","url":"https:\/\/blog.erm.ee\/","name":"Eesti Rahva Muuseumi ajaveeb","description":"","potentialAction":[{"@type":"SearchAction","target":{"@type":"EntryPoint","urlTemplate":"https:\/\/blog.erm.ee\/?s={search_term_string}"},"query-input":{"@type":"PropertyValueSpecification","valueRequired":true,"valueName":"search_term_string"}}],"inLanguage":"et"},{"@type":"Person","@id":"https:\/\/blog.erm.ee\/#\/schema\/person\/6e98c391cb00a33e7c22a3571e062114","name":"Eesti Rahva Muuseum","image":{"@type":"ImageObject","inLanguage":"et","@id":"https:\/\/secure.gravatar.com\/avatar\/cb6d9ad5fb49f3f7315028ce5fe60641075f2cb52b8a058ff5a985fa2d8c1da0?s=96&d=mm&r=g","url":"https:\/\/secure.gravatar.com\/avatar\/cb6d9ad5fb49f3f7315028ce5fe60641075f2cb52b8a058ff5a985fa2d8c1da0?s=96&d=mm&r=g","contentUrl":"https:\/\/secure.gravatar.com\/avatar\/cb6d9ad5fb49f3f7315028ce5fe60641075f2cb52b8a058ff5a985fa2d8c1da0?s=96&d=mm&r=g","caption":"Eesti Rahva Muuseum"},"sameAs":["http:\/\/www.erm.ee"],"url":"https:\/\/blog.erm.ee\/?author=1"}]}},"jetpack_featured_media_url":"https:\/\/blog.erm.ee\/wp-content\/uploads\/2013\/01\/074299_ERM_Fk_530_18.jpg","jetpack_shortlink":"https:\/\/wp.me\/p2l9Zd-js","jetpack_sharing_enabled":true,"jetpack_likes_enabled":true,"_links":{"self":[{"href":"https:\/\/blog.erm.ee\/index.php?rest_route=\/wp\/v2\/posts\/1206","targetHints":{"allow":["GET"]}}],"collection":[{"href":"https:\/\/blog.erm.ee\/index.php?rest_route=\/wp\/v2\/posts"}],"about":[{"href":"https:\/\/blog.erm.ee\/index.php?rest_route=\/wp\/v2\/types\/post"}],"author":[{"embeddable":true,"href":"https:\/\/blog.erm.ee\/index.php?rest_route=\/wp\/v2\/users\/1"}],"replies":[{"embeddable":true,"href":"https:\/\/blog.erm.ee\/index.php?rest_route=%2Fwp%2Fv2%2Fcomments&post=1206"}],"version-history":[{"count":8,"href":"https:\/\/blog.erm.ee\/index.php?rest_route=\/wp\/v2\/posts\/1206\/revisions"}],"predecessor-version":[{"id":2919,"href":"https:\/\/blog.erm.ee\/index.php?rest_route=\/wp\/v2\/posts\/1206\/revisions\/2919"}],"wp:featuredmedia":[{"embeddable":true,"href":"https:\/\/blog.erm.ee\/index.php?rest_route=\/wp\/v2\/media\/1213"}],"wp:attachment":[{"href":"https:\/\/blog.erm.ee\/index.php?rest_route=%2Fwp%2Fv2%2Fmedia&parent=1206"}],"wp:term":[{"taxonomy":"category","embeddable":true,"href":"https:\/\/blog.erm.ee\/index.php?rest_route=%2Fwp%2Fv2%2Fcategories&post=1206"},{"taxonomy":"post_tag","embeddable":true,"href":"https:\/\/blog.erm.ee\/index.php?rest_route=%2Fwp%2Fv2%2Ftags&post=1206"}],"curies":[{"name":"wp","href":"https:\/\/api.w.org\/{rel}","templated":true}]}}