{"id":12024,"date":"2018-11-20T18:40:07","date_gmt":"2018-11-20T16:40:07","guid":{"rendered":"https:\/\/blog.erm.ee\/?p=12024"},"modified":"2018-11-20T18:48:18","modified_gmt":"2018-11-20T16:48:18","slug":"ford-sierra-90ndate-sierrari","status":"publish","type":"post","link":"https:\/\/blog.erm.ee\/?p=12024","title":{"rendered":"Ford Sierra \u2013 90ndate Sierrari"},"content":{"rendered":"<div class=\"fcbkbttn_buttons_block\" id=\"fcbkbttn_left\"><div class=\"fcbkbttn_like \"><fb:like href=\"https:\/\/blog.erm.ee\/?p=12024\" action=\"like\" colorscheme=\"light\" layout=\"standard\"  width=\"225px\" size=\"small\"><\/fb:like><\/div><div class=\"fb-share-button  \" data-href=\"https:\/\/blog.erm.ee\/?p=12024\" data-type=\"button\" data-size=\"small\"><\/div><\/div><p style=\"text-align: justify;\"><em>Maarja Vaikmaa, ERMi sisuturunduse spetsialist<\/em><br \/>\n<em>Kaire Mets, Tartu Kutsehariduskeskuse turundusjuht<\/em><\/p>\n<p style=\"text-align: justify;\">ERMi n\u00e4itusel \u201eIse tehtud Eesti\u201c, vahetuvate n\u00e4ituste saali keskel ilutseb 90ndate aastate rahvaauto Ford Sierra \u2013 helesinine nagu iga tollel k\u00fcmnendil elanud eestlase unistuski temast. N\u00e4itusel saab Sierrasse nii sisse istuda, pagassi piiluda, pahvaku Wunderbaumi-l\u00f5hna sisse\u00a0t\u00f5mmata kui ka ajastumuusikat kuulata.<\/p>\n<p style=\"text-align: justify;\">Aga kuidagi pidi see Sierra ju ka n\u00e4itusesaali saama?! Siin rullub lahti tema eksponaadiks saamise lugu.<\/p>\n<h3 style=\"text-align: justify;\">\u00dcks Ford Sierra, palun!<\/h3>\n<p style=\"text-align: justify;\">T\u00e4navu juulikuus s\u00f5itsid ERMi n\u00e4ituste juht Kristjan Raba ja 90ndate n\u00e4ituse produtsent K\u00fclli Lupkin Virumaale, et sealt tagasi tulla Ford Sierraga, mis oleks uuel n\u00e4itusel t\u00e4piks \u201ei\u201c peal. 70kilomeetrise tunnikiiruse ning vahepeatustega tanklas, burksiputkas, isamaaliste heinapallide juures ja rehvit\u00f6\u00f6kojas j\u00f5udis kunagi Raadi autoturult ostetud Sierra taas oma vanasse koju Tartu linnaservas.<\/p>\n<div id=\"attachment_12032\" style=\"width: 1210px\" class=\"wp-caption aligncenter\"><img loading=\"lazy\" decoding=\"async\" aria-describedby=\"caption-attachment-12032\" data-attachment-id=\"12032\" data-permalink=\"https:\/\/blog.erm.ee\/?attachment_id=12032#main\" data-orig-file=\"https:\/\/blog.erm.ee\/wp-content\/uploads\/2018\/11\/DSC00055-e1542729872397.jpg\" data-orig-size=\"1200,1691\" data-comments-opened=\"1\" data-image-meta=\"{&quot;aperture&quot;:&quot;3.5&quot;,&quot;credit&quot;:&quot;&quot;,&quot;camera&quot;:&quot;DSC-RX100M5&quot;,&quot;caption&quot;:&quot;&quot;,&quot;created_timestamp&quot;:&quot;1532091086&quot;,&quot;copyright&quot;:&quot;&quot;,&quot;focal_length&quot;:&quot;8.8&quot;,&quot;iso&quot;:&quot;125&quot;,&quot;shutter_speed&quot;:&quot;0.0125&quot;,&quot;title&quot;:&quot;&quot;,&quot;orientation&quot;:&quot;1&quot;}\" data-image-title=\"DSC00055\" data-image-description=\"\" data-image-caption=\"\" data-large-file=\"https:\/\/blog.erm.ee\/wp-content\/uploads\/2018\/11\/DSC00055-727x1024.jpg\" class=\"wp-image-12032 size-full\" src=\"https:\/\/blog.erm.ee\/wp-content\/uploads\/2018\/11\/DSC00055-e1542729872397.jpg\" alt=\"\" width=\"1200\" height=\"1691\" \/><p id=\"caption-attachment-12032\" class=\"wp-caption-text\">Tunnistus sellest, et Sierra on ostetud Raadi autoturult. Foto: ERM<\/p><\/div>\n<div id=\"attachment_12033\" style=\"width: 1210px\" class=\"wp-caption aligncenter\"><img loading=\"lazy\" decoding=\"async\" aria-describedby=\"caption-attachment-12033\" data-attachment-id=\"12033\" data-permalink=\"https:\/\/blog.erm.ee\/?attachment_id=12033#main\" data-orig-file=\"https:\/\/blog.erm.ee\/wp-content\/uploads\/2018\/11\/IMG_0327-e1542729882121.jpg\" data-orig-size=\"1200,800\" data-comments-opened=\"1\" data-image-meta=\"{&quot;aperture&quot;:&quot;8&quot;,&quot;credit&quot;:&quot;&quot;,&quot;camera&quot;:&quot;Canon EOS 550D&quot;,&quot;caption&quot;:&quot;&quot;,&quot;created_timestamp&quot;:&quot;1532024893&quot;,&quot;copyright&quot;:&quot;&quot;,&quot;focal_length&quot;:&quot;55&quot;,&quot;iso&quot;:&quot;100&quot;,&quot;shutter_speed&quot;:&quot;0.005&quot;,&quot;title&quot;:&quot;&quot;,&quot;orientation&quot;:&quot;1&quot;}\" data-image-title=\"IMG_0327\" data-image-description=\"\" data-image-caption=\"&lt;p&gt;Peatus, taamal heinapallid. Foto: Kristjan Raba&lt;\/p&gt;\n\" data-large-file=\"https:\/\/blog.erm.ee\/wp-content\/uploads\/2018\/11\/IMG_0327-1024x683.jpg\" class=\"size-full wp-image-12033\" src=\"https:\/\/blog.erm.ee\/wp-content\/uploads\/2018\/11\/IMG_0327-e1542729882121.jpg\" alt=\"\" width=\"1200\" height=\"800\" \/><p id=\"caption-attachment-12033\" class=\"wp-caption-text\">Peatus, taamal heinapallid. Foto: Kristjan Raba (ERM)<\/p><\/div>\n<div id=\"attachment_12034\" style=\"width: 1210px\" class=\"wp-caption aligncenter\"><img loading=\"lazy\" decoding=\"async\" aria-describedby=\"caption-attachment-12034\" data-attachment-id=\"12034\" data-permalink=\"https:\/\/blog.erm.ee\/?attachment_id=12034#main\" data-orig-file=\"https:\/\/blog.erm.ee\/wp-content\/uploads\/2018\/11\/IMG_0340_nrga-e1542729892403.jpg\" data-orig-size=\"1200,800\" data-comments-opened=\"1\" data-image-meta=\"{&quot;aperture&quot;:&quot;0&quot;,&quot;credit&quot;:&quot;&quot;,&quot;camera&quot;:&quot;&quot;,&quot;caption&quot;:&quot;&quot;,&quot;created_timestamp&quot;:&quot;0&quot;,&quot;copyright&quot;:&quot;&quot;,&quot;focal_length&quot;:&quot;0&quot;,&quot;iso&quot;:&quot;0&quot;,&quot;shutter_speed&quot;:&quot;0&quot;,&quot;title&quot;:&quot;&quot;,&quot;orientation&quot;:&quot;0&quot;}\" data-image-title=\"IMG_0340_nrga\" data-image-description=\"\" data-image-caption=\"\" data-large-file=\"https:\/\/blog.erm.ee\/wp-content\/uploads\/2018\/11\/IMG_0340_nrga-1024x683.jpg\" class=\"wp-image-12034 size-full\" src=\"https:\/\/blog.erm.ee\/wp-content\/uploads\/2018\/11\/IMG_0340_nrga-e1542729892403.jpg\" alt=\"\" width=\"1200\" height=\"800\" \/><p id=\"caption-attachment-12034\" class=\"wp-caption-text\">Projektijuht ja n\u00e4ituse produtsent K\u00fclli Lupkin ning n\u00e4ituste juht Kristjan Raba. Foto: Agnes Aljas (ERM)<\/p><\/div>\n<p>&nbsp;<\/p>\n<p style=\"text-align: justify;\">Kuigi Sierra oli v\u00e4ga h\u00e4sti s\u00e4ilinud, pidi ta siiski l\u00e4bima v\u00e4rskenduskuuri, et saada t\u00e4isv\u00e4\u00e4rtuslikuks muuseumieksponaadiks. ERM l\u00f5i k\u00e4ed Tartu kutsehariduskeskusega, kuhu auto ilu- ja elektrit\u00f6\u00f6deks viidi. Iga s\u00f5it Sierraga on aga seiklus!<\/p>\n<p>&nbsp;<\/p>\n<div style=\"width: 700px;\" class=\"wp-video\"><video class=\"wp-video-shortcode\" id=\"video-12024-1\" width=\"700\" height=\"394\" preload=\"metadata\" controls=\"controls\"><source type=\"video\/mp4\" src=\"https:\/\/blog.erm.ee\/wp-content\/uploads\/2018\/11\/Sierra_osa-1_.mp4?_=1\" \/><a href=\"https:\/\/blog.erm.ee\/wp-content\/uploads\/2018\/11\/Sierra_osa-1_.mp4\">https:\/\/blog.erm.ee\/wp-content\/uploads\/2018\/11\/Sierra_osa-1_.mp4<\/a><\/video><\/div>\n<h3><\/h3>\n<h3 style=\"text-align: justify;\">Uus tuulepluus ehk vuntsimist\u00f6\u00f6de logi<\/h3>\n<p style=\"text-align: justify;\"><strong>7. september 2018<\/strong><\/p>\n<p style=\"text-align: justify;\">Kui peatselt ERMi eksponaadiks saav Ford Sierra autot\u00f6\u00f6stuse uksest v\u00e4lja vuras, polnud Tartu kutsehariduskeskuse automaalri erialal \u00f5ppivad Alver Noorm\u00e4gi ja Venno Sellak veel s\u00fcndinudki. Aga ometi nende teed ristusid, sest poistel on k\u00e4sil omaaegse kultusauto n\u00e4itusek\u00f5lbulikuks vuntsimine enne, kui see ERMi 90ndate aastate elu-olu tutvustaval n\u00e4itusel \u201eIse tehtud Eesti\u201c koha sisse saab v\u00f5tta.<\/p>\n<p style=\"text-align: justify;\">\u201eJuhipoolsel k\u00fcljel olid silman\u00e4htavad augud, lahtine rooste ja pahtlit\u00fckid, need lihvisime maha ja remontisime,\u201c selgitas Alver sellal, kui Venno autokeret paberi ja kilega kattis. Edasi tuleb v\u00e4rvitavad osad kruntida, siis l\u00e4heb peale kivikaitse ja siis l\u00e4heb auto v\u00e4rvikambrisse v\u00e4rvimisele, selgitasid poisid t\u00f6\u00f6de k\u00e4iku.<\/p>\n<p style=\"text-align: justify;\"><img loading=\"lazy\" decoding=\"async\" data-attachment-id=\"12025\" data-permalink=\"https:\/\/blog.erm.ee\/?attachment_id=12025#main\" data-orig-file=\"https:\/\/blog.erm.ee\/wp-content\/uploads\/2018\/11\/IMG_3733-1-modified-e1542728359315.jpg\" data-orig-size=\"1200,900\" data-comments-opened=\"1\" data-image-meta=\"{&quot;aperture&quot;:&quot;2.4&quot;,&quot;credit&quot;:&quot;&quot;,&quot;camera&quot;:&quot;iPhone 5&quot;,&quot;caption&quot;:&quot;&quot;,&quot;created_timestamp&quot;:&quot;1536239742&quot;,&quot;copyright&quot;:&quot;&quot;,&quot;focal_length&quot;:&quot;4.12&quot;,&quot;iso&quot;:&quot;50&quot;,&quot;shutter_speed&quot;:&quot;0.0416666666667&quot;,&quot;title&quot;:&quot;&quot;,&quot;orientation&quot;:&quot;1&quot;}\" data-image-title=\"IMG_3733 (1)-modified\" data-image-description=\"\" data-image-caption=\"\" data-large-file=\"https:\/\/blog.erm.ee\/wp-content\/uploads\/2018\/11\/IMG_3733-1-modified-1024x768.jpg\" class=\"aligncenter size-full wp-image-12025\" src=\"https:\/\/blog.erm.ee\/wp-content\/uploads\/2018\/11\/IMG_3733-1-modified-e1542728359315.jpg\" alt=\"\" width=\"1200\" height=\"900\" \/><\/p>\n<p style=\"text-align: justify;\"><strong>10. september 2018<\/strong><\/p>\n<p style=\"text-align: justify;\">Ford Sierra teekond ERMi eksponaadiks j\u00e4tkus v\u00e4rvit\u00f6\u00f6kojas. Seda, et auto v\u00f5\u00f5pamiseks ei kasutata pintslit, vaid v\u00e4rvipihustit, on ilmselt k\u00f5ik kuulnud. Aga v\u00e4rvit\u00f6\u00f6kodades on paremini hoitud saladusi. N\u00e4iteks see, et autov\u00e4rvi alla k\u00e4ib k\u00f5igepealt kruntv\u00e4rv ning kivikaitse kiht. See \u201epehmendab\u201c pinda, et vastu autot lennanud kivike sealt kergemini tagasi p\u00f5rkaks. Ka tulevane eksponaat sai kivikatse kihi, kuigi muuseumis teda kivirahe ei ohusta.<\/p>\n<div id=\"attachment_12026\" style=\"width: 1210px\" class=\"wp-caption aligncenter\"><img loading=\"lazy\" decoding=\"async\" aria-describedby=\"caption-attachment-12026\" data-attachment-id=\"12026\" data-permalink=\"https:\/\/blog.erm.ee\/?attachment_id=12026#main\" data-orig-file=\"https:\/\/blog.erm.ee\/wp-content\/uploads\/2018\/11\/kruntimine-e1542728484330.jpg\" data-orig-size=\"1200,900\" data-comments-opened=\"1\" data-image-meta=\"{&quot;aperture&quot;:&quot;0&quot;,&quot;credit&quot;:&quot;&quot;,&quot;camera&quot;:&quot;&quot;,&quot;caption&quot;:&quot;&quot;,&quot;created_timestamp&quot;:&quot;1542378428&quot;,&quot;copyright&quot;:&quot;&quot;,&quot;focal_length&quot;:&quot;0&quot;,&quot;iso&quot;:&quot;0&quot;,&quot;shutter_speed&quot;:&quot;0&quot;,&quot;title&quot;:&quot;&quot;,&quot;orientation&quot;:&quot;1&quot;}\" data-image-title=\"kruntimine\" data-image-description=\"\" data-image-caption=\"\" data-large-file=\"https:\/\/blog.erm.ee\/wp-content\/uploads\/2018\/11\/kruntimine-1024x768.jpg\" class=\"wp-image-12026 size-full\" src=\"https:\/\/blog.erm.ee\/wp-content\/uploads\/2018\/11\/kruntimine-e1542728484330.jpg\" alt=\"\" width=\"1200\" height=\"900\" \/><p id=\"caption-attachment-12026\" class=\"wp-caption-text\">Kruntimine. Foto: Tartu KHK<\/p><\/div>\n<div id=\"attachment_12027\" style=\"width: 1210px\" class=\"wp-caption aligncenter\"><img loading=\"lazy\" decoding=\"async\" aria-describedby=\"caption-attachment-12027\" data-attachment-id=\"12027\" data-permalink=\"https:\/\/blog.erm.ee\/?attachment_id=12027#main\" data-orig-file=\"https:\/\/blog.erm.ee\/wp-content\/uploads\/2018\/11\/pahteldus-e1542728474262.jpg\" data-orig-size=\"1200,900\" data-comments-opened=\"1\" data-image-meta=\"{&quot;aperture&quot;:&quot;0&quot;,&quot;credit&quot;:&quot;&quot;,&quot;camera&quot;:&quot;&quot;,&quot;caption&quot;:&quot;&quot;,&quot;created_timestamp&quot;:&quot;1542378429&quot;,&quot;copyright&quot;:&quot;&quot;,&quot;focal_length&quot;:&quot;0&quot;,&quot;iso&quot;:&quot;0&quot;,&quot;shutter_speed&quot;:&quot;0&quot;,&quot;title&quot;:&quot;&quot;,&quot;orientation&quot;:&quot;1&quot;}\" data-image-title=\"pahteldus\" data-image-description=\"\" data-image-caption=\"\" data-large-file=\"https:\/\/blog.erm.ee\/wp-content\/uploads\/2018\/11\/pahteldus-1024x768.jpg\" class=\"wp-image-12027 size-full\" src=\"https:\/\/blog.erm.ee\/wp-content\/uploads\/2018\/11\/pahteldus-e1542728474262.jpg\" alt=\"\" width=\"1200\" height=\"900\" \/><p id=\"caption-attachment-12027\" class=\"wp-caption-text\">Pahteldus. Foto: Tartu KHK<\/p><\/div>\n<p style=\"text-align: justify;\">Siis tuli aeg v\u00e4lja otsida peen masin nimega spektromeeter, mille abil m\u00e4\u00e4ratakse v\u00e4rvitoon, et t\u00e4pselt sama tooni saaks uuesti kokku segada. Ikka nii, et arvuti annab grammipealt kogused, milliseid pigmente v\u00e4rviks kokku segada. V\u00e4rvimist\u00f6id tegid Alver ja Venno aga v\u00e4rvikambris, sest selle t\u00f6\u00f6 juures lendub \u00fcht-teist \u00f5hku. V\u00e4rvijal tuleb seet\u00f5ttu kanda kindlasti v\u00e4rvimaski, kummikindaid ning kombinesooni. Siis v\u00e4rvip\u00fcstol k\u00e4tte ja pihustama! Tundub lihtne, kuid \u00f5ige kauguse ja kiiruse tabamine tahab siiski harjutamist.<\/p>\n<p style=\"text-align: justify;\">V\u00e4rvikamber on veel selle poolest hea, et peale v\u00e4rvimist\u00f6\u00f6d saab seal \u00f5hku soojendada ning nii kuivamist kiirendada. Juba tunni aja p\u00e4rast on v\u00e4rskelt v\u00f5\u00f5batud auto k\u00fclg niipalju kuiv, et v\u00f5ib kambrist v\u00e4lja s\u00f5ita!<\/p>\n<div id=\"attachment_12029\" style=\"width: 1210px\" class=\"wp-caption aligncenter\"><img loading=\"lazy\" decoding=\"async\" aria-describedby=\"caption-attachment-12029\" data-attachment-id=\"12029\" data-permalink=\"https:\/\/blog.erm.ee\/?attachment_id=12029#main\" data-orig-file=\"https:\/\/blog.erm.ee\/wp-content\/uploads\/2018\/11\/v\u00e4rvimiseks-valmis-e1542728457401.jpg\" data-orig-size=\"1200,900\" data-comments-opened=\"1\" data-image-meta=\"{&quot;aperture&quot;:&quot;0&quot;,&quot;credit&quot;:&quot;&quot;,&quot;camera&quot;:&quot;&quot;,&quot;caption&quot;:&quot;&quot;,&quot;created_timestamp&quot;:&quot;1542378429&quot;,&quot;copyright&quot;:&quot;&quot;,&quot;focal_length&quot;:&quot;0&quot;,&quot;iso&quot;:&quot;0&quot;,&quot;shutter_speed&quot;:&quot;0&quot;,&quot;title&quot;:&quot;&quot;,&quot;orientation&quot;:&quot;1&quot;}\" data-image-title=\"v\u00e4rvimiseks valmis\" data-image-description=\"\" data-image-caption=\"&lt;p&gt;V\u00e4rvimiseks valmis! Foto: Tartu KHK&lt;\/p&gt;\n\" data-large-file=\"https:\/\/blog.erm.ee\/wp-content\/uploads\/2018\/11\/v\u00e4rvimiseks-valmis-1024x768.jpg\" class=\"size-full wp-image-12029\" src=\"https:\/\/blog.erm.ee\/wp-content\/uploads\/2018\/11\/v\u00e4rvimiseks-valmis-e1542728457401.jpg\" alt=\"\" width=\"1200\" height=\"900\" \/><p id=\"caption-attachment-12029\" class=\"wp-caption-text\">V\u00e4rvimiseks valmis! Foto: Tartu KHK<\/p><\/div>\n<div id=\"attachment_12028\" style=\"width: 1210px\" class=\"wp-caption aligncenter\"><img loading=\"lazy\" decoding=\"async\" aria-describedby=\"caption-attachment-12028\" data-attachment-id=\"12028\" data-permalink=\"https:\/\/blog.erm.ee\/?attachment_id=12028#main\" data-orig-file=\"https:\/\/blog.erm.ee\/wp-content\/uploads\/2018\/11\/v\u00e4rvimine-e1542728466395.jpg\" data-orig-size=\"1200,900\" data-comments-opened=\"1\" data-image-meta=\"{&quot;aperture&quot;:&quot;0&quot;,&quot;credit&quot;:&quot;&quot;,&quot;camera&quot;:&quot;&quot;,&quot;caption&quot;:&quot;&quot;,&quot;created_timestamp&quot;:&quot;1542378429&quot;,&quot;copyright&quot;:&quot;&quot;,&quot;focal_length&quot;:&quot;0&quot;,&quot;iso&quot;:&quot;0&quot;,&quot;shutter_speed&quot;:&quot;0&quot;,&quot;title&quot;:&quot;&quot;,&quot;orientation&quot;:&quot;1&quot;}\" data-image-title=\"v\u00e4rvimine\" data-image-description=\"\" data-image-caption=\"&lt;p&gt;V\u00e4rvimine. Foto: Tartu KHK&lt;\/p&gt;\n\" data-large-file=\"https:\/\/blog.erm.ee\/wp-content\/uploads\/2018\/11\/v\u00e4rvimine-1024x768.jpg\" class=\"size-full wp-image-12028\" src=\"https:\/\/blog.erm.ee\/wp-content\/uploads\/2018\/11\/v\u00e4rvimine-e1542728466395.jpg\" alt=\"\" width=\"1200\" height=\"900\" \/><p id=\"caption-attachment-12028\" class=\"wp-caption-text\">V\u00e4rvimine. Foto: Tartu KHK<\/p><\/div>\n<div id=\"attachment_12031\" style=\"width: 1210px\" class=\"wp-caption aligncenter\"><img loading=\"lazy\" decoding=\"async\" aria-describedby=\"caption-attachment-12031\" data-attachment-id=\"12031\" data-permalink=\"https:\/\/blog.erm.ee\/?attachment_id=12031#main\" data-orig-file=\"https:\/\/blog.erm.ee\/wp-content\/uploads\/2018\/11\/v\u00e4rvitud-e1542728780625.jpg\" data-orig-size=\"1200,900\" data-comments-opened=\"1\" data-image-meta=\"{&quot;aperture&quot;:&quot;0&quot;,&quot;credit&quot;:&quot;&quot;,&quot;camera&quot;:&quot;&quot;,&quot;caption&quot;:&quot;&quot;,&quot;created_timestamp&quot;:&quot;1542378430&quot;,&quot;copyright&quot;:&quot;&quot;,&quot;focal_length&quot;:&quot;0&quot;,&quot;iso&quot;:&quot;0&quot;,&quot;shutter_speed&quot;:&quot;0&quot;,&quot;title&quot;:&quot;&quot;,&quot;orientation&quot;:&quot;1&quot;}\" data-image-title=\"v\u00e4rvitud\" data-image-description=\"\" data-image-caption=\"&lt;p&gt;V\u00e4rvitud ta saigi! Foto: Tartu KHK&lt;\/p&gt;\n\" data-large-file=\"https:\/\/blog.erm.ee\/wp-content\/uploads\/2018\/11\/v\u00e4rvitud-1024x768.jpg\" class=\"size-full wp-image-12031\" src=\"https:\/\/blog.erm.ee\/wp-content\/uploads\/2018\/11\/v\u00e4rvitud-e1542728780625.jpg\" alt=\"\" width=\"1200\" height=\"900\" \/><p id=\"caption-attachment-12031\" class=\"wp-caption-text\">V\u00e4rvitud ta saigi! Foto: Tartu KHK<\/p><\/div>\n<p style=\"text-align: justify;\"><strong>14. september 2018<\/strong><\/p>\n<p style=\"text-align: justify;\">Ford Sierra vuntsimine j\u00e4tkus ka sel n\u00e4dalal. Nii said autoosakonna \u00f5petaja Janari Zirk ja autotehnik Aivo Mikk nuputada, kuidas Sierra esilaternad alati lahkelt s\u00e4raksid ning autoraadiost k\u00f5laksid ainult 90ndate hittlood! Nuputamisele aitas kaasa ka osakonnajuht Silver S\u00f5ukand.<\/p>\n<div id=\"attachment_12030\" style=\"width: 1210px\" class=\"wp-caption aligncenter\"><img loading=\"lazy\" decoding=\"async\" aria-describedby=\"caption-attachment-12030\" data-attachment-id=\"12030\" data-permalink=\"https:\/\/blog.erm.ee\/?attachment_id=12030#main\" data-orig-file=\"https:\/\/blog.erm.ee\/wp-content\/uploads\/2018\/11\/IMG_3753-1-modified-e1542728701349.jpg\" data-orig-size=\"1200,900\" data-comments-opened=\"1\" data-image-meta=\"{&quot;aperture&quot;:&quot;2.4&quot;,&quot;credit&quot;:&quot;&quot;,&quot;camera&quot;:&quot;iPhone 5&quot;,&quot;caption&quot;:&quot;&quot;,&quot;created_timestamp&quot;:&quot;1536852271&quot;,&quot;copyright&quot;:&quot;&quot;,&quot;focal_length&quot;:&quot;4.12&quot;,&quot;iso&quot;:&quot;50&quot;,&quot;shutter_speed&quot;:&quot;0.05&quot;,&quot;title&quot;:&quot;&quot;,&quot;orientation&quot;:&quot;1&quot;}\" data-image-title=\"IMG_3753 (1)-modified\" data-image-description=\"\" data-image-caption=\"\" data-large-file=\"https:\/\/blog.erm.ee\/wp-content\/uploads\/2018\/11\/IMG_3753-1-modified-1024x768.jpg\" class=\"wp-image-12030 size-full\" src=\"https:\/\/blog.erm.ee\/wp-content\/uploads\/2018\/11\/IMG_3753-1-modified-e1542728701349.jpg\" alt=\"\" width=\"1200\" height=\"900\" \/><p id=\"caption-attachment-12030\" class=\"wp-caption-text\">Autoosakonna \u00f5petaja Janari Zirk (vasakul) ja autotehnik Aivo Mikk. Foto: Tartu KHK<\/p><\/div>\n<h3><\/h3>\n<h3 style=\"text-align: justify;\">L\u00fckkasime, l\u00fckkasime, l\u00fckkasime auto\u2026<\/h3>\n<p style=\"text-align: justify;\">Kui Tartu kutsehariduskeskuse meeskond oli Sierrale v\u00e4rskema ilme andnud, l\u00f6\u00f6di autole taas tuurid sisse. ERMikad seisid ootus\u00e4revuses uksel, kui kooli autoosakonna juht Silver S\u00f5ukand muuseumi laadimisalale roolis. N\u00fc\u00fcd tuli ERMi meeskolleegidel Sierrale k\u00e4ed k\u00fclge panna ning auto l\u00e4bi maja n\u00e4itustesaali l\u00fckata. V\u00f5i n\u00fcgida. Huvilisi oli ka v\u00e4ljastpoolt maja.<\/p>\n<div style=\"width: 700px;\" class=\"wp-video\"><video class=\"wp-video-shortcode\" id=\"video-12024-2\" width=\"700\" height=\"394\" preload=\"metadata\" controls=\"controls\"><source type=\"video\/mp4\" src=\"https:\/\/blog.erm.ee\/wp-content\/uploads\/2018\/11\/Sierra_osa-2.mp4?_=2\" \/><a href=\"https:\/\/blog.erm.ee\/wp-content\/uploads\/2018\/11\/Sierra_osa-2.mp4\">https:\/\/blog.erm.ee\/wp-content\/uploads\/2018\/11\/Sierra_osa-2.mp4<\/a><\/video><\/div>\n<p>&nbsp;<\/p>\n<p style=\"text-align: center;\">***<\/p>\n<p>Eks siis aasta p\u00e4rast ole n\u00e4ha, kas Sierra tuleb n\u00e4itusesaalist v\u00e4lja omal v\u00f5i musklij\u00f5ul, kuid seniks &#8211; tule proovi autoraadiot kruttida ja surfa ajastuhittide taustal 90ndate laineil.<\/p>\n<div id=\"attachment_12036\" style=\"width: 1610px\" class=\"wp-caption aligncenter\"><img loading=\"lazy\" decoding=\"async\" aria-describedby=\"caption-attachment-12036\" data-attachment-id=\"12036\" data-permalink=\"https:\/\/blog.erm.ee\/?attachment_id=12036#main\" data-orig-file=\"https:\/\/blog.erm.ee\/wp-content\/uploads\/2018\/11\/ak_0012.jpg\" data-orig-size=\"1600,1067\" data-comments-opened=\"1\" data-image-meta=\"{&quot;aperture&quot;:&quot;5.6&quot;,&quot;credit&quot;:&quot;&quot;,&quot;camera&quot;:&quot;Canon EOS-1D X Mark II&quot;,&quot;caption&quot;:&quot;&quot;,&quot;created_timestamp&quot;:&quot;1540484080&quot;,&quot;copyright&quot;:&quot;&quot;,&quot;focal_length&quot;:&quot;62&quot;,&quot;iso&quot;:&quot;3200&quot;,&quot;shutter_speed&quot;:&quot;0.025&quot;,&quot;title&quot;:&quot;&quot;,&quot;orientation&quot;:&quot;1&quot;}\" data-image-title=\"ak_0012\" data-image-description=\"\" data-image-caption=\"&lt;p&gt;T\u00e4ies hiilguses. Foto: Arp Karm&lt;\/p&gt;\n\" data-large-file=\"https:\/\/blog.erm.ee\/wp-content\/uploads\/2018\/11\/ak_0012-1024x683.jpg\" class=\"size-full wp-image-12036\" src=\"https:\/\/blog.erm.ee\/wp-content\/uploads\/2018\/11\/ak_0012.jpg\" alt=\"\" width=\"1600\" height=\"1067\" srcset=\"https:\/\/blog.erm.ee\/wp-content\/uploads\/2018\/11\/ak_0012.jpg 1600w, https:\/\/blog.erm.ee\/wp-content\/uploads\/2018\/11\/ak_0012-390x260.jpg 390w, https:\/\/blog.erm.ee\/wp-content\/uploads\/2018\/11\/ak_0012-300x200.jpg 300w, https:\/\/blog.erm.ee\/wp-content\/uploads\/2018\/11\/ak_0012-768x512.jpg 768w, https:\/\/blog.erm.ee\/wp-content\/uploads\/2018\/11\/ak_0012-1024x683.jpg 1024w\" sizes=\"auto, (max-width: 1600px) 100vw, 1600px\" \/><p id=\"caption-attachment-12036\" class=\"wp-caption-text\">Foto: Arp Karm (ERM)<\/p><\/div>\n<p>&nbsp;<\/p>\n<div class=\"fcbkbttn_buttons_block\" id=\"fcbkbttn_left\"><div class=\"fcbkbttn_like \"><fb:like href=\"https:\/\/blog.erm.ee\/?p=12024\" action=\"like\" colorscheme=\"light\" layout=\"standard\"  width=\"225px\" size=\"small\"><\/fb:like><\/div><div class=\"fb-share-button  \" data-href=\"https:\/\/blog.erm.ee\/?p=12024\" data-type=\"button\" data-size=\"small\"><\/div><\/div>","protected":false},"excerpt":{"rendered":"<p>Maarja Vaikmaa, ERMi sisuturunduse spetsialist Kaire Mets, Tartu Kutsehariduskeskuse turundusjuht ERMi n\u00e4itusel \u201eIse tehtud Eesti\u201c, vahetuvate n\u00e4ituste saali keskel ilutseb 90ndate aastate rahvaauto Ford Sierra \u2013 helesinine nagu iga tollel k\u00fcmnendil elanud eestlase unistuski temast. N\u00e4itusel saab Sierrasse nii sisse istuda, pagassi piiluda, pahvaku Wunderbaumi-l\u00f5hna sisse\u00a0t\u00f5mmata kui ka ajastumuusikat kuulata. Aga kuidagi pidi see Sierra&hellip;<\/p>\n","protected":false},"author":1,"featured_media":12038,"comment_status":"open","ping_status":"open","sticky":false,"template":"","format":"standard","meta":{"_monsterinsights_skip_tracking":false,"_monsterinsights_sitenote_active":false,"_monsterinsights_sitenote_note":"","_monsterinsights_sitenote_category":0,"jetpack_post_was_ever_published":false,"_jetpack_newsletter_access":"","_jetpack_dont_email_post_to_subs":false,"_jetpack_newsletter_tier_id":0,"_jetpack_memberships_contains_paywalled_content":false,"_jetpack_memberships_contains_paid_content":false,"footnotes":""},"categories":[7],"tags":[],"class_list":["post-12024","post","type-post","status-publish","format-standard","has-post-thumbnail","hentry","category-naitus"],"yoast_head":"<!-- This site is optimized with the Yoast SEO plugin v27.5 - https:\/\/yoast.com\/product\/yoast-seo-wordpress\/ -->\n<title>Ford Sierra \u2013 90ndate Sierrari - Eesti Rahva Muuseumi ajaveeb<\/title>\n<meta name=\"robots\" content=\"index, follow, max-snippet:-1, max-image-preview:large, max-video-preview:-1\" \/>\n<link rel=\"canonical\" href=\"https:\/\/blog.erm.ee\/?p=12024\" \/>\n<meta property=\"og:locale\" content=\"et_EE\" \/>\n<meta property=\"og:type\" content=\"article\" \/>\n<meta property=\"og:title\" content=\"Ford Sierra \u2013 90ndate Sierrari - Eesti Rahva Muuseumi ajaveeb\" \/>\n<meta property=\"og:description\" content=\"Maarja Vaikmaa, ERMi sisuturunduse spetsialist Kaire Mets, Tartu Kutsehariduskeskuse turundusjuht ERMi n\u00e4itusel \u201eIse tehtud Eesti\u201c, vahetuvate n\u00e4ituste saali keskel ilutseb 90ndate aastate rahvaauto Ford Sierra \u2013 helesinine nagu iga tollel k\u00fcmnendil elanud eestlase unistuski temast. N\u00e4itusel saab Sierrasse nii sisse istuda, pagassi piiluda, pahvaku Wunderbaumi-l\u00f5hna sisse\u00a0t\u00f5mmata kui ka ajastumuusikat kuulata. Aga kuidagi pidi see Sierra&hellip;\" \/>\n<meta property=\"og:url\" content=\"https:\/\/blog.erm.ee\/?p=12024\" \/>\n<meta property=\"og:site_name\" content=\"Eesti Rahva Muuseumi ajaveeb\" \/>\n<meta property=\"article:published_time\" content=\"2018-11-20T16:40:07+00:00\" \/>\n<meta property=\"article:modified_time\" content=\"2018-11-20T16:48:18+00:00\" \/>\n<meta property=\"og:image\" content=\"https:\/\/blog.erm.ee\/wp-content\/uploads\/2018\/11\/ak_0010.jpg\" \/>\n\t<meta property=\"og:image:width\" content=\"1600\" \/>\n\t<meta property=\"og:image:height\" content=\"1067\" \/>\n\t<meta property=\"og:image:type\" content=\"image\/jpeg\" \/>\n<meta name=\"author\" content=\"Eesti Rahva Muuseum\" \/>\n<meta name=\"twitter:card\" content=\"summary_large_image\" \/>\n<meta name=\"twitter:label1\" content=\"Written by\" \/>\n\t<meta name=\"twitter:data1\" content=\"Eesti Rahva Muuseum\" \/>\n\t<meta name=\"twitter:label2\" content=\"Est. reading time\" \/>\n\t<meta name=\"twitter:data2\" content=\"4 minutit\" \/>\n<script type=\"application\/ld+json\" class=\"yoast-schema-graph\">{\"@context\":\"https:\\\/\\\/schema.org\",\"@graph\":[{\"@type\":\"Article\",\"@id\":\"https:\\\/\\\/blog.erm.ee\\\/?p=12024#article\",\"isPartOf\":{\"@id\":\"https:\\\/\\\/blog.erm.ee\\\/?p=12024\"},\"author\":{\"name\":\"Eesti Rahva Muuseum\",\"@id\":\"https:\\\/\\\/blog.erm.ee\\\/#\\\/schema\\\/person\\\/6e98c391cb00a33e7c22a3571e062114\"},\"headline\":\"Ford Sierra \u2013 90ndate Sierrari\",\"datePublished\":\"2018-11-20T16:40:07+00:00\",\"dateModified\":\"2018-11-20T16:48:18+00:00\",\"mainEntityOfPage\":{\"@id\":\"https:\\\/\\\/blog.erm.ee\\\/?p=12024\"},\"wordCount\":834,\"commentCount\":1,\"image\":{\"@id\":\"https:\\\/\\\/blog.erm.ee\\\/?p=12024#primaryimage\"},\"thumbnailUrl\":\"https:\\\/\\\/blog.erm.ee\\\/wp-content\\\/uploads\\\/2018\\\/11\\\/ak_0010.jpg\",\"articleSection\":[\"N\u00e4itus\"],\"inLanguage\":\"et\",\"potentialAction\":[{\"@type\":\"CommentAction\",\"name\":\"Comment\",\"target\":[\"https:\\\/\\\/blog.erm.ee\\\/?p=12024#respond\"]}]},{\"@type\":\"WebPage\",\"@id\":\"https:\\\/\\\/blog.erm.ee\\\/?p=12024\",\"url\":\"https:\\\/\\\/blog.erm.ee\\\/?p=12024\",\"name\":\"Ford Sierra \u2013 90ndate Sierrari - Eesti Rahva Muuseumi ajaveeb\",\"isPartOf\":{\"@id\":\"https:\\\/\\\/blog.erm.ee\\\/#website\"},\"primaryImageOfPage\":{\"@id\":\"https:\\\/\\\/blog.erm.ee\\\/?p=12024#primaryimage\"},\"image\":{\"@id\":\"https:\\\/\\\/blog.erm.ee\\\/?p=12024#primaryimage\"},\"thumbnailUrl\":\"https:\\\/\\\/blog.erm.ee\\\/wp-content\\\/uploads\\\/2018\\\/11\\\/ak_0010.jpg\",\"datePublished\":\"2018-11-20T16:40:07+00:00\",\"dateModified\":\"2018-11-20T16:48:18+00:00\",\"author\":{\"@id\":\"https:\\\/\\\/blog.erm.ee\\\/#\\\/schema\\\/person\\\/6e98c391cb00a33e7c22a3571e062114\"},\"breadcrumb\":{\"@id\":\"https:\\\/\\\/blog.erm.ee\\\/?p=12024#breadcrumb\"},\"inLanguage\":\"et\",\"potentialAction\":[{\"@type\":\"ReadAction\",\"target\":[\"https:\\\/\\\/blog.erm.ee\\\/?p=12024\"]}]},{\"@type\":\"ImageObject\",\"inLanguage\":\"et\",\"@id\":\"https:\\\/\\\/blog.erm.ee\\\/?p=12024#primaryimage\",\"url\":\"https:\\\/\\\/blog.erm.ee\\\/wp-content\\\/uploads\\\/2018\\\/11\\\/ak_0010.jpg\",\"contentUrl\":\"https:\\\/\\\/blog.erm.ee\\\/wp-content\\\/uploads\\\/2018\\\/11\\\/ak_0010.jpg\",\"width\":1600,\"height\":1067},{\"@type\":\"BreadcrumbList\",\"@id\":\"https:\\\/\\\/blog.erm.ee\\\/?p=12024#breadcrumb\",\"itemListElement\":[{\"@type\":\"ListItem\",\"position\":1,\"name\":\"Home\",\"item\":\"https:\\\/\\\/blog.erm.ee\\\/\"},{\"@type\":\"ListItem\",\"position\":2,\"name\":\"Ford Sierra \u2013 90ndate Sierrari\"}]},{\"@type\":\"WebSite\",\"@id\":\"https:\\\/\\\/blog.erm.ee\\\/#website\",\"url\":\"https:\\\/\\\/blog.erm.ee\\\/\",\"name\":\"Eesti Rahva Muuseumi ajaveeb\",\"description\":\"\",\"potentialAction\":[{\"@type\":\"SearchAction\",\"target\":{\"@type\":\"EntryPoint\",\"urlTemplate\":\"https:\\\/\\\/blog.erm.ee\\\/?s={search_term_string}\"},\"query-input\":{\"@type\":\"PropertyValueSpecification\",\"valueRequired\":true,\"valueName\":\"search_term_string\"}}],\"inLanguage\":\"et\"},{\"@type\":\"Person\",\"@id\":\"https:\\\/\\\/blog.erm.ee\\\/#\\\/schema\\\/person\\\/6e98c391cb00a33e7c22a3571e062114\",\"name\":\"Eesti Rahva Muuseum\",\"image\":{\"@type\":\"ImageObject\",\"inLanguage\":\"et\",\"@id\":\"https:\\\/\\\/secure.gravatar.com\\\/avatar\\\/cb6d9ad5fb49f3f7315028ce5fe60641075f2cb52b8a058ff5a985fa2d8c1da0?s=96&d=mm&r=g\",\"url\":\"https:\\\/\\\/secure.gravatar.com\\\/avatar\\\/cb6d9ad5fb49f3f7315028ce5fe60641075f2cb52b8a058ff5a985fa2d8c1da0?s=96&d=mm&r=g\",\"contentUrl\":\"https:\\\/\\\/secure.gravatar.com\\\/avatar\\\/cb6d9ad5fb49f3f7315028ce5fe60641075f2cb52b8a058ff5a985fa2d8c1da0?s=96&d=mm&r=g\",\"caption\":\"Eesti Rahva Muuseum\"},\"sameAs\":[\"http:\\\/\\\/www.erm.ee\"],\"url\":\"https:\\\/\\\/blog.erm.ee\\\/?author=1\"}]}<\/script>\n<!-- \/ Yoast SEO plugin. -->","yoast_head_json":{"title":"Ford Sierra \u2013 90ndate Sierrari - Eesti Rahva Muuseumi ajaveeb","robots":{"index":"index","follow":"follow","max-snippet":"max-snippet:-1","max-image-preview":"max-image-preview:large","max-video-preview":"max-video-preview:-1"},"canonical":"https:\/\/blog.erm.ee\/?p=12024","og_locale":"et_EE","og_type":"article","og_title":"Ford Sierra \u2013 90ndate Sierrari - Eesti Rahva Muuseumi ajaveeb","og_description":"Maarja Vaikmaa, ERMi sisuturunduse spetsialist Kaire Mets, Tartu Kutsehariduskeskuse turundusjuht ERMi n\u00e4itusel \u201eIse tehtud Eesti\u201c, vahetuvate n\u00e4ituste saali keskel ilutseb 90ndate aastate rahvaauto Ford Sierra \u2013 helesinine nagu iga tollel k\u00fcmnendil elanud eestlase unistuski temast. N\u00e4itusel saab Sierrasse nii sisse istuda, pagassi piiluda, pahvaku Wunderbaumi-l\u00f5hna sisse\u00a0t\u00f5mmata kui ka ajastumuusikat kuulata. Aga kuidagi pidi see Sierra&hellip;","og_url":"https:\/\/blog.erm.ee\/?p=12024","og_site_name":"Eesti Rahva Muuseumi ajaveeb","article_published_time":"2018-11-20T16:40:07+00:00","article_modified_time":"2018-11-20T16:48:18+00:00","og_image":[{"width":1600,"height":1067,"url":"https:\/\/blog.erm.ee\/wp-content\/uploads\/2018\/11\/ak_0010.jpg","type":"image\/jpeg"}],"author":"Eesti Rahva Muuseum","twitter_card":"summary_large_image","twitter_misc":{"Written by":"Eesti Rahva Muuseum","Est. reading time":"4 minutit"},"schema":{"@context":"https:\/\/schema.org","@graph":[{"@type":"Article","@id":"https:\/\/blog.erm.ee\/?p=12024#article","isPartOf":{"@id":"https:\/\/blog.erm.ee\/?p=12024"},"author":{"name":"Eesti Rahva Muuseum","@id":"https:\/\/blog.erm.ee\/#\/schema\/person\/6e98c391cb00a33e7c22a3571e062114"},"headline":"Ford Sierra \u2013 90ndate Sierrari","datePublished":"2018-11-20T16:40:07+00:00","dateModified":"2018-11-20T16:48:18+00:00","mainEntityOfPage":{"@id":"https:\/\/blog.erm.ee\/?p=12024"},"wordCount":834,"commentCount":1,"image":{"@id":"https:\/\/blog.erm.ee\/?p=12024#primaryimage"},"thumbnailUrl":"https:\/\/blog.erm.ee\/wp-content\/uploads\/2018\/11\/ak_0010.jpg","articleSection":["N\u00e4itus"],"inLanguage":"et","potentialAction":[{"@type":"CommentAction","name":"Comment","target":["https:\/\/blog.erm.ee\/?p=12024#respond"]}]},{"@type":"WebPage","@id":"https:\/\/blog.erm.ee\/?p=12024","url":"https:\/\/blog.erm.ee\/?p=12024","name":"Ford Sierra \u2013 90ndate Sierrari - Eesti Rahva Muuseumi ajaveeb","isPartOf":{"@id":"https:\/\/blog.erm.ee\/#website"},"primaryImageOfPage":{"@id":"https:\/\/blog.erm.ee\/?p=12024#primaryimage"},"image":{"@id":"https:\/\/blog.erm.ee\/?p=12024#primaryimage"},"thumbnailUrl":"https:\/\/blog.erm.ee\/wp-content\/uploads\/2018\/11\/ak_0010.jpg","datePublished":"2018-11-20T16:40:07+00:00","dateModified":"2018-11-20T16:48:18+00:00","author":{"@id":"https:\/\/blog.erm.ee\/#\/schema\/person\/6e98c391cb00a33e7c22a3571e062114"},"breadcrumb":{"@id":"https:\/\/blog.erm.ee\/?p=12024#breadcrumb"},"inLanguage":"et","potentialAction":[{"@type":"ReadAction","target":["https:\/\/blog.erm.ee\/?p=12024"]}]},{"@type":"ImageObject","inLanguage":"et","@id":"https:\/\/blog.erm.ee\/?p=12024#primaryimage","url":"https:\/\/blog.erm.ee\/wp-content\/uploads\/2018\/11\/ak_0010.jpg","contentUrl":"https:\/\/blog.erm.ee\/wp-content\/uploads\/2018\/11\/ak_0010.jpg","width":1600,"height":1067},{"@type":"BreadcrumbList","@id":"https:\/\/blog.erm.ee\/?p=12024#breadcrumb","itemListElement":[{"@type":"ListItem","position":1,"name":"Home","item":"https:\/\/blog.erm.ee\/"},{"@type":"ListItem","position":2,"name":"Ford Sierra \u2013 90ndate Sierrari"}]},{"@type":"WebSite","@id":"https:\/\/blog.erm.ee\/#website","url":"https:\/\/blog.erm.ee\/","name":"Eesti Rahva Muuseumi ajaveeb","description":"","potentialAction":[{"@type":"SearchAction","target":{"@type":"EntryPoint","urlTemplate":"https:\/\/blog.erm.ee\/?s={search_term_string}"},"query-input":{"@type":"PropertyValueSpecification","valueRequired":true,"valueName":"search_term_string"}}],"inLanguage":"et"},{"@type":"Person","@id":"https:\/\/blog.erm.ee\/#\/schema\/person\/6e98c391cb00a33e7c22a3571e062114","name":"Eesti Rahva Muuseum","image":{"@type":"ImageObject","inLanguage":"et","@id":"https:\/\/secure.gravatar.com\/avatar\/cb6d9ad5fb49f3f7315028ce5fe60641075f2cb52b8a058ff5a985fa2d8c1da0?s=96&d=mm&r=g","url":"https:\/\/secure.gravatar.com\/avatar\/cb6d9ad5fb49f3f7315028ce5fe60641075f2cb52b8a058ff5a985fa2d8c1da0?s=96&d=mm&r=g","contentUrl":"https:\/\/secure.gravatar.com\/avatar\/cb6d9ad5fb49f3f7315028ce5fe60641075f2cb52b8a058ff5a985fa2d8c1da0?s=96&d=mm&r=g","caption":"Eesti Rahva Muuseum"},"sameAs":["http:\/\/www.erm.ee"],"url":"https:\/\/blog.erm.ee\/?author=1"}]}},"jetpack_featured_media_url":"https:\/\/blog.erm.ee\/wp-content\/uploads\/2018\/11\/ak_0010.jpg","jetpack_shortlink":"https:\/\/wp.me\/p2l9Zd-37W","jetpack_sharing_enabled":true,"jetpack_likes_enabled":true,"_links":{"self":[{"href":"https:\/\/blog.erm.ee\/index.php?rest_route=\/wp\/v2\/posts\/12024","targetHints":{"allow":["GET"]}}],"collection":[{"href":"https:\/\/blog.erm.ee\/index.php?rest_route=\/wp\/v2\/posts"}],"about":[{"href":"https:\/\/blog.erm.ee\/index.php?rest_route=\/wp\/v2\/types\/post"}],"author":[{"embeddable":true,"href":"https:\/\/blog.erm.ee\/index.php?rest_route=\/wp\/v2\/users\/1"}],"replies":[{"embeddable":true,"href":"https:\/\/blog.erm.ee\/index.php?rest_route=%2Fwp%2Fv2%2Fcomments&post=12024"}],"version-history":[{"count":6,"href":"https:\/\/blog.erm.ee\/index.php?rest_route=\/wp\/v2\/posts\/12024\/revisions"}],"predecessor-version":[{"id":12044,"href":"https:\/\/blog.erm.ee\/index.php?rest_route=\/wp\/v2\/posts\/12024\/revisions\/12044"}],"wp:featuredmedia":[{"embeddable":true,"href":"https:\/\/blog.erm.ee\/index.php?rest_route=\/wp\/v2\/media\/12038"}],"wp:attachment":[{"href":"https:\/\/blog.erm.ee\/index.php?rest_route=%2Fwp%2Fv2%2Fmedia&parent=12024"}],"wp:term":[{"taxonomy":"category","embeddable":true,"href":"https:\/\/blog.erm.ee\/index.php?rest_route=%2Fwp%2Fv2%2Fcategories&post=12024"},{"taxonomy":"post_tag","embeddable":true,"href":"https:\/\/blog.erm.ee\/index.php?rest_route=%2Fwp%2Fv2%2Ftags&post=12024"}],"curies":[{"name":"wp","href":"https:\/\/api.w.org\/{rel}","templated":true}]}}