{"id":1202,"date":"2013-01-08T14:50:12","date_gmt":"2013-01-08T12:50:12","guid":{"rendered":"http:\/\/blog.erm.ee\/?p=1202"},"modified":"2013-10-07T14:48:06","modified_gmt":"2013-10-07T12:48:06","slug":"kusimustele-eesti-kultuuriloo-pusinaitusest-vastab-juhtteadur-kristel-rattus-ii-osa","status":"publish","type":"post","link":"https:\/\/blog.erm.ee\/?p=1202","title":{"rendered":"K\u00fcsimustele Eesti kultuuriloo p\u00fcsin\u00e4itusest vastab juhtteadur Kristel Rattus. II osa"},"content":{"rendered":"<div class=\"fcbkbttn_buttons_block\" id=\"fcbkbttn_left\"><div class=\"fcbkbttn_like \"><fb:like href=\"https:\/\/blog.erm.ee\/?p=1202\" action=\"like\" colorscheme=\"light\" layout=\"standard\"  width=\"225px\" size=\"small\"><\/fb:like><\/div><div class=\"fb-share-button  \" data-href=\"https:\/\/blog.erm.ee\/?p=1202\" data-type=\"button\" data-size=\"small\"><\/div><\/div><p style=\"text-align: left;\"><em>K\u00fcsis Kadri Lind, kommunikatsiooni- ja turundusspetsialist<\/em><\/p>\n<p style=\"text-align: left;\"><em>Intervjuu esimest osa saab lugeda siit: <a href=\"https:\/\/blog.erm.ee\/?p=971\">https:\/\/blog.erm.ee\/?p=971<\/a><\/em><\/p>\n<h5 style=\"text-align: left;\"><strong><a href=\"https:\/\/blog.erm.ee\/wp-content\/uploads\/2013\/01\/UPN3.jpg\"><img loading=\"lazy\" decoding=\"async\" data-attachment-id=\"1229\" data-permalink=\"https:\/\/blog.erm.ee\/?attachment_id=1229#main\" data-orig-file=\"https:\/\/blog.erm.ee\/wp-content\/uploads\/2013\/01\/UPN3.jpg\" data-orig-size=\"1920,1080\" data-comments-opened=\"1\" data-image-meta=\"{&quot;aperture&quot;:&quot;0&quot;,&quot;credit&quot;:&quot;&quot;,&quot;camera&quot;:&quot;&quot;,&quot;caption&quot;:&quot;&quot;,&quot;created_timestamp&quot;:&quot;0&quot;,&quot;copyright&quot;:&quot;&quot;,&quot;focal_length&quot;:&quot;0&quot;,&quot;iso&quot;:&quot;0&quot;,&quot;shutter_speed&quot;:&quot;0&quot;,&quot;title&quot;:&quot;&quot;}\" data-image-title=\"UPN3\" data-image-description=\"\" data-image-caption=\"\" data-large-file=\"https:\/\/blog.erm.ee\/wp-content\/uploads\/2013\/01\/UPN3-1024x576.jpg\" class=\"alignnone size-full wp-image-1229\" alt=\"UPN3\" src=\"https:\/\/blog.erm.ee\/wp-content\/uploads\/2013\/01\/UPN3.jpg\" width=\"1920\" height=\"1080\" srcset=\"https:\/\/blog.erm.ee\/wp-content\/uploads\/2013\/01\/UPN3.jpg 1920w, https:\/\/blog.erm.ee\/wp-content\/uploads\/2013\/01\/UPN3-460x260.jpg 460w, https:\/\/blog.erm.ee\/wp-content\/uploads\/2013\/01\/UPN3-300x168.jpg 300w, https:\/\/blog.erm.ee\/wp-content\/uploads\/2013\/01\/UPN3-1024x576.jpg 1024w\" sizes=\"auto, (max-width: 1920px) 100vw, 1920px\" \/><\/a><\/strong><\/h5>\n<h5 style=\"text-align: left;\"><strong>Millised n\u00e4itused uude majja plaanitud on?<\/strong><\/h5>\n<p style=\"text-align: left;\">K\u00f5igepealt on \u201eAjarada\u201c. \u201eAjaraja\u201c k\u00f5rval on kinnised n\u00e4itusesaalid ja nende vahel neli k\u00e4iku, mis viivad suurde tagumisse saali. Seal on \u00fcks suur eesti rahva traditsioonilise kultuuri n\u00e4itus \u201eTalu elu ja talu ilu\u201c, \u201eParalleeluniversumid\u201c, lipusaal ja \u201eKeelekatel\u201c.<\/p>\n<h5 style=\"text-align: left;\"><strong>Kas \u201eTalu ilu ja talu ilu\u201c n\u00e4itus on sarnane praegusele p\u00fcsin\u00e4itusele?<\/strong><\/h5>\n<p style=\"text-align: left;\">V\u00e4ljapanek on selles m\u00f5ttes sarnane, et k\u00e4sitleb sama perioodi ja talurahvast, aga oma k\u00e4sitlusviisilt saab see ikkagi olema teistsugune.<\/p>\n<h5 style=\"text-align: left;\"><strong>Samu ekspositsioone seal siis ei n\u00e4e?<\/strong><\/h5>\n<p style=\"text-align: left;\">Absoluutselt mitte. Esemed on ikka samad. Meil on v\u00e4ljapaneku aluseks esemed, mis meil kogudes on, kuid me loome nendest uued eksponaadid. Teine samav\u00f5rd suur osa on n\u00f5ukaaja n\u00e4itus ehk siis k\u00fclma s\u00f5ja perioodi k\u00e4sitlev v\u00e4ljapanek. ERM on n\u00f5ukaaja ja uue iseseisvumise teemat uurinud juba k\u00fcmmekond aastat, meil on, millele toetuda, ja teisalt on see niiv\u00f5rd iseloomulik meie kultuurile. Lisaks tulevad \u00fcksikteemale keskenduvad n\u00e4itused: linn, kodu, regilaul ja inimene looduskeskkonnas. Ja siis on kinnised n\u00e4ituseboksid, millest osa on p\u00fcsiva iseloomuga ja osa ajutised. \u00dcks p\u00fcsivatest on nn \u201eavatud fond\u201c. See on ruum, kus inimesel j\u00e4\u00e4b mulje, nagu ta l\u00e4heks fondihoidlasse, sest seal on esemed tervikkollektsioonidena v\u00e4ljas.<\/p>\n<p style=\"text-align: left;\">P\u00fcsiva iseloomuga saab olema ka keelen\u00e4itus \u201eKeelekatel\u201c, n\u00e4itus eesti keelest, millest me oleme teinud ka \u00fche pilootprojekti \u2013 \u201eMuuseum n\u00e4itab keelt\u201c. Ka keelen\u00e4itus hakkab uues majas n\u00e4gema v\u00e4lja t\u00e4iesti teistsugune, aga sisuliselt l\u00e4henemiselt me j\u00e4tkame sarnases v\u00f5tmes, proovime endiselt luua sellise keskkonna, kus k\u00fclastaja saab keelt aktiivselt kasutada ja luua. \u00dchest k\u00fcljest saab seal ehk natuke targemaks, uusi teadmisi eesti keele, selle ajaloo ja uurimise kohta, aga p\u00f5hir\u00f5hk on ikkagi sellel, et inimene saab proovida keelt ise kasutada ja teha. Me tahaksime, et sellest tuleks tore m\u00e4nguline keskkond.<\/p>\n<p style=\"text-align: left;\">Peale keelen\u00e4ituse on kinnistes n\u00e4ituseruumides veel n\u00e4itus Eesti lipust ning ajutise iseloomuga vaiban\u00e4itus ja toidun\u00e4itus. K\u00f5ige viimane kinnine boks kannab nime \u201eAvatud osaluse saal\u201c ja seal proovime me aktiivse sisu loojana rakendada inimest t\u00e4navalt. See on saal, kuhu me ise n\u00e4itust ei ehita, vaid soovime sinna kutsuda kogukondi, \u00fcksikisikuid, kes muidu muuseumiga v\u00f5ib-olla kokku ei puutukski ning kes r\u00e4\u00e4giksid oma kultuurist oma s\u00f5nadega. Me pakume neile selles ainult tuge. Mistahes n\u00e4itust tehes ei saa ju kunagi r\u00e4\u00e4kida k\u00f5igest, alati on ideid rohkem, kui ruum mahutab ja on v\u00f5imalik v\u00e4lja panna. See saal on m\u00f5nes m\u00f5ttes meilegi lohutuseks \u2013 et seal, kus me ei ole saanud k\u00f5igest r\u00e4\u00e4kida, millest oleme tahtnud, tulevad inimesed (v\u00f5i grupid) ise meie juurde ja r\u00e4\u00e4givad endast. Kuna me tahame olla demokraatlikud ja avatud erinevatele eesti inimestele, siis ainukene piirang seal on Eesti Vabariigi seadused. Kultuurilisi tabusid mina ei kehtestaks, et ei oleks nii, et keegi v\u00f5ib tulla ja keegi ei v\u00f5i.<\/p>\n<h5 style=\"text-align: left;\"><strong>Mis tegevust lapsed p\u00fcsin\u00e4itusel leiaksid?<\/strong><\/h5>\n<p style=\"text-align: left;\">\u00dcksikasjadest on alles vara r\u00e4\u00e4kiga, kuid teada on see, et muuseumisse tuleb kaks m\u00e4ngutuba, millest \u00fcks on lihtsalt tavaline m\u00e4ngutuba, aga teine on p\u00fcsin\u00e4itusega seotud tegevussaal. P\u00fcsin\u00e4ituse keskel on \u00fcks ruum, mis on m\u00f5eldud v\u00e4iksematele lastele: mudilastele ja algkoolilastele. Sinna luuakse erinevaid m\u00e4ngulisi tegevusi, mis oleks n\u00e4itusel kajastatavate teemadega seotud. Keelen\u00e4itusest v\u00f5in ma pikemalt r\u00e4\u00e4kida, kavatseme sinna mitmeid erinevaid m\u00e4nge teha. \u201eMuuseum n\u00e4itab keelt\u201c oli \u00fcsna m\u00e4nguline ja \u201eKeelekatel\u201c saab kindlasti olema v\u00e4ga m\u00e4nguline. Paljudel kuraatoritel on lapsed, mist\u00f5ttu teevad nad ka oma t\u00f6\u00f6d lapsevanema seisukohalt.<\/p>\n<h5 style=\"text-align: left;\"><strong>Miks \u00fcldse peab ERMis olema soome-ugri p\u00fcsin\u00e4itus?<\/strong><\/h5>\n<p style=\"text-align: left;\">Sellep\u00e4rast, et meil on soome-ugri kogud. Ja need kogud on meil p\u00f5hjusega. Ma ei teagi, kuidas seda poliitiliselt korrektselt nimetada, aga see on ajalooliselt olnud soome-ugri rahvastele toeks olemise projekt. Kusagil 20. sajandi algusk\u00fcmnenditel oli keelesuguluse idee v\u00e4ga m\u00f5jukas \u2013 r\u00e4\u00e4giti soome suguvendadest jne, see suguluse tunnetus oli ka \u00fcheks eestlaste identiteedi nurgakiviks. V\u00f5ib \u00f6elda, et tegu oli osaga rahvusromantilisest projektist, mille raames s\u00fcndis l\u00f5puks ka ERM.<\/p>\n<p style=\"text-align: left;\">N\u00f5ukogude ajal k\u00e4idi v\u00f5rdlemisi palju idapoolsete soomeugrilaste juures uurimisretkedel, koguti esemelist materjali, filmiti, uuriti ja publitseeriti. Seda suunda on j\u00e4tkatud ka taasiseseisvunud Eestis. Samas on tegu kahesuunalise protsessiga \u2013 erinevate soome-ugri rahvaste esindajaid on meil alati olnud \u00f5ppimas ja uurimist\u00f6\u00f6d tegemas. Soome-ugri rahvaste uurijaid on siinmail alati leidunud ja paljud nendest on olnud v\u00e4ga tihedalt ERMiga seotud.<\/p>\n<p style=\"text-align: left;\"><em>Intervjuu esimest osa saab lugeda siit: <a href=\"https:\/\/blog.erm.ee\/?p=971\">https:\/\/blog.erm.ee\/?p=971<\/a><\/em><\/p>\n<div class=\"fcbkbttn_buttons_block\" id=\"fcbkbttn_left\"><div class=\"fcbkbttn_like \"><fb:like href=\"https:\/\/blog.erm.ee\/?p=1202\" action=\"like\" colorscheme=\"light\" layout=\"standard\"  width=\"225px\" size=\"small\"><\/fb:like><\/div><div class=\"fb-share-button  \" data-href=\"https:\/\/blog.erm.ee\/?p=1202\" data-type=\"button\" data-size=\"small\"><\/div><\/div>","protected":false},"excerpt":{"rendered":"<p>K\u00fcsis Kadri Lind, kommunikatsiooni- ja turundusspetsialist Intervjuu esimest osa saab lugeda siit: https:\/\/blog.erm.ee\/?p=971 Millised n\u00e4itused uude majja plaanitud on? K\u00f5igepealt on \u201eAjarada\u201c. \u201eAjaraja\u201c k\u00f5rval on kinnised n\u00e4itusesaalid ja nende vahel neli k\u00e4iku, mis viivad suurde tagumisse saali. Seal on \u00fcks suur eesti rahva traditsioonilise kultuuri n\u00e4itus \u201eTalu elu ja talu ilu\u201c, \u201eParalleeluniversumid\u201c, lipusaal ja \u201eKeelekatel\u201c.&hellip;<\/p>\n","protected":false},"author":1,"featured_media":1229,"comment_status":"open","ping_status":"open","sticky":false,"template":"","format":"standard","meta":{"_monsterinsights_skip_tracking":false,"_monsterinsights_sitenote_active":false,"_monsterinsights_sitenote_note":"","_monsterinsights_sitenote_category":0,"jetpack_post_was_ever_published":false,"_jetpack_newsletter_access":"","_jetpack_dont_email_post_to_subs":false,"_jetpack_newsletter_tier_id":0,"_jetpack_memberships_contains_paywalled_content":false,"_jetpack_memberships_contains_paid_content":false,"footnotes":""},"categories":[17],"tags":[],"class_list":["post-1202","post","type-post","status-publish","format-standard","has-post-thumbnail","hentry","category-uus-maja"],"yoast_head":"<!-- This site is optimized with the Yoast SEO plugin v27.5 - https:\/\/yoast.com\/product\/yoast-seo-wordpress\/ -->\n<title>K\u00fcsimustele Eesti kultuuriloo p\u00fcsin\u00e4itusest vastab juhtteadur Kristel Rattus. II osa - Eesti Rahva Muuseumi ajaveeb<\/title>\n<meta name=\"robots\" content=\"index, follow, max-snippet:-1, max-image-preview:large, max-video-preview:-1\" \/>\n<link rel=\"canonical\" href=\"https:\/\/blog.erm.ee\/?p=1202\" \/>\n<meta property=\"og:locale\" content=\"et_EE\" \/>\n<meta property=\"og:type\" content=\"article\" \/>\n<meta property=\"og:title\" content=\"K\u00fcsimustele Eesti kultuuriloo p\u00fcsin\u00e4itusest vastab juhtteadur Kristel Rattus. II osa - Eesti Rahva Muuseumi ajaveeb\" \/>\n<meta property=\"og:description\" content=\"K\u00fcsis Kadri Lind, kommunikatsiooni- ja turundusspetsialist Intervjuu esimest osa saab lugeda siit: https:\/\/blog.erm.ee\/?p=971 Millised n\u00e4itused uude majja plaanitud on? K\u00f5igepealt on \u201eAjarada\u201c. \u201eAjaraja\u201c k\u00f5rval on kinnised n\u00e4itusesaalid ja nende vahel neli k\u00e4iku, mis viivad suurde tagumisse saali. Seal on \u00fcks suur eesti rahva traditsioonilise kultuuri n\u00e4itus \u201eTalu elu ja talu ilu\u201c, \u201eParalleeluniversumid\u201c, lipusaal ja \u201eKeelekatel\u201c.&hellip;\" \/>\n<meta property=\"og:url\" content=\"https:\/\/blog.erm.ee\/?p=1202\" \/>\n<meta property=\"og:site_name\" content=\"Eesti Rahva Muuseumi ajaveeb\" \/>\n<meta property=\"article:published_time\" content=\"2013-01-08T12:50:12+00:00\" \/>\n<meta property=\"article:modified_time\" content=\"2013-10-07T12:48:06+00:00\" \/>\n<meta property=\"og:image\" content=\"https:\/\/blog.erm.ee\/wp-content\/uploads\/2013\/01\/UPN3.jpg\" \/>\n\t<meta property=\"og:image:width\" content=\"1920\" \/>\n\t<meta property=\"og:image:height\" content=\"1080\" \/>\n\t<meta property=\"og:image:type\" content=\"image\/jpeg\" \/>\n<meta name=\"author\" content=\"Eesti Rahva Muuseum\" \/>\n<meta name=\"twitter:card\" content=\"summary_large_image\" \/>\n<meta name=\"twitter:label1\" content=\"Written by\" \/>\n\t<meta name=\"twitter:data1\" content=\"Eesti Rahva Muuseum\" \/>\n\t<meta name=\"twitter:label2\" content=\"Est. reading time\" \/>\n\t<meta name=\"twitter:data2\" content=\"4 minutit\" \/>\n<script type=\"application\/ld+json\" class=\"yoast-schema-graph\">{\"@context\":\"https:\\\/\\\/schema.org\",\"@graph\":[{\"@type\":\"Article\",\"@id\":\"https:\\\/\\\/blog.erm.ee\\\/?p=1202#article\",\"isPartOf\":{\"@id\":\"https:\\\/\\\/blog.erm.ee\\\/?p=1202\"},\"author\":{\"name\":\"Eesti Rahva Muuseum\",\"@id\":\"https:\\\/\\\/blog.erm.ee\\\/#\\\/schema\\\/person\\\/6e98c391cb00a33e7c22a3571e062114\"},\"headline\":\"K\u00fcsimustele Eesti kultuuriloo p\u00fcsin\u00e4itusest vastab juhtteadur Kristel Rattus. II osa\",\"datePublished\":\"2013-01-08T12:50:12+00:00\",\"dateModified\":\"2013-10-07T12:48:06+00:00\",\"mainEntityOfPage\":{\"@id\":\"https:\\\/\\\/blog.erm.ee\\\/?p=1202\"},\"wordCount\":797,\"commentCount\":0,\"image\":{\"@id\":\"https:\\\/\\\/blog.erm.ee\\\/?p=1202#primaryimage\"},\"thumbnailUrl\":\"https:\\\/\\\/blog.erm.ee\\\/wp-content\\\/uploads\\\/2013\\\/01\\\/UPN3.jpg\",\"articleSection\":[\"Uus maja\"],\"inLanguage\":\"et\",\"potentialAction\":[{\"@type\":\"CommentAction\",\"name\":\"Comment\",\"target\":[\"https:\\\/\\\/blog.erm.ee\\\/?p=1202#respond\"]}]},{\"@type\":\"WebPage\",\"@id\":\"https:\\\/\\\/blog.erm.ee\\\/?p=1202\",\"url\":\"https:\\\/\\\/blog.erm.ee\\\/?p=1202\",\"name\":\"K\u00fcsimustele Eesti kultuuriloo p\u00fcsin\u00e4itusest vastab juhtteadur Kristel Rattus. II osa - Eesti Rahva Muuseumi ajaveeb\",\"isPartOf\":{\"@id\":\"https:\\\/\\\/blog.erm.ee\\\/#website\"},\"primaryImageOfPage\":{\"@id\":\"https:\\\/\\\/blog.erm.ee\\\/?p=1202#primaryimage\"},\"image\":{\"@id\":\"https:\\\/\\\/blog.erm.ee\\\/?p=1202#primaryimage\"},\"thumbnailUrl\":\"https:\\\/\\\/blog.erm.ee\\\/wp-content\\\/uploads\\\/2013\\\/01\\\/UPN3.jpg\",\"datePublished\":\"2013-01-08T12:50:12+00:00\",\"dateModified\":\"2013-10-07T12:48:06+00:00\",\"author\":{\"@id\":\"https:\\\/\\\/blog.erm.ee\\\/#\\\/schema\\\/person\\\/6e98c391cb00a33e7c22a3571e062114\"},\"breadcrumb\":{\"@id\":\"https:\\\/\\\/blog.erm.ee\\\/?p=1202#breadcrumb\"},\"inLanguage\":\"et\",\"potentialAction\":[{\"@type\":\"ReadAction\",\"target\":[\"https:\\\/\\\/blog.erm.ee\\\/?p=1202\"]}]},{\"@type\":\"ImageObject\",\"inLanguage\":\"et\",\"@id\":\"https:\\\/\\\/blog.erm.ee\\\/?p=1202#primaryimage\",\"url\":\"https:\\\/\\\/blog.erm.ee\\\/wp-content\\\/uploads\\\/2013\\\/01\\\/UPN3.jpg\",\"contentUrl\":\"https:\\\/\\\/blog.erm.ee\\\/wp-content\\\/uploads\\\/2013\\\/01\\\/UPN3.jpg\",\"width\":1920,\"height\":1080},{\"@type\":\"BreadcrumbList\",\"@id\":\"https:\\\/\\\/blog.erm.ee\\\/?p=1202#breadcrumb\",\"itemListElement\":[{\"@type\":\"ListItem\",\"position\":1,\"name\":\"Home\",\"item\":\"https:\\\/\\\/blog.erm.ee\\\/\"},{\"@type\":\"ListItem\",\"position\":2,\"name\":\"K\u00fcsimustele Eesti kultuuriloo p\u00fcsin\u00e4itusest vastab juhtteadur Kristel Rattus. II osa\"}]},{\"@type\":\"WebSite\",\"@id\":\"https:\\\/\\\/blog.erm.ee\\\/#website\",\"url\":\"https:\\\/\\\/blog.erm.ee\\\/\",\"name\":\"Eesti Rahva Muuseumi ajaveeb\",\"description\":\"\",\"potentialAction\":[{\"@type\":\"SearchAction\",\"target\":{\"@type\":\"EntryPoint\",\"urlTemplate\":\"https:\\\/\\\/blog.erm.ee\\\/?s={search_term_string}\"},\"query-input\":{\"@type\":\"PropertyValueSpecification\",\"valueRequired\":true,\"valueName\":\"search_term_string\"}}],\"inLanguage\":\"et\"},{\"@type\":\"Person\",\"@id\":\"https:\\\/\\\/blog.erm.ee\\\/#\\\/schema\\\/person\\\/6e98c391cb00a33e7c22a3571e062114\",\"name\":\"Eesti Rahva Muuseum\",\"image\":{\"@type\":\"ImageObject\",\"inLanguage\":\"et\",\"@id\":\"https:\\\/\\\/secure.gravatar.com\\\/avatar\\\/cb6d9ad5fb49f3f7315028ce5fe60641075f2cb52b8a058ff5a985fa2d8c1da0?s=96&d=mm&r=g\",\"url\":\"https:\\\/\\\/secure.gravatar.com\\\/avatar\\\/cb6d9ad5fb49f3f7315028ce5fe60641075f2cb52b8a058ff5a985fa2d8c1da0?s=96&d=mm&r=g\",\"contentUrl\":\"https:\\\/\\\/secure.gravatar.com\\\/avatar\\\/cb6d9ad5fb49f3f7315028ce5fe60641075f2cb52b8a058ff5a985fa2d8c1da0?s=96&d=mm&r=g\",\"caption\":\"Eesti Rahva Muuseum\"},\"sameAs\":[\"http:\\\/\\\/www.erm.ee\"],\"url\":\"https:\\\/\\\/blog.erm.ee\\\/?author=1\"}]}<\/script>\n<!-- \/ Yoast SEO plugin. -->","yoast_head_json":{"title":"K\u00fcsimustele Eesti kultuuriloo p\u00fcsin\u00e4itusest vastab juhtteadur Kristel Rattus. II osa - Eesti Rahva Muuseumi ajaveeb","robots":{"index":"index","follow":"follow","max-snippet":"max-snippet:-1","max-image-preview":"max-image-preview:large","max-video-preview":"max-video-preview:-1"},"canonical":"https:\/\/blog.erm.ee\/?p=1202","og_locale":"et_EE","og_type":"article","og_title":"K\u00fcsimustele Eesti kultuuriloo p\u00fcsin\u00e4itusest vastab juhtteadur Kristel Rattus. II osa - Eesti Rahva Muuseumi ajaveeb","og_description":"K\u00fcsis Kadri Lind, kommunikatsiooni- ja turundusspetsialist Intervjuu esimest osa saab lugeda siit: https:\/\/blog.erm.ee\/?p=971 Millised n\u00e4itused uude majja plaanitud on? K\u00f5igepealt on \u201eAjarada\u201c. \u201eAjaraja\u201c k\u00f5rval on kinnised n\u00e4itusesaalid ja nende vahel neli k\u00e4iku, mis viivad suurde tagumisse saali. Seal on \u00fcks suur eesti rahva traditsioonilise kultuuri n\u00e4itus \u201eTalu elu ja talu ilu\u201c, \u201eParalleeluniversumid\u201c, lipusaal ja \u201eKeelekatel\u201c.&hellip;","og_url":"https:\/\/blog.erm.ee\/?p=1202","og_site_name":"Eesti Rahva Muuseumi ajaveeb","article_published_time":"2013-01-08T12:50:12+00:00","article_modified_time":"2013-10-07T12:48:06+00:00","og_image":[{"width":1920,"height":1080,"url":"https:\/\/blog.erm.ee\/wp-content\/uploads\/2013\/01\/UPN3.jpg","type":"image\/jpeg"}],"author":"Eesti Rahva Muuseum","twitter_card":"summary_large_image","twitter_misc":{"Written by":"Eesti Rahva Muuseum","Est. reading time":"4 minutit"},"schema":{"@context":"https:\/\/schema.org","@graph":[{"@type":"Article","@id":"https:\/\/blog.erm.ee\/?p=1202#article","isPartOf":{"@id":"https:\/\/blog.erm.ee\/?p=1202"},"author":{"name":"Eesti Rahva Muuseum","@id":"https:\/\/blog.erm.ee\/#\/schema\/person\/6e98c391cb00a33e7c22a3571e062114"},"headline":"K\u00fcsimustele Eesti kultuuriloo p\u00fcsin\u00e4itusest vastab juhtteadur Kristel Rattus. II osa","datePublished":"2013-01-08T12:50:12+00:00","dateModified":"2013-10-07T12:48:06+00:00","mainEntityOfPage":{"@id":"https:\/\/blog.erm.ee\/?p=1202"},"wordCount":797,"commentCount":0,"image":{"@id":"https:\/\/blog.erm.ee\/?p=1202#primaryimage"},"thumbnailUrl":"https:\/\/blog.erm.ee\/wp-content\/uploads\/2013\/01\/UPN3.jpg","articleSection":["Uus maja"],"inLanguage":"et","potentialAction":[{"@type":"CommentAction","name":"Comment","target":["https:\/\/blog.erm.ee\/?p=1202#respond"]}]},{"@type":"WebPage","@id":"https:\/\/blog.erm.ee\/?p=1202","url":"https:\/\/blog.erm.ee\/?p=1202","name":"K\u00fcsimustele Eesti kultuuriloo p\u00fcsin\u00e4itusest vastab juhtteadur Kristel Rattus. II osa - Eesti Rahva Muuseumi ajaveeb","isPartOf":{"@id":"https:\/\/blog.erm.ee\/#website"},"primaryImageOfPage":{"@id":"https:\/\/blog.erm.ee\/?p=1202#primaryimage"},"image":{"@id":"https:\/\/blog.erm.ee\/?p=1202#primaryimage"},"thumbnailUrl":"https:\/\/blog.erm.ee\/wp-content\/uploads\/2013\/01\/UPN3.jpg","datePublished":"2013-01-08T12:50:12+00:00","dateModified":"2013-10-07T12:48:06+00:00","author":{"@id":"https:\/\/blog.erm.ee\/#\/schema\/person\/6e98c391cb00a33e7c22a3571e062114"},"breadcrumb":{"@id":"https:\/\/blog.erm.ee\/?p=1202#breadcrumb"},"inLanguage":"et","potentialAction":[{"@type":"ReadAction","target":["https:\/\/blog.erm.ee\/?p=1202"]}]},{"@type":"ImageObject","inLanguage":"et","@id":"https:\/\/blog.erm.ee\/?p=1202#primaryimage","url":"https:\/\/blog.erm.ee\/wp-content\/uploads\/2013\/01\/UPN3.jpg","contentUrl":"https:\/\/blog.erm.ee\/wp-content\/uploads\/2013\/01\/UPN3.jpg","width":1920,"height":1080},{"@type":"BreadcrumbList","@id":"https:\/\/blog.erm.ee\/?p=1202#breadcrumb","itemListElement":[{"@type":"ListItem","position":1,"name":"Home","item":"https:\/\/blog.erm.ee\/"},{"@type":"ListItem","position":2,"name":"K\u00fcsimustele Eesti kultuuriloo p\u00fcsin\u00e4itusest vastab juhtteadur Kristel Rattus. II osa"}]},{"@type":"WebSite","@id":"https:\/\/blog.erm.ee\/#website","url":"https:\/\/blog.erm.ee\/","name":"Eesti Rahva Muuseumi ajaveeb","description":"","potentialAction":[{"@type":"SearchAction","target":{"@type":"EntryPoint","urlTemplate":"https:\/\/blog.erm.ee\/?s={search_term_string}"},"query-input":{"@type":"PropertyValueSpecification","valueRequired":true,"valueName":"search_term_string"}}],"inLanguage":"et"},{"@type":"Person","@id":"https:\/\/blog.erm.ee\/#\/schema\/person\/6e98c391cb00a33e7c22a3571e062114","name":"Eesti Rahva Muuseum","image":{"@type":"ImageObject","inLanguage":"et","@id":"https:\/\/secure.gravatar.com\/avatar\/cb6d9ad5fb49f3f7315028ce5fe60641075f2cb52b8a058ff5a985fa2d8c1da0?s=96&d=mm&r=g","url":"https:\/\/secure.gravatar.com\/avatar\/cb6d9ad5fb49f3f7315028ce5fe60641075f2cb52b8a058ff5a985fa2d8c1da0?s=96&d=mm&r=g","contentUrl":"https:\/\/secure.gravatar.com\/avatar\/cb6d9ad5fb49f3f7315028ce5fe60641075f2cb52b8a058ff5a985fa2d8c1da0?s=96&d=mm&r=g","caption":"Eesti Rahva Muuseum"},"sameAs":["http:\/\/www.erm.ee"],"url":"https:\/\/blog.erm.ee\/?author=1"}]}},"jetpack_featured_media_url":"https:\/\/blog.erm.ee\/wp-content\/uploads\/2013\/01\/UPN3.jpg","jetpack_shortlink":"https:\/\/wp.me\/p2l9Zd-jo","jetpack_sharing_enabled":true,"jetpack_likes_enabled":true,"_links":{"self":[{"href":"https:\/\/blog.erm.ee\/index.php?rest_route=\/wp\/v2\/posts\/1202","targetHints":{"allow":["GET"]}}],"collection":[{"href":"https:\/\/blog.erm.ee\/index.php?rest_route=\/wp\/v2\/posts"}],"about":[{"href":"https:\/\/blog.erm.ee\/index.php?rest_route=\/wp\/v2\/types\/post"}],"author":[{"embeddable":true,"href":"https:\/\/blog.erm.ee\/index.php?rest_route=\/wp\/v2\/users\/1"}],"replies":[{"embeddable":true,"href":"https:\/\/blog.erm.ee\/index.php?rest_route=%2Fwp%2Fv2%2Fcomments&post=1202"}],"version-history":[{"count":10,"href":"https:\/\/blog.erm.ee\/index.php?rest_route=\/wp\/v2\/posts\/1202\/revisions"}],"predecessor-version":[{"id":3141,"href":"https:\/\/blog.erm.ee\/index.php?rest_route=\/wp\/v2\/posts\/1202\/revisions\/3141"}],"wp:featuredmedia":[{"embeddable":true,"href":"https:\/\/blog.erm.ee\/index.php?rest_route=\/wp\/v2\/media\/1229"}],"wp:attachment":[{"href":"https:\/\/blog.erm.ee\/index.php?rest_route=%2Fwp%2Fv2%2Fmedia&parent=1202"}],"wp:term":[{"taxonomy":"category","embeddable":true,"href":"https:\/\/blog.erm.ee\/index.php?rest_route=%2Fwp%2Fv2%2Fcategories&post=1202"},{"taxonomy":"post_tag","embeddable":true,"href":"https:\/\/blog.erm.ee\/index.php?rest_route=%2Fwp%2Fv2%2Ftags&post=1202"}],"curies":[{"name":"wp","href":"https:\/\/api.w.org\/{rel}","templated":true}]}}