{"id":11874,"date":"2018-10-23T09:58:15","date_gmt":"2018-10-23T06:58:15","guid":{"rendered":"https:\/\/blog.erm.ee\/?p=11874"},"modified":"2018-10-25T14:26:18","modified_gmt":"2018-10-25T11:26:18","slug":"kuiva-jalaga-raasta-alt-vihma-katte","status":"publish","type":"post","link":"https:\/\/blog.erm.ee\/?p=11874","title":{"rendered":"Kuiva jalaga r\u00e4\u00e4sta alt vihma k\u00e4tte"},"content":{"rendered":"<div class=\"fcbkbttn_buttons_block\" id=\"fcbkbttn_left\"><div class=\"fcbkbttn_like \"><fb:like href=\"https:\/\/blog.erm.ee\/?p=11874\" action=\"like\" colorscheme=\"light\" layout=\"standard\"  width=\"225px\" size=\"small\"><\/fb:like><\/div><div class=\"fb-share-button  \" data-href=\"https:\/\/blog.erm.ee\/?p=11874\" data-type=\"button\" data-size=\"small\"><\/div><\/div><p style=\"text-align: justify;\"><em>Siret Saar, koguhoidja<br \/>\nMaarja Vaikmaa, sisuturunduse spetsialist<\/em><\/p>\n<p style=\"text-align: justify;\">Saabunud s\u00fcgisene aeg ning ilmastikuolud panevad m\u00f5tlema meie parimale vihmakindlale s\u00f5brale, mis t\u00e4nasel p\u00e4eval pahatihti kas koju v\u00f5i kaotatud asjade sekka ununeb.<\/p>\n<p style=\"text-align: justify;\">Vihmavarje on kasutatud juba tuhandeid aastaid. Ehkki esimest korda mainiti vihmavarje kirjalikult ligi 3500 aastat tagasi muistses Egiptuses, leiutasid veekindla vihmavarju juba 11. sajandil eKr hiinlased.<\/p>\n<p style=\"text-align: justify;\">Euroopas said kaasaskantavad vihmavarjud laiemalt tuntuks 17. sajandil. Esimest kerg-konstruktsiooniga avatavat ja suletavat vihmavarju tutvustas 1710ndatel jalutuskeppe ja ratsapiitsasid valmistav Pariisi kaupmees ja meister Jean Marius, kes sai kuningalt viieks aastaks ka loa vihmavarjude tootmiseks. Kui Orl\u00e9ans\u2019i hertsoginna\u00a0 printsess Palatine ostis 1712. aastal esimese mudeli, sai kaasaskantavast vihmavarjust pariisitaride seas peamine moeaksessuaar.<\/p>\n<p style=\"text-align: justify;\">1852. aastal patenteeris briti \u00e4rimees Samuel Fox varjumudeli, millel oli kerge, ent tugev metallraamistik, mis andis vihmavarjule meile t\u00e4na tuttava kuju, lisaks hakkasid endisi raskeid riidematerjale asendama kergemad. Algas vihmavarju v\u00f5iduk\u00e4ik Inglismaal.<\/p>\n<h3 style=\"text-align: justify;\">Multifunktsionaalne ilu<\/h3>\n<p style=\"text-align: justify;\">Lisaks moeaksessuaariks olemisele on vihma- ja p\u00e4evavarjudel olnud t\u00f5en\u00e4oliselt eesk\u00e4tt praktiline funktsioon. Egiptuses, P\u00e4rsias ja Ass\u00fc\u00fcrias kaitses sirm p\u00e4ikese eest, samal ajal kui Hiinas kasutusel olnud veekindlad siid-varjud ka vihma eest. Euroopaski aitasid varjud saja aasta eest moodi l\u00e4inud k\u00fcmblemisprotseduuride ajal daamide roosat jumet s\u00e4ilitada.<\/p>\n<p style=\"text-align: justify;\">Ajapikku t\u00f5i tootearendus vihmavarjule mitmeid t\u00e4iendavaid funktsioone. N\u00e4iteks on vihmavarju kasutatud raadioantennina nii helistamiseks kui ka muusika kuulamiseks, aga ka jalutuskepi ja enesekaitsevahendina. R\u00e4\u00e4kimata muidugi ilust! Saja aasta eest puhkes \u00f5ide ka varjude toodedisain ning nii said neist n\u00e4iteks lille\u00f5ied ja kiisun\u00e4od, mida kaunistasid karusnahad, linnusuled, pits ja sats.<\/p>\n<p style=\"text-align: justify;\">P\u00e4rast Teist maailmas\u00f5da toodi turule vihmavarjud, mille disainil oli m\u00f5eldud nende praktilisima funktsiooni edasiarendamisele. N\u00fc\u00fcd sai teleskoopvihmavarje mugavalt kokku voltida ning t\u00e4iustatud veekindlad kattematerjalid, nagu nailon, pol\u00fcester ja plastikaat tagasid taevaste pussnugade k\u00e4est kuiva jalaga p\u00e4\u00e4semise.<\/p>\n<h3 style=\"text-align: justify;\">Staatuse s\u00fcmbol<\/h3>\n<p style=\"text-align: justify;\">Vihmavari oli kasutuselev\u00f5tu alguses reeglina k\u00f5rgemast seisusest isikute tarbeese ja v\u00f5imu s\u00fcmbol. N\u00e4iteks Hiinas v\u00f5ttis sirmid kasutusele keiserlik pere. K\u00f5rget seisust r\u00f5hutas isiku k\u00e4sutuses olevate varjude hulk v\u00f5i sirmi kihtide arv. Mida rohkem, seda uhkem! Ja muidugi ei kandnud valitseja v\u00f5i aadlik sirme ise.<\/p>\n<p style=\"text-align: justify;\">1768. aastal kirjutas aga Pariisi ajakiri, et ehkki vihmavarjuga v\u00e4lja minek on moes, j\u00e4tavad kombekamad inimesed vihmavarju koju, riskides meelsamini m\u00e4rjaks saamisega. Nimelt ei soovinud nad j\u00e4tta jalamehe muljet, kuna just sellele vihmavarju omamine viitavat.<\/p>\n<p style=\"text-align: justify;\">T\u00e4naseks on vihmavarjud tavalised tarbeesemed, mida leidub poelettidel eri hinnaklassides ning mille v\u00f5ib mistahes suuruses, toonis v\u00f5i disainiga iga\u00fcks endale soetada. Lisandunud on paljudele tarbeesemetele saatuslikuks saanud reklaamkingituse funktsioon. Ehkki tuleb tunnistada, et t\u00f5en\u00e4oliselt just vihmavarju praktilisuse t\u00f5ttu on saajal sellest rohkem r\u00f5\u00f5mu kui logomerre uppunud kommidest, kleepsudest v\u00f5i 125MB m\u00e4lupulgast.<\/p>\n<h3 style=\"text-align: justify;\">Varjud ERMi kogudes<\/h3>\n<p style=\"text-align: justify;\">L\u00f5petuseks on muidugi igati paslik heita pilk sirmidele ERMi kogudes.<\/p>\n<div id=\"attachment_11883\" style=\"width: 1119px\" class=\"wp-caption aligncenter\"><img loading=\"lazy\" decoding=\"async\" aria-describedby=\"caption-attachment-11883\" data-attachment-id=\"11883\" data-permalink=\"https:\/\/blog.erm.ee\/?attachment_id=11883#main\" data-orig-file=\"https:\/\/blog.erm.ee\/wp-content\/uploads\/2018\/10\/025564_ERM_Fk_375_91.jpg\" data-orig-size=\"1109,1600\" data-comments-opened=\"1\" data-image-meta=\"{&quot;aperture&quot;:&quot;0&quot;,&quot;credit&quot;:&quot;&quot;,&quot;camera&quot;:&quot;Scando icoss&quot;,&quot;caption&quot;:&quot;&quot;,&quot;created_timestamp&quot;:&quot;0&quot;,&quot;copyright&quot;:&quot;&quot;,&quot;focal_length&quot;:&quot;0&quot;,&quot;iso&quot;:&quot;0&quot;,&quot;shutter_speed&quot;:&quot;0&quot;,&quot;title&quot;:&quot;&quot;,&quot;orientation&quot;:&quot;1&quot;}\" data-image-title=\"025564_ERM_Fk_375_91\" data-image-description=\"\" data-image-caption=\"&lt;p&gt;Vanem naine, vihmavari \u00fches &amp;#8211; lauluraamat teises k\u00e4es enne 1880. Foto: Reinhold Sachker (ERM Fk 375:91)&lt;\/p&gt;\n\" data-large-file=\"https:\/\/blog.erm.ee\/wp-content\/uploads\/2018\/10\/025564_ERM_Fk_375_91-710x1024.jpg\" class=\"size-full wp-image-11883\" src=\"https:\/\/blog.erm.ee\/wp-content\/uploads\/2018\/10\/025564_ERM_Fk_375_91.jpg\" alt=\"\" width=\"1109\" height=\"1600\" srcset=\"https:\/\/blog.erm.ee\/wp-content\/uploads\/2018\/10\/025564_ERM_Fk_375_91.jpg 1109w, https:\/\/blog.erm.ee\/wp-content\/uploads\/2018\/10\/025564_ERM_Fk_375_91-180x260.jpg 180w, https:\/\/blog.erm.ee\/wp-content\/uploads\/2018\/10\/025564_ERM_Fk_375_91-208x300.jpg 208w, https:\/\/blog.erm.ee\/wp-content\/uploads\/2018\/10\/025564_ERM_Fk_375_91-768x1108.jpg 768w, https:\/\/blog.erm.ee\/wp-content\/uploads\/2018\/10\/025564_ERM_Fk_375_91-710x1024.jpg 710w\" sizes=\"auto, (max-width: 1109px) 100vw, 1109px\" \/><p id=\"caption-attachment-11883\" class=\"wp-caption-text\">Vanem naine, vihmavari \u00fches &#8211; lauluraamat teises k\u00e4es enne 1880. Foto: Reinhold Sachker <a href=\"https:\/\/www.muis.ee\/museaalview\/663230\">(ERM Fk 375:91)<\/a><\/p><\/div>\n<div id=\"attachment_11886\" style=\"width: 1210px\" class=\"wp-caption aligncenter\"><img loading=\"lazy\" decoding=\"async\" aria-describedby=\"caption-attachment-11886\" data-attachment-id=\"11886\" data-permalink=\"https:\/\/blog.erm.ee\/?attachment_id=11886#main\" data-orig-file=\"https:\/\/blog.erm.ee\/wp-content\/uploads\/2018\/10\/037577_ERM_Fk_2731_890-e1540276469414.jpg\" data-orig-size=\"1200,797\" data-comments-opened=\"1\" data-image-meta=\"{&quot;aperture&quot;:&quot;0&quot;,&quot;credit&quot;:&quot;&quot;,&quot;camera&quot;:&quot;Nikon COOLSCAN V ED&quot;,&quot;caption&quot;:&quot;&quot;,&quot;created_timestamp&quot;:&quot;0&quot;,&quot;copyright&quot;:&quot;&quot;,&quot;focal_length&quot;:&quot;0&quot;,&quot;iso&quot;:&quot;0&quot;,&quot;shutter_speed&quot;:&quot;0&quot;,&quot;title&quot;:&quot;&quot;,&quot;orientation&quot;:&quot;1&quot;}\" data-image-title=\"037577_ERM_Fk_2731_890\" data-image-description=\"\" data-image-caption=\"&lt;p&gt;Laps vihmavarjuga. 1930ndad. (ERM Fk 2731:890)&lt;\/p&gt;\n\" data-large-file=\"https:\/\/blog.erm.ee\/wp-content\/uploads\/2018\/10\/037577_ERM_Fk_2731_890-1024x680.jpg\" class=\"size-full wp-image-11886\" src=\"https:\/\/blog.erm.ee\/wp-content\/uploads\/2018\/10\/037577_ERM_Fk_2731_890-e1540276469414.jpg\" alt=\"\" width=\"1200\" height=\"797\" \/><p id=\"caption-attachment-11886\" class=\"wp-caption-text\">Laps vihmavarjuga. 1930ndad. <a href=\"https:\/\/www.muis.ee\/museaalview\/565945\">(ERM Fk 2731:890)<\/a><\/p><\/div>\n<div id=\"attachment_11882\" style=\"width: 1210px\" class=\"wp-caption aligncenter\"><img loading=\"lazy\" decoding=\"async\" aria-describedby=\"caption-attachment-11882\" data-attachment-id=\"11882\" data-permalink=\"https:\/\/blog.erm.ee\/?attachment_id=11882#main\" data-orig-file=\"https:\/\/blog.erm.ee\/wp-content\/uploads\/2018\/10\/325976_ERM_Fk_2957_499-e1540276556253.jpg\" data-orig-size=\"1200,842\" data-comments-opened=\"1\" data-image-meta=\"{&quot;aperture&quot;:&quot;0&quot;,&quot;credit&quot;:&quot;&quot;,&quot;camera&quot;:&quot;Scando icoss&quot;,&quot;caption&quot;:&quot;&quot;,&quot;created_timestamp&quot;:&quot;0&quot;,&quot;copyright&quot;:&quot;&quot;,&quot;focal_length&quot;:&quot;0&quot;,&quot;iso&quot;:&quot;0&quot;,&quot;shutter_speed&quot;:&quot;0&quot;,&quot;title&quot;:&quot;&quot;,&quot;orientation&quot;:&quot;1&quot;}\" data-image-title=\"325976_ERM_Fk_2957_499\" data-image-description=\"\" data-image-caption=\"&lt;p&gt;Ateljeefoto, Hans Voolmanni abikaasa Helmi vihmavarjuga. Foto: Hans Voolmann (ERM Fk 2957:499)&lt;\/p&gt;\n\" data-large-file=\"https:\/\/blog.erm.ee\/wp-content\/uploads\/2018\/10\/325976_ERM_Fk_2957_499-1024x718.jpg\" class=\"size-full wp-image-11882\" src=\"https:\/\/blog.erm.ee\/wp-content\/uploads\/2018\/10\/325976_ERM_Fk_2957_499-e1540276556253.jpg\" alt=\"\" width=\"1200\" height=\"842\" \/><p id=\"caption-attachment-11882\" class=\"wp-caption-text\">Ateljeefoto, Hans Voolmanni abikaasa Helmi vihmavarjuga. Ligikaudu 1930. Foto: Hans Voolmann <a href=\"https:\/\/www.muis.ee\/museaalview\/1965810\">(ERM Fk 2957:499)<\/a><\/p><\/div>\n<div id=\"attachment_11875\" style=\"width: 1210px\" class=\"wp-caption aligncenter\"><img loading=\"lazy\" decoding=\"async\" aria-describedby=\"caption-attachment-11875\" data-attachment-id=\"11875\" data-permalink=\"https:\/\/blog.erm.ee\/?attachment_id=11875#main\" data-orig-file=\"https:\/\/blog.erm.ee\/wp-content\/uploads\/2018\/10\/060087_ERM_A_855_89-e1540277252998.jpg\" data-orig-size=\"1200,987\" data-comments-opened=\"1\" data-image-meta=\"{&quot;aperture&quot;:&quot;18&quot;,&quot;credit&quot;:&quot;&quot;,&quot;camera&quot;:&quot;NIKON D200&quot;,&quot;caption&quot;:&quot;[#Beginning of Shooting Data Section]\\rNikon D200\\rFocal Length: 70mm\\rOptimize Image: Custom\\rColor Mode: Mode II (Adobe RGB)\\rLong Exposure NR: Off\\rHigh ISO NR: Off\\r2010\/03\/05 11:09:14.6\\rExposure Mode: Manual\\rWhite Balance: Flash\\rTone Comp.: Auto\\rRAW (12-bit)\\rMetering Mode: Spot\\rAF Mode: AF-S\\rHue Adjustment: 0\\u00b0\\rImage Size: Large (3872 x 2592)\\r1\/30 sec - F\/18\\rFlash Sync Mode: Not Attached\\rSaturation: Normal\\rColor\\rExposure Comp.: 0 EV\\rSharpening: Medium high\\rLens: VR 18-200mm F\/3.5-5.6 G\\rSensitivity: ISO 100\\rImage Comment:                                     \\r[#End of Shooting Data Section]&quot;,&quot;created_timestamp&quot;:&quot;1267787354&quot;,&quot;copyright&quot;:&quot;\\u00a9 Eesti Rahva Muuseum&quot;,&quot;focal_length&quot;:&quot;70&quot;,&quot;iso&quot;:&quot;100&quot;,&quot;shutter_speed&quot;:&quot;0.0333333333333&quot;,&quot;title&quot;:&quot;&quot;,&quot;orientation&quot;:&quot;1&quot;}\" data-image-title=\"060087_ERM_A_855_89\" data-image-description=\"\" data-image-caption=\"&lt;p&gt;1940ndate vihmavari Saksamaalt Hamburgist. (ERM A 855:89)&lt;\/p&gt;\n\" data-large-file=\"https:\/\/blog.erm.ee\/wp-content\/uploads\/2018\/10\/060087_ERM_A_855_89-1024x842.jpg\" class=\"size-full wp-image-11875\" src=\"https:\/\/blog.erm.ee\/wp-content\/uploads\/2018\/10\/060087_ERM_A_855_89-e1540277252998.jpg\" alt=\"\" width=\"1200\" height=\"987\" \/><p id=\"caption-attachment-11875\" class=\"wp-caption-text\">1940ndate vihmavari Saksamaalt Hamburgist. <a href=\"https:\/\/www.muis.ee\/museaalview\/519542\">(ERM A 855:89)<\/a><\/p><\/div>\n<div id=\"attachment_11877\" style=\"width: 1210px\" class=\"wp-caption aligncenter\"><img loading=\"lazy\" decoding=\"async\" aria-describedby=\"caption-attachment-11877\" data-attachment-id=\"11877\" data-permalink=\"https:\/\/blog.erm.ee\/?attachment_id=11877#main\" data-orig-file=\"https:\/\/blog.erm.ee\/wp-content\/uploads\/2018\/10\/064310_ERM_A_1002_30-e1540277102526.jpg\" data-orig-size=\"1200,1200\" data-comments-opened=\"1\" data-image-meta=\"{&quot;aperture&quot;:&quot;25&quot;,&quot;credit&quot;:&quot;&quot;,&quot;camera&quot;:&quot;NIKON D200&quot;,&quot;caption&quot;:&quot;&quot;,&quot;created_timestamp&quot;:&quot;1306497438&quot;,&quot;copyright&quot;:&quot;&quot;,&quot;focal_length&quot;:&quot;46&quot;,&quot;iso&quot;:&quot;100&quot;,&quot;shutter_speed&quot;:&quot;0.0333333333333&quot;,&quot;title&quot;:&quot;&quot;,&quot;orientation&quot;:&quot;1&quot;}\" data-image-title=\"064310_ERM_A_1002_30\" data-image-description=\"\" data-image-caption=\"&lt;p&gt;Lastevihmavari.  Kuulus Ivi-Elsile, ostetud 1940. aastate l\u00f5pul. (ERM A 1002:30)&lt;\/p&gt;\n\" data-large-file=\"https:\/\/blog.erm.ee\/wp-content\/uploads\/2018\/10\/064310_ERM_A_1002_30-1024x1024.jpg\" class=\"size-full wp-image-11877\" src=\"https:\/\/blog.erm.ee\/wp-content\/uploads\/2018\/10\/064310_ERM_A_1002_30-e1540277102526.jpg\" alt=\"\" width=\"1200\" height=\"1200\" \/><p id=\"caption-attachment-11877\" class=\"wp-caption-text\">Lastevihmavari. Kuulus Ivi-Elsile, ostetud 1940ndate aastate l\u00f5pul. <a href=\"https:\/\/www.muis.ee\/museaalview\/1530495\">(ERM A 1002:30)<\/a><\/p><\/div>\n<div id=\"attachment_11884\" style=\"width: 1210px\" class=\"wp-caption aligncenter\"><img loading=\"lazy\" decoding=\"async\" aria-describedby=\"caption-attachment-11884\" data-attachment-id=\"11884\" data-permalink=\"https:\/\/blog.erm.ee\/?attachment_id=11884#main\" data-orig-file=\"https:\/\/blog.erm.ee\/wp-content\/uploads\/2018\/10\/032587_ERM_A_961_260-e1540277355277.jpg\" data-orig-size=\"1200,1200\" data-comments-opened=\"1\" data-image-meta=\"{&quot;aperture&quot;:&quot;0&quot;,&quot;credit&quot;:&quot;&quot;,&quot;camera&quot;:&quot;&quot;,&quot;caption&quot;:&quot;&quot;,&quot;created_timestamp&quot;:&quot;0&quot;,&quot;copyright&quot;:&quot;&quot;,&quot;focal_length&quot;:&quot;0&quot;,&quot;iso&quot;:&quot;0&quot;,&quot;shutter_speed&quot;:&quot;0&quot;,&quot;title&quot;:&quot;&quot;,&quot;orientation&quot;:&quot;1&quot;}\" data-image-title=\"032587_ERM_A_961_260\" data-image-description=\"\" data-image-caption=\"&lt;p&gt;Vihmavari Saaremaalt P\u00f6idest. (ERM A 961:260)&lt;\/p&gt;\n\" data-large-file=\"https:\/\/blog.erm.ee\/wp-content\/uploads\/2018\/10\/032587_ERM_A_961_260-1024x1024.jpg\" class=\"size-full wp-image-11884\" src=\"https:\/\/blog.erm.ee\/wp-content\/uploads\/2018\/10\/032587_ERM_A_961_260-e1540277355277.jpg\" alt=\"\" width=\"1200\" height=\"1200\" \/><p id=\"caption-attachment-11884\" class=\"wp-caption-text\">Valeria Jurkatami vihmavari Saaremaalt P\u00f6ide khk. <a href=\"https:\/\/www.muis.ee\/museaalview\/751170\">(ERM A 961:260)<\/a><\/p><\/div>\n<div id=\"attachment_11880\" style=\"width: 1210px\" class=\"wp-caption aligncenter\"><img loading=\"lazy\" decoding=\"async\" aria-describedby=\"caption-attachment-11880\" data-attachment-id=\"11880\" data-permalink=\"https:\/\/blog.erm.ee\/?attachment_id=11880#main\" data-orig-file=\"https:\/\/blog.erm.ee\/wp-content\/uploads\/2018\/10\/079900_ERM_Fk_2644_9046-e1540276700839.jpg\" data-orig-size=\"1200,791\" data-comments-opened=\"1\" data-image-meta=\"{&quot;aperture&quot;:&quot;0&quot;,&quot;credit&quot;:&quot;&quot;,&quot;camera&quot;:&quot;&quot;,&quot;caption&quot;:&quot;&quot;,&quot;created_timestamp&quot;:&quot;0&quot;,&quot;copyright&quot;:&quot;\\u00a9 Eesti Rahva Muuseum&quot;,&quot;focal_length&quot;:&quot;0&quot;,&quot;iso&quot;:&quot;0&quot;,&quot;shutter_speed&quot;:&quot;0&quot;,&quot;title&quot;:&quot;&quot;,&quot;orientation&quot;:&quot;1&quot;}\" data-image-title=\"079900_ERM_Fk_2644_9046\" data-image-description=\"\" data-image-caption=\"&lt;p&gt;Vihm. 1965. Foto: Viktor Salmre (ERM Fk 2644:9046)&lt;\/p&gt;\n\" data-large-file=\"https:\/\/blog.erm.ee\/wp-content\/uploads\/2018\/10\/079900_ERM_Fk_2644_9046-1024x675.jpg\" class=\"size-full wp-image-11880\" src=\"https:\/\/blog.erm.ee\/wp-content\/uploads\/2018\/10\/079900_ERM_Fk_2644_9046-e1540276700839.jpg\" alt=\"\" width=\"1200\" height=\"791\" \/><p id=\"caption-attachment-11880\" class=\"wp-caption-text\">Vihm. 1965. Foto: Viktor Salmre <a href=\"https:\/\/www.muis.ee\/museaalview\/1510548\">(ERM Fk 2644:9046)<\/a><\/p><\/div>\n<div id=\"attachment_11879\" style=\"width: 1210px\" class=\"wp-caption aligncenter\"><img loading=\"lazy\" decoding=\"async\" aria-describedby=\"caption-attachment-11879\" data-attachment-id=\"11879\" data-permalink=\"https:\/\/blog.erm.ee\/?attachment_id=11879#main\" data-orig-file=\"https:\/\/blog.erm.ee\/wp-content\/uploads\/2018\/10\/074893_ERM_Fk_2644_4039-e1540276291899.jpg\" data-orig-size=\"1200,785\" data-comments-opened=\"1\" data-image-meta=\"{&quot;aperture&quot;:&quot;0&quot;,&quot;credit&quot;:&quot;&quot;,&quot;camera&quot;:&quot;Nikon SUPER COOLSCAN 4000 ED&quot;,&quot;caption&quot;:&quot;&quot;,&quot;created_timestamp&quot;:&quot;0&quot;,&quot;copyright&quot;:&quot;&quot;,&quot;focal_length&quot;:&quot;0&quot;,&quot;iso&quot;:&quot;0&quot;,&quot;shutter_speed&quot;:&quot;0&quot;,&quot;title&quot;:&quot;&quot;,&quot;orientation&quot;:&quot;1&quot;}\" data-image-title=\"074893_ERM_Fk_2644_4039\" data-image-description=\"\" data-image-caption=\"&lt;p&gt;Mees ja naine \u00fche vihmavarju all. 1966. Foto: Viktor Salmre (ERM Fk 2644:4039)&lt;\/p&gt;\n\" data-large-file=\"https:\/\/blog.erm.ee\/wp-content\/uploads\/2018\/10\/074893_ERM_Fk_2644_4039-1024x669.jpg\" class=\"size-full wp-image-11879\" src=\"https:\/\/blog.erm.ee\/wp-content\/uploads\/2018\/10\/074893_ERM_Fk_2644_4039-e1540276291899.jpg\" alt=\"\" width=\"1200\" height=\"785\" \/><p id=\"caption-attachment-11879\" class=\"wp-caption-text\">Mees ja naine \u00fche vihmavarju all. 1966. Foto: Viktor Salmre <a href=\"https:\/\/www.muis.ee\/museaalview\/1508485\">(ERM Fk 2644:4039)<\/a><\/p><\/div>\n<div id=\"attachment_11885\" style=\"width: 1210px\" class=\"wp-caption aligncenter\"><img loading=\"lazy\" decoding=\"async\" aria-describedby=\"caption-attachment-11885\" data-attachment-id=\"11885\" data-permalink=\"https:\/\/blog.erm.ee\/?attachment_id=11885#main\" data-orig-file=\"https:\/\/blog.erm.ee\/wp-content\/uploads\/2018\/10\/032873_ERM_A_963_6_1_2-e1540277476397.jpg\" data-orig-size=\"1200,711\" data-comments-opened=\"1\" data-image-meta=\"{&quot;aperture&quot;:&quot;0&quot;,&quot;credit&quot;:&quot;&quot;,&quot;camera&quot;:&quot;&quot;,&quot;caption&quot;:&quot;&quot;,&quot;created_timestamp&quot;:&quot;0&quot;,&quot;copyright&quot;:&quot;&quot;,&quot;focal_length&quot;:&quot;0&quot;,&quot;iso&quot;:&quot;0&quot;,&quot;shutter_speed&quot;:&quot;0&quot;,&quot;title&quot;:&quot;&quot;,&quot;orientation&quot;:&quot;1&quot;}\" data-image-title=\"032873_ERM_A_963_6_1_2\" data-image-description=\"\" data-image-caption=\"&lt;p&gt;Peenetriibulisest siidist katteriide ja alumiiniumvarrega vihmavari, samast riidest \u00fcmbrisega. 1970ndad. (ERM A 963:6\/1-2)&lt;\/p&gt;\n\" data-large-file=\"https:\/\/blog.erm.ee\/wp-content\/uploads\/2018\/10\/032873_ERM_A_963_6_1_2-1024x607.jpg\" class=\"size-full wp-image-11885\" src=\"https:\/\/blog.erm.ee\/wp-content\/uploads\/2018\/10\/032873_ERM_A_963_6_1_2-e1540277476397.jpg\" alt=\"\" width=\"1200\" height=\"711\" \/><p id=\"caption-attachment-11885\" class=\"wp-caption-text\">Peenetriibulisest siidist katteriide ja alumiiniumvarrega vihmavari, samast riidest \u00fcmbrisega. 1970ndad. <a href=\"https:\/\/www.muis.ee\/museaalview\/753497\">(ERM A 963:6\/1-2)<\/a><\/p><\/div>\n<div id=\"attachment_11876\" style=\"width: 1210px\" class=\"wp-caption aligncenter\"><img loading=\"lazy\" decoding=\"async\" aria-describedby=\"caption-attachment-11876\" data-attachment-id=\"11876\" data-permalink=\"https:\/\/blog.erm.ee\/?attachment_id=11876#main\" data-orig-file=\"https:\/\/blog.erm.ee\/wp-content\/uploads\/2018\/10\/060491_ERM_A_989_35_1_2-e1540277673898.jpg\" data-orig-size=\"1200,1013\" data-comments-opened=\"1\" data-image-meta=\"{&quot;aperture&quot;:&quot;20&quot;,&quot;credit&quot;:&quot;Unspecified&quot;,&quot;camera&quot;:&quot;NIKON D200&quot;,&quot;caption&quot;:&quot;&quot;,&quot;created_timestamp&quot;:&quot;1282903034&quot;,&quot;copyright&quot;:&quot;\\u00a9 Eesti Rahva Muuseum&quot;,&quot;focal_length&quot;:&quot;105&quot;,&quot;iso&quot;:&quot;100&quot;,&quot;shutter_speed&quot;:&quot;0.0333333333333&quot;,&quot;title&quot;:&quot;&quot;,&quot;orientation&quot;:&quot;1&quot;}\" data-image-title=\"060491_ERM_A_989_35_1_2\" data-image-description=\"\" data-image-caption=\"&lt;p&gt;Vihmavari vutlariga. ERMile 1975-1985 kingitud esemete seast. (ERM A 989:35\/1-2)&lt;\/p&gt;\n\" data-large-file=\"https:\/\/blog.erm.ee\/wp-content\/uploads\/2018\/10\/060491_ERM_A_989_35_1_2-1024x864.jpg\" class=\"size-full wp-image-11876\" src=\"https:\/\/blog.erm.ee\/wp-content\/uploads\/2018\/10\/060491_ERM_A_989_35_1_2-e1540277673898.jpg\" alt=\"\" width=\"1200\" height=\"1013\" \/><p id=\"caption-attachment-11876\" class=\"wp-caption-text\">Vihmavari vutlariga. ERMile 1975-1985 kingitud esemete seast. <a href=\"https:\/\/www.muis.ee\/museaalview\/1243288\">(ERM A 989:35\/1-2)<\/a><\/p><\/div>\n<div id=\"attachment_11881\" style=\"width: 1210px\" class=\"wp-caption aligncenter\"><img loading=\"lazy\" decoding=\"async\" aria-describedby=\"caption-attachment-11881\" data-attachment-id=\"11881\" data-permalink=\"https:\/\/blog.erm.ee\/?attachment_id=11881#main\" data-orig-file=\"https:\/\/blog.erm.ee\/wp-content\/uploads\/2018\/10\/083964_ERM_Fk_2644_13110-e1540276351129.jpg\" data-orig-size=\"1200,792\" data-comments-opened=\"1\" data-image-meta=\"{&quot;aperture&quot;:&quot;0&quot;,&quot;credit&quot;:&quot;&quot;,&quot;camera&quot;:&quot;&quot;,&quot;caption&quot;:&quot;&quot;,&quot;created_timestamp&quot;:&quot;0&quot;,&quot;copyright&quot;:&quot;\\u00a9 Eesti Rahva Muuseum&quot;,&quot;focal_length&quot;:&quot;0&quot;,&quot;iso&quot;:&quot;0&quot;,&quot;shutter_speed&quot;:&quot;0&quot;,&quot;title&quot;:&quot;&quot;,&quot;orientation&quot;:&quot;1&quot;}\" data-image-title=\"083964_ERM_Fk_2644_13110\" data-image-description=\"\" data-image-caption=\"&lt;p&gt;Laste tantsupidu. Pealtvaatajad vihmavarjudega. Foto: Viktor Salmre (ERM Fk 2644:13110)&lt;\/p&gt;\n\" data-large-file=\"https:\/\/blog.erm.ee\/wp-content\/uploads\/2018\/10\/083964_ERM_Fk_2644_13110-1024x676.jpg\" class=\"size-full wp-image-11881\" src=\"https:\/\/blog.erm.ee\/wp-content\/uploads\/2018\/10\/083964_ERM_Fk_2644_13110-e1540276351129.jpg\" alt=\"\" width=\"1200\" height=\"792\" \/><p id=\"caption-attachment-11881\" class=\"wp-caption-text\">Laste tantsupidu. Pealtvaatajad vihmavarjudega. 1980. Foto: Viktor Salmre <a href=\"https:\/\/www.muis.ee\/museaalview\/1520271\">(ERM Fk 2644:13110)<\/a><\/p><\/div>\n<div id=\"attachment_11878\" style=\"width: 1210px\" class=\"wp-caption aligncenter\"><img loading=\"lazy\" decoding=\"async\" aria-describedby=\"caption-attachment-11878\" data-attachment-id=\"11878\" data-permalink=\"https:\/\/blog.erm.ee\/?attachment_id=11878#main\" data-orig-file=\"https:\/\/blog.erm.ee\/wp-content\/uploads\/2018\/10\/064603_ERM_A_1005_1-e1540277697793.jpg\" data-orig-size=\"1200,1200\" data-comments-opened=\"1\" data-image-meta=\"{&quot;aperture&quot;:&quot;14&quot;,&quot;credit&quot;:&quot;&quot;,&quot;camera&quot;:&quot;NIKON D200&quot;,&quot;caption&quot;:&quot;&quot;,&quot;created_timestamp&quot;:&quot;1319648179&quot;,&quot;copyright&quot;:&quot;&quot;,&quot;focal_length&quot;:&quot;80&quot;,&quot;iso&quot;:&quot;100&quot;,&quot;shutter_speed&quot;:&quot;0.0166666666667&quot;,&quot;title&quot;:&quot;&quot;,&quot;orientation&quot;:&quot;1&quot;}\" data-image-title=\"064603_ERM_A_1005_1\" data-image-description=\"\" data-image-caption=\"\" data-large-file=\"https:\/\/blog.erm.ee\/wp-content\/uploads\/2018\/10\/064603_ERM_A_1005_1-1024x1024.jpg\" class=\"wp-image-11878 size-full\" src=\"https:\/\/blog.erm.ee\/wp-content\/uploads\/2018\/10\/064603_ERM_A_1005_1-e1540277697793.jpg\" alt=\"\" width=\"1200\" height=\"1200\" \/><p id=\"caption-attachment-11878\" class=\"wp-caption-text\">Isamaa ja Res Publica Liidu turundusmeene aastast 2011. <a href=\"https:\/\/www.muis.ee\/museaalview\/1598178\">(ERM A 1005:1)<\/a><\/p><\/div>\n<h3>Kasutatud allikad:<\/h3>\n<p><a href=\"http:\/\/ee.gbtimes.com\/kultuur\/hiina-leiutised-vihma-ja-paikesevarjud\">http:\/\/ee.gbtimes.com\/kultuur\/hiina-leiutised-vihma-ja-paikesevarjud<\/a><\/p>\n<p><a href=\"http:\/\/www.patricialovett.com\/tag\/paragon-umbrella\/\">http:\/\/www.patricialovett.com\/tag\/paragon-umbrella\/<\/a><\/p>\n<p><a href=\"https:\/\/wol.jw.org\/et\/wol\/d\/r37\/lp-st\/102003526\">https:\/\/wol.jw.org\/et\/wol\/d\/r37\/lp-st\/102003526<\/a><\/p>\n<p><a href=\"http:\/\/uudised.tv3.ee\/meelelahutus\/uudis\/2014\/05\/04\/antiigiraport-kui-kaua-vottis-aega-esimeste-vihmavarjude-kokkupanek\">http:\/\/uudised.tv3.ee\/meelelahutus\/uudis\/2014\/05\/04\/antiigiraport-kui-kaua-vottis-aega-esimeste-vihmavarjude-kokkupanek<\/a><\/p>\n<p><a href=\"https:\/\/wol.jw.org\/et\/wol\/d\/r37\/lp-st\/102003526\">https:\/\/wol.jw.org\/et\/wol\/d\/r37\/lp-st\/102003526<\/a><\/p>\n<div class=\"fcbkbttn_buttons_block\" id=\"fcbkbttn_left\"><div class=\"fcbkbttn_like \"><fb:like href=\"https:\/\/blog.erm.ee\/?p=11874\" action=\"like\" colorscheme=\"light\" layout=\"standard\"  width=\"225px\" size=\"small\"><\/fb:like><\/div><div class=\"fb-share-button  \" data-href=\"https:\/\/blog.erm.ee\/?p=11874\" data-type=\"button\" data-size=\"small\"><\/div><\/div>","protected":false},"excerpt":{"rendered":"<p>Siret Saar, koguhoidja Maarja Vaikmaa, sisuturunduse spetsialist Saabunud s\u00fcgisene aeg ning ilmastikuolud panevad m\u00f5tlema meie parimale vihmakindlale s\u00f5brale, mis t\u00e4nasel p\u00e4eval pahatihti kas koju v\u00f5i kaotatud asjade sekka ununeb. Vihmavarje on kasutatud juba tuhandeid aastaid. Ehkki esimest korda mainiti vihmavarje kirjalikult ligi 3500 aastat tagasi muistses Egiptuses, leiutasid veekindla vihmavarju juba 11. sajandil eKr hiinlased.&hellip;<\/p>\n","protected":false},"author":1,"featured_media":11879,"comment_status":"open","ping_status":"open","sticky":false,"template":"","format":"standard","meta":{"_monsterinsights_skip_tracking":false,"_monsterinsights_sitenote_active":false,"_monsterinsights_sitenote_note":"","_monsterinsights_sitenote_category":0,"jetpack_post_was_ever_published":false,"_jetpack_newsletter_access":"","_jetpack_dont_email_post_to_subs":false,"_jetpack_newsletter_tier_id":0,"_jetpack_memberships_contains_paywalled_content":false,"_jetpack_memberships_contains_paid_content":false,"footnotes":""},"categories":[6,5],"tags":[],"class_list":["post-11874","post","type-post","status-publish","format-standard","has-post-thumbnail","hentry","category-foto","category-museaal"],"yoast_head":"<!-- This site is optimized with the Yoast SEO plugin v27.5 - https:\/\/yoast.com\/product\/yoast-seo-wordpress\/ -->\n<title>Kuiva jalaga r\u00e4\u00e4sta alt vihma k\u00e4tte - Eesti Rahva Muuseumi ajaveeb<\/title>\n<meta name=\"robots\" content=\"index, follow, max-snippet:-1, max-image-preview:large, max-video-preview:-1\" \/>\n<link rel=\"canonical\" href=\"https:\/\/blog.erm.ee\/?p=11874\" \/>\n<meta property=\"og:locale\" content=\"et_EE\" \/>\n<meta property=\"og:type\" content=\"article\" \/>\n<meta property=\"og:title\" content=\"Kuiva jalaga r\u00e4\u00e4sta alt vihma k\u00e4tte - Eesti Rahva Muuseumi ajaveeb\" \/>\n<meta property=\"og:description\" content=\"Siret Saar, koguhoidja Maarja Vaikmaa, sisuturunduse spetsialist Saabunud s\u00fcgisene aeg ning ilmastikuolud panevad m\u00f5tlema meie parimale vihmakindlale s\u00f5brale, mis t\u00e4nasel p\u00e4eval pahatihti kas koju v\u00f5i kaotatud asjade sekka ununeb. Vihmavarje on kasutatud juba tuhandeid aastaid. Ehkki esimest korda mainiti vihmavarje kirjalikult ligi 3500 aastat tagasi muistses Egiptuses, leiutasid veekindla vihmavarju juba 11. sajandil eKr hiinlased.&hellip;\" \/>\n<meta property=\"og:url\" content=\"https:\/\/blog.erm.ee\/?p=11874\" \/>\n<meta property=\"og:site_name\" content=\"Eesti Rahva Muuseumi ajaveeb\" \/>\n<meta property=\"article:published_time\" content=\"2018-10-23T06:58:15+00:00\" \/>\n<meta property=\"article:modified_time\" content=\"2018-10-25T11:26:18+00:00\" \/>\n<meta property=\"og:image\" content=\"https:\/\/blog.erm.ee\/wp-content\/uploads\/2018\/10\/074893_ERM_Fk_2644_4039-e1540276291899.jpg\" \/>\n\t<meta property=\"og:image:width\" content=\"1200\" \/>\n\t<meta property=\"og:image:height\" content=\"785\" \/>\n\t<meta property=\"og:image:type\" content=\"image\/jpeg\" \/>\n<meta name=\"author\" content=\"Eesti Rahva Muuseum\" \/>\n<meta name=\"twitter:card\" content=\"summary_large_image\" \/>\n<meta name=\"twitter:label1\" content=\"Written by\" \/>\n\t<meta name=\"twitter:data1\" content=\"Eesti Rahva Muuseum\" \/>\n\t<meta name=\"twitter:label2\" content=\"Est. reading time\" \/>\n\t<meta name=\"twitter:data2\" content=\"4 minutit\" \/>\n<script type=\"application\/ld+json\" class=\"yoast-schema-graph\">{\"@context\":\"https:\\\/\\\/schema.org\",\"@graph\":[{\"@type\":\"Article\",\"@id\":\"https:\\\/\\\/blog.erm.ee\\\/?p=11874#article\",\"isPartOf\":{\"@id\":\"https:\\\/\\\/blog.erm.ee\\\/?p=11874\"},\"author\":{\"name\":\"Eesti Rahva Muuseum\",\"@id\":\"https:\\\/\\\/blog.erm.ee\\\/#\\\/schema\\\/person\\\/6e98c391cb00a33e7c22a3571e062114\"},\"headline\":\"Kuiva jalaga r\u00e4\u00e4sta alt vihma k\u00e4tte\",\"datePublished\":\"2018-10-23T06:58:15+00:00\",\"dateModified\":\"2018-10-25T11:26:18+00:00\",\"mainEntityOfPage\":{\"@id\":\"https:\\\/\\\/blog.erm.ee\\\/?p=11874\"},\"wordCount\":719,\"commentCount\":0,\"image\":{\"@id\":\"https:\\\/\\\/blog.erm.ee\\\/?p=11874#primaryimage\"},\"thumbnailUrl\":\"https:\\\/\\\/blog.erm.ee\\\/wp-content\\\/uploads\\\/2018\\\/10\\\/074893_ERM_Fk_2644_4039-e1540276291899.jpg\",\"articleSection\":[\"Foto\",\"Museaal\"],\"inLanguage\":\"et\",\"potentialAction\":[{\"@type\":\"CommentAction\",\"name\":\"Comment\",\"target\":[\"https:\\\/\\\/blog.erm.ee\\\/?p=11874#respond\"]}]},{\"@type\":\"WebPage\",\"@id\":\"https:\\\/\\\/blog.erm.ee\\\/?p=11874\",\"url\":\"https:\\\/\\\/blog.erm.ee\\\/?p=11874\",\"name\":\"Kuiva jalaga r\u00e4\u00e4sta alt vihma k\u00e4tte - Eesti Rahva Muuseumi ajaveeb\",\"isPartOf\":{\"@id\":\"https:\\\/\\\/blog.erm.ee\\\/#website\"},\"primaryImageOfPage\":{\"@id\":\"https:\\\/\\\/blog.erm.ee\\\/?p=11874#primaryimage\"},\"image\":{\"@id\":\"https:\\\/\\\/blog.erm.ee\\\/?p=11874#primaryimage\"},\"thumbnailUrl\":\"https:\\\/\\\/blog.erm.ee\\\/wp-content\\\/uploads\\\/2018\\\/10\\\/074893_ERM_Fk_2644_4039-e1540276291899.jpg\",\"datePublished\":\"2018-10-23T06:58:15+00:00\",\"dateModified\":\"2018-10-25T11:26:18+00:00\",\"author\":{\"@id\":\"https:\\\/\\\/blog.erm.ee\\\/#\\\/schema\\\/person\\\/6e98c391cb00a33e7c22a3571e062114\"},\"breadcrumb\":{\"@id\":\"https:\\\/\\\/blog.erm.ee\\\/?p=11874#breadcrumb\"},\"inLanguage\":\"et\",\"potentialAction\":[{\"@type\":\"ReadAction\",\"target\":[\"https:\\\/\\\/blog.erm.ee\\\/?p=11874\"]}]},{\"@type\":\"ImageObject\",\"inLanguage\":\"et\",\"@id\":\"https:\\\/\\\/blog.erm.ee\\\/?p=11874#primaryimage\",\"url\":\"https:\\\/\\\/blog.erm.ee\\\/wp-content\\\/uploads\\\/2018\\\/10\\\/074893_ERM_Fk_2644_4039-e1540276291899.jpg\",\"contentUrl\":\"https:\\\/\\\/blog.erm.ee\\\/wp-content\\\/uploads\\\/2018\\\/10\\\/074893_ERM_Fk_2644_4039-e1540276291899.jpg\",\"width\":1200,\"height\":785,\"caption\":\"Mees ja naine \u00fche vihmavarju all. 1966. Foto: Viktor Salmre (ERM Fk 2644:4039)\"},{\"@type\":\"BreadcrumbList\",\"@id\":\"https:\\\/\\\/blog.erm.ee\\\/?p=11874#breadcrumb\",\"itemListElement\":[{\"@type\":\"ListItem\",\"position\":1,\"name\":\"Home\",\"item\":\"https:\\\/\\\/blog.erm.ee\\\/\"},{\"@type\":\"ListItem\",\"position\":2,\"name\":\"Kuiva jalaga r\u00e4\u00e4sta alt vihma k\u00e4tte\"}]},{\"@type\":\"WebSite\",\"@id\":\"https:\\\/\\\/blog.erm.ee\\\/#website\",\"url\":\"https:\\\/\\\/blog.erm.ee\\\/\",\"name\":\"Eesti Rahva Muuseumi ajaveeb\",\"description\":\"\",\"potentialAction\":[{\"@type\":\"SearchAction\",\"target\":{\"@type\":\"EntryPoint\",\"urlTemplate\":\"https:\\\/\\\/blog.erm.ee\\\/?s={search_term_string}\"},\"query-input\":{\"@type\":\"PropertyValueSpecification\",\"valueRequired\":true,\"valueName\":\"search_term_string\"}}],\"inLanguage\":\"et\"},{\"@type\":\"Person\",\"@id\":\"https:\\\/\\\/blog.erm.ee\\\/#\\\/schema\\\/person\\\/6e98c391cb00a33e7c22a3571e062114\",\"name\":\"Eesti Rahva Muuseum\",\"image\":{\"@type\":\"ImageObject\",\"inLanguage\":\"et\",\"@id\":\"https:\\\/\\\/secure.gravatar.com\\\/avatar\\\/cb6d9ad5fb49f3f7315028ce5fe60641075f2cb52b8a058ff5a985fa2d8c1da0?s=96&d=mm&r=g\",\"url\":\"https:\\\/\\\/secure.gravatar.com\\\/avatar\\\/cb6d9ad5fb49f3f7315028ce5fe60641075f2cb52b8a058ff5a985fa2d8c1da0?s=96&d=mm&r=g\",\"contentUrl\":\"https:\\\/\\\/secure.gravatar.com\\\/avatar\\\/cb6d9ad5fb49f3f7315028ce5fe60641075f2cb52b8a058ff5a985fa2d8c1da0?s=96&d=mm&r=g\",\"caption\":\"Eesti Rahva Muuseum\"},\"sameAs\":[\"http:\\\/\\\/www.erm.ee\"],\"url\":\"https:\\\/\\\/blog.erm.ee\\\/?author=1\"}]}<\/script>\n<!-- \/ Yoast SEO plugin. -->","yoast_head_json":{"title":"Kuiva jalaga r\u00e4\u00e4sta alt vihma k\u00e4tte - Eesti Rahva Muuseumi ajaveeb","robots":{"index":"index","follow":"follow","max-snippet":"max-snippet:-1","max-image-preview":"max-image-preview:large","max-video-preview":"max-video-preview:-1"},"canonical":"https:\/\/blog.erm.ee\/?p=11874","og_locale":"et_EE","og_type":"article","og_title":"Kuiva jalaga r\u00e4\u00e4sta alt vihma k\u00e4tte - Eesti Rahva Muuseumi ajaveeb","og_description":"Siret Saar, koguhoidja Maarja Vaikmaa, sisuturunduse spetsialist Saabunud s\u00fcgisene aeg ning ilmastikuolud panevad m\u00f5tlema meie parimale vihmakindlale s\u00f5brale, mis t\u00e4nasel p\u00e4eval pahatihti kas koju v\u00f5i kaotatud asjade sekka ununeb. Vihmavarje on kasutatud juba tuhandeid aastaid. Ehkki esimest korda mainiti vihmavarje kirjalikult ligi 3500 aastat tagasi muistses Egiptuses, leiutasid veekindla vihmavarju juba 11. sajandil eKr hiinlased.&hellip;","og_url":"https:\/\/blog.erm.ee\/?p=11874","og_site_name":"Eesti Rahva Muuseumi ajaveeb","article_published_time":"2018-10-23T06:58:15+00:00","article_modified_time":"2018-10-25T11:26:18+00:00","og_image":[{"width":1200,"height":785,"url":"https:\/\/blog.erm.ee\/wp-content\/uploads\/2018\/10\/074893_ERM_Fk_2644_4039-e1540276291899.jpg","type":"image\/jpeg"}],"author":"Eesti Rahva Muuseum","twitter_card":"summary_large_image","twitter_misc":{"Written by":"Eesti Rahva Muuseum","Est. reading time":"4 minutit"},"schema":{"@context":"https:\/\/schema.org","@graph":[{"@type":"Article","@id":"https:\/\/blog.erm.ee\/?p=11874#article","isPartOf":{"@id":"https:\/\/blog.erm.ee\/?p=11874"},"author":{"name":"Eesti Rahva Muuseum","@id":"https:\/\/blog.erm.ee\/#\/schema\/person\/6e98c391cb00a33e7c22a3571e062114"},"headline":"Kuiva jalaga r\u00e4\u00e4sta alt vihma k\u00e4tte","datePublished":"2018-10-23T06:58:15+00:00","dateModified":"2018-10-25T11:26:18+00:00","mainEntityOfPage":{"@id":"https:\/\/blog.erm.ee\/?p=11874"},"wordCount":719,"commentCount":0,"image":{"@id":"https:\/\/blog.erm.ee\/?p=11874#primaryimage"},"thumbnailUrl":"https:\/\/blog.erm.ee\/wp-content\/uploads\/2018\/10\/074893_ERM_Fk_2644_4039-e1540276291899.jpg","articleSection":["Foto","Museaal"],"inLanguage":"et","potentialAction":[{"@type":"CommentAction","name":"Comment","target":["https:\/\/blog.erm.ee\/?p=11874#respond"]}]},{"@type":"WebPage","@id":"https:\/\/blog.erm.ee\/?p=11874","url":"https:\/\/blog.erm.ee\/?p=11874","name":"Kuiva jalaga r\u00e4\u00e4sta alt vihma k\u00e4tte - Eesti Rahva Muuseumi ajaveeb","isPartOf":{"@id":"https:\/\/blog.erm.ee\/#website"},"primaryImageOfPage":{"@id":"https:\/\/blog.erm.ee\/?p=11874#primaryimage"},"image":{"@id":"https:\/\/blog.erm.ee\/?p=11874#primaryimage"},"thumbnailUrl":"https:\/\/blog.erm.ee\/wp-content\/uploads\/2018\/10\/074893_ERM_Fk_2644_4039-e1540276291899.jpg","datePublished":"2018-10-23T06:58:15+00:00","dateModified":"2018-10-25T11:26:18+00:00","author":{"@id":"https:\/\/blog.erm.ee\/#\/schema\/person\/6e98c391cb00a33e7c22a3571e062114"},"breadcrumb":{"@id":"https:\/\/blog.erm.ee\/?p=11874#breadcrumb"},"inLanguage":"et","potentialAction":[{"@type":"ReadAction","target":["https:\/\/blog.erm.ee\/?p=11874"]}]},{"@type":"ImageObject","inLanguage":"et","@id":"https:\/\/blog.erm.ee\/?p=11874#primaryimage","url":"https:\/\/blog.erm.ee\/wp-content\/uploads\/2018\/10\/074893_ERM_Fk_2644_4039-e1540276291899.jpg","contentUrl":"https:\/\/blog.erm.ee\/wp-content\/uploads\/2018\/10\/074893_ERM_Fk_2644_4039-e1540276291899.jpg","width":1200,"height":785,"caption":"Mees ja naine \u00fche vihmavarju all. 1966. Foto: Viktor Salmre (ERM Fk 2644:4039)"},{"@type":"BreadcrumbList","@id":"https:\/\/blog.erm.ee\/?p=11874#breadcrumb","itemListElement":[{"@type":"ListItem","position":1,"name":"Home","item":"https:\/\/blog.erm.ee\/"},{"@type":"ListItem","position":2,"name":"Kuiva jalaga r\u00e4\u00e4sta alt vihma k\u00e4tte"}]},{"@type":"WebSite","@id":"https:\/\/blog.erm.ee\/#website","url":"https:\/\/blog.erm.ee\/","name":"Eesti Rahva Muuseumi ajaveeb","description":"","potentialAction":[{"@type":"SearchAction","target":{"@type":"EntryPoint","urlTemplate":"https:\/\/blog.erm.ee\/?s={search_term_string}"},"query-input":{"@type":"PropertyValueSpecification","valueRequired":true,"valueName":"search_term_string"}}],"inLanguage":"et"},{"@type":"Person","@id":"https:\/\/blog.erm.ee\/#\/schema\/person\/6e98c391cb00a33e7c22a3571e062114","name":"Eesti Rahva Muuseum","image":{"@type":"ImageObject","inLanguage":"et","@id":"https:\/\/secure.gravatar.com\/avatar\/cb6d9ad5fb49f3f7315028ce5fe60641075f2cb52b8a058ff5a985fa2d8c1da0?s=96&d=mm&r=g","url":"https:\/\/secure.gravatar.com\/avatar\/cb6d9ad5fb49f3f7315028ce5fe60641075f2cb52b8a058ff5a985fa2d8c1da0?s=96&d=mm&r=g","contentUrl":"https:\/\/secure.gravatar.com\/avatar\/cb6d9ad5fb49f3f7315028ce5fe60641075f2cb52b8a058ff5a985fa2d8c1da0?s=96&d=mm&r=g","caption":"Eesti Rahva Muuseum"},"sameAs":["http:\/\/www.erm.ee"],"url":"https:\/\/blog.erm.ee\/?author=1"}]}},"jetpack_featured_media_url":"https:\/\/blog.erm.ee\/wp-content\/uploads\/2018\/10\/074893_ERM_Fk_2644_4039-e1540276291899.jpg","jetpack_shortlink":"https:\/\/wp.me\/p2l9Zd-35w","jetpack_sharing_enabled":true,"jetpack_likes_enabled":true,"_links":{"self":[{"href":"https:\/\/blog.erm.ee\/index.php?rest_route=\/wp\/v2\/posts\/11874","targetHints":{"allow":["GET"]}}],"collection":[{"href":"https:\/\/blog.erm.ee\/index.php?rest_route=\/wp\/v2\/posts"}],"about":[{"href":"https:\/\/blog.erm.ee\/index.php?rest_route=\/wp\/v2\/types\/post"}],"author":[{"embeddable":true,"href":"https:\/\/blog.erm.ee\/index.php?rest_route=\/wp\/v2\/users\/1"}],"replies":[{"embeddable":true,"href":"https:\/\/blog.erm.ee\/index.php?rest_route=%2Fwp%2Fv2%2Fcomments&post=11874"}],"version-history":[{"count":5,"href":"https:\/\/blog.erm.ee\/index.php?rest_route=\/wp\/v2\/posts\/11874\/revisions"}],"predecessor-version":[{"id":11893,"href":"https:\/\/blog.erm.ee\/index.php?rest_route=\/wp\/v2\/posts\/11874\/revisions\/11893"}],"wp:featuredmedia":[{"embeddable":true,"href":"https:\/\/blog.erm.ee\/index.php?rest_route=\/wp\/v2\/media\/11879"}],"wp:attachment":[{"href":"https:\/\/blog.erm.ee\/index.php?rest_route=%2Fwp%2Fv2%2Fmedia&parent=11874"}],"wp:term":[{"taxonomy":"category","embeddable":true,"href":"https:\/\/blog.erm.ee\/index.php?rest_route=%2Fwp%2Fv2%2Fcategories&post=11874"},{"taxonomy":"post_tag","embeddable":true,"href":"https:\/\/blog.erm.ee\/index.php?rest_route=%2Fwp%2Fv2%2Ftags&post=11874"}],"curies":[{"name":"wp","href":"https:\/\/api.w.org\/{rel}","templated":true}]}}