{"id":11863,"date":"2018-10-16T10:19:00","date_gmt":"2018-10-16T07:19:00","guid":{"rendered":"https:\/\/blog.erm.ee\/?p=11863"},"modified":"2018-10-16T10:21:00","modified_gmt":"2018-10-16T07:21:00","slug":"muuseumigurud-uhiskondlikel-probleemidel-on-kultuurikihtidesse-ulatuvad-juured","status":"publish","type":"post","link":"https:\/\/blog.erm.ee\/?p=11863","title":{"rendered":"Muuseumigurud: \u00fchiskondlikel probleemidel on kultuurikihtidesse ulatuvad juured"},"content":{"rendered":"<div class=\"fcbkbttn_buttons_block\" id=\"fcbkbttn_left\"><div class=\"fcbkbttn_like \"><fb:like href=\"https:\/\/blog.erm.ee\/?p=11863\" action=\"like\" colorscheme=\"light\" layout=\"standard\"  width=\"225px\" size=\"small\"><\/fb:like><\/div><div class=\"fb-share-button  \" data-href=\"https:\/\/blog.erm.ee\/?p=11863\" data-type=\"button\" data-size=\"small\"><\/div><\/div><p style=\"text-align: justify;\"><em><span class=\"name\">Krista Lepik<\/span>, Tartu \u00dclikooli \u00f5ppej\u00f5ud ja ICOMi liige<br \/>\nArtikkel ilmus 15.10.2018 <a href=\"https:\/\/novaator.err.ee\/869185\/muuseumigurud-uhiskondlikel-probleemidel-on-kultuurikihtidesse-ulatuvad-juured\">ERRi teadusportaalis Novaator<\/a><br \/>\n<\/em><\/p>\n<div class=\"lead\" style=\"text-align: justify;\">\n<p><strong>Mida t\u00e4hendab see, kui sinu rahvale oluline kultuuriv\u00e4\u00e4rtus r\u00f6\u00f6vitakse ja eksponeeritakse kusagil muuseumis mingile v\u00f5\u00f5rale kultuurile omaste t\u00f5ekspidamiste alusel? Mida t\u00e4hendab immigrandiks olemine \u2013 kes oled sa oma kodumaa jaoks, kellena koheldakse sind aga riigis, kuhu oled kolinud v\u00f5i koguni p\u00f5genenud? Kes aitaks meil m\u00f5ista seda &#8220;teist&#8221; v\u00f5i &#8220;neid v\u00f5\u00f5raid&#8221;?<\/strong><\/p>\n<\/div>\n<div class=\"text flex-row\">\n<p style=\"text-align: justify;\">Kes on \u00fcldse &#8220;meie&#8221; ja kuidas muuseumid saavad aidata meil end turvaliselt tunda maailmas, mis praktiliselt igal kuul \u00fcllatab m\u00f5ne poliitilise, sotsiaalse, keskkonnast tuleneva v\u00f5i kultuurilise probleemiga?<\/p>\n<p style=\"text-align: justify;\">Neid ja veel paljusid teisi k\u00fcsimusi t\u00f5statasid maailma muuseumigurud Eesti Rahva Muuseumis hiljuti ERMis toimunud<a href=\"http:\/\/www.erm.ee\/en\/news\/re%E2%80%90imagining-museum-global-contemporary\" target=\"_blank\" rel=\"noopener\"> Rahvusvahelise Muuseumide N\u00f5ukogu (ICOM), alakomitee ICME aastakonverentsil<\/a>.<\/p>\n<p style=\"text-align: justify;\">Kusagil kultuurikihi all s\u00fctena h\u00f5\u00f5guvad vanad s\u00fc\u00fcteod ja eba\u00f5iglused, erinevatest kriisidest p\u00f5hjustatud rahvaste r\u00e4ndamised t\u00e4na ja ka homme, hirm v\u00f5imalike uute probleemide ees \u2013 need ei ole midagi v\u00e4ikesele Eestile eriomast. Pigem on need probleemid, mis kultuurilistest erinevustest hoolimata loovad uue globaalse tausts\u00fcsteemi, mis m\u00f5jutab erinevate inimeste, aga ka asutuste, sh muuseumide tegevust.<\/p>\n<p style=\"text-align: justify;\">T\u00e4nap\u00e4eva muuseumigurudel on v\u00e4lja pakkuda rohkem k\u00fcsimusi kui vastuseid, kuid on ilmselge, et erinevate \u00fchiskondlike probleemidega tuleb j\u00e4rjest aktiivsemalt tegeleda ka muuseumidel. Eeldusest, et etnograafiamuuseumid pelgalt koguvad ja eksponeerivad vokke ning \u00f5llekappasid, ollakse muuseumide maailmas j\u00f5utud juba ammu kaugemale. <a href=\"https:\/\/le.ac.uk\/museum-studies\/about\/journals\/museum-society\" target=\"_blank\" rel=\"noopener\">Muuseumide roll on oma kogusid t\u00f5lgendada ning esitada t\u00f5lgenduste p\u00f5hjal teatav vaade maailmas<\/a>t. Siit tekib aga juba Eesti kirjandusklassiku, Tammsaare ajast tuttav k\u00fcsimus: kelle p\u00e4ralt on t\u00f5de ja \u00f5igus?<\/p>\n<p style=\"text-align: justify;\">Meie, eestlased, saame lubada endale kultuurim\u00e4lu talletamist ja selle l\u00e4bi t\u00f6\u00f6tamist oma rahvuslikes m\u00e4luasutustes. Ometi leidub maailmas j\u00e4tkuvalt erineva taustaga p\u00f5liselanikke, kelle oma t\u00f5de ning oma \u00f5igus j\u00e4\u00e4vad veel t\u00e4nap\u00e4evalgi neid \u00fchel v\u00f5i teisel moel vallutanud rahvaste ajalookirjutajate meelevalda.<\/p>\n<p style=\"text-align: justify;\">Postkolonialism on seega seda konverentsi punase niidina l\u00e4biv teema, mis v\u00f5imaldab parimatel eriala asjatundjatel k\u00fcsida: kuidas saab muuseum parimal moel m\u00f5testada, problematiseerida ja ka mitmekesistada erinevate rahvakildude kultuurip\u00e4randi esitust oma ekspositsioonis? V\u00f5i ka: kuidas peaks muuseum t\u00f6\u00f6tama tundlike materjalide ja teemadega nagu n\u00e4iteks inims\u00e4ilmed, religioosse v\u00e4\u00e4rtusega esemed v\u00f5i genotsiid?<\/p>\n<p style=\"text-align: justify;\">Arvamuste mitmekesisust toetav muuseum ei p\u00f6\u00f6rdu vaid erinevate etniliste gruppide esindajate poole: leidub veel tegureid, mis ka sama rahvuse siseselt v\u00f5ivad muuseumik\u00fclastust m\u00f5jutada. Vanus, sugu, haridustase, eksponeeritava teemaga enam v\u00f5i v\u00e4hem kursis olemine, ja l\u00f5puks ka muuseumik\u00fclastuse eesm\u00e4rk ise v\u00f5ib paljuski vormida muuseumis kogetut.<\/p>\n<p style=\"text-align: justify;\">Muuseum ei t\u00e4henda sealjuures enam lihtsalt kohta, kus kultuuri tarbida: muuseum on oma olemuselt ka kaasav, erinevatel viisidel kultuurilist osalemist v\u00f5imaldav asutus. Eesti Rahva Muuseum on siinkohal eriti k\u00e4ep\u00e4rane n\u00e4ide, kuna selle kogudele toimus aluse panek juba enam kui saja aasta eest, mil eestimeelsed haritlased osalesid erinevates Eesti paigus vanavara kogumisretkedel.<\/p>\n<aside class=\"small-double no-style\"><\/aside>\n<p style=\"text-align: justify;\">Muuseumi ainese kogumine ise aga j\u00e4tkub, kuna iga uus p\u00e4ev, kuu ja aasta toob kaasa uusi olukordi ning esemeid, mida omakorda m\u00f5nek\u00fcmne aasta p\u00e4rast saame imestades, h\u00e4benedes v\u00f5i nostalgitsedes meenutada. Tehnilised vahendid, mille kaudu muuseumik\u00fclastust v\u00f5i -osalust v\u00f5imaldada, on sealjuures \u00e4\u00e4rmiselt mitmekesiseid v\u00f5imalusi pakkuvad. Valik on lai: v\u00e4ikelastele m\u00f5eldud, m\u00f5ne eksponaadiga seotud tegeluskomplektidest kuni puutetundlike ekraanideni, mis v\u00f5imaldavad erinevatel muuseumik\u00fclastajatel avastada just nende jaoks huvitavaid muuseumieksponaadiga seotud t\u00e4henduskihte.<\/p>\n<p style=\"text-align: justify;\">Kuiv\u00f5rd muuseumik\u00fclastus saab paljudel juhtudel alguse internetist, s.t siis, kui v\u00f5imalik k\u00fclastaja l\u00e4heb muuseumi kodulehele vaatama infot lahtiolekuaegade v\u00f5i piletihindade kohta, ei ole v\u00e4hem oluline ka see, mida muuseum oma virtuaalkanalite vahendusel pakub. Siinkohal tekib aga k\u00fcsimus: kas muuseumi pakutav langeb kokku v\u00f5imaliku k\u00fclastaja ootustega, v\u00f5i j\u00e4\u00e4b viimasel midagi olulist m\u00e4rkamata ning ta otsustab hoopis m\u00f5ne muu tegevuse (mitte aga muuseumik\u00fclastuse) kasuks?<\/p>\n<p style=\"text-align: justify;\">Sellest olenevalt on vaja tunda oma k\u00fclastajat, oma kogukonda, ning koguda tema k\u00e4est aeg-ajalt ideid ning tagasisidet selle kohta, mida loodab ta leida nii muuseumi f\u00fc\u00fcsilisest kui ka virtuaalruumist.<\/p>\n<p style=\"text-align: justify;\">T\u00e4nap\u00e4eva (etnograafia)muuseum tegutseb erakordselt d\u00fcnaamilises ning ettearvamatus maailmas. Partnerluse kaudu erinevate kogukondade, huvigruppide ja teiste muuseumidega on muuseumil <a href=\"http:\/\/icomeesti.ee\/muud-icomi-dokumendid\/muuseumidefinitsioon\" target=\"_blank\" rel=\"noopener\">v\u00f5imalik anda oma kaalukas panus \u00fchiskonda ja selle arengusse<\/a> v\u00f5imalik, et n\u00f5nda leidagi \u00fcheskoos vastused selle artikli alguses p\u00fcstitatud k\u00fcsimustele.<\/p>\n<p style=\"text-align: justify;\">\u00dchiskondlikel probleemidel, millega muuseumid kokku puutuvad, v\u00f5ivad olla p\u00f5hjatutesse kultuurikihtidesse ulatuvad juured, kuid nende vanade probleemide v\u00e4ltimine ja edasil\u00fckkamine toob kaasa vaid uusi h\u00e4dasid. Nii v\u00f5ibki olla just muuseum see asutus, mis \u00f5petab meid vaatama, kuulama ja hoolima.<\/p>\n<div id=\"attachment_11866\" style=\"width: 1210px\" class=\"wp-caption aligncenter\"><img loading=\"lazy\" decoding=\"async\" aria-describedby=\"caption-attachment-11866\" data-attachment-id=\"11866\" data-permalink=\"https:\/\/blog.erm.ee\/?attachment_id=11866#main\" data-orig-file=\"https:\/\/blog.erm.ee\/wp-content\/uploads\/2018\/10\/44298885865_b55a0988d4_k-e1539674208855.jpg\" data-orig-size=\"1200,800\" data-comments-opened=\"1\" data-image-meta=\"{&quot;aperture&quot;:&quot;0&quot;,&quot;credit&quot;:&quot;&quot;,&quot;camera&quot;:&quot;&quot;,&quot;caption&quot;:&quot;&quot;,&quot;created_timestamp&quot;:&quot;0&quot;,&quot;copyright&quot;:&quot;&quot;,&quot;focal_length&quot;:&quot;0&quot;,&quot;iso&quot;:&quot;0&quot;,&quot;shutter_speed&quot;:&quot;0&quot;,&quot;title&quot;:&quot;&quot;,&quot;orientation&quot;:&quot;0&quot;}\" data-image-title=\"44298885865_b55a0988d4_k\" data-image-description=\"\" data-image-caption=\"\" data-large-file=\"https:\/\/blog.erm.ee\/wp-content\/uploads\/2018\/10\/44298885865_b55a0988d4_k-1024x683.jpg\" class=\"wp-image-11866 size-full\" src=\"https:\/\/blog.erm.ee\/wp-content\/uploads\/2018\/10\/44298885865_b55a0988d4_k-e1539674208855.jpg\" alt=\"\" width=\"1200\" height=\"800\" \/><p id=\"caption-attachment-11866\" class=\"wp-caption-text\">Esimese p\u00e4eva plenaaresineja professor Andrea Witcombi (Deakin University, Austraalia) ettekandele j\u00e4rgnes sisukas arutelu. Foto: Aivo P\u00f5llu\u00e4\u00e4r<\/p><\/div>\n<div id=\"attachment_11864\" style=\"width: 1210px\" class=\"wp-caption aligncenter\"><img loading=\"lazy\" decoding=\"async\" aria-describedby=\"caption-attachment-11864\" data-attachment-id=\"11864\" data-permalink=\"https:\/\/blog.erm.ee\/?attachment_id=11864#main\" data-orig-file=\"https:\/\/blog.erm.ee\/wp-content\/uploads\/2018\/10\/Konverentsik\u00fclastajad-ERMis-ekskursioonil_Foto-Aivo-P\u00f5llu\u00e4\u00e4r-e1539674230461.jpg\" data-orig-size=\"1200,800\" data-comments-opened=\"1\" data-image-meta=\"{&quot;aperture&quot;:&quot;0&quot;,&quot;credit&quot;:&quot;&quot;,&quot;camera&quot;:&quot;&quot;,&quot;caption&quot;:&quot;&quot;,&quot;created_timestamp&quot;:&quot;0&quot;,&quot;copyright&quot;:&quot;&quot;,&quot;focal_length&quot;:&quot;0&quot;,&quot;iso&quot;:&quot;0&quot;,&quot;shutter_speed&quot;:&quot;0&quot;,&quot;title&quot;:&quot;&quot;,&quot;orientation&quot;:&quot;0&quot;}\" data-image-title=\"Konverentsik\u00fclastajad ERMis ekskursioonil_Foto Aivo P\u00f5llu\u00e4\u00e4r\" data-image-description=\"\" data-image-caption=\"\" data-large-file=\"https:\/\/blog.erm.ee\/wp-content\/uploads\/2018\/10\/Konverentsik\u00fclastajad-ERMis-ekskursioonil_Foto-Aivo-P\u00f5llu\u00e4\u00e4r-1024x683.jpg\" class=\"wp-image-11864 size-full\" src=\"https:\/\/blog.erm.ee\/wp-content\/uploads\/2018\/10\/Konverentsik\u00fclastajad-ERMis-ekskursioonil_Foto-Aivo-P\u00f5llu\u00e4\u00e4r-e1539674230461.jpg\" alt=\"\" width=\"1200\" height=\"800\" \/><p id=\"caption-attachment-11864\" class=\"wp-caption-text\">Konverentsik\u00fclastajad ERMi kogudes ekskursioonil. Foto: Aivo P\u00f5llu\u00e4\u00e4r<\/p><\/div>\n<\/div>\n<div class=\"fcbkbttn_buttons_block\" id=\"fcbkbttn_left\"><div class=\"fcbkbttn_like \"><fb:like href=\"https:\/\/blog.erm.ee\/?p=11863\" action=\"like\" colorscheme=\"light\" layout=\"standard\"  width=\"225px\" size=\"small\"><\/fb:like><\/div><div class=\"fb-share-button  \" data-href=\"https:\/\/blog.erm.ee\/?p=11863\" data-type=\"button\" data-size=\"small\"><\/div><\/div>","protected":false},"excerpt":{"rendered":"<p>Krista Lepik, Tartu \u00dclikooli \u00f5ppej\u00f5ud ja ICOMi liige Artikkel ilmus 15.10.2018 ERRi teadusportaalis Novaator Mida t\u00e4hendab see, kui sinu rahvale oluline kultuuriv\u00e4\u00e4rtus r\u00f6\u00f6vitakse ja eksponeeritakse kusagil muuseumis mingile v\u00f5\u00f5rale kultuurile omaste t\u00f5ekspidamiste alusel? Mida t\u00e4hendab immigrandiks olemine \u2013 kes oled sa oma kodumaa jaoks, kellena koheldakse sind aga riigis, kuhu oled kolinud v\u00f5i koguni p\u00f5genenud?&hellip;<\/p>\n","protected":false},"author":1,"featured_media":11864,"comment_status":"open","ping_status":"open","sticky":false,"template":"","format":"standard","meta":{"_monsterinsights_skip_tracking":false,"_monsterinsights_sitenote_active":false,"_monsterinsights_sitenote_note":"","_monsterinsights_sitenote_category":0,"jetpack_post_was_ever_published":false,"_jetpack_newsletter_access":"","_jetpack_dont_email_post_to_subs":false,"_jetpack_newsletter_tier_id":0,"_jetpack_memberships_contains_paywalled_content":false,"_jetpack_memberships_contains_paid_content":false,"footnotes":""},"categories":[20,19,10],"tags":[],"class_list":["post-11863","post","type-post","status-publish","format-standard","has-post-thumbnail","hentry","category-muuseumimotted","category-sundmus","category-teadus"],"yoast_head":"<!-- This site is optimized with the Yoast SEO plugin v27.5 - https:\/\/yoast.com\/product\/yoast-seo-wordpress\/ -->\n<title>Muuseumigurud: \u00fchiskondlikel probleemidel on kultuurikihtidesse ulatuvad juured - Eesti Rahva Muuseumi ajaveeb<\/title>\n<meta name=\"robots\" content=\"index, follow, max-snippet:-1, max-image-preview:large, max-video-preview:-1\" \/>\n<link rel=\"canonical\" href=\"https:\/\/blog.erm.ee\/?p=11863\" \/>\n<meta property=\"og:locale\" content=\"et_EE\" \/>\n<meta property=\"og:type\" content=\"article\" \/>\n<meta property=\"og:title\" content=\"Muuseumigurud: \u00fchiskondlikel probleemidel on kultuurikihtidesse ulatuvad juured - Eesti Rahva Muuseumi ajaveeb\" \/>\n<meta property=\"og:description\" content=\"Krista Lepik, Tartu \u00dclikooli \u00f5ppej\u00f5ud ja ICOMi liige Artikkel ilmus 15.10.2018 ERRi teadusportaalis Novaator Mida t\u00e4hendab see, kui sinu rahvale oluline kultuuriv\u00e4\u00e4rtus r\u00f6\u00f6vitakse ja eksponeeritakse kusagil muuseumis mingile v\u00f5\u00f5rale kultuurile omaste t\u00f5ekspidamiste alusel? Mida t\u00e4hendab immigrandiks olemine \u2013 kes oled sa oma kodumaa jaoks, kellena koheldakse sind aga riigis, kuhu oled kolinud v\u00f5i koguni p\u00f5genenud?&hellip;\" \/>\n<meta property=\"og:url\" content=\"https:\/\/blog.erm.ee\/?p=11863\" \/>\n<meta property=\"og:site_name\" content=\"Eesti Rahva Muuseumi ajaveeb\" \/>\n<meta property=\"article:published_time\" content=\"2018-10-16T07:19:00+00:00\" \/>\n<meta property=\"article:modified_time\" content=\"2018-10-16T07:21:00+00:00\" \/>\n<meta property=\"og:image\" content=\"https:\/\/blog.erm.ee\/wp-content\/uploads\/2018\/10\/Konverentsik\u00fclastajad-ERMis-ekskursioonil_Foto-Aivo-P\u00f5llu\u00e4\u00e4r-e1539674230461.jpg\" \/>\n\t<meta property=\"og:image:width\" content=\"1200\" \/>\n\t<meta property=\"og:image:height\" content=\"800\" \/>\n\t<meta property=\"og:image:type\" content=\"image\/jpeg\" \/>\n<meta name=\"author\" content=\"Eesti Rahva Muuseum\" \/>\n<meta name=\"twitter:card\" content=\"summary_large_image\" \/>\n<meta name=\"twitter:label1\" content=\"Written by\" \/>\n\t<meta name=\"twitter:data1\" content=\"Eesti Rahva Muuseum\" \/>\n\t<meta name=\"twitter:label2\" content=\"Est. reading time\" \/>\n\t<meta name=\"twitter:data2\" content=\"4 minutit\" \/>\n<script type=\"application\/ld+json\" class=\"yoast-schema-graph\">{\"@context\":\"https:\\\/\\\/schema.org\",\"@graph\":[{\"@type\":\"Article\",\"@id\":\"https:\\\/\\\/blog.erm.ee\\\/?p=11863#article\",\"isPartOf\":{\"@id\":\"https:\\\/\\\/blog.erm.ee\\\/?p=11863\"},\"author\":{\"name\":\"Eesti Rahva Muuseum\",\"@id\":\"https:\\\/\\\/blog.erm.ee\\\/#\\\/schema\\\/person\\\/6e98c391cb00a33e7c22a3571e062114\"},\"headline\":\"Muuseumigurud: \u00fchiskondlikel probleemidel on kultuurikihtidesse ulatuvad juured\",\"datePublished\":\"2018-10-16T07:19:00+00:00\",\"dateModified\":\"2018-10-16T07:21:00+00:00\",\"mainEntityOfPage\":{\"@id\":\"https:\\\/\\\/blog.erm.ee\\\/?p=11863\"},\"wordCount\":828,\"commentCount\":0,\"image\":{\"@id\":\"https:\\\/\\\/blog.erm.ee\\\/?p=11863#primaryimage\"},\"thumbnailUrl\":\"https:\\\/\\\/blog.erm.ee\\\/wp-content\\\/uploads\\\/2018\\\/10\\\/Konverentsik\u00fclastajad-ERMis-ekskursioonil_Foto-Aivo-P\u00f5llu\u00e4\u00e4r-e1539674230461.jpg\",\"articleSection\":[\"Muuseumim\u00f5tted\",\"S\u00fcndmus\",\"Teadus\"],\"inLanguage\":\"et\",\"potentialAction\":[{\"@type\":\"CommentAction\",\"name\":\"Comment\",\"target\":[\"https:\\\/\\\/blog.erm.ee\\\/?p=11863#respond\"]}]},{\"@type\":\"WebPage\",\"@id\":\"https:\\\/\\\/blog.erm.ee\\\/?p=11863\",\"url\":\"https:\\\/\\\/blog.erm.ee\\\/?p=11863\",\"name\":\"Muuseumigurud: \u00fchiskondlikel probleemidel on kultuurikihtidesse ulatuvad juured - Eesti Rahva Muuseumi ajaveeb\",\"isPartOf\":{\"@id\":\"https:\\\/\\\/blog.erm.ee\\\/#website\"},\"primaryImageOfPage\":{\"@id\":\"https:\\\/\\\/blog.erm.ee\\\/?p=11863#primaryimage\"},\"image\":{\"@id\":\"https:\\\/\\\/blog.erm.ee\\\/?p=11863#primaryimage\"},\"thumbnailUrl\":\"https:\\\/\\\/blog.erm.ee\\\/wp-content\\\/uploads\\\/2018\\\/10\\\/Konverentsik\u00fclastajad-ERMis-ekskursioonil_Foto-Aivo-P\u00f5llu\u00e4\u00e4r-e1539674230461.jpg\",\"datePublished\":\"2018-10-16T07:19:00+00:00\",\"dateModified\":\"2018-10-16T07:21:00+00:00\",\"author\":{\"@id\":\"https:\\\/\\\/blog.erm.ee\\\/#\\\/schema\\\/person\\\/6e98c391cb00a33e7c22a3571e062114\"},\"breadcrumb\":{\"@id\":\"https:\\\/\\\/blog.erm.ee\\\/?p=11863#breadcrumb\"},\"inLanguage\":\"et\",\"potentialAction\":[{\"@type\":\"ReadAction\",\"target\":[\"https:\\\/\\\/blog.erm.ee\\\/?p=11863\"]}]},{\"@type\":\"ImageObject\",\"inLanguage\":\"et\",\"@id\":\"https:\\\/\\\/blog.erm.ee\\\/?p=11863#primaryimage\",\"url\":\"https:\\\/\\\/blog.erm.ee\\\/wp-content\\\/uploads\\\/2018\\\/10\\\/Konverentsik\u00fclastajad-ERMis-ekskursioonil_Foto-Aivo-P\u00f5llu\u00e4\u00e4r-e1539674230461.jpg\",\"contentUrl\":\"https:\\\/\\\/blog.erm.ee\\\/wp-content\\\/uploads\\\/2018\\\/10\\\/Konverentsik\u00fclastajad-ERMis-ekskursioonil_Foto-Aivo-P\u00f5llu\u00e4\u00e4r-e1539674230461.jpg\",\"width\":1200,\"height\":800},{\"@type\":\"BreadcrumbList\",\"@id\":\"https:\\\/\\\/blog.erm.ee\\\/?p=11863#breadcrumb\",\"itemListElement\":[{\"@type\":\"ListItem\",\"position\":1,\"name\":\"Home\",\"item\":\"https:\\\/\\\/blog.erm.ee\\\/\"},{\"@type\":\"ListItem\",\"position\":2,\"name\":\"Muuseumigurud: \u00fchiskondlikel probleemidel on kultuurikihtidesse ulatuvad juured\"}]},{\"@type\":\"WebSite\",\"@id\":\"https:\\\/\\\/blog.erm.ee\\\/#website\",\"url\":\"https:\\\/\\\/blog.erm.ee\\\/\",\"name\":\"Eesti Rahva Muuseumi ajaveeb\",\"description\":\"\",\"potentialAction\":[{\"@type\":\"SearchAction\",\"target\":{\"@type\":\"EntryPoint\",\"urlTemplate\":\"https:\\\/\\\/blog.erm.ee\\\/?s={search_term_string}\"},\"query-input\":{\"@type\":\"PropertyValueSpecification\",\"valueRequired\":true,\"valueName\":\"search_term_string\"}}],\"inLanguage\":\"et\"},{\"@type\":\"Person\",\"@id\":\"https:\\\/\\\/blog.erm.ee\\\/#\\\/schema\\\/person\\\/6e98c391cb00a33e7c22a3571e062114\",\"name\":\"Eesti Rahva Muuseum\",\"image\":{\"@type\":\"ImageObject\",\"inLanguage\":\"et\",\"@id\":\"https:\\\/\\\/secure.gravatar.com\\\/avatar\\\/cb6d9ad5fb49f3f7315028ce5fe60641075f2cb52b8a058ff5a985fa2d8c1da0?s=96&d=mm&r=g\",\"url\":\"https:\\\/\\\/secure.gravatar.com\\\/avatar\\\/cb6d9ad5fb49f3f7315028ce5fe60641075f2cb52b8a058ff5a985fa2d8c1da0?s=96&d=mm&r=g\",\"contentUrl\":\"https:\\\/\\\/secure.gravatar.com\\\/avatar\\\/cb6d9ad5fb49f3f7315028ce5fe60641075f2cb52b8a058ff5a985fa2d8c1da0?s=96&d=mm&r=g\",\"caption\":\"Eesti Rahva Muuseum\"},\"sameAs\":[\"http:\\\/\\\/www.erm.ee\"],\"url\":\"https:\\\/\\\/blog.erm.ee\\\/?author=1\"}]}<\/script>\n<!-- \/ Yoast SEO plugin. -->","yoast_head_json":{"title":"Muuseumigurud: \u00fchiskondlikel probleemidel on kultuurikihtidesse ulatuvad juured - Eesti Rahva Muuseumi ajaveeb","robots":{"index":"index","follow":"follow","max-snippet":"max-snippet:-1","max-image-preview":"max-image-preview:large","max-video-preview":"max-video-preview:-1"},"canonical":"https:\/\/blog.erm.ee\/?p=11863","og_locale":"et_EE","og_type":"article","og_title":"Muuseumigurud: \u00fchiskondlikel probleemidel on kultuurikihtidesse ulatuvad juured - Eesti Rahva Muuseumi ajaveeb","og_description":"Krista Lepik, Tartu \u00dclikooli \u00f5ppej\u00f5ud ja ICOMi liige Artikkel ilmus 15.10.2018 ERRi teadusportaalis Novaator Mida t\u00e4hendab see, kui sinu rahvale oluline kultuuriv\u00e4\u00e4rtus r\u00f6\u00f6vitakse ja eksponeeritakse kusagil muuseumis mingile v\u00f5\u00f5rale kultuurile omaste t\u00f5ekspidamiste alusel? Mida t\u00e4hendab immigrandiks olemine \u2013 kes oled sa oma kodumaa jaoks, kellena koheldakse sind aga riigis, kuhu oled kolinud v\u00f5i koguni p\u00f5genenud?&hellip;","og_url":"https:\/\/blog.erm.ee\/?p=11863","og_site_name":"Eesti Rahva Muuseumi ajaveeb","article_published_time":"2018-10-16T07:19:00+00:00","article_modified_time":"2018-10-16T07:21:00+00:00","og_image":[{"width":1200,"height":800,"url":"https:\/\/blog.erm.ee\/wp-content\/uploads\/2018\/10\/Konverentsik\u00fclastajad-ERMis-ekskursioonil_Foto-Aivo-P\u00f5llu\u00e4\u00e4r-e1539674230461.jpg","type":"image\/jpeg"}],"author":"Eesti Rahva Muuseum","twitter_card":"summary_large_image","twitter_misc":{"Written by":"Eesti Rahva Muuseum","Est. reading time":"4 minutit"},"schema":{"@context":"https:\/\/schema.org","@graph":[{"@type":"Article","@id":"https:\/\/blog.erm.ee\/?p=11863#article","isPartOf":{"@id":"https:\/\/blog.erm.ee\/?p=11863"},"author":{"name":"Eesti Rahva Muuseum","@id":"https:\/\/blog.erm.ee\/#\/schema\/person\/6e98c391cb00a33e7c22a3571e062114"},"headline":"Muuseumigurud: \u00fchiskondlikel probleemidel on kultuurikihtidesse ulatuvad juured","datePublished":"2018-10-16T07:19:00+00:00","dateModified":"2018-10-16T07:21:00+00:00","mainEntityOfPage":{"@id":"https:\/\/blog.erm.ee\/?p=11863"},"wordCount":828,"commentCount":0,"image":{"@id":"https:\/\/blog.erm.ee\/?p=11863#primaryimage"},"thumbnailUrl":"https:\/\/blog.erm.ee\/wp-content\/uploads\/2018\/10\/Konverentsik\u00fclastajad-ERMis-ekskursioonil_Foto-Aivo-P\u00f5llu\u00e4\u00e4r-e1539674230461.jpg","articleSection":["Muuseumim\u00f5tted","S\u00fcndmus","Teadus"],"inLanguage":"et","potentialAction":[{"@type":"CommentAction","name":"Comment","target":["https:\/\/blog.erm.ee\/?p=11863#respond"]}]},{"@type":"WebPage","@id":"https:\/\/blog.erm.ee\/?p=11863","url":"https:\/\/blog.erm.ee\/?p=11863","name":"Muuseumigurud: \u00fchiskondlikel probleemidel on kultuurikihtidesse ulatuvad juured - Eesti Rahva Muuseumi ajaveeb","isPartOf":{"@id":"https:\/\/blog.erm.ee\/#website"},"primaryImageOfPage":{"@id":"https:\/\/blog.erm.ee\/?p=11863#primaryimage"},"image":{"@id":"https:\/\/blog.erm.ee\/?p=11863#primaryimage"},"thumbnailUrl":"https:\/\/blog.erm.ee\/wp-content\/uploads\/2018\/10\/Konverentsik\u00fclastajad-ERMis-ekskursioonil_Foto-Aivo-P\u00f5llu\u00e4\u00e4r-e1539674230461.jpg","datePublished":"2018-10-16T07:19:00+00:00","dateModified":"2018-10-16T07:21:00+00:00","author":{"@id":"https:\/\/blog.erm.ee\/#\/schema\/person\/6e98c391cb00a33e7c22a3571e062114"},"breadcrumb":{"@id":"https:\/\/blog.erm.ee\/?p=11863#breadcrumb"},"inLanguage":"et","potentialAction":[{"@type":"ReadAction","target":["https:\/\/blog.erm.ee\/?p=11863"]}]},{"@type":"ImageObject","inLanguage":"et","@id":"https:\/\/blog.erm.ee\/?p=11863#primaryimage","url":"https:\/\/blog.erm.ee\/wp-content\/uploads\/2018\/10\/Konverentsik\u00fclastajad-ERMis-ekskursioonil_Foto-Aivo-P\u00f5llu\u00e4\u00e4r-e1539674230461.jpg","contentUrl":"https:\/\/blog.erm.ee\/wp-content\/uploads\/2018\/10\/Konverentsik\u00fclastajad-ERMis-ekskursioonil_Foto-Aivo-P\u00f5llu\u00e4\u00e4r-e1539674230461.jpg","width":1200,"height":800},{"@type":"BreadcrumbList","@id":"https:\/\/blog.erm.ee\/?p=11863#breadcrumb","itemListElement":[{"@type":"ListItem","position":1,"name":"Home","item":"https:\/\/blog.erm.ee\/"},{"@type":"ListItem","position":2,"name":"Muuseumigurud: \u00fchiskondlikel probleemidel on kultuurikihtidesse ulatuvad juured"}]},{"@type":"WebSite","@id":"https:\/\/blog.erm.ee\/#website","url":"https:\/\/blog.erm.ee\/","name":"Eesti Rahva Muuseumi ajaveeb","description":"","potentialAction":[{"@type":"SearchAction","target":{"@type":"EntryPoint","urlTemplate":"https:\/\/blog.erm.ee\/?s={search_term_string}"},"query-input":{"@type":"PropertyValueSpecification","valueRequired":true,"valueName":"search_term_string"}}],"inLanguage":"et"},{"@type":"Person","@id":"https:\/\/blog.erm.ee\/#\/schema\/person\/6e98c391cb00a33e7c22a3571e062114","name":"Eesti Rahva Muuseum","image":{"@type":"ImageObject","inLanguage":"et","@id":"https:\/\/secure.gravatar.com\/avatar\/cb6d9ad5fb49f3f7315028ce5fe60641075f2cb52b8a058ff5a985fa2d8c1da0?s=96&d=mm&r=g","url":"https:\/\/secure.gravatar.com\/avatar\/cb6d9ad5fb49f3f7315028ce5fe60641075f2cb52b8a058ff5a985fa2d8c1da0?s=96&d=mm&r=g","contentUrl":"https:\/\/secure.gravatar.com\/avatar\/cb6d9ad5fb49f3f7315028ce5fe60641075f2cb52b8a058ff5a985fa2d8c1da0?s=96&d=mm&r=g","caption":"Eesti Rahva Muuseum"},"sameAs":["http:\/\/www.erm.ee"],"url":"https:\/\/blog.erm.ee\/?author=1"}]}},"jetpack_featured_media_url":"https:\/\/blog.erm.ee\/wp-content\/uploads\/2018\/10\/Konverentsik\u00fclastajad-ERMis-ekskursioonil_Foto-Aivo-P\u00f5llu\u00e4\u00e4r-e1539674230461.jpg","jetpack_shortlink":"https:\/\/wp.me\/p2l9Zd-35l","jetpack_sharing_enabled":true,"jetpack_likes_enabled":true,"_links":{"self":[{"href":"https:\/\/blog.erm.ee\/index.php?rest_route=\/wp\/v2\/posts\/11863","targetHints":{"allow":["GET"]}}],"collection":[{"href":"https:\/\/blog.erm.ee\/index.php?rest_route=\/wp\/v2\/posts"}],"about":[{"href":"https:\/\/blog.erm.ee\/index.php?rest_route=\/wp\/v2\/types\/post"}],"author":[{"embeddable":true,"href":"https:\/\/blog.erm.ee\/index.php?rest_route=\/wp\/v2\/users\/1"}],"replies":[{"embeddable":true,"href":"https:\/\/blog.erm.ee\/index.php?rest_route=%2Fwp%2Fv2%2Fcomments&post=11863"}],"version-history":[{"count":2,"href":"https:\/\/blog.erm.ee\/index.php?rest_route=\/wp\/v2\/posts\/11863\/revisions"}],"predecessor-version":[{"id":11868,"href":"https:\/\/blog.erm.ee\/index.php?rest_route=\/wp\/v2\/posts\/11863\/revisions\/11868"}],"wp:featuredmedia":[{"embeddable":true,"href":"https:\/\/blog.erm.ee\/index.php?rest_route=\/wp\/v2\/media\/11864"}],"wp:attachment":[{"href":"https:\/\/blog.erm.ee\/index.php?rest_route=%2Fwp%2Fv2%2Fmedia&parent=11863"}],"wp:term":[{"taxonomy":"category","embeddable":true,"href":"https:\/\/blog.erm.ee\/index.php?rest_route=%2Fwp%2Fv2%2Fcategories&post=11863"},{"taxonomy":"post_tag","embeddable":true,"href":"https:\/\/blog.erm.ee\/index.php?rest_route=%2Fwp%2Fv2%2Ftags&post=11863"}],"curies":[{"name":"wp","href":"https:\/\/api.w.org\/{rel}","templated":true}]}}