{"id":11645,"date":"2018-08-02T09:32:40","date_gmt":"2018-08-02T06:32:40","guid":{"rendered":"https:\/\/blog.erm.ee\/?p=11645"},"modified":"2021-08-04T09:17:53","modified_gmt":"2021-08-04T06:17:53","slug":"gumnaasiumiopilastest-said-ermis-kuraatorid","status":"publish","type":"post","link":"https:\/\/blog.erm.ee\/?p=11645","title":{"rendered":"G\u00fcmnaasiumi\u00f5pilastest said ERMis kuraatorid"},"content":{"rendered":"<div class=\"fcbkbttn_buttons_block\" id=\"fcbkbttn_left\"><div class=\"fcbkbttn_like \"><fb:like href=\"https:\/\/blog.erm.ee\/?p=11645\" action=\"like\" colorscheme=\"light\" layout=\"standard\"  width=\"225px\" size=\"small\"><\/fb:like><\/div><div class=\"fb-share-button  \" data-href=\"https:\/\/blog.erm.ee\/?p=11645\" data-type=\"button\" data-size=\"small\"><\/div><\/div><p>N\u00e4ituse kuraatorid ja artikli autorid: Merette Arula, Ester Asso, Anni Leena Kolk, Karmen Kukk, Katri K\u00f5va, Maarja Leedj\u00e4rv, Olivia Raudsik, Katre Krit Sallum, Kerli Unt<\/p>\n<p>Oleme \u00fcheksa noort Hugo Treffneri g\u00fcmnaasiumist ning 29. mail avasime Eesti Rahva Muuseumi osalussaalis oma n\u00e4ituse \u201c\u00d5itsev (aju)vabadus. Noorte elust ja olust 1990. aastate Eestis\u201d (<a href=\"http:\/\/www.erm.ee\/et\/content\/osalussaal-90ndad\">loe lisa<\/a>).<\/p>\n<p>Eelmisel aastal v\u00f5ttis muuseum meie kooliga \u00fchendust ning pakkus v\u00f5imalust kooli\u00f5pilastel oma n\u00e4itus \u00fcles panna. See projekt usaldati meie klassile ning meie \u00fcheksakesi haarasime v\u00f5imalusest kinni. Saime suvepuhkuseks m\u00f5tlemisainet, mis meid \u00fcheksak\u00fcmnendate puhul k\u00f5netab ning teha eelt\u00f6\u00f6d enda m\u00f5tetes. T\u00f5sisem t\u00f6\u00f6 algas aga augustis. Nimelt 31. augustil, mil me korraldasime enda esimese pika t\u00f6\u00f6koosoleku, teadmata tol hetkel veel, et sama pikad koosolekud ootavad meid ees terve \u00f5ppeaasta v\u00e4ltel. Esimesel korral kaardistasime ajur\u00fcnnaku k\u00e4igus m\u00e4rks\u00f5nu, mis meile selle k\u00fcmnendiga seostuvad.<\/p>\n<p><img loading=\"lazy\" decoding=\"async\" data-attachment-id=\"11646\" data-permalink=\"https:\/\/blog.erm.ee\/?attachment_id=11646#main\" data-orig-file=\"https:\/\/blog.erm.ee\/wp-content\/uploads\/2018\/08\/20170831_120955-e1533127726904.jpg\" data-orig-size=\"1200,675\" data-comments-opened=\"1\" data-image-meta=\"{&quot;aperture&quot;:&quot;1.9&quot;,&quot;credit&quot;:&quot;&quot;,&quot;camera&quot;:&quot;SM-J500FN&quot;,&quot;caption&quot;:&quot;&quot;,&quot;created_timestamp&quot;:&quot;1504181395&quot;,&quot;copyright&quot;:&quot;&quot;,&quot;focal_length&quot;:&quot;3.7&quot;,&quot;iso&quot;:&quot;100&quot;,&quot;shutter_speed&quot;:&quot;0.030303030303&quot;,&quot;title&quot;:&quot;&quot;,&quot;orientation&quot;:&quot;1&quot;}\" data-image-title=\"20170831_120955\" data-image-description=\"\" data-image-caption=\"\" data-large-file=\"https:\/\/blog.erm.ee\/wp-content\/uploads\/2018\/08\/20170831_120955-1024x576.jpg\" class=\"aligncenter size-full wp-image-11646\" src=\"https:\/\/blog.erm.ee\/wp-content\/uploads\/2018\/08\/20170831_120955-e1533127726904.jpg\" alt=\"\" width=\"1200\" height=\"675\" \/><\/p>\n<p style=\"text-align: justify;\">Lisaks valmistas osalussaali toonane produtsent Jaanika Jaanits meid ette eelseisvaks intervjueerimiseks. Saime k\u00f5ik endale \u00fclesandeks teha j\u00e4rgmiseks kohtumiseks kaks prooviintervjuud, et saada k\u00e4tte intervjueerimise k\u00e4igus valdav tunne ja raputada maha esmane kartus selle protsessi ees. K\u00f5ik t\u00f5desid, et intervjueerimine oli p\u00f5nev ning olid valmis alustama t\u00f5elise info kogumisega. Enne veel soovisime aga k\u00fcmnendisse veel s\u00fcgavamale kaevuda. Me uurisime tolleaegseid ajalehev\u00e4ljaandeid. N\u00e4iteks lugesime l\u00e4bi Eesti Naise 90ndate numbrid, paljud Postimehe numbrid ning tutvusime ka ERMi arhiivis olevate Korrespondentide vastustega. Uurimise k\u00e4igus kujunesid meil v\u00e4lja valdkonnad, mis meile enim huvi pakkusid. Otsustasime keskenduda pigem kultuurile ning igap\u00e4evaelulistele s\u00fcndmustele. Leidsime, et need on teemad, mille tutvustamiseks pole koolitundides piisavalt aega, kuid mis on siiski olulised.<\/p>\n<p style=\"text-align: justify;\">P\u00e4rast m\u00f5ningat uurimist olime valmis koostama intervjuude jaoks k\u00fcsimuskava. See tuli p\u00e4ris mahukas &#8211; pea kaks A4 k\u00fcsimusi. Leppisime aga kokku, et enda eesm\u00e4rgiks ei v\u00f5ta me k\u00f5ikide k\u00fcsimuste k\u00fcsimist intervjueeritavate k\u00e4est, vaid nagu professionaalsed intervjueerijadki, oleme paindlikud ning k\u00e4itume vastavalt intervjuu sujuvusele. Intervjuudega soovisime koguda emotsioone ja m\u00e4lestusi, mis p\u00e4rinevad tol ajal elanud noorelt, et seel\u00e4bi ajastut veelgi paremini m\u00f5ista.<\/p>\n<p style=\"text-align: justify;\">Lehtede v\u00e4rvirohkuse keskel alustasime s\u00fcgisel intervjuude l\u00e4biviimist. Kuna me soovisime tabada 90ndate aastate noore perspektiivi, valisime intervjueeritavateks inimesed, kes tol ajal olid vastavas vanuses. Samuti tahtsime katta intervjuudega kogu Eestit. P\u00e4riselt intervjueerimise kogemus oli sama p\u00f5nev kui prooviintervjuu korral. Kuid seekord oli asi ametlikum. S\u00f5lmisime intervjueeritavaga lepingu ning kogu protsess n\u00e4gi v\u00e4lja nagu oleksime olnud ehtsad folkloristid.<\/p>\n<p style=\"text-align: justify;\">P\u00e4rast intervjuude teostamist hakkasime nendest v\u00e4lja noppima meie jaoks huvitavaid m\u00f5tteid, teadmisi ja p\u00f5nevaid lugusid. Detsembrikuus toimus suur kodeerimisp\u00e4ev, mil t\u00f6\u00f6tasime l\u00e4bi k\u00f5ik intervjuud \u00fclima t\u00e4psusega.<\/p>\n<p><img loading=\"lazy\" decoding=\"async\" data-attachment-id=\"11647\" data-permalink=\"https:\/\/blog.erm.ee\/?attachment_id=11647#main\" data-orig-file=\"https:\/\/blog.erm.ee\/wp-content\/uploads\/2018\/08\/20171208_125909.jpg\" data-orig-size=\"3279,2186\" data-comments-opened=\"1\" data-image-meta=\"{&quot;aperture&quot;:&quot;1.9&quot;,&quot;credit&quot;:&quot;&quot;,&quot;camera&quot;:&quot;SM-J500FN&quot;,&quot;caption&quot;:&quot;&quot;,&quot;created_timestamp&quot;:&quot;1512737949&quot;,&quot;copyright&quot;:&quot;&quot;,&quot;focal_length&quot;:&quot;3.7&quot;,&quot;iso&quot;:&quot;1250&quot;,&quot;shutter_speed&quot;:&quot;0.0588235294118&quot;,&quot;title&quot;:&quot;&quot;,&quot;orientation&quot;:&quot;1&quot;}\" data-image-title=\"20171208_125909\" data-image-description=\"\" data-image-caption=\"\" data-large-file=\"https:\/\/blog.erm.ee\/wp-content\/uploads\/2018\/08\/20171208_125909-1024x683.jpg\" class=\"aligncenter size-full wp-image-11647\" src=\"https:\/\/blog.erm.ee\/wp-content\/uploads\/2018\/08\/20171208_125909.jpg\" alt=\"\" width=\"3279\" height=\"2186\" srcset=\"https:\/\/blog.erm.ee\/wp-content\/uploads\/2018\/08\/20171208_125909.jpg 3279w, https:\/\/blog.erm.ee\/wp-content\/uploads\/2018\/08\/20171208_125909-390x260.jpg 390w, https:\/\/blog.erm.ee\/wp-content\/uploads\/2018\/08\/20171208_125909-300x200.jpg 300w, https:\/\/blog.erm.ee\/wp-content\/uploads\/2018\/08\/20171208_125909-768x512.jpg 768w, https:\/\/blog.erm.ee\/wp-content\/uploads\/2018\/08\/20171208_125909-1024x683.jpg 1024w\" sizes=\"auto, (max-width: 3279px) 100vw, 3279px\" \/><\/p>\n<p>T\u00f6\u00f6p\u00e4eva tulemusena valmis m\u00f5istekaart, mis sai meie \u00fcheks ideede s\u00e4ilitamise tugisambaks.<\/p>\n<p><img loading=\"lazy\" decoding=\"async\" data-attachment-id=\"11648\" data-permalink=\"https:\/\/blog.erm.ee\/?attachment_id=11648#main\" data-orig-file=\"https:\/\/blog.erm.ee\/wp-content\/uploads\/2018\/08\/20171212_133833-e1533129037847.jpg\" data-orig-size=\"1200,900\" data-comments-opened=\"1\" data-image-meta=\"{&quot;aperture&quot;:&quot;1.7&quot;,&quot;credit&quot;:&quot;&quot;,&quot;camera&quot;:&quot;SM-J530F&quot;,&quot;caption&quot;:&quot;&quot;,&quot;created_timestamp&quot;:&quot;1513085913&quot;,&quot;copyright&quot;:&quot;&quot;,&quot;focal_length&quot;:&quot;3.71&quot;,&quot;iso&quot;:&quot;40&quot;,&quot;shutter_speed&quot;:&quot;0.00934579439252&quot;,&quot;title&quot;:&quot;&quot;,&quot;orientation&quot;:&quot;1&quot;}\" data-image-title=\"20171212_133833\" data-image-description=\"\" data-image-caption=\"\" data-large-file=\"https:\/\/blog.erm.ee\/wp-content\/uploads\/2018\/08\/20171212_133833-1024x768.jpg\" class=\"aligncenter size-full wp-image-11648\" src=\"https:\/\/blog.erm.ee\/wp-content\/uploads\/2018\/08\/20171212_133833-e1533129037847.jpg\" alt=\"\" width=\"1200\" height=\"900\" \/><\/p>\n<p style=\"text-align: justify;\">P\u00e4rast v\u00e4ikest talvist puhkust alustasime jaanuaris taas t\u00f6\u00f6d uue hooga ning ka uue juhendajaga, kelleks oli osalussaali produtsent Kata Maria Saluri. Siis kohtusime ka esmakordselt Tartu Kunstikooli \u00f5pilastega, kellega enda tekkinud ideid jagasime. Talve jooksul toimusid erinevad koosviibimised ning tasapisi hakkas v\u00e4lja kooruma ettekujutus, mida me kindlasti enda n\u00e4itusele tahame. Alustasime ka enda ideede reaalset teostamist. Otsisime endale appi inimesi, kes meid tehniliselt aidata v\u00f5iksid. N\u00e4iteks konsulteerisime fotograafiga, et teha \u00fclesv\u00f5te n\u00e4itusel oleva fotoseina jaoks. Samuti pidasime l\u00e4bir\u00e4\u00e4kimisi programmeerijaga, et pakkuda n\u00e4itusek\u00fclastajatele v\u00f5imalust panna enda teadmised proovile muusika- ja m\u00e4lum\u00e4ngus.<\/p>\n<p style=\"text-align: justify;\">N\u00e4itust hakkasime \u00fcles seadma 23. mail. Siis k\u00e4ivitus hoogne ehitust\u00f6\u00f6 n\u00e4itusesaalis. Meie n\u00e4itusel on kahekorruseline ehitis, mille ehitusmehed vapralt teostasid. Alguses olid nad selle suhtes k\u00fcll veidi skeptilised, kuid meie idee viisid nad siiski laitmatult ellu.<\/p>\n<p><img loading=\"lazy\" decoding=\"async\" data-attachment-id=\"11649\" data-permalink=\"https:\/\/blog.erm.ee\/?attachment_id=11649#main\" data-orig-file=\"https:\/\/blog.erm.ee\/wp-content\/uploads\/2018\/08\/IMG_5224-e1533129244739.jpg\" data-orig-size=\"1200,900\" data-comments-opened=\"1\" data-image-meta=\"{&quot;aperture&quot;:&quot;2.4&quot;,&quot;credit&quot;:&quot;&quot;,&quot;camera&quot;:&quot;iPhone 5&quot;,&quot;caption&quot;:&quot;&quot;,&quot;created_timestamp&quot;:&quot;1527500848&quot;,&quot;copyright&quot;:&quot;&quot;,&quot;focal_length&quot;:&quot;4.12&quot;,&quot;iso&quot;:&quot;160&quot;,&quot;shutter_speed&quot;:&quot;0.05&quot;,&quot;title&quot;:&quot;&quot;,&quot;orientation&quot;:&quot;1&quot;}\" data-image-title=\"IMG_5224\" data-image-description=\"\" data-image-caption=\"\" data-large-file=\"https:\/\/blog.erm.ee\/wp-content\/uploads\/2018\/08\/IMG_5224-1024x768.jpg\" class=\"aligncenter size-full wp-image-11649\" src=\"https:\/\/blog.erm.ee\/wp-content\/uploads\/2018\/08\/IMG_5224-e1533129244739.jpg\" alt=\"\" width=\"1200\" height=\"900\" \/><\/p>\n<p style=\"text-align: justify;\">Ehituse juures olime ka ise abiks. Tegime v\u00e4rvimis-ning tapeetimist\u00f6id. Samuti oli meie kanda igasugune paigutamise osa. Seadsime valmis vitriine, kinnitasime postkaarte, kujundasime.<\/p>\n<p><img loading=\"lazy\" decoding=\"async\" data-attachment-id=\"11650\" data-permalink=\"https:\/\/blog.erm.ee\/?attachment_id=11650#main\" data-orig-file=\"https:\/\/blog.erm.ee\/wp-content\/uploads\/2018\/08\/IMG_5233-e1533129369506.jpg\" data-orig-size=\"1200,900\" data-comments-opened=\"1\" data-image-meta=\"{&quot;aperture&quot;:&quot;2.4&quot;,&quot;credit&quot;:&quot;&quot;,&quot;camera&quot;:&quot;iPhone 5&quot;,&quot;caption&quot;:&quot;&quot;,&quot;created_timestamp&quot;:&quot;1527529155&quot;,&quot;copyright&quot;:&quot;&quot;,&quot;focal_length&quot;:&quot;4.12&quot;,&quot;iso&quot;:&quot;200&quot;,&quot;shutter_speed&quot;:&quot;0.05&quot;,&quot;title&quot;:&quot;&quot;,&quot;orientation&quot;:&quot;1&quot;}\" data-image-title=\"IMG_5233\" data-image-description=\"\" data-image-caption=\"\" data-large-file=\"https:\/\/blog.erm.ee\/wp-content\/uploads\/2018\/08\/IMG_5233-1024x768.jpg\" class=\"aligncenter size-full wp-image-11650\" src=\"https:\/\/blog.erm.ee\/wp-content\/uploads\/2018\/08\/IMG_5233-e1533129369506.jpg\" alt=\"\" width=\"1200\" height=\"900\" \/><\/p>\n<p style=\"text-align: justify;\">Viimased asjad said paika vaid loetud tunnid enne avamist. Oli imeline n\u00e4ha seda suurt ja ajamahukat t\u00f6\u00f6d oma silme ees, olles \u00fcmbritsetud inimestest, kellega koos see k\u00f5ik teoks sai. Terve p\u00e4eva oli hinges soojus ja r\u00f5\u00f5m ning l\u00f5puks saime oma n\u00e4itust ka perele ja s\u00f5pradele n\u00e4idata.<\/p>\n<div id=\"attachment_11651\" style=\"width: 1210px\" class=\"wp-caption aligncenter\"><img loading=\"lazy\" decoding=\"async\" aria-describedby=\"caption-attachment-11651\" data-attachment-id=\"11651\" data-permalink=\"https:\/\/blog.erm.ee\/?attachment_id=11651#main\" data-orig-file=\"https:\/\/blog.erm.ee\/wp-content\/uploads\/2018\/08\/bv0003-e1533129470420.jpg\" data-orig-size=\"1200,800\" data-comments-opened=\"1\" data-image-meta=\"{&quot;aperture&quot;:&quot;8&quot;,&quot;credit&quot;:&quot;&quot;,&quot;camera&quot;:&quot;Canon EOS-1D X Mark II&quot;,&quot;caption&quot;:&quot;&quot;,&quot;created_timestamp&quot;:&quot;1527613602&quot;,&quot;copyright&quot;:&quot;&quot;,&quot;focal_length&quot;:&quot;70&quot;,&quot;iso&quot;:&quot;1250&quot;,&quot;shutter_speed&quot;:&quot;0.008&quot;,&quot;title&quot;:&quot;&quot;,&quot;orientation&quot;:&quot;1&quot;}\" data-image-title=\"bv0003\" data-image-description=\"\" data-image-caption=\"&lt;p&gt;Foto: Merta Vosman&lt;\/p&gt;\n\" data-large-file=\"https:\/\/blog.erm.ee\/wp-content\/uploads\/2018\/08\/bv0003-1024x683.jpg\" class=\"size-full wp-image-11651\" src=\"https:\/\/blog.erm.ee\/wp-content\/uploads\/2018\/08\/bv0003-e1533129470420.jpg\" alt=\"\" width=\"1200\" height=\"800\" \/><p id=\"caption-attachment-11651\" class=\"wp-caption-text\">Foto: Berta Vosman<\/p><\/div>\n<p style=\"text-align: justify;\">Tagasiside on olnud \u00fc\u00fcratult positiivne ning see tasub n\u00e4htud vaeva kuhjaga \u00e4ra.<\/p>\n<p style=\"text-align: justify;\">Selline ainulaadne kogemus rikastas k\u00f5vasti meie kogemuste- ja oskustepagasit, saime osa muuseumit\u00f6\u00f6 telgitagustest ning tunneme n\u00fc\u00fcd ERMi tagaruume peaaegu sama h\u00e4sti kui Tartu t\u00e4navaid. Oleme \u00fc\u00fcratult \u00f5nnelikud, et kooliaasta alguses sellist v\u00f5imalust k\u00e4est ei lasknud ning raskuste kiuste v\u00f5idukalt valmis n\u00e4ituseni j\u00f5udsime. Suur t\u00e4nu Eesti Rahva Muuseumile, kes meile sellise suure projekti usaldas. Samuti meie t\u00e4nus\u00f5nad k\u00f5igile asjaosalistele, kelleta see n\u00e4itus poleks s\u00fcndinud.<\/p>\n<p style=\"text-align: justify;\">Meie n\u00e4itus on avatud 14. oktoobrini, olete oodatud!<\/p>\n<div class=\"fcbkbttn_buttons_block\" id=\"fcbkbttn_left\"><div class=\"fcbkbttn_like \"><fb:like href=\"https:\/\/blog.erm.ee\/?p=11645\" action=\"like\" colorscheme=\"light\" layout=\"standard\"  width=\"225px\" size=\"small\"><\/fb:like><\/div><div class=\"fb-share-button  \" data-href=\"https:\/\/blog.erm.ee\/?p=11645\" data-type=\"button\" data-size=\"small\"><\/div><\/div>","protected":false},"excerpt":{"rendered":"<p>N\u00e4ituse kuraatorid ja artikli autorid: Merette Arula, Ester Asso, Anni Leena Kolk, Karmen Kukk, Katri K\u00f5va, Maarja Leedj\u00e4rv, Olivia Raudsik, Katre Krit Sallum, Kerli Unt Oleme \u00fcheksa noort Hugo Treffneri g\u00fcmnaasiumist ning 29. mail avasime Eesti Rahva Muuseumi osalussaalis oma n\u00e4ituse \u201c\u00d5itsev (aju)vabadus. Noorte elust ja olust 1990. aastate Eestis\u201d (loe lisa). Eelmisel aastal v\u00f5ttis&hellip;<\/p>\n","protected":false},"author":1,"featured_media":11647,"comment_status":"open","ping_status":"open","sticky":false,"template":"","format":"standard","meta":{"_monsterinsights_skip_tracking":false,"_monsterinsights_sitenote_active":false,"_monsterinsights_sitenote_note":"","_monsterinsights_sitenote_category":0,"jetpack_post_was_ever_published":false,"_jetpack_newsletter_access":"","_jetpack_dont_email_post_to_subs":false,"_jetpack_newsletter_tier_id":0,"_jetpack_memberships_contains_paywalled_content":false,"_jetpack_memberships_contains_paid_content":false,"footnotes":""},"categories":[7,30],"tags":[],"class_list":["post-11645","post","type-post","status-publish","format-standard","has-post-thumbnail","hentry","category-naitus","category-osalus"],"yoast_head":"<!-- This site is optimized with the Yoast SEO plugin v27.5 - https:\/\/yoast.com\/product\/yoast-seo-wordpress\/ -->\n<title>G\u00fcmnaasiumi\u00f5pilastest said ERMis kuraatorid - Eesti Rahva Muuseumi ajaveeb<\/title>\n<meta name=\"robots\" content=\"index, follow, max-snippet:-1, max-image-preview:large, max-video-preview:-1\" \/>\n<link rel=\"canonical\" href=\"https:\/\/blog.erm.ee\/?p=11645\" \/>\n<meta property=\"og:locale\" content=\"et_EE\" \/>\n<meta property=\"og:type\" content=\"article\" \/>\n<meta property=\"og:title\" content=\"G\u00fcmnaasiumi\u00f5pilastest said ERMis kuraatorid - Eesti Rahva Muuseumi ajaveeb\" \/>\n<meta property=\"og:description\" content=\"N\u00e4ituse kuraatorid ja artikli autorid: Merette Arula, Ester Asso, Anni Leena Kolk, Karmen Kukk, Katri K\u00f5va, Maarja Leedj\u00e4rv, Olivia Raudsik, Katre Krit Sallum, Kerli Unt Oleme \u00fcheksa noort Hugo Treffneri g\u00fcmnaasiumist ning 29. mail avasime Eesti Rahva Muuseumi osalussaalis oma n\u00e4ituse \u201c\u00d5itsev (aju)vabadus. Noorte elust ja olust 1990. aastate Eestis\u201d (loe lisa). Eelmisel aastal v\u00f5ttis&hellip;\" \/>\n<meta property=\"og:url\" content=\"https:\/\/blog.erm.ee\/?p=11645\" \/>\n<meta property=\"og:site_name\" content=\"Eesti Rahva Muuseumi ajaveeb\" \/>\n<meta property=\"article:published_time\" content=\"2018-08-02T06:32:40+00:00\" \/>\n<meta property=\"article:modified_time\" content=\"2021-08-04T06:17:53+00:00\" \/>\n<meta property=\"og:image\" content=\"https:\/\/blog.erm.ee\/wp-content\/uploads\/2018\/08\/20171208_125909.jpg\" \/>\n\t<meta property=\"og:image:width\" content=\"3279\" \/>\n\t<meta property=\"og:image:height\" content=\"2186\" \/>\n\t<meta property=\"og:image:type\" content=\"image\/jpeg\" \/>\n<meta name=\"author\" content=\"Eesti Rahva Muuseum\" \/>\n<meta name=\"twitter:card\" content=\"summary_large_image\" \/>\n<meta name=\"twitter:label1\" content=\"Written by\" \/>\n\t<meta name=\"twitter:data1\" content=\"Eesti Rahva Muuseum\" \/>\n\t<meta name=\"twitter:label2\" content=\"Est. reading time\" \/>\n\t<meta name=\"twitter:data2\" content=\"5 minutit\" \/>\n<script type=\"application\/ld+json\" class=\"yoast-schema-graph\">{\"@context\":\"https:\\\/\\\/schema.org\",\"@graph\":[{\"@type\":\"Article\",\"@id\":\"https:\\\/\\\/blog.erm.ee\\\/?p=11645#article\",\"isPartOf\":{\"@id\":\"https:\\\/\\\/blog.erm.ee\\\/?p=11645\"},\"author\":{\"name\":\"Eesti Rahva Muuseum\",\"@id\":\"https:\\\/\\\/blog.erm.ee\\\/#\\\/schema\\\/person\\\/6e98c391cb00a33e7c22a3571e062114\"},\"headline\":\"G\u00fcmnaasiumi\u00f5pilastest said ERMis kuraatorid\",\"datePublished\":\"2018-08-02T06:32:40+00:00\",\"dateModified\":\"2021-08-04T06:17:53+00:00\",\"mainEntityOfPage\":{\"@id\":\"https:\\\/\\\/blog.erm.ee\\\/?p=11645\"},\"wordCount\":813,\"commentCount\":0,\"image\":{\"@id\":\"https:\\\/\\\/blog.erm.ee\\\/?p=11645#primaryimage\"},\"thumbnailUrl\":\"https:\\\/\\\/blog.erm.ee\\\/wp-content\\\/uploads\\\/2018\\\/08\\\/20171208_125909.jpg\",\"articleSection\":[\"N\u00e4itus\",\"Osalus\"],\"inLanguage\":\"et\",\"potentialAction\":[{\"@type\":\"CommentAction\",\"name\":\"Comment\",\"target\":[\"https:\\\/\\\/blog.erm.ee\\\/?p=11645#respond\"]}]},{\"@type\":\"WebPage\",\"@id\":\"https:\\\/\\\/blog.erm.ee\\\/?p=11645\",\"url\":\"https:\\\/\\\/blog.erm.ee\\\/?p=11645\",\"name\":\"G\u00fcmnaasiumi\u00f5pilastest said ERMis kuraatorid - Eesti Rahva Muuseumi ajaveeb\",\"isPartOf\":{\"@id\":\"https:\\\/\\\/blog.erm.ee\\\/#website\"},\"primaryImageOfPage\":{\"@id\":\"https:\\\/\\\/blog.erm.ee\\\/?p=11645#primaryimage\"},\"image\":{\"@id\":\"https:\\\/\\\/blog.erm.ee\\\/?p=11645#primaryimage\"},\"thumbnailUrl\":\"https:\\\/\\\/blog.erm.ee\\\/wp-content\\\/uploads\\\/2018\\\/08\\\/20171208_125909.jpg\",\"datePublished\":\"2018-08-02T06:32:40+00:00\",\"dateModified\":\"2021-08-04T06:17:53+00:00\",\"author\":{\"@id\":\"https:\\\/\\\/blog.erm.ee\\\/#\\\/schema\\\/person\\\/6e98c391cb00a33e7c22a3571e062114\"},\"breadcrumb\":{\"@id\":\"https:\\\/\\\/blog.erm.ee\\\/?p=11645#breadcrumb\"},\"inLanguage\":\"et\",\"potentialAction\":[{\"@type\":\"ReadAction\",\"target\":[\"https:\\\/\\\/blog.erm.ee\\\/?p=11645\"]}]},{\"@type\":\"ImageObject\",\"inLanguage\":\"et\",\"@id\":\"https:\\\/\\\/blog.erm.ee\\\/?p=11645#primaryimage\",\"url\":\"https:\\\/\\\/blog.erm.ee\\\/wp-content\\\/uploads\\\/2018\\\/08\\\/20171208_125909.jpg\",\"contentUrl\":\"https:\\\/\\\/blog.erm.ee\\\/wp-content\\\/uploads\\\/2018\\\/08\\\/20171208_125909.jpg\",\"width\":3279,\"height\":2186},{\"@type\":\"BreadcrumbList\",\"@id\":\"https:\\\/\\\/blog.erm.ee\\\/?p=11645#breadcrumb\",\"itemListElement\":[{\"@type\":\"ListItem\",\"position\":1,\"name\":\"Home\",\"item\":\"https:\\\/\\\/blog.erm.ee\\\/\"},{\"@type\":\"ListItem\",\"position\":2,\"name\":\"G\u00fcmnaasiumi\u00f5pilastest said ERMis kuraatorid\"}]},{\"@type\":\"WebSite\",\"@id\":\"https:\\\/\\\/blog.erm.ee\\\/#website\",\"url\":\"https:\\\/\\\/blog.erm.ee\\\/\",\"name\":\"Eesti Rahva Muuseumi ajaveeb\",\"description\":\"\",\"potentialAction\":[{\"@type\":\"SearchAction\",\"target\":{\"@type\":\"EntryPoint\",\"urlTemplate\":\"https:\\\/\\\/blog.erm.ee\\\/?s={search_term_string}\"},\"query-input\":{\"@type\":\"PropertyValueSpecification\",\"valueRequired\":true,\"valueName\":\"search_term_string\"}}],\"inLanguage\":\"et\"},{\"@type\":\"Person\",\"@id\":\"https:\\\/\\\/blog.erm.ee\\\/#\\\/schema\\\/person\\\/6e98c391cb00a33e7c22a3571e062114\",\"name\":\"Eesti Rahva Muuseum\",\"image\":{\"@type\":\"ImageObject\",\"inLanguage\":\"et\",\"@id\":\"https:\\\/\\\/secure.gravatar.com\\\/avatar\\\/cb6d9ad5fb49f3f7315028ce5fe60641075f2cb52b8a058ff5a985fa2d8c1da0?s=96&d=mm&r=g\",\"url\":\"https:\\\/\\\/secure.gravatar.com\\\/avatar\\\/cb6d9ad5fb49f3f7315028ce5fe60641075f2cb52b8a058ff5a985fa2d8c1da0?s=96&d=mm&r=g\",\"contentUrl\":\"https:\\\/\\\/secure.gravatar.com\\\/avatar\\\/cb6d9ad5fb49f3f7315028ce5fe60641075f2cb52b8a058ff5a985fa2d8c1da0?s=96&d=mm&r=g\",\"caption\":\"Eesti Rahva Muuseum\"},\"sameAs\":[\"http:\\\/\\\/www.erm.ee\"],\"url\":\"https:\\\/\\\/blog.erm.ee\\\/?author=1\"}]}<\/script>\n<!-- \/ Yoast SEO plugin. -->","yoast_head_json":{"title":"G\u00fcmnaasiumi\u00f5pilastest said ERMis kuraatorid - Eesti Rahva Muuseumi ajaveeb","robots":{"index":"index","follow":"follow","max-snippet":"max-snippet:-1","max-image-preview":"max-image-preview:large","max-video-preview":"max-video-preview:-1"},"canonical":"https:\/\/blog.erm.ee\/?p=11645","og_locale":"et_EE","og_type":"article","og_title":"G\u00fcmnaasiumi\u00f5pilastest said ERMis kuraatorid - Eesti Rahva Muuseumi ajaveeb","og_description":"N\u00e4ituse kuraatorid ja artikli autorid: Merette Arula, Ester Asso, Anni Leena Kolk, Karmen Kukk, Katri K\u00f5va, Maarja Leedj\u00e4rv, Olivia Raudsik, Katre Krit Sallum, Kerli Unt Oleme \u00fcheksa noort Hugo Treffneri g\u00fcmnaasiumist ning 29. mail avasime Eesti Rahva Muuseumi osalussaalis oma n\u00e4ituse \u201c\u00d5itsev (aju)vabadus. Noorte elust ja olust 1990. aastate Eestis\u201d (loe lisa). Eelmisel aastal v\u00f5ttis&hellip;","og_url":"https:\/\/blog.erm.ee\/?p=11645","og_site_name":"Eesti Rahva Muuseumi ajaveeb","article_published_time":"2018-08-02T06:32:40+00:00","article_modified_time":"2021-08-04T06:17:53+00:00","og_image":[{"width":3279,"height":2186,"url":"https:\/\/blog.erm.ee\/wp-content\/uploads\/2018\/08\/20171208_125909.jpg","type":"image\/jpeg"}],"author":"Eesti Rahva Muuseum","twitter_card":"summary_large_image","twitter_misc":{"Written by":"Eesti Rahva Muuseum","Est. reading time":"5 minutit"},"schema":{"@context":"https:\/\/schema.org","@graph":[{"@type":"Article","@id":"https:\/\/blog.erm.ee\/?p=11645#article","isPartOf":{"@id":"https:\/\/blog.erm.ee\/?p=11645"},"author":{"name":"Eesti Rahva Muuseum","@id":"https:\/\/blog.erm.ee\/#\/schema\/person\/6e98c391cb00a33e7c22a3571e062114"},"headline":"G\u00fcmnaasiumi\u00f5pilastest said ERMis kuraatorid","datePublished":"2018-08-02T06:32:40+00:00","dateModified":"2021-08-04T06:17:53+00:00","mainEntityOfPage":{"@id":"https:\/\/blog.erm.ee\/?p=11645"},"wordCount":813,"commentCount":0,"image":{"@id":"https:\/\/blog.erm.ee\/?p=11645#primaryimage"},"thumbnailUrl":"https:\/\/blog.erm.ee\/wp-content\/uploads\/2018\/08\/20171208_125909.jpg","articleSection":["N\u00e4itus","Osalus"],"inLanguage":"et","potentialAction":[{"@type":"CommentAction","name":"Comment","target":["https:\/\/blog.erm.ee\/?p=11645#respond"]}]},{"@type":"WebPage","@id":"https:\/\/blog.erm.ee\/?p=11645","url":"https:\/\/blog.erm.ee\/?p=11645","name":"G\u00fcmnaasiumi\u00f5pilastest said ERMis kuraatorid - Eesti Rahva Muuseumi ajaveeb","isPartOf":{"@id":"https:\/\/blog.erm.ee\/#website"},"primaryImageOfPage":{"@id":"https:\/\/blog.erm.ee\/?p=11645#primaryimage"},"image":{"@id":"https:\/\/blog.erm.ee\/?p=11645#primaryimage"},"thumbnailUrl":"https:\/\/blog.erm.ee\/wp-content\/uploads\/2018\/08\/20171208_125909.jpg","datePublished":"2018-08-02T06:32:40+00:00","dateModified":"2021-08-04T06:17:53+00:00","author":{"@id":"https:\/\/blog.erm.ee\/#\/schema\/person\/6e98c391cb00a33e7c22a3571e062114"},"breadcrumb":{"@id":"https:\/\/blog.erm.ee\/?p=11645#breadcrumb"},"inLanguage":"et","potentialAction":[{"@type":"ReadAction","target":["https:\/\/blog.erm.ee\/?p=11645"]}]},{"@type":"ImageObject","inLanguage":"et","@id":"https:\/\/blog.erm.ee\/?p=11645#primaryimage","url":"https:\/\/blog.erm.ee\/wp-content\/uploads\/2018\/08\/20171208_125909.jpg","contentUrl":"https:\/\/blog.erm.ee\/wp-content\/uploads\/2018\/08\/20171208_125909.jpg","width":3279,"height":2186},{"@type":"BreadcrumbList","@id":"https:\/\/blog.erm.ee\/?p=11645#breadcrumb","itemListElement":[{"@type":"ListItem","position":1,"name":"Home","item":"https:\/\/blog.erm.ee\/"},{"@type":"ListItem","position":2,"name":"G\u00fcmnaasiumi\u00f5pilastest said ERMis kuraatorid"}]},{"@type":"WebSite","@id":"https:\/\/blog.erm.ee\/#website","url":"https:\/\/blog.erm.ee\/","name":"Eesti Rahva Muuseumi ajaveeb","description":"","potentialAction":[{"@type":"SearchAction","target":{"@type":"EntryPoint","urlTemplate":"https:\/\/blog.erm.ee\/?s={search_term_string}"},"query-input":{"@type":"PropertyValueSpecification","valueRequired":true,"valueName":"search_term_string"}}],"inLanguage":"et"},{"@type":"Person","@id":"https:\/\/blog.erm.ee\/#\/schema\/person\/6e98c391cb00a33e7c22a3571e062114","name":"Eesti Rahva Muuseum","image":{"@type":"ImageObject","inLanguage":"et","@id":"https:\/\/secure.gravatar.com\/avatar\/cb6d9ad5fb49f3f7315028ce5fe60641075f2cb52b8a058ff5a985fa2d8c1da0?s=96&d=mm&r=g","url":"https:\/\/secure.gravatar.com\/avatar\/cb6d9ad5fb49f3f7315028ce5fe60641075f2cb52b8a058ff5a985fa2d8c1da0?s=96&d=mm&r=g","contentUrl":"https:\/\/secure.gravatar.com\/avatar\/cb6d9ad5fb49f3f7315028ce5fe60641075f2cb52b8a058ff5a985fa2d8c1da0?s=96&d=mm&r=g","caption":"Eesti Rahva Muuseum"},"sameAs":["http:\/\/www.erm.ee"],"url":"https:\/\/blog.erm.ee\/?author=1"}]}},"jetpack_featured_media_url":"https:\/\/blog.erm.ee\/wp-content\/uploads\/2018\/08\/20171208_125909.jpg","jetpack_shortlink":"https:\/\/wp.me\/p2l9Zd-31P","jetpack_sharing_enabled":true,"jetpack_likes_enabled":true,"_links":{"self":[{"href":"https:\/\/blog.erm.ee\/index.php?rest_route=\/wp\/v2\/posts\/11645","targetHints":{"allow":["GET"]}}],"collection":[{"href":"https:\/\/blog.erm.ee\/index.php?rest_route=\/wp\/v2\/posts"}],"about":[{"href":"https:\/\/blog.erm.ee\/index.php?rest_route=\/wp\/v2\/types\/post"}],"author":[{"embeddable":true,"href":"https:\/\/blog.erm.ee\/index.php?rest_route=\/wp\/v2\/users\/1"}],"replies":[{"embeddable":true,"href":"https:\/\/blog.erm.ee\/index.php?rest_route=%2Fwp%2Fv2%2Fcomments&post=11645"}],"version-history":[{"count":5,"href":"https:\/\/blog.erm.ee\/index.php?rest_route=\/wp\/v2\/posts\/11645\/revisions"}],"predecessor-version":[{"id":14932,"href":"https:\/\/blog.erm.ee\/index.php?rest_route=\/wp\/v2\/posts\/11645\/revisions\/14932"}],"wp:featuredmedia":[{"embeddable":true,"href":"https:\/\/blog.erm.ee\/index.php?rest_route=\/wp\/v2\/media\/11647"}],"wp:attachment":[{"href":"https:\/\/blog.erm.ee\/index.php?rest_route=%2Fwp%2Fv2%2Fmedia&parent=11645"}],"wp:term":[{"taxonomy":"category","embeddable":true,"href":"https:\/\/blog.erm.ee\/index.php?rest_route=%2Fwp%2Fv2%2Fcategories&post=11645"},{"taxonomy":"post_tag","embeddable":true,"href":"https:\/\/blog.erm.ee\/index.php?rest_route=%2Fwp%2Fv2%2Ftags&post=11645"}],"curies":[{"name":"wp","href":"https:\/\/api.w.org\/{rel}","templated":true}]}}