{"id":11604,"date":"2018-07-26T16:30:26","date_gmt":"2018-07-26T13:30:26","guid":{"rendered":"https:\/\/blog.erm.ee\/?p=11604"},"modified":"2018-08-06T14:45:06","modified_gmt":"2018-08-06T11:45:06","slug":"40-aastat-eka-soome-ugri-ekspeditsioone","status":"publish","type":"post","link":"https:\/\/blog.erm.ee\/?p=11604","title":{"rendered":"40 aastat EKA soome-ugri ekspeditsioone"},"content":{"rendered":"<div class=\"fcbkbttn_buttons_block\" id=\"fcbkbttn_left\"><div class=\"fcbkbttn_like \"><fb:like href=\"https:\/\/blog.erm.ee\/?p=11604\" action=\"like\" colorscheme=\"light\" layout=\"standard\"  width=\"225px\" size=\"small\"><\/fb:like><\/div><div class=\"fb-share-button  \" data-href=\"https:\/\/blog.erm.ee\/?p=11604\" data-type=\"button\" data-size=\"small\"><\/div><\/div><p style=\"text-align: justify;\"><em>Svetlana Karm, teadur<br \/>\nMaarja Vaikmaa, sisuturunduse spetsialist<br \/>\n<\/em><\/p>\n<p style=\"text-align: justify;\">17. juulist 3. augustini 1978 toimus ENSV Riikliku Kunstiinstituudi (praegune EKA) ja ENSV Riikliku Etnograafiamuuseumi (praegune ERM) \u00fchisekspeditsioon Murmanski oblasti Lovozero asulasse saamide juurde. Sellega sai alguse t\u00e4naseni kestev EKA soome-ugri suviste ekspeditsioonide traditsioon.<\/p>\n<p style=\"text-align: justify;\">Paralleelselt Veljo Tormise regiv\u00e4rsilistest rahvalauludest t\u00f5ukuva loomingu ning Lennart Meri reisikirjade ja dokumentaalfilmidega l\u00e4\u00e4nemeresoome rahvastest kujunes Kaljo P\u00f5llu korraldatud ERKI ekspeditsioonidest hilisn\u00f5ukogude kontekstis \u00fcks olulisemaid ettev\u00f5tmisi soome-ugri p\u00e4randi uurimisel ja v\u00e4\u00e4rtustamisel.<a href=\"#_ftn1\" name=\"_ftnref1\">[1]<\/a><\/p>\n<p style=\"text-align: justify;\">ERMi kogus olevatest ekspeditsiooni juhi ja ERKI joonistuskateedri dotsendi Kaljo P\u00f5llu hilisematest komi (1981, ERM AK 19-36-34) ja udmurdi (1980, ERM AK 19-36-39) v\u00e4lit\u00f6\u00f6p\u00e4evikute sissejuhatustest v\u00f5ib lugeda, et Kunstiinstituudi uurimisk\u00e4ikude eesm\u00e4rgiks oli:<\/p>\n<ol>\n<li style=\"text-align: justify;\">NSV Liidu loode- ja p\u00f5hjapiirkonna rahvaste tarbeesemete, rahvar\u00f5ivaste ja ehitiste joonistamine kohapeal, vastavas etnilises keskkonnas;<\/li>\n<li style=\"text-align: justify;\">kogutud materjalide alusel l\u00fchiuurimuste kirjutamine;<\/li>\n<li style=\"text-align: justify;\">saadud teadmiste ja oskuste \u00e4rakasutamine plaaniliste \u00f5ppe\u00fclesannete ja iseseisvate loominguliste t\u00f6\u00f6de teostamisel.<\/li>\n<\/ol>\n<p style=\"text-align: justify;\">Kogu \u00f5ppeekspeditsioon teenis aga kokkuv\u00f5ttes \u00fcldist kasvatuslikku eesm\u00e4rki \u2013 arendada \u00fcli\u00f5pilaste praktilist kunstilist ettevalmistust igak\u00fclgselt arenenud loominguliseks isiksusteks kujunemisel.<\/p>\n<p style=\"text-align: justify;\">Ekspeditsioonil osalemine oli vabatahtlik, kuid koosseisu vastuv\u00f5etuna muutus aastapikkuse programmi t\u00e4itmine kohustuslikuks. \u00d5ppet\u00f6\u00f6 oli aasta l\u00f5ikes jaotatud j\u00e4rgmiselt:<\/p>\n<ul style=\"text-align: justify;\">\n<li>suvel toimus v\u00e4lit\u00f6\u00f6del rahvakunstiesemete joonistamine ja m\u00f5\u00f5distamine;<\/li>\n<li>s\u00fcgisel esitati suvel tehtud t\u00f6\u00f6d hindamiskomisjonile;<\/li>\n<li>talvel loeti uurimisteemaga seotud kirjandust ja valmistati ette foton\u00e4itust ning<\/li>\n<li>kevadel valmistuti \u00dcli\u00f5pilaste Teadusliku \u00dchingu konverentsil esinemiseks.<\/li>\n<\/ul>\n<p style=\"text-align: justify;\">\u00dchtlasi tuli \u00fcli\u00f5pilastel j\u00e4rgem\u00f6\u00f6da t\u00e4ita ka v\u00e4lit\u00f6\u00f6p\u00e4evikut, kus s\u00f5naline ja sisuline interpretatsioon oli vaba, kuid eelkirjutajate stiili j\u00e4ljendamist ja memuaaride kirjutamist ei soositud. Igas sissekandes pidid olema kajastatud p\u00e4eva t\u00e4htsamad s\u00fcndmused, looduskirjeldus, p\u00f5liselanikega kohtumiste kirjeldused ning \u00fcldisemad v\u00f5rdlused ja arutlused.<\/p>\n<p style=\"text-align: justify;\">Esimesse, 1978. aasta uurimisretke meeskonda kuulusid lisaks ekspeditsiooni juht Kaljo P\u00f5llule ka ERKI tekstiilikateedri dotsent ja tekstiilikunstnik Anu Raud koos \u00fcli\u00f5pilastega ning ERMi teadusosakonna juhataja Heiki P\u00e4rdi, kes p\u00e4evikusse (TAp 726) reisimuljeid ja t\u00e4helepanekuid t\u00e4hendas. J\u00e4rgnevalt m\u00f5ned katked tema p\u00e4evikust koos fotodega.<\/p>\n<div id=\"attachment_11639\" style=\"width: 1210px\" class=\"wp-caption aligncenter\"><img loading=\"lazy\" decoding=\"async\" aria-describedby=\"caption-attachment-11639\" data-attachment-id=\"11639\" data-permalink=\"https:\/\/blog.erm.ee\/?attachment_id=11639#main\" data-orig-file=\"https:\/\/blog.erm.ee\/wp-content\/uploads\/2018\/07\/DSC00185-e1532612931833.jpg\" data-orig-size=\"1200,800\" data-comments-opened=\"1\" data-image-meta=\"{&quot;aperture&quot;:&quot;2.8&quot;,&quot;credit&quot;:&quot;&quot;,&quot;camera&quot;:&quot;DSC-RX100M5&quot;,&quot;caption&quot;:&quot;&quot;,&quot;created_timestamp&quot;:&quot;1532627097&quot;,&quot;copyright&quot;:&quot;&quot;,&quot;focal_length&quot;:&quot;8.8&quot;,&quot;iso&quot;:&quot;125&quot;,&quot;shutter_speed&quot;:&quot;0.0166666666667&quot;,&quot;title&quot;:&quot;&quot;,&quot;orientation&quot;:&quot;1&quot;}\" data-image-title=\"DSC00185\" data-image-description=\"\" data-image-caption=\"&lt;p&gt;Hieiki P\u00e4rdi p\u00e4evik. Foto: ERM&lt;\/p&gt;\n\" data-large-file=\"https:\/\/blog.erm.ee\/wp-content\/uploads\/2018\/07\/DSC00185-1024x683.jpg\" class=\"size-full wp-image-11639\" src=\"https:\/\/blog.erm.ee\/wp-content\/uploads\/2018\/07\/DSC00185-e1532612931833.jpg\" alt=\"\" width=\"1200\" height=\"800\" \/><p id=\"caption-attachment-11639\" class=\"wp-caption-text\">Heiki P\u00e4rdi p\u00e4evik. Foto: Maarja Vaikmaa<\/p><\/div>\n<h3 style=\"text-align: justify;\">Kaaslastest:<\/h3>\n<p style=\"text-align: justify;\">\u201eERKIs kohtusin esmakordselt oma tulevaste reisi- ja t\u00f6\u00f6kaaslastega. Jutt oli \u00fcldiselt l\u00fchike, p\u00f5hiliselt kutsuti meid kokku taktikalisil kaalutlusil nagu \u00fctles meie juht K. P\u00f5llu. Mu kaaslaste hulgas on nii mees- kui naishingi, enamasti minust mitu head aastat nooremad. Suurem jagu neist \u00f5pib v\u00f5i \u00f5igemini \u00f5ppis I kursusel. Nende jaoks on Lapik\u00e4ik \u00f5pipraktika. Mul ja muuseumil vedas, et saan nendega kaasa s\u00f5ita. Esiteks sellep\u00e4rast, et K. P\u00f5llu on seal k\u00e4inud, tunneb olusid, inimesi, teiseks sellep\u00e4rast, et muuseumi joonistekogu saab ilmselt v\u00e4ga hea t\u00e4ienduse.\u201c<\/p>\n<div id=\"attachment_11605\" style=\"width: 1028px\" class=\"wp-caption aligncenter\"><img loading=\"lazy\" decoding=\"async\" aria-describedby=\"caption-attachment-11605\" data-attachment-id=\"11605\" data-permalink=\"https:\/\/blog.erm.ee\/?attachment_id=11605#main\" data-orig-file=\"https:\/\/blog.erm.ee\/wp-content\/uploads\/2018\/07\/ERMFk1868_29_1_pisipilt.jpg\" data-orig-size=\"1018,676\" data-comments-opened=\"1\" data-image-meta=\"{&quot;aperture&quot;:&quot;8&quot;,&quot;credit&quot;:&quot;&quot;,&quot;camera&quot;:&quot;NIKON D70&quot;,&quot;caption&quot;:&quot;&quot;,&quot;created_timestamp&quot;:&quot;1206953402&quot;,&quot;copyright&quot;:&quot;&quot;,&quot;focal_length&quot;:&quot;50&quot;,&quot;iso&quot;:&quot;200&quot;,&quot;shutter_speed&quot;:&quot;0.0666666666667&quot;,&quot;title&quot;:&quot;&quot;,&quot;orientation&quot;:&quot;1&quot;}\" data-image-title=\"ERMFk1868_29_1_pisipilt\" data-image-description=\"\" data-image-caption=\"&lt;p&gt;ERKI \u00fcli\u00f5pilaspraktikante koos juhendaja graafik K. P\u00f5lluga (m\u00fctsis trepil) Lujaursijd&amp;#8217;i kultuurimaja trepil&lt;\/p&gt;\n\" data-large-file=\"https:\/\/blog.erm.ee\/wp-content\/uploads\/2018\/07\/ERMFk1868_29_1_pisipilt.jpg\" class=\"wp-image-11605 size-full\" src=\"https:\/\/blog.erm.ee\/wp-content\/uploads\/2018\/07\/ERMFk1868_29_1_pisipilt.jpg\" alt=\"\" width=\"1018\" height=\"676\" srcset=\"https:\/\/blog.erm.ee\/wp-content\/uploads\/2018\/07\/ERMFk1868_29_1_pisipilt.jpg 1018w, https:\/\/blog.erm.ee\/wp-content\/uploads\/2018\/07\/ERMFk1868_29_1_pisipilt-392x260.jpg 392w, https:\/\/blog.erm.ee\/wp-content\/uploads\/2018\/07\/ERMFk1868_29_1_pisipilt-300x199.jpg 300w, https:\/\/blog.erm.ee\/wp-content\/uploads\/2018\/07\/ERMFk1868_29_1_pisipilt-768x510.jpg 768w\" sizes=\"auto, (max-width: 1018px) 100vw, 1018px\" \/><p id=\"caption-attachment-11605\" class=\"wp-caption-text\">ERKI \u00fcli\u00f5pilaspraktikante koos juhendaja graafik K. P\u00f5lluga (m\u00fctsis trepil) Lujaursijd&#8217;i kultuurimaja trepil. Foto: Heiki P\u00e4rdi (ERM Fk 1868:29)<\/p><\/div>\n<h3 style=\"text-align: justify;\">Varustusest:<\/h3>\n<p style=\"text-align: justify;\">\u201eKuni rongi v\u00e4ljumiseni [Tallinnast] sain ajada omi asju, sest oli vaja veel \u00fchtteist sirgeks ajada enne s\u00f5idu algust: n\u00e4iteks osta kingitusi laplastele, \u201en\u00e4tsu\u201c lapi poistele jmt. Mis puutub meie varustusse, siis see on kaunis aukartust\u00e4ratav. K\u00f5ik, mis mahtus, on pakitud seljakottidesse, sest ees seisab ju mitu l\u00fchemat jalgsimatka koos \u00f6\u00f6bimisega telkides. On ka sellist kraami, mida seljakottidesse ei mahu nagu tudengite joonistuspaberid, mida on iga\u00fchel \u00fcsna kena hulk. [\u2026] Lovozeros tuleb v\u00f5ib-olla telkides magada, kuna P\u00f5llu kirjale oli vastatud, et \u00f6\u00f6maja ei garanteerita. [\u2026] 16.42 hakkasime tasa-tasa Lapimaale liikuma. Vagunis end sisse seades tundus meil varustust veelgi enam olevat, seljakotte andis pakiv\u00f5rkudesse t\u00f5sta \u2013 pool vagunit sai t\u00e4is.\u201c<\/p>\n<div id=\"attachment_11607\" style=\"width: 1019px\" class=\"wp-caption aligncenter\"><img loading=\"lazy\" decoding=\"async\" aria-describedby=\"caption-attachment-11607\" data-attachment-id=\"11607\" data-permalink=\"https:\/\/blog.erm.ee\/?attachment_id=11607#main\" data-orig-file=\"https:\/\/blog.erm.ee\/wp-content\/uploads\/2018\/07\/ERMFk1868_28_1_pisipilt.jpg\" data-orig-size=\"1009,742\" data-comments-opened=\"1\" data-image-meta=\"{&quot;aperture&quot;:&quot;8&quot;,&quot;credit&quot;:&quot;&quot;,&quot;camera&quot;:&quot;NIKON D70&quot;,&quot;caption&quot;:&quot;&quot;,&quot;created_timestamp&quot;:&quot;1206953393&quot;,&quot;copyright&quot;:&quot;&quot;,&quot;focal_length&quot;:&quot;50&quot;,&quot;iso&quot;:&quot;200&quot;,&quot;shutter_speed&quot;:&quot;0.0666666666667&quot;,&quot;title&quot;:&quot;&quot;,&quot;orientation&quot;:&quot;1&quot;}\" data-image-title=\"ERMFk1868_28_1_pisipilt\" data-image-description=\"\" data-image-caption=\"&lt;p&gt;ERKI Lapimaa ekspeditsioon matkal Lujaursijd&amp;#8217;ist Seidjaur&amp;#8217;i&lt;\/p&gt;\n\" data-large-file=\"https:\/\/blog.erm.ee\/wp-content\/uploads\/2018\/07\/ERMFk1868_28_1_pisipilt.jpg\" class=\"wp-image-11607 size-full\" src=\"https:\/\/blog.erm.ee\/wp-content\/uploads\/2018\/07\/ERMFk1868_28_1_pisipilt.jpg\" alt=\"\" width=\"1009\" height=\"742\" srcset=\"https:\/\/blog.erm.ee\/wp-content\/uploads\/2018\/07\/ERMFk1868_28_1_pisipilt.jpg 1009w, https:\/\/blog.erm.ee\/wp-content\/uploads\/2018\/07\/ERMFk1868_28_1_pisipilt-354x260.jpg 354w, https:\/\/blog.erm.ee\/wp-content\/uploads\/2018\/07\/ERMFk1868_28_1_pisipilt-300x221.jpg 300w, https:\/\/blog.erm.ee\/wp-content\/uploads\/2018\/07\/ERMFk1868_28_1_pisipilt-768x565.jpg 768w\" sizes=\"auto, (max-width: 1009px) 100vw, 1009px\" \/><p id=\"caption-attachment-11607\" class=\"wp-caption-text\">ERKI Lapimaa ekspeditsioon matkal Lujaursijd&#8217;ist Seidjaur&#8217;i. Foto: Heiki P\u00e4rdi (ERM Fk 1868:28)<\/p><\/div>\n<h3 style=\"text-align: justify;\">Saamidest ja elu-olust:<\/h3>\n<p style=\"text-align: justify;\">\u201eLaplased (mulle on see nimetus kodusem) tegelevad peamiselt p\u00f5hjap\u00f5drakasvatusega (siin kolhoosi \u201eTundra\u201c keskus), jahindusega, kalap\u00fc\u00fcgiga, naisi on ametis kodut\u00f6\u00f6ndusartellis. Viimases tehakse rahvak\u00e4sit\u00f6\u00f6esemete aineil mitut liiki tarbeesemeid [\u2026]. Neid on ka teistel tegevusaladel. Saami elamist vaadates j\u00e4\u00e4b mulje kui v\u00f5rdlemisi segamini ja lohakil olevast asjast. Vist tuleb see sellest, et nad on ikkagi olnud kogu oma ajaloo v\u00e4ltel r\u00e4ndlejad ja p\u00e4rispaikne elu ei ole neile veel omaseks saanud. Majade \u00fcmbrus on kuidagi paljas, ei lilli, ei puid, ei \u00f5ue, ei aeda. Meile harjumuslikku loomapidamist ei ole, kuna puuduvad looduslikud eeldused. Tohutult on koeri. Kartulit kasvatatakse peenra peal nagu meil lilli v\u00f5i sibulat. Ega neist majadest v\u00e4ljastpoolt just eestlase jaoks v\u00e4ga \u00f5dusat muljet ei j\u00e4\u00e4, komide majapidamised on meie silmale ja hingele l\u00e4hedasemad. [&#8230;] Laplaste elamud on k\u00fcllalt standardsed ehitused [\u2026] Kindlasti on r\u00f5htpalkehitusele ette juurde tehtud esik, mis k\u00fcljelt uksega avatav. Maja ees trepi ees tihti puust p\u00f5rand, teel v\u00e4ravast selleni lauad v\u00f5i restid maas. Voodriga maju on v\u00e4ga v\u00e4he.\u201c<\/p>\n<div id=\"attachment_11608\" style=\"width: 1016px\" class=\"wp-caption aligncenter\"><img loading=\"lazy\" decoding=\"async\" aria-describedby=\"caption-attachment-11608\" data-attachment-id=\"11608\" data-permalink=\"https:\/\/blog.erm.ee\/?attachment_id=11608#main\" data-orig-file=\"https:\/\/blog.erm.ee\/wp-content\/uploads\/2018\/07\/ERMFk1868_12_1_pisipilt.jpg\" data-orig-size=\"1006,729\" data-comments-opened=\"1\" data-image-meta=\"{&quot;aperture&quot;:&quot;8&quot;,&quot;credit&quot;:&quot;&quot;,&quot;camera&quot;:&quot;NIKON D70&quot;,&quot;caption&quot;:&quot;&quot;,&quot;created_timestamp&quot;:&quot;1206953340&quot;,&quot;copyright&quot;:&quot;&quot;,&quot;focal_length&quot;:&quot;50&quot;,&quot;iso&quot;:&quot;200&quot;,&quot;shutter_speed&quot;:&quot;0.0666666666667&quot;,&quot;title&quot;:&quot;&quot;,&quot;orientation&quot;:&quot;1&quot;}\" data-image-title=\"ERMFk1868_12_1_pisipilt\" data-image-description=\"\" data-image-caption=\"&lt;p&gt;Vaade lapi majapidamise \u00f5uele. Saamid.&lt;\/p&gt;\n\" data-large-file=\"https:\/\/blog.erm.ee\/wp-content\/uploads\/2018\/07\/ERMFk1868_12_1_pisipilt.jpg\" class=\"wp-image-11608 size-full\" src=\"https:\/\/blog.erm.ee\/wp-content\/uploads\/2018\/07\/ERMFk1868_12_1_pisipilt.jpg\" alt=\"\" width=\"1006\" height=\"729\" srcset=\"https:\/\/blog.erm.ee\/wp-content\/uploads\/2018\/07\/ERMFk1868_12_1_pisipilt.jpg 1006w, https:\/\/blog.erm.ee\/wp-content\/uploads\/2018\/07\/ERMFk1868_12_1_pisipilt-359x260.jpg 359w, https:\/\/blog.erm.ee\/wp-content\/uploads\/2018\/07\/ERMFk1868_12_1_pisipilt-300x217.jpg 300w, https:\/\/blog.erm.ee\/wp-content\/uploads\/2018\/07\/ERMFk1868_12_1_pisipilt-768x557.jpg 768w\" sizes=\"auto, (max-width: 1006px) 100vw, 1006px\" \/><p id=\"caption-attachment-11608\" class=\"wp-caption-text\">Vaade lapi majapidamise \u00f5uele. Saamid. Foto: Heiki P\u00e4rdi (ERM Fk 1868:2)<\/p><\/div>\n<p style=\"text-align: justify;\">\u201eLaplased ei ole v\u00e4limuselt sugugi mongoliidsed nagu paistis kirjandust lugedes v\u00f5i siis on nad segunenud. Need laplased igatahes on samapalju mongoliidid kui eestlased, mitte enam.\u201c<\/p>\n<div id=\"attachment_11609\" style=\"width: 1009px\" class=\"wp-caption aligncenter\"><img loading=\"lazy\" decoding=\"async\" aria-describedby=\"caption-attachment-11609\" data-attachment-id=\"11609\" data-permalink=\"https:\/\/blog.erm.ee\/?attachment_id=11609#main\" data-orig-file=\"https:\/\/blog.erm.ee\/wp-content\/uploads\/2018\/07\/ERMFk1868_50_1_pisipilt.jpg\" data-orig-size=\"999,737\" data-comments-opened=\"1\" data-image-meta=\"{&quot;aperture&quot;:&quot;8&quot;,&quot;credit&quot;:&quot;&quot;,&quot;camera&quot;:&quot;NIKON D70&quot;,&quot;caption&quot;:&quot;&quot;,&quot;created_timestamp&quot;:&quot;1206953435&quot;,&quot;copyright&quot;:&quot;&quot;,&quot;focal_length&quot;:&quot;50&quot;,&quot;iso&quot;:&quot;200&quot;,&quot;shutter_speed&quot;:&quot;0.0666666666667&quot;,&quot;title&quot;:&quot;&quot;,&quot;orientation&quot;:&quot;1&quot;}\" data-image-title=\"ERMFk1868_50_1_pisipilt\" data-image-description=\"\" data-image-caption=\"&lt;p&gt;P. Zahharov (58 aastat vana) ja J. Zahharov (66 aastat vana) oma maja trepil. Foto: Heiki P\u00e4rdi (ERM Fk 1868:50)&lt;\/p&gt;\n\" data-large-file=\"https:\/\/blog.erm.ee\/wp-content\/uploads\/2018\/07\/ERMFk1868_50_1_pisipilt.jpg\" class=\"wp-image-11609 size-full\" src=\"https:\/\/blog.erm.ee\/wp-content\/uploads\/2018\/07\/ERMFk1868_50_1_pisipilt.jpg\" alt=\"\" width=\"999\" height=\"737\" srcset=\"https:\/\/blog.erm.ee\/wp-content\/uploads\/2018\/07\/ERMFk1868_50_1_pisipilt.jpg 999w, https:\/\/blog.erm.ee\/wp-content\/uploads\/2018\/07\/ERMFk1868_50_1_pisipilt-352x260.jpg 352w, https:\/\/blog.erm.ee\/wp-content\/uploads\/2018\/07\/ERMFk1868_50_1_pisipilt-300x221.jpg 300w, https:\/\/blog.erm.ee\/wp-content\/uploads\/2018\/07\/ERMFk1868_50_1_pisipilt-768x567.jpg 768w\" sizes=\"auto, (max-width: 999px) 100vw, 999px\" \/><p id=\"caption-attachment-11609\" class=\"wp-caption-text\">P. Zahharov (58 aastat vana) ja J. Zahharov (66 aastat vana) oma maja trepil. Foto: Heiki P\u00e4rdi (ERM Fk 1868:50)<\/p><\/div>\n<p style=\"text-align: justify;\">Nagu P\u00e4rdi ka viitas, sai muuseumi joonistekogu t\u00f5epoolest v\u00e4ga hea t\u00e4ienduse \u2013 kokku 126 joonist riietusest, peakatetest, arhitektuurist, esemetest ja anumatest. K\u00f5ik\u00a01978. aasta etnograafilised joonised on leitavad Eesti muuseumide veebiv\u00e4ravas (<a href=\"http:\/\/www.muis.ee\">muis.ee<\/a>). ERMi kogudes on soome-ugri ekspeditsioonidel tehtud jooniseid kokku ligi 5000. Siin m\u00f5ned &#8220;isutekitajaks&#8221;.<\/p>\n<h3>Jooniseid:<\/h3>\n<div id=\"attachment_11617\" style=\"width: 646px\" class=\"wp-caption aligncenter\"><img loading=\"lazy\" decoding=\"async\" aria-describedby=\"caption-attachment-11617\" data-attachment-id=\"11617\" data-permalink=\"https:\/\/blog.erm.ee\/?attachment_id=11617#main\" data-orig-file=\"https:\/\/blog.erm.ee\/wp-content\/uploads\/2018\/07\/ERMEJ378_118_1_pisipilt.jpg\" data-orig-size=\"640,440\" data-comments-opened=\"1\" data-image-meta=\"{&quot;aperture&quot;:&quot;0&quot;,&quot;credit&quot;:&quot;&quot;,&quot;camera&quot;:&quot;&quot;,&quot;caption&quot;:&quot;&quot;,&quot;created_timestamp&quot;:&quot;0&quot;,&quot;copyright&quot;:&quot;\\u00a9 Eesti Rahva Muuseum&quot;,&quot;focal_length&quot;:&quot;0&quot;,&quot;iso&quot;:&quot;0&quot;,&quot;shutter_speed&quot;:&quot;0&quot;,&quot;title&quot;:&quot;&quot;,&quot;orientation&quot;:&quot;1&quot;}\" data-image-title=\"ERMEJ378_118_1_pisipilt\" data-image-description=\"\" data-image-caption=\"&lt;p&gt;Lapi naise m\u00fcts &amp;#8220;sam\u00f0ur&amp;#8221;. (ERM EJ 378:118)&lt;\/p&gt;\n\" data-large-file=\"https:\/\/blog.erm.ee\/wp-content\/uploads\/2018\/07\/ERMEJ378_118_1_pisipilt.jpg\" class=\"wp-image-11617 size-full\" src=\"https:\/\/blog.erm.ee\/wp-content\/uploads\/2018\/07\/ERMEJ378_118_1_pisipilt.jpg\" alt=\"\" width=\"640\" height=\"440\" srcset=\"https:\/\/blog.erm.ee\/wp-content\/uploads\/2018\/07\/ERMEJ378_118_1_pisipilt.jpg 640w, https:\/\/blog.erm.ee\/wp-content\/uploads\/2018\/07\/ERMEJ378_118_1_pisipilt-378x260.jpg 378w, https:\/\/blog.erm.ee\/wp-content\/uploads\/2018\/07\/ERMEJ378_118_1_pisipilt-300x206.jpg 300w\" sizes=\"auto, (max-width: 640px) 100vw, 640px\" \/><p id=\"caption-attachment-11617\" class=\"wp-caption-text\">Lapi naise m\u00fcts &#8220;sam\u00f0ur&#8221;. (ERM EJ 378:118)<\/p><\/div>\n<div id=\"attachment_11610\" style=\"width: 809px\" class=\"wp-caption aligncenter\"><img loading=\"lazy\" decoding=\"async\" aria-describedby=\"caption-attachment-11610\" data-attachment-id=\"11610\" data-permalink=\"https:\/\/blog.erm.ee\/?attachment_id=11610#main\" data-orig-file=\"https:\/\/blog.erm.ee\/wp-content\/uploads\/2018\/07\/000040_ERM_EJ378_1_pisipilt.jpg\" data-orig-size=\"799,550\" data-comments-opened=\"1\" data-image-meta=\"{&quot;aperture&quot;:&quot;0&quot;,&quot;credit&quot;:&quot;&quot;,&quot;camera&quot;:&quot;&quot;,&quot;caption&quot;:&quot;&quot;,&quot;created_timestamp&quot;:&quot;0&quot;,&quot;copyright&quot;:&quot;&quot;,&quot;focal_length&quot;:&quot;0&quot;,&quot;iso&quot;:&quot;0&quot;,&quot;shutter_speed&quot;:&quot;0&quot;,&quot;title&quot;:&quot;&quot;,&quot;orientation&quot;:&quot;0&quot;}\" data-image-title=\"000040_ERM_EJ378_1_pisipilt\" data-image-description=\"\" data-image-caption=\"&lt;p&gt;Komi naise pidulik r\u00f5ivastus. Autor: Anton Kalle (ERM EJ 378:1)&lt;\/p&gt;\n\" data-large-file=\"https:\/\/blog.erm.ee\/wp-content\/uploads\/2018\/07\/000040_ERM_EJ378_1_pisipilt.jpg\" class=\"wp-image-11610 size-full\" src=\"https:\/\/blog.erm.ee\/wp-content\/uploads\/2018\/07\/000040_ERM_EJ378_1_pisipilt.jpg\" alt=\"\" width=\"799\" height=\"550\" srcset=\"https:\/\/blog.erm.ee\/wp-content\/uploads\/2018\/07\/000040_ERM_EJ378_1_pisipilt.jpg 799w, https:\/\/blog.erm.ee\/wp-content\/uploads\/2018\/07\/000040_ERM_EJ378_1_pisipilt-378x260.jpg 378w, https:\/\/blog.erm.ee\/wp-content\/uploads\/2018\/07\/000040_ERM_EJ378_1_pisipilt-300x207.jpg 300w, https:\/\/blog.erm.ee\/wp-content\/uploads\/2018\/07\/000040_ERM_EJ378_1_pisipilt-768x529.jpg 768w\" sizes=\"auto, (max-width: 799px) 100vw, 799px\" \/><p id=\"caption-attachment-11610\" class=\"wp-caption-text\">Komi naise pidulik r\u00f5ivastus. Autor: Anton Malle (ERM EJ 378:1)<\/p><\/div>\n<div id=\"attachment_11611\" style=\"width: 809px\" class=\"wp-caption aligncenter\"><img loading=\"lazy\" decoding=\"async\" aria-describedby=\"caption-attachment-11611\" data-attachment-id=\"11611\" data-permalink=\"https:\/\/blog.erm.ee\/?attachment_id=11611#main\" data-orig-file=\"https:\/\/blog.erm.ee\/wp-content\/uploads\/2018\/07\/000042_ERM_EJ378_3_pisipilt.jpg\" data-orig-size=\"799,550\" data-comments-opened=\"1\" data-image-meta=\"{&quot;aperture&quot;:&quot;0&quot;,&quot;credit&quot;:&quot;&quot;,&quot;camera&quot;:&quot;&quot;,&quot;caption&quot;:&quot;&quot;,&quot;created_timestamp&quot;:&quot;0&quot;,&quot;copyright&quot;:&quot;&quot;,&quot;focal_length&quot;:&quot;0&quot;,&quot;iso&quot;:&quot;0&quot;,&quot;shutter_speed&quot;:&quot;0&quot;,&quot;title&quot;:&quot;&quot;,&quot;orientation&quot;:&quot;0&quot;}\" data-image-title=\"000042_ERM_EJ378_3_pisipilt\" data-image-description=\"\" data-image-caption=\"&lt;p&gt;P\u00f5hjap\u00f5dranahkne pealisriie. Autor: Anton Malle (ERM EJ 378:3)&lt;\/p&gt;\n\" data-large-file=\"https:\/\/blog.erm.ee\/wp-content\/uploads\/2018\/07\/000042_ERM_EJ378_3_pisipilt.jpg\" class=\"wp-image-11611 size-full\" src=\"https:\/\/blog.erm.ee\/wp-content\/uploads\/2018\/07\/000042_ERM_EJ378_3_pisipilt.jpg\" alt=\"\" width=\"799\" height=\"550\" srcset=\"https:\/\/blog.erm.ee\/wp-content\/uploads\/2018\/07\/000042_ERM_EJ378_3_pisipilt.jpg 799w, https:\/\/blog.erm.ee\/wp-content\/uploads\/2018\/07\/000042_ERM_EJ378_3_pisipilt-378x260.jpg 378w, https:\/\/blog.erm.ee\/wp-content\/uploads\/2018\/07\/000042_ERM_EJ378_3_pisipilt-300x207.jpg 300w, https:\/\/blog.erm.ee\/wp-content\/uploads\/2018\/07\/000042_ERM_EJ378_3_pisipilt-768x529.jpg 768w\" sizes=\"auto, (max-width: 799px) 100vw, 799px\" \/><p id=\"caption-attachment-11611\" class=\"wp-caption-text\">P\u00f5hjap\u00f5dranahkne pealisriie. Autor: Anton Malle (ERM EJ 378:3)<\/p><\/div>\n<div id=\"attachment_11613\" style=\"width: 446px\" class=\"wp-caption aligncenter\"><img loading=\"lazy\" decoding=\"async\" aria-describedby=\"caption-attachment-11613\" data-attachment-id=\"11613\" data-permalink=\"https:\/\/blog.erm.ee\/?attachment_id=11613#main\" data-orig-file=\"https:\/\/blog.erm.ee\/wp-content\/uploads\/2018\/07\/ERMEJ378_10_1_pisipilt.jpg\" data-orig-size=\"440,640\" data-comments-opened=\"1\" data-image-meta=\"{&quot;aperture&quot;:&quot;0&quot;,&quot;credit&quot;:&quot;&quot;,&quot;camera&quot;:&quot;&quot;,&quot;caption&quot;:&quot;&quot;,&quot;created_timestamp&quot;:&quot;0&quot;,&quot;copyright&quot;:&quot;\\u00a9 Eesti Rahva Muuseum&quot;,&quot;focal_length&quot;:&quot;0&quot;,&quot;iso&quot;:&quot;0&quot;,&quot;shutter_speed&quot;:&quot;0&quot;,&quot;title&quot;:&quot;&quot;,&quot;orientation&quot;:&quot;1&quot;}\" data-image-title=\"ERMEJ378_10_1_pisipilt\" data-image-description=\"\" data-image-caption=\"&lt;p&gt;Saami suss &amp;#8220;tapotski&amp;#8221;. Autor: J\u00fcri Dubov (ERM EJ 378:10)&lt;\/p&gt;\n\" data-large-file=\"https:\/\/blog.erm.ee\/wp-content\/uploads\/2018\/07\/ERMEJ378_10_1_pisipilt.jpg\" class=\"wp-image-11613 size-full\" src=\"https:\/\/blog.erm.ee\/wp-content\/uploads\/2018\/07\/ERMEJ378_10_1_pisipilt.jpg\" alt=\"\" width=\"440\" height=\"640\" srcset=\"https:\/\/blog.erm.ee\/wp-content\/uploads\/2018\/07\/ERMEJ378_10_1_pisipilt.jpg 440w, https:\/\/blog.erm.ee\/wp-content\/uploads\/2018\/07\/ERMEJ378_10_1_pisipilt-179x260.jpg 179w, https:\/\/blog.erm.ee\/wp-content\/uploads\/2018\/07\/ERMEJ378_10_1_pisipilt-206x300.jpg 206w\" sizes=\"auto, (max-width: 440px) 100vw, 440px\" \/><p id=\"caption-attachment-11613\" class=\"wp-caption-text\">Saami suss &#8220;tapotski&#8221;. Autor: J\u00fcri Dubov (ERM EJ 378:10)<\/p><\/div>\n<div id=\"attachment_11614\" style=\"width: 809px\" class=\"wp-caption aligncenter\"><img loading=\"lazy\" decoding=\"async\" aria-describedby=\"caption-attachment-11614\" data-attachment-id=\"11614\" data-permalink=\"https:\/\/blog.erm.ee\/?attachment_id=11614#main\" data-orig-file=\"https:\/\/blog.erm.ee\/wp-content\/uploads\/2018\/07\/000122_ERM_EJ378_91_pisipilt.jpg\" data-orig-size=\"799,550\" data-comments-opened=\"1\" data-image-meta=\"{&quot;aperture&quot;:&quot;0&quot;,&quot;credit&quot;:&quot;&quot;,&quot;camera&quot;:&quot;&quot;,&quot;caption&quot;:&quot;&quot;,&quot;created_timestamp&quot;:&quot;0&quot;,&quot;copyright&quot;:&quot;&quot;,&quot;focal_length&quot;:&quot;0&quot;,&quot;iso&quot;:&quot;0&quot;,&quot;shutter_speed&quot;:&quot;0&quot;,&quot;title&quot;:&quot;&quot;,&quot;orientation&quot;:&quot;0&quot;}\" data-image-title=\"000122_ERM_EJ378_91_pisipilt\" data-image-description=\"\" data-image-caption=\"&lt;p&gt;Lapi mehe sokk. Autor: Ilme R\u00e4tsep (ERM EJ 378:91)&lt;\/p&gt;\n\" data-large-file=\"https:\/\/blog.erm.ee\/wp-content\/uploads\/2018\/07\/000122_ERM_EJ378_91_pisipilt.jpg\" class=\"wp-image-11614 size-full\" src=\"https:\/\/blog.erm.ee\/wp-content\/uploads\/2018\/07\/000122_ERM_EJ378_91_pisipilt.jpg\" alt=\"\" width=\"799\" height=\"550\" srcset=\"https:\/\/blog.erm.ee\/wp-content\/uploads\/2018\/07\/000122_ERM_EJ378_91_pisipilt.jpg 799w, https:\/\/blog.erm.ee\/wp-content\/uploads\/2018\/07\/000122_ERM_EJ378_91_pisipilt-378x260.jpg 378w, https:\/\/blog.erm.ee\/wp-content\/uploads\/2018\/07\/000122_ERM_EJ378_91_pisipilt-300x207.jpg 300w, https:\/\/blog.erm.ee\/wp-content\/uploads\/2018\/07\/000122_ERM_EJ378_91_pisipilt-768x529.jpg 768w\" sizes=\"auto, (max-width: 799px) 100vw, 799px\" \/><p id=\"caption-attachment-11614\" class=\"wp-caption-text\">Seelik &#8220;sarafan&#8221;. Autor: Ilme R\u00e4tsep (ERM EJ 378:91)<\/p><\/div>\n<div id=\"attachment_11616\" style=\"width: 446px\" class=\"wp-caption aligncenter\"><img loading=\"lazy\" decoding=\"async\" aria-describedby=\"caption-attachment-11616\" data-attachment-id=\"11616\" data-permalink=\"https:\/\/blog.erm.ee\/?attachment_id=11616#main\" data-orig-file=\"https:\/\/blog.erm.ee\/wp-content\/uploads\/2018\/07\/ERMEJ378_58_1_pisipilt.jpg\" data-orig-size=\"440,640\" data-comments-opened=\"1\" data-image-meta=\"{&quot;aperture&quot;:&quot;0&quot;,&quot;credit&quot;:&quot;&quot;,&quot;camera&quot;:&quot;&quot;,&quot;caption&quot;:&quot;&quot;,&quot;created_timestamp&quot;:&quot;0&quot;,&quot;copyright&quot;:&quot;\\u00a9 Eesti Rahva Muuseum&quot;,&quot;focal_length&quot;:&quot;0&quot;,&quot;iso&quot;:&quot;0&quot;,&quot;shutter_speed&quot;:&quot;0&quot;,&quot;title&quot;:&quot;&quot;,&quot;orientation&quot;:&quot;1&quot;}\" data-image-title=\"ERMEJ378_58_1_pisipilt\" data-image-description=\"\" data-image-caption=\"&lt;p&gt;Lapi mehe sokk. Autor: Viive Noor (ERM EJ 378:58)&lt;\/p&gt;\n\" data-large-file=\"https:\/\/blog.erm.ee\/wp-content\/uploads\/2018\/07\/ERMEJ378_58_1_pisipilt.jpg\" class=\"wp-image-11616 size-full\" src=\"https:\/\/blog.erm.ee\/wp-content\/uploads\/2018\/07\/ERMEJ378_58_1_pisipilt.jpg\" alt=\"\" width=\"440\" height=\"640\" srcset=\"https:\/\/blog.erm.ee\/wp-content\/uploads\/2018\/07\/ERMEJ378_58_1_pisipilt.jpg 440w, https:\/\/blog.erm.ee\/wp-content\/uploads\/2018\/07\/ERMEJ378_58_1_pisipilt-179x260.jpg 179w, https:\/\/blog.erm.ee\/wp-content\/uploads\/2018\/07\/ERMEJ378_58_1_pisipilt-206x300.jpg 206w\" sizes=\"auto, (max-width: 440px) 100vw, 440px\" \/><p id=\"caption-attachment-11616\" class=\"wp-caption-text\">Lapi mehe sokk. Autor: Viive Noor (ERM EJ 378:58)<\/p><\/div>\n<div id=\"attachment_11619\" style=\"width: 510px\" class=\"wp-caption aligncenter\"><img loading=\"lazy\" decoding=\"async\" aria-describedby=\"caption-attachment-11619\" data-attachment-id=\"11619\" data-permalink=\"https:\/\/blog.erm.ee\/?attachment_id=11619#main\" data-orig-file=\"https:\/\/blog.erm.ee\/wp-content\/uploads\/2018\/07\/ERMEJ378_26_1_pisipilt-e1532611549560.jpg\" data-orig-size=\"504,384\" data-comments-opened=\"1\" data-image-meta=\"{&quot;aperture&quot;:&quot;13&quot;,&quot;credit&quot;:&quot;&quot;,&quot;camera&quot;:&quot;NIKON D70&quot;,&quot;caption&quot;:&quot;[#Beginning of Shooting Data Section]\\rNikon D70\\r\\rFocal Length: 60mm\\r\\rOptimize Image: Custom\\r\\rColor Mode: Mode II (Adobe RGB)\\r\\rNoise Reduction: OFF\\r\\r2006\/05\/12 08:38:09.8\\r\\rExposure Mode: Manual\\r\\rWhite Balance: Flash\\r\\rTone Comp: Normal\\r\\rRAW (12-bit) Lossless\\r\\rMetering Mode: Multi-Pattern\\r\\rAF Mode: AF-S\\r\\rHue Adjustment: 0\\u00b0\\r\\rImage Size:  Large (3008 x 2000)\\r\\r1\/250 sec - F\/13\\r\\rFlash Sync Mode: Not Attached\\r\\rSaturation:  Normal\\r\\rExposure Comp.: 0 EV\\r\\rSharpening: Auto\\r\\rLens: 24-60mm F\/2.8 D\\r\\rSensitivity: ISO 200\\r\\rImage Comment:                                     \\r\\r[#End of Shooting Data Section]&quot;,&quot;created_timestamp&quot;:&quot;0&quot;,&quot;copyright&quot;:&quot;\\u00a9 Eesti Rahva Muuseum&quot;,&quot;focal_length&quot;:&quot;60&quot;,&quot;iso&quot;:&quot;200&quot;,&quot;shutter_speed&quot;:&quot;0.004&quot;,&quot;title&quot;:&quot;&quot;,&quot;orientation&quot;:&quot;1&quot;}\" data-image-title=\"ERMEJ378_26_1_pisipilt\" data-image-description=\"\" data-image-caption=\"&lt;p&gt;Komi naise k\u00e4sit\u00f6\u00f6kott. Autor: M. Kallas (ERM EJ 378:26)&lt;\/p&gt;\n\" data-large-file=\"https:\/\/blog.erm.ee\/wp-content\/uploads\/2018\/07\/ERMEJ378_26_1_pisipilt-e1532611549560.jpg\" class=\"wp-image-11619 size-full\" src=\"https:\/\/blog.erm.ee\/wp-content\/uploads\/2018\/07\/ERMEJ378_26_1_pisipilt-e1532611549560.jpg\" alt=\"\" width=\"504\" height=\"384\" srcset=\"https:\/\/blog.erm.ee\/wp-content\/uploads\/2018\/07\/ERMEJ378_26_1_pisipilt-e1532611549560.jpg 504w, https:\/\/blog.erm.ee\/wp-content\/uploads\/2018\/07\/ERMEJ378_26_1_pisipilt-e1532611549560-341x260.jpg 341w, https:\/\/blog.erm.ee\/wp-content\/uploads\/2018\/07\/ERMEJ378_26_1_pisipilt-e1532611549560-300x229.jpg 300w\" sizes=\"auto, (max-width: 504px) 100vw, 504px\" \/><p id=\"caption-attachment-11619\" class=\"wp-caption-text\">Komi naise k\u00e4sit\u00f6\u00f6kott. Autor: M. Kallas (ERM EJ 378:26)<\/p><\/div>\n<div id=\"attachment_11623\" style=\"width: 388px\" class=\"wp-caption aligncenter\"><img loading=\"lazy\" decoding=\"async\" aria-describedby=\"caption-attachment-11623\" data-attachment-id=\"11623\" data-permalink=\"https:\/\/blog.erm.ee\/?attachment_id=11623#main\" data-orig-file=\"https:\/\/blog.erm.ee\/wp-content\/uploads\/2018\/07\/ERMEJ378_117_1_pisipilt-e1532611583455.jpg\" data-orig-size=\"382,518\" data-comments-opened=\"1\" data-image-meta=\"{&quot;aperture&quot;:&quot;13&quot;,&quot;credit&quot;:&quot;&quot;,&quot;camera&quot;:&quot;NIKON D70&quot;,&quot;caption&quot;:&quot;[#Beginning of Shooting Data Section]\\rNikon D70\\r\\rFocal Length: 50mm\\r\\rOptimize Image: Custom\\r\\rColor Mode: Mode II (Adobe RGB)\\r\\rNoise Reduction: OFF\\r\\r2006\/05\/12 08:46:11\\r\\rExposure Mode: Manual\\r\\rWhite Balance: Flash\\r\\rTone Comp: Normal\\r\\rRAW (12-bit) Lossless\\r\\rMetering Mode: Multi-Pattern\\r\\rAF Mode: AF-S\\r\\rHue Adjustment: 0\\u00b0\\r\\rImage Size:  Large (3008 x 2000)\\r\\r1\/250 sec - F\/13\\r\\rFlash Sync Mode: Not Attached\\r\\rSaturation:  Normal\\r\\rExposure Comp.: 0 EV\\r\\rSharpening: Auto\\r\\rLens: 24-60mm F\/2.8 D\\r\\rSensitivity: ISO 200\\r\\rImage Comment:                                     \\r\\r[#End of Shooting Data Section]&quot;,&quot;created_timestamp&quot;:&quot;0&quot;,&quot;copyright&quot;:&quot;\\u00a9 Eesti Rahva Muuseum&quot;,&quot;focal_length&quot;:&quot;50&quot;,&quot;iso&quot;:&quot;200&quot;,&quot;shutter_speed&quot;:&quot;0.004&quot;,&quot;title&quot;:&quot;&quot;,&quot;orientation&quot;:&quot;1&quot;}\" data-image-title=\"ERMEJ378_117_1_pisipilt\" data-image-description=\"\" data-image-caption=\"&lt;p&gt;Pesukott &amp;#8220;vus&amp;#8221;. Autor: Anneli S\u00e4re (ERM EJ 378:117)&lt;\/p&gt;\n\" data-large-file=\"https:\/\/blog.erm.ee\/wp-content\/uploads\/2018\/07\/ERMEJ378_117_1_pisipilt-e1532611583455.jpg\" class=\"wp-image-11623 size-full\" src=\"https:\/\/blog.erm.ee\/wp-content\/uploads\/2018\/07\/ERMEJ378_117_1_pisipilt-e1532611583455.jpg\" alt=\"\" width=\"382\" height=\"518\" srcset=\"https:\/\/blog.erm.ee\/wp-content\/uploads\/2018\/07\/ERMEJ378_117_1_pisipilt-e1532611583455.jpg 382w, https:\/\/blog.erm.ee\/wp-content\/uploads\/2018\/07\/ERMEJ378_117_1_pisipilt-e1532611583455-192x260.jpg 192w, https:\/\/blog.erm.ee\/wp-content\/uploads\/2018\/07\/ERMEJ378_117_1_pisipilt-e1532611583455-221x300.jpg 221w\" sizes=\"auto, (max-width: 382px) 100vw, 382px\" \/><p id=\"caption-attachment-11623\" class=\"wp-caption-text\">Pesukott &#8220;vus&#8221;. Autor: Anneli S\u00e4re (ERM EJ 378:117)<\/p><\/div>\n<div id=\"attachment_11618\" style=\"width: 636px\" class=\"wp-caption aligncenter\"><img loading=\"lazy\" decoding=\"async\" aria-describedby=\"caption-attachment-11618\" data-attachment-id=\"11618\" data-permalink=\"https:\/\/blog.erm.ee\/?attachment_id=11618#main\" data-orig-file=\"https:\/\/blog.erm.ee\/wp-content\/uploads\/2018\/07\/ERMEJ378_43_1_pisipilt-e1532610083144.jpg\" data-orig-size=\"630,440\" data-comments-opened=\"1\" data-image-meta=\"{&quot;aperture&quot;:&quot;0&quot;,&quot;credit&quot;:&quot;&quot;,&quot;camera&quot;:&quot;&quot;,&quot;caption&quot;:&quot;&quot;,&quot;created_timestamp&quot;:&quot;0&quot;,&quot;copyright&quot;:&quot;\\u00a9 Eesti Rahva Muuseum&quot;,&quot;focal_length&quot;:&quot;0&quot;,&quot;iso&quot;:&quot;0&quot;,&quot;shutter_speed&quot;:&quot;0&quot;,&quot;title&quot;:&quot;&quot;,&quot;orientation&quot;:&quot;1&quot;}\" data-image-title=\"ERMEJ378_43_1_pisipilt\" data-image-description=\"\" data-image-caption=\"&lt;p&gt;Sammasait &amp;#8220;aiht&amp;#8221;. Autor: Ivo Lill (ERM EJ 378:43)&lt;\/p&gt;\n\" data-large-file=\"https:\/\/blog.erm.ee\/wp-content\/uploads\/2018\/07\/ERMEJ378_43_1_pisipilt-e1532610083144.jpg\" class=\"wp-image-11618 size-full\" src=\"https:\/\/blog.erm.ee\/wp-content\/uploads\/2018\/07\/ERMEJ378_43_1_pisipilt-e1532610083144.jpg\" alt=\"\" width=\"630\" height=\"440\" srcset=\"https:\/\/blog.erm.ee\/wp-content\/uploads\/2018\/07\/ERMEJ378_43_1_pisipilt-e1532610083144.jpg 630w, https:\/\/blog.erm.ee\/wp-content\/uploads\/2018\/07\/ERMEJ378_43_1_pisipilt-e1532610083144-372x260.jpg 372w, https:\/\/blog.erm.ee\/wp-content\/uploads\/2018\/07\/ERMEJ378_43_1_pisipilt-e1532610083144-300x210.jpg 300w\" sizes=\"auto, (max-width: 630px) 100vw, 630px\" \/><p id=\"caption-attachment-11618\" class=\"wp-caption-text\">Sammasait &#8220;aiht&#8221;. Autor: Ivo Lill (ERM EJ 378:43)<\/p><\/div>\n<div id=\"attachment_11620\" style=\"width: 446px\" class=\"wp-caption aligncenter\"><img loading=\"lazy\" decoding=\"async\" aria-describedby=\"caption-attachment-11620\" data-attachment-id=\"11620\" data-permalink=\"https:\/\/blog.erm.ee\/?attachment_id=11620#main\" data-orig-file=\"https:\/\/blog.erm.ee\/wp-content\/uploads\/2018\/07\/ERMEJ378_4_1_pisipilt.jpg\" data-orig-size=\"440,640\" data-comments-opened=\"1\" data-image-meta=\"{&quot;aperture&quot;:&quot;0&quot;,&quot;credit&quot;:&quot;&quot;,&quot;camera&quot;:&quot;&quot;,&quot;caption&quot;:&quot;&quot;,&quot;created_timestamp&quot;:&quot;0&quot;,&quot;copyright&quot;:&quot;\\u00a9 Eesti Rahva Muuseum&quot;,&quot;focal_length&quot;:&quot;0&quot;,&quot;iso&quot;:&quot;0&quot;,&quot;shutter_speed&quot;:&quot;0&quot;,&quot;title&quot;:&quot;&quot;,&quot;orientation&quot;:&quot;1&quot;}\" data-image-title=\"ERMEJ378_4_1_pisipilt\" data-image-description=\"\" data-image-caption=\"&lt;p&gt;V\u00e4rten. Autor: J\u00fcri Dubov (ERM EJ 378:4)&lt;\/p&gt;\n\" data-large-file=\"https:\/\/blog.erm.ee\/wp-content\/uploads\/2018\/07\/ERMEJ378_4_1_pisipilt.jpg\" class=\"wp-image-11620 size-full\" src=\"https:\/\/blog.erm.ee\/wp-content\/uploads\/2018\/07\/ERMEJ378_4_1_pisipilt.jpg\" alt=\"\" width=\"440\" height=\"640\" srcset=\"https:\/\/blog.erm.ee\/wp-content\/uploads\/2018\/07\/ERMEJ378_4_1_pisipilt.jpg 440w, https:\/\/blog.erm.ee\/wp-content\/uploads\/2018\/07\/ERMEJ378_4_1_pisipilt-179x260.jpg 179w, https:\/\/blog.erm.ee\/wp-content\/uploads\/2018\/07\/ERMEJ378_4_1_pisipilt-206x300.jpg 206w\" sizes=\"auto, (max-width: 440px) 100vw, 440px\" \/><p id=\"caption-attachment-11620\" class=\"wp-caption-text\">V\u00e4rten. Autor: J\u00fcri Dubov (ERM EJ 378:4)<\/p><\/div>\n<div id=\"attachment_11624\" style=\"width: 646px\" class=\"wp-caption aligncenter\"><img loading=\"lazy\" decoding=\"async\" aria-describedby=\"caption-attachment-11624\" data-attachment-id=\"11624\" data-permalink=\"https:\/\/blog.erm.ee\/?attachment_id=11624#main\" data-orig-file=\"https:\/\/blog.erm.ee\/wp-content\/uploads\/2018\/07\/ERMEJ378_125_1_pisipilt.jpg\" data-orig-size=\"640,440\" data-comments-opened=\"1\" data-image-meta=\"{&quot;aperture&quot;:&quot;0&quot;,&quot;credit&quot;:&quot;&quot;,&quot;camera&quot;:&quot;&quot;,&quot;caption&quot;:&quot;&quot;,&quot;created_timestamp&quot;:&quot;0&quot;,&quot;copyright&quot;:&quot;\\u00a9 Eesti Rahva Muuseum&quot;,&quot;focal_length&quot;:&quot;0&quot;,&quot;iso&quot;:&quot;0&quot;,&quot;shutter_speed&quot;:&quot;0&quot;,&quot;title&quot;:&quot;&quot;,&quot;orientation&quot;:&quot;1&quot;}\" data-image-title=\"ERMEJ378_125_1_pisipilt\" data-image-description=\"\" data-image-caption=\"&lt;p&gt;H\u00e4ll &amp;#8220;kitk\u00e4m&amp;#8221;. (ERM EJ 378:125)&lt;\/p&gt;\n\" data-large-file=\"https:\/\/blog.erm.ee\/wp-content\/uploads\/2018\/07\/ERMEJ378_125_1_pisipilt.jpg\" class=\"wp-image-11624 size-full\" src=\"https:\/\/blog.erm.ee\/wp-content\/uploads\/2018\/07\/ERMEJ378_125_1_pisipilt.jpg\" alt=\"\" width=\"640\" height=\"440\" srcset=\"https:\/\/blog.erm.ee\/wp-content\/uploads\/2018\/07\/ERMEJ378_125_1_pisipilt.jpg 640w, https:\/\/blog.erm.ee\/wp-content\/uploads\/2018\/07\/ERMEJ378_125_1_pisipilt-378x260.jpg 378w, https:\/\/blog.erm.ee\/wp-content\/uploads\/2018\/07\/ERMEJ378_125_1_pisipilt-300x206.jpg 300w\" sizes=\"auto, (max-width: 640px) 100vw, 640px\" \/><p id=\"caption-attachment-11624\" class=\"wp-caption-text\">H\u00e4ll &#8220;kitk\u00e4m&#8221;. (ERM EJ 378:125)<\/p><\/div>\n<p>____________________________________________________________________________________________________<\/p>\n<p style=\"text-align: justify;\"><a href=\"#_ftnref1\" name=\"_ftn1\">[1]<\/a> Kaljundi, Linda (2018). Eestlased kui soomeugrilased. Vikerkaar, nr 1\u20132, 95\u2013106.<\/p>\n<div class=\"fcbkbttn_buttons_block\" id=\"fcbkbttn_left\"><div class=\"fcbkbttn_like \"><fb:like href=\"https:\/\/blog.erm.ee\/?p=11604\" action=\"like\" colorscheme=\"light\" layout=\"standard\"  width=\"225px\" size=\"small\"><\/fb:like><\/div><div class=\"fb-share-button  \" data-href=\"https:\/\/blog.erm.ee\/?p=11604\" data-type=\"button\" data-size=\"small\"><\/div><\/div>","protected":false},"excerpt":{"rendered":"<p>Svetlana Karm, teadur Maarja Vaikmaa, sisuturunduse spetsialist 17. juulist 3. augustini 1978 toimus ENSV Riikliku Kunstiinstituudi (praegune EKA) ja ENSV Riikliku Etnograafiamuuseumi (praegune ERM) \u00fchisekspeditsioon Murmanski oblasti Lovozero asulasse saamide juurde. Sellega sai alguse t\u00e4naseni kestev EKA soome-ugri suviste ekspeditsioonide traditsioon. Paralleelselt Veljo Tormise regiv\u00e4rsilistest rahvalauludest t\u00f5ukuva loomingu ning Lennart Meri reisikirjade ja dokumentaalfilmidega l\u00e4\u00e4nemeresoome&hellip;<\/p>\n","protected":false},"author":1,"featured_media":11607,"comment_status":"open","ping_status":"open","sticky":false,"template":"","format":"standard","meta":{"_monsterinsights_skip_tracking":false,"_monsterinsights_sitenote_active":false,"_monsterinsights_sitenote_note":"","_monsterinsights_sitenote_category":0,"jetpack_post_was_ever_published":false,"_jetpack_newsletter_access":"","_jetpack_dont_email_post_to_subs":false,"_jetpack_newsletter_tier_id":0,"_jetpack_memberships_contains_paywalled_content":false,"_jetpack_memberships_contains_paid_content":false,"footnotes":""},"categories":[28],"tags":[],"class_list":["post-11604","post","type-post","status-publish","format-standard","has-post-thumbnail","hentry","category-soome-ugri"],"yoast_head":"<!-- This site is optimized with the Yoast SEO plugin v27.5 - https:\/\/yoast.com\/product\/yoast-seo-wordpress\/ -->\n<title>40 aastat EKA soome-ugri ekspeditsioone - Eesti Rahva Muuseumi ajaveeb<\/title>\n<meta name=\"robots\" content=\"index, follow, max-snippet:-1, max-image-preview:large, max-video-preview:-1\" \/>\n<link rel=\"canonical\" href=\"https:\/\/blog.erm.ee\/?p=11604\" \/>\n<meta property=\"og:locale\" content=\"et_EE\" \/>\n<meta property=\"og:type\" content=\"article\" \/>\n<meta property=\"og:title\" content=\"40 aastat EKA soome-ugri ekspeditsioone - Eesti Rahva Muuseumi ajaveeb\" \/>\n<meta property=\"og:description\" content=\"Svetlana Karm, teadur Maarja Vaikmaa, sisuturunduse spetsialist 17. juulist 3. augustini 1978 toimus ENSV Riikliku Kunstiinstituudi (praegune EKA) ja ENSV Riikliku Etnograafiamuuseumi (praegune ERM) \u00fchisekspeditsioon Murmanski oblasti Lovozero asulasse saamide juurde. Sellega sai alguse t\u00e4naseni kestev EKA soome-ugri suviste ekspeditsioonide traditsioon. Paralleelselt Veljo Tormise regiv\u00e4rsilistest rahvalauludest t\u00f5ukuva loomingu ning Lennart Meri reisikirjade ja dokumentaalfilmidega l\u00e4\u00e4nemeresoome&hellip;\" \/>\n<meta property=\"og:url\" content=\"https:\/\/blog.erm.ee\/?p=11604\" \/>\n<meta property=\"og:site_name\" content=\"Eesti Rahva Muuseumi ajaveeb\" \/>\n<meta property=\"article:published_time\" content=\"2018-07-26T13:30:26+00:00\" \/>\n<meta property=\"article:modified_time\" content=\"2018-08-06T11:45:06+00:00\" \/>\n<meta property=\"og:image\" content=\"https:\/\/blog.erm.ee\/wp-content\/uploads\/2018\/07\/ERMFk1868_28_1_pisipilt.jpg\" \/>\n\t<meta property=\"og:image:width\" content=\"1009\" \/>\n\t<meta property=\"og:image:height\" content=\"742\" \/>\n\t<meta property=\"og:image:type\" content=\"image\/jpeg\" \/>\n<meta name=\"author\" content=\"Eesti Rahva Muuseum\" \/>\n<meta name=\"twitter:card\" content=\"summary_large_image\" \/>\n<meta name=\"twitter:label1\" content=\"Written by\" \/>\n\t<meta name=\"twitter:data1\" content=\"Eesti Rahva Muuseum\" \/>\n\t<meta name=\"twitter:label2\" content=\"Est. reading time\" \/>\n\t<meta name=\"twitter:data2\" content=\"5 minutit\" \/>\n<script type=\"application\/ld+json\" class=\"yoast-schema-graph\">{\"@context\":\"https:\\\/\\\/schema.org\",\"@graph\":[{\"@type\":\"Article\",\"@id\":\"https:\\\/\\\/blog.erm.ee\\\/?p=11604#article\",\"isPartOf\":{\"@id\":\"https:\\\/\\\/blog.erm.ee\\\/?p=11604\"},\"author\":{\"name\":\"Eesti Rahva Muuseum\",\"@id\":\"https:\\\/\\\/blog.erm.ee\\\/#\\\/schema\\\/person\\\/6e98c391cb00a33e7c22a3571e062114\"},\"headline\":\"40 aastat EKA soome-ugri ekspeditsioone\",\"datePublished\":\"2018-07-26T13:30:26+00:00\",\"dateModified\":\"2018-08-06T11:45:06+00:00\",\"mainEntityOfPage\":{\"@id\":\"https:\\\/\\\/blog.erm.ee\\\/?p=11604\"},\"wordCount\":1098,\"commentCount\":0,\"image\":{\"@id\":\"https:\\\/\\\/blog.erm.ee\\\/?p=11604#primaryimage\"},\"thumbnailUrl\":\"https:\\\/\\\/blog.erm.ee\\\/wp-content\\\/uploads\\\/2018\\\/07\\\/ERMFk1868_28_1_pisipilt.jpg\",\"articleSection\":[\"Soome-ugri\"],\"inLanguage\":\"et\",\"potentialAction\":[{\"@type\":\"CommentAction\",\"name\":\"Comment\",\"target\":[\"https:\\\/\\\/blog.erm.ee\\\/?p=11604#respond\"]}]},{\"@type\":\"WebPage\",\"@id\":\"https:\\\/\\\/blog.erm.ee\\\/?p=11604\",\"url\":\"https:\\\/\\\/blog.erm.ee\\\/?p=11604\",\"name\":\"40 aastat EKA soome-ugri ekspeditsioone - Eesti Rahva Muuseumi ajaveeb\",\"isPartOf\":{\"@id\":\"https:\\\/\\\/blog.erm.ee\\\/#website\"},\"primaryImageOfPage\":{\"@id\":\"https:\\\/\\\/blog.erm.ee\\\/?p=11604#primaryimage\"},\"image\":{\"@id\":\"https:\\\/\\\/blog.erm.ee\\\/?p=11604#primaryimage\"},\"thumbnailUrl\":\"https:\\\/\\\/blog.erm.ee\\\/wp-content\\\/uploads\\\/2018\\\/07\\\/ERMFk1868_28_1_pisipilt.jpg\",\"datePublished\":\"2018-07-26T13:30:26+00:00\",\"dateModified\":\"2018-08-06T11:45:06+00:00\",\"author\":{\"@id\":\"https:\\\/\\\/blog.erm.ee\\\/#\\\/schema\\\/person\\\/6e98c391cb00a33e7c22a3571e062114\"},\"breadcrumb\":{\"@id\":\"https:\\\/\\\/blog.erm.ee\\\/?p=11604#breadcrumb\"},\"inLanguage\":\"et\",\"potentialAction\":[{\"@type\":\"ReadAction\",\"target\":[\"https:\\\/\\\/blog.erm.ee\\\/?p=11604\"]}]},{\"@type\":\"ImageObject\",\"inLanguage\":\"et\",\"@id\":\"https:\\\/\\\/blog.erm.ee\\\/?p=11604#primaryimage\",\"url\":\"https:\\\/\\\/blog.erm.ee\\\/wp-content\\\/uploads\\\/2018\\\/07\\\/ERMFk1868_28_1_pisipilt.jpg\",\"contentUrl\":\"https:\\\/\\\/blog.erm.ee\\\/wp-content\\\/uploads\\\/2018\\\/07\\\/ERMFk1868_28_1_pisipilt.jpg\",\"width\":1009,\"height\":742,\"caption\":\"ERKI Lapimaa ekspeditsioon matkal Lujaursijd'ist Seidjaur'i\"},{\"@type\":\"BreadcrumbList\",\"@id\":\"https:\\\/\\\/blog.erm.ee\\\/?p=11604#breadcrumb\",\"itemListElement\":[{\"@type\":\"ListItem\",\"position\":1,\"name\":\"Home\",\"item\":\"https:\\\/\\\/blog.erm.ee\\\/\"},{\"@type\":\"ListItem\",\"position\":2,\"name\":\"40 aastat EKA soome-ugri ekspeditsioone\"}]},{\"@type\":\"WebSite\",\"@id\":\"https:\\\/\\\/blog.erm.ee\\\/#website\",\"url\":\"https:\\\/\\\/blog.erm.ee\\\/\",\"name\":\"Eesti Rahva Muuseumi ajaveeb\",\"description\":\"\",\"potentialAction\":[{\"@type\":\"SearchAction\",\"target\":{\"@type\":\"EntryPoint\",\"urlTemplate\":\"https:\\\/\\\/blog.erm.ee\\\/?s={search_term_string}\"},\"query-input\":{\"@type\":\"PropertyValueSpecification\",\"valueRequired\":true,\"valueName\":\"search_term_string\"}}],\"inLanguage\":\"et\"},{\"@type\":\"Person\",\"@id\":\"https:\\\/\\\/blog.erm.ee\\\/#\\\/schema\\\/person\\\/6e98c391cb00a33e7c22a3571e062114\",\"name\":\"Eesti Rahva Muuseum\",\"image\":{\"@type\":\"ImageObject\",\"inLanguage\":\"et\",\"@id\":\"https:\\\/\\\/secure.gravatar.com\\\/avatar\\\/cb6d9ad5fb49f3f7315028ce5fe60641075f2cb52b8a058ff5a985fa2d8c1da0?s=96&d=mm&r=g\",\"url\":\"https:\\\/\\\/secure.gravatar.com\\\/avatar\\\/cb6d9ad5fb49f3f7315028ce5fe60641075f2cb52b8a058ff5a985fa2d8c1da0?s=96&d=mm&r=g\",\"contentUrl\":\"https:\\\/\\\/secure.gravatar.com\\\/avatar\\\/cb6d9ad5fb49f3f7315028ce5fe60641075f2cb52b8a058ff5a985fa2d8c1da0?s=96&d=mm&r=g\",\"caption\":\"Eesti Rahva Muuseum\"},\"sameAs\":[\"http:\\\/\\\/www.erm.ee\"],\"url\":\"https:\\\/\\\/blog.erm.ee\\\/?author=1\"}]}<\/script>\n<!-- \/ Yoast SEO plugin. -->","yoast_head_json":{"title":"40 aastat EKA soome-ugri ekspeditsioone - Eesti Rahva Muuseumi ajaveeb","robots":{"index":"index","follow":"follow","max-snippet":"max-snippet:-1","max-image-preview":"max-image-preview:large","max-video-preview":"max-video-preview:-1"},"canonical":"https:\/\/blog.erm.ee\/?p=11604","og_locale":"et_EE","og_type":"article","og_title":"40 aastat EKA soome-ugri ekspeditsioone - Eesti Rahva Muuseumi ajaveeb","og_description":"Svetlana Karm, teadur Maarja Vaikmaa, sisuturunduse spetsialist 17. juulist 3. augustini 1978 toimus ENSV Riikliku Kunstiinstituudi (praegune EKA) ja ENSV Riikliku Etnograafiamuuseumi (praegune ERM) \u00fchisekspeditsioon Murmanski oblasti Lovozero asulasse saamide juurde. Sellega sai alguse t\u00e4naseni kestev EKA soome-ugri suviste ekspeditsioonide traditsioon. Paralleelselt Veljo Tormise regiv\u00e4rsilistest rahvalauludest t\u00f5ukuva loomingu ning Lennart Meri reisikirjade ja dokumentaalfilmidega l\u00e4\u00e4nemeresoome&hellip;","og_url":"https:\/\/blog.erm.ee\/?p=11604","og_site_name":"Eesti Rahva Muuseumi ajaveeb","article_published_time":"2018-07-26T13:30:26+00:00","article_modified_time":"2018-08-06T11:45:06+00:00","og_image":[{"width":1009,"height":742,"url":"https:\/\/blog.erm.ee\/wp-content\/uploads\/2018\/07\/ERMFk1868_28_1_pisipilt.jpg","type":"image\/jpeg"}],"author":"Eesti Rahva Muuseum","twitter_card":"summary_large_image","twitter_misc":{"Written by":"Eesti Rahva Muuseum","Est. reading time":"5 minutit"},"schema":{"@context":"https:\/\/schema.org","@graph":[{"@type":"Article","@id":"https:\/\/blog.erm.ee\/?p=11604#article","isPartOf":{"@id":"https:\/\/blog.erm.ee\/?p=11604"},"author":{"name":"Eesti Rahva Muuseum","@id":"https:\/\/blog.erm.ee\/#\/schema\/person\/6e98c391cb00a33e7c22a3571e062114"},"headline":"40 aastat EKA soome-ugri ekspeditsioone","datePublished":"2018-07-26T13:30:26+00:00","dateModified":"2018-08-06T11:45:06+00:00","mainEntityOfPage":{"@id":"https:\/\/blog.erm.ee\/?p=11604"},"wordCount":1098,"commentCount":0,"image":{"@id":"https:\/\/blog.erm.ee\/?p=11604#primaryimage"},"thumbnailUrl":"https:\/\/blog.erm.ee\/wp-content\/uploads\/2018\/07\/ERMFk1868_28_1_pisipilt.jpg","articleSection":["Soome-ugri"],"inLanguage":"et","potentialAction":[{"@type":"CommentAction","name":"Comment","target":["https:\/\/blog.erm.ee\/?p=11604#respond"]}]},{"@type":"WebPage","@id":"https:\/\/blog.erm.ee\/?p=11604","url":"https:\/\/blog.erm.ee\/?p=11604","name":"40 aastat EKA soome-ugri ekspeditsioone - Eesti Rahva Muuseumi ajaveeb","isPartOf":{"@id":"https:\/\/blog.erm.ee\/#website"},"primaryImageOfPage":{"@id":"https:\/\/blog.erm.ee\/?p=11604#primaryimage"},"image":{"@id":"https:\/\/blog.erm.ee\/?p=11604#primaryimage"},"thumbnailUrl":"https:\/\/blog.erm.ee\/wp-content\/uploads\/2018\/07\/ERMFk1868_28_1_pisipilt.jpg","datePublished":"2018-07-26T13:30:26+00:00","dateModified":"2018-08-06T11:45:06+00:00","author":{"@id":"https:\/\/blog.erm.ee\/#\/schema\/person\/6e98c391cb00a33e7c22a3571e062114"},"breadcrumb":{"@id":"https:\/\/blog.erm.ee\/?p=11604#breadcrumb"},"inLanguage":"et","potentialAction":[{"@type":"ReadAction","target":["https:\/\/blog.erm.ee\/?p=11604"]}]},{"@type":"ImageObject","inLanguage":"et","@id":"https:\/\/blog.erm.ee\/?p=11604#primaryimage","url":"https:\/\/blog.erm.ee\/wp-content\/uploads\/2018\/07\/ERMFk1868_28_1_pisipilt.jpg","contentUrl":"https:\/\/blog.erm.ee\/wp-content\/uploads\/2018\/07\/ERMFk1868_28_1_pisipilt.jpg","width":1009,"height":742,"caption":"ERKI Lapimaa ekspeditsioon matkal Lujaursijd'ist Seidjaur'i"},{"@type":"BreadcrumbList","@id":"https:\/\/blog.erm.ee\/?p=11604#breadcrumb","itemListElement":[{"@type":"ListItem","position":1,"name":"Home","item":"https:\/\/blog.erm.ee\/"},{"@type":"ListItem","position":2,"name":"40 aastat EKA soome-ugri ekspeditsioone"}]},{"@type":"WebSite","@id":"https:\/\/blog.erm.ee\/#website","url":"https:\/\/blog.erm.ee\/","name":"Eesti Rahva Muuseumi ajaveeb","description":"","potentialAction":[{"@type":"SearchAction","target":{"@type":"EntryPoint","urlTemplate":"https:\/\/blog.erm.ee\/?s={search_term_string}"},"query-input":{"@type":"PropertyValueSpecification","valueRequired":true,"valueName":"search_term_string"}}],"inLanguage":"et"},{"@type":"Person","@id":"https:\/\/blog.erm.ee\/#\/schema\/person\/6e98c391cb00a33e7c22a3571e062114","name":"Eesti Rahva Muuseum","image":{"@type":"ImageObject","inLanguage":"et","@id":"https:\/\/secure.gravatar.com\/avatar\/cb6d9ad5fb49f3f7315028ce5fe60641075f2cb52b8a058ff5a985fa2d8c1da0?s=96&d=mm&r=g","url":"https:\/\/secure.gravatar.com\/avatar\/cb6d9ad5fb49f3f7315028ce5fe60641075f2cb52b8a058ff5a985fa2d8c1da0?s=96&d=mm&r=g","contentUrl":"https:\/\/secure.gravatar.com\/avatar\/cb6d9ad5fb49f3f7315028ce5fe60641075f2cb52b8a058ff5a985fa2d8c1da0?s=96&d=mm&r=g","caption":"Eesti Rahva Muuseum"},"sameAs":["http:\/\/www.erm.ee"],"url":"https:\/\/blog.erm.ee\/?author=1"}]}},"jetpack_featured_media_url":"https:\/\/blog.erm.ee\/wp-content\/uploads\/2018\/07\/ERMFk1868_28_1_pisipilt.jpg","jetpack_shortlink":"https:\/\/wp.me\/p2l9Zd-31a","jetpack_sharing_enabled":true,"jetpack_likes_enabled":true,"_links":{"self":[{"href":"https:\/\/blog.erm.ee\/index.php?rest_route=\/wp\/v2\/posts\/11604","targetHints":{"allow":["GET"]}}],"collection":[{"href":"https:\/\/blog.erm.ee\/index.php?rest_route=\/wp\/v2\/posts"}],"about":[{"href":"https:\/\/blog.erm.ee\/index.php?rest_route=\/wp\/v2\/types\/post"}],"author":[{"embeddable":true,"href":"https:\/\/blog.erm.ee\/index.php?rest_route=\/wp\/v2\/users\/1"}],"replies":[{"embeddable":true,"href":"https:\/\/blog.erm.ee\/index.php?rest_route=%2Fwp%2Fv2%2Fcomments&post=11604"}],"version-history":[{"count":21,"href":"https:\/\/blog.erm.ee\/index.php?rest_route=\/wp\/v2\/posts\/11604\/revisions"}],"predecessor-version":[{"id":11656,"href":"https:\/\/blog.erm.ee\/index.php?rest_route=\/wp\/v2\/posts\/11604\/revisions\/11656"}],"wp:featuredmedia":[{"embeddable":true,"href":"https:\/\/blog.erm.ee\/index.php?rest_route=\/wp\/v2\/media\/11607"}],"wp:attachment":[{"href":"https:\/\/blog.erm.ee\/index.php?rest_route=%2Fwp%2Fv2%2Fmedia&parent=11604"}],"wp:term":[{"taxonomy":"category","embeddable":true,"href":"https:\/\/blog.erm.ee\/index.php?rest_route=%2Fwp%2Fv2%2Fcategories&post=11604"},{"taxonomy":"post_tag","embeddable":true,"href":"https:\/\/blog.erm.ee\/index.php?rest_route=%2Fwp%2Fv2%2Ftags&post=11604"}],"curies":[{"name":"wp","href":"https:\/\/api.w.org\/{rel}","templated":true}]}}