{"id":11534,"date":"2018-06-28T07:30:20","date_gmt":"2018-06-28T04:30:20","guid":{"rendered":"http:\/\/blog.erm.ee\/?p=11534"},"modified":"2018-06-28T10:32:17","modified_gmt":"2018-06-28T07:32:17","slug":"ulenurme-lasteaia-lapsed-anu-raua-vaibanaitusel","status":"publish","type":"post","link":"https:\/\/blog.erm.ee\/?p=11534","title":{"rendered":"\u00dclenurme lasteaia lapsed Anu Raua vaiban\u00e4itusel"},"content":{"rendered":"<div class=\"fcbkbttn_buttons_block\" id=\"fcbkbttn_left\"><div class=\"fcbkbttn_like \"><fb:like href=\"https:\/\/blog.erm.ee\/?p=11534\" action=\"like\" colorscheme=\"light\" layout=\"standard\"  width=\"225px\" size=\"small\"><\/fb:like><\/div><div class=\"fb-share-button  \" data-href=\"https:\/\/blog.erm.ee\/?p=11534\" data-type=\"button\" data-size=\"small\"><\/div><\/div><p style=\"text-align: justify;\"><em>Tekst: \u00dclenurme lasteaia M\u00f5mmikute r\u00fchm<br \/>\nFotod: Anu Ansu, Arp Karm, Evelin Sarapuu<br \/>\n<\/em><\/p>\n<p style=\"text-align: justify;\">Aprilli keskpaigas k\u00fclastasid ERMi galeriis tekstiilikunstnik Anu Raua vaiban\u00e4itust &#8220;Isamaastikud&#8221; \u00dclenurme lasteaia M\u00f5mmikute r\u00fchma lapsed. 4-aastased muuseumik\u00fclastajad jagavad r\u00f5\u00f5muga ERMi ajaveebi lugejatega oma m\u00f5tteid ja t\u00e4helepanekuid.<a href=\"https:\/\/blog.erm.ee\/wp-content\/uploads\/2018\/06\/\u00dclenurme.jpg\"><img loading=\"lazy\" decoding=\"async\" data-attachment-id=\"11544\" data-permalink=\"https:\/\/blog.erm.ee\/?attachment_id=11544#main\" data-orig-file=\"https:\/\/blog.erm.ee\/wp-content\/uploads\/2018\/06\/\u00dclenurme.jpg\" data-orig-size=\"545,362\" data-comments-opened=\"1\" data-image-meta=\"{&quot;aperture&quot;:&quot;0&quot;,&quot;credit&quot;:&quot;&quot;,&quot;camera&quot;:&quot;&quot;,&quot;caption&quot;:&quot;&quot;,&quot;created_timestamp&quot;:&quot;1530115783&quot;,&quot;copyright&quot;:&quot;&quot;,&quot;focal_length&quot;:&quot;0&quot;,&quot;iso&quot;:&quot;0&quot;,&quot;shutter_speed&quot;:&quot;0&quot;,&quot;title&quot;:&quot;&quot;,&quot;orientation&quot;:&quot;1&quot;}\" data-image-title=\"\u00dclenurme\" data-image-description=\"\" data-image-caption=\"\" data-large-file=\"https:\/\/blog.erm.ee\/wp-content\/uploads\/2018\/06\/\u00dclenurme.jpg\" class=\"size-full wp-image-11544 aligncenter\" src=\"https:\/\/blog.erm.ee\/wp-content\/uploads\/2018\/06\/\u00dclenurme.jpg\" alt=\"\" width=\"545\" height=\"362\" srcset=\"https:\/\/blog.erm.ee\/wp-content\/uploads\/2018\/06\/\u00dclenurme.jpg 545w, https:\/\/blog.erm.ee\/wp-content\/uploads\/2018\/06\/\u00dclenurme-391x260.jpg 391w, https:\/\/blog.erm.ee\/wp-content\/uploads\/2018\/06\/\u00dclenurme-300x199.jpg 300w\" sizes=\"auto, (max-width: 545px) 100vw, 545px\" \/><\/a><\/p>\n<hr \/>\n<p style=\"text-align: justify;\"><strong>Robins:<\/strong><br \/>\nMulle meeldis see, kus olid inimeste silmad. Kui kaugelt vaatasime siis tundus, et see on p\u00e4ris. Alguses nagu ei teadnud, kelle silmad. Aga millal see lugu juhtus, mis seal telgi vaiba peal oli? Kas ammu?<\/p>\n<p style=\"text-align: justify;\"><strong>Gregor:<\/strong><br \/>\nSee majaga pilt oli vahva, kus olid ukse peal silmad. See maja oli telgi moodi. Seal olid taevas nagu t\u00e4hed. Ja oli talveaeg ja maja ulatus taevani. Aga kelle silmad need on?<\/p>\n<div id=\"attachment_11535\" style=\"width: 1210px\" class=\"wp-caption aligncenter\"><a href=\"https:\/\/blog.erm.ee\/wp-content\/uploads\/2018\/06\/119111_ERM_A_843_1_1-e1530103461547.jpg\"><img loading=\"lazy\" decoding=\"async\" aria-describedby=\"caption-attachment-11535\" data-attachment-id=\"11535\" data-permalink=\"https:\/\/blog.erm.ee\/?attachment_id=11535#main\" data-orig-file=\"https:\/\/blog.erm.ee\/wp-content\/uploads\/2018\/06\/119111_ERM_A_843_1_1-e1530103461547.jpg\" data-orig-size=\"1200,1481\" data-comments-opened=\"1\" data-image-meta=\"{&quot;aperture&quot;:&quot;16&quot;,&quot;credit&quot;:&quot;Priit&quot;,&quot;camera&quot;:&quot;Hasselblad H3DII-50MS - Hasselblad H3D&quot;,&quot;caption&quot;:&quot;&quot;,&quot;created_timestamp&quot;:&quot;1253886472&quot;,&quot;copyright&quot;:&quot;&quot;,&quot;focal_length&quot;:&quot;80&quot;,&quot;iso&quot;:&quot;50&quot;,&quot;shutter_speed&quot;:&quot;0.004&quot;,&quot;title&quot;:&quot;&quot;,&quot;orientation&quot;:&quot;1&quot;}\" data-image-title=\"119111_ERM_A_843_1_1\" data-image-description=\"\" data-image-caption=\"&lt;p&gt;&amp;#8220;Koda&amp;#8221; 1992. Vill, p\u00f5ime. 214 \u00d7 160 cm (ERM A 843:1)&lt;\/p&gt;\n\" data-large-file=\"https:\/\/blog.erm.ee\/wp-content\/uploads\/2018\/06\/119111_ERM_A_843_1_1-829x1024.jpg\" class=\"size-full wp-image-11535\" src=\"https:\/\/blog.erm.ee\/wp-content\/uploads\/2018\/06\/119111_ERM_A_843_1_1-e1530103461547.jpg\" alt=\"\" width=\"1200\" height=\"1481\" \/><\/a><p id=\"caption-attachment-11535\" class=\"wp-caption-text\">&#8220;Koda&#8221; 1992. Vill, p\u00f5ime. 214 \u00d7 160 cm (ERM A 843:1)<\/p><\/div>\n<p style=\"text-align: justify;\"><strong>Anete:<\/strong><br \/>\nMinule meeldis see, kus luud oli ukse ees. Seal oli veel \u00fcks v\u00e4ike linnuke. Seal oli ukse link ja nagu kuuri v\u00f5ti. Seal oli nii, et k\u00f5ik teavad, et neid ei ole kodus. Ja siis on luud. Vanasti ei kardetud vargaid. Neid siis ei olnudki.<\/p>\n<p style=\"text-align: justify;\"><strong>Marili:<\/strong><br \/>\nMulle meeldis see luua\u00a0 vaip. Ukse juurde l\u00e4ks trepp. See oli seal sellep\u00e4rast, et inimesi ei olnud kodus. Vanasti oli nii. N\u00fc\u00fcd pannakse lukku.<\/p>\n<p style=\"text-align: justify;\"><strong>Geron:<\/strong><br \/>\nMulle meeldis ka luuaga. Siis kui vanasti tehti nii, et ei pandud ust lukku ja pandi luud ukse ette. Praegu paneme ilusti ukse kinni.<\/p>\n<p style=\"text-align: justify;\"><strong>Kaspar K:<\/strong><br \/>\nLuuaga pilti ma tean. Issi \u00fctleb, et pandi k\u00fcll uks lukku, aga v\u00f5ti pandi vaiba alla. Mulle meeldis see telgi pilt. Algul ma arvasin, et need on lambid, aga l\u00e4hedalt olid silmad. Taevas oli must ja t\u00e4hed olid. Ja see on \u00f6\u00f6. Natuke \u00f5udne ka.<\/p>\n<div id=\"attachment_11536\" style=\"width: 1210px\" class=\"wp-caption aligncenter\"><a href=\"https:\/\/blog.erm.ee\/wp-content\/uploads\/2018\/06\/Pole_kodus.jpg\"><img loading=\"lazy\" decoding=\"async\" aria-describedby=\"caption-attachment-11536\" data-attachment-id=\"11536\" data-permalink=\"https:\/\/blog.erm.ee\/?attachment_id=11536#main\" data-orig-file=\"https:\/\/blog.erm.ee\/wp-content\/uploads\/2018\/06\/Pole_kodus-e1530103690117.jpg\" data-orig-size=\"1200,1798\" data-comments-opened=\"1\" data-image-meta=\"{&quot;aperture&quot;:&quot;9&quot;,&quot;credit&quot;:&quot;&quot;,&quot;camera&quot;:&quot;NIKON D600&quot;,&quot;caption&quot;:&quot;&quot;,&quot;created_timestamp&quot;:&quot;1519735717&quot;,&quot;copyright&quot;:&quot;&quot;,&quot;focal_length&quot;:&quot;52&quot;,&quot;iso&quot;:&quot;100&quot;,&quot;shutter_speed&quot;:&quot;0.01&quot;,&quot;title&quot;:&quot;&quot;,&quot;orientation&quot;:&quot;1&quot;}\" data-image-title=\"Pole_kodus\" data-image-description=\"\" data-image-caption=\"&lt;p&gt;&amp;#8220;Pole kodus&amp;#8221; 2014. Vill, p\u00f5ime. 170 \u00d7 125 cm&lt;br \/&gt;\nErakogu&lt;\/p&gt;\n\" data-large-file=\"https:\/\/blog.erm.ee\/wp-content\/uploads\/2018\/06\/Pole_kodus-683x1024.jpg\" class=\"wp-image-11536 size-full\" src=\"https:\/\/blog.erm.ee\/wp-content\/uploads\/2018\/06\/Pole_kodus-e1530103690117.jpg\" alt=\"\" width=\"1200\" height=\"1798\" \/><\/a><p id=\"caption-attachment-11536\" class=\"wp-caption-text\">&#8220;Pole kodus&#8221; 2014. Vill, p\u00f5ime. 170 \u00d7 125 cm (Erakogu)<\/p><\/div>\n<p style=\"text-align: justify;\"><strong>Tormi:<\/strong><br \/>\nMulle oli k\u00f5ige toredam kinda ja k\u00e4te puu. \u00dched olid s\u00f5rmikud ja \u00fched olid k\u00e4pikud. Ma lugesin need \u00e4ra ka. Ja emmele meeldis see vaip, kus olid peal p\u00fcksid. Need olid poiste omad.<\/p>\n<div id=\"attachment_11537\" style=\"width: 1210px\" class=\"wp-caption aligncenter\"><a href=\"https:\/\/blog.erm.ee\/wp-content\/uploads\/2018\/06\/Kindapuud-e1530103857161.jpg\"><img loading=\"lazy\" decoding=\"async\" aria-describedby=\"caption-attachment-11537\" data-attachment-id=\"11537\" data-permalink=\"https:\/\/blog.erm.ee\/?attachment_id=11537#main\" data-orig-file=\"https:\/\/blog.erm.ee\/wp-content\/uploads\/2018\/06\/Kindapuud-e1530103857161.jpg\" data-orig-size=\"1200,801\" data-comments-opened=\"1\" data-image-meta=\"{&quot;aperture&quot;:&quot;8&quot;,&quot;credit&quot;:&quot;&quot;,&quot;camera&quot;:&quot;NIKON D600&quot;,&quot;caption&quot;:&quot;&quot;,&quot;created_timestamp&quot;:&quot;1519732470&quot;,&quot;copyright&quot;:&quot;&quot;,&quot;focal_length&quot;:&quot;38&quot;,&quot;iso&quot;:&quot;100&quot;,&quot;shutter_speed&quot;:&quot;0.01&quot;,&quot;title&quot;:&quot;&quot;,&quot;orientation&quot;:&quot;1&quot;}\" data-image-title=\"Kindapuud\" data-image-description=\"\" data-image-caption=\"&lt;p&gt;&amp;#8220;Kindapuud&amp;#8221;&lt;br \/&gt;\n1986. Vill, p\u00f5ime. 160 \u00d7 270 cm&lt;br \/&gt;\nETDM&lt;\/p&gt;\n\" data-large-file=\"https:\/\/blog.erm.ee\/wp-content\/uploads\/2018\/06\/Kindapuud-1024x683.jpg\" class=\"size-full wp-image-11537\" src=\"https:\/\/blog.erm.ee\/wp-content\/uploads\/2018\/06\/Kindapuud-e1530103857161.jpg\" alt=\"\" width=\"1200\" height=\"801\" \/><\/a><p id=\"caption-attachment-11537\" class=\"wp-caption-text\">&#8220;Kindapuud&#8221; 1986. Vill, p\u00f5ime. 160 \u00d7 270 cm (ETDM)<\/p><\/div>\n<p style=\"text-align: justify;\"><strong>Steve:<\/strong><br \/>\nSee vaip oli v\u00e4ga ilus, kuidas inimesed t\u00e4nasid maad. See k\u00e4is nii, et nad kummardasid. Maa annab meile taimi ja siis saame s\u00fc\u00fca. Ja p\u00f5llumehed k\u00fclvavad rukist. See oli tore.<\/p>\n<p style=\"text-align: justify;\">Siis oli see veel tore, kus t\u00e4did k\u00f5ndisid metsas. Neil olid Eesti rahvariided ja linnukesed olid puude ladvas. Ja t\u00e4didel olid v\u00e4rvilised juuksed.<\/p>\n<p style=\"text-align: justify;\">See vana tamm oli ka tore, sest see oli v\u00e4rviline. V\u00e4ga paks puu ja vana.<\/p>\n<div id=\"attachment_11538\" style=\"width: 1210px\" class=\"wp-caption aligncenter\"><a href=\"https:\/\/blog.erm.ee\/wp-content\/uploads\/2018\/06\/P\u00f5llukummardajad-e1530103940149.jpg\"><img loading=\"lazy\" decoding=\"async\" aria-describedby=\"caption-attachment-11538\" data-attachment-id=\"11538\" data-permalink=\"https:\/\/blog.erm.ee\/?attachment_id=11538#main\" data-orig-file=\"https:\/\/blog.erm.ee\/wp-content\/uploads\/2018\/06\/P\u00f5llukummardajad-e1530103940149.jpg\" data-orig-size=\"1200,801\" data-comments-opened=\"1\" data-image-meta=\"{&quot;aperture&quot;:&quot;8&quot;,&quot;credit&quot;:&quot;&quot;,&quot;camera&quot;:&quot;NIKON D600&quot;,&quot;caption&quot;:&quot;&quot;,&quot;created_timestamp&quot;:&quot;1519733354&quot;,&quot;copyright&quot;:&quot;&quot;,&quot;focal_length&quot;:&quot;48&quot;,&quot;iso&quot;:&quot;100&quot;,&quot;shutter_speed&quot;:&quot;0.01&quot;,&quot;title&quot;:&quot;&quot;,&quot;orientation&quot;:&quot;1&quot;}\" data-image-title=\"P\u00f5llukummardajad\" data-image-description=\"\" data-image-caption=\"\" data-large-file=\"https:\/\/blog.erm.ee\/wp-content\/uploads\/2018\/06\/P\u00f5llukummardajad-1024x683.jpg\" class=\"wp-image-11538 size-full\" src=\"https:\/\/blog.erm.ee\/wp-content\/uploads\/2018\/06\/P\u00f5llukummardajad-e1530103940149.jpg\" alt=\"\" width=\"1200\" height=\"801\" \/><\/a><p id=\"caption-attachment-11538\" class=\"wp-caption-text\">&#8220;P\u00f5llukummardajad&#8221; 2002. Vill, p\u00f5ime. 135 \u00d7 200 cm (\u00dclenurme G\u00fcmnaasium)<\/p><\/div>\n<p style=\"text-align: justify;\"><strong>Nora:<\/strong><br \/>\nMulle meeldis see, kuidas t\u00e4did k\u00e4isid metsas rahvariietega. Nendel olid rahvaseelikud seljas, triibulised ja \u00fchel olid roosad juuksed ja \u00fchel olid lillad. Nad k\u00f5ndisid seal ja kuulasid linnulaulu. Nad l\u00e4ksid k\u00f5ik \u00fchte suunda, samale poole. Need olid vist k\u00f5ik emmed. Imelik, aga kus lapsed on?<\/p>\n<div id=\"attachment_11540\" style=\"width: 1210px\" class=\"wp-caption aligncenter\"><a href=\"https:\/\/blog.erm.ee\/wp-content\/uploads\/2018\/06\/Linnulaul-e1530104053943.jpg\"><img loading=\"lazy\" decoding=\"async\" aria-describedby=\"caption-attachment-11540\" data-attachment-id=\"11540\" data-permalink=\"https:\/\/blog.erm.ee\/?attachment_id=11540#main\" data-orig-file=\"https:\/\/blog.erm.ee\/wp-content\/uploads\/2018\/06\/Linnulaul-e1530104053943.jpg\" data-orig-size=\"1200,801\" data-comments-opened=\"1\" data-image-meta=\"{&quot;aperture&quot;:&quot;9&quot;,&quot;credit&quot;:&quot;&quot;,&quot;camera&quot;:&quot;NIKON D600&quot;,&quot;caption&quot;:&quot;&quot;,&quot;created_timestamp&quot;:&quot;1519734096&quot;,&quot;copyright&quot;:&quot;&quot;,&quot;focal_length&quot;:&quot;48&quot;,&quot;iso&quot;:&quot;100&quot;,&quot;shutter_speed&quot;:&quot;0.01&quot;,&quot;title&quot;:&quot;&quot;,&quot;orientation&quot;:&quot;1&quot;}\" data-image-title=\"Linnulaul\" data-image-description=\"\" data-image-caption=\"\" data-large-file=\"https:\/\/blog.erm.ee\/wp-content\/uploads\/2018\/06\/Linnulaul-1024x683.jpg\" class=\"wp-image-11540 size-full\" src=\"https:\/\/blog.erm.ee\/wp-content\/uploads\/2018\/06\/Linnulaul-e1530104053943.jpg\" alt=\"\" width=\"1200\" height=\"801\" \/><\/a><p id=\"caption-attachment-11540\" class=\"wp-caption-text\">&#8220;Linnulaul&#8221; 2018. Vill, p\u00f5ime. 140&#215;180 cm (Erakogu)<\/p><\/div>\n<p style=\"text-align: justify;\"><strong>Kadi:<\/strong><br \/>\nMinu lemmik oli hobune. Tal oli palju jalgasid. Ta jookseb nii kiiresti. Ta oli ilusat valget v\u00e4rvi ja jooksis t\u00e4itsa teisele poole.<\/p>\n<div id=\"attachment_11541\" style=\"width: 1210px\" class=\"wp-caption aligncenter\"><a href=\"https:\/\/blog.erm.ee\/wp-content\/uploads\/2018\/06\/Vabadus-e1530104272335.jpg\"><img loading=\"lazy\" decoding=\"async\" aria-describedby=\"caption-attachment-11541\" data-attachment-id=\"11541\" data-permalink=\"https:\/\/blog.erm.ee\/?attachment_id=11541#main\" data-orig-file=\"https:\/\/blog.erm.ee\/wp-content\/uploads\/2018\/06\/Vabadus-e1530104272335.jpg\" data-orig-size=\"1200,801\" data-comments-opened=\"1\" data-image-meta=\"{&quot;aperture&quot;:&quot;9&quot;,&quot;credit&quot;:&quot;&quot;,&quot;camera&quot;:&quot;NIKON D600&quot;,&quot;caption&quot;:&quot;&quot;,&quot;created_timestamp&quot;:&quot;1519743153&quot;,&quot;copyright&quot;:&quot;&quot;,&quot;focal_length&quot;:&quot;66&quot;,&quot;iso&quot;:&quot;100&quot;,&quot;shutter_speed&quot;:&quot;0.01&quot;,&quot;title&quot;:&quot;&quot;,&quot;orientation&quot;:&quot;1&quot;}\" data-image-title=\"Vabadus\" data-image-description=\"\" data-image-caption=\"&lt;p&gt;&amp;#8220;Vabadus&amp;#8221; 2001. Vill, p\u00f5ime. 70 \u00d7 84 cm (Erakogu)&lt;\/p&gt;\n\" data-large-file=\"https:\/\/blog.erm.ee\/wp-content\/uploads\/2018\/06\/Vabadus-1024x683.jpg\" class=\"size-full wp-image-11541\" src=\"https:\/\/blog.erm.ee\/wp-content\/uploads\/2018\/06\/Vabadus-e1530104272335.jpg\" alt=\"\" width=\"1200\" height=\"801\" \/><\/a><p id=\"caption-attachment-11541\" class=\"wp-caption-text\">&#8220;Vabadus&#8221; 2001. Vill, p\u00f5ime. 70 \u00d7 84 cm (Erakogu)<\/p><\/div>\n<p style=\"text-align: justify;\"><strong>Mihkel:<\/strong><br \/>\nMulle meeldis see, kus oli kirik ja all oli m\u00e4gi. Tal on selline pikk torn ja otsas on rist. Minu issi on kunagi kirikus k\u00e4inud ja on mulle neid pilte n\u00e4idanud. Me s\u00f5itsime m\u00f6\u00f6da ka kirikust. Oli ka pikk torn ja tipus oli rist. Vist kuldne. Teisel oli kukk.<\/p>\n<div id=\"attachment_11543\" style=\"width: 1210px\" class=\"wp-caption aligncenter\"><a href=\"https:\/\/blog.erm.ee\/wp-content\/uploads\/2018\/06\/27-roomusonum-e1530104624476.jpg\"><img loading=\"lazy\" decoding=\"async\" aria-describedby=\"caption-attachment-11543\" data-attachment-id=\"11543\" data-permalink=\"https:\/\/blog.erm.ee\/?attachment_id=11543#main\" data-orig-file=\"https:\/\/blog.erm.ee\/wp-content\/uploads\/2018\/06\/27-roomusonum-e1530104624476.jpg\" data-orig-size=\"1200,877\" data-comments-opened=\"1\" data-image-meta=\"{&quot;aperture&quot;:&quot;0&quot;,&quot;credit&quot;:&quot;&quot;,&quot;camera&quot;:&quot;&quot;,&quot;caption&quot;:&quot;&quot;,&quot;created_timestamp&quot;:&quot;0&quot;,&quot;copyright&quot;:&quot;&quot;,&quot;focal_length&quot;:&quot;0&quot;,&quot;iso&quot;:&quot;0&quot;,&quot;shutter_speed&quot;:&quot;0&quot;,&quot;title&quot;:&quot;&quot;,&quot;orientation&quot;:&quot;0&quot;}\" data-image-title=\"27 roomusonum\" data-image-description=\"\" data-image-caption=\"&lt;p&gt;&amp;#8220;R\u00f5\u00f5mus\u00f5num&amp;#8221;&lt;br \/&gt;\n2003. Vill, p\u00f5ime. 140 \u00d7 180 cm (Erakogu)&lt;\/p&gt;\n\" data-large-file=\"https:\/\/blog.erm.ee\/wp-content\/uploads\/2018\/06\/27-roomusonum-1024x749.jpg\" class=\"size-full wp-image-11543\" src=\"https:\/\/blog.erm.ee\/wp-content\/uploads\/2018\/06\/27-roomusonum-e1530104624476.jpg\" alt=\"\" width=\"1200\" height=\"877\" \/><\/a><p id=\"caption-attachment-11543\" class=\"wp-caption-text\">&#8220;R\u00f5\u00f5mus\u00f5num&#8221; 2003. Vill, p\u00f5ime. 140 \u00d7 180 cm (Erakogu)<\/p><\/div>\n<p style=\"text-align: justify;\"><strong>Ryan:<\/strong><br \/>\nMulle meeldis redel. Sellega saab kuu peale.<\/p>\n<p style=\"text-align: justify;\"><strong>Rihard:<\/strong><br \/>\nMinu vaip oli redeliga. Sel oli punane ja must. Sellega saab taevasse minna. Nagu taevaredel. Seda on vaja, sest muidu ei saa lennata ja saab kaugele vaadata.<\/p>\n<p style=\"text-align: justify;\"><strong>Loretta:<br \/>\n<\/strong>Mulle meeldis redeliga vaip. See redel l\u00e4ks sinna, kus on teavas. Redel oli must, aga taevas oli kaunis kollakas. Ja sinna t\u00e4htede juurde saab minna.<\/p>\n<div id=\"attachment_11542\" style=\"width: 1210px\" class=\"wp-caption aligncenter\"><a href=\"https:\/\/blog.erm.ee\/wp-content\/uploads\/2018\/06\/Taevaredel-e1530104355194.jpg\"><img loading=\"lazy\" decoding=\"async\" aria-describedby=\"caption-attachment-11542\" data-attachment-id=\"11542\" data-permalink=\"https:\/\/blog.erm.ee\/?attachment_id=11542#main\" data-orig-file=\"https:\/\/blog.erm.ee\/wp-content\/uploads\/2018\/06\/Taevaredel-e1530104355194.jpg\" data-orig-size=\"1200,1798\" data-comments-opened=\"1\" data-image-meta=\"{&quot;aperture&quot;:&quot;9&quot;,&quot;credit&quot;:&quot;&quot;,&quot;camera&quot;:&quot;NIKON D600&quot;,&quot;caption&quot;:&quot;&quot;,&quot;created_timestamp&quot;:&quot;1519741488&quot;,&quot;copyright&quot;:&quot;&quot;,&quot;focal_length&quot;:&quot;50&quot;,&quot;iso&quot;:&quot;100&quot;,&quot;shutter_speed&quot;:&quot;0.01&quot;,&quot;title&quot;:&quot;&quot;,&quot;orientation&quot;:&quot;1&quot;}\" data-image-title=\"Taevaredel\" data-image-description=\"\" data-image-caption=\"&lt;p&gt;&amp;#8220;Taevaredel&amp;#8221; 1996. Vill, p\u00f5ime. 195 \u00d7 120 cm (Jaani kirik Viljandis)&lt;\/p&gt;\n\" data-large-file=\"https:\/\/blog.erm.ee\/wp-content\/uploads\/2018\/06\/Taevaredel-683x1024.jpg\" class=\"size-full wp-image-11542\" src=\"https:\/\/blog.erm.ee\/wp-content\/uploads\/2018\/06\/Taevaredel-e1530104355194.jpg\" alt=\"\" width=\"1200\" height=\"1798\" \/><\/a><p id=\"caption-attachment-11542\" class=\"wp-caption-text\">&#8220;Taevaredel&#8221; 1996. Vill, p\u00f5ime. 195 \u00d7 120 cm (Jaani kirik Viljandis)<\/p><\/div>\n<hr \/>\n<p style=\"text-align: justify;\">Emeriitprofessor ja akadeemik Anu Raua \u00fclevaaten\u00e4itus &#8220;Isamaastikud&#8221; on Eesti Rahva Muuseumi galeriis (B-sissep\u00e4\u00e4s) avatud 11. novembrini 2018. <a href=\"http:\/\/www.erm.ee\/et\/content\/anu-raud-isamaastikud\">Loe lisa<\/a>.<\/p>\n<div class=\"fcbkbttn_buttons_block\" id=\"fcbkbttn_left\"><div class=\"fcbkbttn_like \"><fb:like href=\"https:\/\/blog.erm.ee\/?p=11534\" action=\"like\" colorscheme=\"light\" layout=\"standard\"  width=\"225px\" size=\"small\"><\/fb:like><\/div><div class=\"fb-share-button  \" data-href=\"https:\/\/blog.erm.ee\/?p=11534\" data-type=\"button\" data-size=\"small\"><\/div><\/div>","protected":false},"excerpt":{"rendered":"<p>Tekst: \u00dclenurme lasteaia M\u00f5mmikute r\u00fchm Fotod: Anu Ansu, Arp Karm, Evelin Sarapuu Aprilli keskpaigas k\u00fclastasid ERMi galeriis tekstiilikunstnik Anu Raua vaiban\u00e4itust &#8220;Isamaastikud&#8221; \u00dclenurme lasteaia M\u00f5mmikute r\u00fchma lapsed. 4-aastased muuseumik\u00fclastajad jagavad r\u00f5\u00f5muga ERMi ajaveebi lugejatega oma m\u00f5tteid ja t\u00e4helepanekuid. Robins: Mulle meeldis see, kus olid inimeste silmad. Kui kaugelt vaatasime siis tundus, et see on p\u00e4ris.&hellip;<\/p>\n","protected":false},"author":1,"featured_media":11545,"comment_status":"open","ping_status":"open","sticky":false,"template":"","format":"standard","meta":{"_monsterinsights_skip_tracking":false,"_monsterinsights_sitenote_active":false,"_monsterinsights_sitenote_note":"","_monsterinsights_sitenote_category":0,"jetpack_post_was_ever_published":false,"_jetpack_newsletter_access":"","_jetpack_dont_email_post_to_subs":false,"_jetpack_newsletter_tier_id":0,"_jetpack_memberships_contains_paywalled_content":false,"_jetpack_memberships_contains_paid_content":false,"footnotes":""},"categories":[7],"tags":[],"class_list":["post-11534","post","type-post","status-publish","format-standard","has-post-thumbnail","hentry","category-naitus"],"yoast_head":"<!-- This site is optimized with the Yoast SEO plugin v27.5 - https:\/\/yoast.com\/product\/yoast-seo-wordpress\/ -->\n<title>\u00dclenurme lasteaia lapsed Anu Raua vaiban\u00e4itusel - Eesti Rahva Muuseumi ajaveeb<\/title>\n<meta name=\"robots\" content=\"index, follow, max-snippet:-1, max-image-preview:large, max-video-preview:-1\" \/>\n<link rel=\"canonical\" href=\"https:\/\/blog.erm.ee\/?p=11534\" \/>\n<meta property=\"og:locale\" content=\"et_EE\" \/>\n<meta property=\"og:type\" content=\"article\" \/>\n<meta property=\"og:title\" content=\"\u00dclenurme lasteaia lapsed Anu Raua vaiban\u00e4itusel - Eesti Rahva Muuseumi ajaveeb\" \/>\n<meta property=\"og:description\" content=\"Tekst: \u00dclenurme lasteaia M\u00f5mmikute r\u00fchm Fotod: Anu Ansu, Arp Karm, Evelin Sarapuu Aprilli keskpaigas k\u00fclastasid ERMi galeriis tekstiilikunstnik Anu Raua vaiban\u00e4itust &#8220;Isamaastikud&#8221; \u00dclenurme lasteaia M\u00f5mmikute r\u00fchma lapsed. 4-aastased muuseumik\u00fclastajad jagavad r\u00f5\u00f5muga ERMi ajaveebi lugejatega oma m\u00f5tteid ja t\u00e4helepanekuid. Robins: Mulle meeldis see, kus olid inimeste silmad. Kui kaugelt vaatasime siis tundus, et see on p\u00e4ris.&hellip;\" \/>\n<meta property=\"og:url\" content=\"https:\/\/blog.erm.ee\/?p=11534\" \/>\n<meta property=\"og:site_name\" content=\"Eesti Rahva Muuseumi ajaveeb\" \/>\n<meta property=\"article:published_time\" content=\"2018-06-28T04:30:20+00:00\" \/>\n<meta property=\"article:modified_time\" content=\"2018-06-28T07:32:17+00:00\" \/>\n<meta property=\"og:image\" content=\"https:\/\/blog.erm.ee\/wp-content\/uploads\/2018\/06\/IMG_1602-1024x731.jpg\" \/>\n\t<meta property=\"og:image:width\" content=\"1024\" \/>\n\t<meta property=\"og:image:height\" content=\"731\" \/>\n\t<meta property=\"og:image:type\" content=\"image\/jpeg\" \/>\n<meta name=\"author\" content=\"Eesti Rahva Muuseum\" \/>\n<meta name=\"twitter:card\" content=\"summary_large_image\" \/>\n<meta name=\"twitter:label1\" content=\"Written by\" \/>\n\t<meta name=\"twitter:data1\" content=\"Eesti Rahva Muuseum\" \/>\n\t<meta name=\"twitter:label2\" content=\"Est. reading time\" \/>\n\t<meta name=\"twitter:data2\" content=\"4 minutit\" \/>\n<script type=\"application\/ld+json\" class=\"yoast-schema-graph\">{\"@context\":\"https:\\\/\\\/schema.org\",\"@graph\":[{\"@type\":\"Article\",\"@id\":\"https:\\\/\\\/blog.erm.ee\\\/?p=11534#article\",\"isPartOf\":{\"@id\":\"https:\\\/\\\/blog.erm.ee\\\/?p=11534\"},\"author\":{\"name\":\"Eesti Rahva Muuseum\",\"@id\":\"https:\\\/\\\/blog.erm.ee\\\/#\\\/schema\\\/person\\\/6e98c391cb00a33e7c22a3571e062114\"},\"headline\":\"\u00dclenurme lasteaia lapsed Anu Raua vaiban\u00e4itusel\",\"datePublished\":\"2018-06-28T04:30:20+00:00\",\"dateModified\":\"2018-06-28T07:32:17+00:00\",\"mainEntityOfPage\":{\"@id\":\"https:\\\/\\\/blog.erm.ee\\\/?p=11534\"},\"wordCount\":727,\"commentCount\":0,\"image\":{\"@id\":\"https:\\\/\\\/blog.erm.ee\\\/?p=11534#primaryimage\"},\"thumbnailUrl\":\"https:\\\/\\\/blog.erm.ee\\\/wp-content\\\/uploads\\\/2018\\\/06\\\/IMG_1602.jpg\",\"articleSection\":[\"N\u00e4itus\"],\"inLanguage\":\"et\",\"potentialAction\":[{\"@type\":\"CommentAction\",\"name\":\"Comment\",\"target\":[\"https:\\\/\\\/blog.erm.ee\\\/?p=11534#respond\"]}]},{\"@type\":\"WebPage\",\"@id\":\"https:\\\/\\\/blog.erm.ee\\\/?p=11534\",\"url\":\"https:\\\/\\\/blog.erm.ee\\\/?p=11534\",\"name\":\"\u00dclenurme lasteaia lapsed Anu Raua vaiban\u00e4itusel - Eesti Rahva Muuseumi ajaveeb\",\"isPartOf\":{\"@id\":\"https:\\\/\\\/blog.erm.ee\\\/#website\"},\"primaryImageOfPage\":{\"@id\":\"https:\\\/\\\/blog.erm.ee\\\/?p=11534#primaryimage\"},\"image\":{\"@id\":\"https:\\\/\\\/blog.erm.ee\\\/?p=11534#primaryimage\"},\"thumbnailUrl\":\"https:\\\/\\\/blog.erm.ee\\\/wp-content\\\/uploads\\\/2018\\\/06\\\/IMG_1602.jpg\",\"datePublished\":\"2018-06-28T04:30:20+00:00\",\"dateModified\":\"2018-06-28T07:32:17+00:00\",\"author\":{\"@id\":\"https:\\\/\\\/blog.erm.ee\\\/#\\\/schema\\\/person\\\/6e98c391cb00a33e7c22a3571e062114\"},\"breadcrumb\":{\"@id\":\"https:\\\/\\\/blog.erm.ee\\\/?p=11534#breadcrumb\"},\"inLanguage\":\"et\",\"potentialAction\":[{\"@type\":\"ReadAction\",\"target\":[\"https:\\\/\\\/blog.erm.ee\\\/?p=11534\"]}]},{\"@type\":\"ImageObject\",\"inLanguage\":\"et\",\"@id\":\"https:\\\/\\\/blog.erm.ee\\\/?p=11534#primaryimage\",\"url\":\"https:\\\/\\\/blog.erm.ee\\\/wp-content\\\/uploads\\\/2018\\\/06\\\/IMG_1602.jpg\",\"contentUrl\":\"https:\\\/\\\/blog.erm.ee\\\/wp-content\\\/uploads\\\/2018\\\/06\\\/IMG_1602.jpg\",\"width\":4371,\"height\":3122},{\"@type\":\"BreadcrumbList\",\"@id\":\"https:\\\/\\\/blog.erm.ee\\\/?p=11534#breadcrumb\",\"itemListElement\":[{\"@type\":\"ListItem\",\"position\":1,\"name\":\"Home\",\"item\":\"https:\\\/\\\/blog.erm.ee\\\/\"},{\"@type\":\"ListItem\",\"position\":2,\"name\":\"\u00dclenurme lasteaia lapsed Anu Raua vaiban\u00e4itusel\"}]},{\"@type\":\"WebSite\",\"@id\":\"https:\\\/\\\/blog.erm.ee\\\/#website\",\"url\":\"https:\\\/\\\/blog.erm.ee\\\/\",\"name\":\"Eesti Rahva Muuseumi ajaveeb\",\"description\":\"\",\"potentialAction\":[{\"@type\":\"SearchAction\",\"target\":{\"@type\":\"EntryPoint\",\"urlTemplate\":\"https:\\\/\\\/blog.erm.ee\\\/?s={search_term_string}\"},\"query-input\":{\"@type\":\"PropertyValueSpecification\",\"valueRequired\":true,\"valueName\":\"search_term_string\"}}],\"inLanguage\":\"et\"},{\"@type\":\"Person\",\"@id\":\"https:\\\/\\\/blog.erm.ee\\\/#\\\/schema\\\/person\\\/6e98c391cb00a33e7c22a3571e062114\",\"name\":\"Eesti Rahva Muuseum\",\"image\":{\"@type\":\"ImageObject\",\"inLanguage\":\"et\",\"@id\":\"https:\\\/\\\/secure.gravatar.com\\\/avatar\\\/cb6d9ad5fb49f3f7315028ce5fe60641075f2cb52b8a058ff5a985fa2d8c1da0?s=96&d=mm&r=g\",\"url\":\"https:\\\/\\\/secure.gravatar.com\\\/avatar\\\/cb6d9ad5fb49f3f7315028ce5fe60641075f2cb52b8a058ff5a985fa2d8c1da0?s=96&d=mm&r=g\",\"contentUrl\":\"https:\\\/\\\/secure.gravatar.com\\\/avatar\\\/cb6d9ad5fb49f3f7315028ce5fe60641075f2cb52b8a058ff5a985fa2d8c1da0?s=96&d=mm&r=g\",\"caption\":\"Eesti Rahva Muuseum\"},\"sameAs\":[\"http:\\\/\\\/www.erm.ee\"],\"url\":\"https:\\\/\\\/blog.erm.ee\\\/?author=1\"}]}<\/script>\n<!-- \/ Yoast SEO plugin. -->","yoast_head_json":{"title":"\u00dclenurme lasteaia lapsed Anu Raua vaiban\u00e4itusel - Eesti Rahva Muuseumi ajaveeb","robots":{"index":"index","follow":"follow","max-snippet":"max-snippet:-1","max-image-preview":"max-image-preview:large","max-video-preview":"max-video-preview:-1"},"canonical":"https:\/\/blog.erm.ee\/?p=11534","og_locale":"et_EE","og_type":"article","og_title":"\u00dclenurme lasteaia lapsed Anu Raua vaiban\u00e4itusel - Eesti Rahva Muuseumi ajaveeb","og_description":"Tekst: \u00dclenurme lasteaia M\u00f5mmikute r\u00fchm Fotod: Anu Ansu, Arp Karm, Evelin Sarapuu Aprilli keskpaigas k\u00fclastasid ERMi galeriis tekstiilikunstnik Anu Raua vaiban\u00e4itust &#8220;Isamaastikud&#8221; \u00dclenurme lasteaia M\u00f5mmikute r\u00fchma lapsed. 4-aastased muuseumik\u00fclastajad jagavad r\u00f5\u00f5muga ERMi ajaveebi lugejatega oma m\u00f5tteid ja t\u00e4helepanekuid. Robins: Mulle meeldis see, kus olid inimeste silmad. Kui kaugelt vaatasime siis tundus, et see on p\u00e4ris.&hellip;","og_url":"https:\/\/blog.erm.ee\/?p=11534","og_site_name":"Eesti Rahva Muuseumi ajaveeb","article_published_time":"2018-06-28T04:30:20+00:00","article_modified_time":"2018-06-28T07:32:17+00:00","og_image":[{"width":1024,"height":731,"url":"https:\/\/blog.erm.ee\/wp-content\/uploads\/2018\/06\/IMG_1602-1024x731.jpg","type":"image\/jpeg"}],"author":"Eesti Rahva Muuseum","twitter_card":"summary_large_image","twitter_misc":{"Written by":"Eesti Rahva Muuseum","Est. reading time":"4 minutit"},"schema":{"@context":"https:\/\/schema.org","@graph":[{"@type":"Article","@id":"https:\/\/blog.erm.ee\/?p=11534#article","isPartOf":{"@id":"https:\/\/blog.erm.ee\/?p=11534"},"author":{"name":"Eesti Rahva Muuseum","@id":"https:\/\/blog.erm.ee\/#\/schema\/person\/6e98c391cb00a33e7c22a3571e062114"},"headline":"\u00dclenurme lasteaia lapsed Anu Raua vaiban\u00e4itusel","datePublished":"2018-06-28T04:30:20+00:00","dateModified":"2018-06-28T07:32:17+00:00","mainEntityOfPage":{"@id":"https:\/\/blog.erm.ee\/?p=11534"},"wordCount":727,"commentCount":0,"image":{"@id":"https:\/\/blog.erm.ee\/?p=11534#primaryimage"},"thumbnailUrl":"https:\/\/blog.erm.ee\/wp-content\/uploads\/2018\/06\/IMG_1602.jpg","articleSection":["N\u00e4itus"],"inLanguage":"et","potentialAction":[{"@type":"CommentAction","name":"Comment","target":["https:\/\/blog.erm.ee\/?p=11534#respond"]}]},{"@type":"WebPage","@id":"https:\/\/blog.erm.ee\/?p=11534","url":"https:\/\/blog.erm.ee\/?p=11534","name":"\u00dclenurme lasteaia lapsed Anu Raua vaiban\u00e4itusel - Eesti Rahva Muuseumi ajaveeb","isPartOf":{"@id":"https:\/\/blog.erm.ee\/#website"},"primaryImageOfPage":{"@id":"https:\/\/blog.erm.ee\/?p=11534#primaryimage"},"image":{"@id":"https:\/\/blog.erm.ee\/?p=11534#primaryimage"},"thumbnailUrl":"https:\/\/blog.erm.ee\/wp-content\/uploads\/2018\/06\/IMG_1602.jpg","datePublished":"2018-06-28T04:30:20+00:00","dateModified":"2018-06-28T07:32:17+00:00","author":{"@id":"https:\/\/blog.erm.ee\/#\/schema\/person\/6e98c391cb00a33e7c22a3571e062114"},"breadcrumb":{"@id":"https:\/\/blog.erm.ee\/?p=11534#breadcrumb"},"inLanguage":"et","potentialAction":[{"@type":"ReadAction","target":["https:\/\/blog.erm.ee\/?p=11534"]}]},{"@type":"ImageObject","inLanguage":"et","@id":"https:\/\/blog.erm.ee\/?p=11534#primaryimage","url":"https:\/\/blog.erm.ee\/wp-content\/uploads\/2018\/06\/IMG_1602.jpg","contentUrl":"https:\/\/blog.erm.ee\/wp-content\/uploads\/2018\/06\/IMG_1602.jpg","width":4371,"height":3122},{"@type":"BreadcrumbList","@id":"https:\/\/blog.erm.ee\/?p=11534#breadcrumb","itemListElement":[{"@type":"ListItem","position":1,"name":"Home","item":"https:\/\/blog.erm.ee\/"},{"@type":"ListItem","position":2,"name":"\u00dclenurme lasteaia lapsed Anu Raua vaiban\u00e4itusel"}]},{"@type":"WebSite","@id":"https:\/\/blog.erm.ee\/#website","url":"https:\/\/blog.erm.ee\/","name":"Eesti Rahva Muuseumi ajaveeb","description":"","potentialAction":[{"@type":"SearchAction","target":{"@type":"EntryPoint","urlTemplate":"https:\/\/blog.erm.ee\/?s={search_term_string}"},"query-input":{"@type":"PropertyValueSpecification","valueRequired":true,"valueName":"search_term_string"}}],"inLanguage":"et"},{"@type":"Person","@id":"https:\/\/blog.erm.ee\/#\/schema\/person\/6e98c391cb00a33e7c22a3571e062114","name":"Eesti Rahva Muuseum","image":{"@type":"ImageObject","inLanguage":"et","@id":"https:\/\/secure.gravatar.com\/avatar\/cb6d9ad5fb49f3f7315028ce5fe60641075f2cb52b8a058ff5a985fa2d8c1da0?s=96&d=mm&r=g","url":"https:\/\/secure.gravatar.com\/avatar\/cb6d9ad5fb49f3f7315028ce5fe60641075f2cb52b8a058ff5a985fa2d8c1da0?s=96&d=mm&r=g","contentUrl":"https:\/\/secure.gravatar.com\/avatar\/cb6d9ad5fb49f3f7315028ce5fe60641075f2cb52b8a058ff5a985fa2d8c1da0?s=96&d=mm&r=g","caption":"Eesti Rahva Muuseum"},"sameAs":["http:\/\/www.erm.ee"],"url":"https:\/\/blog.erm.ee\/?author=1"}]}},"jetpack_featured_media_url":"https:\/\/blog.erm.ee\/wp-content\/uploads\/2018\/06\/IMG_1602.jpg","jetpack_shortlink":"https:\/\/wp.me\/p2l9Zd-302","jetpack_sharing_enabled":true,"jetpack_likes_enabled":true,"_links":{"self":[{"href":"https:\/\/blog.erm.ee\/index.php?rest_route=\/wp\/v2\/posts\/11534","targetHints":{"allow":["GET"]}}],"collection":[{"href":"https:\/\/blog.erm.ee\/index.php?rest_route=\/wp\/v2\/posts"}],"about":[{"href":"https:\/\/blog.erm.ee\/index.php?rest_route=\/wp\/v2\/types\/post"}],"author":[{"embeddable":true,"href":"https:\/\/blog.erm.ee\/index.php?rest_route=\/wp\/v2\/users\/1"}],"replies":[{"embeddable":true,"href":"https:\/\/blog.erm.ee\/index.php?rest_route=%2Fwp%2Fv2%2Fcomments&post=11534"}],"version-history":[{"count":12,"href":"https:\/\/blog.erm.ee\/index.php?rest_route=\/wp\/v2\/posts\/11534\/revisions"}],"predecessor-version":[{"id":11556,"href":"https:\/\/blog.erm.ee\/index.php?rest_route=\/wp\/v2\/posts\/11534\/revisions\/11556"}],"wp:featuredmedia":[{"embeddable":true,"href":"https:\/\/blog.erm.ee\/index.php?rest_route=\/wp\/v2\/media\/11545"}],"wp:attachment":[{"href":"https:\/\/blog.erm.ee\/index.php?rest_route=%2Fwp%2Fv2%2Fmedia&parent=11534"}],"wp:term":[{"taxonomy":"category","embeddable":true,"href":"https:\/\/blog.erm.ee\/index.php?rest_route=%2Fwp%2Fv2%2Fcategories&post=11534"},{"taxonomy":"post_tag","embeddable":true,"href":"https:\/\/blog.erm.ee\/index.php?rest_route=%2Fwp%2Fv2%2Ftags&post=11534"}],"curies":[{"name":"wp","href":"https:\/\/api.w.org\/{rel}","templated":true}]}}