{"id":11505,"date":"2018-06-12T15:52:51","date_gmt":"2018-06-12T12:52:51","guid":{"rendered":"http:\/\/blog.erm.ee\/?p=11505"},"modified":"2018-06-12T15:52:51","modified_gmt":"2018-06-12T12:52:51","slug":"kalanahast-ulekuubede-pakendamine","status":"publish","type":"post","link":"https:\/\/blog.erm.ee\/?p=11505","title":{"rendered":"Kalanahast \u00fclekuubede pakendamine"},"content":{"rendered":"<div class=\"fcbkbttn_buttons_block\" id=\"fcbkbttn_left\"><div class=\"fcbkbttn_like \"><fb:like href=\"https:\/\/blog.erm.ee\/?p=11505\" action=\"like\" colorscheme=\"light\" layout=\"standard\"  width=\"225px\" size=\"small\"><\/fb:like><\/div><div class=\"fb-share-button  \" data-href=\"https:\/\/blog.erm.ee\/?p=11505\" data-type=\"button\" data-size=\"small\"><\/div><\/div><p style=\"text-align: justify;\"><em>Eve Kasearu, kogude hooldustalituse juhataja<\/em><\/p>\n<p style=\"text-align: justify;\">2017\/18. aasta s\u00fcgis-talvel niisutas ja sirutas meie endine konservaator-metoodik \u00dclle Vahar kaks kalanahast \u00fclekuube (tegelikult k\u00fcll katkendid): C19:4 ja C19:5.<\/p>\n<div id=\"attachment_11506\" style=\"width: 1210px\" class=\"wp-caption aligncenter\"><a href=\"https:\/\/blog.erm.ee\/wp-content\/uploads\/2018\/06\/C_19_5_aa0004-e1528806384431.jpg\"><img loading=\"lazy\" decoding=\"async\" aria-describedby=\"caption-attachment-11506\" data-attachment-id=\"11506\" data-permalink=\"https:\/\/blog.erm.ee\/?attachment_id=11506#main\" data-orig-file=\"https:\/\/blog.erm.ee\/wp-content\/uploads\/2018\/06\/C_19_5_aa0004-e1528806384431.jpg\" data-orig-size=\"1200,801\" data-comments-opened=\"1\" data-image-meta=\"{&quot;aperture&quot;:&quot;0&quot;,&quot;credit&quot;:&quot;&quot;,&quot;camera&quot;:&quot;&quot;,&quot;caption&quot;:&quot;&quot;,&quot;created_timestamp&quot;:&quot;1504619768&quot;,&quot;copyright&quot;:&quot;&quot;,&quot;focal_length&quot;:&quot;0&quot;,&quot;iso&quot;:&quot;0&quot;,&quot;shutter_speed&quot;:&quot;0&quot;,&quot;title&quot;:&quot;&quot;,&quot;orientation&quot;:&quot;0&quot;}\" data-image-title=\"C_19_5_aa0004\" data-image-description=\"\" data-image-caption=\"&lt;p&gt;Pilt 1: C19:5 \u00fclekuub enne sirutamist&lt;\/p&gt;\n\" data-large-file=\"https:\/\/blog.erm.ee\/wp-content\/uploads\/2018\/06\/C_19_5_aa0004-1024x683.jpg\" class=\"size-full wp-image-11506\" src=\"https:\/\/blog.erm.ee\/wp-content\/uploads\/2018\/06\/C_19_5_aa0004-e1528806384431.jpg\" alt=\"\" width=\"1200\" height=\"801\" \/><\/a><p id=\"caption-attachment-11506\" class=\"wp-caption-text\">C19:5 \u00fclekuub enne sirutamist. Foto: Anu Ansu (ERM)<\/p><\/div>\n<div id=\"attachment_11507\" style=\"width: 1210px\" class=\"wp-caption aligncenter\"><a href=\"https:\/\/blog.erm.ee\/wp-content\/uploads\/2018\/06\/C_19_5_bv0002-e1528806982779.jpg\"><img loading=\"lazy\" decoding=\"async\" aria-describedby=\"caption-attachment-11507\" data-attachment-id=\"11507\" data-permalink=\"https:\/\/blog.erm.ee\/?attachment_id=11507#main\" data-orig-file=\"https:\/\/blog.erm.ee\/wp-content\/uploads\/2018\/06\/C_19_5_bv0002-e1528806982779.jpg\" data-orig-size=\"1200,801\" data-comments-opened=\"1\" data-image-meta=\"{&quot;aperture&quot;:&quot;0&quot;,&quot;credit&quot;:&quot;&quot;,&quot;camera&quot;:&quot;&quot;,&quot;caption&quot;:&quot;&quot;,&quot;created_timestamp&quot;:&quot;1517403301&quot;,&quot;copyright&quot;:&quot;&quot;,&quot;focal_length&quot;:&quot;0&quot;,&quot;iso&quot;:&quot;0&quot;,&quot;shutter_speed&quot;:&quot;0&quot;,&quot;title&quot;:&quot;&quot;,&quot;orientation&quot;:&quot;0&quot;}\" data-image-title=\"C_19_5_bv0002\" data-image-description=\"\" data-image-caption=\"&lt;p&gt;Pilt 2: C19:5 \u00fclekuub peale sirutamist. Foto: Berta Vosman (ERM)&lt;\/p&gt;\n\" data-large-file=\"https:\/\/blog.erm.ee\/wp-content\/uploads\/2018\/06\/C_19_5_bv0002-1024x683.jpg\" class=\"size-full wp-image-11507\" src=\"https:\/\/blog.erm.ee\/wp-content\/uploads\/2018\/06\/C_19_5_bv0002-e1528806982779.jpg\" alt=\"\" width=\"1200\" height=\"801\" \/><\/a><p id=\"caption-attachment-11507\" class=\"wp-caption-text\">C19:5 \u00fclekuub p\u00e4rast sirutamist. Foto: Berta Vosman (ERM)<\/p><\/div>\n<div id=\"attachment_11508\" style=\"width: 1210px\" class=\"wp-caption aligncenter\"><a href=\"https:\/\/blog.erm.ee\/wp-content\/uploads\/2018\/06\/C_19_4_aa0005-e1528807105959.jpg\"><img loading=\"lazy\" decoding=\"async\" aria-describedby=\"caption-attachment-11508\" data-attachment-id=\"11508\" data-permalink=\"https:\/\/blog.erm.ee\/?attachment_id=11508#main\" data-orig-file=\"https:\/\/blog.erm.ee\/wp-content\/uploads\/2018\/06\/C_19_4_aa0005-e1528807105959.jpg\" data-orig-size=\"1200,801\" data-comments-opened=\"1\" data-image-meta=\"{&quot;aperture&quot;:&quot;0&quot;,&quot;credit&quot;:&quot;&quot;,&quot;camera&quot;:&quot;&quot;,&quot;caption&quot;:&quot;&quot;,&quot;created_timestamp&quot;:&quot;1504620229&quot;,&quot;copyright&quot;:&quot;&quot;,&quot;focal_length&quot;:&quot;0&quot;,&quot;iso&quot;:&quot;0&quot;,&quot;shutter_speed&quot;:&quot;0&quot;,&quot;title&quot;:&quot;&quot;,&quot;orientation&quot;:&quot;0&quot;}\" data-image-title=\"C_19_4_aa0005\" data-image-description=\"\" data-image-caption=\"&lt;p&gt;Pilt 4: C19:4 \u00fclekuub enne sirutamist. Foto: Anu Ansu (ERM)&lt;\/p&gt;\n\" data-large-file=\"https:\/\/blog.erm.ee\/wp-content\/uploads\/2018\/06\/C_19_4_aa0005-1024x683.jpg\" class=\"size-full wp-image-11508\" src=\"https:\/\/blog.erm.ee\/wp-content\/uploads\/2018\/06\/C_19_4_aa0005-e1528807105959.jpg\" alt=\"\" width=\"1200\" height=\"801\" \/><\/a><p id=\"caption-attachment-11508\" class=\"wp-caption-text\">Pilt 4: C19:4 \u00fclekuub enne sirutamist. Foto: Anu Ansu (ERM)<\/p><\/div>\n<div id=\"attachment_11509\" style=\"width: 1210px\" class=\"wp-caption aligncenter\"><a href=\"https:\/\/blog.erm.ee\/wp-content\/uploads\/2018\/06\/C_19_4_aa0010-e1528807227897.jpg\"><img loading=\"lazy\" decoding=\"async\" aria-describedby=\"caption-attachment-11509\" data-attachment-id=\"11509\" data-permalink=\"https:\/\/blog.erm.ee\/?attachment_id=11509#main\" data-orig-file=\"https:\/\/blog.erm.ee\/wp-content\/uploads\/2018\/06\/C_19_4_aa0010-e1528807227897.jpg\" data-orig-size=\"1200,801\" data-comments-opened=\"1\" data-image-meta=\"{&quot;aperture&quot;:&quot;0&quot;,&quot;credit&quot;:&quot;&quot;,&quot;camera&quot;:&quot;&quot;,&quot;caption&quot;:&quot;&quot;,&quot;created_timestamp&quot;:&quot;1504620472&quot;,&quot;copyright&quot;:&quot;&quot;,&quot;focal_length&quot;:&quot;0&quot;,&quot;iso&quot;:&quot;0&quot;,&quot;shutter_speed&quot;:&quot;0&quot;,&quot;title&quot;:&quot;&quot;,&quot;orientation&quot;:&quot;0&quot;}\" data-image-title=\"C_19_4_aa0010\" data-image-description=\"\" data-image-caption=\"&lt;p&gt;Pilt 4: C19:4 \u00fclekuub enne sirutamist. Foto: Anu Ansu (ERM)&lt;\/p&gt;\n\" data-large-file=\"https:\/\/blog.erm.ee\/wp-content\/uploads\/2018\/06\/C_19_4_aa0010-1024x683.jpg\" class=\"size-full wp-image-11509\" src=\"https:\/\/blog.erm.ee\/wp-content\/uploads\/2018\/06\/C_19_4_aa0010-e1528807227897.jpg\" alt=\"\" width=\"1200\" height=\"801\" \/><\/a><p id=\"caption-attachment-11509\" class=\"wp-caption-text\">C19:4 \u00fclekuub enne sirutamist. Foto: Anu Ansu (ERM)<\/p><\/div>\n<div id=\"attachment_11510\" style=\"width: 1210px\" class=\"wp-caption aligncenter\"><a href=\"https:\/\/blog.erm.ee\/wp-content\/uploads\/2018\/06\/C_19_4_bv0007-e1528807333840.jpg\"><img loading=\"lazy\" decoding=\"async\" aria-describedby=\"caption-attachment-11510\" data-attachment-id=\"11510\" data-permalink=\"https:\/\/blog.erm.ee\/?attachment_id=11510#main\" data-orig-file=\"https:\/\/blog.erm.ee\/wp-content\/uploads\/2018\/06\/C_19_4_bv0007-e1528807333840.jpg\" data-orig-size=\"1200,799\" data-comments-opened=\"1\" data-image-meta=\"{&quot;aperture&quot;:&quot;0&quot;,&quot;credit&quot;:&quot;&quot;,&quot;camera&quot;:&quot;&quot;,&quot;caption&quot;:&quot;&quot;,&quot;created_timestamp&quot;:&quot;1517408774&quot;,&quot;copyright&quot;:&quot;&quot;,&quot;focal_length&quot;:&quot;0&quot;,&quot;iso&quot;:&quot;0&quot;,&quot;shutter_speed&quot;:&quot;0&quot;,&quot;title&quot;:&quot;&quot;,&quot;orientation&quot;:&quot;0&quot;}\" data-image-title=\"C_19_4_bv0007\" data-image-description=\"\" data-image-caption=\"&lt;p&gt;Pilt 5: C19:4 \u00fclekuub p\u00e4rast sirutamist. Foto: Berta Vosman (ERM)&lt;\/p&gt;\n\" data-large-file=\"https:\/\/blog.erm.ee\/wp-content\/uploads\/2018\/06\/C_19_4_bv0007-1024x682.jpg\" class=\"size-full wp-image-11510\" src=\"https:\/\/blog.erm.ee\/wp-content\/uploads\/2018\/06\/C_19_4_bv0007-e1528807333840.jpg\" alt=\"\" width=\"1200\" height=\"799\" \/><\/a><p id=\"caption-attachment-11510\" class=\"wp-caption-text\">C19:4 \u00fclekuub p\u00e4rast sirutamist. Foto: Berta Vosman (ERM)<\/p><\/div>\n<p style=\"text-align: justify;\">Et suur t\u00f6\u00f6 nurja ei l\u00e4heks ning museaalide seisukord ei halveneks, tuli esemed korralikult pakendada. \u00dcksjagu peamurdmist oli selle \u00fcle, kuidas asju mitte liiga keeruliselt pakendada (mis v\u00f5ib teinekord museaali kahjustada), aga samas turvaliselt karbis hoiustada, et neid hiljem lihtsasti k\u00e4sitseda.<\/p>\n<p style=\"text-align: justify;\">Arhiivp\u00fcsivast kartongist karbid on tellitud firmast Maksing O\u00dc. Karbi sisse tegin \u00fclekuuele arhiivp\u00fcsivast kartongist \u00fclesp\u00f6\u00f6ratud servadega aluse, millega saab teda turvaliselt v\u00e4lja t\u00f5sta.<\/p>\n<div id=\"attachment_11511\" style=\"width: 1210px\" class=\"wp-caption aligncenter\"><a href=\"https:\/\/blog.erm.ee\/wp-content\/uploads\/2018\/06\/C19_5_I-e1528807503237.jpg\"><img loading=\"lazy\" decoding=\"async\" aria-describedby=\"caption-attachment-11511\" data-attachment-id=\"11511\" data-permalink=\"https:\/\/blog.erm.ee\/?attachment_id=11511#main\" data-orig-file=\"https:\/\/blog.erm.ee\/wp-content\/uploads\/2018\/06\/C19_5_I-e1528807503237.jpg\" data-orig-size=\"1200,800\" data-comments-opened=\"1\" data-image-meta=\"{&quot;aperture&quot;:&quot;0&quot;,&quot;credit&quot;:&quot;&quot;,&quot;camera&quot;:&quot;&quot;,&quot;caption&quot;:&quot;&quot;,&quot;created_timestamp&quot;:&quot;1526289441&quot;,&quot;copyright&quot;:&quot;&quot;,&quot;focal_length&quot;:&quot;0&quot;,&quot;iso&quot;:&quot;0&quot;,&quot;shutter_speed&quot;:&quot;0&quot;,&quot;title&quot;:&quot;&quot;,&quot;orientation&quot;:&quot;0&quot;}\" data-image-title=\"C19_5_I\" data-image-description=\"\" data-image-caption=\"&lt;p&gt;C19:5 \u00fclekuub karbis.&lt;\/p&gt;\n\" data-large-file=\"https:\/\/blog.erm.ee\/wp-content\/uploads\/2018\/06\/C19_5_I-1024x683.jpg\" class=\"size-full wp-image-11511\" src=\"https:\/\/blog.erm.ee\/wp-content\/uploads\/2018\/06\/C19_5_I-e1528807503237.jpg\" alt=\"\" width=\"1200\" height=\"800\" \/><\/a><p id=\"caption-attachment-11511\" class=\"wp-caption-text\">C19:5 \u00fclekuub karbis. Foto: Anu Ansu (ERM)<\/p><\/div>\n<p style=\"text-align: justify;\">Lahtistele v\u00e4ikestele katketele tegin arhiivp\u00fcsivast kartongist eraldi v\u00e4ikese(d) kaaneta karbikese(d), mille \u00f5mblesin arhiivipistega \u00fchest k\u00fcljest suure karbi k\u00fclge. Samuti on v\u00e4ikese karbi sisse tehtud arhiivp\u00fcsivast kartongist \u00fclesp\u00f6\u00f6ratud servadega alus katkete turvaliseks k\u00e4ttesaamiseks.<\/p>\n<div id=\"attachment_11512\" style=\"width: 1210px\" class=\"wp-caption aligncenter\"><a href=\"https:\/\/blog.erm.ee\/wp-content\/uploads\/2018\/06\/C19_5_VII-e1528807719997.jpg\"><img loading=\"lazy\" decoding=\"async\" aria-describedby=\"caption-attachment-11512\" data-attachment-id=\"11512\" data-permalink=\"https:\/\/blog.erm.ee\/?attachment_id=11512#main\" data-orig-file=\"https:\/\/blog.erm.ee\/wp-content\/uploads\/2018\/06\/C19_5_VII-e1528807719997.jpg\" data-orig-size=\"1200,799\" data-comments-opened=\"1\" data-image-meta=\"{&quot;aperture&quot;:&quot;0&quot;,&quot;credit&quot;:&quot;&quot;,&quot;camera&quot;:&quot;&quot;,&quot;caption&quot;:&quot;&quot;,&quot;created_timestamp&quot;:&quot;1526289683&quot;,&quot;copyright&quot;:&quot;&quot;,&quot;focal_length&quot;:&quot;0&quot;,&quot;iso&quot;:&quot;0&quot;,&quot;shutter_speed&quot;:&quot;0&quot;,&quot;title&quot;:&quot;&quot;,&quot;orientation&quot;:&quot;0&quot;}\" data-image-title=\"C19_5_VII\" data-image-description=\"&lt;p&gt;Karbi \u00fcldvaade (sisujaotus). Foto: Anu Ansu (ERM)&lt;\/p&gt;\n\" data-image-caption=\"&lt;p&gt;V\u00e4ikesed karbid on \u00fchte k\u00fclge pidi suure karbi k\u00fclge \u00f5mmeldud. Foto: &lt;\/p&gt;\n\" data-large-file=\"https:\/\/blog.erm.ee\/wp-content\/uploads\/2018\/06\/C19_5_VII-1024x682.jpg\" class=\"size-full wp-image-11512\" src=\"https:\/\/blog.erm.ee\/wp-content\/uploads\/2018\/06\/C19_5_VII-e1528807719997.jpg\" alt=\"\" width=\"1200\" height=\"799\" \/><\/a><p id=\"caption-attachment-11512\" class=\"wp-caption-text\">V\u00e4ikesed karbid on \u00fchte k\u00fclge pidi suure karbi k\u00fclge \u00f5mmeldud. Foto:<\/p><\/div>\n<div id=\"attachment_11513\" style=\"width: 1910px\" class=\"wp-caption aligncenter\"><a href=\"https:\/\/blog.erm.ee\/wp-content\/uploads\/2018\/06\/C19_5_V.jpg\"><img loading=\"lazy\" decoding=\"async\" aria-describedby=\"caption-attachment-11513\" data-attachment-id=\"11513\" data-permalink=\"https:\/\/blog.erm.ee\/?attachment_id=11513#main\" data-orig-file=\"https:\/\/blog.erm.ee\/wp-content\/uploads\/2018\/06\/C19_5_V.jpg\" data-orig-size=\"1900,1266\" data-comments-opened=\"1\" data-image-meta=\"{&quot;aperture&quot;:&quot;0&quot;,&quot;credit&quot;:&quot;&quot;,&quot;camera&quot;:&quot;&quot;,&quot;caption&quot;:&quot;&quot;,&quot;created_timestamp&quot;:&quot;1526289596&quot;,&quot;copyright&quot;:&quot;&quot;,&quot;focal_length&quot;:&quot;0&quot;,&quot;iso&quot;:&quot;0&quot;,&quot;shutter_speed&quot;:&quot;0&quot;,&quot;title&quot;:&quot;&quot;,&quot;orientation&quot;:&quot;0&quot;}\" data-image-title=\"C19_5_V\" data-image-description=\"\" data-image-caption=\"\" data-large-file=\"https:\/\/blog.erm.ee\/wp-content\/uploads\/2018\/06\/C19_5_V-1024x682.jpg\" class=\"wp-image-11513 size-full\" src=\"https:\/\/blog.erm.ee\/wp-content\/uploads\/2018\/06\/C19_5_V.jpg\" alt=\"\" width=\"1900\" height=\"1266\" srcset=\"https:\/\/blog.erm.ee\/wp-content\/uploads\/2018\/06\/C19_5_V.jpg 1900w, https:\/\/blog.erm.ee\/wp-content\/uploads\/2018\/06\/C19_5_V-390x260.jpg 390w, https:\/\/blog.erm.ee\/wp-content\/uploads\/2018\/06\/C19_5_V-300x200.jpg 300w, https:\/\/blog.erm.ee\/wp-content\/uploads\/2018\/06\/C19_5_V-768x512.jpg 768w, https:\/\/blog.erm.ee\/wp-content\/uploads\/2018\/06\/C19_5_V-1024x682.jpg 1024w\" sizes=\"auto, (max-width: 1900px) 100vw, 1900px\" \/><\/a><p id=\"caption-attachment-11513\" class=\"wp-caption-text\">Karbi \u00fcldvaade (sisujaotus). Foto: Anu Ansu (ERM)<\/p><\/div>\n<p style=\"text-align: justify;\">N\u00fc\u00fcd on esemetel hoidlas hea ja turvaline pikutada ja oodata, kas nende vastu keegi edaspidi huvi tunneb.<\/p>\n<div class=\"fcbkbttn_buttons_block\" id=\"fcbkbttn_left\"><div class=\"fcbkbttn_like \"><fb:like href=\"https:\/\/blog.erm.ee\/?p=11505\" action=\"like\" colorscheme=\"light\" layout=\"standard\"  width=\"225px\" size=\"small\"><\/fb:like><\/div><div class=\"fb-share-button  \" data-href=\"https:\/\/blog.erm.ee\/?p=11505\" data-type=\"button\" data-size=\"small\"><\/div><\/div>","protected":false},"excerpt":{"rendered":"<p>Eve Kasearu, kogude hooldustalituse juhataja 2017\/18. aasta s\u00fcgis-talvel niisutas ja sirutas meie endine konservaator-metoodik \u00dclle Vahar kaks kalanahast \u00fclekuube (tegelikult k\u00fcll katkendid): C19:4 ja C19:5. Et suur t\u00f6\u00f6 nurja ei l\u00e4heks ning museaalide seisukord ei halveneks, tuli esemed korralikult pakendada. \u00dcksjagu peamurdmist oli selle \u00fcle, kuidas asju mitte liiga keeruliselt pakendada (mis v\u00f5ib teinekord museaali&hellip;<\/p>\n","protected":false},"author":1,"featured_media":11511,"comment_status":"open","ping_status":"open","sticky":false,"template":"","format":"standard","meta":{"_monsterinsights_skip_tracking":false,"_monsterinsights_sitenote_active":false,"_monsterinsights_sitenote_note":"","_monsterinsights_sitenote_category":0,"jetpack_post_was_ever_published":false,"_jetpack_newsletter_access":"","_jetpack_dont_email_post_to_subs":false,"_jetpack_newsletter_tier_id":0,"_jetpack_memberships_contains_paywalled_content":false,"_jetpack_memberships_contains_paid_content":false,"footnotes":""},"categories":[6,9,5],"tags":[],"class_list":["post-11505","post","type-post","status-publish","format-standard","has-post-thumbnail","hentry","category-foto","category-konserveerimine","category-museaal"],"yoast_head":"<!-- This site is optimized with the Yoast SEO plugin v27.5 - https:\/\/yoast.com\/product\/yoast-seo-wordpress\/ -->\n<title>Kalanahast \u00fclekuubede pakendamine - Eesti Rahva Muuseumi ajaveeb<\/title>\n<meta name=\"robots\" content=\"index, follow, max-snippet:-1, max-image-preview:large, max-video-preview:-1\" \/>\n<link rel=\"canonical\" href=\"https:\/\/blog.erm.ee\/?p=11505\" \/>\n<meta property=\"og:locale\" content=\"et_EE\" \/>\n<meta property=\"og:type\" content=\"article\" \/>\n<meta property=\"og:title\" content=\"Kalanahast \u00fclekuubede pakendamine - Eesti Rahva Muuseumi ajaveeb\" \/>\n<meta property=\"og:description\" content=\"Eve Kasearu, kogude hooldustalituse juhataja 2017\/18. aasta s\u00fcgis-talvel niisutas ja sirutas meie endine konservaator-metoodik \u00dclle Vahar kaks kalanahast \u00fclekuube (tegelikult k\u00fcll katkendid): C19:4 ja C19:5. Et suur t\u00f6\u00f6 nurja ei l\u00e4heks ning museaalide seisukord ei halveneks, tuli esemed korralikult pakendada. \u00dcksjagu peamurdmist oli selle \u00fcle, kuidas asju mitte liiga keeruliselt pakendada (mis v\u00f5ib teinekord museaali&hellip;\" \/>\n<meta property=\"og:url\" content=\"https:\/\/blog.erm.ee\/?p=11505\" \/>\n<meta property=\"og:site_name\" content=\"Eesti Rahva Muuseumi ajaveeb\" \/>\n<meta property=\"article:published_time\" content=\"2018-06-12T12:52:51+00:00\" \/>\n<meta property=\"og:image\" content=\"https:\/\/blog.erm.ee\/wp-content\/uploads\/2018\/06\/C19_5_I-e1528807503237.jpg\" \/>\n\t<meta property=\"og:image:width\" content=\"1200\" \/>\n\t<meta property=\"og:image:height\" content=\"800\" \/>\n\t<meta property=\"og:image:type\" content=\"image\/jpeg\" \/>\n<meta name=\"author\" content=\"Eesti Rahva Muuseum\" \/>\n<meta name=\"twitter:card\" content=\"summary_large_image\" \/>\n<meta name=\"twitter:label1\" content=\"Written by\" \/>\n\t<meta name=\"twitter:data1\" content=\"Eesti Rahva Muuseum\" \/>\n\t<meta name=\"twitter:label2\" content=\"Est. reading time\" \/>\n\t<meta name=\"twitter:data2\" content=\"1 minut\" \/>\n<script type=\"application\/ld+json\" class=\"yoast-schema-graph\">{\"@context\":\"https:\\\/\\\/schema.org\",\"@graph\":[{\"@type\":\"Article\",\"@id\":\"https:\\\/\\\/blog.erm.ee\\\/?p=11505#article\",\"isPartOf\":{\"@id\":\"https:\\\/\\\/blog.erm.ee\\\/?p=11505\"},\"author\":{\"name\":\"Eesti Rahva Muuseum\",\"@id\":\"https:\\\/\\\/blog.erm.ee\\\/#\\\/schema\\\/person\\\/6e98c391cb00a33e7c22a3571e062114\"},\"headline\":\"Kalanahast \u00fclekuubede pakendamine\",\"datePublished\":\"2018-06-12T12:52:51+00:00\",\"mainEntityOfPage\":{\"@id\":\"https:\\\/\\\/blog.erm.ee\\\/?p=11505\"},\"wordCount\":289,\"commentCount\":1,\"image\":{\"@id\":\"https:\\\/\\\/blog.erm.ee\\\/?p=11505#primaryimage\"},\"thumbnailUrl\":\"https:\\\/\\\/blog.erm.ee\\\/wp-content\\\/uploads\\\/2018\\\/06\\\/C19_5_I-e1528807503237.jpg\",\"articleSection\":[\"Foto\",\"Konserveerimine\",\"Museaal\"],\"inLanguage\":\"et\",\"potentialAction\":[{\"@type\":\"CommentAction\",\"name\":\"Comment\",\"target\":[\"https:\\\/\\\/blog.erm.ee\\\/?p=11505#respond\"]}]},{\"@type\":\"WebPage\",\"@id\":\"https:\\\/\\\/blog.erm.ee\\\/?p=11505\",\"url\":\"https:\\\/\\\/blog.erm.ee\\\/?p=11505\",\"name\":\"Kalanahast \u00fclekuubede pakendamine - Eesti Rahva Muuseumi ajaveeb\",\"isPartOf\":{\"@id\":\"https:\\\/\\\/blog.erm.ee\\\/#website\"},\"primaryImageOfPage\":{\"@id\":\"https:\\\/\\\/blog.erm.ee\\\/?p=11505#primaryimage\"},\"image\":{\"@id\":\"https:\\\/\\\/blog.erm.ee\\\/?p=11505#primaryimage\"},\"thumbnailUrl\":\"https:\\\/\\\/blog.erm.ee\\\/wp-content\\\/uploads\\\/2018\\\/06\\\/C19_5_I-e1528807503237.jpg\",\"datePublished\":\"2018-06-12T12:52:51+00:00\",\"author\":{\"@id\":\"https:\\\/\\\/blog.erm.ee\\\/#\\\/schema\\\/person\\\/6e98c391cb00a33e7c22a3571e062114\"},\"breadcrumb\":{\"@id\":\"https:\\\/\\\/blog.erm.ee\\\/?p=11505#breadcrumb\"},\"inLanguage\":\"et\",\"potentialAction\":[{\"@type\":\"ReadAction\",\"target\":[\"https:\\\/\\\/blog.erm.ee\\\/?p=11505\"]}]},{\"@type\":\"ImageObject\",\"inLanguage\":\"et\",\"@id\":\"https:\\\/\\\/blog.erm.ee\\\/?p=11505#primaryimage\",\"url\":\"https:\\\/\\\/blog.erm.ee\\\/wp-content\\\/uploads\\\/2018\\\/06\\\/C19_5_I-e1528807503237.jpg\",\"contentUrl\":\"https:\\\/\\\/blog.erm.ee\\\/wp-content\\\/uploads\\\/2018\\\/06\\\/C19_5_I-e1528807503237.jpg\",\"width\":1200,\"height\":800,\"caption\":\"C19:5 \u00fclekuub karbis.\"},{\"@type\":\"BreadcrumbList\",\"@id\":\"https:\\\/\\\/blog.erm.ee\\\/?p=11505#breadcrumb\",\"itemListElement\":[{\"@type\":\"ListItem\",\"position\":1,\"name\":\"Home\",\"item\":\"https:\\\/\\\/blog.erm.ee\\\/\"},{\"@type\":\"ListItem\",\"position\":2,\"name\":\"Kalanahast \u00fclekuubede pakendamine\"}]},{\"@type\":\"WebSite\",\"@id\":\"https:\\\/\\\/blog.erm.ee\\\/#website\",\"url\":\"https:\\\/\\\/blog.erm.ee\\\/\",\"name\":\"Eesti Rahva Muuseumi ajaveeb\",\"description\":\"\",\"potentialAction\":[{\"@type\":\"SearchAction\",\"target\":{\"@type\":\"EntryPoint\",\"urlTemplate\":\"https:\\\/\\\/blog.erm.ee\\\/?s={search_term_string}\"},\"query-input\":{\"@type\":\"PropertyValueSpecification\",\"valueRequired\":true,\"valueName\":\"search_term_string\"}}],\"inLanguage\":\"et\"},{\"@type\":\"Person\",\"@id\":\"https:\\\/\\\/blog.erm.ee\\\/#\\\/schema\\\/person\\\/6e98c391cb00a33e7c22a3571e062114\",\"name\":\"Eesti Rahva Muuseum\",\"image\":{\"@type\":\"ImageObject\",\"inLanguage\":\"et\",\"@id\":\"https:\\\/\\\/secure.gravatar.com\\\/avatar\\\/cb6d9ad5fb49f3f7315028ce5fe60641075f2cb52b8a058ff5a985fa2d8c1da0?s=96&d=mm&r=g\",\"url\":\"https:\\\/\\\/secure.gravatar.com\\\/avatar\\\/cb6d9ad5fb49f3f7315028ce5fe60641075f2cb52b8a058ff5a985fa2d8c1da0?s=96&d=mm&r=g\",\"contentUrl\":\"https:\\\/\\\/secure.gravatar.com\\\/avatar\\\/cb6d9ad5fb49f3f7315028ce5fe60641075f2cb52b8a058ff5a985fa2d8c1da0?s=96&d=mm&r=g\",\"caption\":\"Eesti Rahva Muuseum\"},\"sameAs\":[\"http:\\\/\\\/www.erm.ee\"],\"url\":\"https:\\\/\\\/blog.erm.ee\\\/?author=1\"}]}<\/script>\n<!-- \/ Yoast SEO plugin. -->","yoast_head_json":{"title":"Kalanahast \u00fclekuubede pakendamine - Eesti Rahva Muuseumi ajaveeb","robots":{"index":"index","follow":"follow","max-snippet":"max-snippet:-1","max-image-preview":"max-image-preview:large","max-video-preview":"max-video-preview:-1"},"canonical":"https:\/\/blog.erm.ee\/?p=11505","og_locale":"et_EE","og_type":"article","og_title":"Kalanahast \u00fclekuubede pakendamine - Eesti Rahva Muuseumi ajaveeb","og_description":"Eve Kasearu, kogude hooldustalituse juhataja 2017\/18. aasta s\u00fcgis-talvel niisutas ja sirutas meie endine konservaator-metoodik \u00dclle Vahar kaks kalanahast \u00fclekuube (tegelikult k\u00fcll katkendid): C19:4 ja C19:5. Et suur t\u00f6\u00f6 nurja ei l\u00e4heks ning museaalide seisukord ei halveneks, tuli esemed korralikult pakendada. \u00dcksjagu peamurdmist oli selle \u00fcle, kuidas asju mitte liiga keeruliselt pakendada (mis v\u00f5ib teinekord museaali&hellip;","og_url":"https:\/\/blog.erm.ee\/?p=11505","og_site_name":"Eesti Rahva Muuseumi ajaveeb","article_published_time":"2018-06-12T12:52:51+00:00","og_image":[{"width":1200,"height":800,"url":"https:\/\/blog.erm.ee\/wp-content\/uploads\/2018\/06\/C19_5_I-e1528807503237.jpg","type":"image\/jpeg"}],"author":"Eesti Rahva Muuseum","twitter_card":"summary_large_image","twitter_misc":{"Written by":"Eesti Rahva Muuseum","Est. reading time":"1 minut"},"schema":{"@context":"https:\/\/schema.org","@graph":[{"@type":"Article","@id":"https:\/\/blog.erm.ee\/?p=11505#article","isPartOf":{"@id":"https:\/\/blog.erm.ee\/?p=11505"},"author":{"name":"Eesti Rahva Muuseum","@id":"https:\/\/blog.erm.ee\/#\/schema\/person\/6e98c391cb00a33e7c22a3571e062114"},"headline":"Kalanahast \u00fclekuubede pakendamine","datePublished":"2018-06-12T12:52:51+00:00","mainEntityOfPage":{"@id":"https:\/\/blog.erm.ee\/?p=11505"},"wordCount":289,"commentCount":1,"image":{"@id":"https:\/\/blog.erm.ee\/?p=11505#primaryimage"},"thumbnailUrl":"https:\/\/blog.erm.ee\/wp-content\/uploads\/2018\/06\/C19_5_I-e1528807503237.jpg","articleSection":["Foto","Konserveerimine","Museaal"],"inLanguage":"et","potentialAction":[{"@type":"CommentAction","name":"Comment","target":["https:\/\/blog.erm.ee\/?p=11505#respond"]}]},{"@type":"WebPage","@id":"https:\/\/blog.erm.ee\/?p=11505","url":"https:\/\/blog.erm.ee\/?p=11505","name":"Kalanahast \u00fclekuubede pakendamine - Eesti Rahva Muuseumi ajaveeb","isPartOf":{"@id":"https:\/\/blog.erm.ee\/#website"},"primaryImageOfPage":{"@id":"https:\/\/blog.erm.ee\/?p=11505#primaryimage"},"image":{"@id":"https:\/\/blog.erm.ee\/?p=11505#primaryimage"},"thumbnailUrl":"https:\/\/blog.erm.ee\/wp-content\/uploads\/2018\/06\/C19_5_I-e1528807503237.jpg","datePublished":"2018-06-12T12:52:51+00:00","author":{"@id":"https:\/\/blog.erm.ee\/#\/schema\/person\/6e98c391cb00a33e7c22a3571e062114"},"breadcrumb":{"@id":"https:\/\/blog.erm.ee\/?p=11505#breadcrumb"},"inLanguage":"et","potentialAction":[{"@type":"ReadAction","target":["https:\/\/blog.erm.ee\/?p=11505"]}]},{"@type":"ImageObject","inLanguage":"et","@id":"https:\/\/blog.erm.ee\/?p=11505#primaryimage","url":"https:\/\/blog.erm.ee\/wp-content\/uploads\/2018\/06\/C19_5_I-e1528807503237.jpg","contentUrl":"https:\/\/blog.erm.ee\/wp-content\/uploads\/2018\/06\/C19_5_I-e1528807503237.jpg","width":1200,"height":800,"caption":"C19:5 \u00fclekuub karbis."},{"@type":"BreadcrumbList","@id":"https:\/\/blog.erm.ee\/?p=11505#breadcrumb","itemListElement":[{"@type":"ListItem","position":1,"name":"Home","item":"https:\/\/blog.erm.ee\/"},{"@type":"ListItem","position":2,"name":"Kalanahast \u00fclekuubede pakendamine"}]},{"@type":"WebSite","@id":"https:\/\/blog.erm.ee\/#website","url":"https:\/\/blog.erm.ee\/","name":"Eesti Rahva Muuseumi ajaveeb","description":"","potentialAction":[{"@type":"SearchAction","target":{"@type":"EntryPoint","urlTemplate":"https:\/\/blog.erm.ee\/?s={search_term_string}"},"query-input":{"@type":"PropertyValueSpecification","valueRequired":true,"valueName":"search_term_string"}}],"inLanguage":"et"},{"@type":"Person","@id":"https:\/\/blog.erm.ee\/#\/schema\/person\/6e98c391cb00a33e7c22a3571e062114","name":"Eesti Rahva Muuseum","image":{"@type":"ImageObject","inLanguage":"et","@id":"https:\/\/secure.gravatar.com\/avatar\/cb6d9ad5fb49f3f7315028ce5fe60641075f2cb52b8a058ff5a985fa2d8c1da0?s=96&d=mm&r=g","url":"https:\/\/secure.gravatar.com\/avatar\/cb6d9ad5fb49f3f7315028ce5fe60641075f2cb52b8a058ff5a985fa2d8c1da0?s=96&d=mm&r=g","contentUrl":"https:\/\/secure.gravatar.com\/avatar\/cb6d9ad5fb49f3f7315028ce5fe60641075f2cb52b8a058ff5a985fa2d8c1da0?s=96&d=mm&r=g","caption":"Eesti Rahva Muuseum"},"sameAs":["http:\/\/www.erm.ee"],"url":"https:\/\/blog.erm.ee\/?author=1"}]}},"jetpack_featured_media_url":"https:\/\/blog.erm.ee\/wp-content\/uploads\/2018\/06\/C19_5_I-e1528807503237.jpg","jetpack_shortlink":"https:\/\/wp.me\/p2l9Zd-2Zz","jetpack_sharing_enabled":false,"jetpack_likes_enabled":true,"_links":{"self":[{"href":"https:\/\/blog.erm.ee\/index.php?rest_route=\/wp\/v2\/posts\/11505","targetHints":{"allow":["GET"]}}],"collection":[{"href":"https:\/\/blog.erm.ee\/index.php?rest_route=\/wp\/v2\/posts"}],"about":[{"href":"https:\/\/blog.erm.ee\/index.php?rest_route=\/wp\/v2\/types\/post"}],"author":[{"embeddable":true,"href":"https:\/\/blog.erm.ee\/index.php?rest_route=\/wp\/v2\/users\/1"}],"replies":[{"embeddable":true,"href":"https:\/\/blog.erm.ee\/index.php?rest_route=%2Fwp%2Fv2%2Fcomments&post=11505"}],"version-history":[{"count":1,"href":"https:\/\/blog.erm.ee\/index.php?rest_route=\/wp\/v2\/posts\/11505\/revisions"}],"predecessor-version":[{"id":11514,"href":"https:\/\/blog.erm.ee\/index.php?rest_route=\/wp\/v2\/posts\/11505\/revisions\/11514"}],"wp:featuredmedia":[{"embeddable":true,"href":"https:\/\/blog.erm.ee\/index.php?rest_route=\/wp\/v2\/media\/11511"}],"wp:attachment":[{"href":"https:\/\/blog.erm.ee\/index.php?rest_route=%2Fwp%2Fv2%2Fmedia&parent=11505"}],"wp:term":[{"taxonomy":"category","embeddable":true,"href":"https:\/\/blog.erm.ee\/index.php?rest_route=%2Fwp%2Fv2%2Fcategories&post=11505"},{"taxonomy":"post_tag","embeddable":true,"href":"https:\/\/blog.erm.ee\/index.php?rest_route=%2Fwp%2Fv2%2Ftags&post=11505"}],"curies":[{"name":"wp","href":"https:\/\/api.w.org\/{rel}","templated":true}]}}