{"id":11495,"date":"2018-06-07T07:55:21","date_gmt":"2018-06-07T04:55:21","guid":{"rendered":"http:\/\/blog.erm.ee\/?p=11495"},"modified":"2018-06-07T10:15:46","modified_gmt":"2018-06-07T07:15:46","slug":"psyhhiaatriakliinik-koostooprojekt","status":"publish","type":"post","link":"https:\/\/blog.erm.ee\/?p=11495","title":{"rendered":"\u201eOlin \u00fcllatunud, et suutsin suures majas ja suure grupiga liikuda, ilma et \u00e4revus ja paanikahoog oleks mind tabanud\u201c"},"content":{"rendered":"<div class=\"fcbkbttn_buttons_block\" id=\"fcbkbttn_left\"><div class=\"fcbkbttn_like \"><fb:like href=\"https:\/\/blog.erm.ee\/?p=11495\" action=\"like\" colorscheme=\"light\" layout=\"standard\"  width=\"225px\" size=\"small\"><\/fb:like><\/div><div class=\"fb-share-button  \" data-href=\"https:\/\/blog.erm.ee\/?p=11495\" data-type=\"button\" data-size=\"small\"><\/div><\/div><p style=\"text-align: justify;\"><em>Reet Tohvre, T\u00dc Ps\u00fchhiaatriakliiniku \u00fclem\u00f5de<br \/>\n<\/em><em>Ivi Obzinis, T\u00dc Ps\u00fchhiaatriakliiniku akuutosakonna sotsiaalt\u00f6\u00f6taja<\/em><\/p>\n<p style=\"text-align: justify;\">K\u00e4esoleval aastal algas koost\u00f6\u00f6 ERMi ja T\u00dc Ps\u00fchhiaatriakliiniku vahel. Muuseum pakub kliinikumi patsientidele muuseumik\u00fclastusi, programme ja t\u00f6\u00f6tube, mis toimuvad kaks korda kuus vaheldumisi ERMis ja kliinikumis. Muuseumi poolt on tegemist vabatahtliku tegevusega.<\/p>\n<p style=\"text-align: justify;\">Ps\u00fc\u00fchikah\u00e4irete ravi on enamasti pikaaegne. Haiglaravi on ainult \u00fcks v\u00e4ike etapp kogu raviprotsessist, kus k\u00f5igepealt\u00a0 patsienti uuritakse, v\u00e4listatakse kehalised haigused ja pannakse diagnoos. Seej\u00e4rel m\u00e4\u00e4ratakse patsiendile sobivaim ravi.<\/p>\n<p style=\"text-align: justify;\">K\u00f5ik patsientidele suunatud tegevused peavad aitama neil paraneda ja oma haiguse s\u00fcmptomid niipalju kontrolli alla saada, et ta tuleks oma eluga toime v\u00e4ljaspool haiglat. Seega, lisaks bioloogilisele ravile on olulised ka muud ps\u00fc\u00fchilisi funktsioone positiivselt toetavad ja aktiveerivad kehalised ning vaimsed tegevused, nagu muuseumik\u00fclastused, t\u00f6\u00f6toad, sport, jalutusk\u00e4igud, kunst, muusika jms.<\/p>\n<p style=\"text-align: justify;\">Muuseumis k\u00e4imine ja t\u00f6\u00f6tubades osalemine pakub seda k\u00f5ike. Projektis osalevate patsientide tagasiside on olnud v\u00e4ga positiivne ning huvi muuseumik\u00fclastuste vastu suur.<\/p>\n<p style=\"text-align: justify;\">Patsiendid ise on oma kogemust kirjeldanud j\u00e4rgmiselt:<\/p>\n<ul style=\"text-align: justify;\">\n<li>\u201eMuudab haigla p\u00e4eva sisukamaks.\u201c<\/li>\n<li>\u201eVaheldus haiglarutiinile.\u201c<\/li>\n<li>\u201eT\u00f5stab ja parandab meeleolu.\u201c<\/li>\n<li>\u201eAsjatundlikud t\u00f6\u00f6tajad, kes mitte lihtsalt ei nimeta asju, vaid r\u00e4\u00e4givad huvitavalt ka juurde.\u201c<\/li>\n<li>\u201eOrganiseeritud, ettevalmistatud tegevused, korraldus selge ja arusaadav. Olemas eelnev info.\u201c<\/li>\n<li>\u201eTore, et j\u00e4i ka nn vaba aega, kus sai p\u00fcsiv\u00e4ljapanekuga tutvuda.\u201c<\/li>\n<li>\u201eHuvitav oli vaadata videolahendusi, sest see tegi asjad selgeks ja arusaadavaks.\u201c<\/li>\n<li>\u201eSai k\u00e4ia keldris arhiivides, kuhu muidu ei satu.\u201c<\/li>\n<li>\u201eK\u00e4eliste tegevuste t\u00f6\u00f6toad eriti huvitavad.\u201c<\/li>\n<li>\u201eSai n\u00e4ha, mis see ERM on, sest ise v\u00f5ib-olla ei satu kunagi siia.\u201c (patsient Ida-Virumaalt)<\/li>\n<li>\u201eGiid oli v\u00e4ga t\u00e4helepanelik ja hoolitsev, valis liikumiskiiruse minu j\u00e4rgi.\u201c (eakam patsient)<\/li>\n<li>\u201eOlin \u00fcllatunud, et suutsin suures majas ja suure grupiga liikuda, ilma et \u00e4revus ja paanikahoog oleks mind tabanud.\u201c<\/li>\n<\/ul>\n<p style=\"text-align: justify;\">Koost\u00f6\u00f6 ERMiga on rikastanud ka meie t\u00f6\u00f6tajate m\u00f5ttemaailma. Muuseumit\u00f6\u00f6tajate poolt l\u00e4biviidud t\u00f6\u00f6tubades on koos meie patsientidega saanud uusi oskusi ja ideid ka meie tegevusjuhendajad. Suure grupi patsientidega turvalisest haiglakeskkonnast v\u00e4ljaminek oli v\u00e4ljakutseks ka meie t\u00f6\u00f6tajatele. Koost\u00f6\u00f6s patsientide ja muuseumit\u00f6\u00f6tajatega saime hakkama, suuri probleeme ei olnud ja saime ka ise kindlust juurde.<\/p>\n<p style=\"text-align: justify;\">Oleme kogu muuseumiperele v\u00e4ga t\u00e4nulikud. On v\u00e4ga t\u00e4nuv\u00e4\u00e4rne, et nad on valmis pakkuma oma aega ja energiat ning \u00f5petama uusi oskusi inimestele, kellel hetkel elus nii h\u00e4sti ei l\u00e4he.\u00a0 Usume, et nad on oma tegevusega suunan\u00e4itajaks paljudele teistele inimestele, kes on valmis vabatahtlikku t\u00f6\u00f6sse panustama. Vabatahtlike tugi haiglates ja institutsionaalse hooldusega tegelevates asutustes on\u00a0 teretulnud.\u00a0 Ja on tore, et lisaks lastele m\u00e4rgatakse ka eakaid, vaimse tervise probleemidega inimesi ja k\u00f5iki, kellel elus ei ole nii h\u00e4sti l\u00e4inud.<\/p>\n<p style=\"text-align: justify;\">ERM on suurp\u00e4rane koht, kus k\u00e4ia, olla, vaadata ja m\u00f5tiskleda. Igal juhul m\u00f5jub see koht iga inimese vaimsele tervisele h\u00e4sti.<\/p>\n<div id=\"attachment_11499\" style=\"width: 1210px\" class=\"wp-caption aligncenter\"><a href=\"https:\/\/blog.erm.ee\/wp-content\/uploads\/2018\/06\/aa0106.jpg\"><img loading=\"lazy\" decoding=\"async\" aria-describedby=\"caption-attachment-11499\" data-attachment-id=\"11499\" data-permalink=\"https:\/\/blog.erm.ee\/?attachment_id=11499#main\" data-orig-file=\"https:\/\/blog.erm.ee\/wp-content\/uploads\/2018\/06\/aa0106-e1528355875182.jpg\" data-orig-size=\"600,395\" data-comments-opened=\"1\" data-image-meta=\"{&quot;aperture&quot;:&quot;0&quot;,&quot;credit&quot;:&quot;&quot;,&quot;camera&quot;:&quot;&quot;,&quot;caption&quot;:&quot;&quot;,&quot;created_timestamp&quot;:&quot;0&quot;,&quot;copyright&quot;:&quot;&quot;,&quot;focal_length&quot;:&quot;0&quot;,&quot;iso&quot;:&quot;0&quot;,&quot;shutter_speed&quot;:&quot;0&quot;,&quot;title&quot;:&quot;&quot;,&quot;orientation&quot;:&quot;0&quot;}\" data-image-title=\"aa0106\" data-image-description=\"\" data-image-caption=\"\" data-large-file=\"https:\/\/blog.erm.ee\/wp-content\/uploads\/2018\/06\/aa0106-e1528353268715-1024x673.jpg\" class=\"wp-image-11499 size-full\" src=\"https:\/\/blog.erm.ee\/wp-content\/uploads\/2018\/06\/aa0106-e1528353268715.jpg\" alt=\"\" width=\"1200\" height=\"789\" \/><\/a><p id=\"caption-attachment-11499\" class=\"wp-caption-text\">Vaade p\u00fcsin\u00e4itusele &#8220;Kohtumised&#8221;. Foto: Anu Ansu (ERM)<\/p><\/div>\n<div class=\"fcbkbttn_buttons_block\" id=\"fcbkbttn_left\"><div class=\"fcbkbttn_like \"><fb:like href=\"https:\/\/blog.erm.ee\/?p=11495\" action=\"like\" colorscheme=\"light\" layout=\"standard\"  width=\"225px\" size=\"small\"><\/fb:like><\/div><div class=\"fb-share-button  \" data-href=\"https:\/\/blog.erm.ee\/?p=11495\" data-type=\"button\" data-size=\"small\"><\/div><\/div>","protected":false},"excerpt":{"rendered":"<p>Reet Tohvre, T\u00dc Ps\u00fchhiaatriakliiniku \u00fclem\u00f5de Ivi Obzinis, T\u00dc Ps\u00fchhiaatriakliiniku akuutosakonna sotsiaalt\u00f6\u00f6taja K\u00e4esoleval aastal algas koost\u00f6\u00f6 ERMi ja T\u00dc Ps\u00fchhiaatriakliiniku vahel. Muuseum pakub kliinikumi patsientidele muuseumik\u00fclastusi, programme ja t\u00f6\u00f6tube, mis toimuvad kaks korda kuus vaheldumisi ERMis ja kliinikumis. Muuseumi poolt on tegemist vabatahtliku tegevusega. Ps\u00fc\u00fchikah\u00e4irete ravi on enamasti pikaaegne. Haiglaravi on ainult \u00fcks v\u00e4ike etapp kogu&hellip;<\/p>\n","protected":false},"author":1,"featured_media":11499,"comment_status":"open","ping_status":"open","sticky":false,"template":"","format":"image","meta":{"_monsterinsights_skip_tracking":false,"_monsterinsights_sitenote_active":false,"_monsterinsights_sitenote_note":"","_monsterinsights_sitenote_category":0,"jetpack_post_was_ever_published":false,"_jetpack_newsletter_access":"","_jetpack_dont_email_post_to_subs":false,"_jetpack_newsletter_tier_id":0,"_jetpack_memberships_contains_paywalled_content":false,"_jetpack_memberships_contains_paid_content":false,"footnotes":""},"categories":[20],"tags":[],"class_list":["post-11495","post","type-post","status-publish","format-image","has-post-thumbnail","hentry","category-muuseumimotted","post_format-post-format-image"],"yoast_head":"<!-- This site is optimized with the Yoast SEO plugin v27.5 - https:\/\/yoast.com\/product\/yoast-seo-wordpress\/ -->\n<title>\u201eOlin \u00fcllatunud, et suutsin suures majas ja suure grupiga liikuda, ilma et \u00e4revus ja paanikahoog oleks mind tabanud\u201c - Eesti Rahva Muuseumi ajaveeb<\/title>\n<meta name=\"robots\" content=\"index, follow, max-snippet:-1, max-image-preview:large, max-video-preview:-1\" \/>\n<link rel=\"canonical\" href=\"https:\/\/blog.erm.ee\/?p=11495\" \/>\n<meta property=\"og:locale\" content=\"et_EE\" \/>\n<meta property=\"og:type\" content=\"article\" \/>\n<meta property=\"og:title\" content=\"\u201eOlin \u00fcllatunud, et suutsin suures majas ja suure grupiga liikuda, ilma et \u00e4revus ja paanikahoog oleks mind tabanud\u201c - Eesti Rahva Muuseumi ajaveeb\" \/>\n<meta property=\"og:description\" content=\"Reet Tohvre, T\u00dc Ps\u00fchhiaatriakliiniku \u00fclem\u00f5de Ivi Obzinis, T\u00dc Ps\u00fchhiaatriakliiniku akuutosakonna sotsiaalt\u00f6\u00f6taja K\u00e4esoleval aastal algas koost\u00f6\u00f6 ERMi ja T\u00dc Ps\u00fchhiaatriakliiniku vahel. Muuseum pakub kliinikumi patsientidele muuseumik\u00fclastusi, programme ja t\u00f6\u00f6tube, mis toimuvad kaks korda kuus vaheldumisi ERMis ja kliinikumis. Muuseumi poolt on tegemist vabatahtliku tegevusega. Ps\u00fc\u00fchikah\u00e4irete ravi on enamasti pikaaegne. Haiglaravi on ainult \u00fcks v\u00e4ike etapp kogu&hellip;\" \/>\n<meta property=\"og:url\" content=\"https:\/\/blog.erm.ee\/?p=11495\" \/>\n<meta property=\"og:site_name\" content=\"Eesti Rahva Muuseumi ajaveeb\" \/>\n<meta property=\"article:published_time\" content=\"2018-06-07T04:55:21+00:00\" \/>\n<meta property=\"article:modified_time\" content=\"2018-06-07T07:15:46+00:00\" \/>\n<meta property=\"og:image\" content=\"https:\/\/blog.erm.ee\/wp-content\/uploads\/2018\/06\/aa0106-e1528355875182.jpg\" \/>\n\t<meta property=\"og:image:width\" content=\"600\" \/>\n\t<meta property=\"og:image:height\" content=\"395\" \/>\n\t<meta property=\"og:image:type\" content=\"image\/jpeg\" \/>\n<meta name=\"author\" content=\"Eesti Rahva Muuseum\" \/>\n<meta name=\"twitter:card\" content=\"summary_large_image\" \/>\n<meta name=\"twitter:label1\" content=\"Written by\" \/>\n\t<meta name=\"twitter:data1\" content=\"Eesti Rahva Muuseum\" \/>\n\t<meta name=\"twitter:label2\" content=\"Est. reading time\" \/>\n\t<meta name=\"twitter:data2\" content=\"2 minutit\" \/>\n<script type=\"application\/ld+json\" class=\"yoast-schema-graph\">{\"@context\":\"https:\\\/\\\/schema.org\",\"@graph\":[{\"@type\":\"Article\",\"@id\":\"https:\\\/\\\/blog.erm.ee\\\/?p=11495#article\",\"isPartOf\":{\"@id\":\"https:\\\/\\\/blog.erm.ee\\\/?p=11495\"},\"author\":{\"name\":\"Eesti Rahva Muuseum\",\"@id\":\"https:\\\/\\\/blog.erm.ee\\\/#\\\/schema\\\/person\\\/6e98c391cb00a33e7c22a3571e062114\"},\"headline\":\"\u201eOlin \u00fcllatunud, et suutsin suures majas ja suure grupiga liikuda, ilma et \u00e4revus ja paanikahoog oleks mind tabanud\u201c\",\"datePublished\":\"2018-06-07T04:55:21+00:00\",\"dateModified\":\"2018-06-07T07:15:46+00:00\",\"mainEntityOfPage\":{\"@id\":\"https:\\\/\\\/blog.erm.ee\\\/?p=11495\"},\"wordCount\":515,\"commentCount\":0,\"image\":{\"@id\":\"https:\\\/\\\/blog.erm.ee\\\/?p=11495#primaryimage\"},\"thumbnailUrl\":\"https:\\\/\\\/blog.erm.ee\\\/wp-content\\\/uploads\\\/2018\\\/06\\\/aa0106-e1528355875182.jpg\",\"articleSection\":[\"Muuseumim\u00f5tted\"],\"inLanguage\":\"et\",\"potentialAction\":[{\"@type\":\"CommentAction\",\"name\":\"Comment\",\"target\":[\"https:\\\/\\\/blog.erm.ee\\\/?p=11495#respond\"]}]},{\"@type\":\"WebPage\",\"@id\":\"https:\\\/\\\/blog.erm.ee\\\/?p=11495\",\"url\":\"https:\\\/\\\/blog.erm.ee\\\/?p=11495\",\"name\":\"\u201eOlin \u00fcllatunud, et suutsin suures majas ja suure grupiga liikuda, ilma et \u00e4revus ja paanikahoog oleks mind tabanud\u201c - Eesti Rahva Muuseumi ajaveeb\",\"isPartOf\":{\"@id\":\"https:\\\/\\\/blog.erm.ee\\\/#website\"},\"primaryImageOfPage\":{\"@id\":\"https:\\\/\\\/blog.erm.ee\\\/?p=11495#primaryimage\"},\"image\":{\"@id\":\"https:\\\/\\\/blog.erm.ee\\\/?p=11495#primaryimage\"},\"thumbnailUrl\":\"https:\\\/\\\/blog.erm.ee\\\/wp-content\\\/uploads\\\/2018\\\/06\\\/aa0106-e1528355875182.jpg\",\"datePublished\":\"2018-06-07T04:55:21+00:00\",\"dateModified\":\"2018-06-07T07:15:46+00:00\",\"author\":{\"@id\":\"https:\\\/\\\/blog.erm.ee\\\/#\\\/schema\\\/person\\\/6e98c391cb00a33e7c22a3571e062114\"},\"breadcrumb\":{\"@id\":\"https:\\\/\\\/blog.erm.ee\\\/?p=11495#breadcrumb\"},\"inLanguage\":\"et\",\"potentialAction\":[{\"@type\":\"ReadAction\",\"target\":[\"https:\\\/\\\/blog.erm.ee\\\/?p=11495\"]}]},{\"@type\":\"ImageObject\",\"inLanguage\":\"et\",\"@id\":\"https:\\\/\\\/blog.erm.ee\\\/?p=11495#primaryimage\",\"url\":\"https:\\\/\\\/blog.erm.ee\\\/wp-content\\\/uploads\\\/2018\\\/06\\\/aa0106-e1528355875182.jpg\",\"contentUrl\":\"https:\\\/\\\/blog.erm.ee\\\/wp-content\\\/uploads\\\/2018\\\/06\\\/aa0106-e1528355875182.jpg\",\"width\":600,\"height\":395},{\"@type\":\"BreadcrumbList\",\"@id\":\"https:\\\/\\\/blog.erm.ee\\\/?p=11495#breadcrumb\",\"itemListElement\":[{\"@type\":\"ListItem\",\"position\":1,\"name\":\"Home\",\"item\":\"https:\\\/\\\/blog.erm.ee\\\/\"},{\"@type\":\"ListItem\",\"position\":2,\"name\":\"\u201eOlin \u00fcllatunud, et suutsin suures majas ja suure grupiga liikuda, ilma et \u00e4revus ja paanikahoog oleks mind tabanud\u201c\"}]},{\"@type\":\"WebSite\",\"@id\":\"https:\\\/\\\/blog.erm.ee\\\/#website\",\"url\":\"https:\\\/\\\/blog.erm.ee\\\/\",\"name\":\"Eesti Rahva Muuseumi ajaveeb\",\"description\":\"\",\"potentialAction\":[{\"@type\":\"SearchAction\",\"target\":{\"@type\":\"EntryPoint\",\"urlTemplate\":\"https:\\\/\\\/blog.erm.ee\\\/?s={search_term_string}\"},\"query-input\":{\"@type\":\"PropertyValueSpecification\",\"valueRequired\":true,\"valueName\":\"search_term_string\"}}],\"inLanguage\":\"et\"},{\"@type\":\"Person\",\"@id\":\"https:\\\/\\\/blog.erm.ee\\\/#\\\/schema\\\/person\\\/6e98c391cb00a33e7c22a3571e062114\",\"name\":\"Eesti Rahva Muuseum\",\"image\":{\"@type\":\"ImageObject\",\"inLanguage\":\"et\",\"@id\":\"https:\\\/\\\/secure.gravatar.com\\\/avatar\\\/cb6d9ad5fb49f3f7315028ce5fe60641075f2cb52b8a058ff5a985fa2d8c1da0?s=96&d=mm&r=g\",\"url\":\"https:\\\/\\\/secure.gravatar.com\\\/avatar\\\/cb6d9ad5fb49f3f7315028ce5fe60641075f2cb52b8a058ff5a985fa2d8c1da0?s=96&d=mm&r=g\",\"contentUrl\":\"https:\\\/\\\/secure.gravatar.com\\\/avatar\\\/cb6d9ad5fb49f3f7315028ce5fe60641075f2cb52b8a058ff5a985fa2d8c1da0?s=96&d=mm&r=g\",\"caption\":\"Eesti Rahva Muuseum\"},\"sameAs\":[\"http:\\\/\\\/www.erm.ee\"],\"url\":\"https:\\\/\\\/blog.erm.ee\\\/?author=1\"}]}<\/script>\n<!-- \/ Yoast SEO plugin. -->","yoast_head_json":{"title":"\u201eOlin \u00fcllatunud, et suutsin suures majas ja suure grupiga liikuda, ilma et \u00e4revus ja paanikahoog oleks mind tabanud\u201c - Eesti Rahva Muuseumi ajaveeb","robots":{"index":"index","follow":"follow","max-snippet":"max-snippet:-1","max-image-preview":"max-image-preview:large","max-video-preview":"max-video-preview:-1"},"canonical":"https:\/\/blog.erm.ee\/?p=11495","og_locale":"et_EE","og_type":"article","og_title":"\u201eOlin \u00fcllatunud, et suutsin suures majas ja suure grupiga liikuda, ilma et \u00e4revus ja paanikahoog oleks mind tabanud\u201c - Eesti Rahva Muuseumi ajaveeb","og_description":"Reet Tohvre, T\u00dc Ps\u00fchhiaatriakliiniku \u00fclem\u00f5de Ivi Obzinis, T\u00dc Ps\u00fchhiaatriakliiniku akuutosakonna sotsiaalt\u00f6\u00f6taja K\u00e4esoleval aastal algas koost\u00f6\u00f6 ERMi ja T\u00dc Ps\u00fchhiaatriakliiniku vahel. Muuseum pakub kliinikumi patsientidele muuseumik\u00fclastusi, programme ja t\u00f6\u00f6tube, mis toimuvad kaks korda kuus vaheldumisi ERMis ja kliinikumis. Muuseumi poolt on tegemist vabatahtliku tegevusega. Ps\u00fc\u00fchikah\u00e4irete ravi on enamasti pikaaegne. Haiglaravi on ainult \u00fcks v\u00e4ike etapp kogu&hellip;","og_url":"https:\/\/blog.erm.ee\/?p=11495","og_site_name":"Eesti Rahva Muuseumi ajaveeb","article_published_time":"2018-06-07T04:55:21+00:00","article_modified_time":"2018-06-07T07:15:46+00:00","og_image":[{"width":600,"height":395,"url":"https:\/\/blog.erm.ee\/wp-content\/uploads\/2018\/06\/aa0106-e1528355875182.jpg","type":"image\/jpeg"}],"author":"Eesti Rahva Muuseum","twitter_card":"summary_large_image","twitter_misc":{"Written by":"Eesti Rahva Muuseum","Est. reading time":"2 minutit"},"schema":{"@context":"https:\/\/schema.org","@graph":[{"@type":"Article","@id":"https:\/\/blog.erm.ee\/?p=11495#article","isPartOf":{"@id":"https:\/\/blog.erm.ee\/?p=11495"},"author":{"name":"Eesti Rahva Muuseum","@id":"https:\/\/blog.erm.ee\/#\/schema\/person\/6e98c391cb00a33e7c22a3571e062114"},"headline":"\u201eOlin \u00fcllatunud, et suutsin suures majas ja suure grupiga liikuda, ilma et \u00e4revus ja paanikahoog oleks mind tabanud\u201c","datePublished":"2018-06-07T04:55:21+00:00","dateModified":"2018-06-07T07:15:46+00:00","mainEntityOfPage":{"@id":"https:\/\/blog.erm.ee\/?p=11495"},"wordCount":515,"commentCount":0,"image":{"@id":"https:\/\/blog.erm.ee\/?p=11495#primaryimage"},"thumbnailUrl":"https:\/\/blog.erm.ee\/wp-content\/uploads\/2018\/06\/aa0106-e1528355875182.jpg","articleSection":["Muuseumim\u00f5tted"],"inLanguage":"et","potentialAction":[{"@type":"CommentAction","name":"Comment","target":["https:\/\/blog.erm.ee\/?p=11495#respond"]}]},{"@type":"WebPage","@id":"https:\/\/blog.erm.ee\/?p=11495","url":"https:\/\/blog.erm.ee\/?p=11495","name":"\u201eOlin \u00fcllatunud, et suutsin suures majas ja suure grupiga liikuda, ilma et \u00e4revus ja paanikahoog oleks mind tabanud\u201c - Eesti Rahva Muuseumi ajaveeb","isPartOf":{"@id":"https:\/\/blog.erm.ee\/#website"},"primaryImageOfPage":{"@id":"https:\/\/blog.erm.ee\/?p=11495#primaryimage"},"image":{"@id":"https:\/\/blog.erm.ee\/?p=11495#primaryimage"},"thumbnailUrl":"https:\/\/blog.erm.ee\/wp-content\/uploads\/2018\/06\/aa0106-e1528355875182.jpg","datePublished":"2018-06-07T04:55:21+00:00","dateModified":"2018-06-07T07:15:46+00:00","author":{"@id":"https:\/\/blog.erm.ee\/#\/schema\/person\/6e98c391cb00a33e7c22a3571e062114"},"breadcrumb":{"@id":"https:\/\/blog.erm.ee\/?p=11495#breadcrumb"},"inLanguage":"et","potentialAction":[{"@type":"ReadAction","target":["https:\/\/blog.erm.ee\/?p=11495"]}]},{"@type":"ImageObject","inLanguage":"et","@id":"https:\/\/blog.erm.ee\/?p=11495#primaryimage","url":"https:\/\/blog.erm.ee\/wp-content\/uploads\/2018\/06\/aa0106-e1528355875182.jpg","contentUrl":"https:\/\/blog.erm.ee\/wp-content\/uploads\/2018\/06\/aa0106-e1528355875182.jpg","width":600,"height":395},{"@type":"BreadcrumbList","@id":"https:\/\/blog.erm.ee\/?p=11495#breadcrumb","itemListElement":[{"@type":"ListItem","position":1,"name":"Home","item":"https:\/\/blog.erm.ee\/"},{"@type":"ListItem","position":2,"name":"\u201eOlin \u00fcllatunud, et suutsin suures majas ja suure grupiga liikuda, ilma et \u00e4revus ja paanikahoog oleks mind tabanud\u201c"}]},{"@type":"WebSite","@id":"https:\/\/blog.erm.ee\/#website","url":"https:\/\/blog.erm.ee\/","name":"Eesti Rahva Muuseumi ajaveeb","description":"","potentialAction":[{"@type":"SearchAction","target":{"@type":"EntryPoint","urlTemplate":"https:\/\/blog.erm.ee\/?s={search_term_string}"},"query-input":{"@type":"PropertyValueSpecification","valueRequired":true,"valueName":"search_term_string"}}],"inLanguage":"et"},{"@type":"Person","@id":"https:\/\/blog.erm.ee\/#\/schema\/person\/6e98c391cb00a33e7c22a3571e062114","name":"Eesti Rahva Muuseum","image":{"@type":"ImageObject","inLanguage":"et","@id":"https:\/\/secure.gravatar.com\/avatar\/cb6d9ad5fb49f3f7315028ce5fe60641075f2cb52b8a058ff5a985fa2d8c1da0?s=96&d=mm&r=g","url":"https:\/\/secure.gravatar.com\/avatar\/cb6d9ad5fb49f3f7315028ce5fe60641075f2cb52b8a058ff5a985fa2d8c1da0?s=96&d=mm&r=g","contentUrl":"https:\/\/secure.gravatar.com\/avatar\/cb6d9ad5fb49f3f7315028ce5fe60641075f2cb52b8a058ff5a985fa2d8c1da0?s=96&d=mm&r=g","caption":"Eesti Rahva Muuseum"},"sameAs":["http:\/\/www.erm.ee"],"url":"https:\/\/blog.erm.ee\/?author=1"}]}},"jetpack_featured_media_url":"https:\/\/blog.erm.ee\/wp-content\/uploads\/2018\/06\/aa0106-e1528355875182.jpg","jetpack_shortlink":"https:\/\/wp.me\/p2l9Zd-2Zp","jetpack_sharing_enabled":true,"jetpack_likes_enabled":true,"_links":{"self":[{"href":"https:\/\/blog.erm.ee\/index.php?rest_route=\/wp\/v2\/posts\/11495","targetHints":{"allow":["GET"]}}],"collection":[{"href":"https:\/\/blog.erm.ee\/index.php?rest_route=\/wp\/v2\/posts"}],"about":[{"href":"https:\/\/blog.erm.ee\/index.php?rest_route=\/wp\/v2\/types\/post"}],"author":[{"embeddable":true,"href":"https:\/\/blog.erm.ee\/index.php?rest_route=\/wp\/v2\/users\/1"}],"replies":[{"embeddable":true,"href":"https:\/\/blog.erm.ee\/index.php?rest_route=%2Fwp%2Fv2%2Fcomments&post=11495"}],"version-history":[{"count":4,"href":"https:\/\/blog.erm.ee\/index.php?rest_route=\/wp\/v2\/posts\/11495\/revisions"}],"predecessor-version":[{"id":11503,"href":"https:\/\/blog.erm.ee\/index.php?rest_route=\/wp\/v2\/posts\/11495\/revisions\/11503"}],"wp:featuredmedia":[{"embeddable":true,"href":"https:\/\/blog.erm.ee\/index.php?rest_route=\/wp\/v2\/media\/11499"}],"wp:attachment":[{"href":"https:\/\/blog.erm.ee\/index.php?rest_route=%2Fwp%2Fv2%2Fmedia&parent=11495"}],"wp:term":[{"taxonomy":"category","embeddable":true,"href":"https:\/\/blog.erm.ee\/index.php?rest_route=%2Fwp%2Fv2%2Fcategories&post=11495"},{"taxonomy":"post_tag","embeddable":true,"href":"https:\/\/blog.erm.ee\/index.php?rest_route=%2Fwp%2Fv2%2Ftags&post=11495"}],"curies":[{"name":"wp","href":"https:\/\/api.w.org\/{rel}","templated":true}]}}