{"id":11401,"date":"2018-05-17T17:34:41","date_gmt":"2018-05-17T14:34:41","guid":{"rendered":"http:\/\/blog.erm.ee\/?p=11401"},"modified":"2018-05-17T21:12:19","modified_gmt":"2018-05-17T18:12:19","slug":"ekskurss-ermi-esimesel-naitusel-raadil-1923","status":"publish","type":"post","link":"https:\/\/blog.erm.ee\/?p=11401","title":{"rendered":"ERMi esimesel n\u00e4itusel Raadil"},"content":{"rendered":"<div class=\"fcbkbttn_buttons_block\" id=\"fcbkbttn_left\"><div class=\"fcbkbttn_like \"><fb:like href=\"https:\/\/blog.erm.ee\/?p=11401\" action=\"like\" colorscheme=\"light\" layout=\"standard\"  width=\"225px\" size=\"small\"><\/fb:like><\/div><div class=\"fb-share-button  \" data-href=\"https:\/\/blog.erm.ee\/?p=11401\" data-type=\"button\" data-size=\"small\"><\/div><\/div><p style=\"text-align: justify;\"><em>Maarja Vaikmaa, sisuturunduse spetsialist<\/em><\/p>\n<p style=\"text-align: justify;\">95 aastat tagasi, 13. mail 1923 avas Eesti Rahva Muuseum toonases uues kodus, Raadi m\u00f5isas k\u00fclastajatele oma uksed ja osati ka esimese ajutise n\u00e4ituse. P\u00e4rast aastaid kitsastes \u00fc\u00fcriruumides toimetamist ja oma maja otsinguid sai ERM 1922. aasta alguseks enda valdusse m\u00f5isa esimese korruse, teine ja sobivam osa j\u00e4i kokkuleppe alusel 1923. aastani Tartu \u00dclikooli p\u00f5llumajandusteaduskonnale.<a href=\"#_ftn1\" name=\"_ftnref1\">[1]<\/a><\/p>\n<p style=\"text-align: justify;\">Ehkki ERMi juhtkond m\u00f5isaruumide osalise kasutus\u00f5igusega l\u00f5puni rahul ei olnud, oli v\u00f5imalus muuseumi kogusid nii eksponeerida kui ka paremini hoiustada suur samm edasi.<a href=\"#_ftn2\" name=\"_ftnref2\">[2]<\/a><sup>,<a href=\"#_ftn3\" name=\"_ftnref3\">[3]<\/a><\/sup> Ja nii nagu 94 aastat hiljemgi, algas ka 1922. aastal muuseumi kogude kolimine Raadile.<\/p>\n<div id=\"attachment_11402\" style=\"width: 1135px\" class=\"wp-caption aligncenter\"><a href=\"https:\/\/blog.erm.ee\/wp-content\/uploads\/2018\/05\/ERMFk666_1_1_pisipilt_edited.jpg\"><img loading=\"lazy\" decoding=\"async\" aria-describedby=\"caption-attachment-11402\" data-attachment-id=\"11402\" data-permalink=\"https:\/\/blog.erm.ee\/?attachment_id=11402#main\" data-orig-file=\"https:\/\/blog.erm.ee\/wp-content\/uploads\/2018\/05\/ERMFk666_1_1_pisipilt_edited.jpg\" data-orig-size=\"1125,727\" data-comments-opened=\"1\" data-image-meta=\"{&quot;aperture&quot;:&quot;0&quot;,&quot;credit&quot;:&quot;&quot;,&quot;camera&quot;:&quot;&quot;,&quot;caption&quot;:&quot;&quot;,&quot;created_timestamp&quot;:&quot;1206711153&quot;,&quot;copyright&quot;:&quot;Merylin Suve&quot;,&quot;focal_length&quot;:&quot;0&quot;,&quot;iso&quot;:&quot;0&quot;,&quot;shutter_speed&quot;:&quot;0&quot;,&quot;title&quot;:&quot;&quot;,&quot;orientation&quot;:&quot;0&quot;}\" data-image-title=\"ERMFk666_1_1_pisipilt_edited\" data-image-description=\"\" data-image-caption=\"&lt;p&gt;Eesti Rahva Muuseumi kolimine Raadile. Foto: Voldemar Markus (1922). ERM Fk 666:1&lt;\/p&gt;\n\" data-large-file=\"https:\/\/blog.erm.ee\/wp-content\/uploads\/2018\/05\/ERMFk666_1_1_pisipilt_edited-1024x662.jpg\" class=\"size-full wp-image-11402\" src=\"https:\/\/blog.erm.ee\/wp-content\/uploads\/2018\/05\/ERMFk666_1_1_pisipilt_edited.jpg\" alt=\"\" width=\"1125\" height=\"727\" srcset=\"https:\/\/blog.erm.ee\/wp-content\/uploads\/2018\/05\/ERMFk666_1_1_pisipilt_edited.jpg 1125w, https:\/\/blog.erm.ee\/wp-content\/uploads\/2018\/05\/ERMFk666_1_1_pisipilt_edited-402x260.jpg 402w, https:\/\/blog.erm.ee\/wp-content\/uploads\/2018\/05\/ERMFk666_1_1_pisipilt_edited-300x194.jpg 300w, https:\/\/blog.erm.ee\/wp-content\/uploads\/2018\/05\/ERMFk666_1_1_pisipilt_edited-768x496.jpg 768w, https:\/\/blog.erm.ee\/wp-content\/uploads\/2018\/05\/ERMFk666_1_1_pisipilt_edited-1024x662.jpg 1024w\" sizes=\"auto, (max-width: 1125px) 100vw, 1125px\" \/><\/a><p id=\"caption-attachment-11402\" class=\"wp-caption-text\">Eesti Rahva Muuseumi kolimine Raadile. Foto: Voldemar Markus (1922). ERM Fk 666:1<\/p><\/div>\n<p style=\"text-align: justify;\">ERMi uus kodu ja sealne esimene, rahvateaduslik ja kunstiajalooline n\u00e4itus p\u00e4lvis palju t\u00e4helepanu \u2013 avamine oli pidulik ning k\u00fclaliste seas oli t\u00e4htsaid riigiametnikke ja avamise toimetas riigivanem<a href=\"#_ftn4\" name=\"_ftnref4\">[4]<\/a>. Muuseumile oli avamise eel p\u00fchendatud ka kirjanduse, kunsti ja teaduse ajakirja Odamees 1923. aasta veebruarikuu erinumber, kus v\u00f5tsid s\u00f5na muuseumiga seotud Tartu \u00dclikooli arheoloogia kabineti juhataja Aarne Micha\u0451l Tallgren, vastne muuseumidirektor Ilmari Manninen jt.<a href=\"#_ftn5\" name=\"_ftnref5\">[5]<\/a> Avamise j\u00e4rel, septembris ilmus ka arvustus kunsti- ja kultuuriloolise osakonna v\u00e4ljapanekust.<a href=\"#_ftn6\" name=\"_ftnref6\">[6]<\/a><\/p>\n<p>V\u00e4ljav\u00f5tetega artiklitest ja ERMi fotokogu abil lasin end viia v\u00e4iksele giidituurile 1923.\u201326. aastal eksponeeritud n\u00e4itusel Raadi m\u00f5isas.<a href=\"#_ftn7\" name=\"_ftnref7\"><\/a><\/p>\n<div id=\"attachment_11404\" style=\"width: 1210px\" class=\"wp-caption aligncenter\"><a href=\"https:\/\/blog.erm.ee\/wp-content\/uploads\/2018\/05\/Odamehed.jpg\"><img loading=\"lazy\" decoding=\"async\" aria-describedby=\"caption-attachment-11404\" data-attachment-id=\"11404\" data-permalink=\"https:\/\/blog.erm.ee\/?attachment_id=11404#main\" data-orig-file=\"https:\/\/blog.erm.ee\/wp-content\/uploads\/2018\/05\/Odamehed.jpg\" data-orig-size=\"1200,782\" data-comments-opened=\"1\" data-image-meta=\"{&quot;aperture&quot;:&quot;0&quot;,&quot;credit&quot;:&quot;&quot;,&quot;camera&quot;:&quot;&quot;,&quot;caption&quot;:&quot;&quot;,&quot;created_timestamp&quot;:&quot;0&quot;,&quot;copyright&quot;:&quot;&quot;,&quot;focal_length&quot;:&quot;0&quot;,&quot;iso&quot;:&quot;0&quot;,&quot;shutter_speed&quot;:&quot;0&quot;,&quot;title&quot;:&quot;&quot;,&quot;orientation&quot;:&quot;0&quot;}\" data-image-title=\"Odamehed\" data-image-description=\"\" data-image-caption=\"&lt;p&gt;Ajalehe Odamees veebruari- ja septembrikuu numbrite esikaaned. Allikas: Digar&lt;\/p&gt;\n\" data-large-file=\"https:\/\/blog.erm.ee\/wp-content\/uploads\/2018\/05\/Odamehed-1024x667.jpg\" class=\"size-full wp-image-11404\" src=\"https:\/\/blog.erm.ee\/wp-content\/uploads\/2018\/05\/Odamehed.jpg\" alt=\"\" width=\"1200\" height=\"782\" srcset=\"https:\/\/blog.erm.ee\/wp-content\/uploads\/2018\/05\/Odamehed.jpg 1200w, https:\/\/blog.erm.ee\/wp-content\/uploads\/2018\/05\/Odamehed-399x260.jpg 399w, https:\/\/blog.erm.ee\/wp-content\/uploads\/2018\/05\/Odamehed-300x196.jpg 300w, https:\/\/blog.erm.ee\/wp-content\/uploads\/2018\/05\/Odamehed-768x500.jpg 768w, https:\/\/blog.erm.ee\/wp-content\/uploads\/2018\/05\/Odamehed-1024x667.jpg 1024w\" sizes=\"auto, (max-width: 1200px) 100vw, 1200px\" \/><\/a><p id=\"caption-attachment-11404\" class=\"wp-caption-text\">Ajakirja Odamees veebruari- ja septembrikuu numbrite esikaaned. Allikas: Digar<\/p><\/div>\n<h3>Rahvateaduslik v\u00e4ljapanek<\/h3>\n<p style=\"text-align: justify;\"><em>\u201eNeed rahvusteaduslikud kogud, mis Eesti Rahva Muuseum temale kasutada antud uutes ruumides on saand sel korral n\u00e4itusele s\u00e4\u00e4da, t\u00e4idavad neli tuba. V\u00e4ljapandud asjade otstarbeks on esitada seda, mis muistse aja eestlastele moodustas kodu. S\u00e4\u00e4l on, suurtes joontes vaadates, k\u00f5ik see, millest ta iga p\u00e4ev oli \u00fcmbritsetud, tema k\u00f5ige tarvilikumad majapidamise ja t\u00f6\u00f6riistad, ning tema \u00fclikonnariided.\u201d<\/em><a href=\"#_ftn8\" name=\"_ftnref8\">[8]<\/a><\/p>\n<div id=\"attachment_11405\" style=\"width: 1130px\" class=\"wp-caption aligncenter\"><a href=\"https:\/\/blog.erm.ee\/wp-content\/uploads\/2018\/05\/ERMFk1126_16_1_pisipilt_edited.jpg\"><img loading=\"lazy\" decoding=\"async\" aria-describedby=\"caption-attachment-11405\" data-attachment-id=\"11405\" data-permalink=\"https:\/\/blog.erm.ee\/?attachment_id=11405#main\" data-orig-file=\"https:\/\/blog.erm.ee\/wp-content\/uploads\/2018\/05\/ERMFk1126_16_1_pisipilt_edited.jpg\" data-orig-size=\"1120,715\" data-comments-opened=\"1\" data-image-meta=\"{&quot;aperture&quot;:&quot;0&quot;,&quot;credit&quot;:&quot;&quot;,&quot;camera&quot;:&quot;&quot;,&quot;caption&quot;:&quot;&quot;,&quot;created_timestamp&quot;:&quot;1206711090&quot;,&quot;copyright&quot;:&quot;Merylin Suve&quot;,&quot;focal_length&quot;:&quot;0&quot;,&quot;iso&quot;:&quot;0&quot;,&quot;shutter_speed&quot;:&quot;0&quot;,&quot;title&quot;:&quot;&quot;,&quot;orientation&quot;:&quot;0&quot;}\" data-image-title=\"ERMFk1126_16_1_pisipilt_edited\" data-image-description=\"\" data-image-caption=\"&lt;p&gt; Eesti Rahva Muuseum. Tartu. ERM Fk 1126:16 &lt;\/p&gt;\n\" data-large-file=\"https:\/\/blog.erm.ee\/wp-content\/uploads\/2018\/05\/ERMFk1126_16_1_pisipilt_edited-1024x654.jpg\" class=\"wp-image-11405 size-full\" src=\"https:\/\/blog.erm.ee\/wp-content\/uploads\/2018\/05\/ERMFk1126_16_1_pisipilt_edited.jpg\" alt=\"\" width=\"1120\" height=\"715\" srcset=\"https:\/\/blog.erm.ee\/wp-content\/uploads\/2018\/05\/ERMFk1126_16_1_pisipilt_edited.jpg 1120w, https:\/\/blog.erm.ee\/wp-content\/uploads\/2018\/05\/ERMFk1126_16_1_pisipilt_edited-407x260.jpg 407w, https:\/\/blog.erm.ee\/wp-content\/uploads\/2018\/05\/ERMFk1126_16_1_pisipilt_edited-300x192.jpg 300w, https:\/\/blog.erm.ee\/wp-content\/uploads\/2018\/05\/ERMFk1126_16_1_pisipilt_edited-768x490.jpg 768w, https:\/\/blog.erm.ee\/wp-content\/uploads\/2018\/05\/ERMFk1126_16_1_pisipilt_edited-1024x654.jpg 1024w\" sizes=\"auto, (max-width: 1120px) 100vw, 1120px\" \/><\/a><p id=\"caption-attachment-11405\" class=\"wp-caption-text\">Eesti Rahva Muuseum, Tartu. ERM Fk 1126:16<\/p><\/div>\n<p style=\"text-align: justify;\"><em>\u201ePilku heites nende lihtsatele puun\u00f5udelle ja riistadelle n\u00e4eme, et nendesse on aineline kehvus oma pitseri vaotand. Ei ole nendel seda kujude mitmekesidust, mis ainult soodsatest ainelistes elutingimustes suudab sugeneda. Ei ole v\u00e4rvide rikkust, sest kelle silma oleksid k\u00f5ige ilusamadki v\u00e4rvid v\u00f5ind r\u00f5\u00f5mustada pimedates suitsutaredes. [&#8230;] Kuid sellest hoolimata, et nendel hiilgus puudub, ei kaota nad ometi meie silmades v\u00e4\u00e4rtust. Nendel on ju ikkagi m\u00e4lestuste kaunidus, mis kaunim on sellest, mida otse silmaga v\u00f5ib n\u00e4ha.\u201d<\/em><a href=\"#_ftn9\" name=\"_ftnref9\">[9]<\/a><\/p>\n<div id=\"attachment_11406\" style=\"width: 1210px\" class=\"wp-caption aligncenter\"><a href=\"https:\/\/blog.erm.ee\/wp-content\/uploads\/2018\/05\/Puun\u00f5ud-ERMi-ajutisel-v\u00e4ljapanekul-1923-26_ERM-Fk-936_44.jpg\"><img loading=\"lazy\" decoding=\"async\" aria-describedby=\"caption-attachment-11406\" data-attachment-id=\"11406\" data-permalink=\"https:\/\/blog.erm.ee\/?attachment_id=11406#main\" data-orig-file=\"https:\/\/blog.erm.ee\/wp-content\/uploads\/2018\/05\/Puun\u00f5ud-ERMi-ajutisel-v\u00e4ljapanekul-1923-26_ERM-Fk-936_44.jpg\" data-orig-size=\"1200,862\" data-comments-opened=\"1\" data-image-meta=\"{&quot;aperture&quot;:&quot;0&quot;,&quot;credit&quot;:&quot;&quot;,&quot;camera&quot;:&quot;&quot;,&quot;caption&quot;:&quot;&quot;,&quot;created_timestamp&quot;:&quot;1526397802&quot;,&quot;copyright&quot;:&quot;&quot;,&quot;focal_length&quot;:&quot;0&quot;,&quot;iso&quot;:&quot;0&quot;,&quot;shutter_speed&quot;:&quot;0&quot;,&quot;title&quot;:&quot;&quot;,&quot;orientation&quot;:&quot;0&quot;}\" data-image-title=\"Puun\u00f5ud ERMi ajutisel v\u00e4ljapanekul 1923-26_ERM Fk 936_44\" data-image-description=\"\" data-image-caption=\"&lt;p&gt;Puun\u00f5ud. ERM Fk 936:44&lt;\/p&gt;\n\" data-large-file=\"https:\/\/blog.erm.ee\/wp-content\/uploads\/2018\/05\/Puun\u00f5ud-ERMi-ajutisel-v\u00e4ljapanekul-1923-26_ERM-Fk-936_44-1024x736.jpg\" class=\"size-full wp-image-11406\" src=\"https:\/\/blog.erm.ee\/wp-content\/uploads\/2018\/05\/Puun\u00f5ud-ERMi-ajutisel-v\u00e4ljapanekul-1923-26_ERM-Fk-936_44.jpg\" alt=\"\" width=\"1200\" height=\"862\" srcset=\"https:\/\/blog.erm.ee\/wp-content\/uploads\/2018\/05\/Puun\u00f5ud-ERMi-ajutisel-v\u00e4ljapanekul-1923-26_ERM-Fk-936_44.jpg 1200w, https:\/\/blog.erm.ee\/wp-content\/uploads\/2018\/05\/Puun\u00f5ud-ERMi-ajutisel-v\u00e4ljapanekul-1923-26_ERM-Fk-936_44-362x260.jpg 362w, https:\/\/blog.erm.ee\/wp-content\/uploads\/2018\/05\/Puun\u00f5ud-ERMi-ajutisel-v\u00e4ljapanekul-1923-26_ERM-Fk-936_44-300x216.jpg 300w, https:\/\/blog.erm.ee\/wp-content\/uploads\/2018\/05\/Puun\u00f5ud-ERMi-ajutisel-v\u00e4ljapanekul-1923-26_ERM-Fk-936_44-768x552.jpg 768w, https:\/\/blog.erm.ee\/wp-content\/uploads\/2018\/05\/Puun\u00f5ud-ERMi-ajutisel-v\u00e4ljapanekul-1923-26_ERM-Fk-936_44-1024x736.jpg 1024w\" sizes=\"auto, (max-width: 1200px) 100vw, 1200px\" \/><\/a><p id=\"caption-attachment-11406\" class=\"wp-caption-text\">Puun\u00f5ud ERMi ajutisel v\u00e4ljapanekul 1923-26. ERM Fk 936:44<\/p><\/div>\n<p style=\"text-align: justify;\"><em>\u201eAga vaadatagu ligemalt! S\u00e4\u00e4l on ometi midagi, mis tunnistab, et siin hoolimata kitsastest eeldustest siiski on m\u00f5ne asja juures avaldatud ka \u00f5ige h\u00e4\u00e4d maitset ja kunsti puul\u00f5ikuse alal. K\u00f5igep\u00e4\u00e4lt paistavad silma \u00f5llekannud. Nagu teada, on neid tarvitatud pulmades, mille t\u00f5ttu ka oli kombeks neid kirjude lintidega ehtida. [&#8230;] K\u00f5ige ilusamad kannud muuseumi kogudes on Saaremaalt.\u201d<\/em><a href=\"#_ftn10\" name=\"_ftnref10\">[10]<\/a><\/p>\n<div id=\"attachment_11407\" style=\"width: 1210px\" class=\"wp-caption aligncenter\"><a href=\"https:\/\/blog.erm.ee\/wp-content\/uploads\/2018\/05\/Kannud-ERMi-ajutisel-v\u00e4ljapanekul-1923-26_ERM-Fk-936_49.jpg\"><img loading=\"lazy\" decoding=\"async\" aria-describedby=\"caption-attachment-11407\" data-attachment-id=\"11407\" data-permalink=\"https:\/\/blog.erm.ee\/?attachment_id=11407#main\" data-orig-file=\"https:\/\/blog.erm.ee\/wp-content\/uploads\/2018\/05\/Kannud-ERMi-ajutisel-v\u00e4ljapanekul-1923-26_ERM-Fk-936_49.jpg\" data-orig-size=\"1200,867\" data-comments-opened=\"1\" data-image-meta=\"{&quot;aperture&quot;:&quot;0&quot;,&quot;credit&quot;:&quot;&quot;,&quot;camera&quot;:&quot;&quot;,&quot;caption&quot;:&quot;&quot;,&quot;created_timestamp&quot;:&quot;1526397790&quot;,&quot;copyright&quot;:&quot;&quot;,&quot;focal_length&quot;:&quot;0&quot;,&quot;iso&quot;:&quot;0&quot;,&quot;shutter_speed&quot;:&quot;0&quot;,&quot;title&quot;:&quot;&quot;,&quot;orientation&quot;:&quot;0&quot;}\" data-image-title=\"Kannud ERMi ajutisel v\u00e4ljapanekul 1923-26_ERM Fk 936_49\" data-image-description=\"\" data-image-caption=\"&lt;p&gt;Kannud. ERM Fk 936:49&lt;\/p&gt;\n\" data-large-file=\"https:\/\/blog.erm.ee\/wp-content\/uploads\/2018\/05\/Kannud-ERMi-ajutisel-v\u00e4ljapanekul-1923-26_ERM-Fk-936_49-1024x740.jpg\" class=\"size-full wp-image-11407\" src=\"https:\/\/blog.erm.ee\/wp-content\/uploads\/2018\/05\/Kannud-ERMi-ajutisel-v\u00e4ljapanekul-1923-26_ERM-Fk-936_49.jpg\" alt=\"\" width=\"1200\" height=\"867\" srcset=\"https:\/\/blog.erm.ee\/wp-content\/uploads\/2018\/05\/Kannud-ERMi-ajutisel-v\u00e4ljapanekul-1923-26_ERM-Fk-936_49.jpg 1200w, https:\/\/blog.erm.ee\/wp-content\/uploads\/2018\/05\/Kannud-ERMi-ajutisel-v\u00e4ljapanekul-1923-26_ERM-Fk-936_49-360x260.jpg 360w, https:\/\/blog.erm.ee\/wp-content\/uploads\/2018\/05\/Kannud-ERMi-ajutisel-v\u00e4ljapanekul-1923-26_ERM-Fk-936_49-300x217.jpg 300w, https:\/\/blog.erm.ee\/wp-content\/uploads\/2018\/05\/Kannud-ERMi-ajutisel-v\u00e4ljapanekul-1923-26_ERM-Fk-936_49-768x555.jpg 768w, https:\/\/blog.erm.ee\/wp-content\/uploads\/2018\/05\/Kannud-ERMi-ajutisel-v\u00e4ljapanekul-1923-26_ERM-Fk-936_49-1024x740.jpg 1024w\" sizes=\"auto, (max-width: 1200px) 100vw, 1200px\" \/><\/a><p id=\"caption-attachment-11407\" class=\"wp-caption-text\">Kannud ERMi ajutisel v\u00e4ljapanekul 1923-26. ERM Fk 936:49<\/p><\/div>\n<p style=\"text-align: justify;\"><em>\u201eAnnab suitsutarede ajaj\u00e4rgu \u201cpuukultuur\u201d \u00fcldse kahvatu mulje, pakub selle vastu Eesti naiste k\u00e4sit\u00f6\u00f6kunst r\u00f5\u00f5msaid v\u00e4rve. On kindel, et need rahvariided viimasel ajal eredamaid v\u00e4rve on omandand kui need, mis varem esinesid siinsetes rahvariietes. [&#8230;] Riided, \u00fclikond ei ole olnud sel m\u00e4\u00e4ral kui puukultuur suletud viletsate elutarede pimedusse. \u00dclikond l\u00e4ks oma kandjaga v\u00f5\u00f5rsile, kirikusse, talgustele ja muudele pidudele. Ja sellep\u00e4rast ei olegi ime, et selle ilustamise p\u00e4\u00e4le pandi ise\u00e4ralist hoolt.\u201d<\/em><a href=\"#_ftn11\" name=\"_ftnref11\">[11]<\/a><\/p>\n<div id=\"attachment_11408\" style=\"width: 1210px\" class=\"wp-caption aligncenter\"><a href=\"https:\/\/blog.erm.ee\/wp-content\/uploads\/2018\/05\/Rahvar\u00f5ivad-ERMi-ajutisel-v\u00e4ljapanekul-1923-26_ERM-Fk-936_42.jpg\"><img loading=\"lazy\" decoding=\"async\" aria-describedby=\"caption-attachment-11408\" data-attachment-id=\"11408\" data-permalink=\"https:\/\/blog.erm.ee\/?attachment_id=11408#main\" data-orig-file=\"https:\/\/blog.erm.ee\/wp-content\/uploads\/2018\/05\/Rahvar\u00f5ivad-ERMi-ajutisel-v\u00e4ljapanekul-1923-26_ERM-Fk-936_42.jpg\" data-orig-size=\"1200,864\" data-comments-opened=\"1\" data-image-meta=\"{&quot;aperture&quot;:&quot;0&quot;,&quot;credit&quot;:&quot;&quot;,&quot;camera&quot;:&quot;&quot;,&quot;caption&quot;:&quot;&quot;,&quot;created_timestamp&quot;:&quot;1526397779&quot;,&quot;copyright&quot;:&quot;&quot;,&quot;focal_length&quot;:&quot;0&quot;,&quot;iso&quot;:&quot;0&quot;,&quot;shutter_speed&quot;:&quot;0&quot;,&quot;title&quot;:&quot;&quot;,&quot;orientation&quot;:&quot;0&quot;}\" data-image-title=\"Rahvar\u00f5ivad ERMi ajutisel v\u00e4ljapanekul 1923-26_ERM Fk 936_42\" data-image-description=\"\" data-image-caption=\"&lt;p&gt;Rahvar\u00f5ivad ERMi ajutisel v\u00e4ljapanekul 1923-26. ERM Fk 936:42&lt;\/p&gt;\n\" data-large-file=\"https:\/\/blog.erm.ee\/wp-content\/uploads\/2018\/05\/Rahvar\u00f5ivad-ERMi-ajutisel-v\u00e4ljapanekul-1923-26_ERM-Fk-936_42-1024x737.jpg\" class=\"size-full wp-image-11408\" src=\"https:\/\/blog.erm.ee\/wp-content\/uploads\/2018\/05\/Rahvar\u00f5ivad-ERMi-ajutisel-v\u00e4ljapanekul-1923-26_ERM-Fk-936_42.jpg\" alt=\"\" width=\"1200\" height=\"864\" srcset=\"https:\/\/blog.erm.ee\/wp-content\/uploads\/2018\/05\/Rahvar\u00f5ivad-ERMi-ajutisel-v\u00e4ljapanekul-1923-26_ERM-Fk-936_42.jpg 1200w, https:\/\/blog.erm.ee\/wp-content\/uploads\/2018\/05\/Rahvar\u00f5ivad-ERMi-ajutisel-v\u00e4ljapanekul-1923-26_ERM-Fk-936_42-361x260.jpg 361w, https:\/\/blog.erm.ee\/wp-content\/uploads\/2018\/05\/Rahvar\u00f5ivad-ERMi-ajutisel-v\u00e4ljapanekul-1923-26_ERM-Fk-936_42-300x216.jpg 300w, https:\/\/blog.erm.ee\/wp-content\/uploads\/2018\/05\/Rahvar\u00f5ivad-ERMi-ajutisel-v\u00e4ljapanekul-1923-26_ERM-Fk-936_42-768x553.jpg 768w, https:\/\/blog.erm.ee\/wp-content\/uploads\/2018\/05\/Rahvar\u00f5ivad-ERMi-ajutisel-v\u00e4ljapanekul-1923-26_ERM-Fk-936_42-1024x737.jpg 1024w\" sizes=\"auto, (max-width: 1200px) 100vw, 1200px\" \/><\/a><p id=\"caption-attachment-11408\" class=\"wp-caption-text\">Rahvar\u00f5ivad ERMi ajutisel v\u00e4ljapanekul 1923-26. ERM Fk 936:42<\/p><\/div>\n<div id=\"attachment_11414\" style=\"width: 884px\" class=\"wp-caption aligncenter\"><a href=\"https:\/\/blog.erm.ee\/wp-content\/uploads\/2018\/05\/Mannekeenid-rahvar\u00f5ivastes-ERMi-ajutisel-v\u00e4ljapanekul-1923-26_ERM-Fk-936_45.jpg\"><img loading=\"lazy\" decoding=\"async\" aria-describedby=\"caption-attachment-11414\" data-attachment-id=\"11414\" data-permalink=\"https:\/\/blog.erm.ee\/?attachment_id=11414#main\" data-orig-file=\"https:\/\/blog.erm.ee\/wp-content\/uploads\/2018\/05\/Mannekeenid-rahvar\u00f5ivastes-ERMi-ajutisel-v\u00e4ljapanekul-1923-26_ERM-Fk-936_45.jpg\" data-orig-size=\"874,1200\" data-comments-opened=\"1\" data-image-meta=\"{&quot;aperture&quot;:&quot;0&quot;,&quot;credit&quot;:&quot;&quot;,&quot;camera&quot;:&quot;&quot;,&quot;caption&quot;:&quot;&quot;,&quot;created_timestamp&quot;:&quot;1526397755&quot;,&quot;copyright&quot;:&quot;&quot;,&quot;focal_length&quot;:&quot;0&quot;,&quot;iso&quot;:&quot;0&quot;,&quot;shutter_speed&quot;:&quot;0&quot;,&quot;title&quot;:&quot;&quot;,&quot;orientation&quot;:&quot;0&quot;}\" data-image-title=\"Mannekeenid rahvar\u00f5ivastes ERMi ajutisel v\u00e4ljapanekul 1923-26_ERM Fk 936_45\" data-image-description=\"\" data-image-caption=\"&lt;p&gt;Mannekeenid rahvar\u00f5ivastes ERMi ajutisel v\u00e4ljapanekul 1923-26.  ERM Fk 936:45&lt;\/p&gt;\n\" data-large-file=\"https:\/\/blog.erm.ee\/wp-content\/uploads\/2018\/05\/Mannekeenid-rahvar\u00f5ivastes-ERMi-ajutisel-v\u00e4ljapanekul-1923-26_ERM-Fk-936_45-746x1024.jpg\" class=\"size-full wp-image-11414\" src=\"https:\/\/blog.erm.ee\/wp-content\/uploads\/2018\/05\/Mannekeenid-rahvar\u00f5ivastes-ERMi-ajutisel-v\u00e4ljapanekul-1923-26_ERM-Fk-936_45.jpg\" alt=\"\" width=\"874\" height=\"1200\" srcset=\"https:\/\/blog.erm.ee\/wp-content\/uploads\/2018\/05\/Mannekeenid-rahvar\u00f5ivastes-ERMi-ajutisel-v\u00e4ljapanekul-1923-26_ERM-Fk-936_45.jpg 874w, https:\/\/blog.erm.ee\/wp-content\/uploads\/2018\/05\/Mannekeenid-rahvar\u00f5ivastes-ERMi-ajutisel-v\u00e4ljapanekul-1923-26_ERM-Fk-936_45-189x260.jpg 189w, https:\/\/blog.erm.ee\/wp-content\/uploads\/2018\/05\/Mannekeenid-rahvar\u00f5ivastes-ERMi-ajutisel-v\u00e4ljapanekul-1923-26_ERM-Fk-936_45-219x300.jpg 219w, https:\/\/blog.erm.ee\/wp-content\/uploads\/2018\/05\/Mannekeenid-rahvar\u00f5ivastes-ERMi-ajutisel-v\u00e4ljapanekul-1923-26_ERM-Fk-936_45-768x1054.jpg 768w, https:\/\/blog.erm.ee\/wp-content\/uploads\/2018\/05\/Mannekeenid-rahvar\u00f5ivastes-ERMi-ajutisel-v\u00e4ljapanekul-1923-26_ERM-Fk-936_45-746x1024.jpg 746w\" sizes=\"auto, (max-width: 874px) 100vw, 874px\" \/><\/a><p id=\"caption-attachment-11414\" class=\"wp-caption-text\">Mannekeenid rahvar\u00f5ivastes ERMi ajutisel v\u00e4ljapanekul 1923-26. ERM Fk 936:45<\/p><\/div>\n<p style=\"text-align: justify;\"><em>\u201eM\u00f5eldagu n\u00e4ituseks v\u00f6\u00f6sid ja kindaid, mida Eesti naised igal pool maitserikkalt on kudund! K\u00f5ige peenemad paistavad k\u00f5ige vanemad kindad, potisinises v\u00f5i lambapruunis v\u00e4rvis, kuna aga igasugused punaste, roheliste jne roosidega kindad juba j\u00e4tavad palju labasema mulje. [&#8230;] Motiive, mis kinnaste ja v\u00f6\u00f6de p\u00e4\u00e4l esinevad, on l\u00f5pmata palju.\u201d<\/em><a href=\"#_ftn12\" name=\"_ftnref12\">[12]<\/a><\/p>\n<div id=\"attachment_11409\" style=\"width: 859px\" class=\"wp-caption aligncenter\"><a href=\"https:\/\/blog.erm.ee\/wp-content\/uploads\/2018\/05\/Kindad-ERMi-ajutisel-v\u00e4ljapanekul-1923-26_ERM-Fk-936_46.jpg\"><img loading=\"lazy\" decoding=\"async\" aria-describedby=\"caption-attachment-11409\" data-attachment-id=\"11409\" data-permalink=\"https:\/\/blog.erm.ee\/?attachment_id=11409#main\" data-orig-file=\"https:\/\/blog.erm.ee\/wp-content\/uploads\/2018\/05\/Kindad-ERMi-ajutisel-v\u00e4ljapanekul-1923-26_ERM-Fk-936_46.jpg\" data-orig-size=\"849,1200\" data-comments-opened=\"1\" data-image-meta=\"{&quot;aperture&quot;:&quot;0&quot;,&quot;credit&quot;:&quot;&quot;,&quot;camera&quot;:&quot;&quot;,&quot;caption&quot;:&quot;&quot;,&quot;created_timestamp&quot;:&quot;1526397727&quot;,&quot;copyright&quot;:&quot;&quot;,&quot;focal_length&quot;:&quot;0&quot;,&quot;iso&quot;:&quot;0&quot;,&quot;shutter_speed&quot;:&quot;0&quot;,&quot;title&quot;:&quot;&quot;,&quot;orientation&quot;:&quot;0&quot;}\" data-image-title=\"Kindad ERMi ajutisel v\u00e4ljapanekul 1923-26_ERM Fk 936_46\" data-image-description=\"\" data-image-caption=\"&lt;p&gt;Kindad ERMi ajutisel v\u00e4ljapanekul ERMis. ERM Fk 936:46&lt;\/p&gt;\n\" data-large-file=\"https:\/\/blog.erm.ee\/wp-content\/uploads\/2018\/05\/Kindad-ERMi-ajutisel-v\u00e4ljapanekul-1923-26_ERM-Fk-936_46-724x1024.jpg\" class=\"size-full wp-image-11409\" src=\"https:\/\/blog.erm.ee\/wp-content\/uploads\/2018\/05\/Kindad-ERMi-ajutisel-v\u00e4ljapanekul-1923-26_ERM-Fk-936_46.jpg\" alt=\"\" width=\"849\" height=\"1200\" srcset=\"https:\/\/blog.erm.ee\/wp-content\/uploads\/2018\/05\/Kindad-ERMi-ajutisel-v\u00e4ljapanekul-1923-26_ERM-Fk-936_46.jpg 849w, https:\/\/blog.erm.ee\/wp-content\/uploads\/2018\/05\/Kindad-ERMi-ajutisel-v\u00e4ljapanekul-1923-26_ERM-Fk-936_46-184x260.jpg 184w, https:\/\/blog.erm.ee\/wp-content\/uploads\/2018\/05\/Kindad-ERMi-ajutisel-v\u00e4ljapanekul-1923-26_ERM-Fk-936_46-212x300.jpg 212w, https:\/\/blog.erm.ee\/wp-content\/uploads\/2018\/05\/Kindad-ERMi-ajutisel-v\u00e4ljapanekul-1923-26_ERM-Fk-936_46-768x1086.jpg 768w, https:\/\/blog.erm.ee\/wp-content\/uploads\/2018\/05\/Kindad-ERMi-ajutisel-v\u00e4ljapanekul-1923-26_ERM-Fk-936_46-724x1024.jpg 724w\" sizes=\"auto, (max-width: 849px) 100vw, 849px\" \/><\/a><p id=\"caption-attachment-11409\" class=\"wp-caption-text\">Kindad ERMi ajutisel v\u00e4ljapanekul ERMi ajutisel n\u00e4itusel 1923-26. ERM Fk 936:46<\/p><\/div>\n<p style=\"text-align: justify;\"><em>\u201e[&#8230;] viimases toas, mille moodustab pikk korridor, on eri r\u00fchmadena meeste ja naiste k\u00e4sit\u00f6\u00f6riistu, ilustatuid rangipuid ja veimevakku ning v\u00e4ike kogu muusikariistu. Korridori otsas seisavad seintele rippuma pandud mahedav\u00e4rviliste vaipade keskel vanad suitsumustad teljed punatriibulise seelikuriidega.\u201d<\/em><a href=\"#_ftn13\" name=\"_ftnref13\">[13]<\/a><\/p>\n<div id=\"attachment_11410\" style=\"width: 1210px\" class=\"wp-caption aligncenter\"><a href=\"https:\/\/blog.erm.ee\/wp-content\/uploads\/2018\/05\/Naiste-t\u00f6\u00f6riistad-ERMi-ajutisel-v\u00e4ljapanekul-1923-26_ERM-Fk-936_48.jpg\"><img loading=\"lazy\" decoding=\"async\" aria-describedby=\"caption-attachment-11410\" data-attachment-id=\"11410\" data-permalink=\"https:\/\/blog.erm.ee\/?attachment_id=11410#main\" data-orig-file=\"https:\/\/blog.erm.ee\/wp-content\/uploads\/2018\/05\/Naiste-t\u00f6\u00f6riistad-ERMi-ajutisel-v\u00e4ljapanekul-1923-26_ERM-Fk-936_48.jpg\" data-orig-size=\"1200,870\" data-comments-opened=\"1\" data-image-meta=\"{&quot;aperture&quot;:&quot;0&quot;,&quot;credit&quot;:&quot;&quot;,&quot;camera&quot;:&quot;&quot;,&quot;caption&quot;:&quot;&quot;,&quot;created_timestamp&quot;:&quot;1526397706&quot;,&quot;copyright&quot;:&quot;&quot;,&quot;focal_length&quot;:&quot;0&quot;,&quot;iso&quot;:&quot;0&quot;,&quot;shutter_speed&quot;:&quot;0&quot;,&quot;title&quot;:&quot;&quot;,&quot;orientation&quot;:&quot;0&quot;}\" data-image-title=\"Naiste t\u00f6\u00f6riistad ERMi ajutisel v\u00e4ljapanekul 1923-26_ERM Fk 936_48\" data-image-description=\"\" data-image-caption=\"&lt;p&gt;Naiste t\u00f6\u00f6riistad ERMi ajutisel v\u00e4ljapanekul 1923-26. ERM Fk 936:48&lt;\/p&gt;\n\" data-large-file=\"https:\/\/blog.erm.ee\/wp-content\/uploads\/2018\/05\/Naiste-t\u00f6\u00f6riistad-ERMi-ajutisel-v\u00e4ljapanekul-1923-26_ERM-Fk-936_48-1024x742.jpg\" class=\"size-full wp-image-11410\" src=\"https:\/\/blog.erm.ee\/wp-content\/uploads\/2018\/05\/Naiste-t\u00f6\u00f6riistad-ERMi-ajutisel-v\u00e4ljapanekul-1923-26_ERM-Fk-936_48.jpg\" alt=\"\" width=\"1200\" height=\"870\" srcset=\"https:\/\/blog.erm.ee\/wp-content\/uploads\/2018\/05\/Naiste-t\u00f6\u00f6riistad-ERMi-ajutisel-v\u00e4ljapanekul-1923-26_ERM-Fk-936_48.jpg 1200w, https:\/\/blog.erm.ee\/wp-content\/uploads\/2018\/05\/Naiste-t\u00f6\u00f6riistad-ERMi-ajutisel-v\u00e4ljapanekul-1923-26_ERM-Fk-936_48-359x260.jpg 359w, https:\/\/blog.erm.ee\/wp-content\/uploads\/2018\/05\/Naiste-t\u00f6\u00f6riistad-ERMi-ajutisel-v\u00e4ljapanekul-1923-26_ERM-Fk-936_48-300x218.jpg 300w, https:\/\/blog.erm.ee\/wp-content\/uploads\/2018\/05\/Naiste-t\u00f6\u00f6riistad-ERMi-ajutisel-v\u00e4ljapanekul-1923-26_ERM-Fk-936_48-768x557.jpg 768w, https:\/\/blog.erm.ee\/wp-content\/uploads\/2018\/05\/Naiste-t\u00f6\u00f6riistad-ERMi-ajutisel-v\u00e4ljapanekul-1923-26_ERM-Fk-936_48-1024x742.jpg 1024w\" sizes=\"auto, (max-width: 1200px) 100vw, 1200px\" \/><\/a><p id=\"caption-attachment-11410\" class=\"wp-caption-text\">Naiste t\u00f6\u00f6riistad ERMi ajutisel v\u00e4ljapanekul 1923-26. ERM Fk 936:48<\/p><\/div>\n<div id=\"attachment_11415\" style=\"width: 883px\" class=\"wp-caption aligncenter\"><a href=\"https:\/\/blog.erm.ee\/wp-content\/uploads\/2018\/05\/Rangid-ja-sadulad-ERMi-ajutisel-v\u00e4ljapanekul-1923-26_ERM-Fk-936_43.jpg\"><img loading=\"lazy\" decoding=\"async\" aria-describedby=\"caption-attachment-11415\" data-attachment-id=\"11415\" data-permalink=\"https:\/\/blog.erm.ee\/?attachment_id=11415#main\" data-orig-file=\"https:\/\/blog.erm.ee\/wp-content\/uploads\/2018\/05\/Rangid-ja-sadulad-ERMi-ajutisel-v\u00e4ljapanekul-1923-26_ERM-Fk-936_43.jpg\" data-orig-size=\"873,1200\" data-comments-opened=\"1\" data-image-meta=\"{&quot;aperture&quot;:&quot;0&quot;,&quot;credit&quot;:&quot;&quot;,&quot;camera&quot;:&quot;&quot;,&quot;caption&quot;:&quot;&quot;,&quot;created_timestamp&quot;:&quot;1526397767&quot;,&quot;copyright&quot;:&quot;&quot;,&quot;focal_length&quot;:&quot;0&quot;,&quot;iso&quot;:&quot;0&quot;,&quot;shutter_speed&quot;:&quot;0&quot;,&quot;title&quot;:&quot;&quot;,&quot;orientation&quot;:&quot;0&quot;}\" data-image-title=\"Rangid ja sadulad ERMi ajutisel v\u00e4ljapanekul 1923-26_ERM Fk 936_43\" data-image-description=\"\" data-image-caption=\"&lt;p&gt;Rangid ja sadulad ERMi ajutisel v\u00e4ljapanekul 1923-26. ERM Fk 936:43&lt;\/p&gt;\n\" data-large-file=\"https:\/\/blog.erm.ee\/wp-content\/uploads\/2018\/05\/Rangid-ja-sadulad-ERMi-ajutisel-v\u00e4ljapanekul-1923-26_ERM-Fk-936_43-745x1024.jpg\" class=\"size-full wp-image-11415\" src=\"https:\/\/blog.erm.ee\/wp-content\/uploads\/2018\/05\/Rangid-ja-sadulad-ERMi-ajutisel-v\u00e4ljapanekul-1923-26_ERM-Fk-936_43.jpg\" alt=\"\" width=\"873\" height=\"1200\" srcset=\"https:\/\/blog.erm.ee\/wp-content\/uploads\/2018\/05\/Rangid-ja-sadulad-ERMi-ajutisel-v\u00e4ljapanekul-1923-26_ERM-Fk-936_43.jpg 873w, https:\/\/blog.erm.ee\/wp-content\/uploads\/2018\/05\/Rangid-ja-sadulad-ERMi-ajutisel-v\u00e4ljapanekul-1923-26_ERM-Fk-936_43-189x260.jpg 189w, https:\/\/blog.erm.ee\/wp-content\/uploads\/2018\/05\/Rangid-ja-sadulad-ERMi-ajutisel-v\u00e4ljapanekul-1923-26_ERM-Fk-936_43-218x300.jpg 218w, https:\/\/blog.erm.ee\/wp-content\/uploads\/2018\/05\/Rangid-ja-sadulad-ERMi-ajutisel-v\u00e4ljapanekul-1923-26_ERM-Fk-936_43-768x1056.jpg 768w, https:\/\/blog.erm.ee\/wp-content\/uploads\/2018\/05\/Rangid-ja-sadulad-ERMi-ajutisel-v\u00e4ljapanekul-1923-26_ERM-Fk-936_43-745x1024.jpg 745w\" sizes=\"auto, (max-width: 873px) 100vw, 873px\" \/><\/a><p id=\"caption-attachment-11415\" class=\"wp-caption-text\">Rangid ja sadulad ERMi ajutisel v\u00e4ljapanekul 1923-26. ERM Fk 936:43<\/p><\/div>\n<h3>Kunstiajalooline v\u00e4ljapanek<\/h3>\n<p style=\"text-align: justify;\"><em>\u201eKuna rahvusteaduslikud kogud on s\u00fcstemaatilise korjamise vili, omandas kunsti- ja kultuurlooline osakond oma praeguse kuju \u00f5ieti juhuslikult. Suure osa v\u00e4ljapandud asjadest on p\u00e4rit nimelt parun Liphartide kogust, kes, nagu teada, suured kunstiharrastajad olid. [\u2026] Neis tubades on aset leidnud antiik ja itaalia renaissance-skulptuuride koopiad, kogu vanemaid maale ja grav\u00fc\u00fcre, m\u00f5ned vitriinid portselaaniga ja kogu balti kunstnikkude maale.\u201c<\/em><a href=\"#_ftn14\" name=\"_ftnref14\">[14]<\/a><\/p>\n<p style=\"text-align: justify;\"><em>\u201eK\u00f5ige p\u00fcsivama ja \u00fchtlasema mulje j\u00e4tab kahtlemata v\u00e4ike maitserikas itaalia renaissance-skulptuuri tuba oma siniste seintega, millede tagap\u00f5hjal need renessaince-inimeste nii v\u00f5imsalt-iseloomulikud p\u00e4\u00e4d ise\u00e4ranis relieefselt esile tulevad. Mis puutub t\u00f6\u00f6de v\u00e4ljavalikusse, siis ei ole ta kaugeltki t\u00e4ielik ja \u00fclevaatlik, p\u00e4\u00e4le selle on v\u00e4ljapandud asjad suuremalt jaolt ka ainult fragmendid.\u201c<\/em><a href=\"#_ftn15\" name=\"_ftnref15\">[15]<\/a><\/p>\n<div id=\"attachment_11411\" style=\"width: 1210px\" class=\"wp-caption aligncenter\"><a href=\"https:\/\/blog.erm.ee\/wp-content\/uploads\/2018\/05\/Renessaansskulptuur-_ERM_Fk_677_5.jpg\"><img loading=\"lazy\" decoding=\"async\" aria-describedby=\"caption-attachment-11411\" data-attachment-id=\"11411\" data-permalink=\"https:\/\/blog.erm.ee\/?attachment_id=11411#main\" data-orig-file=\"https:\/\/blog.erm.ee\/wp-content\/uploads\/2018\/05\/Renessaansskulptuur-_ERM_Fk_677_5.jpg\" data-orig-size=\"1200,879\" data-comments-opened=\"1\" data-image-meta=\"{&quot;aperture&quot;:&quot;0&quot;,&quot;credit&quot;:&quot;&quot;,&quot;camera&quot;:&quot;&quot;,&quot;caption&quot;:&quot;&quot;,&quot;created_timestamp&quot;:&quot;0&quot;,&quot;copyright&quot;:&quot;\\u00a9 Eesti Rahva Muuseum 2016&quot;,&quot;focal_length&quot;:&quot;0&quot;,&quot;iso&quot;:&quot;0&quot;,&quot;shutter_speed&quot;:&quot;0&quot;,&quot;title&quot;:&quot;&quot;,&quot;orientation&quot;:&quot;0&quot;}\" data-image-title=\"Renessaansskulptuur _ERM_Fk_677_5\" data-image-description=\"\" data-image-caption=\"&lt;p&gt;Renessaansskulptuur. ERM Fk 677:5&lt;\/p&gt;\n\" data-large-file=\"https:\/\/blog.erm.ee\/wp-content\/uploads\/2018\/05\/Renessaansskulptuur-_ERM_Fk_677_5-1024x750.jpg\" class=\"size-full wp-image-11411\" src=\"https:\/\/blog.erm.ee\/wp-content\/uploads\/2018\/05\/Renessaansskulptuur-_ERM_Fk_677_5.jpg\" alt=\"\" width=\"1200\" height=\"879\" srcset=\"https:\/\/blog.erm.ee\/wp-content\/uploads\/2018\/05\/Renessaansskulptuur-_ERM_Fk_677_5.jpg 1200w, https:\/\/blog.erm.ee\/wp-content\/uploads\/2018\/05\/Renessaansskulptuur-_ERM_Fk_677_5-355x260.jpg 355w, https:\/\/blog.erm.ee\/wp-content\/uploads\/2018\/05\/Renessaansskulptuur-_ERM_Fk_677_5-300x220.jpg 300w, https:\/\/blog.erm.ee\/wp-content\/uploads\/2018\/05\/Renessaansskulptuur-_ERM_Fk_677_5-768x563.jpg 768w, https:\/\/blog.erm.ee\/wp-content\/uploads\/2018\/05\/Renessaansskulptuur-_ERM_Fk_677_5-1024x750.jpg 1024w\" sizes=\"auto, (max-width: 1200px) 100vw, 1200px\" \/><\/a><p id=\"caption-attachment-11411\" class=\"wp-caption-text\">Renessaansskulptuurid. ERM Fk 677:5<\/p><\/div>\n<p style=\"text-align: justify;\"><em>\u201eNagu renaissance kogu, on ka 41 numbrit sisaldav antiik skulptuuride kogu, mis aset\u00a0 on leidnud herrasmaja avaras ja valges pidusaalis, juhuslik [\u2026]. Siiski annab ta \u00fcldise ettekujutuse antiik skulptuuri iseloomust ja moodustab igatahes v\u00e4\u00e4rtusliku t\u00e4ienduse Tartu \u00dclikooli antiik-kunsti muuseumile.\u201c<\/em><a href=\"#_ftn16\" name=\"_ftnref16\">[16]<\/a><\/p>\n<div id=\"attachment_11412\" style=\"width: 1210px\" class=\"wp-caption aligncenter\"><a href=\"https:\/\/blog.erm.ee\/wp-content\/uploads\/2018\/05\/Antiikskulptuur_ERM_Fk_677_4.jpg\"><img loading=\"lazy\" decoding=\"async\" aria-describedby=\"caption-attachment-11412\" data-attachment-id=\"11412\" data-permalink=\"https:\/\/blog.erm.ee\/?attachment_id=11412#main\" data-orig-file=\"https:\/\/blog.erm.ee\/wp-content\/uploads\/2018\/05\/Antiikskulptuur_ERM_Fk_677_4.jpg\" data-orig-size=\"1200,853\" data-comments-opened=\"1\" data-image-meta=\"{&quot;aperture&quot;:&quot;0&quot;,&quot;credit&quot;:&quot;&quot;,&quot;camera&quot;:&quot;&quot;,&quot;caption&quot;:&quot;&quot;,&quot;created_timestamp&quot;:&quot;0&quot;,&quot;copyright&quot;:&quot;\\u00a9 Eesti Rahva Muuseum 2016&quot;,&quot;focal_length&quot;:&quot;0&quot;,&quot;iso&quot;:&quot;0&quot;,&quot;shutter_speed&quot;:&quot;0&quot;,&quot;title&quot;:&quot;&quot;,&quot;orientation&quot;:&quot;0&quot;}\" data-image-title=\"Antiikskulptuur_ERM_Fk_677_4\" data-image-description=\"\" data-image-caption=\"&lt;p&gt;Antiikskulptuur ERM Fk 677:4&lt;\/p&gt;\n\" data-large-file=\"https:\/\/blog.erm.ee\/wp-content\/uploads\/2018\/05\/Antiikskulptuur_ERM_Fk_677_4-1024x728.jpg\" class=\"size-full wp-image-11412\" src=\"https:\/\/blog.erm.ee\/wp-content\/uploads\/2018\/05\/Antiikskulptuur_ERM_Fk_677_4.jpg\" alt=\"\" width=\"1200\" height=\"853\" srcset=\"https:\/\/blog.erm.ee\/wp-content\/uploads\/2018\/05\/Antiikskulptuur_ERM_Fk_677_4.jpg 1200w, https:\/\/blog.erm.ee\/wp-content\/uploads\/2018\/05\/Antiikskulptuur_ERM_Fk_677_4-366x260.jpg 366w, https:\/\/blog.erm.ee\/wp-content\/uploads\/2018\/05\/Antiikskulptuur_ERM_Fk_677_4-300x213.jpg 300w, https:\/\/blog.erm.ee\/wp-content\/uploads\/2018\/05\/Antiikskulptuur_ERM_Fk_677_4-768x546.jpg 768w, https:\/\/blog.erm.ee\/wp-content\/uploads\/2018\/05\/Antiikskulptuur_ERM_Fk_677_4-1024x728.jpg 1024w\" sizes=\"auto, (max-width: 1200px) 100vw, 1200px\" \/><\/a><p id=\"caption-attachment-11412\" class=\"wp-caption-text\">Antiikskulptuur. ERM Fk 677:4<\/p><\/div>\n<p style=\"text-align: justify;\"><em>\u201eLaevalgusega varustatud (kahjuks siiski pimedas) maalide saalis on esitatud originaalides ainult k\u00f5rvaliste, suuremalt jaolt tundmata meistrite t\u00f6\u00f6d, p\u00e4\u00e4asjalikult hollandi, saksa ja itaalia koolist; nende k\u00f5rval on rida koopiaid vanade meistrite t\u00f6\u00f6dest. [\u2026] Balti-kunsti toas on esitatud p\u00e4\u00e4asjalikult balti saksa soost kunstnikkude t\u00f6\u00f6d. [\u2026] Eesti kunstnikkudest on esitatud vainult K\u00f6hler.\u201c<\/em><a href=\"#_ftn17\" name=\"_ftnref17\">[17]<\/a><\/p>\n<div id=\"attachment_11413\" style=\"width: 1210px\" class=\"wp-caption aligncenter\"><a href=\"https:\/\/blog.erm.ee\/wp-content\/uploads\/2018\/05\/Vanemad-maalid-pildigaleriis_ERM_Fk_677_9.jpg\"><img loading=\"lazy\" decoding=\"async\" aria-describedby=\"caption-attachment-11413\" data-attachment-id=\"11413\" data-permalink=\"https:\/\/blog.erm.ee\/?attachment_id=11413#main\" data-orig-file=\"https:\/\/blog.erm.ee\/wp-content\/uploads\/2018\/05\/Vanemad-maalid-pildigaleriis_ERM_Fk_677_9.jpg\" data-orig-size=\"1200,853\" data-comments-opened=\"1\" data-image-meta=\"{&quot;aperture&quot;:&quot;0&quot;,&quot;credit&quot;:&quot;&quot;,&quot;camera&quot;:&quot;&quot;,&quot;caption&quot;:&quot;&quot;,&quot;created_timestamp&quot;:&quot;0&quot;,&quot;copyright&quot;:&quot;\\u00a9 Eesti Rahva Muuseum 2016&quot;,&quot;focal_length&quot;:&quot;0&quot;,&quot;iso&quot;:&quot;0&quot;,&quot;shutter_speed&quot;:&quot;0&quot;,&quot;title&quot;:&quot;&quot;,&quot;orientation&quot;:&quot;0&quot;}\" data-image-title=\"Vanemad maalid pildigaleriis_ERM_Fk_677_9\" data-image-description=\"\" data-image-caption=\"&lt;p&gt;Vanemad maalid pildigaleriis. ERM Fk 677:9&lt;\/p&gt;\n\" data-large-file=\"https:\/\/blog.erm.ee\/wp-content\/uploads\/2018\/05\/Vanemad-maalid-pildigaleriis_ERM_Fk_677_9-1024x728.jpg\" class=\"size-full wp-image-11413\" src=\"https:\/\/blog.erm.ee\/wp-content\/uploads\/2018\/05\/Vanemad-maalid-pildigaleriis_ERM_Fk_677_9.jpg\" alt=\"\" width=\"1200\" height=\"853\" srcset=\"https:\/\/blog.erm.ee\/wp-content\/uploads\/2018\/05\/Vanemad-maalid-pildigaleriis_ERM_Fk_677_9.jpg 1200w, https:\/\/blog.erm.ee\/wp-content\/uploads\/2018\/05\/Vanemad-maalid-pildigaleriis_ERM_Fk_677_9-366x260.jpg 366w, https:\/\/blog.erm.ee\/wp-content\/uploads\/2018\/05\/Vanemad-maalid-pildigaleriis_ERM_Fk_677_9-300x213.jpg 300w, https:\/\/blog.erm.ee\/wp-content\/uploads\/2018\/05\/Vanemad-maalid-pildigaleriis_ERM_Fk_677_9-768x546.jpg 768w, https:\/\/blog.erm.ee\/wp-content\/uploads\/2018\/05\/Vanemad-maalid-pildigaleriis_ERM_Fk_677_9-1024x728.jpg 1024w\" sizes=\"auto, (max-width: 1200px) 100vw, 1200px\" \/><\/a><p id=\"caption-attachment-11413\" class=\"wp-caption-text\">Vanemad maalid pildigaleriis. ERM Fk 677:9<\/p><\/div>\n<p style=\"text-align: justify;\">Tasub muidugi mainida, et Raadi n\u00e4itusel oli eksponeeritud vaid 2000 eset, mis polnud \u00fchte k\u00fcmnendikkugi sellest, mis muuseumi kogudesse tollal kuulus.<a href=\"#_ftn18\" name=\"_ftnref18\">[18]<\/a> ERMi kogud on 95 aastaga muidugi j\u00f5udsalt t\u00e4ienenud, mist\u00f5ttu muuseumi praegustel n\u00e4itustel on v\u00e4ljas umbes 2% esemetest. K\u00fcll aga on ERMi rikkalike kogudega v\u00f5imalik tutvuda <a href=\"https:\/\/www.muis.ee\/\">MuISi<\/a> vahendusel, kui muisimine v\u00e4hegi k\u00e4pas.<\/p>\n<p style=\"text-align: justify;\">Paralleele ja seoseid 1923. aasta ja 2018. aasta Raadil asuva ERMiga tekkis selle ajakirjandusliku ekskursiooni k\u00e4igus lugematul arvul. Lisaks asukohale, kolimisele, kogude ja v\u00e4ljapanekute suhtele, muuseumirahva kattuvatele vaadetele ja unistustele tundus enamat kui pelk kokkusattumus ka see, et 1923. aasta Odamehe erinumbris oli Aleksis Kivi romaanist \u201eSeitse venda\u201c toodud ka katke \u201eSeitse venda saunas\u201c. On ju neljal kuul soome-ugri n\u00e4ituseala olnud nii teatri- kui ka saunalavaks aegruumis r\u00e4ndavale seitsmele vennale. Niisamuti oli tuttav tundmus, mida kirjeldas Tallgren, ning mis mind valdas muuseumi uusi ekspositsioone 2016. aastal esmakordselt k\u00fclastades: \u201eVaatlejad elavad l\u00e4bi selle vagusais rahulikes saales l\u00e4ind aastasajad \u00fcksteise j\u00e4rele ja s\u00e4\u00e4lt saab eesti noorsugu alati s\u00fctitavat \u00f5hutust, et p\u00fcsida oma rahva v\u00e4\u00e4rilisena inimesena ja kodanikuna.\u201d<a href=\"#_ftn7\" name=\"_ftnref7\">[7]<\/a><\/p>\n<hr \/>\n<h3>Viited<\/h3>\n<p style=\"text-align: justify;\"><a href=\"#_ftnref1\" name=\"_ftn1\">[1]<\/a> Marleen Metslaid 2009: 109-110<\/p>\n<p style=\"text-align: justify;\"><a href=\"#_ftnref2\" name=\"_ftn2\">[2]<\/a> Samas<\/p>\n<p style=\"text-align: justify;\"><a href=\"#_ftnref3\" name=\"_ftn3\">[3]<\/a>\u00a0 Pseud. V. V. 1923: 221<\/p>\n<p style=\"text-align: justify;\"><a href=\"#_ftnref4\" name=\"_ftn4\">[4]<\/a> Metslaid 2009: 114\u2013115<\/p>\n<p style=\"text-align: justify;\"><a href=\"#_ftnref5\" name=\"_ftn5\">[5]<\/a> Odamees, 1923 veebr, nr 2. K\u00e4ttesaadav: <a href=\"http:\/\/www.digar.ee\/arhiiv\/et\/perioodika\/25573\">www.digar.ee\/arhiiv\/et\/perioodika\/25573<\/a><\/p>\n<p style=\"text-align: justify;\"><a href=\"#_ftnref6\" name=\"_ftn6\">[6]<\/a> Odamees, 1923 juuli, nr 7. K\u00e4ttesaadav: <a href=\"http:\/\/www.digar.ee\/arhiiv\/et\/perioodika\/25578\">www.digar.ee\/arhiiv\/et\/perioodika\/25578<\/a><\/p>\n<p style=\"text-align: justify;\"><a href=\"#_ftnref7\" name=\"_ftn7\">[7]<\/a> Tallgren 1923: 42<\/p>\n<p style=\"text-align: justify;\"><a href=\"#_ftnref8\" name=\"_ftn8\">[8]<\/a> Manninen 1923: 44<\/p>\n<p style=\"text-align: justify;\"><a href=\"#_ftnref9\" name=\"_ftn9\">[9]<\/a>\u00a0 Samas<\/p>\n<p style=\"text-align: justify;\"><a href=\"#_ftnref10\" name=\"_ftn10\">[10]<\/a> Samas<\/p>\n<p style=\"text-align: justify;\"><a href=\"#_ftnref11\" name=\"_ftn11\">[11]<\/a> Manninen 1923: 45<\/p>\n<p style=\"text-align: justify;\"><a href=\"#_ftnref12\" name=\"_ftn12\">[12]<\/a> Samas<\/p>\n<p style=\"text-align: justify;\"><a href=\"#_ftnref13\" name=\"_ftn13\">[13]<\/a> Manninen 1923: 46<\/p>\n<p style=\"text-align: justify;\"><a href=\"#_ftnref14\" name=\"_ftn14\">[14]<\/a> V. V. 1923: 221-222<\/p>\n<p style=\"text-align: justify;\"><a href=\"#_ftnref15\" name=\"_ftn15\">[15]<\/a> Samas.<\/p>\n<p style=\"text-align: justify;\"><a href=\"#_ftnref16\" name=\"_ftn16\">[16]<\/a> Samas<\/p>\n<p style=\"text-align: justify;\"><a href=\"#_ftnref17\" name=\"_ftn17\">[17]<\/a> Samas<\/p>\n<p style=\"text-align: justify;\"><a href=\"#_ftnref18\" name=\"_ftn18\">[18]<\/a> Manninen 1923: 46<\/p>\n<h3>Kasutatud kirjandus:<\/h3>\n<p>Manninen, Ilmari 1923. Rahvateaduslik osakond Eesti Rahva Muuseumis. &#8211; <em>Odamees<\/em>, nr 2: 44-46<\/p>\n<p>Metslaid, Marleen 2009. <em>Eesti Rahva Muuseumi 100 aastat<\/em>. Tartu: Tallinna Raamatutrpkikoda, 104-116<\/p>\n<p>Tallgren, A. M. 1923. Eesti muuseum ja soome-ugri teaduse alad. &#8211; <em>Odamees<\/em>, nr 2: 41-43<\/p>\n<p>Pseud. V.V. 1923. Eesti Rahva muuseumi kunsti- ja kultuurlooline osakond. &#8211; <em>Odamees<\/em>, nr 7:221-223<\/p>\n<div class=\"fcbkbttn_buttons_block\" id=\"fcbkbttn_left\"><div class=\"fcbkbttn_like \"><fb:like href=\"https:\/\/blog.erm.ee\/?p=11401\" action=\"like\" colorscheme=\"light\" layout=\"standard\"  width=\"225px\" size=\"small\"><\/fb:like><\/div><div class=\"fb-share-button  \" data-href=\"https:\/\/blog.erm.ee\/?p=11401\" data-type=\"button\" data-size=\"small\"><\/div><\/div>","protected":false},"excerpt":{"rendered":"<p>Maarja Vaikmaa, sisuturunduse spetsialist 95 aastat tagasi, 13. mail 1923 avas Eesti Rahva Muuseum toonases uues kodus, Raadi m\u00f5isas k\u00fclastajatele oma uksed ja osati ka esimese ajutise n\u00e4ituse. P\u00e4rast aastaid kitsastes \u00fc\u00fcriruumides toimetamist ja oma maja otsinguid sai ERM 1922. aasta alguseks enda valdusse m\u00f5isa esimese korruse, teine ja sobivam osa j\u00e4i kokkuleppe alusel 1923.&hellip;<\/p>\n","protected":false},"author":1,"featured_media":11405,"comment_status":"open","ping_status":"open","sticky":false,"template":"","format":"standard","meta":{"_monsterinsights_skip_tracking":false,"_monsterinsights_sitenote_active":false,"_monsterinsights_sitenote_note":"","_monsterinsights_sitenote_category":0,"jetpack_post_was_ever_published":false,"_jetpack_newsletter_access":"","_jetpack_dont_email_post_to_subs":false,"_jetpack_newsletter_tier_id":0,"_jetpack_memberships_contains_paywalled_content":false,"_jetpack_memberships_contains_paid_content":false,"footnotes":""},"categories":[6,7],"tags":[],"class_list":["post-11401","post","type-post","status-publish","format-standard","has-post-thumbnail","hentry","category-foto","category-naitus"],"yoast_head":"<!-- This site is optimized with the Yoast SEO plugin v27.5 - https:\/\/yoast.com\/product\/yoast-seo-wordpress\/ -->\n<title>ERMi esimesel n\u00e4itusel Raadil - Eesti Rahva Muuseumi ajaveeb<\/title>\n<meta name=\"robots\" content=\"index, follow, max-snippet:-1, max-image-preview:large, max-video-preview:-1\" \/>\n<link rel=\"canonical\" href=\"https:\/\/blog.erm.ee\/?p=11401\" \/>\n<meta property=\"og:locale\" content=\"et_EE\" \/>\n<meta property=\"og:type\" content=\"article\" \/>\n<meta property=\"og:title\" content=\"ERMi esimesel n\u00e4itusel Raadil - Eesti Rahva Muuseumi ajaveeb\" \/>\n<meta property=\"og:description\" content=\"Maarja Vaikmaa, sisuturunduse spetsialist 95 aastat tagasi, 13. mail 1923 avas Eesti Rahva Muuseum toonases uues kodus, Raadi m\u00f5isas k\u00fclastajatele oma uksed ja osati ka esimese ajutise n\u00e4ituse. P\u00e4rast aastaid kitsastes \u00fc\u00fcriruumides toimetamist ja oma maja otsinguid sai ERM 1922. aasta alguseks enda valdusse m\u00f5isa esimese korruse, teine ja sobivam osa j\u00e4i kokkuleppe alusel 1923.&hellip;\" \/>\n<meta property=\"og:url\" content=\"https:\/\/blog.erm.ee\/?p=11401\" \/>\n<meta property=\"og:site_name\" content=\"Eesti Rahva Muuseumi ajaveeb\" \/>\n<meta property=\"article:published_time\" content=\"2018-05-17T14:34:41+00:00\" \/>\n<meta property=\"article:modified_time\" content=\"2018-05-17T18:12:19+00:00\" \/>\n<meta property=\"og:image\" content=\"https:\/\/blog.erm.ee\/wp-content\/uploads\/2018\/05\/ERMFk1126_16_1_pisipilt_edited.jpg\" \/>\n\t<meta property=\"og:image:width\" content=\"1120\" \/>\n\t<meta property=\"og:image:height\" content=\"715\" \/>\n\t<meta property=\"og:image:type\" content=\"image\/jpeg\" \/>\n<meta name=\"author\" content=\"Eesti Rahva Muuseum\" \/>\n<meta name=\"twitter:card\" content=\"summary_large_image\" \/>\n<meta name=\"twitter:label1\" content=\"Written by\" \/>\n\t<meta name=\"twitter:data1\" content=\"Eesti Rahva Muuseum\" \/>\n\t<meta name=\"twitter:label2\" content=\"Est. reading time\" \/>\n\t<meta name=\"twitter:data2\" content=\"6 minutit\" \/>\n<script type=\"application\/ld+json\" class=\"yoast-schema-graph\">{\"@context\":\"https:\\\/\\\/schema.org\",\"@graph\":[{\"@type\":\"Article\",\"@id\":\"https:\\\/\\\/blog.erm.ee\\\/?p=11401#article\",\"isPartOf\":{\"@id\":\"https:\\\/\\\/blog.erm.ee\\\/?p=11401\"},\"author\":{\"name\":\"Eesti Rahva Muuseum\",\"@id\":\"https:\\\/\\\/blog.erm.ee\\\/#\\\/schema\\\/person\\\/6e98c391cb00a33e7c22a3571e062114\"},\"headline\":\"ERMi esimesel n\u00e4itusel Raadil\",\"datePublished\":\"2018-05-17T14:34:41+00:00\",\"dateModified\":\"2018-05-17T18:12:19+00:00\",\"mainEntityOfPage\":{\"@id\":\"https:\\\/\\\/blog.erm.ee\\\/?p=11401\"},\"wordCount\":1289,\"commentCount\":0,\"image\":{\"@id\":\"https:\\\/\\\/blog.erm.ee\\\/?p=11401#primaryimage\"},\"thumbnailUrl\":\"https:\\\/\\\/blog.erm.ee\\\/wp-content\\\/uploads\\\/2018\\\/05\\\/ERMFk1126_16_1_pisipilt_edited.jpg\",\"articleSection\":[\"Foto\",\"N\u00e4itus\"],\"inLanguage\":\"et\",\"potentialAction\":[{\"@type\":\"CommentAction\",\"name\":\"Comment\",\"target\":[\"https:\\\/\\\/blog.erm.ee\\\/?p=11401#respond\"]}]},{\"@type\":\"WebPage\",\"@id\":\"https:\\\/\\\/blog.erm.ee\\\/?p=11401\",\"url\":\"https:\\\/\\\/blog.erm.ee\\\/?p=11401\",\"name\":\"ERMi esimesel n\u00e4itusel Raadil - Eesti Rahva Muuseumi ajaveeb\",\"isPartOf\":{\"@id\":\"https:\\\/\\\/blog.erm.ee\\\/#website\"},\"primaryImageOfPage\":{\"@id\":\"https:\\\/\\\/blog.erm.ee\\\/?p=11401#primaryimage\"},\"image\":{\"@id\":\"https:\\\/\\\/blog.erm.ee\\\/?p=11401#primaryimage\"},\"thumbnailUrl\":\"https:\\\/\\\/blog.erm.ee\\\/wp-content\\\/uploads\\\/2018\\\/05\\\/ERMFk1126_16_1_pisipilt_edited.jpg\",\"datePublished\":\"2018-05-17T14:34:41+00:00\",\"dateModified\":\"2018-05-17T18:12:19+00:00\",\"author\":{\"@id\":\"https:\\\/\\\/blog.erm.ee\\\/#\\\/schema\\\/person\\\/6e98c391cb00a33e7c22a3571e062114\"},\"breadcrumb\":{\"@id\":\"https:\\\/\\\/blog.erm.ee\\\/?p=11401#breadcrumb\"},\"inLanguage\":\"et\",\"potentialAction\":[{\"@type\":\"ReadAction\",\"target\":[\"https:\\\/\\\/blog.erm.ee\\\/?p=11401\"]}]},{\"@type\":\"ImageObject\",\"inLanguage\":\"et\",\"@id\":\"https:\\\/\\\/blog.erm.ee\\\/?p=11401#primaryimage\",\"url\":\"https:\\\/\\\/blog.erm.ee\\\/wp-content\\\/uploads\\\/2018\\\/05\\\/ERMFk1126_16_1_pisipilt_edited.jpg\",\"contentUrl\":\"https:\\\/\\\/blog.erm.ee\\\/wp-content\\\/uploads\\\/2018\\\/05\\\/ERMFk1126_16_1_pisipilt_edited.jpg\",\"width\":1120,\"height\":715,\"caption\":\"Eesti Rahva Muuseum. Tartu. ERM Fk 1126:16\"},{\"@type\":\"BreadcrumbList\",\"@id\":\"https:\\\/\\\/blog.erm.ee\\\/?p=11401#breadcrumb\",\"itemListElement\":[{\"@type\":\"ListItem\",\"position\":1,\"name\":\"Home\",\"item\":\"https:\\\/\\\/blog.erm.ee\\\/\"},{\"@type\":\"ListItem\",\"position\":2,\"name\":\"ERMi esimesel n\u00e4itusel Raadil\"}]},{\"@type\":\"WebSite\",\"@id\":\"https:\\\/\\\/blog.erm.ee\\\/#website\",\"url\":\"https:\\\/\\\/blog.erm.ee\\\/\",\"name\":\"Eesti Rahva Muuseumi ajaveeb\",\"description\":\"\",\"potentialAction\":[{\"@type\":\"SearchAction\",\"target\":{\"@type\":\"EntryPoint\",\"urlTemplate\":\"https:\\\/\\\/blog.erm.ee\\\/?s={search_term_string}\"},\"query-input\":{\"@type\":\"PropertyValueSpecification\",\"valueRequired\":true,\"valueName\":\"search_term_string\"}}],\"inLanguage\":\"et\"},{\"@type\":\"Person\",\"@id\":\"https:\\\/\\\/blog.erm.ee\\\/#\\\/schema\\\/person\\\/6e98c391cb00a33e7c22a3571e062114\",\"name\":\"Eesti Rahva Muuseum\",\"image\":{\"@type\":\"ImageObject\",\"inLanguage\":\"et\",\"@id\":\"https:\\\/\\\/secure.gravatar.com\\\/avatar\\\/cb6d9ad5fb49f3f7315028ce5fe60641075f2cb52b8a058ff5a985fa2d8c1da0?s=96&d=mm&r=g\",\"url\":\"https:\\\/\\\/secure.gravatar.com\\\/avatar\\\/cb6d9ad5fb49f3f7315028ce5fe60641075f2cb52b8a058ff5a985fa2d8c1da0?s=96&d=mm&r=g\",\"contentUrl\":\"https:\\\/\\\/secure.gravatar.com\\\/avatar\\\/cb6d9ad5fb49f3f7315028ce5fe60641075f2cb52b8a058ff5a985fa2d8c1da0?s=96&d=mm&r=g\",\"caption\":\"Eesti Rahva Muuseum\"},\"sameAs\":[\"http:\\\/\\\/www.erm.ee\"],\"url\":\"https:\\\/\\\/blog.erm.ee\\\/?author=1\"}]}<\/script>\n<!-- \/ Yoast SEO plugin. -->","yoast_head_json":{"title":"ERMi esimesel n\u00e4itusel Raadil - Eesti Rahva Muuseumi ajaveeb","robots":{"index":"index","follow":"follow","max-snippet":"max-snippet:-1","max-image-preview":"max-image-preview:large","max-video-preview":"max-video-preview:-1"},"canonical":"https:\/\/blog.erm.ee\/?p=11401","og_locale":"et_EE","og_type":"article","og_title":"ERMi esimesel n\u00e4itusel Raadil - Eesti Rahva Muuseumi ajaveeb","og_description":"Maarja Vaikmaa, sisuturunduse spetsialist 95 aastat tagasi, 13. mail 1923 avas Eesti Rahva Muuseum toonases uues kodus, Raadi m\u00f5isas k\u00fclastajatele oma uksed ja osati ka esimese ajutise n\u00e4ituse. P\u00e4rast aastaid kitsastes \u00fc\u00fcriruumides toimetamist ja oma maja otsinguid sai ERM 1922. aasta alguseks enda valdusse m\u00f5isa esimese korruse, teine ja sobivam osa j\u00e4i kokkuleppe alusel 1923.&hellip;","og_url":"https:\/\/blog.erm.ee\/?p=11401","og_site_name":"Eesti Rahva Muuseumi ajaveeb","article_published_time":"2018-05-17T14:34:41+00:00","article_modified_time":"2018-05-17T18:12:19+00:00","og_image":[{"width":1120,"height":715,"url":"https:\/\/blog.erm.ee\/wp-content\/uploads\/2018\/05\/ERMFk1126_16_1_pisipilt_edited.jpg","type":"image\/jpeg"}],"author":"Eesti Rahva Muuseum","twitter_card":"summary_large_image","twitter_misc":{"Written by":"Eesti Rahva Muuseum","Est. reading time":"6 minutit"},"schema":{"@context":"https:\/\/schema.org","@graph":[{"@type":"Article","@id":"https:\/\/blog.erm.ee\/?p=11401#article","isPartOf":{"@id":"https:\/\/blog.erm.ee\/?p=11401"},"author":{"name":"Eesti Rahva Muuseum","@id":"https:\/\/blog.erm.ee\/#\/schema\/person\/6e98c391cb00a33e7c22a3571e062114"},"headline":"ERMi esimesel n\u00e4itusel Raadil","datePublished":"2018-05-17T14:34:41+00:00","dateModified":"2018-05-17T18:12:19+00:00","mainEntityOfPage":{"@id":"https:\/\/blog.erm.ee\/?p=11401"},"wordCount":1289,"commentCount":0,"image":{"@id":"https:\/\/blog.erm.ee\/?p=11401#primaryimage"},"thumbnailUrl":"https:\/\/blog.erm.ee\/wp-content\/uploads\/2018\/05\/ERMFk1126_16_1_pisipilt_edited.jpg","articleSection":["Foto","N\u00e4itus"],"inLanguage":"et","potentialAction":[{"@type":"CommentAction","name":"Comment","target":["https:\/\/blog.erm.ee\/?p=11401#respond"]}]},{"@type":"WebPage","@id":"https:\/\/blog.erm.ee\/?p=11401","url":"https:\/\/blog.erm.ee\/?p=11401","name":"ERMi esimesel n\u00e4itusel Raadil - Eesti Rahva Muuseumi ajaveeb","isPartOf":{"@id":"https:\/\/blog.erm.ee\/#website"},"primaryImageOfPage":{"@id":"https:\/\/blog.erm.ee\/?p=11401#primaryimage"},"image":{"@id":"https:\/\/blog.erm.ee\/?p=11401#primaryimage"},"thumbnailUrl":"https:\/\/blog.erm.ee\/wp-content\/uploads\/2018\/05\/ERMFk1126_16_1_pisipilt_edited.jpg","datePublished":"2018-05-17T14:34:41+00:00","dateModified":"2018-05-17T18:12:19+00:00","author":{"@id":"https:\/\/blog.erm.ee\/#\/schema\/person\/6e98c391cb00a33e7c22a3571e062114"},"breadcrumb":{"@id":"https:\/\/blog.erm.ee\/?p=11401#breadcrumb"},"inLanguage":"et","potentialAction":[{"@type":"ReadAction","target":["https:\/\/blog.erm.ee\/?p=11401"]}]},{"@type":"ImageObject","inLanguage":"et","@id":"https:\/\/blog.erm.ee\/?p=11401#primaryimage","url":"https:\/\/blog.erm.ee\/wp-content\/uploads\/2018\/05\/ERMFk1126_16_1_pisipilt_edited.jpg","contentUrl":"https:\/\/blog.erm.ee\/wp-content\/uploads\/2018\/05\/ERMFk1126_16_1_pisipilt_edited.jpg","width":1120,"height":715,"caption":"Eesti Rahva Muuseum. Tartu. ERM Fk 1126:16"},{"@type":"BreadcrumbList","@id":"https:\/\/blog.erm.ee\/?p=11401#breadcrumb","itemListElement":[{"@type":"ListItem","position":1,"name":"Home","item":"https:\/\/blog.erm.ee\/"},{"@type":"ListItem","position":2,"name":"ERMi esimesel n\u00e4itusel Raadil"}]},{"@type":"WebSite","@id":"https:\/\/blog.erm.ee\/#website","url":"https:\/\/blog.erm.ee\/","name":"Eesti Rahva Muuseumi ajaveeb","description":"","potentialAction":[{"@type":"SearchAction","target":{"@type":"EntryPoint","urlTemplate":"https:\/\/blog.erm.ee\/?s={search_term_string}"},"query-input":{"@type":"PropertyValueSpecification","valueRequired":true,"valueName":"search_term_string"}}],"inLanguage":"et"},{"@type":"Person","@id":"https:\/\/blog.erm.ee\/#\/schema\/person\/6e98c391cb00a33e7c22a3571e062114","name":"Eesti Rahva Muuseum","image":{"@type":"ImageObject","inLanguage":"et","@id":"https:\/\/secure.gravatar.com\/avatar\/cb6d9ad5fb49f3f7315028ce5fe60641075f2cb52b8a058ff5a985fa2d8c1da0?s=96&d=mm&r=g","url":"https:\/\/secure.gravatar.com\/avatar\/cb6d9ad5fb49f3f7315028ce5fe60641075f2cb52b8a058ff5a985fa2d8c1da0?s=96&d=mm&r=g","contentUrl":"https:\/\/secure.gravatar.com\/avatar\/cb6d9ad5fb49f3f7315028ce5fe60641075f2cb52b8a058ff5a985fa2d8c1da0?s=96&d=mm&r=g","caption":"Eesti Rahva Muuseum"},"sameAs":["http:\/\/www.erm.ee"],"url":"https:\/\/blog.erm.ee\/?author=1"}]}},"jetpack_featured_media_url":"https:\/\/blog.erm.ee\/wp-content\/uploads\/2018\/05\/ERMFk1126_16_1_pisipilt_edited.jpg","jetpack_shortlink":"https:\/\/wp.me\/p2l9Zd-2XT","jetpack_sharing_enabled":true,"jetpack_likes_enabled":true,"_links":{"self":[{"href":"https:\/\/blog.erm.ee\/index.php?rest_route=\/wp\/v2\/posts\/11401","targetHints":{"allow":["GET"]}}],"collection":[{"href":"https:\/\/blog.erm.ee\/index.php?rest_route=\/wp\/v2\/posts"}],"about":[{"href":"https:\/\/blog.erm.ee\/index.php?rest_route=\/wp\/v2\/types\/post"}],"author":[{"embeddable":true,"href":"https:\/\/blog.erm.ee\/index.php?rest_route=\/wp\/v2\/users\/1"}],"replies":[{"embeddable":true,"href":"https:\/\/blog.erm.ee\/index.php?rest_route=%2Fwp%2Fv2%2Fcomments&post=11401"}],"version-history":[{"count":16,"href":"https:\/\/blog.erm.ee\/index.php?rest_route=\/wp\/v2\/posts\/11401\/revisions"}],"predecessor-version":[{"id":11432,"href":"https:\/\/blog.erm.ee\/index.php?rest_route=\/wp\/v2\/posts\/11401\/revisions\/11432"}],"wp:featuredmedia":[{"embeddable":true,"href":"https:\/\/blog.erm.ee\/index.php?rest_route=\/wp\/v2\/media\/11405"}],"wp:attachment":[{"href":"https:\/\/blog.erm.ee\/index.php?rest_route=%2Fwp%2Fv2%2Fmedia&parent=11401"}],"wp:term":[{"taxonomy":"category","embeddable":true,"href":"https:\/\/blog.erm.ee\/index.php?rest_route=%2Fwp%2Fv2%2Fcategories&post=11401"},{"taxonomy":"post_tag","embeddable":true,"href":"https:\/\/blog.erm.ee\/index.php?rest_route=%2Fwp%2Fv2%2Ftags&post=11401"}],"curies":[{"name":"wp","href":"https:\/\/api.w.org\/{rel}","templated":true}]}}