{"id":11152,"date":"2018-03-22T01:41:04","date_gmt":"2018-03-21T23:41:04","guid":{"rendered":"http:\/\/blog.erm.ee\/?p=11152"},"modified":"2018-03-22T01:49:38","modified_gmt":"2018-03-21T23:49:38","slug":"vaata-meie-kooki-eesti-rahva-muuseumi-kogude-osakonna-videoblogi","status":"publish","type":"post","link":"https:\/\/blog.erm.ee\/?p=11152","title":{"rendered":"Vaata meie k\u00f6\u00f6ki. Eesti Rahva Muuseumi kogude osakonna videoblogi"},"content":{"rendered":"<div class=\"fcbkbttn_buttons_block\" id=\"fcbkbttn_left\"><div class=\"fcbkbttn_like \"><fb:like href=\"https:\/\/blog.erm.ee\/?p=11152\" action=\"like\" colorscheme=\"light\" layout=\"standard\"  width=\"225px\" size=\"small\"><\/fb:like><\/div><div class=\"fb-share-button  \" data-href=\"https:\/\/blog.erm.ee\/?p=11152\" data-type=\"button\" data-size=\"small\"><\/div><\/div><p><em>ERMi kogude osakond, koguhoidjad ja arhivaarid<br \/>\n<\/em><\/p>\n<p style=\"text-align: justify;\">ERMi kogude teenrid on imekspandavalt armukadedad. Kogud on meie omand, meie hoitud lapsuke. Iga kallalekippumine sellele \u00e4rritab meid. Kogujaid-kollektsion\u00e4\u00e4re-varahoidjaid on sageli kujutatud tugeva omandiinstinktiga kodanikena, kes oma varasid kellelegi n\u00e4idata ei taha. Eks see ole lihtsalt \u00fcks \u00e4\u00e4rmus, selle k\u00f5rval pesitseb ka soov \u201eoma\u201c asjadega uhkeldada, neid n\u00e4idata ja kiita.<\/p>\n<p style=\"text-align: justify;\">Mis on kogude osakond? Kes on koguhoidja? Arhivaar? Mida nad \u00fcldse teevad? T\u00e4iesti \u00f5igustatud k\u00fcsimused. Ebaterve huvi teiste tegemiste vastu on tore. Ilma ebaterve huvi ja uudishimuta muuseume poleks.<\/p>\n<p style=\"text-align: justify;\">Loodame, et see kujuneb kohaks, kust hakkad saama m\u00f5ningaid vastuseid ning leiad huvitavat vaatamist. K\u00f5ik videoblogi lood leiad ka ERMi <a href=\"http:\/\/www.erm.ee\/et\/content\/kogude-osakonna-videoblogi\">kodulehelt<\/a> ja <a href=\"https:\/\/www.youtube.com\/watch?v=sx7d2gvlzQI&amp;index=1&amp;list=PLJqER6uJKnn4w5A_J8mDV_jxyKn6GC6Sc&amp;t=0s\">YouTube<\/a>&#8217;ist.<\/p>\n<p style=\"text-align: justify;\">Esimene videolugu on ERMi kolimisest uude majja. ERMi kogude kolimisega kandideerisime Eesti muuseumide aasta koguhoidja tiitlile, see video ongi meie esitluslugu.<\/p>\n<p style=\"text-align: justify;\"><em>Kaamera: Karin Leivategija, Maido Selgm\u00e4e<br \/>\n<\/em><em>Montaa\u017e: Maido Selgm\u00e4e<\/em><\/p>\n<p><iframe loading=\"lazy\" src=\"https:\/\/www.youtube.com\/embed\/sx7d2gvlzQI?rel=0\" width=\"700\" height=\"400\" frameborder=\"0\" allowfullscreen=\"allowfullscreen\"><\/iframe><\/p>\n<div class=\"fcbkbttn_buttons_block\" id=\"fcbkbttn_left\"><div class=\"fcbkbttn_like \"><fb:like href=\"https:\/\/blog.erm.ee\/?p=11152\" action=\"like\" colorscheme=\"light\" layout=\"standard\"  width=\"225px\" size=\"small\"><\/fb:like><\/div><div class=\"fb-share-button  \" data-href=\"https:\/\/blog.erm.ee\/?p=11152\" data-type=\"button\" data-size=\"small\"><\/div><\/div>","protected":false},"excerpt":{"rendered":"<p>ERMi kogude osakond, koguhoidjad ja arhivaarid ERMi kogude teenrid on imekspandavalt armukadedad. Kogud on meie omand, meie hoitud lapsuke. Iga kallalekippumine sellele \u00e4rritab meid. Kogujaid-kollektsion\u00e4\u00e4re-varahoidjaid on sageli kujutatud tugeva omandiinstinktiga kodanikena, kes oma varasid kellelegi n\u00e4idata ei taha. Eks see ole lihtsalt \u00fcks \u00e4\u00e4rmus, selle k\u00f5rval pesitseb ka soov \u201eoma\u201c asjadega uhkeldada, neid n\u00e4idata ja&hellip;<\/p>\n","protected":false},"author":1,"featured_media":11158,"comment_status":"open","ping_status":"open","sticky":false,"template":"","format":"standard","meta":{"_monsterinsights_skip_tracking":false,"_monsterinsights_sitenote_active":false,"_monsterinsights_sitenote_note":"","_monsterinsights_sitenote_category":0,"jetpack_post_was_ever_published":false,"_jetpack_newsletter_access":"","_jetpack_dont_email_post_to_subs":false,"_jetpack_newsletter_tier_id":0,"_jetpack_memberships_contains_paywalled_content":false,"_jetpack_memberships_contains_paid_content":false,"footnotes":""},"categories":[33,17],"tags":[],"class_list":["post-11152","post","type-post","status-publish","format-standard","has-post-thumbnail","hentry","category-kogude-osakonna-videoblogi","category-uus-maja"],"yoast_head":"<!-- This site is optimized with the Yoast SEO plugin v27.5 - https:\/\/yoast.com\/product\/yoast-seo-wordpress\/ -->\n<title>Vaata meie k\u00f6\u00f6ki. Eesti Rahva Muuseumi kogude osakonna videoblogi - Eesti Rahva Muuseumi ajaveeb<\/title>\n<meta name=\"robots\" content=\"index, follow, max-snippet:-1, max-image-preview:large, max-video-preview:-1\" \/>\n<link rel=\"canonical\" href=\"https:\/\/blog.erm.ee\/?p=11152\" \/>\n<meta property=\"og:locale\" content=\"et_EE\" \/>\n<meta property=\"og:type\" content=\"article\" \/>\n<meta property=\"og:title\" content=\"Vaata meie k\u00f6\u00f6ki. Eesti Rahva Muuseumi kogude osakonna videoblogi - Eesti Rahva Muuseumi ajaveeb\" \/>\n<meta property=\"og:description\" content=\"ERMi kogude osakond, koguhoidjad ja arhivaarid ERMi kogude teenrid on imekspandavalt armukadedad. Kogud on meie omand, meie hoitud lapsuke. Iga kallalekippumine sellele \u00e4rritab meid. Kogujaid-kollektsion\u00e4\u00e4re-varahoidjaid on sageli kujutatud tugeva omandiinstinktiga kodanikena, kes oma varasid kellelegi n\u00e4idata ei taha. Eks see ole lihtsalt \u00fcks \u00e4\u00e4rmus, selle k\u00f5rval pesitseb ka soov \u201eoma\u201c asjadega uhkeldada, neid n\u00e4idata ja&hellip;\" \/>\n<meta property=\"og:url\" content=\"https:\/\/blog.erm.ee\/?p=11152\" \/>\n<meta property=\"og:site_name\" content=\"Eesti Rahva Muuseumi ajaveeb\" \/>\n<meta property=\"article:published_time\" content=\"2018-03-21T23:41:04+00:00\" \/>\n<meta property=\"article:modified_time\" content=\"2018-03-21T23:49:38+00:00\" \/>\n<meta property=\"og:image\" content=\"https:\/\/blog.erm.ee\/wp-content\/uploads\/2018\/03\/aa0287.jpg\" \/>\n\t<meta property=\"og:image:width\" content=\"1200\" \/>\n\t<meta property=\"og:image:height\" content=\"801\" \/>\n\t<meta property=\"og:image:type\" content=\"image\/jpeg\" \/>\n<meta name=\"author\" content=\"Eesti Rahva Muuseum\" \/>\n<meta name=\"twitter:card\" content=\"summary_large_image\" \/>\n<meta name=\"twitter:label1\" content=\"Written by\" \/>\n\t<meta name=\"twitter:data1\" content=\"Eesti Rahva Muuseum\" \/>\n\t<meta name=\"twitter:label2\" content=\"Est. reading time\" \/>\n\t<meta name=\"twitter:data2\" content=\"1 minut\" \/>\n<script type=\"application\/ld+json\" class=\"yoast-schema-graph\">{\"@context\":\"https:\\\/\\\/schema.org\",\"@graph\":[{\"@type\":\"Article\",\"@id\":\"https:\\\/\\\/blog.erm.ee\\\/?p=11152#article\",\"isPartOf\":{\"@id\":\"https:\\\/\\\/blog.erm.ee\\\/?p=11152\"},\"author\":{\"name\":\"Eesti Rahva Muuseum\",\"@id\":\"https:\\\/\\\/blog.erm.ee\\\/#\\\/schema\\\/person\\\/6e98c391cb00a33e7c22a3571e062114\"},\"headline\":\"Vaata meie k\u00f6\u00f6ki. Eesti Rahva Muuseumi kogude osakonna videoblogi\",\"datePublished\":\"2018-03-21T23:41:04+00:00\",\"dateModified\":\"2018-03-21T23:49:38+00:00\",\"mainEntityOfPage\":{\"@id\":\"https:\\\/\\\/blog.erm.ee\\\/?p=11152\"},\"wordCount\":158,\"commentCount\":0,\"image\":{\"@id\":\"https:\\\/\\\/blog.erm.ee\\\/?p=11152#primaryimage\"},\"thumbnailUrl\":\"https:\\\/\\\/blog.erm.ee\\\/wp-content\\\/uploads\\\/2018\\\/03\\\/aa0287.jpg\",\"articleSection\":[\"Kogude osakonna videoblogi\",\"Uus maja\"],\"inLanguage\":\"et\",\"potentialAction\":[{\"@type\":\"CommentAction\",\"name\":\"Comment\",\"target\":[\"https:\\\/\\\/blog.erm.ee\\\/?p=11152#respond\"]}]},{\"@type\":\"WebPage\",\"@id\":\"https:\\\/\\\/blog.erm.ee\\\/?p=11152\",\"url\":\"https:\\\/\\\/blog.erm.ee\\\/?p=11152\",\"name\":\"Vaata meie k\u00f6\u00f6ki. Eesti Rahva Muuseumi kogude osakonna videoblogi - Eesti Rahva Muuseumi ajaveeb\",\"isPartOf\":{\"@id\":\"https:\\\/\\\/blog.erm.ee\\\/#website\"},\"primaryImageOfPage\":{\"@id\":\"https:\\\/\\\/blog.erm.ee\\\/?p=11152#primaryimage\"},\"image\":{\"@id\":\"https:\\\/\\\/blog.erm.ee\\\/?p=11152#primaryimage\"},\"thumbnailUrl\":\"https:\\\/\\\/blog.erm.ee\\\/wp-content\\\/uploads\\\/2018\\\/03\\\/aa0287.jpg\",\"datePublished\":\"2018-03-21T23:41:04+00:00\",\"dateModified\":\"2018-03-21T23:49:38+00:00\",\"author\":{\"@id\":\"https:\\\/\\\/blog.erm.ee\\\/#\\\/schema\\\/person\\\/6e98c391cb00a33e7c22a3571e062114\"},\"breadcrumb\":{\"@id\":\"https:\\\/\\\/blog.erm.ee\\\/?p=11152#breadcrumb\"},\"inLanguage\":\"et\",\"potentialAction\":[{\"@type\":\"ReadAction\",\"target\":[\"https:\\\/\\\/blog.erm.ee\\\/?p=11152\"]}]},{\"@type\":\"ImageObject\",\"inLanguage\":\"et\",\"@id\":\"https:\\\/\\\/blog.erm.ee\\\/?p=11152#primaryimage\",\"url\":\"https:\\\/\\\/blog.erm.ee\\\/wp-content\\\/uploads\\\/2018\\\/03\\\/aa0287.jpg\",\"contentUrl\":\"https:\\\/\\\/blog.erm.ee\\\/wp-content\\\/uploads\\\/2018\\\/03\\\/aa0287.jpg\",\"width\":1200,\"height\":801},{\"@type\":\"BreadcrumbList\",\"@id\":\"https:\\\/\\\/blog.erm.ee\\\/?p=11152#breadcrumb\",\"itemListElement\":[{\"@type\":\"ListItem\",\"position\":1,\"name\":\"Home\",\"item\":\"https:\\\/\\\/blog.erm.ee\\\/\"},{\"@type\":\"ListItem\",\"position\":2,\"name\":\"Vaata meie k\u00f6\u00f6ki. Eesti Rahva Muuseumi kogude osakonna videoblogi\"}]},{\"@type\":\"WebSite\",\"@id\":\"https:\\\/\\\/blog.erm.ee\\\/#website\",\"url\":\"https:\\\/\\\/blog.erm.ee\\\/\",\"name\":\"Eesti Rahva Muuseumi ajaveeb\",\"description\":\"\",\"potentialAction\":[{\"@type\":\"SearchAction\",\"target\":{\"@type\":\"EntryPoint\",\"urlTemplate\":\"https:\\\/\\\/blog.erm.ee\\\/?s={search_term_string}\"},\"query-input\":{\"@type\":\"PropertyValueSpecification\",\"valueRequired\":true,\"valueName\":\"search_term_string\"}}],\"inLanguage\":\"et\"},{\"@type\":\"Person\",\"@id\":\"https:\\\/\\\/blog.erm.ee\\\/#\\\/schema\\\/person\\\/6e98c391cb00a33e7c22a3571e062114\",\"name\":\"Eesti Rahva Muuseum\",\"image\":{\"@type\":\"ImageObject\",\"inLanguage\":\"et\",\"@id\":\"https:\\\/\\\/secure.gravatar.com\\\/avatar\\\/cb6d9ad5fb49f3f7315028ce5fe60641075f2cb52b8a058ff5a985fa2d8c1da0?s=96&d=mm&r=g\",\"url\":\"https:\\\/\\\/secure.gravatar.com\\\/avatar\\\/cb6d9ad5fb49f3f7315028ce5fe60641075f2cb52b8a058ff5a985fa2d8c1da0?s=96&d=mm&r=g\",\"contentUrl\":\"https:\\\/\\\/secure.gravatar.com\\\/avatar\\\/cb6d9ad5fb49f3f7315028ce5fe60641075f2cb52b8a058ff5a985fa2d8c1da0?s=96&d=mm&r=g\",\"caption\":\"Eesti Rahva Muuseum\"},\"sameAs\":[\"http:\\\/\\\/www.erm.ee\"],\"url\":\"https:\\\/\\\/blog.erm.ee\\\/?author=1\"}]}<\/script>\n<!-- \/ Yoast SEO plugin. -->","yoast_head_json":{"title":"Vaata meie k\u00f6\u00f6ki. Eesti Rahva Muuseumi kogude osakonna videoblogi - Eesti Rahva Muuseumi ajaveeb","robots":{"index":"index","follow":"follow","max-snippet":"max-snippet:-1","max-image-preview":"max-image-preview:large","max-video-preview":"max-video-preview:-1"},"canonical":"https:\/\/blog.erm.ee\/?p=11152","og_locale":"et_EE","og_type":"article","og_title":"Vaata meie k\u00f6\u00f6ki. Eesti Rahva Muuseumi kogude osakonna videoblogi - Eesti Rahva Muuseumi ajaveeb","og_description":"ERMi kogude osakond, koguhoidjad ja arhivaarid ERMi kogude teenrid on imekspandavalt armukadedad. Kogud on meie omand, meie hoitud lapsuke. Iga kallalekippumine sellele \u00e4rritab meid. Kogujaid-kollektsion\u00e4\u00e4re-varahoidjaid on sageli kujutatud tugeva omandiinstinktiga kodanikena, kes oma varasid kellelegi n\u00e4idata ei taha. Eks see ole lihtsalt \u00fcks \u00e4\u00e4rmus, selle k\u00f5rval pesitseb ka soov \u201eoma\u201c asjadega uhkeldada, neid n\u00e4idata ja&hellip;","og_url":"https:\/\/blog.erm.ee\/?p=11152","og_site_name":"Eesti Rahva Muuseumi ajaveeb","article_published_time":"2018-03-21T23:41:04+00:00","article_modified_time":"2018-03-21T23:49:38+00:00","og_image":[{"width":1200,"height":801,"url":"https:\/\/blog.erm.ee\/wp-content\/uploads\/2018\/03\/aa0287.jpg","type":"image\/jpeg"}],"author":"Eesti Rahva Muuseum","twitter_card":"summary_large_image","twitter_misc":{"Written by":"Eesti Rahva Muuseum","Est. reading time":"1 minut"},"schema":{"@context":"https:\/\/schema.org","@graph":[{"@type":"Article","@id":"https:\/\/blog.erm.ee\/?p=11152#article","isPartOf":{"@id":"https:\/\/blog.erm.ee\/?p=11152"},"author":{"name":"Eesti Rahva Muuseum","@id":"https:\/\/blog.erm.ee\/#\/schema\/person\/6e98c391cb00a33e7c22a3571e062114"},"headline":"Vaata meie k\u00f6\u00f6ki. Eesti Rahva Muuseumi kogude osakonna videoblogi","datePublished":"2018-03-21T23:41:04+00:00","dateModified":"2018-03-21T23:49:38+00:00","mainEntityOfPage":{"@id":"https:\/\/blog.erm.ee\/?p=11152"},"wordCount":158,"commentCount":0,"image":{"@id":"https:\/\/blog.erm.ee\/?p=11152#primaryimage"},"thumbnailUrl":"https:\/\/blog.erm.ee\/wp-content\/uploads\/2018\/03\/aa0287.jpg","articleSection":["Kogude osakonna videoblogi","Uus maja"],"inLanguage":"et","potentialAction":[{"@type":"CommentAction","name":"Comment","target":["https:\/\/blog.erm.ee\/?p=11152#respond"]}]},{"@type":"WebPage","@id":"https:\/\/blog.erm.ee\/?p=11152","url":"https:\/\/blog.erm.ee\/?p=11152","name":"Vaata meie k\u00f6\u00f6ki. Eesti Rahva Muuseumi kogude osakonna videoblogi - Eesti Rahva Muuseumi ajaveeb","isPartOf":{"@id":"https:\/\/blog.erm.ee\/#website"},"primaryImageOfPage":{"@id":"https:\/\/blog.erm.ee\/?p=11152#primaryimage"},"image":{"@id":"https:\/\/blog.erm.ee\/?p=11152#primaryimage"},"thumbnailUrl":"https:\/\/blog.erm.ee\/wp-content\/uploads\/2018\/03\/aa0287.jpg","datePublished":"2018-03-21T23:41:04+00:00","dateModified":"2018-03-21T23:49:38+00:00","author":{"@id":"https:\/\/blog.erm.ee\/#\/schema\/person\/6e98c391cb00a33e7c22a3571e062114"},"breadcrumb":{"@id":"https:\/\/blog.erm.ee\/?p=11152#breadcrumb"},"inLanguage":"et","potentialAction":[{"@type":"ReadAction","target":["https:\/\/blog.erm.ee\/?p=11152"]}]},{"@type":"ImageObject","inLanguage":"et","@id":"https:\/\/blog.erm.ee\/?p=11152#primaryimage","url":"https:\/\/blog.erm.ee\/wp-content\/uploads\/2018\/03\/aa0287.jpg","contentUrl":"https:\/\/blog.erm.ee\/wp-content\/uploads\/2018\/03\/aa0287.jpg","width":1200,"height":801},{"@type":"BreadcrumbList","@id":"https:\/\/blog.erm.ee\/?p=11152#breadcrumb","itemListElement":[{"@type":"ListItem","position":1,"name":"Home","item":"https:\/\/blog.erm.ee\/"},{"@type":"ListItem","position":2,"name":"Vaata meie k\u00f6\u00f6ki. Eesti Rahva Muuseumi kogude osakonna videoblogi"}]},{"@type":"WebSite","@id":"https:\/\/blog.erm.ee\/#website","url":"https:\/\/blog.erm.ee\/","name":"Eesti Rahva Muuseumi ajaveeb","description":"","potentialAction":[{"@type":"SearchAction","target":{"@type":"EntryPoint","urlTemplate":"https:\/\/blog.erm.ee\/?s={search_term_string}"},"query-input":{"@type":"PropertyValueSpecification","valueRequired":true,"valueName":"search_term_string"}}],"inLanguage":"et"},{"@type":"Person","@id":"https:\/\/blog.erm.ee\/#\/schema\/person\/6e98c391cb00a33e7c22a3571e062114","name":"Eesti Rahva Muuseum","image":{"@type":"ImageObject","inLanguage":"et","@id":"https:\/\/secure.gravatar.com\/avatar\/cb6d9ad5fb49f3f7315028ce5fe60641075f2cb52b8a058ff5a985fa2d8c1da0?s=96&d=mm&r=g","url":"https:\/\/secure.gravatar.com\/avatar\/cb6d9ad5fb49f3f7315028ce5fe60641075f2cb52b8a058ff5a985fa2d8c1da0?s=96&d=mm&r=g","contentUrl":"https:\/\/secure.gravatar.com\/avatar\/cb6d9ad5fb49f3f7315028ce5fe60641075f2cb52b8a058ff5a985fa2d8c1da0?s=96&d=mm&r=g","caption":"Eesti Rahva Muuseum"},"sameAs":["http:\/\/www.erm.ee"],"url":"https:\/\/blog.erm.ee\/?author=1"}]}},"jetpack_featured_media_url":"https:\/\/blog.erm.ee\/wp-content\/uploads\/2018\/03\/aa0287.jpg","jetpack_shortlink":"https:\/\/wp.me\/p2l9Zd-2TS","jetpack_sharing_enabled":true,"jetpack_likes_enabled":true,"_links":{"self":[{"href":"https:\/\/blog.erm.ee\/index.php?rest_route=\/wp\/v2\/posts\/11152","targetHints":{"allow":["GET"]}}],"collection":[{"href":"https:\/\/blog.erm.ee\/index.php?rest_route=\/wp\/v2\/posts"}],"about":[{"href":"https:\/\/blog.erm.ee\/index.php?rest_route=\/wp\/v2\/types\/post"}],"author":[{"embeddable":true,"href":"https:\/\/blog.erm.ee\/index.php?rest_route=\/wp\/v2\/users\/1"}],"replies":[{"embeddable":true,"href":"https:\/\/blog.erm.ee\/index.php?rest_route=%2Fwp%2Fv2%2Fcomments&post=11152"}],"version-history":[{"count":9,"href":"https:\/\/blog.erm.ee\/index.php?rest_route=\/wp\/v2\/posts\/11152\/revisions"}],"predecessor-version":[{"id":11163,"href":"https:\/\/blog.erm.ee\/index.php?rest_route=\/wp\/v2\/posts\/11152\/revisions\/11163"}],"wp:featuredmedia":[{"embeddable":true,"href":"https:\/\/blog.erm.ee\/index.php?rest_route=\/wp\/v2\/media\/11158"}],"wp:attachment":[{"href":"https:\/\/blog.erm.ee\/index.php?rest_route=%2Fwp%2Fv2%2Fmedia&parent=11152"}],"wp:term":[{"taxonomy":"category","embeddable":true,"href":"https:\/\/blog.erm.ee\/index.php?rest_route=%2Fwp%2Fv2%2Fcategories&post=11152"},{"taxonomy":"post_tag","embeddable":true,"href":"https:\/\/blog.erm.ee\/index.php?rest_route=%2Fwp%2Fv2%2Ftags&post=11152"}],"curies":[{"name":"wp","href":"https:\/\/api.w.org\/{rel}","templated":true}]}}