{"id":11045,"date":"2018-02-22T14:11:52","date_gmt":"2018-02-22T12:11:52","guid":{"rendered":"http:\/\/blog.erm.ee\/?p=11045"},"modified":"2018-02-22T17:41:30","modified_gmt":"2018-02-22T15:41:30","slug":"romantiline-reisikiri-kulaskaigust-heimtalisse","status":"publish","type":"post","link":"https:\/\/blog.erm.ee\/?p=11045","title":{"rendered":"Romantiline reisikiri k\u00fclask\u00e4igust Heimtalisse"},"content":{"rendered":"<div class=\"fcbkbttn_buttons_block\" id=\"fcbkbttn_left\"><div class=\"fcbkbttn_like \"><fb:like href=\"https:\/\/blog.erm.ee\/?p=11045\" action=\"like\" colorscheme=\"light\" layout=\"standard\"  width=\"225px\" size=\"small\"><\/fb:like><\/div><div class=\"fb-share-button  \" data-href=\"https:\/\/blog.erm.ee\/?p=11045\" data-type=\"button\" data-size=\"small\"><\/div><\/div><p style=\"text-align: justify;\"><em>Kairi Ustav ja Maarja Vaikmaa, avalike ja v\u00e4lissuhete teenistus<\/em><\/p>\n<p style=\"text-align: justify;\">R\u00f5\u00f5mustavaid p\u00f5hjusi suund Viljandimaale v\u00f5tta oli meil mitu: veebruaris asus Heimtalis ametisse uus juhataja Tiina J\u00fcrgen ning p\u00e4ev enne meie visiiti anti Anu Rauale \u00fcle riiklik kultuuri elut\u00f6\u00f6preemia. Meil oli suur soov kolleege \u00f5nnitleda ja t\u00f6rts t\u00f6\u00f6juttugi puhuda.<\/p>\n<p style=\"text-align: justify;\">Kiire tegutsemisega harjunud turundajatena arvestasime esiti poolep\u00e4evase l\u00e4hetusega, kuid kogenumad ermlased soovitasid Heimtali jaoks heaga terve p\u00e4eva varuda. Seal kulgevat aeg omasoodu. Raadilt saadeti meid teele koguni soojade k\u00e4epigistustega \u2013 n\u00f5nda eriline on s\u00f5it s\u00f5sarmuuseumisse. Ja nii romantiline nagu maaelu, oli ka meie k\u00fclask\u00e4ik.<\/p>\n<p style=\"text-align: justify;\">Kodumaised maastikud olid end varahommikul suure juubeli ootuses juba kaunilt ehtinud. P\u00e4iksekiired sillerdasid karges \u00f5hus j\u00e4\u00e4kristallidelt vastu ning metsatukad kandsid uhkusega h\u00e4rmar\u00fc\u00fcd. Koduloomuuseumi ukse poole astudes kostis taldade alt ammuigatsetud lumekrudin ning hingeaur andis tunnistust t\u00f5elisest talvest.<\/p>\n<div id=\"attachment_11047\" style=\"width: 1210px\" class=\"wp-caption alignnone\"><a href=\"https:\/\/blog.erm.ee\/wp-content\/uploads\/2018\/02\/Photo-21-02-2018-10-22-12.png\"><img loading=\"lazy\" decoding=\"async\" aria-describedby=\"caption-attachment-11047\" data-attachment-id=\"11047\" data-permalink=\"https:\/\/blog.erm.ee\/?attachment_id=11047#main\" data-orig-file=\"https:\/\/blog.erm.ee\/wp-content\/uploads\/2018\/02\/Photo-21-02-2018-10-22-12.png\" data-orig-size=\"3994,2738\" data-comments-opened=\"1\" data-image-meta=\"{&quot;aperture&quot;:&quot;0&quot;,&quot;credit&quot;:&quot;&quot;,&quot;camera&quot;:&quot;&quot;,&quot;caption&quot;:&quot;&quot;,&quot;created_timestamp&quot;:&quot;0&quot;,&quot;copyright&quot;:&quot;&quot;,&quot;focal_length&quot;:&quot;0&quot;,&quot;iso&quot;:&quot;0&quot;,&quot;shutter_speed&quot;:&quot;0&quot;,&quot;title&quot;:&quot;&quot;,&quot;orientation&quot;:&quot;0&quot;}\" data-image-title=\"Photo 21-02-2018 10 22 12\" data-image-description=\"\" data-image-caption=\"\" data-large-file=\"https:\/\/blog.erm.ee\/wp-content\/uploads\/2018\/02\/Photo-21-02-2018-10-22-12-1024x702.png\" class=\"wp-image-11047\" src=\"https:\/\/blog.erm.ee\/wp-content\/uploads\/2018\/02\/Photo-21-02-2018-10-22-12.png\" alt=\"\" width=\"1200\" height=\"823\" srcset=\"https:\/\/blog.erm.ee\/wp-content\/uploads\/2018\/02\/Photo-21-02-2018-10-22-12.png 3994w, https:\/\/blog.erm.ee\/wp-content\/uploads\/2018\/02\/Photo-21-02-2018-10-22-12-379x260.png 379w, https:\/\/blog.erm.ee\/wp-content\/uploads\/2018\/02\/Photo-21-02-2018-10-22-12-300x206.png 300w, https:\/\/blog.erm.ee\/wp-content\/uploads\/2018\/02\/Photo-21-02-2018-10-22-12-768x526.png 768w, https:\/\/blog.erm.ee\/wp-content\/uploads\/2018\/02\/Photo-21-02-2018-10-22-12-1024x702.png 1024w\" sizes=\"auto, (max-width: 1200px) 100vw, 1200px\" \/><\/a><p id=\"caption-attachment-11047\" class=\"wp-caption-text\">Aeg kulgeb Heimtalis omasoodu.<\/p><\/div>\n<p style=\"text-align: justify;\">Muuseumi tagatoas tervitas meid r\u00f5\u00f5msameelne majarahvas \u2013 juhataja Tiina, giid-koguhoidja Merle ning meister Artur. Laud kaeti hea-paremaga ning jutuvada l\u00e4ks pikema ootamiseta lahti. Vaatasime \u00fcheskoos \u00fcle s\u00f5sarmuuseumi praegused tegevused, kuulasime kolleegide uusi m\u00f5tteid ning arutlesime, kuidas teave Heimtalis toimuva kohta suurema hulga huvilisteni j\u00f5uaks. Keskp\u00e4eval meiega liitunud Mulgi kultuuri instituudi juhataja Kaja haaras Mulgimaa p\u00f5hjapiiril asuva muuseumi r\u00f5\u00f5muga ka oma punti. Arutelu viis meis k\u00f5igis suurt elevust tekitavate m\u00f5teteni Heimtalis paiknevast rahvar\u00f5iva n\u00f5uandekeskusest, mulgi keelekoolist ja suvistest kultuuri\u00fcritustest. N\u00fc\u00fcd tuleb ainult t\u00f6\u00f6ga pihta hakata!<\/p>\n<div id=\"attachment_11049\" style=\"width: 3469px\" class=\"wp-caption alignnone\"><a href=\"https:\/\/blog.erm.ee\/wp-content\/uploads\/2018\/02\/Photo-21-02-2018-12-45-12.png\"><img loading=\"lazy\" decoding=\"async\" aria-describedby=\"caption-attachment-11049\" data-attachment-id=\"11049\" data-permalink=\"https:\/\/blog.erm.ee\/?attachment_id=11049#main\" data-orig-file=\"https:\/\/blog.erm.ee\/wp-content\/uploads\/2018\/02\/Photo-21-02-2018-12-45-12.png\" data-orig-size=\"3459,2485\" data-comments-opened=\"1\" data-image-meta=\"{&quot;aperture&quot;:&quot;0&quot;,&quot;credit&quot;:&quot;&quot;,&quot;camera&quot;:&quot;&quot;,&quot;caption&quot;:&quot;&quot;,&quot;created_timestamp&quot;:&quot;0&quot;,&quot;copyright&quot;:&quot;&quot;,&quot;focal_length&quot;:&quot;0&quot;,&quot;iso&quot;:&quot;0&quot;,&quot;shutter_speed&quot;:&quot;0&quot;,&quot;title&quot;:&quot;&quot;,&quot;orientation&quot;:&quot;0&quot;}\" data-image-title=\"Photo 21-02-2018 12 45 12\" data-image-description=\"\" data-image-caption=\"\" data-large-file=\"https:\/\/blog.erm.ee\/wp-content\/uploads\/2018\/02\/Photo-21-02-2018-12-45-12-1024x736.png\" class=\"wp-image-11049 size-full\" src=\"https:\/\/blog.erm.ee\/wp-content\/uploads\/2018\/02\/Photo-21-02-2018-12-45-12.png\" alt=\"\" width=\"3459\" height=\"2485\" srcset=\"https:\/\/blog.erm.ee\/wp-content\/uploads\/2018\/02\/Photo-21-02-2018-12-45-12.png 3459w, https:\/\/blog.erm.ee\/wp-content\/uploads\/2018\/02\/Photo-21-02-2018-12-45-12-362x260.png 362w, https:\/\/blog.erm.ee\/wp-content\/uploads\/2018\/02\/Photo-21-02-2018-12-45-12-300x216.png 300w, https:\/\/blog.erm.ee\/wp-content\/uploads\/2018\/02\/Photo-21-02-2018-12-45-12-768x552.png 768w, https:\/\/blog.erm.ee\/wp-content\/uploads\/2018\/02\/Photo-21-02-2018-12-45-12-1024x736.png 1024w\" sizes=\"auto, (max-width: 3459px) 100vw, 3459px\" \/><\/a><p id=\"caption-attachment-11049\" class=\"wp-caption-text\">\u00dchiste ettev\u00f5tmiste m\u00e4rgiks vaadati \u00fcle Eesti Vaba\u00f5humuuseumi algatuse &#8220;Koo end ajalukku&#8221; raames Heimtalis kootud kaltsuvaip. \u00d5igemini, selle koopia. Fotol (vasakult): Merle, Kaja, Tiina ja Kairi. Taamal tahvlil m\u00e4lestus veebruari algul toimunud ajar\u00e4nnakust.<\/p><\/div>\n<p style=\"text-align: justify;\">Jutud kokku r\u00e4\u00e4gitud, tegime Merle juhatusel muuseumiga tutvust.\u00a0 Vanas k\u00fclakooli hoones paikneva koduloolise muuseumi kogudes on kohalike koolieluga seotud materjale ning l\u00e4hi\u00fcmbrusest p\u00e4rit t\u00f6\u00f6riistu, lisaks kapi- ja kirstut\u00e4ite kaupa rahvuslikke tekstiilin\u00e4iteid. Teisel korrusel on koguni sahtlit\u00e4is vanaaegset pesu. Merle s\u00f5nutsi pidi see \u00fcks popp sahtel olema. Lisaks p\u00f5ikasime nii rahvamajja kui ka k\u00f5rvalasuvasse hoonekompleksi, kus veedavad oma praktika nii EKA, T\u00dcVKA kui ka Tartu Kunstikooli tekstiilierialade tudengid. M\u00f5elda vaid, k\u00f5ikide nende mustrite ja rahvakultuuri keskel!<\/p>\n<p class=\"jetpack-slideshow-noscript robots-nocontent\">This slideshow requires JavaScript.<\/p><div id=\"gallery-11045-1-slideshow\" class=\"jetpack-slideshow-window jetpack-slideshow jetpack-slideshow-black\" data-trans=\"fade\" data-autostart=\"1\" data-gallery=\"[{&quot;src&quot;:&quot;https:\\\/\\\/blog.erm.ee\\\/wp-content\\\/uploads\\\/2018\\\/02\\\/Photo-21-02-2018-13-14-45-1024x764.png&quot;,&quot;id&quot;:&quot;11051&quot;,&quot;title&quot;:&quot;Photo 21-02-2018 13 14 45&quot;,&quot;alt&quot;:&quot;&quot;,&quot;caption&quot;:&quot;Valik rahvariideseelikuid.&quot;,&quot;itemprop&quot;:&quot;image&quot;},{&quot;src&quot;:&quot;https:\\\/\\\/blog.erm.ee\\\/wp-content\\\/uploads\\\/2018\\\/02\\\/Photo-21-02-2018-13-20-17-1024x759.png&quot;,&quot;id&quot;:&quot;11052&quot;,&quot;title&quot;:&quot;Photo 21-02-2018 13 20 17&quot;,&quot;alt&quot;:&quot;&quot;,&quot;caption&quot;:&quot;Anu Kotli vestile tikkisid tema s\\u00f5brad ja tuttavad kui k\\u00fclalisteraamatusse.&quot;,&quot;itemprop&quot;:&quot;image&quot;},{&quot;src&quot;:&quot;https:\\\/\\\/blog.erm.ee\\\/wp-content\\\/uploads\\\/2018\\\/02\\\/Photo-21-02-2018-13-23-14-1024x702.png&quot;,&quot;id&quot;:&quot;11053&quot;,&quot;title&quot;:&quot;Photo 21-02-2018 13 23 14&quot;,&quot;alt&quot;:&quot;&quot;,&quot;caption&quot;:&quot;Populaarne pesusahtel.&quot;,&quot;itemprop&quot;:&quot;image&quot;},{&quot;src&quot;:&quot;https:\\\/\\\/blog.erm.ee\\\/wp-content\\\/uploads\\\/2018\\\/02\\\/Photo-21-02-2018-13-25-03-1024x751.png&quot;,&quot;id&quot;:&quot;11054&quot;,&quot;title&quot;:&quot;Photo 21-02-2018 13 25 03&quot;,&quot;alt&quot;:&quot;&quot;,&quot;caption&quot;:&quot;Saksa k\\u00fclalaadal vene naiselt ostetud haakristidega komi v\\u00f6\\u00f6.&quot;,&quot;itemprop&quot;:&quot;image&quot;},{&quot;src&quot;:&quot;https:\\\/\\\/blog.erm.ee\\\/wp-content\\\/uploads\\\/2018\\\/02\\\/Photo-21-02-2018-13-31-12-1024x509.png&quot;,&quot;id&quot;:&quot;11055&quot;,&quot;title&quot;:&quot;Photo 21-02-2018 13 31 12&quot;,&quot;alt&quot;:&quot;&quot;,&quot;caption&quot;:&quot;Laste m\\u00e4ngunurgast leiab nii mulgi mutte, setu sitikaid kui ka muhu rebaseid.&quot;,&quot;itemprop&quot;:&quot;image&quot;},{&quot;src&quot;:&quot;https:\\\/\\\/blog.erm.ee\\\/wp-content\\\/uploads\\\/2018\\\/02\\\/Photo-21-02-2018-14-00-56-1024x406.png&quot;,&quot;id&quot;:&quot;11058&quot;,&quot;title&quot;:&quot;Photo 21-02-2018 14 00 56&quot;,&quot;alt&quot;:&quot;&quot;,&quot;caption&quot;:&quot;Rahvamaja. Taamal Heimtali muuseumi maja.&quot;,&quot;itemprop&quot;:&quot;image&quot;},{&quot;src&quot;:&quot;https:\\\/\\\/blog.erm.ee\\\/wp-content\\\/uploads\\\/2018\\\/02\\\/Photo-21-02-2018-13-02-31-1024x768.png&quot;,&quot;id&quot;:&quot;11050&quot;,&quot;title&quot;:&quot;Photo 21-02-2018 13 02 31&quot;,&quot;alt&quot;:&quot;&quot;,&quot;caption&quot;:&quot;Heimtalis praktikal olnud tudengite t\\u00f6\\u00f6d.&quot;,&quot;itemprop&quot;:&quot;image&quot;}]\" itemscope itemtype=\"https:\/\/schema.org\/ImageGallery\"><\/div>\n<p style=\"text-align: justify;\">Meie karastavale jalutusk\u00e4igule pani punkti Anu Raua soe vastuv\u00f5tt tema isatalus K\u00e4\u00e4rikul. Heimtali rahva k\u00fclalislahkus on t\u00f5emeeli piiritu! Maitsvate roogadega kaetud laua taga meenutas Anu viimaseid v\u00e4lismaareise ja jagas meiega muljeid v\u00e4rskest Haapsalus k\u00e4igust. V\u00f5tnud vastu riikliku elut\u00f6\u00f6preemia, pani ta juba vaimu valmis Viljandi valla t\u00e4naseks vastuv\u00f5tuks. Anu n\u00e4itas meile ka ateljeed, kus lugematute l\u00f5ngakorvide ja v\u00e4rvide virrvarri keskel kavanditest pisitasa vaibad saavad. Praegu k\u00e4ivad viimased t\u00f6\u00f6d aprillis ERMis avatavaks \u00fclevaaten\u00e4ituseks. Anu abistav vaibakuduja Merike k\u00f5neles, kuidas ta praegu t\u00f6\u00f6s olevale n\u00e4ituse nimivaibale \u201eIsamaastik\u201c ESTCube\u2019i kudus.<\/p>\n<div id=\"attachment_11060\" style=\"width: 1210px\" class=\"wp-caption alignnone\"><a href=\"https:\/\/blog.erm.ee\/wp-content\/uploads\/2018\/02\/Photo-21-02-2018-15-03-07.png\"><img loading=\"lazy\" decoding=\"async\" aria-describedby=\"caption-attachment-11060\" data-attachment-id=\"11060\" data-permalink=\"https:\/\/blog.erm.ee\/?attachment_id=11060#main\" data-orig-file=\"https:\/\/blog.erm.ee\/wp-content\/uploads\/2018\/02\/Photo-21-02-2018-15-03-07.png\" data-orig-size=\"1200,842\" data-comments-opened=\"1\" data-image-meta=\"{&quot;aperture&quot;:&quot;0&quot;,&quot;credit&quot;:&quot;&quot;,&quot;camera&quot;:&quot;&quot;,&quot;caption&quot;:&quot;&quot;,&quot;created_timestamp&quot;:&quot;0&quot;,&quot;copyright&quot;:&quot;&quot;,&quot;focal_length&quot;:&quot;0&quot;,&quot;iso&quot;:&quot;0&quot;,&quot;shutter_speed&quot;:&quot;0&quot;,&quot;title&quot;:&quot;&quot;,&quot;orientation&quot;:&quot;0&quot;}\" data-image-title=\"Photo 21-02-2018 15 03 07\" data-image-description=\"\" data-image-caption=\"\" data-large-file=\"https:\/\/blog.erm.ee\/wp-content\/uploads\/2018\/02\/Photo-21-02-2018-15-03-07-1024x719.png\" class=\"wp-image-11060 size-full\" src=\"https:\/\/blog.erm.ee\/wp-content\/uploads\/2018\/02\/Photo-21-02-2018-15-03-07.png\" alt=\"\" width=\"1200\" height=\"842\" srcset=\"https:\/\/blog.erm.ee\/wp-content\/uploads\/2018\/02\/Photo-21-02-2018-15-03-07.png 1200w, https:\/\/blog.erm.ee\/wp-content\/uploads\/2018\/02\/Photo-21-02-2018-15-03-07-371x260.png 371w, https:\/\/blog.erm.ee\/wp-content\/uploads\/2018\/02\/Photo-21-02-2018-15-03-07-300x211.png 300w, https:\/\/blog.erm.ee\/wp-content\/uploads\/2018\/02\/Photo-21-02-2018-15-03-07-768x539.png 768w, https:\/\/blog.erm.ee\/wp-content\/uploads\/2018\/02\/Photo-21-02-2018-15-03-07-1024x719.png 1024w\" sizes=\"auto, (max-width: 1200px) 100vw, 1200px\" \/><\/a><p id=\"caption-attachment-11060\" class=\"wp-caption-text\">On ikka n\u00e4put\u00f6\u00f6!<\/p><\/div>\n<div id=\"attachment_11062\" style=\"width: 1210px\" class=\"wp-caption alignnone\"><a href=\"https:\/\/blog.erm.ee\/wp-content\/uploads\/2018\/02\/Photo-21-02-2018-15-52-32.png\"><img loading=\"lazy\" decoding=\"async\" aria-describedby=\"caption-attachment-11062\" data-attachment-id=\"11062\" data-permalink=\"https:\/\/blog.erm.ee\/?attachment_id=11062#main\" data-orig-file=\"https:\/\/blog.erm.ee\/wp-content\/uploads\/2018\/02\/Photo-21-02-2018-15-52-32.png\" data-orig-size=\"1200,1001\" data-comments-opened=\"1\" data-image-meta=\"{&quot;aperture&quot;:&quot;0&quot;,&quot;credit&quot;:&quot;&quot;,&quot;camera&quot;:&quot;&quot;,&quot;caption&quot;:&quot;&quot;,&quot;created_timestamp&quot;:&quot;0&quot;,&quot;copyright&quot;:&quot;&quot;,&quot;focal_length&quot;:&quot;0&quot;,&quot;iso&quot;:&quot;0&quot;,&quot;shutter_speed&quot;:&quot;0&quot;,&quot;title&quot;:&quot;&quot;,&quot;orientation&quot;:&quot;0&quot;}\" data-image-title=\"Photo 21-02-2018 15 52 32\" data-image-description=\"\" data-image-caption=\"&lt;p&gt;Anu oma kodutalu aknal. P\u00e4ike oli meie vastu eriliselt lahke.&lt;\/p&gt;\n\" data-large-file=\"https:\/\/blog.erm.ee\/wp-content\/uploads\/2018\/02\/Photo-21-02-2018-15-52-32-1024x854.png\" class=\"size-full wp-image-11062\" src=\"https:\/\/blog.erm.ee\/wp-content\/uploads\/2018\/02\/Photo-21-02-2018-15-52-32.png\" alt=\"\" width=\"1200\" height=\"1001\" srcset=\"https:\/\/blog.erm.ee\/wp-content\/uploads\/2018\/02\/Photo-21-02-2018-15-52-32.png 1200w, https:\/\/blog.erm.ee\/wp-content\/uploads\/2018\/02\/Photo-21-02-2018-15-52-32-312x260.png 312w, https:\/\/blog.erm.ee\/wp-content\/uploads\/2018\/02\/Photo-21-02-2018-15-52-32-300x250.png 300w, https:\/\/blog.erm.ee\/wp-content\/uploads\/2018\/02\/Photo-21-02-2018-15-52-32-768x641.png 768w, https:\/\/blog.erm.ee\/wp-content\/uploads\/2018\/02\/Photo-21-02-2018-15-52-32-1024x854.png 1024w\" sizes=\"auto, (max-width: 1200px) 100vw, 1200px\" \/><\/a><p id=\"caption-attachment-11062\" class=\"wp-caption-text\">Anu oma kodutalu aknal. P\u00e4ike oli meie vastu eriliselt lahke.<\/p><\/div>\n<p style=\"text-align: justify;\">Meile oli antud ka p\u00fcha \u00fclesanne \u2013 n\u00e4ituse tarvis \u00fcks vaip Raadile kaasa tuua. P\u00e4eva l\u00f5pus kerisimegi vaiba koos Anuga rulli, katsime linaga ning soojade s\u00f5nade ja koer Tuksi haukumise saatel asusime tagasiteele. Tartus tervitas meid loojuma s\u00e4ttiva p\u00e4ikese peegeldus ERMi sissep\u00e4\u00e4sul. Oligi ring t\u00e4is.<\/p>\n<h3 style=\"text-align: justify;\">Kas teadsid, et\u2026?<\/h3>\n<ul>\n<li style=\"text-align: justify;\">Heimtali muuseum sai mullu novembris <strong>30 aastaseks<\/strong>. Loe muuseumi ajaloost ERMi <a href=\"http:\/\/www.erm.ee\/et\/content\/heimtali-muuseum\">kodulehelt<\/a>.<\/li>\n<li style=\"text-align: justify;\">Heimtali hiljuti uuendatud <strong>p\u00fcsin\u00e4itus<\/strong> kannab nime <strong><a href=\"http:\/\/www.erm.ee\/et\/content\/p%C3%B5lvest-p%C3%B5lve-elutarkus\">\u201eP\u00f5lvest p\u00f5lve elutarkus\u201c<\/a>.<\/strong> N\u00e4ituse kuraator ja kujundaja on Anu Raud.<\/li>\n<li style=\"text-align: justify;\">ERMi kogu maja k\u00fclastuse <a href=\"http:\/\/www.erm.ee\/et\/naitused\/piletiinfo\">piletiga<\/a> saab poole aasta jooksul k\u00fclastada ka Heimtali muuseumi.<\/li>\n<li style=\"text-align: justify;\">Heimtalis avatakse t\u00e4navu mitu ajutist n\u00e4itust:\n<ul>\n<li>mai \u2013 <strong>\u201eKlassikud. Leo Rohlin\u201c.<\/strong> \u00dclevaade Eesti \u00fche sajandi legendaarseima keraamiku t\u00f6\u00f6dest ja loomingus;<\/li>\n<li>juuni \u2013 <strong>\u201eSada kunstimaastikku\u201c.<\/strong> Noorte arhitektide Laura Linsi ja Roland Reemaa kuraatoriprojekt koost\u00f6\u00f6s Anu Rauaga.<\/li>\n<\/ul>\n<\/li>\n<li>Heimtali muuseumil on veebruarikuust ka oma <strong><a href=\"https:\/\/www.facebook.com\/Helimtalimuuseum\/\">Facebooki leht<\/a>.<\/strong><\/li>\n<li>Aprillis avatakse Tartus Eesti Rahva Muuseumis<strong> Anu Raua \u00fclevaaten\u00e4itus \u201eIsamaastikud\u201c<\/strong>.\n<p><div id=\"attachment_11059\" style=\"width: 1210px\" class=\"wp-caption alignnone\"><a href=\"https:\/\/blog.erm.ee\/wp-content\/uploads\/2018\/02\/Photo-21-02-2018-14-07-20.png\"><img loading=\"lazy\" decoding=\"async\" aria-describedby=\"caption-attachment-11059\" data-attachment-id=\"11059\" data-permalink=\"https:\/\/blog.erm.ee\/?attachment_id=11059#main\" data-orig-file=\"https:\/\/blog.erm.ee\/wp-content\/uploads\/2018\/02\/Photo-21-02-2018-14-07-20.png\" data-orig-size=\"1200,859\" data-comments-opened=\"1\" data-image-meta=\"{&quot;aperture&quot;:&quot;0&quot;,&quot;credit&quot;:&quot;&quot;,&quot;camera&quot;:&quot;&quot;,&quot;caption&quot;:&quot;&quot;,&quot;created_timestamp&quot;:&quot;0&quot;,&quot;copyright&quot;:&quot;&quot;,&quot;focal_length&quot;:&quot;0&quot;,&quot;iso&quot;:&quot;0&quot;,&quot;shutter_speed&quot;:&quot;0&quot;,&quot;title&quot;:&quot;&quot;,&quot;orientation&quot;:&quot;0&quot;}\" data-image-title=\"Photo 21-02-2018 14 07 20\" data-image-description=\"\" data-image-caption=\"\" data-large-file=\"https:\/\/blog.erm.ee\/wp-content\/uploads\/2018\/02\/Photo-21-02-2018-14-07-20-1024x733.png\" class=\"wp-image-11059 size-full\" src=\"https:\/\/blog.erm.ee\/wp-content\/uploads\/2018\/02\/Photo-21-02-2018-14-07-20.png\" alt=\"\" width=\"1200\" height=\"859\" srcset=\"https:\/\/blog.erm.ee\/wp-content\/uploads\/2018\/02\/Photo-21-02-2018-14-07-20.png 1200w, https:\/\/blog.erm.ee\/wp-content\/uploads\/2018\/02\/Photo-21-02-2018-14-07-20-363x260.png 363w, https:\/\/blog.erm.ee\/wp-content\/uploads\/2018\/02\/Photo-21-02-2018-14-07-20-300x215.png 300w, https:\/\/blog.erm.ee\/wp-content\/uploads\/2018\/02\/Photo-21-02-2018-14-07-20-768x550.png 768w, https:\/\/blog.erm.ee\/wp-content\/uploads\/2018\/02\/Photo-21-02-2018-14-07-20-1024x733.png 1024w\" sizes=\"auto, (max-width: 1200px) 100vw, 1200px\" \/><\/a><p id=\"caption-attachment-11059\" class=\"wp-caption-text\">S\u00f5saratega ongi nii nagu kinnitab \u00fcks sussipaar Heimtalis.<\/p><\/div><\/li>\n<\/ul>\n<div class=\"fcbkbttn_buttons_block\" id=\"fcbkbttn_left\"><div class=\"fcbkbttn_like \"><fb:like href=\"https:\/\/blog.erm.ee\/?p=11045\" action=\"like\" colorscheme=\"light\" layout=\"standard\"  width=\"225px\" size=\"small\"><\/fb:like><\/div><div class=\"fb-share-button  \" data-href=\"https:\/\/blog.erm.ee\/?p=11045\" data-type=\"button\" data-size=\"small\"><\/div><\/div>","protected":false},"excerpt":{"rendered":"<p>Kairi Ustav ja Maarja Vaikmaa, avalike ja v\u00e4lissuhete teenistus R\u00f5\u00f5mustavaid p\u00f5hjusi suund Viljandimaale v\u00f5tta oli meil mitu: veebruaris asus Heimtalis ametisse uus juhataja Tiina J\u00fcrgen ning p\u00e4ev enne meie visiiti anti Anu Rauale \u00fcle riiklik kultuuri elut\u00f6\u00f6preemia. Meil oli suur soov kolleege \u00f5nnitleda ja t\u00f6rts t\u00f6\u00f6juttugi puhuda. Kiire tegutsemisega harjunud turundajatena arvestasime esiti poolep\u00e4evase l\u00e4hetusega,&hellip;<\/p>\n","protected":false},"author":1,"featured_media":11048,"comment_status":"open","ping_status":"open","sticky":false,"template":"","format":"standard","meta":{"_monsterinsights_skip_tracking":false,"_monsterinsights_sitenote_active":false,"_monsterinsights_sitenote_note":"","_monsterinsights_sitenote_category":0,"jetpack_post_was_ever_published":false,"_jetpack_newsletter_access":"","_jetpack_dont_email_post_to_subs":false,"_jetpack_newsletter_tier_id":0,"_jetpack_memberships_contains_paywalled_content":false,"_jetpack_memberships_contains_paid_content":false,"footnotes":""},"categories":[20],"tags":[],"class_list":["post-11045","post","type-post","status-publish","format-standard","has-post-thumbnail","hentry","category-muuseumimotted"],"yoast_head":"<!-- This site is optimized with the Yoast SEO plugin v27.5 - https:\/\/yoast.com\/product\/yoast-seo-wordpress\/ -->\n<title>Romantiline reisikiri k\u00fclask\u00e4igust Heimtalisse - Eesti Rahva Muuseumi ajaveeb<\/title>\n<meta name=\"robots\" content=\"index, follow, max-snippet:-1, max-image-preview:large, max-video-preview:-1\" \/>\n<link rel=\"canonical\" href=\"https:\/\/blog.erm.ee\/?p=11045\" \/>\n<meta property=\"og:locale\" content=\"et_EE\" \/>\n<meta property=\"og:type\" content=\"article\" \/>\n<meta property=\"og:title\" content=\"Romantiline reisikiri k\u00fclask\u00e4igust Heimtalisse - Eesti Rahva Muuseumi ajaveeb\" \/>\n<meta property=\"og:description\" content=\"Kairi Ustav ja Maarja Vaikmaa, avalike ja v\u00e4lissuhete teenistus R\u00f5\u00f5mustavaid p\u00f5hjusi suund Viljandimaale v\u00f5tta oli meil mitu: veebruaris asus Heimtalis ametisse uus juhataja Tiina J\u00fcrgen ning p\u00e4ev enne meie visiiti anti Anu Rauale \u00fcle riiklik kultuuri elut\u00f6\u00f6preemia. Meil oli suur soov kolleege \u00f5nnitleda ja t\u00f6rts t\u00f6\u00f6juttugi puhuda. Kiire tegutsemisega harjunud turundajatena arvestasime esiti poolep\u00e4evase l\u00e4hetusega,&hellip;\" \/>\n<meta property=\"og:url\" content=\"https:\/\/blog.erm.ee\/?p=11045\" \/>\n<meta property=\"og:site_name\" content=\"Eesti Rahva Muuseumi ajaveeb\" \/>\n<meta property=\"article:published_time\" content=\"2018-02-22T12:11:52+00:00\" \/>\n<meta property=\"article:modified_time\" content=\"2018-02-22T15:41:30+00:00\" \/>\n<meta property=\"og:image\" content=\"https:\/\/blog.erm.ee\/wp-content\/uploads\/2018\/02\/Photo-21-02-2018-10-22-54-1024x787.png\" \/>\n\t<meta property=\"og:image:width\" content=\"1024\" \/>\n\t<meta property=\"og:image:height\" content=\"787\" \/>\n\t<meta property=\"og:image:type\" content=\"image\/png\" \/>\n<meta name=\"author\" content=\"Eesti Rahva Muuseum\" \/>\n<meta name=\"twitter:card\" content=\"summary_large_image\" \/>\n<meta name=\"twitter:label1\" content=\"Written by\" \/>\n\t<meta name=\"twitter:data1\" content=\"Eesti Rahva Muuseum\" \/>\n\t<meta name=\"twitter:label2\" content=\"Est. reading time\" \/>\n\t<meta name=\"twitter:data2\" content=\"4 minutit\" \/>\n<script type=\"application\/ld+json\" class=\"yoast-schema-graph\">{\"@context\":\"https:\\\/\\\/schema.org\",\"@graph\":[{\"@type\":\"Article\",\"@id\":\"https:\\\/\\\/blog.erm.ee\\\/?p=11045#article\",\"isPartOf\":{\"@id\":\"https:\\\/\\\/blog.erm.ee\\\/?p=11045\"},\"author\":{\"name\":\"Eesti Rahva Muuseum\",\"@id\":\"https:\\\/\\\/blog.erm.ee\\\/#\\\/schema\\\/person\\\/6e98c391cb00a33e7c22a3571e062114\"},\"headline\":\"Romantiline reisikiri k\u00fclask\u00e4igust Heimtalisse\",\"datePublished\":\"2018-02-22T12:11:52+00:00\",\"dateModified\":\"2018-02-22T15:41:30+00:00\",\"mainEntityOfPage\":{\"@id\":\"https:\\\/\\\/blog.erm.ee\\\/?p=11045\"},\"wordCount\":720,\"commentCount\":0,\"image\":{\"@id\":\"https:\\\/\\\/blog.erm.ee\\\/?p=11045#primaryimage\"},\"thumbnailUrl\":\"https:\\\/\\\/blog.erm.ee\\\/wp-content\\\/uploads\\\/2018\\\/02\\\/Photo-21-02-2018-10-22-54.png\",\"articleSection\":[\"Muuseumim\u00f5tted\"],\"inLanguage\":\"et\",\"potentialAction\":[{\"@type\":\"CommentAction\",\"name\":\"Comment\",\"target\":[\"https:\\\/\\\/blog.erm.ee\\\/?p=11045#respond\"]}]},{\"@type\":\"WebPage\",\"@id\":\"https:\\\/\\\/blog.erm.ee\\\/?p=11045\",\"url\":\"https:\\\/\\\/blog.erm.ee\\\/?p=11045\",\"name\":\"Romantiline reisikiri k\u00fclask\u00e4igust Heimtalisse - Eesti Rahva Muuseumi ajaveeb\",\"isPartOf\":{\"@id\":\"https:\\\/\\\/blog.erm.ee\\\/#website\"},\"primaryImageOfPage\":{\"@id\":\"https:\\\/\\\/blog.erm.ee\\\/?p=11045#primaryimage\"},\"image\":{\"@id\":\"https:\\\/\\\/blog.erm.ee\\\/?p=11045#primaryimage\"},\"thumbnailUrl\":\"https:\\\/\\\/blog.erm.ee\\\/wp-content\\\/uploads\\\/2018\\\/02\\\/Photo-21-02-2018-10-22-54.png\",\"datePublished\":\"2018-02-22T12:11:52+00:00\",\"dateModified\":\"2018-02-22T15:41:30+00:00\",\"author\":{\"@id\":\"https:\\\/\\\/blog.erm.ee\\\/#\\\/schema\\\/person\\\/6e98c391cb00a33e7c22a3571e062114\"},\"breadcrumb\":{\"@id\":\"https:\\\/\\\/blog.erm.ee\\\/?p=11045#breadcrumb\"},\"inLanguage\":\"et\",\"potentialAction\":[{\"@type\":\"ReadAction\",\"target\":[\"https:\\\/\\\/blog.erm.ee\\\/?p=11045\"]}]},{\"@type\":\"ImageObject\",\"inLanguage\":\"et\",\"@id\":\"https:\\\/\\\/blog.erm.ee\\\/?p=11045#primaryimage\",\"url\":\"https:\\\/\\\/blog.erm.ee\\\/wp-content\\\/uploads\\\/2018\\\/02\\\/Photo-21-02-2018-10-22-54.png\",\"contentUrl\":\"https:\\\/\\\/blog.erm.ee\\\/wp-content\\\/uploads\\\/2018\\\/02\\\/Photo-21-02-2018-10-22-54.png\",\"width\":3806,\"height\":2924},{\"@type\":\"BreadcrumbList\",\"@id\":\"https:\\\/\\\/blog.erm.ee\\\/?p=11045#breadcrumb\",\"itemListElement\":[{\"@type\":\"ListItem\",\"position\":1,\"name\":\"Home\",\"item\":\"https:\\\/\\\/blog.erm.ee\\\/\"},{\"@type\":\"ListItem\",\"position\":2,\"name\":\"Romantiline reisikiri k\u00fclask\u00e4igust Heimtalisse\"}]},{\"@type\":\"WebSite\",\"@id\":\"https:\\\/\\\/blog.erm.ee\\\/#website\",\"url\":\"https:\\\/\\\/blog.erm.ee\\\/\",\"name\":\"Eesti Rahva Muuseumi ajaveeb\",\"description\":\"\",\"potentialAction\":[{\"@type\":\"SearchAction\",\"target\":{\"@type\":\"EntryPoint\",\"urlTemplate\":\"https:\\\/\\\/blog.erm.ee\\\/?s={search_term_string}\"},\"query-input\":{\"@type\":\"PropertyValueSpecification\",\"valueRequired\":true,\"valueName\":\"search_term_string\"}}],\"inLanguage\":\"et\"},{\"@type\":\"Person\",\"@id\":\"https:\\\/\\\/blog.erm.ee\\\/#\\\/schema\\\/person\\\/6e98c391cb00a33e7c22a3571e062114\",\"name\":\"Eesti Rahva Muuseum\",\"image\":{\"@type\":\"ImageObject\",\"inLanguage\":\"et\",\"@id\":\"https:\\\/\\\/secure.gravatar.com\\\/avatar\\\/cb6d9ad5fb49f3f7315028ce5fe60641075f2cb52b8a058ff5a985fa2d8c1da0?s=96&d=mm&r=g\",\"url\":\"https:\\\/\\\/secure.gravatar.com\\\/avatar\\\/cb6d9ad5fb49f3f7315028ce5fe60641075f2cb52b8a058ff5a985fa2d8c1da0?s=96&d=mm&r=g\",\"contentUrl\":\"https:\\\/\\\/secure.gravatar.com\\\/avatar\\\/cb6d9ad5fb49f3f7315028ce5fe60641075f2cb52b8a058ff5a985fa2d8c1da0?s=96&d=mm&r=g\",\"caption\":\"Eesti Rahva Muuseum\"},\"sameAs\":[\"http:\\\/\\\/www.erm.ee\"],\"url\":\"https:\\\/\\\/blog.erm.ee\\\/?author=1\"}]}<\/script>\n<!-- \/ Yoast SEO plugin. -->","yoast_head_json":{"title":"Romantiline reisikiri k\u00fclask\u00e4igust Heimtalisse - Eesti Rahva Muuseumi ajaveeb","robots":{"index":"index","follow":"follow","max-snippet":"max-snippet:-1","max-image-preview":"max-image-preview:large","max-video-preview":"max-video-preview:-1"},"canonical":"https:\/\/blog.erm.ee\/?p=11045","og_locale":"et_EE","og_type":"article","og_title":"Romantiline reisikiri k\u00fclask\u00e4igust Heimtalisse - Eesti Rahva Muuseumi ajaveeb","og_description":"Kairi Ustav ja Maarja Vaikmaa, avalike ja v\u00e4lissuhete teenistus R\u00f5\u00f5mustavaid p\u00f5hjusi suund Viljandimaale v\u00f5tta oli meil mitu: veebruaris asus Heimtalis ametisse uus juhataja Tiina J\u00fcrgen ning p\u00e4ev enne meie visiiti anti Anu Rauale \u00fcle riiklik kultuuri elut\u00f6\u00f6preemia. Meil oli suur soov kolleege \u00f5nnitleda ja t\u00f6rts t\u00f6\u00f6juttugi puhuda. Kiire tegutsemisega harjunud turundajatena arvestasime esiti poolep\u00e4evase l\u00e4hetusega,&hellip;","og_url":"https:\/\/blog.erm.ee\/?p=11045","og_site_name":"Eesti Rahva Muuseumi ajaveeb","article_published_time":"2018-02-22T12:11:52+00:00","article_modified_time":"2018-02-22T15:41:30+00:00","og_image":[{"width":1024,"height":787,"url":"https:\/\/blog.erm.ee\/wp-content\/uploads\/2018\/02\/Photo-21-02-2018-10-22-54-1024x787.png","type":"image\/png"}],"author":"Eesti Rahva Muuseum","twitter_card":"summary_large_image","twitter_misc":{"Written by":"Eesti Rahva Muuseum","Est. reading time":"4 minutit"},"schema":{"@context":"https:\/\/schema.org","@graph":[{"@type":"Article","@id":"https:\/\/blog.erm.ee\/?p=11045#article","isPartOf":{"@id":"https:\/\/blog.erm.ee\/?p=11045"},"author":{"name":"Eesti Rahva Muuseum","@id":"https:\/\/blog.erm.ee\/#\/schema\/person\/6e98c391cb00a33e7c22a3571e062114"},"headline":"Romantiline reisikiri k\u00fclask\u00e4igust Heimtalisse","datePublished":"2018-02-22T12:11:52+00:00","dateModified":"2018-02-22T15:41:30+00:00","mainEntityOfPage":{"@id":"https:\/\/blog.erm.ee\/?p=11045"},"wordCount":720,"commentCount":0,"image":{"@id":"https:\/\/blog.erm.ee\/?p=11045#primaryimage"},"thumbnailUrl":"https:\/\/blog.erm.ee\/wp-content\/uploads\/2018\/02\/Photo-21-02-2018-10-22-54.png","articleSection":["Muuseumim\u00f5tted"],"inLanguage":"et","potentialAction":[{"@type":"CommentAction","name":"Comment","target":["https:\/\/blog.erm.ee\/?p=11045#respond"]}]},{"@type":"WebPage","@id":"https:\/\/blog.erm.ee\/?p=11045","url":"https:\/\/blog.erm.ee\/?p=11045","name":"Romantiline reisikiri k\u00fclask\u00e4igust Heimtalisse - Eesti Rahva Muuseumi ajaveeb","isPartOf":{"@id":"https:\/\/blog.erm.ee\/#website"},"primaryImageOfPage":{"@id":"https:\/\/blog.erm.ee\/?p=11045#primaryimage"},"image":{"@id":"https:\/\/blog.erm.ee\/?p=11045#primaryimage"},"thumbnailUrl":"https:\/\/blog.erm.ee\/wp-content\/uploads\/2018\/02\/Photo-21-02-2018-10-22-54.png","datePublished":"2018-02-22T12:11:52+00:00","dateModified":"2018-02-22T15:41:30+00:00","author":{"@id":"https:\/\/blog.erm.ee\/#\/schema\/person\/6e98c391cb00a33e7c22a3571e062114"},"breadcrumb":{"@id":"https:\/\/blog.erm.ee\/?p=11045#breadcrumb"},"inLanguage":"et","potentialAction":[{"@type":"ReadAction","target":["https:\/\/blog.erm.ee\/?p=11045"]}]},{"@type":"ImageObject","inLanguage":"et","@id":"https:\/\/blog.erm.ee\/?p=11045#primaryimage","url":"https:\/\/blog.erm.ee\/wp-content\/uploads\/2018\/02\/Photo-21-02-2018-10-22-54.png","contentUrl":"https:\/\/blog.erm.ee\/wp-content\/uploads\/2018\/02\/Photo-21-02-2018-10-22-54.png","width":3806,"height":2924},{"@type":"BreadcrumbList","@id":"https:\/\/blog.erm.ee\/?p=11045#breadcrumb","itemListElement":[{"@type":"ListItem","position":1,"name":"Home","item":"https:\/\/blog.erm.ee\/"},{"@type":"ListItem","position":2,"name":"Romantiline reisikiri k\u00fclask\u00e4igust Heimtalisse"}]},{"@type":"WebSite","@id":"https:\/\/blog.erm.ee\/#website","url":"https:\/\/blog.erm.ee\/","name":"Eesti Rahva Muuseumi ajaveeb","description":"","potentialAction":[{"@type":"SearchAction","target":{"@type":"EntryPoint","urlTemplate":"https:\/\/blog.erm.ee\/?s={search_term_string}"},"query-input":{"@type":"PropertyValueSpecification","valueRequired":true,"valueName":"search_term_string"}}],"inLanguage":"et"},{"@type":"Person","@id":"https:\/\/blog.erm.ee\/#\/schema\/person\/6e98c391cb00a33e7c22a3571e062114","name":"Eesti Rahva Muuseum","image":{"@type":"ImageObject","inLanguage":"et","@id":"https:\/\/secure.gravatar.com\/avatar\/cb6d9ad5fb49f3f7315028ce5fe60641075f2cb52b8a058ff5a985fa2d8c1da0?s=96&d=mm&r=g","url":"https:\/\/secure.gravatar.com\/avatar\/cb6d9ad5fb49f3f7315028ce5fe60641075f2cb52b8a058ff5a985fa2d8c1da0?s=96&d=mm&r=g","contentUrl":"https:\/\/secure.gravatar.com\/avatar\/cb6d9ad5fb49f3f7315028ce5fe60641075f2cb52b8a058ff5a985fa2d8c1da0?s=96&d=mm&r=g","caption":"Eesti Rahva Muuseum"},"sameAs":["http:\/\/www.erm.ee"],"url":"https:\/\/blog.erm.ee\/?author=1"}]}},"jetpack_featured_media_url":"https:\/\/blog.erm.ee\/wp-content\/uploads\/2018\/02\/Photo-21-02-2018-10-22-54.png","jetpack_shortlink":"https:\/\/wp.me\/p2l9Zd-2S9","jetpack_sharing_enabled":true,"jetpack_likes_enabled":true,"_links":{"self":[{"href":"https:\/\/blog.erm.ee\/index.php?rest_route=\/wp\/v2\/posts\/11045","targetHints":{"allow":["GET"]}}],"collection":[{"href":"https:\/\/blog.erm.ee\/index.php?rest_route=\/wp\/v2\/posts"}],"about":[{"href":"https:\/\/blog.erm.ee\/index.php?rest_route=\/wp\/v2\/types\/post"}],"author":[{"embeddable":true,"href":"https:\/\/blog.erm.ee\/index.php?rest_route=\/wp\/v2\/users\/1"}],"replies":[{"embeddable":true,"href":"https:\/\/blog.erm.ee\/index.php?rest_route=%2Fwp%2Fv2%2Fcomments&post=11045"}],"version-history":[{"count":21,"href":"https:\/\/blog.erm.ee\/index.php?rest_route=\/wp\/v2\/posts\/11045\/revisions"}],"predecessor-version":[{"id":11080,"href":"https:\/\/blog.erm.ee\/index.php?rest_route=\/wp\/v2\/posts\/11045\/revisions\/11080"}],"wp:featuredmedia":[{"embeddable":true,"href":"https:\/\/blog.erm.ee\/index.php?rest_route=\/wp\/v2\/media\/11048"}],"wp:attachment":[{"href":"https:\/\/blog.erm.ee\/index.php?rest_route=%2Fwp%2Fv2%2Fmedia&parent=11045"}],"wp:term":[{"taxonomy":"category","embeddable":true,"href":"https:\/\/blog.erm.ee\/index.php?rest_route=%2Fwp%2Fv2%2Fcategories&post=11045"},{"taxonomy":"post_tag","embeddable":true,"href":"https:\/\/blog.erm.ee\/index.php?rest_route=%2Fwp%2Fv2%2Ftags&post=11045"}],"curies":[{"name":"wp","href":"https:\/\/api.w.org\/{rel}","templated":true}]}}