{"id":11010,"date":"2018-02-20T07:58:42","date_gmt":"2018-02-20T05:58:42","guid":{"rendered":"http:\/\/blog.erm.ee\/?p=11010"},"modified":"2018-02-19T17:23:32","modified_gmt":"2018-02-19T15:23:32","slug":"igauhel-oma-eesti-mark","status":"publish","type":"post","link":"https:\/\/blog.erm.ee\/?p=11010","title":{"rendered":"Iga\u00fchel oma Eesti m\u00e4rk"},"content":{"rendered":"<div class=\"fcbkbttn_buttons_block\" id=\"fcbkbttn_left\"><div class=\"fcbkbttn_like \"><fb:like href=\"https:\/\/blog.erm.ee\/?p=11010\" action=\"like\" colorscheme=\"light\" layout=\"standard\"  width=\"225px\" size=\"small\"><\/fb:like><\/div><div class=\"fb-share-button  \" data-href=\"https:\/\/blog.erm.ee\/?p=11010\" data-type=\"button\" data-size=\"small\"><\/div><\/div><p style=\"text-align: justify;\"><em>\u00dclle J\u00e4e, Riina Reinvelt, Siret Saar, kogude osakond<br \/>\n<\/em><\/p>\n<p style=\"text-align: justify;\">1981. aasta Loomingu septembrinumbris ilmus Andrus R\u00f5ugu akrostihhon &#8220;Silmades taevas ja meri&#8221;, mille ridade esimesed t\u00e4hed andsid \u00fclalt alla lugedes kokku s\u00f5nad &#8220;sinimustvalge&#8221;. Poliitilise huligaansuse eest heideti luuletaja k\u00f5rgkoolist v\u00e4lja, karistada sai ka toimetus. On olnud aegu, mil selle v\u00e4rvikombinatsiooni kasutamine on olnud iseenesestm\u00f5istetav, aga ka aegu, mil seda pidi tegema varjatult, kuid tehti ikkagi ja seejuures v\u00e4gagi teadlikult.<\/p>\n<p style=\"text-align: justify;\">Sinimustvalget s\u00fcmboolikat kohtab t\u00e4nases Eestis pea k\u00f5ikjal, alates kruusidest ja rinnam\u00e4rkidest ning l\u00f5petades j\u00e4\u00e4tiste ja <em>shot<\/em>\u2019idega. J\u00e4rgnevalt v\u00e4ike sinimustvalge valik ERMi kogudest.<\/p>\n<div id=\"attachment_11012\" style=\"width: 813px\" class=\"wp-caption alignnone\"><a href=\"https:\/\/blog.erm.ee\/wp-content\/uploads\/2018\/02\/072174_ERM_D_106_1017_02.jpg\"><img loading=\"lazy\" decoding=\"async\" aria-describedby=\"caption-attachment-11012\" data-attachment-id=\"11012\" data-permalink=\"https:\/\/blog.erm.ee\/?attachment_id=11012#main\" data-orig-file=\"https:\/\/blog.erm.ee\/wp-content\/uploads\/2018\/02\/072174_ERM_D_106_1017_02.jpg\" data-orig-size=\"803,1200\" data-comments-opened=\"1\" data-image-meta=\"{&quot;aperture&quot;:&quot;0&quot;,&quot;credit&quot;:&quot;&quot;,&quot;camera&quot;:&quot;&quot;,&quot;caption&quot;:&quot;&quot;,&quot;created_timestamp&quot;:&quot;0&quot;,&quot;copyright&quot;:&quot;(C)2011 {your name}, all rights reserved&quot;,&quot;focal_length&quot;:&quot;0&quot;,&quot;iso&quot;:&quot;0&quot;,&quot;shutter_speed&quot;:&quot;0&quot;,&quot;title&quot;:&quot;&quot;,&quot;orientation&quot;:&quot;0&quot;}\" data-image-title=\"072174_ERM_D_106_1017_02\" data-image-description=\"\" data-image-caption=\"\" data-large-file=\"https:\/\/blog.erm.ee\/wp-content\/uploads\/2018\/02\/072174_ERM_D_106_1017_02-685x1024.jpg\" class=\"wp-image-11012 size-full\" src=\"https:\/\/blog.erm.ee\/wp-content\/uploads\/2018\/02\/072174_ERM_D_106_1017_02.jpg\" alt=\"\" width=\"803\" height=\"1200\" srcset=\"https:\/\/blog.erm.ee\/wp-content\/uploads\/2018\/02\/072174_ERM_D_106_1017_02.jpg 803w, https:\/\/blog.erm.ee\/wp-content\/uploads\/2018\/02\/072174_ERM_D_106_1017_02-174x260.jpg 174w, https:\/\/blog.erm.ee\/wp-content\/uploads\/2018\/02\/072174_ERM_D_106_1017_02-201x300.jpg 201w, https:\/\/blog.erm.ee\/wp-content\/uploads\/2018\/02\/072174_ERM_D_106_1017_02-768x1148.jpg 768w, https:\/\/blog.erm.ee\/wp-content\/uploads\/2018\/02\/072174_ERM_D_106_1017_02-685x1024.jpg 685w\" sizes=\"auto, (max-width: 803px) 100vw, 803px\" \/><\/a><p id=\"caption-attachment-11012\" class=\"wp-caption-text\">Vabariik oli alles v\u00e4lja kuulutatud ja Vabaduss\u00f5da veel k\u00e4imas, kui Tartu Kommertskooli l\u00f5petajad kaunistasid oma koolil\u00f5pum\u00e4rgi 1919. aastal sinimustvalge v\u00e4rvikombinatsiooniga. Valmistanud Tartu kullassepp J. Villmann.\u00a0\u00a0\u00a0\u00a0\u00a0\u00a0\u00a0\u00a0\u00a0\u00a0 (ERM D 106:1017)<\/p><\/div>\n<div id=\"attachment_11014\" style=\"width: 1210px\" class=\"wp-caption alignnone\"><a href=\"https:\/\/blog.erm.ee\/wp-content\/uploads\/2018\/02\/120977_ERM_A_415_5_04.jpg\"><img loading=\"lazy\" decoding=\"async\" aria-describedby=\"caption-attachment-11014\" data-attachment-id=\"11014\" data-permalink=\"https:\/\/blog.erm.ee\/?attachment_id=11014#main\" data-orig-file=\"https:\/\/blog.erm.ee\/wp-content\/uploads\/2018\/02\/120977_ERM_A_415_5_04.jpg\" data-orig-size=\"1200,733\" data-comments-opened=\"1\" data-image-meta=\"{&quot;aperture&quot;:&quot;0&quot;,&quot;credit&quot;:&quot;&quot;,&quot;camera&quot;:&quot;&quot;,&quot;caption&quot;:&quot;&quot;,&quot;created_timestamp&quot;:&quot;0&quot;,&quot;copyright&quot;:&quot;\\u00a9 Eesti Rahva Muuseum 2014&quot;,&quot;focal_length&quot;:&quot;0&quot;,&quot;iso&quot;:&quot;0&quot;,&quot;shutter_speed&quot;:&quot;0&quot;,&quot;title&quot;:&quot;&quot;,&quot;orientation&quot;:&quot;0&quot;}\" data-image-title=\"120977_ERM_A_415_5_04\" data-image-description=\"\" data-image-caption=\"\" data-large-file=\"https:\/\/blog.erm.ee\/wp-content\/uploads\/2018\/02\/120977_ERM_A_415_5_04-1024x625.jpg\" class=\"wp-image-11014 size-full\" src=\"https:\/\/blog.erm.ee\/wp-content\/uploads\/2018\/02\/120977_ERM_A_415_5_04.jpg\" alt=\"\" width=\"1200\" height=\"733\" srcset=\"https:\/\/blog.erm.ee\/wp-content\/uploads\/2018\/02\/120977_ERM_A_415_5_04.jpg 1200w, https:\/\/blog.erm.ee\/wp-content\/uploads\/2018\/02\/120977_ERM_A_415_5_04-426x260.jpg 426w, https:\/\/blog.erm.ee\/wp-content\/uploads\/2018\/02\/120977_ERM_A_415_5_04-300x183.jpg 300w, https:\/\/blog.erm.ee\/wp-content\/uploads\/2018\/02\/120977_ERM_A_415_5_04-768x469.jpg 768w, https:\/\/blog.erm.ee\/wp-content\/uploads\/2018\/02\/120977_ERM_A_415_5_04-1024x625.jpg 1024w\" sizes=\"auto, (max-width: 1200px) 100vw, 1200px\" \/><\/a><p id=\"caption-attachment-11014\" class=\"wp-caption-text\">V\u00f6\u00f6 on vana setu mustriga, kuid punase asemel kasutati sinist l\u00f5nga. Selliseid v\u00f6id tehti 1930. aastatel turistidele m\u00fc\u00fcmiseks. (ERM A 415:5)<\/p><\/div>\n<div id=\"attachment_11023\" style=\"width: 811px\" class=\"wp-caption alignnone\"><a href=\"https:\/\/blog.erm.ee\/wp-content\/uploads\/2018\/02\/D_227_1_bv0010_15.jpg\"><img loading=\"lazy\" decoding=\"async\" aria-describedby=\"caption-attachment-11023\" data-attachment-id=\"11023\" data-permalink=\"https:\/\/blog.erm.ee\/?attachment_id=11023#main\" data-orig-file=\"https:\/\/blog.erm.ee\/wp-content\/uploads\/2018\/02\/D_227_1_bv0010_15.jpg\" data-orig-size=\"801,1200\" data-comments-opened=\"1\" data-image-meta=\"{&quot;aperture&quot;:&quot;0&quot;,&quot;credit&quot;:&quot;&quot;,&quot;camera&quot;:&quot;&quot;,&quot;caption&quot;:&quot;&quot;,&quot;created_timestamp&quot;:&quot;0&quot;,&quot;copyright&quot;:&quot;&quot;,&quot;focal_length&quot;:&quot;0&quot;,&quot;iso&quot;:&quot;0&quot;,&quot;shutter_speed&quot;:&quot;0&quot;,&quot;title&quot;:&quot;&quot;,&quot;orientation&quot;:&quot;0&quot;}\" data-image-title=\"D_227_1_bv0010_15\" data-image-description=\"\" data-image-caption=\"&lt;p&gt;D 227:1&lt;\/p&gt;\n\" data-large-file=\"https:\/\/blog.erm.ee\/wp-content\/uploads\/2018\/02\/D_227_1_bv0010_15-684x1024.jpg\" class=\"wp-image-11023 size-full\" src=\"https:\/\/blog.erm.ee\/wp-content\/uploads\/2018\/02\/D_227_1_bv0010_15.jpg\" alt=\"\" width=\"801\" height=\"1200\" srcset=\"https:\/\/blog.erm.ee\/wp-content\/uploads\/2018\/02\/D_227_1_bv0010_15.jpg 801w, https:\/\/blog.erm.ee\/wp-content\/uploads\/2018\/02\/D_227_1_bv0010_15-174x260.jpg 174w, https:\/\/blog.erm.ee\/wp-content\/uploads\/2018\/02\/D_227_1_bv0010_15-200x300.jpg 200w, https:\/\/blog.erm.ee\/wp-content\/uploads\/2018\/02\/D_227_1_bv0010_15-768x1151.jpg 768w, https:\/\/blog.erm.ee\/wp-content\/uploads\/2018\/02\/D_227_1_bv0010_15-684x1024.jpg 684w\" sizes=\"auto, (max-width: 801px) 100vw, 801px\" \/><\/a><p id=\"caption-attachment-11023\" class=\"wp-caption-text\">Kann on kingitud 1943. aastal Tartu Meestelauluseltsile 20. aastap\u00e4evaks. (ERM D 227:1)<\/p><\/div>\n<div id=\"attachment_11022\" style=\"width: 1210px\" class=\"wp-caption alignnone\"><a href=\"https:\/\/blog.erm.ee\/wp-content\/uploads\/2018\/02\/bv0007_14.jpg\"><img loading=\"lazy\" decoding=\"async\" aria-describedby=\"caption-attachment-11022\" data-attachment-id=\"11022\" data-permalink=\"https:\/\/blog.erm.ee\/?attachment_id=11022#main\" data-orig-file=\"https:\/\/blog.erm.ee\/wp-content\/uploads\/2018\/02\/bv0007_14.jpg\" data-orig-size=\"1200,801\" data-comments-opened=\"1\" data-image-meta=\"{&quot;aperture&quot;:&quot;0&quot;,&quot;credit&quot;:&quot;&quot;,&quot;camera&quot;:&quot;&quot;,&quot;caption&quot;:&quot;&quot;,&quot;created_timestamp&quot;:&quot;0&quot;,&quot;copyright&quot;:&quot;&quot;,&quot;focal_length&quot;:&quot;0&quot;,&quot;iso&quot;:&quot;0&quot;,&quot;shutter_speed&quot;:&quot;0&quot;,&quot;title&quot;:&quot;&quot;,&quot;orientation&quot;:&quot;0&quot;}\" data-image-title=\"bv0007_14\" data-image-description=\"\" data-image-caption=\"&lt;p&gt;A 1035:37-39&lt;\/p&gt;\n\" data-large-file=\"https:\/\/blog.erm.ee\/wp-content\/uploads\/2018\/02\/bv0007_14-1024x684.jpg\" class=\"wp-image-11022 size-full\" src=\"https:\/\/blog.erm.ee\/wp-content\/uploads\/2018\/02\/bv0007_14.jpg\" alt=\"\" width=\"1200\" height=\"801\" srcset=\"https:\/\/blog.erm.ee\/wp-content\/uploads\/2018\/02\/bv0007_14.jpg 1200w, https:\/\/blog.erm.ee\/wp-content\/uploads\/2018\/02\/bv0007_14-390x260.jpg 390w, https:\/\/blog.erm.ee\/wp-content\/uploads\/2018\/02\/bv0007_14-300x200.jpg 300w, https:\/\/blog.erm.ee\/wp-content\/uploads\/2018\/02\/bv0007_14-768x513.jpg 768w, https:\/\/blog.erm.ee\/wp-content\/uploads\/2018\/02\/bv0007_14-1024x684.jpg 1024w\" sizes=\"auto, (max-width: 1200px) 100vw, 1200px\" \/><\/a><p id=\"caption-attachment-11022\" class=\"wp-caption-text\">Tallinna 2. Keskkooli \u00f5pilane Piret Kalm ostis 1970. aastate alguses tavakaubandusest kaks k\u00e4ev\u00f5ru: sinise ja musta. Kuskilt \u00f5nnestus juurde hankida ka valge k\u00e4ev\u00f5ru. Ta kandis neid koolis \u00fcsna demonstratiivselt, aga keegi kaebas ja tuli pahandus. Seej\u00e4rel kandis ta neid koolivormi pluusi varruka all. (ERM A 1035:37-39)<\/p><\/div>\n<div id=\"attachment_11011\" style=\"width: 1210px\" class=\"wp-caption alignnone\"><a href=\"https:\/\/blog.erm.ee\/wp-content\/uploads\/2018\/02\/060720_ERM_A_986_227_01.jpg\"><img loading=\"lazy\" decoding=\"async\" aria-describedby=\"caption-attachment-11011\" data-attachment-id=\"11011\" data-permalink=\"https:\/\/blog.erm.ee\/?attachment_id=11011#main\" data-orig-file=\"https:\/\/blog.erm.ee\/wp-content\/uploads\/2018\/02\/060720_ERM_A_986_227_01.jpg\" data-orig-size=\"1200,803\" data-comments-opened=\"1\" data-image-meta=\"{&quot;aperture&quot;:&quot;0&quot;,&quot;credit&quot;:&quot;&quot;,&quot;camera&quot;:&quot;&quot;,&quot;caption&quot;:&quot;&quot;,&quot;created_timestamp&quot;:&quot;0&quot;,&quot;copyright&quot;:&quot;\\u00a9 Eesti Rahva Muuseum&quot;,&quot;focal_length&quot;:&quot;0&quot;,&quot;iso&quot;:&quot;0&quot;,&quot;shutter_speed&quot;:&quot;0&quot;,&quot;title&quot;:&quot;&quot;,&quot;orientation&quot;:&quot;0&quot;}\" data-image-title=\"060720_ERM_A_986_227_01\" data-image-description=\"\" data-image-caption=\"&lt;p&gt;A 986:227&lt;\/p&gt;\n\" data-large-file=\"https:\/\/blog.erm.ee\/wp-content\/uploads\/2018\/02\/060720_ERM_A_986_227_01-1024x685.jpg\" class=\"wp-image-11011 size-full\" src=\"https:\/\/blog.erm.ee\/wp-content\/uploads\/2018\/02\/060720_ERM_A_986_227_01.jpg\" alt=\"\" width=\"1200\" height=\"803\" srcset=\"https:\/\/blog.erm.ee\/wp-content\/uploads\/2018\/02\/060720_ERM_A_986_227_01.jpg 1200w, https:\/\/blog.erm.ee\/wp-content\/uploads\/2018\/02\/060720_ERM_A_986_227_01-389x260.jpg 389w, https:\/\/blog.erm.ee\/wp-content\/uploads\/2018\/02\/060720_ERM_A_986_227_01-300x201.jpg 300w, https:\/\/blog.erm.ee\/wp-content\/uploads\/2018\/02\/060720_ERM_A_986_227_01-768x514.jpg 768w, https:\/\/blog.erm.ee\/wp-content\/uploads\/2018\/02\/060720_ERM_A_986_227_01-1024x685.jpg 1024w\" sizes=\"auto, (max-width: 1200px) 100vw, 1200px\" \/><\/a><p id=\"caption-attachment-11011\" class=\"wp-caption-text\">N\u00f5ukogude ajal keelatud v\u00e4rvikombinatsiooni leidmine vennasvabariikide toodangu hulgast tekitas eestlaste seas alati \u00e4ratundmisr\u00f5\u00f5mu ja elevust. Filoloog Viire Villandi ostis m\u00fctsi L\u00e4ti NSVst. (ERM A 986:227)<\/p><\/div>\n<div id=\"attachment_11017\" style=\"width: 1210px\" class=\"wp-caption alignnone\"><a href=\"https:\/\/blog.erm.ee\/wp-content\/uploads\/2018\/02\/A_1011_21_05.jpg\"><img loading=\"lazy\" decoding=\"async\" aria-describedby=\"caption-attachment-11017\" data-attachment-id=\"11017\" data-permalink=\"https:\/\/blog.erm.ee\/?attachment_id=11017#main\" data-orig-file=\"https:\/\/blog.erm.ee\/wp-content\/uploads\/2018\/02\/A_1011_21_05.jpg\" data-orig-size=\"1200,801\" data-comments-opened=\"1\" data-image-meta=\"{&quot;aperture&quot;:&quot;0&quot;,&quot;credit&quot;:&quot;&quot;,&quot;camera&quot;:&quot;&quot;,&quot;caption&quot;:&quot;&quot;,&quot;created_timestamp&quot;:&quot;0&quot;,&quot;copyright&quot;:&quot;&quot;,&quot;focal_length&quot;:&quot;0&quot;,&quot;iso&quot;:&quot;0&quot;,&quot;shutter_speed&quot;:&quot;0&quot;,&quot;title&quot;:&quot;&quot;,&quot;orientation&quot;:&quot;0&quot;}\" data-image-title=\"A_1011_21_05\" data-image-description=\"\" data-image-caption=\"\" data-large-file=\"https:\/\/blog.erm.ee\/wp-content\/uploads\/2018\/02\/A_1011_21_05-1024x684.jpg\" class=\"wp-image-11017 size-full\" src=\"https:\/\/blog.erm.ee\/wp-content\/uploads\/2018\/02\/A_1011_21_05.jpg\" alt=\"\" width=\"1200\" height=\"801\" srcset=\"https:\/\/blog.erm.ee\/wp-content\/uploads\/2018\/02\/A_1011_21_05.jpg 1200w, https:\/\/blog.erm.ee\/wp-content\/uploads\/2018\/02\/A_1011_21_05-390x260.jpg 390w, https:\/\/blog.erm.ee\/wp-content\/uploads\/2018\/02\/A_1011_21_05-300x200.jpg 300w, https:\/\/blog.erm.ee\/wp-content\/uploads\/2018\/02\/A_1011_21_05-768x513.jpg 768w, https:\/\/blog.erm.ee\/wp-content\/uploads\/2018\/02\/A_1011_21_05-1024x684.jpg 1024w\" sizes=\"auto, (max-width: 1200px) 100vw, 1200px\" \/><\/a><p id=\"caption-attachment-11017\" class=\"wp-caption-text\">Suitsupitsi valmistas Renee Beermann oma abikaasa Agnesele 1946. v\u00f5i 1947. aastal Saksamaal Eutini p\u00f5genikelaagris. (ERM A 1011:21)<\/p><\/div>\n<div id=\"attachment_11021\" style=\"width: 1210px\" class=\"wp-caption alignnone\"><a href=\"https:\/\/blog.erm.ee\/wp-content\/uploads\/2018\/02\/bv0004_13.jpg\"><img loading=\"lazy\" decoding=\"async\" aria-describedby=\"caption-attachment-11021\" data-attachment-id=\"11021\" data-permalink=\"https:\/\/blog.erm.ee\/?attachment_id=11021#main\" data-orig-file=\"https:\/\/blog.erm.ee\/wp-content\/uploads\/2018\/02\/bv0004_13.jpg\" data-orig-size=\"1200,801\" data-comments-opened=\"1\" data-image-meta=\"{&quot;aperture&quot;:&quot;0&quot;,&quot;credit&quot;:&quot;&quot;,&quot;camera&quot;:&quot;&quot;,&quot;caption&quot;:&quot;&quot;,&quot;created_timestamp&quot;:&quot;0&quot;,&quot;copyright&quot;:&quot;&quot;,&quot;focal_length&quot;:&quot;0&quot;,&quot;iso&quot;:&quot;0&quot;,&quot;shutter_speed&quot;:&quot;0&quot;,&quot;title&quot;:&quot;&quot;,&quot;orientation&quot;:&quot;0&quot;}\" data-image-title=\"bv0004_13\" data-image-description=\"\" data-image-caption=\"&lt;p&gt;A 861:33, numbrita&lt;\/p&gt;\n\" data-large-file=\"https:\/\/blog.erm.ee\/wp-content\/uploads\/2018\/02\/bv0004_13-1024x684.jpg\" class=\"wp-image-11021 size-full\" src=\"https:\/\/blog.erm.ee\/wp-content\/uploads\/2018\/02\/bv0004_13.jpg\" alt=\"\" width=\"1200\" height=\"801\" srcset=\"https:\/\/blog.erm.ee\/wp-content\/uploads\/2018\/02\/bv0004_13.jpg 1200w, https:\/\/blog.erm.ee\/wp-content\/uploads\/2018\/02\/bv0004_13-390x260.jpg 390w, https:\/\/blog.erm.ee\/wp-content\/uploads\/2018\/02\/bv0004_13-300x200.jpg 300w, https:\/\/blog.erm.ee\/wp-content\/uploads\/2018\/02\/bv0004_13-768x513.jpg 768w, https:\/\/blog.erm.ee\/wp-content\/uploads\/2018\/02\/bv0004_13-1024x684.jpg 1024w\" sizes=\"auto, (max-width: 1200px) 100vw, 1200px\" \/><\/a><p id=\"caption-attachment-11021\" class=\"wp-caption-text\">1972. aastal toimusid Torontos esimesed \u00dclemaailmsed Eesti P\u00e4evad, mis alates 1976. aastast kannavad nimetust ESTO. Igal nelja aasta tagant toimunud kokkusaamisel on olnud oma embleem, mida on kasutatud nii kirjapaberil, \u00fcmbrikel, m\u00e4rkidel kui ka igasugustel suveniiridel. See embleem on alati olnud kujundatud sinimustvalge kombinatsioonis. (ERM A 861:33, numbrita)<\/p><\/div>\n<div id=\"attachment_11024\" style=\"width: 1210px\" class=\"wp-caption alignnone\"><a href=\"https:\/\/blog.erm.ee\/wp-content\/uploads\/2018\/02\/D_228_3_16.jpg\"><img loading=\"lazy\" decoding=\"async\" aria-describedby=\"caption-attachment-11024\" data-attachment-id=\"11024\" data-permalink=\"https:\/\/blog.erm.ee\/?attachment_id=11024#main\" data-orig-file=\"https:\/\/blog.erm.ee\/wp-content\/uploads\/2018\/02\/D_228_3_16.jpg\" data-orig-size=\"1200,1061\" data-comments-opened=\"1\" data-image-meta=\"{&quot;aperture&quot;:&quot;0&quot;,&quot;credit&quot;:&quot;&quot;,&quot;camera&quot;:&quot;&quot;,&quot;caption&quot;:&quot;&quot;,&quot;created_timestamp&quot;:&quot;0&quot;,&quot;copyright&quot;:&quot;&quot;,&quot;focal_length&quot;:&quot;0&quot;,&quot;iso&quot;:&quot;0&quot;,&quot;shutter_speed&quot;:&quot;0&quot;,&quot;title&quot;:&quot;&quot;,&quot;orientation&quot;:&quot;0&quot;}\" data-image-title=\"D_228_3_16\" data-image-description=\"\" data-image-caption=\"&lt;p&gt;ERM A 1026:4&lt;\/p&gt;\n\" data-large-file=\"https:\/\/blog.erm.ee\/wp-content\/uploads\/2018\/02\/D_228_3_16-1024x905.jpg\" class=\"wp-image-11024 size-full\" src=\"https:\/\/blog.erm.ee\/wp-content\/uploads\/2018\/02\/D_228_3_16.jpg\" alt=\"\" width=\"1200\" height=\"1061\" srcset=\"https:\/\/blog.erm.ee\/wp-content\/uploads\/2018\/02\/D_228_3_16.jpg 1200w, https:\/\/blog.erm.ee\/wp-content\/uploads\/2018\/02\/D_228_3_16-294x260.jpg 294w, https:\/\/blog.erm.ee\/wp-content\/uploads\/2018\/02\/D_228_3_16-300x265.jpg 300w, https:\/\/blog.erm.ee\/wp-content\/uploads\/2018\/02\/D_228_3_16-768x679.jpg 768w, https:\/\/blog.erm.ee\/wp-content\/uploads\/2018\/02\/D_228_3_16-1024x905.jpg 1024w\" sizes=\"auto, (max-width: 1200px) 100vw, 1200px\" \/><\/a><p id=\"caption-attachment-11024\" class=\"wp-caption-text\">Rinnam\u00e4rgi t\u00f5id Tallinnas elavale Piret Kalmule kingituseks 1970. aastatel Kanadast k\u00fclla tulnud sugulased.\u00a0\u00a0\u00a0\u00a0\u00a0\u00a0\u00a0\u00a0\u00a0 (ERM D 228:3)<\/p><\/div>\n<div id=\"attachment_11015\" style=\"width: 1210px\" class=\"wp-caption alignnone\"><a href=\"https:\/\/blog.erm.ee\/wp-content\/uploads\/2018\/02\/A_895_76_09.jpg\"><img loading=\"lazy\" decoding=\"async\" aria-describedby=\"caption-attachment-11015\" data-attachment-id=\"11015\" data-permalink=\"https:\/\/blog.erm.ee\/?attachment_id=11015#main\" data-orig-file=\"https:\/\/blog.erm.ee\/wp-content\/uploads\/2018\/02\/A_895_76_09.jpg\" data-orig-size=\"1200,801\" data-comments-opened=\"1\" data-image-meta=\"{&quot;aperture&quot;:&quot;0&quot;,&quot;credit&quot;:&quot;&quot;,&quot;camera&quot;:&quot;&quot;,&quot;caption&quot;:&quot;&quot;,&quot;created_timestamp&quot;:&quot;0&quot;,&quot;copyright&quot;:&quot;&quot;,&quot;focal_length&quot;:&quot;0&quot;,&quot;iso&quot;:&quot;0&quot;,&quot;shutter_speed&quot;:&quot;0&quot;,&quot;title&quot;:&quot;&quot;,&quot;orientation&quot;:&quot;0&quot;}\" data-image-title=\"A_895_76_09\" data-image-description=\"\" data-image-caption=\"&lt;p&gt;ERM A 895:76&lt;\/p&gt;\n\" data-large-file=\"https:\/\/blog.erm.ee\/wp-content\/uploads\/2018\/02\/A_895_76_09-1024x684.jpg\" class=\"size-full wp-image-11015\" src=\"https:\/\/blog.erm.ee\/wp-content\/uploads\/2018\/02\/A_895_76_09.jpg\" alt=\"\" width=\"1200\" height=\"801\" srcset=\"https:\/\/blog.erm.ee\/wp-content\/uploads\/2018\/02\/A_895_76_09.jpg 1200w, https:\/\/blog.erm.ee\/wp-content\/uploads\/2018\/02\/A_895_76_09-390x260.jpg 390w, https:\/\/blog.erm.ee\/wp-content\/uploads\/2018\/02\/A_895_76_09-300x200.jpg 300w, https:\/\/blog.erm.ee\/wp-content\/uploads\/2018\/02\/A_895_76_09-768x513.jpg 768w, https:\/\/blog.erm.ee\/wp-content\/uploads\/2018\/02\/A_895_76_09-1024x684.jpg 1024w\" sizes=\"auto, (max-width: 1200px) 100vw, 1200px\" \/><\/a><p id=\"caption-attachment-11015\" class=\"wp-caption-text\">Kruus on kingitud New Yorgis peakonsul Ernst Jaaksonile 1975. aastal. (ERM A 895:76)<\/p><\/div>\n<div id=\"attachment_11018\" style=\"width: 811px\" class=\"wp-caption alignnone\"><a href=\"https:\/\/blog.erm.ee\/wp-content\/uploads\/2018\/02\/A_1026_4_06.jpg\"><img loading=\"lazy\" decoding=\"async\" aria-describedby=\"caption-attachment-11018\" data-attachment-id=\"11018\" data-permalink=\"https:\/\/blog.erm.ee\/?attachment_id=11018#main\" data-orig-file=\"https:\/\/blog.erm.ee\/wp-content\/uploads\/2018\/02\/A_1026_4_06.jpg\" data-orig-size=\"801,1200\" data-comments-opened=\"1\" data-image-meta=\"{&quot;aperture&quot;:&quot;0&quot;,&quot;credit&quot;:&quot;&quot;,&quot;camera&quot;:&quot;&quot;,&quot;caption&quot;:&quot;&quot;,&quot;created_timestamp&quot;:&quot;0&quot;,&quot;copyright&quot;:&quot;&quot;,&quot;focal_length&quot;:&quot;0&quot;,&quot;iso&quot;:&quot;0&quot;,&quot;shutter_speed&quot;:&quot;0&quot;,&quot;title&quot;:&quot;&quot;,&quot;orientation&quot;:&quot;0&quot;}\" data-image-title=\"A_1026_4_06\" data-image-description=\"\" data-image-caption=\"&lt;p&gt;ERM A 1026:4&lt;\/p&gt;\n\" data-large-file=\"https:\/\/blog.erm.ee\/wp-content\/uploads\/2018\/02\/A_1026_4_06-684x1024.jpg\" class=\"size-full wp-image-11018\" src=\"https:\/\/blog.erm.ee\/wp-content\/uploads\/2018\/02\/A_1026_4_06.jpg\" alt=\"\" width=\"801\" height=\"1200\" srcset=\"https:\/\/blog.erm.ee\/wp-content\/uploads\/2018\/02\/A_1026_4_06.jpg 801w, https:\/\/blog.erm.ee\/wp-content\/uploads\/2018\/02\/A_1026_4_06-174x260.jpg 174w, https:\/\/blog.erm.ee\/wp-content\/uploads\/2018\/02\/A_1026_4_06-200x300.jpg 200w, https:\/\/blog.erm.ee\/wp-content\/uploads\/2018\/02\/A_1026_4_06-768x1151.jpg 768w, https:\/\/blog.erm.ee\/wp-content\/uploads\/2018\/02\/A_1026_4_06-684x1024.jpg 684w\" sizes=\"auto, (max-width: 801px) 100vw, 801px\" \/><\/a><p id=\"caption-attachment-11018\" class=\"wp-caption-text\">Rinnam\u00e4rgi annetas ERMile \u00a0kanada-eestlane Sinaida Kuti. Rahvusliku iseloomuga m\u00e4rgid ja rinnan\u00f5elad on v\u00e4liseestlaste hulgas olnud v\u00e4ga populaarsed, tihti kasutati neid rinnam\u00e4rke erinevate Eesti \u00fcrituste m\u00e4rkidena.\u00a0\u00a0\u00a0\u00a0 (ERM A 1026:4)<\/p><\/div>\n<div id=\"attachment_11013\" style=\"width: 987px\" class=\"wp-caption alignnone\"><a href=\"https:\/\/blog.erm.ee\/wp-content\/uploads\/2018\/02\/075069_ERM_K_5332_03.jpg\"><img loading=\"lazy\" decoding=\"async\" aria-describedby=\"caption-attachment-11013\" data-attachment-id=\"11013\" data-permalink=\"https:\/\/blog.erm.ee\/?attachment_id=11013#main\" data-orig-file=\"https:\/\/blog.erm.ee\/wp-content\/uploads\/2018\/02\/075069_ERM_K_5332_03.jpg\" data-orig-size=\"977,1200\" data-comments-opened=\"1\" data-image-meta=\"{&quot;aperture&quot;:&quot;0&quot;,&quot;credit&quot;:&quot;&quot;,&quot;camera&quot;:&quot;&quot;,&quot;caption&quot;:&quot;&quot;,&quot;created_timestamp&quot;:&quot;0&quot;,&quot;copyright&quot;:&quot;(C)2011 {your name}, all rights reserved&quot;,&quot;focal_length&quot;:&quot;0&quot;,&quot;iso&quot;:&quot;0&quot;,&quot;shutter_speed&quot;:&quot;0&quot;,&quot;title&quot;:&quot;&quot;,&quot;orientation&quot;:&quot;0&quot;}\" data-image-title=\"075069_ERM_K_5332_03\" data-image-description=\"\" data-image-caption=\"&lt;p&gt;ERM K 5332&lt;\/p&gt;\n\" data-large-file=\"https:\/\/blog.erm.ee\/wp-content\/uploads\/2018\/02\/075069_ERM_K_5332_03-834x1024.jpg\" class=\"size-full wp-image-11013\" src=\"https:\/\/blog.erm.ee\/wp-content\/uploads\/2018\/02\/075069_ERM_K_5332_03.jpg\" alt=\"\" width=\"977\" height=\"1200\" srcset=\"https:\/\/blog.erm.ee\/wp-content\/uploads\/2018\/02\/075069_ERM_K_5332_03.jpg 977w, https:\/\/blog.erm.ee\/wp-content\/uploads\/2018\/02\/075069_ERM_K_5332_03-212x260.jpg 212w, https:\/\/blog.erm.ee\/wp-content\/uploads\/2018\/02\/075069_ERM_K_5332_03-244x300.jpg 244w, https:\/\/blog.erm.ee\/wp-content\/uploads\/2018\/02\/075069_ERM_K_5332_03-768x943.jpg 768w, https:\/\/blog.erm.ee\/wp-content\/uploads\/2018\/02\/075069_ERM_K_5332_03-834x1024.jpg 834w\" sizes=\"auto, (max-width: 977px) 100vw, 977px\" \/><\/a><p id=\"caption-attachment-11013\" class=\"wp-caption-text\">Seinapildi valmistas 1995. aastal Harald Salum\u00e4e, kel oli USAs oma \u00e4ri, mis tegeles reklaamide joonistamise ja maalimisega. Muuseumisse j\u00f5udis pilt koos konsul Ernst Jaaksoni p\u00e4randiga. (ERM K 5332)<\/p><\/div>\n<div id=\"attachment_11016\" style=\"width: 811px\" class=\"wp-caption alignnone\"><a href=\"https:\/\/blog.erm.ee\/wp-content\/uploads\/2018\/02\/A_924_204_10.jpg\"><img loading=\"lazy\" decoding=\"async\" aria-describedby=\"caption-attachment-11016\" data-attachment-id=\"11016\" data-permalink=\"https:\/\/blog.erm.ee\/?attachment_id=11016#main\" data-orig-file=\"https:\/\/blog.erm.ee\/wp-content\/uploads\/2018\/02\/A_924_204_10.jpg\" data-orig-size=\"801,1200\" data-comments-opened=\"1\" data-image-meta=\"{&quot;aperture&quot;:&quot;0&quot;,&quot;credit&quot;:&quot;&quot;,&quot;camera&quot;:&quot;&quot;,&quot;caption&quot;:&quot;&quot;,&quot;created_timestamp&quot;:&quot;0&quot;,&quot;copyright&quot;:&quot;&quot;,&quot;focal_length&quot;:&quot;0&quot;,&quot;iso&quot;:&quot;0&quot;,&quot;shutter_speed&quot;:&quot;0&quot;,&quot;title&quot;:&quot;&quot;,&quot;orientation&quot;:&quot;0&quot;}\" data-image-title=\"A_924_204_10\" data-image-description=\"\" data-image-caption=\"&lt;p&gt;ERM A 924:206&lt;\/p&gt;\n\" data-large-file=\"https:\/\/blog.erm.ee\/wp-content\/uploads\/2018\/02\/A_924_204_10-684x1024.jpg\" class=\"size-full wp-image-11016\" src=\"https:\/\/blog.erm.ee\/wp-content\/uploads\/2018\/02\/A_924_204_10.jpg\" alt=\"\" width=\"801\" height=\"1200\" srcset=\"https:\/\/blog.erm.ee\/wp-content\/uploads\/2018\/02\/A_924_204_10.jpg 801w, https:\/\/blog.erm.ee\/wp-content\/uploads\/2018\/02\/A_924_204_10-174x260.jpg 174w, https:\/\/blog.erm.ee\/wp-content\/uploads\/2018\/02\/A_924_204_10-200x300.jpg 200w, https:\/\/blog.erm.ee\/wp-content\/uploads\/2018\/02\/A_924_204_10-768x1151.jpg 768w, https:\/\/blog.erm.ee\/wp-content\/uploads\/2018\/02\/A_924_204_10-684x1024.jpg 684w\" sizes=\"auto, (max-width: 801px) 100vw, 801px\" \/><\/a><p id=\"caption-attachment-11016\" class=\"wp-caption-text\">K\u00fc\u00fcnlajala valmistas klaasikunstnik Uno M\u00e4elt 1996. aastal nii Stockholmis kui ka Tallinnas toimunud ESTO 96 suveniiriks. (ERM A 924:206)<\/p><\/div>\n<div id=\"attachment_11020\" style=\"width: 811px\" class=\"wp-caption alignnone\"><a href=\"https:\/\/blog.erm.ee\/wp-content\/uploads\/2018\/02\/A_1037_2_08.jpg\"><img loading=\"lazy\" decoding=\"async\" aria-describedby=\"caption-attachment-11020\" data-attachment-id=\"11020\" data-permalink=\"https:\/\/blog.erm.ee\/?attachment_id=11020#main\" data-orig-file=\"https:\/\/blog.erm.ee\/wp-content\/uploads\/2018\/02\/A_1037_2_08.jpg\" data-orig-size=\"801,1200\" data-comments-opened=\"1\" data-image-meta=\"{&quot;aperture&quot;:&quot;0&quot;,&quot;credit&quot;:&quot;&quot;,&quot;camera&quot;:&quot;&quot;,&quot;caption&quot;:&quot;&quot;,&quot;created_timestamp&quot;:&quot;0&quot;,&quot;copyright&quot;:&quot;&quot;,&quot;focal_length&quot;:&quot;0&quot;,&quot;iso&quot;:&quot;0&quot;,&quot;shutter_speed&quot;:&quot;0&quot;,&quot;title&quot;:&quot;&quot;,&quot;orientation&quot;:&quot;0&quot;}\" data-image-title=\"A_1037_2_08\" data-image-description=\"\" data-image-caption=\"&lt;p&gt;ERM A 1037:2&lt;\/p&gt;\n\" data-large-file=\"https:\/\/blog.erm.ee\/wp-content\/uploads\/2018\/02\/A_1037_2_08-684x1024.jpg\" class=\"size-full wp-image-11020\" src=\"https:\/\/blog.erm.ee\/wp-content\/uploads\/2018\/02\/A_1037_2_08.jpg\" alt=\"\" width=\"801\" height=\"1200\" srcset=\"https:\/\/blog.erm.ee\/wp-content\/uploads\/2018\/02\/A_1037_2_08.jpg 801w, https:\/\/blog.erm.ee\/wp-content\/uploads\/2018\/02\/A_1037_2_08-174x260.jpg 174w, https:\/\/blog.erm.ee\/wp-content\/uploads\/2018\/02\/A_1037_2_08-200x300.jpg 200w, https:\/\/blog.erm.ee\/wp-content\/uploads\/2018\/02\/A_1037_2_08-768x1151.jpg 768w, https:\/\/blog.erm.ee\/wp-content\/uploads\/2018\/02\/A_1037_2_08-684x1024.jpg 684w\" sizes=\"auto, (max-width: 801px) 100vw, 801px\" \/><\/a><p id=\"caption-attachment-11020\" class=\"wp-caption-text\">Seinakaunistus on toodetud 2000. aastate alguses ja selliseid m\u00fc\u00fcdi Kanadas Waterloos suveniiripoes M&amp;L Crafts, mis oli peamiselt keskendunud eestiaineliste suveniiride m\u00fc\u00fcgile. Poodi pidasid eesti p\u00e4ritolu Lia Stuzka-Sarafian ja tema abikaasa Michael Sarafian. (ERM A 1037:2)<\/p><\/div>\n<div id=\"attachment_11019\" style=\"width: 811px\" class=\"wp-caption alignnone\"><a href=\"https:\/\/blog.erm.ee\/wp-content\/uploads\/2018\/02\/A_1035_25_07.jpg\"><img loading=\"lazy\" decoding=\"async\" aria-describedby=\"caption-attachment-11019\" data-attachment-id=\"11019\" data-permalink=\"https:\/\/blog.erm.ee\/?attachment_id=11019#main\" data-orig-file=\"https:\/\/blog.erm.ee\/wp-content\/uploads\/2018\/02\/A_1035_25_07.jpg\" data-orig-size=\"801,1200\" data-comments-opened=\"1\" data-image-meta=\"{&quot;aperture&quot;:&quot;0&quot;,&quot;credit&quot;:&quot;&quot;,&quot;camera&quot;:&quot;&quot;,&quot;caption&quot;:&quot;&quot;,&quot;created_timestamp&quot;:&quot;0&quot;,&quot;copyright&quot;:&quot;&quot;,&quot;focal_length&quot;:&quot;0&quot;,&quot;iso&quot;:&quot;0&quot;,&quot;shutter_speed&quot;:&quot;0&quot;,&quot;title&quot;:&quot;&quot;,&quot;orientation&quot;:&quot;0&quot;}\" data-image-title=\"A_1035_25_07\" data-image-description=\"\" data-image-caption=\"\" data-large-file=\"https:\/\/blog.erm.ee\/wp-content\/uploads\/2018\/02\/A_1035_25_07-684x1024.jpg\" class=\"wp-image-11019 size-full\" src=\"https:\/\/blog.erm.ee\/wp-content\/uploads\/2018\/02\/A_1035_25_07.jpg\" alt=\"\" width=\"801\" height=\"1200\" srcset=\"https:\/\/blog.erm.ee\/wp-content\/uploads\/2018\/02\/A_1035_25_07.jpg 801w, https:\/\/blog.erm.ee\/wp-content\/uploads\/2018\/02\/A_1035_25_07-174x260.jpg 174w, https:\/\/blog.erm.ee\/wp-content\/uploads\/2018\/02\/A_1035_25_07-200x300.jpg 200w, https:\/\/blog.erm.ee\/wp-content\/uploads\/2018\/02\/A_1035_25_07-768x1151.jpg 768w, https:\/\/blog.erm.ee\/wp-content\/uploads\/2018\/02\/A_1035_25_07-684x1024.jpg 684w\" sizes=\"auto, (max-width: 801px) 100vw, 801px\" \/><\/a><p id=\"caption-attachment-11019\" class=\"wp-caption-text\">Eesti Vabariigi 100. s\u00fcnnip\u00e4eva l\u00e4henedes edastati avalik \u00fcleskutse &#8220;Teeme Eesti Vabariigi 100. s\u00fcnnip\u00e4evaks kingitusi&#8221;. Meida Planken l\u00e4htus ideest &#8220;Igale lipud k\u00e4tte&#8221;. Nii kudus ta sinimustvalged lipukesed kindakirja, sest vabariigi aastap\u00e4ev on ju k\u00fclmal ajal ja inimestel on kindad igal juhul k\u00e4es. (ERM A 1035:25ab)<\/p><\/div>\n<div class=\"fcbkbttn_buttons_block\" id=\"fcbkbttn_left\"><div class=\"fcbkbttn_like \"><fb:like href=\"https:\/\/blog.erm.ee\/?p=11010\" action=\"like\" colorscheme=\"light\" layout=\"standard\"  width=\"225px\" size=\"small\"><\/fb:like><\/div><div class=\"fb-share-button  \" data-href=\"https:\/\/blog.erm.ee\/?p=11010\" data-type=\"button\" data-size=\"small\"><\/div><\/div>","protected":false},"excerpt":{"rendered":"<p>\u00dclle J\u00e4e, Riina Reinvelt, Siret Saar, kogude osakond 1981. aasta Loomingu septembrinumbris ilmus Andrus R\u00f5ugu akrostihhon &#8220;Silmades taevas ja meri&#8221;, mille ridade esimesed t\u00e4hed andsid \u00fclalt alla lugedes kokku s\u00f5nad &#8220;sinimustvalge&#8221;. Poliitilise huligaansuse eest heideti luuletaja k\u00f5rgkoolist v\u00e4lja, karistada sai ka toimetus. On olnud aegu, mil selle v\u00e4rvikombinatsiooni kasutamine on olnud iseenesestm\u00f5istetav, aga ka aegu,&hellip;<\/p>\n","protected":false},"author":1,"featured_media":11024,"comment_status":"open","ping_status":"open","sticky":false,"template":"","format":"standard","meta":{"_monsterinsights_skip_tracking":false,"_monsterinsights_sitenote_active":false,"_monsterinsights_sitenote_note":"","_monsterinsights_sitenote_category":0,"jetpack_post_was_ever_published":false,"_jetpack_newsletter_access":"","_jetpack_dont_email_post_to_subs":false,"_jetpack_newsletter_tier_id":0,"_jetpack_memberships_contains_paywalled_content":false,"_jetpack_memberships_contains_paid_content":false,"footnotes":""},"categories":[5],"tags":[],"class_list":["post-11010","post","type-post","status-publish","format-standard","has-post-thumbnail","hentry","category-museaal"],"yoast_head":"<!-- This site is optimized with the Yoast SEO plugin v27.5 - https:\/\/yoast.com\/product\/yoast-seo-wordpress\/ -->\n<title>Iga\u00fchel oma Eesti m\u00e4rk - Eesti Rahva Muuseumi ajaveeb<\/title>\n<meta name=\"robots\" content=\"index, follow, max-snippet:-1, max-image-preview:large, max-video-preview:-1\" \/>\n<link rel=\"canonical\" href=\"https:\/\/blog.erm.ee\/?p=11010\" \/>\n<meta property=\"og:locale\" content=\"et_EE\" \/>\n<meta property=\"og:type\" content=\"article\" \/>\n<meta property=\"og:title\" content=\"Iga\u00fchel oma Eesti m\u00e4rk - Eesti Rahva Muuseumi ajaveeb\" \/>\n<meta property=\"og:description\" content=\"\u00dclle J\u00e4e, Riina Reinvelt, Siret Saar, kogude osakond 1981. aasta Loomingu septembrinumbris ilmus Andrus R\u00f5ugu akrostihhon &#8220;Silmades taevas ja meri&#8221;, mille ridade esimesed t\u00e4hed andsid \u00fclalt alla lugedes kokku s\u00f5nad &#8220;sinimustvalge&#8221;. Poliitilise huligaansuse eest heideti luuletaja k\u00f5rgkoolist v\u00e4lja, karistada sai ka toimetus. On olnud aegu, mil selle v\u00e4rvikombinatsiooni kasutamine on olnud iseenesestm\u00f5istetav, aga ka aegu,&hellip;\" \/>\n<meta property=\"og:url\" content=\"https:\/\/blog.erm.ee\/?p=11010\" \/>\n<meta property=\"og:site_name\" content=\"Eesti Rahva Muuseumi ajaveeb\" \/>\n<meta property=\"article:published_time\" content=\"2018-02-20T05:58:42+00:00\" \/>\n<meta property=\"og:image\" content=\"https:\/\/blog.erm.ee\/wp-content\/uploads\/2018\/02\/D_228_3_16.jpg\" \/>\n\t<meta property=\"og:image:width\" content=\"1200\" \/>\n\t<meta property=\"og:image:height\" content=\"1061\" \/>\n\t<meta property=\"og:image:type\" content=\"image\/jpeg\" \/>\n<meta name=\"author\" content=\"Eesti Rahva Muuseum\" \/>\n<meta name=\"twitter:card\" content=\"summary_large_image\" \/>\n<meta name=\"twitter:label1\" content=\"Written by\" \/>\n\t<meta name=\"twitter:data1\" content=\"Eesti Rahva Muuseum\" \/>\n\t<meta name=\"twitter:label2\" content=\"Est. reading time\" \/>\n\t<meta name=\"twitter:data2\" content=\"3 minutit\" \/>\n<script type=\"application\/ld+json\" class=\"yoast-schema-graph\">{\"@context\":\"https:\\\/\\\/schema.org\",\"@graph\":[{\"@type\":\"Article\",\"@id\":\"https:\\\/\\\/blog.erm.ee\\\/?p=11010#article\",\"isPartOf\":{\"@id\":\"https:\\\/\\\/blog.erm.ee\\\/?p=11010\"},\"author\":{\"name\":\"Eesti Rahva Muuseum\",\"@id\":\"https:\\\/\\\/blog.erm.ee\\\/#\\\/schema\\\/person\\\/6e98c391cb00a33e7c22a3571e062114\"},\"headline\":\"Iga\u00fchel oma Eesti m\u00e4rk\",\"datePublished\":\"2018-02-20T05:58:42+00:00\",\"mainEntityOfPage\":{\"@id\":\"https:\\\/\\\/blog.erm.ee\\\/?p=11010\"},\"wordCount\":615,\"commentCount\":0,\"image\":{\"@id\":\"https:\\\/\\\/blog.erm.ee\\\/?p=11010#primaryimage\"},\"thumbnailUrl\":\"https:\\\/\\\/blog.erm.ee\\\/wp-content\\\/uploads\\\/2018\\\/02\\\/D_228_3_16.jpg\",\"articleSection\":[\"Museaal\"],\"inLanguage\":\"et\",\"potentialAction\":[{\"@type\":\"CommentAction\",\"name\":\"Comment\",\"target\":[\"https:\\\/\\\/blog.erm.ee\\\/?p=11010#respond\"]}]},{\"@type\":\"WebPage\",\"@id\":\"https:\\\/\\\/blog.erm.ee\\\/?p=11010\",\"url\":\"https:\\\/\\\/blog.erm.ee\\\/?p=11010\",\"name\":\"Iga\u00fchel oma Eesti m\u00e4rk - Eesti Rahva Muuseumi ajaveeb\",\"isPartOf\":{\"@id\":\"https:\\\/\\\/blog.erm.ee\\\/#website\"},\"primaryImageOfPage\":{\"@id\":\"https:\\\/\\\/blog.erm.ee\\\/?p=11010#primaryimage\"},\"image\":{\"@id\":\"https:\\\/\\\/blog.erm.ee\\\/?p=11010#primaryimage\"},\"thumbnailUrl\":\"https:\\\/\\\/blog.erm.ee\\\/wp-content\\\/uploads\\\/2018\\\/02\\\/D_228_3_16.jpg\",\"datePublished\":\"2018-02-20T05:58:42+00:00\",\"author\":{\"@id\":\"https:\\\/\\\/blog.erm.ee\\\/#\\\/schema\\\/person\\\/6e98c391cb00a33e7c22a3571e062114\"},\"breadcrumb\":{\"@id\":\"https:\\\/\\\/blog.erm.ee\\\/?p=11010#breadcrumb\"},\"inLanguage\":\"et\",\"potentialAction\":[{\"@type\":\"ReadAction\",\"target\":[\"https:\\\/\\\/blog.erm.ee\\\/?p=11010\"]}]},{\"@type\":\"ImageObject\",\"inLanguage\":\"et\",\"@id\":\"https:\\\/\\\/blog.erm.ee\\\/?p=11010#primaryimage\",\"url\":\"https:\\\/\\\/blog.erm.ee\\\/wp-content\\\/uploads\\\/2018\\\/02\\\/D_228_3_16.jpg\",\"contentUrl\":\"https:\\\/\\\/blog.erm.ee\\\/wp-content\\\/uploads\\\/2018\\\/02\\\/D_228_3_16.jpg\",\"width\":1200,\"height\":1061,\"caption\":\"ERM A 1026:4\"},{\"@type\":\"BreadcrumbList\",\"@id\":\"https:\\\/\\\/blog.erm.ee\\\/?p=11010#breadcrumb\",\"itemListElement\":[{\"@type\":\"ListItem\",\"position\":1,\"name\":\"Home\",\"item\":\"https:\\\/\\\/blog.erm.ee\\\/\"},{\"@type\":\"ListItem\",\"position\":2,\"name\":\"Iga\u00fchel oma Eesti m\u00e4rk\"}]},{\"@type\":\"WebSite\",\"@id\":\"https:\\\/\\\/blog.erm.ee\\\/#website\",\"url\":\"https:\\\/\\\/blog.erm.ee\\\/\",\"name\":\"Eesti Rahva Muuseumi ajaveeb\",\"description\":\"\",\"potentialAction\":[{\"@type\":\"SearchAction\",\"target\":{\"@type\":\"EntryPoint\",\"urlTemplate\":\"https:\\\/\\\/blog.erm.ee\\\/?s={search_term_string}\"},\"query-input\":{\"@type\":\"PropertyValueSpecification\",\"valueRequired\":true,\"valueName\":\"search_term_string\"}}],\"inLanguage\":\"et\"},{\"@type\":\"Person\",\"@id\":\"https:\\\/\\\/blog.erm.ee\\\/#\\\/schema\\\/person\\\/6e98c391cb00a33e7c22a3571e062114\",\"name\":\"Eesti Rahva Muuseum\",\"image\":{\"@type\":\"ImageObject\",\"inLanguage\":\"et\",\"@id\":\"https:\\\/\\\/secure.gravatar.com\\\/avatar\\\/cb6d9ad5fb49f3f7315028ce5fe60641075f2cb52b8a058ff5a985fa2d8c1da0?s=96&d=mm&r=g\",\"url\":\"https:\\\/\\\/secure.gravatar.com\\\/avatar\\\/cb6d9ad5fb49f3f7315028ce5fe60641075f2cb52b8a058ff5a985fa2d8c1da0?s=96&d=mm&r=g\",\"contentUrl\":\"https:\\\/\\\/secure.gravatar.com\\\/avatar\\\/cb6d9ad5fb49f3f7315028ce5fe60641075f2cb52b8a058ff5a985fa2d8c1da0?s=96&d=mm&r=g\",\"caption\":\"Eesti Rahva Muuseum\"},\"sameAs\":[\"http:\\\/\\\/www.erm.ee\"],\"url\":\"https:\\\/\\\/blog.erm.ee\\\/?author=1\"}]}<\/script>\n<!-- \/ Yoast SEO plugin. -->","yoast_head_json":{"title":"Iga\u00fchel oma Eesti m\u00e4rk - Eesti Rahva Muuseumi ajaveeb","robots":{"index":"index","follow":"follow","max-snippet":"max-snippet:-1","max-image-preview":"max-image-preview:large","max-video-preview":"max-video-preview:-1"},"canonical":"https:\/\/blog.erm.ee\/?p=11010","og_locale":"et_EE","og_type":"article","og_title":"Iga\u00fchel oma Eesti m\u00e4rk - Eesti Rahva Muuseumi ajaveeb","og_description":"\u00dclle J\u00e4e, Riina Reinvelt, Siret Saar, kogude osakond 1981. aasta Loomingu septembrinumbris ilmus Andrus R\u00f5ugu akrostihhon &#8220;Silmades taevas ja meri&#8221;, mille ridade esimesed t\u00e4hed andsid \u00fclalt alla lugedes kokku s\u00f5nad &#8220;sinimustvalge&#8221;. Poliitilise huligaansuse eest heideti luuletaja k\u00f5rgkoolist v\u00e4lja, karistada sai ka toimetus. On olnud aegu, mil selle v\u00e4rvikombinatsiooni kasutamine on olnud iseenesestm\u00f5istetav, aga ka aegu,&hellip;","og_url":"https:\/\/blog.erm.ee\/?p=11010","og_site_name":"Eesti Rahva Muuseumi ajaveeb","article_published_time":"2018-02-20T05:58:42+00:00","og_image":[{"width":1200,"height":1061,"url":"https:\/\/blog.erm.ee\/wp-content\/uploads\/2018\/02\/D_228_3_16.jpg","type":"image\/jpeg"}],"author":"Eesti Rahva Muuseum","twitter_card":"summary_large_image","twitter_misc":{"Written by":"Eesti Rahva Muuseum","Est. reading time":"3 minutit"},"schema":{"@context":"https:\/\/schema.org","@graph":[{"@type":"Article","@id":"https:\/\/blog.erm.ee\/?p=11010#article","isPartOf":{"@id":"https:\/\/blog.erm.ee\/?p=11010"},"author":{"name":"Eesti Rahva Muuseum","@id":"https:\/\/blog.erm.ee\/#\/schema\/person\/6e98c391cb00a33e7c22a3571e062114"},"headline":"Iga\u00fchel oma Eesti m\u00e4rk","datePublished":"2018-02-20T05:58:42+00:00","mainEntityOfPage":{"@id":"https:\/\/blog.erm.ee\/?p=11010"},"wordCount":615,"commentCount":0,"image":{"@id":"https:\/\/blog.erm.ee\/?p=11010#primaryimage"},"thumbnailUrl":"https:\/\/blog.erm.ee\/wp-content\/uploads\/2018\/02\/D_228_3_16.jpg","articleSection":["Museaal"],"inLanguage":"et","potentialAction":[{"@type":"CommentAction","name":"Comment","target":["https:\/\/blog.erm.ee\/?p=11010#respond"]}]},{"@type":"WebPage","@id":"https:\/\/blog.erm.ee\/?p=11010","url":"https:\/\/blog.erm.ee\/?p=11010","name":"Iga\u00fchel oma Eesti m\u00e4rk - Eesti Rahva Muuseumi ajaveeb","isPartOf":{"@id":"https:\/\/blog.erm.ee\/#website"},"primaryImageOfPage":{"@id":"https:\/\/blog.erm.ee\/?p=11010#primaryimage"},"image":{"@id":"https:\/\/blog.erm.ee\/?p=11010#primaryimage"},"thumbnailUrl":"https:\/\/blog.erm.ee\/wp-content\/uploads\/2018\/02\/D_228_3_16.jpg","datePublished":"2018-02-20T05:58:42+00:00","author":{"@id":"https:\/\/blog.erm.ee\/#\/schema\/person\/6e98c391cb00a33e7c22a3571e062114"},"breadcrumb":{"@id":"https:\/\/blog.erm.ee\/?p=11010#breadcrumb"},"inLanguage":"et","potentialAction":[{"@type":"ReadAction","target":["https:\/\/blog.erm.ee\/?p=11010"]}]},{"@type":"ImageObject","inLanguage":"et","@id":"https:\/\/blog.erm.ee\/?p=11010#primaryimage","url":"https:\/\/blog.erm.ee\/wp-content\/uploads\/2018\/02\/D_228_3_16.jpg","contentUrl":"https:\/\/blog.erm.ee\/wp-content\/uploads\/2018\/02\/D_228_3_16.jpg","width":1200,"height":1061,"caption":"ERM A 1026:4"},{"@type":"BreadcrumbList","@id":"https:\/\/blog.erm.ee\/?p=11010#breadcrumb","itemListElement":[{"@type":"ListItem","position":1,"name":"Home","item":"https:\/\/blog.erm.ee\/"},{"@type":"ListItem","position":2,"name":"Iga\u00fchel oma Eesti m\u00e4rk"}]},{"@type":"WebSite","@id":"https:\/\/blog.erm.ee\/#website","url":"https:\/\/blog.erm.ee\/","name":"Eesti Rahva Muuseumi ajaveeb","description":"","potentialAction":[{"@type":"SearchAction","target":{"@type":"EntryPoint","urlTemplate":"https:\/\/blog.erm.ee\/?s={search_term_string}"},"query-input":{"@type":"PropertyValueSpecification","valueRequired":true,"valueName":"search_term_string"}}],"inLanguage":"et"},{"@type":"Person","@id":"https:\/\/blog.erm.ee\/#\/schema\/person\/6e98c391cb00a33e7c22a3571e062114","name":"Eesti Rahva Muuseum","image":{"@type":"ImageObject","inLanguage":"et","@id":"https:\/\/secure.gravatar.com\/avatar\/cb6d9ad5fb49f3f7315028ce5fe60641075f2cb52b8a058ff5a985fa2d8c1da0?s=96&d=mm&r=g","url":"https:\/\/secure.gravatar.com\/avatar\/cb6d9ad5fb49f3f7315028ce5fe60641075f2cb52b8a058ff5a985fa2d8c1da0?s=96&d=mm&r=g","contentUrl":"https:\/\/secure.gravatar.com\/avatar\/cb6d9ad5fb49f3f7315028ce5fe60641075f2cb52b8a058ff5a985fa2d8c1da0?s=96&d=mm&r=g","caption":"Eesti Rahva Muuseum"},"sameAs":["http:\/\/www.erm.ee"],"url":"https:\/\/blog.erm.ee\/?author=1"}]}},"jetpack_featured_media_url":"https:\/\/blog.erm.ee\/wp-content\/uploads\/2018\/02\/D_228_3_16.jpg","jetpack_shortlink":"https:\/\/wp.me\/p2l9Zd-2RA","jetpack_sharing_enabled":true,"jetpack_likes_enabled":true,"_links":{"self":[{"href":"https:\/\/blog.erm.ee\/index.php?rest_route=\/wp\/v2\/posts\/11010","targetHints":{"allow":["GET"]}}],"collection":[{"href":"https:\/\/blog.erm.ee\/index.php?rest_route=\/wp\/v2\/posts"}],"about":[{"href":"https:\/\/blog.erm.ee\/index.php?rest_route=\/wp\/v2\/types\/post"}],"author":[{"embeddable":true,"href":"https:\/\/blog.erm.ee\/index.php?rest_route=\/wp\/v2\/users\/1"}],"replies":[{"embeddable":true,"href":"https:\/\/blog.erm.ee\/index.php?rest_route=%2Fwp%2Fv2%2Fcomments&post=11010"}],"version-history":[{"count":12,"href":"https:\/\/blog.erm.ee\/index.php?rest_route=\/wp\/v2\/posts\/11010\/revisions"}],"predecessor-version":[{"id":11036,"href":"https:\/\/blog.erm.ee\/index.php?rest_route=\/wp\/v2\/posts\/11010\/revisions\/11036"}],"wp:featuredmedia":[{"embeddable":true,"href":"https:\/\/blog.erm.ee\/index.php?rest_route=\/wp\/v2\/media\/11024"}],"wp:attachment":[{"href":"https:\/\/blog.erm.ee\/index.php?rest_route=%2Fwp%2Fv2%2Fmedia&parent=11010"}],"wp:term":[{"taxonomy":"category","embeddable":true,"href":"https:\/\/blog.erm.ee\/index.php?rest_route=%2Fwp%2Fv2%2Fcategories&post=11010"},{"taxonomy":"post_tag","embeddable":true,"href":"https:\/\/blog.erm.ee\/index.php?rest_route=%2Fwp%2Fv2%2Ftags&post=11010"}],"curies":[{"name":"wp","href":"https:\/\/api.w.org\/{rel}","templated":true}]}}