{"id":10973,"date":"2018-02-08T10:52:47","date_gmt":"2018-02-08T08:52:47","guid":{"rendered":"http:\/\/blog.erm.ee\/?p=10973"},"modified":"2018-02-08T10:56:21","modified_gmt":"2018-02-08T08:56:21","slug":"osalussaal-annab-huvilistele-voimaluse-naitust-teha","status":"publish","type":"post","link":"https:\/\/blog.erm.ee\/?p=10973","title":{"rendered":"Osalussaal annab huvilistele v\u00f5imaluse n\u00e4itust teha"},"content":{"rendered":"<div class=\"fcbkbttn_buttons_block\" id=\"fcbkbttn_left\"><div class=\"fcbkbttn_like \"><fb:like href=\"https:\/\/blog.erm.ee\/?p=10973\" action=\"like\" colorscheme=\"light\" layout=\"standard\"  width=\"225px\" size=\"small\"><\/fb:like><\/div><div class=\"fb-share-button  \" data-href=\"https:\/\/blog.erm.ee\/?p=10973\" data-type=\"button\" data-size=\"small\"><\/div><\/div><p style=\"text-align: justify;\"><em>Kata Maria Saluri, produtsent<\/em><\/p>\n<p style=\"text-align: justify;\"><a href=\"http:\/\/www.erm.ee\/et\/n%C3%A4itused\/osalussaal\">Osalussaal<\/a> \u201cTee ise n\u00e4itus\u201d on n\u00e4itusteruum ERMis, kus saavad n\u00e4itust teha need inimesed ja organisatsioonid, kel varasem kontakt, oskused ja kogemused n\u00e4itusetegemisel puuduvad. Eesm\u00e4rk on kaasata n\u00e4ituse tegemisse laiem inimeste hulk, anda v\u00f5imalus viia oma hobi uuele tasemele ning tutvustada n\u00e4itusetegemise k\u00f6\u00f6gipoolt.<\/p>\n<p style=\"text-align: justify;\">\u00dcldiselt on osalussaalis avatavad n\u00e4itused kolme t\u00fc\u00fcpi: \u00fcks n\u00e4itus aastas on ideekonkursi \u201cOma n\u00e4itus\u201d v\u00f5idut\u00f6\u00f6, teine kooli\u00f5pilaste tehtav ning kolmas \u00fchiskonnas olulist teemat puudutav. Praeguseks on \u00fcleval olnud kaks n\u00e4itust ning <strong>s\u00f5brap\u00e4eval, 14. veebruaril<\/strong> avame kolmanda.<\/p>\n<p style=\"text-align: justify;\">Esimene n\u00e4itus <a href=\"http:\/\/www.erm.ee\/et\/content\/n%C3%A4itus-%E2%80%9Eajakihid%E2%80%9C\"><strong>\u201cAjakihid\u201d<\/strong><\/a> r\u00e4\u00e4kis detektoristide igap\u00e4evast, tutvustades maa seest metalli otsijate \u00f5igusi ja kohustusi. Samuti toodi p\u00f5nevaid n\u00e4iteid, mida ja kust on \u00fcles kaevatud. N\u00e4itust vedasid eest Raoul Annion, Artur Skr\u00f5pnik ja Andre Roosild.<\/p>\n<p style=\"text-align: justify;\">Teise n\u00e4ituse nimega <strong><a href=\"http:\/\/www.erm.ee\/et\/exhibitions\/unemosaiik\">\u201cUnemosaiik\u201d<\/a><\/strong> valmistasid Balti filmi, meedia, kunstide ja kommunikatsiooni instituudi ristmeedia \u00fcli\u00f5pilased Ann Einberg ja Annaliise Kalamees. Digitaalsete maalide, liikuvgraafikaluuletuse, audiovisuaalse koomiksi, audiovisuaalse installatsiooni ning kohaspetsiifiliste installatsioonide kaudu kutsus n\u00e4itus tutvuma nelja kujuteldava karakteri \u2013 Carli, Liisa, Sophie ja Deedricku r\u00e4nnakutega unen\u00e4omaastikul.<\/p>\n<p style=\"text-align: justify;\">Kolmas n\u00e4itus, \u201cOma n\u00e4ituse\u201d konkursi \u00fcks v\u00f5idut\u00f6\u00f6dest, mida veebruari alguses veel p\u00fcsti paneme, kannab nime <a href=\"https:\/\/www.facebook.com\/Enn-Pehki-triikraua-ja-kunstikogu-n%C3%A4itus-Pegasus-pressraud-ja-Kasemaa-178099636116947\/\"><strong>\u201cPegasus, pressraud ja Kasemaa: \u00fche mehe kogu\u201d<\/strong><\/a>. Toome Enn Pehki p\u00f6\u00f6ningult vitriinidesse \u00fcle kahesaja press- ja triikraua ning hulga kunstiteoseid.<\/p>\n<div id=\"attachment_10984\" style=\"width: 1930px\" class=\"wp-caption alignnone\"><a href=\"https:\/\/blog.erm.ee\/wp-content\/uploads\/2018\/02\/enn-n\u00e4itusel.png\"><img loading=\"lazy\" decoding=\"async\" aria-describedby=\"caption-attachment-10984\" data-attachment-id=\"10984\" data-permalink=\"https:\/\/blog.erm.ee\/?attachment_id=10984#main\" data-orig-file=\"https:\/\/blog.erm.ee\/wp-content\/uploads\/2018\/02\/enn-n\u00e4itusel.png\" data-orig-size=\"1920,729\" data-comments-opened=\"1\" data-image-meta=\"{&quot;aperture&quot;:&quot;0&quot;,&quot;credit&quot;:&quot;&quot;,&quot;camera&quot;:&quot;&quot;,&quot;caption&quot;:&quot;&quot;,&quot;created_timestamp&quot;:&quot;0&quot;,&quot;copyright&quot;:&quot;&quot;,&quot;focal_length&quot;:&quot;0&quot;,&quot;iso&quot;:&quot;0&quot;,&quot;shutter_speed&quot;:&quot;0&quot;,&quot;title&quot;:&quot;&quot;,&quot;orientation&quot;:&quot;0&quot;}\" data-image-title=\"enn n\u00e4itusel\" data-image-description=\"\" data-image-caption=\"\" data-large-file=\"https:\/\/blog.erm.ee\/wp-content\/uploads\/2018\/02\/enn-n\u00e4itusel-1024x389.png\" class=\"wp-image-10984 size-full\" src=\"https:\/\/blog.erm.ee\/wp-content\/uploads\/2018\/02\/enn-n\u00e4itusel.png\" alt=\"\" width=\"1920\" height=\"729\" srcset=\"https:\/\/blog.erm.ee\/wp-content\/uploads\/2018\/02\/enn-n\u00e4itusel.png 1920w, https:\/\/blog.erm.ee\/wp-content\/uploads\/2018\/02\/enn-n\u00e4itusel-460x175.png 460w, https:\/\/blog.erm.ee\/wp-content\/uploads\/2018\/02\/enn-n\u00e4itusel-300x114.png 300w, https:\/\/blog.erm.ee\/wp-content\/uploads\/2018\/02\/enn-n\u00e4itusel-768x292.png 768w, https:\/\/blog.erm.ee\/wp-content\/uploads\/2018\/02\/enn-n\u00e4itusel-1024x389.png 1024w\" sizes=\"auto, (max-width: 1920px) 100vw, 1920px\" \/><\/a><p id=\"caption-attachment-10984\" class=\"wp-caption-text\">Kui ekspositsiooni struktuur on paigas, on aeg hakata vitriinidesse sisu looma. Paigutamist ootavad pea 200 press- ja triikrauda. Foto: Markus Kasemaa<\/p><\/div>\n<p>Esimest korda kuraatori-t\u00f6\u00f6d tegev Pehk on pikka aega kogunud k\u00f5ike, mis huvi on pakkunud. N\u00e4itusetegu p\u00f5hjendas mees nii: \u201c\u201dOma n\u00e4ituse\u201d konkurss j\u00e4i silma ja ERM mulle ka meeldib. Lapsena elasin ise lennuraja k\u00f5rval Kruusam\u00e4e t\u00e4naval. Kuskilt konkurss silma j\u00e4i ning triikrauad, mida mu kogudes on igatahes k\u00f5ige suuremal arvul, olid olemas.\u201d<\/p>\n<div id=\"attachment_10985\" style=\"width: 1210px\" class=\"wp-caption alignnone\"><a href=\"https:\/\/blog.erm.ee\/wp-content\/uploads\/2018\/02\/Enn-maalidega.png\"><img loading=\"lazy\" decoding=\"async\" aria-describedby=\"caption-attachment-10985\" data-attachment-id=\"10985\" data-permalink=\"https:\/\/blog.erm.ee\/?attachment_id=10985#main\" data-orig-file=\"https:\/\/blog.erm.ee\/wp-content\/uploads\/2018\/02\/Enn-maalidega.png\" data-orig-size=\"1200,675\" data-comments-opened=\"1\" data-image-meta=\"{&quot;aperture&quot;:&quot;0&quot;,&quot;credit&quot;:&quot;&quot;,&quot;camera&quot;:&quot;&quot;,&quot;caption&quot;:&quot;&quot;,&quot;created_timestamp&quot;:&quot;0&quot;,&quot;copyright&quot;:&quot;&quot;,&quot;focal_length&quot;:&quot;0&quot;,&quot;iso&quot;:&quot;0&quot;,&quot;shutter_speed&quot;:&quot;0&quot;,&quot;title&quot;:&quot;&quot;,&quot;orientation&quot;:&quot;0&quot;}\" data-image-title=\"Enn maalidega\" data-image-description=\"\" data-image-caption=\"\" data-large-file=\"https:\/\/blog.erm.ee\/wp-content\/uploads\/2018\/02\/Enn-maalidega-1024x576.png\" class=\"wp-image-10985 size-full\" src=\"https:\/\/blog.erm.ee\/wp-content\/uploads\/2018\/02\/Enn-maalidega.png\" alt=\"\" width=\"1200\" height=\"675\" srcset=\"https:\/\/blog.erm.ee\/wp-content\/uploads\/2018\/02\/Enn-maalidega.png 1200w, https:\/\/blog.erm.ee\/wp-content\/uploads\/2018\/02\/Enn-maalidega-460x260.png 460w, https:\/\/blog.erm.ee\/wp-content\/uploads\/2018\/02\/Enn-maalidega-300x169.png 300w, https:\/\/blog.erm.ee\/wp-content\/uploads\/2018\/02\/Enn-maalidega-768x432.png 768w, https:\/\/blog.erm.ee\/wp-content\/uploads\/2018\/02\/Enn-maalidega-1024x576.png 1024w\" sizes=\"auto, (max-width: 1200px) 100vw, 1200px\" \/><\/a><p id=\"caption-attachment-10985\" class=\"wp-caption-text\">\u00dche mehe kogusse kuulub muudki kui ainult rauad. Enn, kes t\u00f6\u00f6tas V\u00f5idu tehases, kus kunagi toodeti triikraudu, tellis sinna tehase 100. aastap\u00e4evaks Andrus Kasemaalt pannoo. Foto: Markus Kasemaa<\/p><\/div>\n<p style=\"text-align: justify;\">Press- ja triikraudade kollektsioon sai alguse Pehki \u00e4rihuvist. \u201cAasta siis oli 1990, ees seisis esimene Euroopa-reis: Rootsi, Taani, Holland, Saksamaa ning l\u00f5puks Belgia. Kaasas oli igasugust nodi, mida \u00fcritasime saksa markadeks p\u00f6\u00f6rata. Mina p\u00f6\u00f6rasin rattad enne suurt s\u00f5itu V\u00f5ru suunda, Dolenko antiigipoest ostsin \u00e4ra k\u00f5ik vanaaegsed triik- ja pressrauad. Puhastada lasin need kunstikombinaadis ARS. L\u00e4bi sekelduste j\u00f5udsime Belgia p\u00fchap\u00e4evasele t\u00e4ikale. Kahek\u00fcmnest kaasav\u00f5etud korstnaga triikrauast m\u00fc\u00fcsin \u00e4ra 3\u20134 t\u00fckki hinnaga 10\u201320 DEMi. Omahinnast oli see 8 korda kallim. M\u00fc\u00fcmata j\u00e4\u00e4nud \u00e4riobjektidest said aga kollektsiooni esimesed eksemplarid. T\u00e4naseks on neid kogunenud kolmesaja kanti.\u201c<\/p>\n<div id=\"attachment_10986\" style=\"width: 1210px\" class=\"wp-caption alignnone\"><a href=\"https:\/\/blog.erm.ee\/wp-content\/uploads\/2018\/02\/kristjan.png\"><img loading=\"lazy\" decoding=\"async\" aria-describedby=\"caption-attachment-10986\" data-attachment-id=\"10986\" data-permalink=\"https:\/\/blog.erm.ee\/?attachment_id=10986#main\" data-orig-file=\"https:\/\/blog.erm.ee\/wp-content\/uploads\/2018\/02\/kristjan.png\" data-orig-size=\"1200,675\" data-comments-opened=\"1\" data-image-meta=\"{&quot;aperture&quot;:&quot;0&quot;,&quot;credit&quot;:&quot;&quot;,&quot;camera&quot;:&quot;&quot;,&quot;caption&quot;:&quot;&quot;,&quot;created_timestamp&quot;:&quot;0&quot;,&quot;copyright&quot;:&quot;&quot;,&quot;focal_length&quot;:&quot;0&quot;,&quot;iso&quot;:&quot;0&quot;,&quot;shutter_speed&quot;:&quot;0&quot;,&quot;title&quot;:&quot;&quot;,&quot;orientation&quot;:&quot;0&quot;}\" data-image-title=\"kristjan\" data-image-description=\"\" data-image-caption=\"\" data-large-file=\"https:\/\/blog.erm.ee\/wp-content\/uploads\/2018\/02\/kristjan-1024x576.png\" class=\"wp-image-10986 size-full\" src=\"https:\/\/blog.erm.ee\/wp-content\/uploads\/2018\/02\/kristjan.png\" alt=\"\" width=\"1200\" height=\"675\" srcset=\"https:\/\/blog.erm.ee\/wp-content\/uploads\/2018\/02\/kristjan.png 1200w, https:\/\/blog.erm.ee\/wp-content\/uploads\/2018\/02\/kristjan-460x260.png 460w, https:\/\/blog.erm.ee\/wp-content\/uploads\/2018\/02\/kristjan-300x169.png 300w, https:\/\/blog.erm.ee\/wp-content\/uploads\/2018\/02\/kristjan-768x432.png 768w, https:\/\/blog.erm.ee\/wp-content\/uploads\/2018\/02\/kristjan-1024x576.png 1024w\" sizes=\"auto, (max-width: 1200px) 100vw, 1200px\" \/><\/a><p id=\"caption-attachment-10986\" class=\"wp-caption-text\">N\u00e4ituste juht Kristjan Raba ja n\u00e4ituse kuraator Enn Pehk tutvustavad ERMi lasteklubile, kuidas \u00fchte n\u00e4itust tehakse. Foto: Markus Kasemaa<\/p><\/div>\n<p style=\"text-align: justify;\">Mais aga avatakse osalussaalis \u00f5pilaste vaade 1990ndatele. Kuraatoriteks on Hugo Treffneri G\u00fcmnaasiumi 11. klassi \u00f5pilased, kelle ideid aitavad teostada Tartu Kunstikooli noored.<\/p>\n<div id=\"attachment_10974\" style=\"width: 1210px\" class=\"wp-caption alignnone\"><a href=\"https:\/\/blog.erm.ee\/wp-content\/uploads\/2018\/02\/90ndate_n\u00e4itus_01.jpg\"><img loading=\"lazy\" decoding=\"async\" aria-describedby=\"caption-attachment-10974\" data-attachment-id=\"10974\" data-permalink=\"https:\/\/blog.erm.ee\/?attachment_id=10974#main\" data-orig-file=\"https:\/\/blog.erm.ee\/wp-content\/uploads\/2018\/02\/90ndate_n\u00e4itus_01.jpg\" data-orig-size=\"1200,900\" data-comments-opened=\"1\" data-image-meta=\"{&quot;aperture&quot;:&quot;0&quot;,&quot;credit&quot;:&quot;&quot;,&quot;camera&quot;:&quot;&quot;,&quot;caption&quot;:&quot;&quot;,&quot;created_timestamp&quot;:&quot;0&quot;,&quot;copyright&quot;:&quot;&quot;,&quot;focal_length&quot;:&quot;0&quot;,&quot;iso&quot;:&quot;0&quot;,&quot;shutter_speed&quot;:&quot;0&quot;,&quot;title&quot;:&quot;&quot;,&quot;orientation&quot;:&quot;0&quot;}\" data-image-title=\"90ndate_n\u00e4itus_01\" data-image-description=\"\" data-image-caption=\"\" data-large-file=\"https:\/\/blog.erm.ee\/wp-content\/uploads\/2018\/02\/90ndate_n\u00e4itus_01-1024x768.jpg\" class=\"wp-image-10974 size-full\" src=\"https:\/\/blog.erm.ee\/wp-content\/uploads\/2018\/02\/90ndate_n\u00e4itus_01.jpg\" alt=\"\" width=\"1200\" height=\"900\" srcset=\"https:\/\/blog.erm.ee\/wp-content\/uploads\/2018\/02\/90ndate_n\u00e4itus_01.jpg 1200w, https:\/\/blog.erm.ee\/wp-content\/uploads\/2018\/02\/90ndate_n\u00e4itus_01-347x260.jpg 347w, https:\/\/blog.erm.ee\/wp-content\/uploads\/2018\/02\/90ndate_n\u00e4itus_01-300x225.jpg 300w, https:\/\/blog.erm.ee\/wp-content\/uploads\/2018\/02\/90ndate_n\u00e4itus_01-768x576.jpg 768w, https:\/\/blog.erm.ee\/wp-content\/uploads\/2018\/02\/90ndate_n\u00e4itus_01-1024x768.jpg 1024w\" sizes=\"auto, (max-width: 1200px) 100vw, 1200px\" \/><\/a><p id=\"caption-attachment-10974\" class=\"wp-caption-text\">HTG 11. klassi \u00f5pilased<span id=\"cch_f376e87473ac304\" class=\"_mh6 _wsc\"><span class=\"_3oh- _58nk\"> jagasid n\u00e4ituse jaoks tehtud intervjuude katked teemade kaupa \u00e4ra, et n\u00e4ha, mis 90ndatest esile kerkib. <\/span><\/span>Foto: ERM<\/p><\/div>\n<p style=\"text-align: justify;\">K\u00f5igile n\u00e4itusetegijatele pakub ERM omapoolset tuge, n\u00f5ustamist, jagatakse soovitusi ning leitakse \u00fcheskoos lahendusi, kuidas just nende s\u00fcdant puudutavaid teemasid k\u00f5ige paremini avada. Ideede esitamine j\u00e4rgmisele \u201cOma n\u00e4ituse\u201d konkursile algab aprillis.<\/p>\n<div class=\"fcbkbttn_buttons_block\" id=\"fcbkbttn_left\"><div class=\"fcbkbttn_like \"><fb:like href=\"https:\/\/blog.erm.ee\/?p=10973\" action=\"like\" colorscheme=\"light\" layout=\"standard\"  width=\"225px\" size=\"small\"><\/fb:like><\/div><div class=\"fb-share-button  \" data-href=\"https:\/\/blog.erm.ee\/?p=10973\" data-type=\"button\" data-size=\"small\"><\/div><\/div>","protected":false},"excerpt":{"rendered":"<p>Kata Maria Saluri, produtsent Osalussaal \u201cTee ise n\u00e4itus\u201d on n\u00e4itusteruum ERMis, kus saavad n\u00e4itust teha need inimesed ja organisatsioonid, kel varasem kontakt, oskused ja kogemused n\u00e4itusetegemisel puuduvad. Eesm\u00e4rk on kaasata n\u00e4ituse tegemisse laiem inimeste hulk, anda v\u00f5imalus viia oma hobi uuele tasemele ning tutvustada n\u00e4itusetegemise k\u00f6\u00f6gipoolt. \u00dcldiselt on osalussaalis avatavad n\u00e4itused kolme t\u00fc\u00fcpi: \u00fcks n\u00e4itus&hellip;<\/p>\n","protected":false},"author":1,"featured_media":10985,"comment_status":"open","ping_status":"open","sticky":false,"template":"","format":"standard","meta":{"_monsterinsights_skip_tracking":false,"_monsterinsights_sitenote_active":false,"_monsterinsights_sitenote_note":"","_monsterinsights_sitenote_category":0,"jetpack_post_was_ever_published":false,"_jetpack_newsletter_access":"","_jetpack_dont_email_post_to_subs":false,"_jetpack_newsletter_tier_id":0,"_jetpack_memberships_contains_paywalled_content":false,"_jetpack_memberships_contains_paid_content":false,"footnotes":""},"categories":[7],"tags":[],"class_list":["post-10973","post","type-post","status-publish","format-standard","has-post-thumbnail","hentry","category-naitus"],"yoast_head":"<!-- This site is optimized with the Yoast SEO plugin v27.5 - https:\/\/yoast.com\/product\/yoast-seo-wordpress\/ -->\n<title>Osalussaal annab huvilistele v\u00f5imaluse n\u00e4itust teha - Eesti Rahva Muuseumi ajaveeb<\/title>\n<meta name=\"robots\" content=\"index, follow, max-snippet:-1, max-image-preview:large, max-video-preview:-1\" \/>\n<link rel=\"canonical\" href=\"https:\/\/blog.erm.ee\/?p=10973\" \/>\n<meta property=\"og:locale\" content=\"et_EE\" \/>\n<meta property=\"og:type\" content=\"article\" \/>\n<meta property=\"og:title\" content=\"Osalussaal annab huvilistele v\u00f5imaluse n\u00e4itust teha - Eesti Rahva Muuseumi ajaveeb\" \/>\n<meta property=\"og:description\" content=\"Kata Maria Saluri, produtsent Osalussaal \u201cTee ise n\u00e4itus\u201d on n\u00e4itusteruum ERMis, kus saavad n\u00e4itust teha need inimesed ja organisatsioonid, kel varasem kontakt, oskused ja kogemused n\u00e4itusetegemisel puuduvad. Eesm\u00e4rk on kaasata n\u00e4ituse tegemisse laiem inimeste hulk, anda v\u00f5imalus viia oma hobi uuele tasemele ning tutvustada n\u00e4itusetegemise k\u00f6\u00f6gipoolt. \u00dcldiselt on osalussaalis avatavad n\u00e4itused kolme t\u00fc\u00fcpi: \u00fcks n\u00e4itus&hellip;\" \/>\n<meta property=\"og:url\" content=\"https:\/\/blog.erm.ee\/?p=10973\" \/>\n<meta property=\"og:site_name\" content=\"Eesti Rahva Muuseumi ajaveeb\" \/>\n<meta property=\"article:published_time\" content=\"2018-02-08T08:52:47+00:00\" \/>\n<meta property=\"article:modified_time\" content=\"2018-02-08T08:56:21+00:00\" \/>\n<meta property=\"og:image\" content=\"https:\/\/blog.erm.ee\/wp-content\/uploads\/2018\/02\/Enn-maalidega.png\" \/>\n\t<meta property=\"og:image:width\" content=\"1200\" \/>\n\t<meta property=\"og:image:height\" content=\"675\" \/>\n\t<meta property=\"og:image:type\" content=\"image\/png\" \/>\n<meta name=\"author\" content=\"Eesti Rahva Muuseum\" \/>\n<meta name=\"twitter:card\" content=\"summary_large_image\" \/>\n<meta name=\"twitter:label1\" content=\"Written by\" \/>\n\t<meta name=\"twitter:data1\" content=\"Eesti Rahva Muuseum\" \/>\n\t<meta name=\"twitter:label2\" content=\"Est. reading time\" \/>\n\t<meta name=\"twitter:data2\" content=\"3 minutit\" \/>\n<script type=\"application\/ld+json\" class=\"yoast-schema-graph\">{\"@context\":\"https:\\\/\\\/schema.org\",\"@graph\":[{\"@type\":\"Article\",\"@id\":\"https:\\\/\\\/blog.erm.ee\\\/?p=10973#article\",\"isPartOf\":{\"@id\":\"https:\\\/\\\/blog.erm.ee\\\/?p=10973\"},\"author\":{\"name\":\"Eesti Rahva Muuseum\",\"@id\":\"https:\\\/\\\/blog.erm.ee\\\/#\\\/schema\\\/person\\\/6e98c391cb00a33e7c22a3571e062114\"},\"headline\":\"Osalussaal annab huvilistele v\u00f5imaluse n\u00e4itust teha\",\"datePublished\":\"2018-02-08T08:52:47+00:00\",\"dateModified\":\"2018-02-08T08:56:21+00:00\",\"mainEntityOfPage\":{\"@id\":\"https:\\\/\\\/blog.erm.ee\\\/?p=10973\"},\"wordCount\":585,\"commentCount\":0,\"image\":{\"@id\":\"https:\\\/\\\/blog.erm.ee\\\/?p=10973#primaryimage\"},\"thumbnailUrl\":\"https:\\\/\\\/blog.erm.ee\\\/wp-content\\\/uploads\\\/2018\\\/02\\\/Enn-maalidega.png\",\"articleSection\":[\"N\u00e4itus\"],\"inLanguage\":\"et\",\"potentialAction\":[{\"@type\":\"CommentAction\",\"name\":\"Comment\",\"target\":[\"https:\\\/\\\/blog.erm.ee\\\/?p=10973#respond\"]}]},{\"@type\":\"WebPage\",\"@id\":\"https:\\\/\\\/blog.erm.ee\\\/?p=10973\",\"url\":\"https:\\\/\\\/blog.erm.ee\\\/?p=10973\",\"name\":\"Osalussaal annab huvilistele v\u00f5imaluse n\u00e4itust teha - Eesti Rahva Muuseumi ajaveeb\",\"isPartOf\":{\"@id\":\"https:\\\/\\\/blog.erm.ee\\\/#website\"},\"primaryImageOfPage\":{\"@id\":\"https:\\\/\\\/blog.erm.ee\\\/?p=10973#primaryimage\"},\"image\":{\"@id\":\"https:\\\/\\\/blog.erm.ee\\\/?p=10973#primaryimage\"},\"thumbnailUrl\":\"https:\\\/\\\/blog.erm.ee\\\/wp-content\\\/uploads\\\/2018\\\/02\\\/Enn-maalidega.png\",\"datePublished\":\"2018-02-08T08:52:47+00:00\",\"dateModified\":\"2018-02-08T08:56:21+00:00\",\"author\":{\"@id\":\"https:\\\/\\\/blog.erm.ee\\\/#\\\/schema\\\/person\\\/6e98c391cb00a33e7c22a3571e062114\"},\"breadcrumb\":{\"@id\":\"https:\\\/\\\/blog.erm.ee\\\/?p=10973#breadcrumb\"},\"inLanguage\":\"et\",\"potentialAction\":[{\"@type\":\"ReadAction\",\"target\":[\"https:\\\/\\\/blog.erm.ee\\\/?p=10973\"]}]},{\"@type\":\"ImageObject\",\"inLanguage\":\"et\",\"@id\":\"https:\\\/\\\/blog.erm.ee\\\/?p=10973#primaryimage\",\"url\":\"https:\\\/\\\/blog.erm.ee\\\/wp-content\\\/uploads\\\/2018\\\/02\\\/Enn-maalidega.png\",\"contentUrl\":\"https:\\\/\\\/blog.erm.ee\\\/wp-content\\\/uploads\\\/2018\\\/02\\\/Enn-maalidega.png\",\"width\":1200,\"height\":675},{\"@type\":\"BreadcrumbList\",\"@id\":\"https:\\\/\\\/blog.erm.ee\\\/?p=10973#breadcrumb\",\"itemListElement\":[{\"@type\":\"ListItem\",\"position\":1,\"name\":\"Home\",\"item\":\"https:\\\/\\\/blog.erm.ee\\\/\"},{\"@type\":\"ListItem\",\"position\":2,\"name\":\"Osalussaal annab huvilistele v\u00f5imaluse n\u00e4itust teha\"}]},{\"@type\":\"WebSite\",\"@id\":\"https:\\\/\\\/blog.erm.ee\\\/#website\",\"url\":\"https:\\\/\\\/blog.erm.ee\\\/\",\"name\":\"Eesti Rahva Muuseumi ajaveeb\",\"description\":\"\",\"potentialAction\":[{\"@type\":\"SearchAction\",\"target\":{\"@type\":\"EntryPoint\",\"urlTemplate\":\"https:\\\/\\\/blog.erm.ee\\\/?s={search_term_string}\"},\"query-input\":{\"@type\":\"PropertyValueSpecification\",\"valueRequired\":true,\"valueName\":\"search_term_string\"}}],\"inLanguage\":\"et\"},{\"@type\":\"Person\",\"@id\":\"https:\\\/\\\/blog.erm.ee\\\/#\\\/schema\\\/person\\\/6e98c391cb00a33e7c22a3571e062114\",\"name\":\"Eesti Rahva Muuseum\",\"image\":{\"@type\":\"ImageObject\",\"inLanguage\":\"et\",\"@id\":\"https:\\\/\\\/secure.gravatar.com\\\/avatar\\\/cb6d9ad5fb49f3f7315028ce5fe60641075f2cb52b8a058ff5a985fa2d8c1da0?s=96&d=mm&r=g\",\"url\":\"https:\\\/\\\/secure.gravatar.com\\\/avatar\\\/cb6d9ad5fb49f3f7315028ce5fe60641075f2cb52b8a058ff5a985fa2d8c1da0?s=96&d=mm&r=g\",\"contentUrl\":\"https:\\\/\\\/secure.gravatar.com\\\/avatar\\\/cb6d9ad5fb49f3f7315028ce5fe60641075f2cb52b8a058ff5a985fa2d8c1da0?s=96&d=mm&r=g\",\"caption\":\"Eesti Rahva Muuseum\"},\"sameAs\":[\"http:\\\/\\\/www.erm.ee\"],\"url\":\"https:\\\/\\\/blog.erm.ee\\\/?author=1\"}]}<\/script>\n<!-- \/ Yoast SEO plugin. -->","yoast_head_json":{"title":"Osalussaal annab huvilistele v\u00f5imaluse n\u00e4itust teha - Eesti Rahva Muuseumi ajaveeb","robots":{"index":"index","follow":"follow","max-snippet":"max-snippet:-1","max-image-preview":"max-image-preview:large","max-video-preview":"max-video-preview:-1"},"canonical":"https:\/\/blog.erm.ee\/?p=10973","og_locale":"et_EE","og_type":"article","og_title":"Osalussaal annab huvilistele v\u00f5imaluse n\u00e4itust teha - Eesti Rahva Muuseumi ajaveeb","og_description":"Kata Maria Saluri, produtsent Osalussaal \u201cTee ise n\u00e4itus\u201d on n\u00e4itusteruum ERMis, kus saavad n\u00e4itust teha need inimesed ja organisatsioonid, kel varasem kontakt, oskused ja kogemused n\u00e4itusetegemisel puuduvad. Eesm\u00e4rk on kaasata n\u00e4ituse tegemisse laiem inimeste hulk, anda v\u00f5imalus viia oma hobi uuele tasemele ning tutvustada n\u00e4itusetegemise k\u00f6\u00f6gipoolt. \u00dcldiselt on osalussaalis avatavad n\u00e4itused kolme t\u00fc\u00fcpi: \u00fcks n\u00e4itus&hellip;","og_url":"https:\/\/blog.erm.ee\/?p=10973","og_site_name":"Eesti Rahva Muuseumi ajaveeb","article_published_time":"2018-02-08T08:52:47+00:00","article_modified_time":"2018-02-08T08:56:21+00:00","og_image":[{"width":1200,"height":675,"url":"https:\/\/blog.erm.ee\/wp-content\/uploads\/2018\/02\/Enn-maalidega.png","type":"image\/png"}],"author":"Eesti Rahva Muuseum","twitter_card":"summary_large_image","twitter_misc":{"Written by":"Eesti Rahva Muuseum","Est. reading time":"3 minutit"},"schema":{"@context":"https:\/\/schema.org","@graph":[{"@type":"Article","@id":"https:\/\/blog.erm.ee\/?p=10973#article","isPartOf":{"@id":"https:\/\/blog.erm.ee\/?p=10973"},"author":{"name":"Eesti Rahva Muuseum","@id":"https:\/\/blog.erm.ee\/#\/schema\/person\/6e98c391cb00a33e7c22a3571e062114"},"headline":"Osalussaal annab huvilistele v\u00f5imaluse n\u00e4itust teha","datePublished":"2018-02-08T08:52:47+00:00","dateModified":"2018-02-08T08:56:21+00:00","mainEntityOfPage":{"@id":"https:\/\/blog.erm.ee\/?p=10973"},"wordCount":585,"commentCount":0,"image":{"@id":"https:\/\/blog.erm.ee\/?p=10973#primaryimage"},"thumbnailUrl":"https:\/\/blog.erm.ee\/wp-content\/uploads\/2018\/02\/Enn-maalidega.png","articleSection":["N\u00e4itus"],"inLanguage":"et","potentialAction":[{"@type":"CommentAction","name":"Comment","target":["https:\/\/blog.erm.ee\/?p=10973#respond"]}]},{"@type":"WebPage","@id":"https:\/\/blog.erm.ee\/?p=10973","url":"https:\/\/blog.erm.ee\/?p=10973","name":"Osalussaal annab huvilistele v\u00f5imaluse n\u00e4itust teha - Eesti Rahva Muuseumi ajaveeb","isPartOf":{"@id":"https:\/\/blog.erm.ee\/#website"},"primaryImageOfPage":{"@id":"https:\/\/blog.erm.ee\/?p=10973#primaryimage"},"image":{"@id":"https:\/\/blog.erm.ee\/?p=10973#primaryimage"},"thumbnailUrl":"https:\/\/blog.erm.ee\/wp-content\/uploads\/2018\/02\/Enn-maalidega.png","datePublished":"2018-02-08T08:52:47+00:00","dateModified":"2018-02-08T08:56:21+00:00","author":{"@id":"https:\/\/blog.erm.ee\/#\/schema\/person\/6e98c391cb00a33e7c22a3571e062114"},"breadcrumb":{"@id":"https:\/\/blog.erm.ee\/?p=10973#breadcrumb"},"inLanguage":"et","potentialAction":[{"@type":"ReadAction","target":["https:\/\/blog.erm.ee\/?p=10973"]}]},{"@type":"ImageObject","inLanguage":"et","@id":"https:\/\/blog.erm.ee\/?p=10973#primaryimage","url":"https:\/\/blog.erm.ee\/wp-content\/uploads\/2018\/02\/Enn-maalidega.png","contentUrl":"https:\/\/blog.erm.ee\/wp-content\/uploads\/2018\/02\/Enn-maalidega.png","width":1200,"height":675},{"@type":"BreadcrumbList","@id":"https:\/\/blog.erm.ee\/?p=10973#breadcrumb","itemListElement":[{"@type":"ListItem","position":1,"name":"Home","item":"https:\/\/blog.erm.ee\/"},{"@type":"ListItem","position":2,"name":"Osalussaal annab huvilistele v\u00f5imaluse n\u00e4itust teha"}]},{"@type":"WebSite","@id":"https:\/\/blog.erm.ee\/#website","url":"https:\/\/blog.erm.ee\/","name":"Eesti Rahva Muuseumi ajaveeb","description":"","potentialAction":[{"@type":"SearchAction","target":{"@type":"EntryPoint","urlTemplate":"https:\/\/blog.erm.ee\/?s={search_term_string}"},"query-input":{"@type":"PropertyValueSpecification","valueRequired":true,"valueName":"search_term_string"}}],"inLanguage":"et"},{"@type":"Person","@id":"https:\/\/blog.erm.ee\/#\/schema\/person\/6e98c391cb00a33e7c22a3571e062114","name":"Eesti Rahva Muuseum","image":{"@type":"ImageObject","inLanguage":"et","@id":"https:\/\/secure.gravatar.com\/avatar\/cb6d9ad5fb49f3f7315028ce5fe60641075f2cb52b8a058ff5a985fa2d8c1da0?s=96&d=mm&r=g","url":"https:\/\/secure.gravatar.com\/avatar\/cb6d9ad5fb49f3f7315028ce5fe60641075f2cb52b8a058ff5a985fa2d8c1da0?s=96&d=mm&r=g","contentUrl":"https:\/\/secure.gravatar.com\/avatar\/cb6d9ad5fb49f3f7315028ce5fe60641075f2cb52b8a058ff5a985fa2d8c1da0?s=96&d=mm&r=g","caption":"Eesti Rahva Muuseum"},"sameAs":["http:\/\/www.erm.ee"],"url":"https:\/\/blog.erm.ee\/?author=1"}]}},"jetpack_featured_media_url":"https:\/\/blog.erm.ee\/wp-content\/uploads\/2018\/02\/Enn-maalidega.png","jetpack_shortlink":"https:\/\/wp.me\/p2l9Zd-2QZ","jetpack_sharing_enabled":true,"jetpack_likes_enabled":true,"_links":{"self":[{"href":"https:\/\/blog.erm.ee\/index.php?rest_route=\/wp\/v2\/posts\/10973","targetHints":{"allow":["GET"]}}],"collection":[{"href":"https:\/\/blog.erm.ee\/index.php?rest_route=\/wp\/v2\/posts"}],"about":[{"href":"https:\/\/blog.erm.ee\/index.php?rest_route=\/wp\/v2\/types\/post"}],"author":[{"embeddable":true,"href":"https:\/\/blog.erm.ee\/index.php?rest_route=\/wp\/v2\/users\/1"}],"replies":[{"embeddable":true,"href":"https:\/\/blog.erm.ee\/index.php?rest_route=%2Fwp%2Fv2%2Fcomments&post=10973"}],"version-history":[{"count":8,"href":"https:\/\/blog.erm.ee\/index.php?rest_route=\/wp\/v2\/posts\/10973\/revisions"}],"predecessor-version":[{"id":10992,"href":"https:\/\/blog.erm.ee\/index.php?rest_route=\/wp\/v2\/posts\/10973\/revisions\/10992"}],"wp:featuredmedia":[{"embeddable":true,"href":"https:\/\/blog.erm.ee\/index.php?rest_route=\/wp\/v2\/media\/10985"}],"wp:attachment":[{"href":"https:\/\/blog.erm.ee\/index.php?rest_route=%2Fwp%2Fv2%2Fmedia&parent=10973"}],"wp:term":[{"taxonomy":"category","embeddable":true,"href":"https:\/\/blog.erm.ee\/index.php?rest_route=%2Fwp%2Fv2%2Fcategories&post=10973"},{"taxonomy":"post_tag","embeddable":true,"href":"https:\/\/blog.erm.ee\/index.php?rest_route=%2Fwp%2Fv2%2Ftags&post=10973"}],"curies":[{"name":"wp","href":"https:\/\/api.w.org\/{rel}","templated":true}]}}