{"id":10948,"date":"2018-02-06T19:41:28","date_gmt":"2018-02-06T17:41:28","guid":{"rendered":"http:\/\/blog.erm.ee\/?p=10948"},"modified":"2018-02-13T12:00:13","modified_gmt":"2018-02-13T10:00:13","slug":"noppeid-naituselt-eesti-labi-100-silmapaari","status":"publish","type":"post","link":"https:\/\/blog.erm.ee\/?p=10948","title":{"rendered":"Noppeid n\u00e4ituselt &#8220;Eesti l\u00e4bi 100 silmapaari&#8221;"},"content":{"rendered":"<div class=\"fcbkbttn_buttons_block\" id=\"fcbkbttn_left\"><div class=\"fcbkbttn_like \"><fb:like href=\"https:\/\/blog.erm.ee\/?p=10948\" action=\"like\" colorscheme=\"light\" layout=\"standard\"  width=\"225px\" size=\"small\"><\/fb:like><\/div><div class=\"fb-share-button  \" data-href=\"https:\/\/blog.erm.ee\/?p=10948\" data-type=\"button\" data-size=\"small\"><\/div><\/div><p><em>Foton\u00e4ituse &#8220;Eesti l\u00e4bi 100 silmapaari&#8221; meeskond<\/em><\/p>\n<p style=\"text-align: justify;\">Alates 3. veebruarist on ERMis avatud EV100 p\u00fchendatud foton\u00e4itus \u201cEesti l\u00e4bi 100 silmapaari\u201d. Pildikeeles Eesti sajandi lugu jutustava n\u00e4ituse taga on meeskond, kellest osa on ERMi blogi jaoks, vaatamata raskele valikule, v\u00e4lja noppinud \u00fcksikud fotod kogu n\u00e4ituselt. Lisaks on nad kirja pannud, mis neid just konkreetsete fotode v\u00f5i hoopist\u00fckkis portreteeritavate juures v\u00f5lub. N\u00e4itus on ERMi B-fuajees avatud 31. m\u00e4rtsini 2018.<\/p>\n<h3>Kristina M\u00e4rtin, PR ja turundus<\/h3>\n<p>Mul on sellel n\u00e4itusel palju lemmikuid, aga \u00fcks on ikka lemmikute lemmik &#8211; Ivo Linna! Muhe Muhu mees! Eesti k\u00f5ige paremad asjad on valged suvised \u00f6\u00f6d, must leib kiluga ja Ivo Linna!<\/p>\n<div id=\"attachment_10951\" style=\"width: 1210px\" class=\"wp-caption alignnone\"><a href=\"https:\/\/blog.erm.ee\/wp-content\/uploads\/2018\/02\/Linna_blogi.png\"><img loading=\"lazy\" decoding=\"async\" aria-describedby=\"caption-attachment-10951\" data-attachment-id=\"10951\" data-permalink=\"https:\/\/blog.erm.ee\/?attachment_id=10951#main\" data-orig-file=\"https:\/\/blog.erm.ee\/wp-content\/uploads\/2018\/02\/Linna_blogi.png\" data-orig-size=\"1200,1590\" data-comments-opened=\"1\" data-image-meta=\"{&quot;aperture&quot;:&quot;0&quot;,&quot;credit&quot;:&quot;&quot;,&quot;camera&quot;:&quot;&quot;,&quot;caption&quot;:&quot;&quot;,&quot;created_timestamp&quot;:&quot;0&quot;,&quot;copyright&quot;:&quot;&quot;,&quot;focal_length&quot;:&quot;0&quot;,&quot;iso&quot;:&quot;0&quot;,&quot;shutter_speed&quot;:&quot;0&quot;,&quot;title&quot;:&quot;&quot;,&quot;orientation&quot;:&quot;0&quot;}\" data-image-title=\"Linna_blogi\" data-image-description=\"\" data-image-caption=\"\" data-large-file=\"https:\/\/blog.erm.ee\/wp-content\/uploads\/2018\/02\/Linna_blogi-773x1024.png\" class=\"wp-image-10951 size-full\" src=\"https:\/\/blog.erm.ee\/wp-content\/uploads\/2018\/02\/Linna_blogi.png\" alt=\"\" width=\"1200\" height=\"1590\" srcset=\"https:\/\/blog.erm.ee\/wp-content\/uploads\/2018\/02\/Linna_blogi.png 1200w, https:\/\/blog.erm.ee\/wp-content\/uploads\/2018\/02\/Linna_blogi-196x260.png 196w, https:\/\/blog.erm.ee\/wp-content\/uploads\/2018\/02\/Linna_blogi-226x300.png 226w, https:\/\/blog.erm.ee\/wp-content\/uploads\/2018\/02\/Linna_blogi-768x1018.png 768w, https:\/\/blog.erm.ee\/wp-content\/uploads\/2018\/02\/Linna_blogi-773x1024.png 773w\" sizes=\"auto, (max-width: 1200px) 100vw, 1200px\" \/><\/a><p id=\"caption-attachment-10951\" class=\"wp-caption-text\">Portreteeritav on laulja Ivo Linna (s 1949). Foto: Toomas Volkmann<\/p><\/div>\n<p>Seda me juba teame, et Antonile meeldib Valli baaris k\u00e4ia, seal &#8220;Lili Marleeni&#8221; ja &#8220;Metsavendade laulu&#8221; esitada. Ja Andrei Hvostoviga k\u00e4hmelda teemal &#8220;et koidikul siis selgitame, kes meist on \u00f5ige eestlane&#8221;. Aga Anton oskab ka suurep\u00e4raselt ja kirglikult Macarenat tantsida. Oleme seda koos teinud nii kuumas l\u00f5unamaa \u00f6\u00f6s kui ka p\u00f5hjamaiselt karges Tallinna \u00f6\u00f6klubis. No kuidas sa siis ei armasta sellist venelast? Ja tema pilti sellel n\u00e4itusel!<\/p>\n<div id=\"attachment_10952\" style=\"width: 1210px\" class=\"wp-caption alignnone\"><a href=\"https:\/\/blog.erm.ee\/wp-content\/uploads\/2018\/02\/Aleksejev_blogi.png\"><img loading=\"lazy\" decoding=\"async\" aria-describedby=\"caption-attachment-10952\" data-attachment-id=\"10952\" data-permalink=\"https:\/\/blog.erm.ee\/?attachment_id=10952#main\" data-orig-file=\"https:\/\/blog.erm.ee\/wp-content\/uploads\/2018\/02\/Aleksejev_blogi.png\" data-orig-size=\"1200,1590\" data-comments-opened=\"1\" data-image-meta=\"{&quot;aperture&quot;:&quot;0&quot;,&quot;credit&quot;:&quot;&quot;,&quot;camera&quot;:&quot;&quot;,&quot;caption&quot;:&quot;&quot;,&quot;created_timestamp&quot;:&quot;0&quot;,&quot;copyright&quot;:&quot;&quot;,&quot;focal_length&quot;:&quot;0&quot;,&quot;iso&quot;:&quot;0&quot;,&quot;shutter_speed&quot;:&quot;0&quot;,&quot;title&quot;:&quot;&quot;,&quot;orientation&quot;:&quot;0&quot;}\" data-image-title=\"Aleksejev_blogi\" data-image-description=\"\" data-image-caption=\"\" data-large-file=\"https:\/\/blog.erm.ee\/wp-content\/uploads\/2018\/02\/Aleksejev_blogi-773x1024.png\" class=\"wp-image-10952 size-full\" src=\"https:\/\/blog.erm.ee\/wp-content\/uploads\/2018\/02\/Aleksejev_blogi.png\" alt=\"\" width=\"1200\" height=\"1590\" srcset=\"https:\/\/blog.erm.ee\/wp-content\/uploads\/2018\/02\/Aleksejev_blogi.png 1200w, https:\/\/blog.erm.ee\/wp-content\/uploads\/2018\/02\/Aleksejev_blogi-196x260.png 196w, https:\/\/blog.erm.ee\/wp-content\/uploads\/2018\/02\/Aleksejev_blogi-226x300.png 226w, https:\/\/blog.erm.ee\/wp-content\/uploads\/2018\/02\/Aleksejev_blogi-768x1018.png 768w, https:\/\/blog.erm.ee\/wp-content\/uploads\/2018\/02\/Aleksejev_blogi-773x1024.png 773w\" sizes=\"auto, (max-width: 1200px) 100vw, 1200px\" \/><\/a><p id=\"caption-attachment-10952\" class=\"wp-caption-text\">Portreteeritav on ajakirjanik ja ERRi korrespondent Moskvas Anton Aleksejev (s 1971). Foto: Toomas Volkmann<\/p><\/div>\n<div id=\"attachment_10953\" style=\"width: 1210px\" class=\"wp-caption alignnone\"><a href=\"https:\/\/blog.erm.ee\/wp-content\/uploads\/2018\/02\/Valli-baar_blogi.png\"><img loading=\"lazy\" decoding=\"async\" aria-describedby=\"caption-attachment-10953\" data-attachment-id=\"10953\" data-permalink=\"https:\/\/blog.erm.ee\/?attachment_id=10953#main\" data-orig-file=\"https:\/\/blog.erm.ee\/wp-content\/uploads\/2018\/02\/Valli-baar_blogi.png\" data-orig-size=\"1200,800\" data-comments-opened=\"1\" data-image-meta=\"{&quot;aperture&quot;:&quot;0&quot;,&quot;credit&quot;:&quot;&quot;,&quot;camera&quot;:&quot;&quot;,&quot;caption&quot;:&quot;&quot;,&quot;created_timestamp&quot;:&quot;0&quot;,&quot;copyright&quot;:&quot;&quot;,&quot;focal_length&quot;:&quot;0&quot;,&quot;iso&quot;:&quot;0&quot;,&quot;shutter_speed&quot;:&quot;0&quot;,&quot;title&quot;:&quot;&quot;,&quot;orientation&quot;:&quot;0&quot;}\" data-image-title=\"Valli baar_blogi\" data-image-description=\"\" data-image-caption=\"\" data-large-file=\"https:\/\/blog.erm.ee\/wp-content\/uploads\/2018\/02\/Valli-baar_blogi-1024x683.png\" class=\"wp-image-10953 size-full\" src=\"https:\/\/blog.erm.ee\/wp-content\/uploads\/2018\/02\/Valli-baar_blogi.png\" alt=\"\" width=\"1200\" height=\"800\" srcset=\"https:\/\/blog.erm.ee\/wp-content\/uploads\/2018\/02\/Valli-baar_blogi.png 1200w, https:\/\/blog.erm.ee\/wp-content\/uploads\/2018\/02\/Valli-baar_blogi-390x260.png 390w, https:\/\/blog.erm.ee\/wp-content\/uploads\/2018\/02\/Valli-baar_blogi-300x200.png 300w, https:\/\/blog.erm.ee\/wp-content\/uploads\/2018\/02\/Valli-baar_blogi-768x512.png 768w, https:\/\/blog.erm.ee\/wp-content\/uploads\/2018\/02\/Valli-baar_blogi-1024x683.png 1024w\" sizes=\"auto, (max-width: 1200px) 100vw, 1200px\" \/><\/a><p id=\"caption-attachment-10953\" class=\"wp-caption-text\">Valli baar. Foto: T\u00f5nu Tunnel<\/p><\/div>\n<h3 style=\"text-align: justify;\">Tiiu Suvi, ajakirjanik<\/h3>\n<p style=\"text-align: justify;\">Kui ta \u0160veitsist v\u00f5i kusagilt mujalt maailmast Tallinna p\u00f5ikab, meenutab lennukiaknast avanev vaade \u2013 kesklinn oma hoonete ja t\u00e4navate korraldatuses \u2013 kiipkaarti. Ent enamasti on Tallinna saabudes pime. V\u00f5ib-olla seep\u00e4rast ei ole ta \u00fclelennul m\u00e4rganud, kui h\u00f5redaks on j\u00e4\u00e4nud Eesti metsad. Mehe pilk \u00fctleb, et avastamisr\u00f5\u00f5mu on j\u00e4\u00e4nud v\u00e4hemaks. Siiski on see alles. M\u00f5nikord satub ta Tallinnas \u00f5htul v\u00e4lja. Ja ma loen ta silmist: \u201cL\u00e4ksid \u00fchte kohta ja vastu tulid inimesed, kellega olid omal ajal kokku saanud ja asju teinud. Ja elu kandis sind edasi kuni neljani hommikul ja see oli parem kui film.\u201d<\/p>\n<div id=\"attachment_10954\" style=\"width: 1210px\" class=\"wp-caption alignnone\"><a href=\"https:\/\/blog.erm.ee\/wp-content\/uploads\/2018\/02\/Lhmus_blogi.png\"><img loading=\"lazy\" decoding=\"async\" aria-describedby=\"caption-attachment-10954\" data-attachment-id=\"10954\" data-permalink=\"https:\/\/blog.erm.ee\/?attachment_id=10954#main\" data-orig-file=\"https:\/\/blog.erm.ee\/wp-content\/uploads\/2018\/02\/Lhmus_blogi.png\" data-orig-size=\"1200,1590\" data-comments-opened=\"1\" data-image-meta=\"{&quot;aperture&quot;:&quot;0&quot;,&quot;credit&quot;:&quot;&quot;,&quot;camera&quot;:&quot;&quot;,&quot;caption&quot;:&quot;&quot;,&quot;created_timestamp&quot;:&quot;0&quot;,&quot;copyright&quot;:&quot;&quot;,&quot;focal_length&quot;:&quot;0&quot;,&quot;iso&quot;:&quot;0&quot;,&quot;shutter_speed&quot;:&quot;0&quot;,&quot;title&quot;:&quot;&quot;,&quot;orientation&quot;:&quot;0&quot;}\" data-image-title=\"Lhmus_blogi\" data-image-description=\"\" data-image-caption=\"\" data-large-file=\"https:\/\/blog.erm.ee\/wp-content\/uploads\/2018\/02\/Lhmus_blogi-773x1024.png\" class=\"wp-image-10954 size-full\" src=\"https:\/\/blog.erm.ee\/wp-content\/uploads\/2018\/02\/Lhmus_blogi.png\" alt=\"\" width=\"1200\" height=\"1590\" srcset=\"https:\/\/blog.erm.ee\/wp-content\/uploads\/2018\/02\/Lhmus_blogi.png 1200w, https:\/\/blog.erm.ee\/wp-content\/uploads\/2018\/02\/Lhmus_blogi-196x260.png 196w, https:\/\/blog.erm.ee\/wp-content\/uploads\/2018\/02\/Lhmus_blogi-226x300.png 226w, https:\/\/blog.erm.ee\/wp-content\/uploads\/2018\/02\/Lhmus_blogi-768x1018.png 768w, https:\/\/blog.erm.ee\/wp-content\/uploads\/2018\/02\/Lhmus_blogi-773x1024.png 773w\" sizes=\"auto, (max-width: 1200px) 100vw, 1200px\" \/><\/a><p id=\"caption-attachment-10954\" class=\"wp-caption-text\">Portreteeritav on investor ja LHV panga asutajaliige Rain L\u00f5hmus (s 1966). Foto: Toomas Volkmann<\/p><\/div>\n<div id=\"attachment_10955\" style=\"width: 1210px\" class=\"wp-caption alignnone\"><a href=\"https:\/\/blog.erm.ee\/wp-content\/uploads\/2018\/02\/52-kesklinn_blogi.png\"><img loading=\"lazy\" decoding=\"async\" aria-describedby=\"caption-attachment-10955\" data-attachment-id=\"10955\" data-permalink=\"https:\/\/blog.erm.ee\/?attachment_id=10955#main\" data-orig-file=\"https:\/\/blog.erm.ee\/wp-content\/uploads\/2018\/02\/52-kesklinn_blogi.png\" data-orig-size=\"1200,801\" data-comments-opened=\"1\" data-image-meta=\"{&quot;aperture&quot;:&quot;0&quot;,&quot;credit&quot;:&quot;&quot;,&quot;camera&quot;:&quot;&quot;,&quot;caption&quot;:&quot;&quot;,&quot;created_timestamp&quot;:&quot;0&quot;,&quot;copyright&quot;:&quot;&quot;,&quot;focal_length&quot;:&quot;0&quot;,&quot;iso&quot;:&quot;0&quot;,&quot;shutter_speed&quot;:&quot;0&quot;,&quot;title&quot;:&quot;&quot;,&quot;orientation&quot;:&quot;0&quot;}\" data-image-title=\"52 kesklinn_blogi\" data-image-description=\"\" data-image-caption=\"\" data-large-file=\"https:\/\/blog.erm.ee\/wp-content\/uploads\/2018\/02\/52-kesklinn_blogi-1024x684.png\" class=\"wp-image-10955 size-full\" src=\"https:\/\/blog.erm.ee\/wp-content\/uploads\/2018\/02\/52-kesklinn_blogi.png\" alt=\"\" width=\"1200\" height=\"801\" srcset=\"https:\/\/blog.erm.ee\/wp-content\/uploads\/2018\/02\/52-kesklinn_blogi.png 1200w, https:\/\/blog.erm.ee\/wp-content\/uploads\/2018\/02\/52-kesklinn_blogi-390x260.png 390w, https:\/\/blog.erm.ee\/wp-content\/uploads\/2018\/02\/52-kesklinn_blogi-300x200.png 300w, https:\/\/blog.erm.ee\/wp-content\/uploads\/2018\/02\/52-kesklinn_blogi-768x513.png 768w, https:\/\/blog.erm.ee\/wp-content\/uploads\/2018\/02\/52-kesklinn_blogi-1024x684.png 1024w\" sizes=\"auto, (max-width: 1200px) 100vw, 1200px\" \/><\/a><p id=\"caption-attachment-10955\" class=\"wp-caption-text\">Tallinna kesklinn. Foto: T\u00f5nu Tunnel<\/p><\/div>\n<h3 style=\"text-align: justify;\">T\u00f5nu Tunnel, fotograaf<\/h3>\n<p style=\"text-align: justify;\">Minu jaoks on kuidagi eriti loogiline ja toimiv tervik Varnja k\u00fcla t\u00f5stetud sibulapeenar ja proua Tatjana Kalbina. Tartu Telefonitehase endine t\u00f6\u00f6dejuhataja, kes on s\u00fcnnikoju tagasi j\u00f5udnud ja endiselt nii elur\u00f5\u00f5mus ja krapsakas. Magusad ja vitamiine t\u00e4is sibulad&#8230; mu jaoks on pigem see karakter ja sibul m\u00f5lemad kuidagi soojad ja toredad, annab \u00f5ige tunde lihtsalt!<\/p>\n<div id=\"attachment_10957\" style=\"width: 1210px\" class=\"wp-caption alignnone\"><a href=\"https:\/\/blog.erm.ee\/wp-content\/uploads\/2018\/02\/EV_blogi_sibul.png\"><img loading=\"lazy\" decoding=\"async\" aria-describedby=\"caption-attachment-10957\" data-attachment-id=\"10957\" data-permalink=\"https:\/\/blog.erm.ee\/?attachment_id=10957#main\" data-orig-file=\"https:\/\/blog.erm.ee\/wp-content\/uploads\/2018\/02\/EV_blogi_sibul.png\" data-orig-size=\"1200,1590\" data-comments-opened=\"1\" data-image-meta=\"{&quot;aperture&quot;:&quot;0&quot;,&quot;credit&quot;:&quot;&quot;,&quot;camera&quot;:&quot;&quot;,&quot;caption&quot;:&quot;&quot;,&quot;created_timestamp&quot;:&quot;0&quot;,&quot;copyright&quot;:&quot;&quot;,&quot;focal_length&quot;:&quot;0&quot;,&quot;iso&quot;:&quot;0&quot;,&quot;shutter_speed&quot;:&quot;0&quot;,&quot;title&quot;:&quot;&quot;,&quot;orientation&quot;:&quot;0&quot;}\" data-image-title=\"EV_blogi_sibul\" data-image-description=\"\" data-image-caption=\"\" data-large-file=\"https:\/\/blog.erm.ee\/wp-content\/uploads\/2018\/02\/EV_blogi_sibul-773x1024.png\" class=\"wp-image-10957 size-full\" src=\"https:\/\/blog.erm.ee\/wp-content\/uploads\/2018\/02\/EV_blogi_sibul.png\" alt=\"\" width=\"1200\" height=\"1590\" srcset=\"https:\/\/blog.erm.ee\/wp-content\/uploads\/2018\/02\/EV_blogi_sibul.png 1200w, https:\/\/blog.erm.ee\/wp-content\/uploads\/2018\/02\/EV_blogi_sibul-196x260.png 196w, https:\/\/blog.erm.ee\/wp-content\/uploads\/2018\/02\/EV_blogi_sibul-226x300.png 226w, https:\/\/blog.erm.ee\/wp-content\/uploads\/2018\/02\/EV_blogi_sibul-768x1018.png 768w, https:\/\/blog.erm.ee\/wp-content\/uploads\/2018\/02\/EV_blogi_sibul-773x1024.png 773w\" sizes=\"auto, (max-width: 1200px) 100vw, 1200px\" \/><\/a><p id=\"caption-attachment-10957\" class=\"wp-caption-text\">Portreteeritav on vanausuline Tatjana Kalbina (s 1929). Foto: Toomas Volkmann<\/p><\/div>\n<div id=\"attachment_10956\" style=\"width: 1210px\" class=\"wp-caption alignnone\"><a href=\"https:\/\/blog.erm.ee\/wp-content\/uploads\/2018\/02\/89-sibulapeenar_blogi.png\"><img loading=\"lazy\" decoding=\"async\" aria-describedby=\"caption-attachment-10956\" data-attachment-id=\"10956\" data-permalink=\"https:\/\/blog.erm.ee\/?attachment_id=10956#main\" data-orig-file=\"https:\/\/blog.erm.ee\/wp-content\/uploads\/2018\/02\/89-sibulapeenar_blogi.png\" data-orig-size=\"1200,800\" data-comments-opened=\"1\" data-image-meta=\"{&quot;aperture&quot;:&quot;0&quot;,&quot;credit&quot;:&quot;&quot;,&quot;camera&quot;:&quot;&quot;,&quot;caption&quot;:&quot;&quot;,&quot;created_timestamp&quot;:&quot;0&quot;,&quot;copyright&quot;:&quot;&quot;,&quot;focal_length&quot;:&quot;0&quot;,&quot;iso&quot;:&quot;0&quot;,&quot;shutter_speed&quot;:&quot;0&quot;,&quot;title&quot;:&quot;&quot;,&quot;orientation&quot;:&quot;0&quot;}\" data-image-title=\"89 sibulapeenar_blogi\" data-image-description=\"\" data-image-caption=\"\" data-large-file=\"https:\/\/blog.erm.ee\/wp-content\/uploads\/2018\/02\/89-sibulapeenar_blogi-1024x683.png\" class=\"wp-image-10956 size-full\" src=\"https:\/\/blog.erm.ee\/wp-content\/uploads\/2018\/02\/89-sibulapeenar_blogi.png\" alt=\"\" width=\"1200\" height=\"800\" srcset=\"https:\/\/blog.erm.ee\/wp-content\/uploads\/2018\/02\/89-sibulapeenar_blogi.png 1200w, https:\/\/blog.erm.ee\/wp-content\/uploads\/2018\/02\/89-sibulapeenar_blogi-390x260.png 390w, https:\/\/blog.erm.ee\/wp-content\/uploads\/2018\/02\/89-sibulapeenar_blogi-300x200.png 300w, https:\/\/blog.erm.ee\/wp-content\/uploads\/2018\/02\/89-sibulapeenar_blogi-768x512.png 768w, https:\/\/blog.erm.ee\/wp-content\/uploads\/2018\/02\/89-sibulapeenar_blogi-1024x683.png 1024w\" sizes=\"auto, (max-width: 1200px) 100vw, 1200px\" \/><\/a><p id=\"caption-attachment-10956\" class=\"wp-caption-text\">Sibulapeenar. Foto: T\u00f5nu Tunnel<\/p><\/div>\n<h3>Kaire van der Toorn-Guthan, graafiline disainer, projekti idee autor<\/h3>\n<p style=\"text-align: justify;\">Kohtumine Sirjega oli maagiline ja veidi m\u00fcstiline&#8230; Mind k\u00f5netab tema v\u00f5luv, k\u00f5igesv\u00e4ljenduv minimalism. Seesama tema minimalistlik loomus tuleb v\u00e4ga selgelt v\u00e4lja ka meie seerias. Nii tema portrees \u2013 peaaegu ainult kontuur, mis joonistab ikoonilise vormi \u2013 kui ka ka tema Eesti meeleolus \u2013 vaevuaimatav kriips, mis jaotab pinna t\u00e4pselt kaheks v\u00f5rdseks osaks. Imeline pilt T\u00f5nu Tunnelilt, mille ta p\u00fc\u00fcdis kinni Pirita rannal. Kaks lauset teksti\u2026 ja k\u00f5ik! <em>That\u2019s it. What you see is what you get!<\/em> V\u00f5rratu kooslus!<\/p>\n<div id=\"attachment_10949\" style=\"width: 1210px\" class=\"wp-caption alignnone\"><a href=\"https:\/\/blog.erm.ee\/wp-content\/uploads\/2018\/02\/Runge_blogi.png\"><img loading=\"lazy\" decoding=\"async\" aria-describedby=\"caption-attachment-10949\" data-attachment-id=\"10949\" data-permalink=\"https:\/\/blog.erm.ee\/?attachment_id=10949#main\" data-orig-file=\"https:\/\/blog.erm.ee\/wp-content\/uploads\/2018\/02\/Runge_blogi.png\" data-orig-size=\"1200,1590\" data-comments-opened=\"1\" data-image-meta=\"{&quot;aperture&quot;:&quot;0&quot;,&quot;credit&quot;:&quot;&quot;,&quot;camera&quot;:&quot;&quot;,&quot;caption&quot;:&quot;&quot;,&quot;created_timestamp&quot;:&quot;0&quot;,&quot;copyright&quot;:&quot;&quot;,&quot;focal_length&quot;:&quot;0&quot;,&quot;iso&quot;:&quot;0&quot;,&quot;shutter_speed&quot;:&quot;0&quot;,&quot;title&quot;:&quot;&quot;,&quot;orientation&quot;:&quot;0&quot;}\" data-image-title=\"Runge_blogi\" data-image-description=\"\" data-image-caption=\"\" data-large-file=\"https:\/\/blog.erm.ee\/wp-content\/uploads\/2018\/02\/Runge_blogi-773x1024.png\" class=\"wp-image-10949 size-full\" src=\"https:\/\/blog.erm.ee\/wp-content\/uploads\/2018\/02\/Runge_blogi.png\" alt=\"\" width=\"1200\" height=\"1590\" srcset=\"https:\/\/blog.erm.ee\/wp-content\/uploads\/2018\/02\/Runge_blogi.png 1200w, https:\/\/blog.erm.ee\/wp-content\/uploads\/2018\/02\/Runge_blogi-196x260.png 196w, https:\/\/blog.erm.ee\/wp-content\/uploads\/2018\/02\/Runge_blogi-226x300.png 226w, https:\/\/blog.erm.ee\/wp-content\/uploads\/2018\/02\/Runge_blogi-768x1018.png 768w, https:\/\/blog.erm.ee\/wp-content\/uploads\/2018\/02\/Runge_blogi-773x1024.png 773w\" sizes=\"auto, (max-width: 1200px) 100vw, 1200px\" \/><\/a><p id=\"caption-attachment-10949\" class=\"wp-caption-text\">Portreteeritav on kunstnik ja \u00f5ppej\u00f5ud Sirje Runge (s 1950). Foto: Toomas Volkmann<\/p><\/div>\n<div id=\"attachment_10950\" style=\"width: 1210px\" class=\"wp-caption alignnone\"><a href=\"https:\/\/blog.erm.ee\/wp-content\/uploads\/2018\/02\/68-runge-merehorisont_blogi.png\"><img loading=\"lazy\" decoding=\"async\" aria-describedby=\"caption-attachment-10950\" data-attachment-id=\"10950\" data-permalink=\"https:\/\/blog.erm.ee\/?attachment_id=10950#main\" data-orig-file=\"https:\/\/blog.erm.ee\/wp-content\/uploads\/2018\/02\/68-runge-merehorisont_blogi.png\" data-orig-size=\"1200,800\" data-comments-opened=\"1\" data-image-meta=\"{&quot;aperture&quot;:&quot;0&quot;,&quot;credit&quot;:&quot;&quot;,&quot;camera&quot;:&quot;&quot;,&quot;caption&quot;:&quot;&quot;,&quot;created_timestamp&quot;:&quot;0&quot;,&quot;copyright&quot;:&quot;&quot;,&quot;focal_length&quot;:&quot;0&quot;,&quot;iso&quot;:&quot;0&quot;,&quot;shutter_speed&quot;:&quot;0&quot;,&quot;title&quot;:&quot;&quot;,&quot;orientation&quot;:&quot;0&quot;}\" data-image-title=\"68 runge merehorisont_blogi\" data-image-description=\"\" data-image-caption=\"\" data-large-file=\"https:\/\/blog.erm.ee\/wp-content\/uploads\/2018\/02\/68-runge-merehorisont_blogi-1024x683.png\" class=\"wp-image-10950 size-full\" src=\"https:\/\/blog.erm.ee\/wp-content\/uploads\/2018\/02\/68-runge-merehorisont_blogi.png\" alt=\"\" width=\"1200\" height=\"800\" srcset=\"https:\/\/blog.erm.ee\/wp-content\/uploads\/2018\/02\/68-runge-merehorisont_blogi.png 1200w, https:\/\/blog.erm.ee\/wp-content\/uploads\/2018\/02\/68-runge-merehorisont_blogi-390x260.png 390w, https:\/\/blog.erm.ee\/wp-content\/uploads\/2018\/02\/68-runge-merehorisont_blogi-300x200.png 300w, https:\/\/blog.erm.ee\/wp-content\/uploads\/2018\/02\/68-runge-merehorisont_blogi-768x512.png 768w, https:\/\/blog.erm.ee\/wp-content\/uploads\/2018\/02\/68-runge-merehorisont_blogi-1024x683.png 1024w\" sizes=\"auto, (max-width: 1200px) 100vw, 1200px\" \/><\/a><p id=\"caption-attachment-10950\" class=\"wp-caption-text\">Mere horisont. Foto: T\u00f5nu Tunnel<\/p><\/div>\n<h3 style=\"text-align: justify;\">T\u00f5nu Runnel, fotograaf<\/h3>\n<p style=\"text-align: justify;\">Jako, s\u00fcndinud 2017. See foto v\u00e4iksest imperaator Nerost kinnistus esimesena mu teadvusesse. Ekspressiivne, natuke isegi karikatuurne. Portreede k\u00f5rval \u00fcks t\u00e4ies pikkuses inimene, j\u00f5uline ja tahet t\u00e4is. Eesti 200.<\/p>\n<div id=\"attachment_10958\" style=\"width: 1210px\" class=\"wp-caption alignnone\"><a href=\"https:\/\/blog.erm.ee\/wp-content\/uploads\/2018\/02\/EV_blogi.png\"><img loading=\"lazy\" decoding=\"async\" aria-describedby=\"caption-attachment-10958\" data-attachment-id=\"10958\" data-permalink=\"https:\/\/blog.erm.ee\/?attachment_id=10958#main\" data-orig-file=\"https:\/\/blog.erm.ee\/wp-content\/uploads\/2018\/02\/EV_blogi.png\" data-orig-size=\"1200,1608\" data-comments-opened=\"1\" data-image-meta=\"{&quot;aperture&quot;:&quot;0&quot;,&quot;credit&quot;:&quot;&quot;,&quot;camera&quot;:&quot;&quot;,&quot;caption&quot;:&quot;&quot;,&quot;created_timestamp&quot;:&quot;0&quot;,&quot;copyright&quot;:&quot;&quot;,&quot;focal_length&quot;:&quot;0&quot;,&quot;iso&quot;:&quot;0&quot;,&quot;shutter_speed&quot;:&quot;0&quot;,&quot;title&quot;:&quot;&quot;,&quot;orientation&quot;:&quot;0&quot;}\" data-image-title=\"EV_blogi\" data-image-description=\"\" data-image-caption=\"\" data-large-file=\"https:\/\/blog.erm.ee\/wp-content\/uploads\/2018\/02\/EV_blogi-764x1024.png\" class=\"wp-image-10958 size-full\" src=\"https:\/\/blog.erm.ee\/wp-content\/uploads\/2018\/02\/EV_blogi.png\" alt=\"\" width=\"1200\" height=\"1608\" srcset=\"https:\/\/blog.erm.ee\/wp-content\/uploads\/2018\/02\/EV_blogi.png 1200w, https:\/\/blog.erm.ee\/wp-content\/uploads\/2018\/02\/EV_blogi-194x260.png 194w, https:\/\/blog.erm.ee\/wp-content\/uploads\/2018\/02\/EV_blogi-224x300.png 224w, https:\/\/blog.erm.ee\/wp-content\/uploads\/2018\/02\/EV_blogi-768x1029.png 768w, https:\/\/blog.erm.ee\/wp-content\/uploads\/2018\/02\/EV_blogi-764x1024.png 764w\" sizes=\"auto, (max-width: 1200px) 100vw, 1200px\" \/><\/a><p id=\"caption-attachment-10958\" class=\"wp-caption-text\">Portreteeritav on 24. veebruaril 2017 Eestis k\u00f5ige esimesena s\u00fcndinud laps, Jako Ehasoo (s 2017). Foto: Toomas Volkmann<\/p><\/div>\n<p>Mu pildid tulevad minu juurde enamasti juhuslikult, kavandamata. P\u00fc\u00fcan kaamerat laskevalmis hoida ja osa silmapaistvaid hetki argielust \u00fcles v\u00f5tta. Nii dokumenteerisin ma \u00fcksp\u00e4ev Kangilaskide juurest kodun\u00e4ituselt lahkudes nende kassi \u00e4ra. N\u00fc\u00fcd on ta ka minu kass. Ja isegi aknad tulid minuga kaasa. Jagan neid n\u00fc\u00fcd k\u00f5igile teistele ka \u2014 s\u00fcdamesoojenduseks.<\/p>\n<div id=\"attachment_10960\" style=\"width: 1210px\" class=\"wp-caption alignnone\"><a href=\"https:\/\/blog.erm.ee\/wp-content\/uploads\/2018\/02\/50-kangilaski-kass_blogi.jpg\"><img loading=\"lazy\" decoding=\"async\" aria-describedby=\"caption-attachment-10960\" data-attachment-id=\"10960\" data-permalink=\"https:\/\/blog.erm.ee\/?attachment_id=10960#main\" data-orig-file=\"https:\/\/blog.erm.ee\/wp-content\/uploads\/2018\/02\/50-kangilaski-kass_blogi.jpg\" data-orig-size=\"1200,800\" data-comments-opened=\"1\" data-image-meta=\"{&quot;aperture&quot;:&quot;0&quot;,&quot;credit&quot;:&quot;&quot;,&quot;camera&quot;:&quot;&quot;,&quot;caption&quot;:&quot;&quot;,&quot;created_timestamp&quot;:&quot;0&quot;,&quot;copyright&quot;:&quot;&quot;,&quot;focal_length&quot;:&quot;0&quot;,&quot;iso&quot;:&quot;0&quot;,&quot;shutter_speed&quot;:&quot;0&quot;,&quot;title&quot;:&quot;&quot;,&quot;orientation&quot;:&quot;0&quot;}\" data-image-title=\"50-kangilaski-kass_blogi\" data-image-description=\"\" data-image-caption=\"\" data-large-file=\"https:\/\/blog.erm.ee\/wp-content\/uploads\/2018\/02\/50-kangilaski-kass_blogi-1024x683.jpg\" class=\"wp-image-10960 size-full\" src=\"https:\/\/blog.erm.ee\/wp-content\/uploads\/2018\/02\/50-kangilaski-kass_blogi.jpg\" alt=\"\" width=\"1200\" height=\"800\" srcset=\"https:\/\/blog.erm.ee\/wp-content\/uploads\/2018\/02\/50-kangilaski-kass_blogi.jpg 1200w, https:\/\/blog.erm.ee\/wp-content\/uploads\/2018\/02\/50-kangilaski-kass_blogi-390x260.jpg 390w, https:\/\/blog.erm.ee\/wp-content\/uploads\/2018\/02\/50-kangilaski-kass_blogi-300x200.jpg 300w, https:\/\/blog.erm.ee\/wp-content\/uploads\/2018\/02\/50-kangilaski-kass_blogi-768x512.jpg 768w, https:\/\/blog.erm.ee\/wp-content\/uploads\/2018\/02\/50-kangilaski-kass_blogi-1024x683.jpg 1024w\" sizes=\"auto, (max-width: 1200px) 100vw, 1200px\" \/><\/a><p id=\"caption-attachment-10960\" class=\"wp-caption-text\">Kass aknal Supilinnas. Foto: T\u00f5nu Runnel<\/p><\/div>\n<h3 style=\"text-align: justify;\">Helina Piip, ajakirjanik<\/h3>\n<p style=\"text-align: justify;\">Ses kaadris on tolle iseloomuka daami olemus \u2013 lihtsate joonte elegants, m\u00e4ngulisus, v\u00e4ike kuraas ja Prantsuse L\u00fctseumi vilistlase \u0161ikk. Milline \u00f5nn oli l\u00f5puks ometi kohtuda naisega, kes omal ajal koos legendaarse Voldemar Pansoga Eesti teatris suuri tegusid tegi! Ajal, kui v\u00e4rvi muutis poliitiliseks ehk punaseks oran\u017eile dekoratsioonile suunatud pro\u017eektorivihk. Kui s\u00fcsteemile pidi m\u00e4ssuvaimus \u00e4ra tegema nii, et kahtlustajad v\u00f5isid kahelda vaid omaenese silmades. Kui n\u00e4itlejatel laval ja rahval saalis jooksid k\u00fclmajudinad seljal, sest publik tundis vajadust p\u00fcsti t\u00f5usta, et Paunvere koorile kaasa laulda: \u201eKas tunned maad, mis Peipsi rannalt&#8230;\u201d.<\/p>\n<p style=\"text-align: justify;\">\u201eMe olime Noorsooteatris armunud sellesse maailma, see oli \u00f5nnelik aeg,\u201d \u00fctles Mari-Liis K\u00fcla me kolmandal kohtumisel.<\/p>\n<p style=\"text-align: justify;\">\u201e\u00d5nnelik aeg, sest olite noor ja&#8230;?\u201d k\u00fcsisin.<\/p>\n<p style=\"text-align: justify;\">\u201eMis noor? Praegu ka olen noor!\u201d sain kiire vastuse.<\/p>\n<div id=\"attachment_10961\" style=\"width: 1210px\" class=\"wp-caption alignnone\"><a href=\"https:\/\/blog.erm.ee\/wp-content\/uploads\/2018\/02\/EV_100_MARI_LIIS_KU_LA_TRU_KK_MG_9789.png\"><img loading=\"lazy\" decoding=\"async\" aria-describedby=\"caption-attachment-10961\" data-attachment-id=\"10961\" data-permalink=\"https:\/\/blog.erm.ee\/?attachment_id=10961#main\" data-orig-file=\"https:\/\/blog.erm.ee\/wp-content\/uploads\/2018\/02\/EV_100_MARI_LIIS_KU_LA_TRU_KK_MG_9789.png\" data-orig-size=\"1200,1608\" data-comments-opened=\"1\" data-image-meta=\"{&quot;aperture&quot;:&quot;0&quot;,&quot;credit&quot;:&quot;&quot;,&quot;camera&quot;:&quot;&quot;,&quot;caption&quot;:&quot;&quot;,&quot;created_timestamp&quot;:&quot;0&quot;,&quot;copyright&quot;:&quot;&quot;,&quot;focal_length&quot;:&quot;0&quot;,&quot;iso&quot;:&quot;0&quot;,&quot;shutter_speed&quot;:&quot;0&quot;,&quot;title&quot;:&quot;&quot;,&quot;orientation&quot;:&quot;0&quot;}\" data-image-title=\"EV_100_MARI_LIIS_KU_LA_TRU_KK_MG_9789\" data-image-description=\"\" data-image-caption=\"\" data-large-file=\"https:\/\/blog.erm.ee\/wp-content\/uploads\/2018\/02\/EV_100_MARI_LIIS_KU_LA_TRU_KK_MG_9789-764x1024.png\" class=\"wp-image-10961 size-full\" src=\"https:\/\/blog.erm.ee\/wp-content\/uploads\/2018\/02\/EV_100_MARI_LIIS_KU_LA_TRU_KK_MG_9789.png\" alt=\"\" width=\"1200\" height=\"1608\" srcset=\"https:\/\/blog.erm.ee\/wp-content\/uploads\/2018\/02\/EV_100_MARI_LIIS_KU_LA_TRU_KK_MG_9789.png 1200w, https:\/\/blog.erm.ee\/wp-content\/uploads\/2018\/02\/EV_100_MARI_LIIS_KU_LA_TRU_KK_MG_9789-194x260.png 194w, https:\/\/blog.erm.ee\/wp-content\/uploads\/2018\/02\/EV_100_MARI_LIIS_KU_LA_TRU_KK_MG_9789-224x300.png 224w, https:\/\/blog.erm.ee\/wp-content\/uploads\/2018\/02\/EV_100_MARI_LIIS_KU_LA_TRU_KK_MG_9789-768x1029.png 768w, https:\/\/blog.erm.ee\/wp-content\/uploads\/2018\/02\/EV_100_MARI_LIIS_KU_LA_TRU_KK_MG_9789-764x1024.png 764w\" sizes=\"auto, (max-width: 1200px) 100vw, 1200px\" \/><\/a><p id=\"caption-attachment-10961\" class=\"wp-caption-text\">Portreteeritav on teatrikunstnik ja pedagoog Mari-Liis K\u00fcla (s 1924). Foto: Toomas Volkmann<\/p><\/div>\n<h3 style=\"text-align: justify;\">Piret Jaaks, ajakirjanik<\/h3>\n<p style=\"text-align: justify;\">Pidime Otto Kuboga intervjuuks kohtuma Kalevi kommipoes, otse Maiasmoka kohviku k\u00f5rval. Loomulikult oli see k\u00f5ikide n\u00f5ukogude aegsete laste lemmikpaik Tallinna vanalinnas, nii ka minu. Koheselt meenus, kuidas me ema ja vanaemaga Maiasmoka kohvikus j\u00e4rjekorras seisime, et siis p\u00e4rast pikka ootamist leti \u00e4\u00e4rde j\u00f5udes v\u00e4risevil h\u00e4\u00e4lil k\u00fcsida endale Moskva saia ja mahla. Ja seal olid veel k\u00fcmned kringlid ja koogid\u2026 Olin ju maalaps ja minu jaoks olid sellised s\u00fcndmused haruldased. Ja kui siis veel sai akna alla istuma ning see Maiasmoka poe l\u00f5hn\u2026 On asju, mis ei unune.<\/p>\n<p style=\"text-align: justify;\">See k\u00f5ik tuli mulle meelde, kui ma Maiasmoka k\u00f5rval asuvasse Kalevi kommipoodi astusin. Otto ootas mind juba, naerusilmne mees. K\u00e4tlesime. Ta \u00fctles, et v\u00f5iksime minna \u00fclakorrusele, kuid minu t\u00f5taka sammu peale t\u00f5stis ta n\u00e4pu ja palus oodata. Ta v\u00f5ttis \u00fche taldriku ning noppis \u00fclima hoolega sinna suurelt \u0161okolaadiletilt m\u00f5ned k\u00e4sitsivalmistatud tr\u00fchvlid. \u201cKulub \u00e4ra,\u201d arvas ta. Ja tal oli \u00f5igus. Natuke \u0161okolaadi kulub alati \u00e4ra. \u00dclakorrusel r\u00e4\u00e4kis Otto mulle lugusid oma minevikust, sellest, kuidas ta Tartu \u00dclikoolis keemiat \u00f5ppis, kompvekitehasest \u201cKaramell\u201d, t\u00f6\u00f6de m\u00e4\u00e4ramise komisjonist N\u00f5ukogude ajal, mida h\u00fc\u00fcti \u201corjaturuks\u201d, puhkusest Kesk-Aasia viies liiduvabariigis, sellest, kuidas ta on pigistanud 144 riigi inimese k\u00e4tt ning pealtkuulamisseadmetega eriruumist Lomonossovi t\u00e4naval. M\u00f5istis, et see k\u00f5ik kindlasti ei mahu \u00e4ra meie raamatusse \u201cEesti l\u00e4bi 100 silmapaari\u201d, Otto elu on v\u00e4\u00e4rt v\u00e4hemasti tervet raamatut! L\u00f5puks kirjutasin \u00fcles tema loo sellest, kuidas ta ostis lapsena poest komme nimega \u201cTilk piima\u201d ja Maiasmoka kohvikust tuuletaskuid, mida ta \u201ctuulekottideks\u201d kutsus. Eks ole meil k\u00f5igil oma Maiasmoka-m\u00e4lestus. Lahkuma hakates lausus ta mulle: \u201cOodake, te olete ju ka kirjanik.\u201d M\u00e4letan, et m\u00f5tlesin l\u00f5bustatult: \u201cMeelitab\u201d. Kuid siis v\u00f5ttis Otto riiulilt \u00fche raamatu. See oligi raamat temast, Otto Kubost. \u201cSee on teile,\u201d lausus ta. \u00dctlesin, et ilma autogrammita ma ei lahku. N\u00fc\u00fcd on Otto veel \u00fches raamatus, v\u00e4\u00e4rikalt esindatud nagu \u0161okolaadikuningale kohane.<\/p>\n<div id=\"attachment_10962\" style=\"width: 2443px\" class=\"wp-caption alignnone\"><a href=\"https:\/\/blog.erm.ee\/wp-content\/uploads\/2018\/02\/EV.100.KOMM_.TRU\u2560\u0142KK.MG_3741.png\"><img loading=\"lazy\" decoding=\"async\" aria-describedby=\"caption-attachment-10962\" data-attachment-id=\"10962\" data-permalink=\"https:\/\/blog.erm.ee\/?attachment_id=10962#main\" data-orig-file=\"https:\/\/blog.erm.ee\/wp-content\/uploads\/2018\/02\/EV.100.KOMM_.TRU\u2560\u0142KK.MG_3741.png\" data-orig-size=\"2433,3260\" data-comments-opened=\"1\" data-image-meta=\"{&quot;aperture&quot;:&quot;0&quot;,&quot;credit&quot;:&quot;&quot;,&quot;camera&quot;:&quot;&quot;,&quot;caption&quot;:&quot;&quot;,&quot;created_timestamp&quot;:&quot;0&quot;,&quot;copyright&quot;:&quot;&quot;,&quot;focal_length&quot;:&quot;0&quot;,&quot;iso&quot;:&quot;0&quot;,&quot;shutter_speed&quot;:&quot;0&quot;,&quot;title&quot;:&quot;&quot;,&quot;orientation&quot;:&quot;0&quot;}\" data-image-title=\"EV.100.KOMM.TRU\u2560\u0142KK.MG_3741\" data-image-description=\"\" data-image-caption=\"\" data-large-file=\"https:\/\/blog.erm.ee\/wp-content\/uploads\/2018\/02\/EV.100.KOMM_.TRU\u2560\u0142KK.MG_3741-764x1024.png\" class=\"wp-image-10962 size-full\" src=\"https:\/\/blog.erm.ee\/wp-content\/uploads\/2018\/02\/EV.100.KOMM_.TRU\u2560\u0142KK.MG_3741.png\" alt=\"\" width=\"2433\" height=\"3260\" srcset=\"https:\/\/blog.erm.ee\/wp-content\/uploads\/2018\/02\/EV.100.KOMM_.TRU\u2560\u0142KK.MG_3741.png 2433w, https:\/\/blog.erm.ee\/wp-content\/uploads\/2018\/02\/EV.100.KOMM_.TRU\u2560\u0142KK.MG_3741-194x260.png 194w, https:\/\/blog.erm.ee\/wp-content\/uploads\/2018\/02\/EV.100.KOMM_.TRU\u2560\u0142KK.MG_3741-224x300.png 224w, https:\/\/blog.erm.ee\/wp-content\/uploads\/2018\/02\/EV.100.KOMM_.TRU\u2560\u0142KK.MG_3741-768x1029.png 768w, https:\/\/blog.erm.ee\/wp-content\/uploads\/2018\/02\/EV.100.KOMM_.TRU\u2560\u0142KK.MG_3741-764x1024.png 764w\" sizes=\"auto, (max-width: 2433px) 100vw, 2433px\" \/><\/a><p id=\"caption-attachment-10962\" class=\"wp-caption-text\">Portreteeritav on Kalevi vanim \u0161okolaadimeister Otto Kubo (1932). Foto: Toomas Volkmann<\/p><\/div>\n<div id=\"attachment_10963\" style=\"width: 1210px\" class=\"wp-caption alignnone\"><img loading=\"lazy\" decoding=\"async\" aria-describedby=\"caption-attachment-10963\" data-attachment-id=\"10963\" data-permalink=\"https:\/\/blog.erm.ee\/?attachment_id=10963#main\" data-orig-file=\"https:\/\/blog.erm.ee\/wp-content\/uploads\/2018\/02\/86-maiasmokk_blogi.jpg\" data-orig-size=\"1200,800\" data-comments-opened=\"1\" data-image-meta=\"{&quot;aperture&quot;:&quot;0&quot;,&quot;credit&quot;:&quot;&quot;,&quot;camera&quot;:&quot;&quot;,&quot;caption&quot;:&quot;&quot;,&quot;created_timestamp&quot;:&quot;0&quot;,&quot;copyright&quot;:&quot;&quot;,&quot;focal_length&quot;:&quot;0&quot;,&quot;iso&quot;:&quot;0&quot;,&quot;shutter_speed&quot;:&quot;0&quot;,&quot;title&quot;:&quot;&quot;,&quot;orientation&quot;:&quot;0&quot;}\" data-image-title=\"86 maiasmokk_blogi\" data-image-description=\"\" data-image-caption=\"\" data-large-file=\"https:\/\/blog.erm.ee\/wp-content\/uploads\/2018\/02\/86-maiasmokk_blogi-1024x683.jpg\" class=\"wp-image-10963 size-full\" src=\"https:\/\/blog.erm.ee\/wp-content\/uploads\/2018\/02\/86-maiasmokk_blogi.jpg\" alt=\"\" width=\"1200\" height=\"800\" srcset=\"https:\/\/blog.erm.ee\/wp-content\/uploads\/2018\/02\/86-maiasmokk_blogi.jpg 1200w, https:\/\/blog.erm.ee\/wp-content\/uploads\/2018\/02\/86-maiasmokk_blogi-390x260.jpg 390w, https:\/\/blog.erm.ee\/wp-content\/uploads\/2018\/02\/86-maiasmokk_blogi-300x200.jpg 300w, https:\/\/blog.erm.ee\/wp-content\/uploads\/2018\/02\/86-maiasmokk_blogi-768x512.jpg 768w, https:\/\/blog.erm.ee\/wp-content\/uploads\/2018\/02\/86-maiasmokk_blogi-1024x683.jpg 1024w\" sizes=\"auto, (max-width: 1200px) 100vw, 1200px\" \/><p id=\"caption-attachment-10963\" class=\"wp-caption-text\">Maiasmoka kohvik. Foto: T\u00f5nu Tunnel<\/p><\/div>\n<div class=\"fcbkbttn_buttons_block\" id=\"fcbkbttn_left\"><div class=\"fcbkbttn_like \"><fb:like href=\"https:\/\/blog.erm.ee\/?p=10948\" action=\"like\" colorscheme=\"light\" layout=\"standard\"  width=\"225px\" size=\"small\"><\/fb:like><\/div><div class=\"fb-share-button  \" data-href=\"https:\/\/blog.erm.ee\/?p=10948\" data-type=\"button\" data-size=\"small\"><\/div><\/div>","protected":false},"excerpt":{"rendered":"<p>Foton\u00e4ituse &#8220;Eesti l\u00e4bi 100 silmapaari&#8221; meeskond Alates 3. veebruarist on ERMis avatud EV100 p\u00fchendatud foton\u00e4itus \u201cEesti l\u00e4bi 100 silmapaari\u201d. Pildikeeles Eesti sajandi lugu jutustava n\u00e4ituse taga on meeskond, kellest osa on ERMi blogi jaoks, vaatamata raskele valikule, v\u00e4lja noppinud \u00fcksikud fotod kogu n\u00e4ituselt. Lisaks on nad kirja pannud, mis neid just konkreetsete fotode v\u00f5i hoopist\u00fckkis&hellip;<\/p>\n","protected":false},"author":1,"featured_media":10970,"comment_status":"open","ping_status":"open","sticky":false,"template":"","format":"standard","meta":{"_monsterinsights_skip_tracking":false,"_monsterinsights_sitenote_active":false,"_monsterinsights_sitenote_note":"","_monsterinsights_sitenote_category":0,"jetpack_post_was_ever_published":false,"_jetpack_newsletter_access":"","_jetpack_dont_email_post_to_subs":false,"_jetpack_newsletter_tier_id":0,"_jetpack_memberships_contains_paywalled_content":false,"_jetpack_memberships_contains_paid_content":false,"footnotes":""},"categories":[7],"tags":[],"class_list":["post-10948","post","type-post","status-publish","format-standard","has-post-thumbnail","hentry","category-naitus"],"yoast_head":"<!-- This site is optimized with the Yoast SEO plugin v27.5 - https:\/\/yoast.com\/product\/yoast-seo-wordpress\/ -->\n<title>Noppeid n\u00e4ituselt &quot;Eesti l\u00e4bi 100 silmapaari&quot; - Eesti Rahva Muuseumi ajaveeb<\/title>\n<meta name=\"robots\" content=\"index, follow, max-snippet:-1, max-image-preview:large, max-video-preview:-1\" \/>\n<link rel=\"canonical\" href=\"https:\/\/blog.erm.ee\/?p=10948\" \/>\n<meta property=\"og:locale\" content=\"et_EE\" \/>\n<meta property=\"og:type\" content=\"article\" \/>\n<meta property=\"og:title\" content=\"Noppeid n\u00e4ituselt &quot;Eesti l\u00e4bi 100 silmapaari&quot; - Eesti Rahva Muuseumi ajaveeb\" \/>\n<meta property=\"og:description\" content=\"Foton\u00e4ituse &#8220;Eesti l\u00e4bi 100 silmapaari&#8221; meeskond Alates 3. veebruarist on ERMis avatud EV100 p\u00fchendatud foton\u00e4itus \u201cEesti l\u00e4bi 100 silmapaari\u201d. Pildikeeles Eesti sajandi lugu jutustava n\u00e4ituse taga on meeskond, kellest osa on ERMi blogi jaoks, vaatamata raskele valikule, v\u00e4lja noppinud \u00fcksikud fotod kogu n\u00e4ituselt. Lisaks on nad kirja pannud, mis neid just konkreetsete fotode v\u00f5i hoopist\u00fckkis&hellip;\" \/>\n<meta property=\"og:url\" content=\"https:\/\/blog.erm.ee\/?p=10948\" \/>\n<meta property=\"og:site_name\" content=\"Eesti Rahva Muuseumi ajaveeb\" \/>\n<meta property=\"article:published_time\" content=\"2018-02-06T17:41:28+00:00\" \/>\n<meta property=\"article:modified_time\" content=\"2018-02-13T10:00:13+00:00\" \/>\n<meta property=\"og:image\" content=\"https:\/\/blog.erm.ee\/wp-content\/uploads\/2018\/02\/EV_blogi2.png\" \/>\n\t<meta property=\"og:image:width\" content=\"1188\" \/>\n\t<meta property=\"og:image:height\" content=\"793\" \/>\n\t<meta property=\"og:image:type\" content=\"image\/png\" \/>\n<meta name=\"author\" content=\"Eesti Rahva Muuseum\" \/>\n<meta name=\"twitter:card\" content=\"summary_large_image\" \/>\n<meta name=\"twitter:label1\" content=\"Written by\" \/>\n\t<meta name=\"twitter:data1\" content=\"Eesti Rahva Muuseum\" \/>\n\t<meta name=\"twitter:label2\" content=\"Est. reading time\" \/>\n\t<meta name=\"twitter:data2\" content=\"6 minutit\" \/>\n<script type=\"application\/ld+json\" class=\"yoast-schema-graph\">{\"@context\":\"https:\\\/\\\/schema.org\",\"@graph\":[{\"@type\":\"Article\",\"@id\":\"https:\\\/\\\/blog.erm.ee\\\/?p=10948#article\",\"isPartOf\":{\"@id\":\"https:\\\/\\\/blog.erm.ee\\\/?p=10948\"},\"author\":{\"name\":\"Eesti Rahva Muuseum\",\"@id\":\"https:\\\/\\\/blog.erm.ee\\\/#\\\/schema\\\/person\\\/6e98c391cb00a33e7c22a3571e062114\"},\"headline\":\"Noppeid n\u00e4ituselt &#8220;Eesti l\u00e4bi 100 silmapaari&#8221;\",\"datePublished\":\"2018-02-06T17:41:28+00:00\",\"dateModified\":\"2018-02-13T10:00:13+00:00\",\"mainEntityOfPage\":{\"@id\":\"https:\\\/\\\/blog.erm.ee\\\/?p=10948\"},\"wordCount\":1268,\"commentCount\":0,\"image\":{\"@id\":\"https:\\\/\\\/blog.erm.ee\\\/?p=10948#primaryimage\"},\"thumbnailUrl\":\"https:\\\/\\\/blog.erm.ee\\\/wp-content\\\/uploads\\\/2018\\\/02\\\/EV_blogi2.png\",\"articleSection\":[\"N\u00e4itus\"],\"inLanguage\":\"et\",\"potentialAction\":[{\"@type\":\"CommentAction\",\"name\":\"Comment\",\"target\":[\"https:\\\/\\\/blog.erm.ee\\\/?p=10948#respond\"]}]},{\"@type\":\"WebPage\",\"@id\":\"https:\\\/\\\/blog.erm.ee\\\/?p=10948\",\"url\":\"https:\\\/\\\/blog.erm.ee\\\/?p=10948\",\"name\":\"Noppeid n\u00e4ituselt \\\"Eesti l\u00e4bi 100 silmapaari\\\" - Eesti Rahva Muuseumi ajaveeb\",\"isPartOf\":{\"@id\":\"https:\\\/\\\/blog.erm.ee\\\/#website\"},\"primaryImageOfPage\":{\"@id\":\"https:\\\/\\\/blog.erm.ee\\\/?p=10948#primaryimage\"},\"image\":{\"@id\":\"https:\\\/\\\/blog.erm.ee\\\/?p=10948#primaryimage\"},\"thumbnailUrl\":\"https:\\\/\\\/blog.erm.ee\\\/wp-content\\\/uploads\\\/2018\\\/02\\\/EV_blogi2.png\",\"datePublished\":\"2018-02-06T17:41:28+00:00\",\"dateModified\":\"2018-02-13T10:00:13+00:00\",\"author\":{\"@id\":\"https:\\\/\\\/blog.erm.ee\\\/#\\\/schema\\\/person\\\/6e98c391cb00a33e7c22a3571e062114\"},\"breadcrumb\":{\"@id\":\"https:\\\/\\\/blog.erm.ee\\\/?p=10948#breadcrumb\"},\"inLanguage\":\"et\",\"potentialAction\":[{\"@type\":\"ReadAction\",\"target\":[\"https:\\\/\\\/blog.erm.ee\\\/?p=10948\"]}]},{\"@type\":\"ImageObject\",\"inLanguage\":\"et\",\"@id\":\"https:\\\/\\\/blog.erm.ee\\\/?p=10948#primaryimage\",\"url\":\"https:\\\/\\\/blog.erm.ee\\\/wp-content\\\/uploads\\\/2018\\\/02\\\/EV_blogi2.png\",\"contentUrl\":\"https:\\\/\\\/blog.erm.ee\\\/wp-content\\\/uploads\\\/2018\\\/02\\\/EV_blogi2.png\",\"width\":1188,\"height\":793},{\"@type\":\"BreadcrumbList\",\"@id\":\"https:\\\/\\\/blog.erm.ee\\\/?p=10948#breadcrumb\",\"itemListElement\":[{\"@type\":\"ListItem\",\"position\":1,\"name\":\"Home\",\"item\":\"https:\\\/\\\/blog.erm.ee\\\/\"},{\"@type\":\"ListItem\",\"position\":2,\"name\":\"Noppeid n\u00e4ituselt &#8220;Eesti l\u00e4bi 100 silmapaari&#8221;\"}]},{\"@type\":\"WebSite\",\"@id\":\"https:\\\/\\\/blog.erm.ee\\\/#website\",\"url\":\"https:\\\/\\\/blog.erm.ee\\\/\",\"name\":\"Eesti Rahva Muuseumi ajaveeb\",\"description\":\"\",\"potentialAction\":[{\"@type\":\"SearchAction\",\"target\":{\"@type\":\"EntryPoint\",\"urlTemplate\":\"https:\\\/\\\/blog.erm.ee\\\/?s={search_term_string}\"},\"query-input\":{\"@type\":\"PropertyValueSpecification\",\"valueRequired\":true,\"valueName\":\"search_term_string\"}}],\"inLanguage\":\"et\"},{\"@type\":\"Person\",\"@id\":\"https:\\\/\\\/blog.erm.ee\\\/#\\\/schema\\\/person\\\/6e98c391cb00a33e7c22a3571e062114\",\"name\":\"Eesti Rahva Muuseum\",\"image\":{\"@type\":\"ImageObject\",\"inLanguage\":\"et\",\"@id\":\"https:\\\/\\\/secure.gravatar.com\\\/avatar\\\/cb6d9ad5fb49f3f7315028ce5fe60641075f2cb52b8a058ff5a985fa2d8c1da0?s=96&d=mm&r=g\",\"url\":\"https:\\\/\\\/secure.gravatar.com\\\/avatar\\\/cb6d9ad5fb49f3f7315028ce5fe60641075f2cb52b8a058ff5a985fa2d8c1da0?s=96&d=mm&r=g\",\"contentUrl\":\"https:\\\/\\\/secure.gravatar.com\\\/avatar\\\/cb6d9ad5fb49f3f7315028ce5fe60641075f2cb52b8a058ff5a985fa2d8c1da0?s=96&d=mm&r=g\",\"caption\":\"Eesti Rahva Muuseum\"},\"sameAs\":[\"http:\\\/\\\/www.erm.ee\"],\"url\":\"https:\\\/\\\/blog.erm.ee\\\/?author=1\"}]}<\/script>\n<!-- \/ Yoast SEO plugin. -->","yoast_head_json":{"title":"Noppeid n\u00e4ituselt \"Eesti l\u00e4bi 100 silmapaari\" - Eesti Rahva Muuseumi ajaveeb","robots":{"index":"index","follow":"follow","max-snippet":"max-snippet:-1","max-image-preview":"max-image-preview:large","max-video-preview":"max-video-preview:-1"},"canonical":"https:\/\/blog.erm.ee\/?p=10948","og_locale":"et_EE","og_type":"article","og_title":"Noppeid n\u00e4ituselt \"Eesti l\u00e4bi 100 silmapaari\" - Eesti Rahva Muuseumi ajaveeb","og_description":"Foton\u00e4ituse &#8220;Eesti l\u00e4bi 100 silmapaari&#8221; meeskond Alates 3. veebruarist on ERMis avatud EV100 p\u00fchendatud foton\u00e4itus \u201cEesti l\u00e4bi 100 silmapaari\u201d. Pildikeeles Eesti sajandi lugu jutustava n\u00e4ituse taga on meeskond, kellest osa on ERMi blogi jaoks, vaatamata raskele valikule, v\u00e4lja noppinud \u00fcksikud fotod kogu n\u00e4ituselt. Lisaks on nad kirja pannud, mis neid just konkreetsete fotode v\u00f5i hoopist\u00fckkis&hellip;","og_url":"https:\/\/blog.erm.ee\/?p=10948","og_site_name":"Eesti Rahva Muuseumi ajaveeb","article_published_time":"2018-02-06T17:41:28+00:00","article_modified_time":"2018-02-13T10:00:13+00:00","og_image":[{"width":1188,"height":793,"url":"https:\/\/blog.erm.ee\/wp-content\/uploads\/2018\/02\/EV_blogi2.png","type":"image\/png"}],"author":"Eesti Rahva Muuseum","twitter_card":"summary_large_image","twitter_misc":{"Written by":"Eesti Rahva Muuseum","Est. reading time":"6 minutit"},"schema":{"@context":"https:\/\/schema.org","@graph":[{"@type":"Article","@id":"https:\/\/blog.erm.ee\/?p=10948#article","isPartOf":{"@id":"https:\/\/blog.erm.ee\/?p=10948"},"author":{"name":"Eesti Rahva Muuseum","@id":"https:\/\/blog.erm.ee\/#\/schema\/person\/6e98c391cb00a33e7c22a3571e062114"},"headline":"Noppeid n\u00e4ituselt &#8220;Eesti l\u00e4bi 100 silmapaari&#8221;","datePublished":"2018-02-06T17:41:28+00:00","dateModified":"2018-02-13T10:00:13+00:00","mainEntityOfPage":{"@id":"https:\/\/blog.erm.ee\/?p=10948"},"wordCount":1268,"commentCount":0,"image":{"@id":"https:\/\/blog.erm.ee\/?p=10948#primaryimage"},"thumbnailUrl":"https:\/\/blog.erm.ee\/wp-content\/uploads\/2018\/02\/EV_blogi2.png","articleSection":["N\u00e4itus"],"inLanguage":"et","potentialAction":[{"@type":"CommentAction","name":"Comment","target":["https:\/\/blog.erm.ee\/?p=10948#respond"]}]},{"@type":"WebPage","@id":"https:\/\/blog.erm.ee\/?p=10948","url":"https:\/\/blog.erm.ee\/?p=10948","name":"Noppeid n\u00e4ituselt \"Eesti l\u00e4bi 100 silmapaari\" - Eesti Rahva Muuseumi ajaveeb","isPartOf":{"@id":"https:\/\/blog.erm.ee\/#website"},"primaryImageOfPage":{"@id":"https:\/\/blog.erm.ee\/?p=10948#primaryimage"},"image":{"@id":"https:\/\/blog.erm.ee\/?p=10948#primaryimage"},"thumbnailUrl":"https:\/\/blog.erm.ee\/wp-content\/uploads\/2018\/02\/EV_blogi2.png","datePublished":"2018-02-06T17:41:28+00:00","dateModified":"2018-02-13T10:00:13+00:00","author":{"@id":"https:\/\/blog.erm.ee\/#\/schema\/person\/6e98c391cb00a33e7c22a3571e062114"},"breadcrumb":{"@id":"https:\/\/blog.erm.ee\/?p=10948#breadcrumb"},"inLanguage":"et","potentialAction":[{"@type":"ReadAction","target":["https:\/\/blog.erm.ee\/?p=10948"]}]},{"@type":"ImageObject","inLanguage":"et","@id":"https:\/\/blog.erm.ee\/?p=10948#primaryimage","url":"https:\/\/blog.erm.ee\/wp-content\/uploads\/2018\/02\/EV_blogi2.png","contentUrl":"https:\/\/blog.erm.ee\/wp-content\/uploads\/2018\/02\/EV_blogi2.png","width":1188,"height":793},{"@type":"BreadcrumbList","@id":"https:\/\/blog.erm.ee\/?p=10948#breadcrumb","itemListElement":[{"@type":"ListItem","position":1,"name":"Home","item":"https:\/\/blog.erm.ee\/"},{"@type":"ListItem","position":2,"name":"Noppeid n\u00e4ituselt &#8220;Eesti l\u00e4bi 100 silmapaari&#8221;"}]},{"@type":"WebSite","@id":"https:\/\/blog.erm.ee\/#website","url":"https:\/\/blog.erm.ee\/","name":"Eesti Rahva Muuseumi ajaveeb","description":"","potentialAction":[{"@type":"SearchAction","target":{"@type":"EntryPoint","urlTemplate":"https:\/\/blog.erm.ee\/?s={search_term_string}"},"query-input":{"@type":"PropertyValueSpecification","valueRequired":true,"valueName":"search_term_string"}}],"inLanguage":"et"},{"@type":"Person","@id":"https:\/\/blog.erm.ee\/#\/schema\/person\/6e98c391cb00a33e7c22a3571e062114","name":"Eesti Rahva Muuseum","image":{"@type":"ImageObject","inLanguage":"et","@id":"https:\/\/secure.gravatar.com\/avatar\/cb6d9ad5fb49f3f7315028ce5fe60641075f2cb52b8a058ff5a985fa2d8c1da0?s=96&d=mm&r=g","url":"https:\/\/secure.gravatar.com\/avatar\/cb6d9ad5fb49f3f7315028ce5fe60641075f2cb52b8a058ff5a985fa2d8c1da0?s=96&d=mm&r=g","contentUrl":"https:\/\/secure.gravatar.com\/avatar\/cb6d9ad5fb49f3f7315028ce5fe60641075f2cb52b8a058ff5a985fa2d8c1da0?s=96&d=mm&r=g","caption":"Eesti Rahva Muuseum"},"sameAs":["http:\/\/www.erm.ee"],"url":"https:\/\/blog.erm.ee\/?author=1"}]}},"jetpack_featured_media_url":"https:\/\/blog.erm.ee\/wp-content\/uploads\/2018\/02\/EV_blogi2.png","jetpack_shortlink":"https:\/\/wp.me\/p2l9Zd-2QA","jetpack_sharing_enabled":true,"jetpack_likes_enabled":true,"_links":{"self":[{"href":"https:\/\/blog.erm.ee\/index.php?rest_route=\/wp\/v2\/posts\/10948","targetHints":{"allow":["GET"]}}],"collection":[{"href":"https:\/\/blog.erm.ee\/index.php?rest_route=\/wp\/v2\/posts"}],"about":[{"href":"https:\/\/blog.erm.ee\/index.php?rest_route=\/wp\/v2\/types\/post"}],"author":[{"embeddable":true,"href":"https:\/\/blog.erm.ee\/index.php?rest_route=\/wp\/v2\/users\/1"}],"replies":[{"embeddable":true,"href":"https:\/\/blog.erm.ee\/index.php?rest_route=%2Fwp%2Fv2%2Fcomments&post=10948"}],"version-history":[{"count":9,"href":"https:\/\/blog.erm.ee\/index.php?rest_route=\/wp\/v2\/posts\/10948\/revisions"}],"predecessor-version":[{"id":10999,"href":"https:\/\/blog.erm.ee\/index.php?rest_route=\/wp\/v2\/posts\/10948\/revisions\/10999"}],"wp:featuredmedia":[{"embeddable":true,"href":"https:\/\/blog.erm.ee\/index.php?rest_route=\/wp\/v2\/media\/10970"}],"wp:attachment":[{"href":"https:\/\/blog.erm.ee\/index.php?rest_route=%2Fwp%2Fv2%2Fmedia&parent=10948"}],"wp:term":[{"taxonomy":"category","embeddable":true,"href":"https:\/\/blog.erm.ee\/index.php?rest_route=%2Fwp%2Fv2%2Fcategories&post=10948"},{"taxonomy":"post_tag","embeddable":true,"href":"https:\/\/blog.erm.ee\/index.php?rest_route=%2Fwp%2Fv2%2Ftags&post=10948"}],"curies":[{"name":"wp","href":"https:\/\/api.w.org\/{rel}","templated":true}]}}