{"id":1079,"date":"2012-12-26T01:01:18","date_gmt":"2012-12-25T23:01:18","guid":{"rendered":"http:\/\/blog.erm.ee\/?p=1079"},"modified":"2013-10-07T14:50:37","modified_gmt":"2013-10-07T12:50:37","slug":"ermi-tegelasi-100-aasta-eest-kirjatoimetaja-karl-eduard-soot","status":"publish","type":"post","link":"https:\/\/blog.erm.ee\/?p=1079","title":{"rendered":"ERMi tegelasi 100 aasta eest: kirjatoimetaja Karl Eduard S\u00f6\u00f6t"},"content":{"rendered":"<div class=\"fcbkbttn_buttons_block\" id=\"fcbkbttn_left\"><div class=\"fcbkbttn_like \"><fb:like href=\"https:\/\/blog.erm.ee\/?p=1079\" action=\"like\" colorscheme=\"light\" layout=\"standard\"  width=\"225px\" size=\"small\"><\/fb:like><\/div><div class=\"fb-share-button  \" data-href=\"https:\/\/blog.erm.ee\/?p=1079\" data-type=\"button\" data-size=\"small\"><\/div><\/div><p><span style=\"color: #000000;\"><em>Tiina Tael, peaarhivaar<\/em><\/span><\/p>\n<p style=\"text-align: center;\"><em><a href=\"https:\/\/blog.erm.ee\/wp-content\/uploads\/2012\/12\/899_203.jpg\"><img loading=\"lazy\" decoding=\"async\" data-attachment-id=\"1203\" data-permalink=\"https:\/\/blog.erm.ee\/?attachment_id=1203#main\" data-orig-file=\"https:\/\/blog.erm.ee\/wp-content\/uploads\/2012\/12\/899_203.jpg\" data-orig-size=\"633,1024\" data-comments-opened=\"1\" data-image-meta=\"{&quot;aperture&quot;:&quot;0&quot;,&quot;credit&quot;:&quot;&quot;,&quot;camera&quot;:&quot;&quot;,&quot;caption&quot;:&quot;&quot;,&quot;created_timestamp&quot;:&quot;0&quot;,&quot;copyright&quot;:&quot;&quot;,&quot;focal_length&quot;:&quot;0&quot;,&quot;iso&quot;:&quot;0&quot;,&quot;shutter_speed&quot;:&quot;0&quot;,&quot;title&quot;:&quot;&quot;}\" data-image-title=\"899_203\" data-image-description=\"&lt;p&gt;[#Beginning of Shooting Data Section]&lt;br \/&gt;\nNikon D200&lt;br \/&gt;\nFocal Length: 50mm&lt;br \/&gt;\nOptimize Image: Custom&lt;br \/&gt;\nColor Mode: Mode II (Adobe RGB)&lt;br \/&gt;\nLong Exposure NR: Off&lt;br \/&gt;\nHigh ISO NR: Off&lt;br \/&gt;\n2012\/12\/12 16:07:13.9&lt;br \/&gt;\nExposure Mode: Manual&lt;br \/&gt;\nWhite Balance: Preset d-1&lt;br \/&gt;\nTone Comp.: User-Defined Custom Curve&lt;br \/&gt;\nRAW (12-bit)&lt;br \/&gt;\nMetering Mode: Multi-Pattern&lt;br \/&gt;\nAF Mode: AF-S&lt;br \/&gt;\nHue Adjustment: 0\u00c2\u00b0&lt;br \/&gt;\nImage Size: Large (3872 x 2592)&lt;br \/&gt;\n1\/8 sec &amp;#8211; F\/7.1&lt;br \/&gt;\nFlash Sync Mode: Not Attached&lt;br \/&gt;\nSaturation: Normal&lt;br \/&gt;\nColor&lt;br \/&gt;\nExposure Comp.: 0 EV&lt;br \/&gt;\nSharpening: High&lt;br \/&gt;\nLens: 50mm F\/2.8 D&lt;br \/&gt;\nSensitivity: ISO 100&lt;br \/&gt;\nImage Comment:&lt;br \/&gt;\n[#End of Shooting Data Section]&lt;\/p&gt;\n\" data-image-caption=\"\" data-large-file=\"https:\/\/blog.erm.ee\/wp-content\/uploads\/2012\/12\/899_203.jpg\" class=\"aligncenter  wp-image-1203\" title=\"899_203\" alt=\"\" src=\"https:\/\/blog.erm.ee\/wp-content\/uploads\/2012\/12\/899_203-633x1024.jpg\" width=\"467\" height=\"755\" \/><\/a><\/em><em>Karl-Eduard S\u00f6\u00f6t. Foto: Parikas. ERM Fk 899:203<\/em><\/p>\n<p style=\"text-align: justify;\">J\u00f5ulu teisel p\u00fchal m\u00f6\u00f6dub kirjamehe ja kunagise Eesti Rahva Muuseumi kirjatoimetaja ning ERMi auliikme Karl Eduard S\u00f6\u00f6di s\u00fcnnist 150 aastat. Mina tunnen teda eesk\u00e4tt k\u00e4ekirja j\u00e4rgi. Hoogsa sulega kirjutatud muuseumi protokollid, m\u00e4rkmed arvepidamisest, kirjad.<\/p>\n<p style=\"text-align: justify;\">Tegelaskond, kes 100 aasta eest muuseumi asju ajas, oli v\u00e4rvikas ja toimekas: juhatajaks oli Postimehe toimetaja Oskar Kallas, vanavara kogumist juhatas alguses teatrimees Karl Menning ja hiljem kunstnik Kristjan Raud, juhatusse kuulus veel Postimehe v\u00e4ljaandja Jaan T\u00f5nisson ning kirjatoimetajaks oli esmalt kirjanik August Kitzberg, kelle raamatukaupmees ja luuletaja Karl Eduard S\u00f6\u00f6t m\u00f5ne aja p\u00e4rast v\u00e4lja vahetas. Olgu m\u00e4rgitud, et muuseumit\u00f6\u00f6d tegid nad p\u00f5hit\u00f6\u00f6 k\u00f5rvalt, vabatahtlikult ja suure p\u00fchendumisega, saamata selle hunnitu t\u00f6\u00f6 eest rahalist tulu. Ning Eesti Rahva Muuseum polnud kaugeltki ainus selts, mille tegevuses nad aktiivselt osalesid.<\/p>\n<p style=\"text-align: justify;\"><em><a href=\"https:\/\/blog.erm.ee\/wp-content\/uploads\/2012\/12\/027116_ERM_Fk_449_17.jpg\"><img loading=\"lazy\" decoding=\"async\" data-attachment-id=\"1200\" data-permalink=\"https:\/\/blog.erm.ee\/?attachment_id=1200#main\" data-orig-file=\"https:\/\/blog.erm.ee\/wp-content\/uploads\/2012\/12\/027116_ERM_Fk_449_17.jpg\" data-orig-size=\"1024,630\" data-comments-opened=\"1\" data-image-meta=\"{&quot;aperture&quot;:&quot;0&quot;,&quot;credit&quot;:&quot;&quot;,&quot;camera&quot;:&quot;&quot;,&quot;caption&quot;:&quot;&quot;,&quot;created_timestamp&quot;:&quot;0&quot;,&quot;copyright&quot;:&quot;&quot;,&quot;focal_length&quot;:&quot;0&quot;,&quot;iso&quot;:&quot;0&quot;,&quot;shutter_speed&quot;:&quot;0&quot;,&quot;title&quot;:&quot;&quot;}\" data-image-title=\"027116_ERM_Fk_449_17\" data-image-description=\"\" data-image-caption=\"\" data-large-file=\"https:\/\/blog.erm.ee\/wp-content\/uploads\/2012\/12\/027116_ERM_Fk_449_17.jpg\" class=\"size-large wp-image-1200 alignnone\" title=\"027116_ERM_Fk_449_17\" alt=\"\" src=\"https:\/\/blog.erm.ee\/wp-content\/uploads\/2012\/12\/027116_ERM_Fk_449_17-1024x629.jpg\" width=\"584\" height=\"358\" \/><\/a><\/em><\/p>\n<p style=\"text-align: justify;\"><em>Karl-Eduard S\u00f6\u00f6t. Foto: Birkenthal. ERM Fk 449:17<\/em><\/p>\n<p style=\"text-align: justify;\">Karl Eduard S\u00f6\u00f6t olevat kuulunud kogunisti ligi 30 seltsi ja pidanud paljudes neist k\u00f5ige rohkem aega n\u00f5udvaid ameteid \u2013 t\u00e4itnud kirjatoimetaja v\u00f5i laekuri \u00fclesandeid. N\u00e4iteks oli ta \u00fcks kandvamaid tegelasi Eesti Kirjanduse Seltsis, kuuludes selle juhatusse 1908\u20131929 ja oli seal aastaid laekahoidja abi, Vanemuise liige oli ta 1883. aastast ning t\u00f6\u00f6tas seal lugematutes komisjonides ja toimkondades, kirjatoimetaja ametit on ta pidanud Tartu Eesti P\u00f5llumeeste Seltsis,\u00a0 olnud tegev eesti n\u00e4ituste korraldamisel jne. Imestama paneb, kust ta selle k\u00f5ige jaoks aja v\u00f5ttis.<\/p>\n<p style=\"text-align: justify;\">Eesti Rahva Muuseumiga on S\u00f6\u00f6t seotud asutamisest saadik, ta valiti 1911\u20131933 muuseumi juhatusse, kus ta oli kogu aeg kirjatoimetaja. Peale selle kuulus ta aastaid ka muuseumi korjamistoimkonda ja korteritoimkonda. Muuseumi algusaastatel, mil ERMil puudusid oma ruumid, oli tema raamatukauplus ka kogumisretkedele minejate peakorter ja kogutud vanavara hoidla. S\u00f6\u00f6t oli aktiivselt osaline ERMi pildikirjastuses, organiseerides postkaartide v\u00e4ljaandmist p\u00e4evapiltnike ja kirjastuste juures ning nende levitamist. Samuti kuulus ta 1912. aastal korraldatud Kodumaa p\u00e4evapiltide v\u00f5istluse \u017e\u00fcriisse.<\/p>\n<p style=\"text-align: justify;\">S\u00f6\u00f6t harrastas ka ise fotograafiat, temalt on ERMi fotokogus paarsada fotot, osade autoriks mees ise, osa puhul on aimatav tema autorlus, ent kogus on ka m\u00f5ningaid teiste p\u00e4evapiltnike \u00fclesv\u00f5tteid ja postkaarte. Tinglikult v\u00f5iks S\u00f6\u00f6ti pidada ka ERMi fotokogule alusepanijaks, sest esimene sissekanne toonases Pildikogu kataloogis \u201eV\u00e4ljal\u00f5ige ajalehest &#8220;Linda&#8221; 1904\u201c\u00a0 kannab kogunumbrit ERM Fk 1:1 ja on saadud K. E. S\u00f6\u00f6dilt. S\u00f6\u00f6di enda heast fotograafisilmast\u00a0 annavad tunnistust j\u00e4rgmised \u00fclesv\u00f5tted:<\/p>\n<p><a href=\"https:\/\/blog.erm.ee\/wp-content\/uploads\/2012\/12\/027215_ERM_Fk_449_118.jpg\"><img loading=\"lazy\" decoding=\"async\" data-attachment-id=\"1198\" data-permalink=\"https:\/\/blog.erm.ee\/?attachment_id=1198#main\" data-orig-file=\"https:\/\/blog.erm.ee\/wp-content\/uploads\/2012\/12\/027215_ERM_Fk_449_118.jpg\" data-orig-size=\"777,1024\" data-comments-opened=\"1\" data-image-meta=\"{&quot;aperture&quot;:&quot;0&quot;,&quot;credit&quot;:&quot;&quot;,&quot;camera&quot;:&quot;&quot;,&quot;caption&quot;:&quot;&quot;,&quot;created_timestamp&quot;:&quot;0&quot;,&quot;copyright&quot;:&quot;&quot;,&quot;focal_length&quot;:&quot;0&quot;,&quot;iso&quot;:&quot;0&quot;,&quot;shutter_speed&quot;:&quot;0&quot;,&quot;title&quot;:&quot;&quot;}\" data-image-title=\"027215_ERM_Fk_449_118\" data-image-description=\"\" data-image-caption=\"\" data-large-file=\"https:\/\/blog.erm.ee\/wp-content\/uploads\/2012\/12\/027215_ERM_Fk_449_118.jpg\" class=\" wp-image-1198 alignnone\" title=\"027215_ERM_Fk_449_118\" alt=\"\" src=\"https:\/\/blog.erm.ee\/wp-content\/uploads\/2012\/12\/027215_ERM_Fk_449_118-777x1024.jpg\" width=\"467\" height=\"615\" \/><\/a><\/p>\n<p style=\"text-align: justify;\"><em>Hobusevaht Tartu Maarja surnuaia v\u00e4raval. ERM Fk 449:118<\/em><\/p>\n<p><a href=\"https:\/\/blog.erm.ee\/wp-content\/uploads\/2012\/12\/027314_ERM_Fk_449_220.jpg\"><img loading=\"lazy\" decoding=\"async\" data-attachment-id=\"1116\" data-permalink=\"https:\/\/blog.erm.ee\/?attachment_id=1116#main\" data-orig-file=\"https:\/\/blog.erm.ee\/wp-content\/uploads\/2012\/12\/027314_ERM_Fk_449_220.jpg\" data-orig-size=\"1024,700\" data-comments-opened=\"1\" data-image-meta=\"{&quot;aperture&quot;:&quot;0&quot;,&quot;credit&quot;:&quot;&quot;,&quot;camera&quot;:&quot;&quot;,&quot;caption&quot;:&quot;&quot;,&quot;created_timestamp&quot;:&quot;0&quot;,&quot;copyright&quot;:&quot;&quot;,&quot;focal_length&quot;:&quot;0&quot;,&quot;iso&quot;:&quot;0&quot;,&quot;shutter_speed&quot;:&quot;0&quot;,&quot;title&quot;:&quot;&quot;}\" data-image-title=\"027314_ERM_Fk_449_220\" data-image-description=\"\" data-image-caption=\"\" data-large-file=\"https:\/\/blog.erm.ee\/wp-content\/uploads\/2012\/12\/027314_ERM_Fk_449_220.jpg\" class=\"size-large wp-image-1116 alignnone\" title=\"027314_ERM_Fk_449_220\" alt=\"\" src=\"https:\/\/blog.erm.ee\/wp-content\/uploads\/2012\/12\/027314_ERM_Fk_449_220-1024x699.jpg\" width=\"584\" height=\"398\" \/><\/a><em><\/em><\/p>\n<p><em>J\u00fcrip\u00e4ev, Raadim\u00f5isa teel j\u00fcrip\u00e4evased \u00fcmberkolijad. ERM Fk 449:220<\/em><\/p>\n<p><a href=\"https:\/\/blog.erm.ee\/wp-content\/uploads\/2012\/12\/027320_ERM_Fk_449_226.jpg\"><img loading=\"lazy\" decoding=\"async\" data-attachment-id=\"1117\" data-permalink=\"https:\/\/blog.erm.ee\/?attachment_id=1117#main\" data-orig-file=\"https:\/\/blog.erm.ee\/wp-content\/uploads\/2012\/12\/027320_ERM_Fk_449_226.jpg\" data-orig-size=\"750,1024\" data-comments-opened=\"1\" data-image-meta=\"{&quot;aperture&quot;:&quot;0&quot;,&quot;credit&quot;:&quot;&quot;,&quot;camera&quot;:&quot;&quot;,&quot;caption&quot;:&quot;&quot;,&quot;created_timestamp&quot;:&quot;0&quot;,&quot;copyright&quot;:&quot;&quot;,&quot;focal_length&quot;:&quot;0&quot;,&quot;iso&quot;:&quot;0&quot;,&quot;shutter_speed&quot;:&quot;0&quot;,&quot;title&quot;:&quot;&quot;}\" data-image-title=\"027320_ERM_Fk_449_226\" data-image-description=\"\" data-image-caption=\"\" data-large-file=\"https:\/\/blog.erm.ee\/wp-content\/uploads\/2012\/12\/027320_ERM_Fk_449_226.jpg\" class=\"wp-image-1117 alignnone\" title=\"027320_ERM_Fk_449_226\" alt=\"\" src=\"https:\/\/blog.erm.ee\/wp-content\/uploads\/2012\/12\/027320_ERM_Fk_449_226-750x1024.jpg\" width=\"467\" height=\"638\" \/><\/a><\/p>\n<p><em>Kambja kirik. ERM Fk 449:226<\/em><\/p>\n<p style=\"text-align: justify;\">Kartongile kleebitud kahest pildist koosneva hobusemehe kompositsioonist \u00fclemine foto on Reinhold Sachkeri \u00fclesv\u00f5te, kuid alumises pildis v\u00f5iks aimata S\u00f6\u00f6di enda osalust.<\/p>\n<p><a href=\"https:\/\/blog.erm.ee\/wp-content\/uploads\/2012\/12\/027293_ERM_Fk_449_198.jpg\"><img loading=\"lazy\" decoding=\"async\" data-attachment-id=\"1119\" data-permalink=\"https:\/\/blog.erm.ee\/?attachment_id=1119#main\" data-orig-file=\"https:\/\/blog.erm.ee\/wp-content\/uploads\/2012\/12\/027293_ERM_Fk_449_198.jpg\" data-orig-size=\"621,1200\" data-comments-opened=\"1\" data-image-meta=\"{&quot;aperture&quot;:&quot;0&quot;,&quot;credit&quot;:&quot;&quot;,&quot;camera&quot;:&quot;&quot;,&quot;caption&quot;:&quot;&quot;,&quot;created_timestamp&quot;:&quot;0&quot;,&quot;copyright&quot;:&quot;&quot;,&quot;focal_length&quot;:&quot;0&quot;,&quot;iso&quot;:&quot;0&quot;,&quot;shutter_speed&quot;:&quot;0&quot;,&quot;title&quot;:&quot;&quot;}\" data-image-title=\"027293_ERM_Fk_449_198\" data-image-description=\"\" data-image-caption=\"\" data-large-file=\"https:\/\/blog.erm.ee\/wp-content\/uploads\/2012\/12\/027293_ERM_Fk_449_198-529x1024.jpg\" class=\"wp-image-1119 alignnone\" title=\"027293_ERM_Fk_449_198\" alt=\"\" src=\"https:\/\/blog.erm.ee\/wp-content\/uploads\/2012\/12\/027293_ERM_Fk_449_198-529x1024.jpg\" width=\"423\" height=\"819\" srcset=\"https:\/\/blog.erm.ee\/wp-content\/uploads\/2012\/12\/027293_ERM_Fk_449_198-529x1024.jpg 529w, https:\/\/blog.erm.ee\/wp-content\/uploads\/2012\/12\/027293_ERM_Fk_449_198-134x260.jpg 134w, https:\/\/blog.erm.ee\/wp-content\/uploads\/2012\/12\/027293_ERM_Fk_449_198-155x300.jpg 155w\" sizes=\"auto, (max-width: 423px) 100vw, 423px\" \/><\/a><\/p>\n<p><em>Tartu hobuse-t\u00f6\u00f6mees. Mitu aastat raamatukaupmees K. S\u00f6\u00f6ti raamatupakke vedanud raudteele. ERM Fk 449:198<\/em><\/p>\n<p style=\"text-align: justify;\">S\u00f6\u00f6di kaasteeline ERMi tegevuses Gustav Matto meenutab: <em>Juhatuse koosolekutel v\u00f5ttis ta harva s\u00f5na, k\u00fcll aga avaldas oma arvamist kas kiitvate v\u00f5i laitvate vahem\u00e4rkustega. Kui teda koosoleku ajal silmas pidasid, siis selgus, et ta alati oli tegevuses dekoreerimisega. Leidis kusagilt paberilehe, koosoleku kutse, m\u00f5ne aruande v\u00f5i m\u00f5ne muu mittealalhoitava bro\u0161\u00fc\u00fcri, siis asus ta kohe seda illustreerima. M\u00f5ned tulid v\u00e4lja \u00fcsna huvitavad. Need illustreeritud lehed j\u00e4ttis ta harilikult sinnasamasse lauale. Hoidsin neist m\u00f5ned alal ja \u00fctlesin S\u00f6\u00f6dile, et kui kord temanimeline muuseum avatakse, siis need sinna edasi annan. \u201eNeed paberid kasutage praktilisemalt \u00e4ra, sest minu nimelist muuseumi ei asutata!\u201c vastati. S\u00f6\u00f6til oli huumorimeelt ja m\u00f5nikord tegi ta koosolekul \u00fcsna l\u00f5busaid vahem\u00e4rkusi.<\/em><\/p>\n<p style=\"text-align: justify;\">Kahjuks ei ole ERMi arhiivis S\u00f6\u00f6di dekoreeritud m\u00e4rkmelehti ega k\u00f5iki v\u00e4ljasaadetud kirju. Ajalehtedes avaldatud \u00fcleskutsetes ja muuseumi lendlehtedes v\u00f5ib aimata S\u00f6\u00f6di osalust, mida kinnitavad nii koosolekute protokollid kui s\u00e4ilinud kirjad. J\u00e4rgnevalt arhiivinoppeid kirjavahetusest muuseumitegelastega, mis annavad aimu, millega muuseumi kirjatoimetaja saja aasta eest tegeles.<\/p>\n<p style=\"text-align: justify;\"><em>Korjajaid oli rohkem kui tarwis, s.o. rohkem kui kassa v\u00e4lja kannatas. Kirjad ajalehtedes m\u00f5jusiwad. Korjamise raamatuid on 26 w\u00e4lja saadetud. M\u00f5ned korjavad oma tasku p\u00e4\u00e4l; kui Tartusse ilmuvad, peame nendele ostetud asjade eest ka raha maksma. Asju tuleb kaunis rohkesti; m\u00f5ned \u00f5ige huwitawad. N\u00fc\u00fcd on korjamise toimekonna liikmetel iga p\u00e4ew kibedasti tegemist. Hr. Raud elabgi praegu t\u00e4itsa Museumile \u2013 see tema koolivaheaja l\u00f5bu. Minul on korjajate kontodega, kirjade vastamiste ja korjamise juhatusekirjade saatmisega tegemist.<\/em> (v\u00e4ljav\u00f5te kirjast O. Kallasele 13.07.1911)<\/p>\n<p style=\"text-align: justify;\"><em>Kui Teie, doktori-herra, p\u00e4evapiltnik Sachkeri juurde l\u00e4hete rahwat\u00fcpilisi piltasid viima, siis v\u00f5iksite Kiwi uulitsa nurgal ka W. Stadeni juurde sisse astuda \u2013 temal on ka rohkesti pilta maalt, ise\u00e4ranis W\u00f5ru ligikonnast, R\u00e4pinast j.n.e. Nagu ta mulle kord seletas, olla kord aastate eest keegi Rootsi teadusemees tema platede j\u00e4rele kopiaid teha lasknud, ise\u00e4ranis vanadest talumajadest <\/em>(v\u00e4ljav\u00f5te kirjast O. Kallasele 8.11.1911)<\/p>\n<p style=\"text-align: justify;\"><em>Kristiniga ei v\u00f5i seekord postkaartide saatmises sugugi rahul olla: tema, pagana mees, on just ilusamaid kaarta, mis mineva kord kohe \u00e4ra v\u00f5eti, w\u00e4ga w\u00e4he saatnud, kuna igavaid w\u00e4heminewaid kaarta palju on saatnud\u2026<\/em> (v\u00e4ljav\u00f5te kirjast Oskar Kallasele 8.02.1912)<\/p>\n<p style=\"text-align: justify;\"><em>Museumi postkaartide kohta kirjutasin \u201eepistli\u201c, mille siit juurest leiate. Palun l\u00e4bi vaadata. Kas w\u00f5ime teda ka teistele lehtedele avaldamiseks k\u00e4tte saata? Kui selle poolt olete, palun mulle tarwilik arw \u00e4rat\u00f5mbeid saata. Hr. K. Pastale kirjutasin \u201eEesti Kodu\u201c numbrete p\u00e4rast, niisama l\u00e4ks ka hr. Kristinile Markini p\u00e4rast teadete p\u00e4rimise kaart [&#8212;] T\u00e4na olen p\u00e4ew otsa ainult Museumi asja ajanud ja kirju sepitsenud. J\u00e4\u00e4b t\u00f6\u00f6 veel pooleli.<\/em> (kirjast O. Kallasele 15.03.1912)<\/p>\n<p style=\"text-align: justify;\"><em>Kallis kunstnikuherra! Praegu loen kohalikust Saksa lehest, et esmasp. 14\/III. Liiwimaa maap\u00e4ew Riias on kokku astunud. Mitmed \u00fcle\u00fcldiskasulikud asutused, saksa koolid ja muude seas ka \u00d5petatud Eesti Selts ja Baltimaa ajaloo uurimise selts maap\u00e4ewa juhatusele palwed ette pannud, milles nad oma ettev\u00f5tete jaoks abiraha paluwad. Meie Eesti Rahvamuseum on sel puhul sarnase ettepanekuga wiibinud; kuid ma arvan \u2013 tulewaks maap\u00e4ewa istumiseks peaksime ka meie palwega tulema<\/em> (postkaardilt Kristjan Rauale 15.03.1911)<\/p>\n<p><em><a href=\"https:\/\/blog.erm.ee\/wp-content\/uploads\/2012\/12\/aa0130.jpg\"><img loading=\"lazy\" decoding=\"async\" data-attachment-id=\"1120\" data-permalink=\"https:\/\/blog.erm.ee\/?attachment_id=1120#main\" data-orig-file=\"https:\/\/blog.erm.ee\/wp-content\/uploads\/2012\/12\/aa0130.jpg\" data-orig-size=\"660,1024\" data-comments-opened=\"1\" data-image-meta=\"{&quot;aperture&quot;:&quot;0&quot;,&quot;credit&quot;:&quot;&quot;,&quot;camera&quot;:&quot;&quot;,&quot;caption&quot;:&quot;&quot;,&quot;created_timestamp&quot;:&quot;0&quot;,&quot;copyright&quot;:&quot;&quot;,&quot;focal_length&quot;:&quot;0&quot;,&quot;iso&quot;:&quot;0&quot;,&quot;shutter_speed&quot;:&quot;0&quot;,&quot;title&quot;:&quot;&quot;}\" data-image-title=\"aa0130\" data-image-description=\"&lt;p&gt;[#Beginning of Shooting Data Section]&lt;br \/&gt;\nNikon D200&lt;br \/&gt;\nFocal Length: 50mm&lt;br \/&gt;\nOptimize Image: Custom&lt;br \/&gt;\nColor Mode: Mode II (Adobe RGB)&lt;br \/&gt;\nLong Exposure NR: Off&lt;br \/&gt;\nHigh ISO NR: Off&lt;br \/&gt;\n2012\/12\/12 16:07:33.7&lt;br \/&gt;\nExposure Mode: Manual&lt;br \/&gt;\nWhite Balance: Preset d-1&lt;br \/&gt;\nTone Comp.: User-Defined Custom Curve&lt;br \/&gt;\nRAW (12-bit)&lt;br \/&gt;\nMetering Mode: Multi-Pattern&lt;br \/&gt;\nAF Mode: AF-S&lt;br \/&gt;\nHue Adjustment: 0\u00c2\u00b0&lt;br \/&gt;\nImage Size: Large (3872 x 2592)&lt;br \/&gt;\n1\/8 sec &amp;#8211; F\/7.1&lt;br \/&gt;\nFlash Sync Mode: Not Attached&lt;br \/&gt;\nSaturation: Normal&lt;br \/&gt;\nColor&lt;br \/&gt;\nExposure Comp.: 0 EV&lt;br \/&gt;\nSharpening: High&lt;br \/&gt;\nLens: 50mm F\/2.8 D&lt;br \/&gt;\nSensitivity: ISO 100&lt;br \/&gt;\nImage Comment:&lt;br \/&gt;\n[#End of Shooting Data Section]&lt;\/p&gt;\n\" data-image-caption=\"\" data-large-file=\"https:\/\/blog.erm.ee\/wp-content\/uploads\/2012\/12\/aa0130.jpg\" class=\"wp-image-1120 alignnone\" title=\"aa0130\" alt=\"\" src=\"https:\/\/blog.erm.ee\/wp-content\/uploads\/2012\/12\/aa0130-660x1024.jpg\" width=\"467\" height=\"725\" \/><\/a><\/em><\/p>\n<p><a href=\"https:\/\/blog.erm.ee\/wp-content\/uploads\/2012\/12\/aa0131.jpg\"><img loading=\"lazy\" decoding=\"async\" data-attachment-id=\"1121\" data-permalink=\"https:\/\/blog.erm.ee\/?attachment_id=1121#main\" data-orig-file=\"https:\/\/blog.erm.ee\/wp-content\/uploads\/2012\/12\/aa0131.jpg\" data-orig-size=\"637,1024\" data-comments-opened=\"1\" data-image-meta=\"{&quot;aperture&quot;:&quot;0&quot;,&quot;credit&quot;:&quot;&quot;,&quot;camera&quot;:&quot;&quot;,&quot;caption&quot;:&quot;&quot;,&quot;created_timestamp&quot;:&quot;0&quot;,&quot;copyright&quot;:&quot;&quot;,&quot;focal_length&quot;:&quot;0&quot;,&quot;iso&quot;:&quot;0&quot;,&quot;shutter_speed&quot;:&quot;0&quot;,&quot;title&quot;:&quot;&quot;}\" data-image-title=\"aa0131\" data-image-description=\"&lt;p&gt;[#Beginning of Shooting Data Section]&lt;br \/&gt;\nNikon D200&lt;br \/&gt;\nFocal Length: 50mm&lt;br \/&gt;\nOptimize Image: Custom&lt;br \/&gt;\nColor Mode: Mode II (Adobe RGB)&lt;br \/&gt;\nLong Exposure NR: Off&lt;br \/&gt;\nHigh ISO NR: Off&lt;br \/&gt;\n2012\/12\/12 16:08:03.9&lt;br \/&gt;\nExposure Mode: Manual&lt;br \/&gt;\nWhite Balance: Preset d-1&lt;br \/&gt;\nTone Comp.: User-Defined Custom Curve&lt;br \/&gt;\nRAW (12-bit)&lt;br \/&gt;\nMetering Mode: Multi-Pattern&lt;br \/&gt;\nAF Mode: AF-S&lt;br \/&gt;\nHue Adjustment: 0\u00c2\u00b0&lt;br \/&gt;\nImage Size: Large (3872 x 2592)&lt;br \/&gt;\n1\/8 sec &amp;#8211; F\/7.1&lt;br \/&gt;\nFlash Sync Mode: Not Attached&lt;br \/&gt;\nSaturation: Normal&lt;br \/&gt;\nColor&lt;br \/&gt;\nExposure Comp.: 0 EV&lt;br \/&gt;\nSharpening: High&lt;br \/&gt;\nLens: 50mm F\/2.8 D&lt;br \/&gt;\nSensitivity: ISO 100&lt;br \/&gt;\nImage Comment:&lt;br \/&gt;\n[#End of Shooting Data Section]&lt;\/p&gt;\n\" data-image-caption=\"\" data-large-file=\"https:\/\/blog.erm.ee\/wp-content\/uploads\/2012\/12\/aa0131.jpg\" class=\"wp-image-1121 alignnone\" title=\"aa0131\" alt=\"\" src=\"https:\/\/blog.erm.ee\/wp-content\/uploads\/2012\/12\/aa0131-636x1024.jpg\" width=\"467\" height=\"752\" \/><\/a><\/p>\n<p style=\"text-align: justify;\"><em>Mis Teie arvate, kas ei v\u00f5iks Museumi m\u00e4rgile sarnast \u00fcmarikku kuju anda, mille keskel t\u00fc\u00fcpiline rahwariides Eesti neiu v\u00f5iks olla?<\/em> (kirjast 27.05.1913)<\/p>\n<p style=\"text-align: justify;\"><em>Nagu Teie juba teate, kirjutasin ma postkaartide walmistamise p\u00e4rast 13. Juunil Warshawisse n\u00f5ndanimetatud \u201eStrela\u201c \u00fchisusele. Wahe ajal k\u00e4is \u00fcks selle \u00dchisuse liige Tartus ja andis mulle suus\u00f5nal kaartide walmistamise tingimuse \u00fcles: Nad soowiwad, et korraga 28 sujetti \u00fcles antakse ja igast \u00fchest mitte v\u00e4hem kui 500 kaarti, sest nende masina alla minevate poognasse mahtuvat 28 kaarti.<\/em> (v\u00e4ljav\u00f5te kirjast Edgar Eisenschmidtile\u00a0 20.06.1913)<\/p>\n<p style=\"text-align: justify;\"><em>Kui Teie eilasest \u201ePostimehest\u201c N177 \u201eSeda ja teise\u201c alt s\u00f5numit lugesite, siis teate k\u00fcll, et W. Maarjas t\u00f6\u00f6lised \u00fche wana Eesti lootsiku silgu k\u00fcpsetamise puudeks \u00e4ra on l\u00f5hkunud. S\u00f5numile on alla kirjutanud \u201eVeto\u201c. Olge n\u00fc\u00fcd meheks ja p\u00e4rige \u201ePostimehe\u201c toimetusest j\u00e4rele, kes \u201eVeto\u201c on ja kus ta elab. Peaksime teda paluma, et ta meile kas ise teeks ehk teha laseks \u00fche puust Eesti lootsiku mudeli, mis karwa pealt selle sarnane oleks, nagu see, mis \u00e4ra p\u00f5letati; h\u00e4\u00e4 kui ta samast puustgi oleks. H\u00e4dakorral v\u00f5iks ta meile wast joonistusegi walmistada.<\/em> (v\u00e4ljav\u00f5te kirjast E. Eisenschmidtile 7. 08.1913)<\/p>\n<p style=\"text-align: justify;\"><em>Alles n\u00fc\u00fcd, kus Teie E.R. Museumist kaugel olete, saame meie aru, kui t\u00e4htis meil Museumi elu kohta esimees on ja kui tarwilik ta meile on. P\u00e4ewapiltide auhinnam\u00f5istmise protokolli, event. aruannet ei ole ma ikka mitte weel kirjutada saanud. Takistuseks oli k\u00f5ige pealt see, et mul \u00fcleskutse artiklit \u201ePostimehest\u201c mitte aega ei olnud \u00fcles otsida. Otsisin kord, aga ei leidnud, kuna mul Teie kopeerimise-raamatut ka mitte k\u00e4ep\u00e4rast ei olnud. Palusin siis hr. Eisenschmidti, see otsis, kuni kord \u00fcleskutse k\u00e4tte sain. N\u00fc\u00fcd katsun siis homme, p\u00fchap\u00e4eval aruande walmis kirjutada. Politsei pristavi poolt saadeti minu k\u00e4tte \u00fcks poognaline tr\u00fckitud k\u00fcsimuseleht, mida Museumi juhatuse poolt peame \u00e4ra t\u00e4itma. Arwatawasti oli Teil ka mineval aastal sarnane aruanne walmistada, ja tunnete asja. Muu seas on s\u00e4\u00e4l n\u00e4ituseks k\u00fcsimus, mis sugustes v\u00e4\u00e4rtustes on \u00fchisusel w\u00f5i seltsil liikuvat varandust olemas. See oleks siis meie aineline wanawara. \u2013 Kes suudaks selle v\u00e4\u00e4rtust k\u00fcll \u00f5ieti hinnata! [&#8212;] Nagu n\u00e4ete, saadan ma Teile siin juures uue Museumi ruumi p\u00f5hja- w\u00f5i p\u00f5randajoonistuse k\u00e4tte Teid juhatuse nimel paludes, et Teie temaga Soome Museumitest (vististi k\u00fcll Helsingis) k\u00e4iksite ja sealsete asjatundjatega meie uue kavandatud sisseseade \u00fcle r\u00e4\u00e4giksite. See siin on nimelt \u00e4rakiri arhitekt Gahlb\u00e4cki skizzest, mis talt hiljuti saime. [&#8212;] Museumi postkaartide asja v\u00f5ttis hr. E. oma k\u00e4tte ajada, sest et mul kuidagi aega ei jatku. Kristinile kirjutasime eile uuesti kaartite n\u00f5udmise p\u00e4rast.<\/em> (v\u00e4ljav\u00f5te kirjast O. Kallasele, 1\/14.12.1912)<\/p>\n<p style=\"text-align: justify;\">S\u00f6\u00f6t k\u00fcll arvas, et temanimelist muuseumi ei asutata, kuid ERM t\u00e4histab auliikme ja kirjatoimetaja s\u00fcnniaastap\u00e4eva n\u00e4itusega \u201eKarl Eduard S\u00f6\u00f6t 150. Elu t\u00e4is t\u00f6\u00f6d ja luulet\u201c, mis avati\u00a0 ERMi n\u00e4itusemajas 20. detsembril.<\/p>\n<div class=\"fcbkbttn_buttons_block\" id=\"fcbkbttn_left\"><div class=\"fcbkbttn_like \"><fb:like href=\"https:\/\/blog.erm.ee\/?p=1079\" action=\"like\" colorscheme=\"light\" layout=\"standard\"  width=\"225px\" size=\"small\"><\/fb:like><\/div><div class=\"fb-share-button  \" data-href=\"https:\/\/blog.erm.ee\/?p=1079\" data-type=\"button\" data-size=\"small\"><\/div><\/div>","protected":false},"excerpt":{"rendered":"<p>Tiina Tael, peaarhivaar Karl-Eduard S\u00f6\u00f6t. Foto: Parikas. ERM Fk 899:203 J\u00f5ulu teisel p\u00fchal m\u00f6\u00f6dub kirjamehe ja kunagise Eesti Rahva Muuseumi kirjatoimetaja ning ERMi auliikme Karl Eduard S\u00f6\u00f6di s\u00fcnnist 150 aastat. Mina tunnen teda eesk\u00e4tt k\u00e4ekirja j\u00e4rgi. Hoogsa sulega kirjutatud muuseumi protokollid, m\u00e4rkmed arvepidamisest, kirjad. Tegelaskond, kes 100 aasta eest muuseumi asju ajas, oli v\u00e4rvikas ja&hellip;<\/p>\n","protected":false},"author":1,"featured_media":1198,"comment_status":"open","ping_status":"open","sticky":false,"template":"","format":"standard","meta":{"_monsterinsights_skip_tracking":false,"_monsterinsights_sitenote_active":false,"_monsterinsights_sitenote_note":"","_monsterinsights_sitenote_category":0,"jetpack_post_was_ever_published":false,"_jetpack_newsletter_access":"","_jetpack_dont_email_post_to_subs":false,"_jetpack_newsletter_tier_id":0,"_jetpack_memberships_contains_paywalled_content":false,"_jetpack_memberships_contains_paid_content":false,"footnotes":""},"categories":[5],"tags":[],"class_list":["post-1079","post","type-post","status-publish","format-standard","has-post-thumbnail","hentry","category-museaal"],"yoast_head":"<!-- This site is optimized with the Yoast SEO plugin v27.5 - https:\/\/yoast.com\/product\/yoast-seo-wordpress\/ -->\n<title>ERMi tegelasi 100 aasta eest: kirjatoimetaja Karl Eduard S\u00f6\u00f6t - Eesti Rahva Muuseumi ajaveeb<\/title>\n<meta name=\"robots\" content=\"index, follow, max-snippet:-1, max-image-preview:large, max-video-preview:-1\" \/>\n<link rel=\"canonical\" href=\"https:\/\/blog.erm.ee\/?p=1079\" \/>\n<meta property=\"og:locale\" content=\"et_EE\" \/>\n<meta property=\"og:type\" content=\"article\" \/>\n<meta property=\"og:title\" content=\"ERMi tegelasi 100 aasta eest: kirjatoimetaja Karl Eduard S\u00f6\u00f6t - Eesti Rahva Muuseumi ajaveeb\" \/>\n<meta property=\"og:description\" content=\"Tiina Tael, peaarhivaar Karl-Eduard S\u00f6\u00f6t. Foto: Parikas. ERM Fk 899:203 J\u00f5ulu teisel p\u00fchal m\u00f6\u00f6dub kirjamehe ja kunagise Eesti Rahva Muuseumi kirjatoimetaja ning ERMi auliikme Karl Eduard S\u00f6\u00f6di s\u00fcnnist 150 aastat. Mina tunnen teda eesk\u00e4tt k\u00e4ekirja j\u00e4rgi. Hoogsa sulega kirjutatud muuseumi protokollid, m\u00e4rkmed arvepidamisest, kirjad. Tegelaskond, kes 100 aasta eest muuseumi asju ajas, oli v\u00e4rvikas ja&hellip;\" \/>\n<meta property=\"og:url\" content=\"https:\/\/blog.erm.ee\/?p=1079\" \/>\n<meta property=\"og:site_name\" content=\"Eesti Rahva Muuseumi ajaveeb\" \/>\n<meta property=\"article:published_time\" content=\"2012-12-25T23:01:18+00:00\" \/>\n<meta property=\"article:modified_time\" content=\"2013-10-07T12:50:37+00:00\" \/>\n<meta property=\"og:image\" content=\"https:\/\/blog.erm.ee\/wp-content\/uploads\/2012\/12\/027215_ERM_Fk_449_118.jpg\" \/>\n\t<meta property=\"og:image:width\" content=\"777\" \/>\n\t<meta property=\"og:image:height\" content=\"1024\" \/>\n\t<meta property=\"og:image:type\" content=\"image\/jpeg\" \/>\n<meta name=\"author\" content=\"Eesti Rahva Muuseum\" \/>\n<meta name=\"twitter:card\" content=\"summary_large_image\" \/>\n<meta name=\"twitter:label1\" content=\"Written by\" \/>\n\t<meta name=\"twitter:data1\" content=\"Eesti Rahva Muuseum\" \/>\n\t<meta name=\"twitter:label2\" content=\"Est. reading time\" \/>\n\t<meta name=\"twitter:data2\" content=\"7 minutit\" \/>\n<script type=\"application\/ld+json\" class=\"yoast-schema-graph\">{\"@context\":\"https:\\\/\\\/schema.org\",\"@graph\":[{\"@type\":\"Article\",\"@id\":\"https:\\\/\\\/blog.erm.ee\\\/?p=1079#article\",\"isPartOf\":{\"@id\":\"https:\\\/\\\/blog.erm.ee\\\/?p=1079\"},\"author\":{\"name\":\"Eesti Rahva Muuseum\",\"@id\":\"https:\\\/\\\/blog.erm.ee\\\/#\\\/schema\\\/person\\\/6e98c391cb00a33e7c22a3571e062114\"},\"headline\":\"ERMi tegelasi 100 aasta eest: kirjatoimetaja Karl Eduard S\u00f6\u00f6t\",\"datePublished\":\"2012-12-25T23:01:18+00:00\",\"dateModified\":\"2013-10-07T12:50:37+00:00\",\"mainEntityOfPage\":{\"@id\":\"https:\\\/\\\/blog.erm.ee\\\/?p=1079\"},\"wordCount\":1499,\"commentCount\":0,\"image\":{\"@id\":\"https:\\\/\\\/blog.erm.ee\\\/?p=1079#primaryimage\"},\"thumbnailUrl\":\"https:\\\/\\\/blog.erm.ee\\\/wp-content\\\/uploads\\\/2012\\\/12\\\/027215_ERM_Fk_449_118.jpg\",\"articleSection\":[\"Museaal\"],\"inLanguage\":\"et\",\"potentialAction\":[{\"@type\":\"CommentAction\",\"name\":\"Comment\",\"target\":[\"https:\\\/\\\/blog.erm.ee\\\/?p=1079#respond\"]}]},{\"@type\":\"WebPage\",\"@id\":\"https:\\\/\\\/blog.erm.ee\\\/?p=1079\",\"url\":\"https:\\\/\\\/blog.erm.ee\\\/?p=1079\",\"name\":\"ERMi tegelasi 100 aasta eest: kirjatoimetaja Karl Eduard S\u00f6\u00f6t - Eesti Rahva Muuseumi ajaveeb\",\"isPartOf\":{\"@id\":\"https:\\\/\\\/blog.erm.ee\\\/#website\"},\"primaryImageOfPage\":{\"@id\":\"https:\\\/\\\/blog.erm.ee\\\/?p=1079#primaryimage\"},\"image\":{\"@id\":\"https:\\\/\\\/blog.erm.ee\\\/?p=1079#primaryimage\"},\"thumbnailUrl\":\"https:\\\/\\\/blog.erm.ee\\\/wp-content\\\/uploads\\\/2012\\\/12\\\/027215_ERM_Fk_449_118.jpg\",\"datePublished\":\"2012-12-25T23:01:18+00:00\",\"dateModified\":\"2013-10-07T12:50:37+00:00\",\"author\":{\"@id\":\"https:\\\/\\\/blog.erm.ee\\\/#\\\/schema\\\/person\\\/6e98c391cb00a33e7c22a3571e062114\"},\"breadcrumb\":{\"@id\":\"https:\\\/\\\/blog.erm.ee\\\/?p=1079#breadcrumb\"},\"inLanguage\":\"et\",\"potentialAction\":[{\"@type\":\"ReadAction\",\"target\":[\"https:\\\/\\\/blog.erm.ee\\\/?p=1079\"]}]},{\"@type\":\"ImageObject\",\"inLanguage\":\"et\",\"@id\":\"https:\\\/\\\/blog.erm.ee\\\/?p=1079#primaryimage\",\"url\":\"https:\\\/\\\/blog.erm.ee\\\/wp-content\\\/uploads\\\/2012\\\/12\\\/027215_ERM_Fk_449_118.jpg\",\"contentUrl\":\"https:\\\/\\\/blog.erm.ee\\\/wp-content\\\/uploads\\\/2012\\\/12\\\/027215_ERM_Fk_449_118.jpg\",\"width\":777,\"height\":1024},{\"@type\":\"BreadcrumbList\",\"@id\":\"https:\\\/\\\/blog.erm.ee\\\/?p=1079#breadcrumb\",\"itemListElement\":[{\"@type\":\"ListItem\",\"position\":1,\"name\":\"Home\",\"item\":\"https:\\\/\\\/blog.erm.ee\\\/\"},{\"@type\":\"ListItem\",\"position\":2,\"name\":\"ERMi tegelasi 100 aasta eest: kirjatoimetaja Karl Eduard S\u00f6\u00f6t\"}]},{\"@type\":\"WebSite\",\"@id\":\"https:\\\/\\\/blog.erm.ee\\\/#website\",\"url\":\"https:\\\/\\\/blog.erm.ee\\\/\",\"name\":\"Eesti Rahva Muuseumi ajaveeb\",\"description\":\"\",\"potentialAction\":[{\"@type\":\"SearchAction\",\"target\":{\"@type\":\"EntryPoint\",\"urlTemplate\":\"https:\\\/\\\/blog.erm.ee\\\/?s={search_term_string}\"},\"query-input\":{\"@type\":\"PropertyValueSpecification\",\"valueRequired\":true,\"valueName\":\"search_term_string\"}}],\"inLanguage\":\"et\"},{\"@type\":\"Person\",\"@id\":\"https:\\\/\\\/blog.erm.ee\\\/#\\\/schema\\\/person\\\/6e98c391cb00a33e7c22a3571e062114\",\"name\":\"Eesti Rahva Muuseum\",\"image\":{\"@type\":\"ImageObject\",\"inLanguage\":\"et\",\"@id\":\"https:\\\/\\\/secure.gravatar.com\\\/avatar\\\/cb6d9ad5fb49f3f7315028ce5fe60641075f2cb52b8a058ff5a985fa2d8c1da0?s=96&d=mm&r=g\",\"url\":\"https:\\\/\\\/secure.gravatar.com\\\/avatar\\\/cb6d9ad5fb49f3f7315028ce5fe60641075f2cb52b8a058ff5a985fa2d8c1da0?s=96&d=mm&r=g\",\"contentUrl\":\"https:\\\/\\\/secure.gravatar.com\\\/avatar\\\/cb6d9ad5fb49f3f7315028ce5fe60641075f2cb52b8a058ff5a985fa2d8c1da0?s=96&d=mm&r=g\",\"caption\":\"Eesti Rahva Muuseum\"},\"sameAs\":[\"http:\\\/\\\/www.erm.ee\"],\"url\":\"https:\\\/\\\/blog.erm.ee\\\/?author=1\"}]}<\/script>\n<!-- \/ Yoast SEO plugin. -->","yoast_head_json":{"title":"ERMi tegelasi 100 aasta eest: kirjatoimetaja Karl Eduard S\u00f6\u00f6t - Eesti Rahva Muuseumi ajaveeb","robots":{"index":"index","follow":"follow","max-snippet":"max-snippet:-1","max-image-preview":"max-image-preview:large","max-video-preview":"max-video-preview:-1"},"canonical":"https:\/\/blog.erm.ee\/?p=1079","og_locale":"et_EE","og_type":"article","og_title":"ERMi tegelasi 100 aasta eest: kirjatoimetaja Karl Eduard S\u00f6\u00f6t - Eesti Rahva Muuseumi ajaveeb","og_description":"Tiina Tael, peaarhivaar Karl-Eduard S\u00f6\u00f6t. Foto: Parikas. ERM Fk 899:203 J\u00f5ulu teisel p\u00fchal m\u00f6\u00f6dub kirjamehe ja kunagise Eesti Rahva Muuseumi kirjatoimetaja ning ERMi auliikme Karl Eduard S\u00f6\u00f6di s\u00fcnnist 150 aastat. Mina tunnen teda eesk\u00e4tt k\u00e4ekirja j\u00e4rgi. Hoogsa sulega kirjutatud muuseumi protokollid, m\u00e4rkmed arvepidamisest, kirjad. Tegelaskond, kes 100 aasta eest muuseumi asju ajas, oli v\u00e4rvikas ja&hellip;","og_url":"https:\/\/blog.erm.ee\/?p=1079","og_site_name":"Eesti Rahva Muuseumi ajaveeb","article_published_time":"2012-12-25T23:01:18+00:00","article_modified_time":"2013-10-07T12:50:37+00:00","og_image":[{"width":777,"height":1024,"url":"https:\/\/blog.erm.ee\/wp-content\/uploads\/2012\/12\/027215_ERM_Fk_449_118.jpg","type":"image\/jpeg"}],"author":"Eesti Rahva Muuseum","twitter_card":"summary_large_image","twitter_misc":{"Written by":"Eesti Rahva Muuseum","Est. reading time":"7 minutit"},"schema":{"@context":"https:\/\/schema.org","@graph":[{"@type":"Article","@id":"https:\/\/blog.erm.ee\/?p=1079#article","isPartOf":{"@id":"https:\/\/blog.erm.ee\/?p=1079"},"author":{"name":"Eesti Rahva Muuseum","@id":"https:\/\/blog.erm.ee\/#\/schema\/person\/6e98c391cb00a33e7c22a3571e062114"},"headline":"ERMi tegelasi 100 aasta eest: kirjatoimetaja Karl Eduard S\u00f6\u00f6t","datePublished":"2012-12-25T23:01:18+00:00","dateModified":"2013-10-07T12:50:37+00:00","mainEntityOfPage":{"@id":"https:\/\/blog.erm.ee\/?p=1079"},"wordCount":1499,"commentCount":0,"image":{"@id":"https:\/\/blog.erm.ee\/?p=1079#primaryimage"},"thumbnailUrl":"https:\/\/blog.erm.ee\/wp-content\/uploads\/2012\/12\/027215_ERM_Fk_449_118.jpg","articleSection":["Museaal"],"inLanguage":"et","potentialAction":[{"@type":"CommentAction","name":"Comment","target":["https:\/\/blog.erm.ee\/?p=1079#respond"]}]},{"@type":"WebPage","@id":"https:\/\/blog.erm.ee\/?p=1079","url":"https:\/\/blog.erm.ee\/?p=1079","name":"ERMi tegelasi 100 aasta eest: kirjatoimetaja Karl Eduard S\u00f6\u00f6t - Eesti Rahva Muuseumi ajaveeb","isPartOf":{"@id":"https:\/\/blog.erm.ee\/#website"},"primaryImageOfPage":{"@id":"https:\/\/blog.erm.ee\/?p=1079#primaryimage"},"image":{"@id":"https:\/\/blog.erm.ee\/?p=1079#primaryimage"},"thumbnailUrl":"https:\/\/blog.erm.ee\/wp-content\/uploads\/2012\/12\/027215_ERM_Fk_449_118.jpg","datePublished":"2012-12-25T23:01:18+00:00","dateModified":"2013-10-07T12:50:37+00:00","author":{"@id":"https:\/\/blog.erm.ee\/#\/schema\/person\/6e98c391cb00a33e7c22a3571e062114"},"breadcrumb":{"@id":"https:\/\/blog.erm.ee\/?p=1079#breadcrumb"},"inLanguage":"et","potentialAction":[{"@type":"ReadAction","target":["https:\/\/blog.erm.ee\/?p=1079"]}]},{"@type":"ImageObject","inLanguage":"et","@id":"https:\/\/blog.erm.ee\/?p=1079#primaryimage","url":"https:\/\/blog.erm.ee\/wp-content\/uploads\/2012\/12\/027215_ERM_Fk_449_118.jpg","contentUrl":"https:\/\/blog.erm.ee\/wp-content\/uploads\/2012\/12\/027215_ERM_Fk_449_118.jpg","width":777,"height":1024},{"@type":"BreadcrumbList","@id":"https:\/\/blog.erm.ee\/?p=1079#breadcrumb","itemListElement":[{"@type":"ListItem","position":1,"name":"Home","item":"https:\/\/blog.erm.ee\/"},{"@type":"ListItem","position":2,"name":"ERMi tegelasi 100 aasta eest: kirjatoimetaja Karl Eduard S\u00f6\u00f6t"}]},{"@type":"WebSite","@id":"https:\/\/blog.erm.ee\/#website","url":"https:\/\/blog.erm.ee\/","name":"Eesti Rahva Muuseumi ajaveeb","description":"","potentialAction":[{"@type":"SearchAction","target":{"@type":"EntryPoint","urlTemplate":"https:\/\/blog.erm.ee\/?s={search_term_string}"},"query-input":{"@type":"PropertyValueSpecification","valueRequired":true,"valueName":"search_term_string"}}],"inLanguage":"et"},{"@type":"Person","@id":"https:\/\/blog.erm.ee\/#\/schema\/person\/6e98c391cb00a33e7c22a3571e062114","name":"Eesti Rahva Muuseum","image":{"@type":"ImageObject","inLanguage":"et","@id":"https:\/\/secure.gravatar.com\/avatar\/cb6d9ad5fb49f3f7315028ce5fe60641075f2cb52b8a058ff5a985fa2d8c1da0?s=96&d=mm&r=g","url":"https:\/\/secure.gravatar.com\/avatar\/cb6d9ad5fb49f3f7315028ce5fe60641075f2cb52b8a058ff5a985fa2d8c1da0?s=96&d=mm&r=g","contentUrl":"https:\/\/secure.gravatar.com\/avatar\/cb6d9ad5fb49f3f7315028ce5fe60641075f2cb52b8a058ff5a985fa2d8c1da0?s=96&d=mm&r=g","caption":"Eesti Rahva Muuseum"},"sameAs":["http:\/\/www.erm.ee"],"url":"https:\/\/blog.erm.ee\/?author=1"}]}},"jetpack_featured_media_url":"https:\/\/blog.erm.ee\/wp-content\/uploads\/2012\/12\/027215_ERM_Fk_449_118.jpg","jetpack_shortlink":"https:\/\/wp.me\/p2l9Zd-hp","jetpack_sharing_enabled":true,"jetpack_likes_enabled":true,"_links":{"self":[{"href":"https:\/\/blog.erm.ee\/index.php?rest_route=\/wp\/v2\/posts\/1079","targetHints":{"allow":["GET"]}}],"collection":[{"href":"https:\/\/blog.erm.ee\/index.php?rest_route=\/wp\/v2\/posts"}],"about":[{"href":"https:\/\/blog.erm.ee\/index.php?rest_route=\/wp\/v2\/types\/post"}],"author":[{"embeddable":true,"href":"https:\/\/blog.erm.ee\/index.php?rest_route=\/wp\/v2\/users\/1"}],"replies":[{"embeddable":true,"href":"https:\/\/blog.erm.ee\/index.php?rest_route=%2Fwp%2Fv2%2Fcomments&post=1079"}],"version-history":[{"count":41,"href":"https:\/\/blog.erm.ee\/index.php?rest_route=\/wp\/v2\/posts\/1079\/revisions"}],"predecessor-version":[{"id":3145,"href":"https:\/\/blog.erm.ee\/index.php?rest_route=\/wp\/v2\/posts\/1079\/revisions\/3145"}],"wp:featuredmedia":[{"embeddable":true,"href":"https:\/\/blog.erm.ee\/index.php?rest_route=\/wp\/v2\/media\/1198"}],"wp:attachment":[{"href":"https:\/\/blog.erm.ee\/index.php?rest_route=%2Fwp%2Fv2%2Fmedia&parent=1079"}],"wp:term":[{"taxonomy":"category","embeddable":true,"href":"https:\/\/blog.erm.ee\/index.php?rest_route=%2Fwp%2Fv2%2Fcategories&post=1079"},{"taxonomy":"post_tag","embeddable":true,"href":"https:\/\/blog.erm.ee\/index.php?rest_route=%2Fwp%2Fv2%2Ftags&post=1079"}],"curies":[{"name":"wp","href":"https:\/\/api.w.org\/{rel}","templated":true}]}}