{"id":10767,"date":"2017-12-05T09:06:30","date_gmt":"2017-12-05T07:06:30","guid":{"rendered":"http:\/\/blog.erm.ee\/?p=10767"},"modified":"2017-12-06T18:20:56","modified_gmt":"2017-12-06T16:20:56","slug":"ebatavaline-kadripaev-erm-is-hariti-juuri-kasvatati-tiibu-ja-visati-ohku-aafrika-vanasonu","status":"publish","type":"post","link":"https:\/\/blog.erm.ee\/?p=10767","title":{"rendered":"Ebatavaline Kadrip\u00e4ev ERMis: hariti juuri, kasvatati tiibu ja visati \u00f5hku Aafrika vanas\u00f5nu"},"content":{"rendered":"<div class=\"fcbkbttn_buttons_block\" id=\"fcbkbttn_left\"><div class=\"fcbkbttn_like \"><fb:like href=\"https:\/\/blog.erm.ee\/?p=10767\" action=\"like\" colorscheme=\"light\" layout=\"standard\"  width=\"225px\" size=\"small\"><\/fb:like><\/div><div class=\"fb-share-button  \" data-href=\"https:\/\/blog.erm.ee\/?p=10767\" data-type=\"button\" data-size=\"small\"><\/div><\/div><p><em>Aivi Ross, t\u00e4iskasvanuhariduse koordinaator<br \/>\nFotod: Berta Vosman<br \/>\n<\/em><\/p>\n<p>Kui ma kadrip\u00e4eval ERMi j\u00f5udsin, olid Mondo tegevused juba pihta hakanud. Aafrikast p\u00e4rit k\u00e4sit\u00f6\u00f6 ja ehted r\u00f5\u00f5mustasid silma, aga siiski ka rahakotti, vaatamata sellele, et eksootilist kraami m\u00fc\u00fcdi \u00f5iglase kaubanduse hindadega. Restorani k\u00f6\u00f6gis toimetas Aleppost p\u00e4rit s\u00fc\u00fcrlanna Nermiin ja l\u00e4\u00e4tsesupp, mille retsepti mult hiljem k\u00fcsiti, juba podises pliidil. \u00d5htujuhid, lektorid, muusikud ja enam kui 160 registreerunud k\u00fclalist olid ERMi poole teel.<\/p>\n<p><a href=\"https:\/\/blog.erm.ee\/wp-content\/uploads\/2017\/12\/bv0001_01.jpg\"><img loading=\"lazy\" decoding=\"async\" data-attachment-id=\"10771\" data-permalink=\"https:\/\/blog.erm.ee\/?attachment_id=10771#main\" data-orig-file=\"https:\/\/blog.erm.ee\/wp-content\/uploads\/2017\/12\/bv0001_01.jpg\" data-orig-size=\"1200,801\" data-comments-opened=\"1\" data-image-meta=\"{&quot;aperture&quot;:&quot;0&quot;,&quot;credit&quot;:&quot;&quot;,&quot;camera&quot;:&quot;&quot;,&quot;caption&quot;:&quot;&quot;,&quot;created_timestamp&quot;:&quot;0&quot;,&quot;copyright&quot;:&quot;&quot;,&quot;focal_length&quot;:&quot;0&quot;,&quot;iso&quot;:&quot;0&quot;,&quot;shutter_speed&quot;:&quot;0&quot;,&quot;title&quot;:&quot;&quot;,&quot;orientation&quot;:&quot;0&quot;}\" data-image-title=\"bv0001_01\" data-image-description=\"\" data-image-caption=\"\" data-large-file=\"https:\/\/blog.erm.ee\/wp-content\/uploads\/2017\/12\/bv0001_01-1024x684.jpg\" class=\"alignnone size-full wp-image-10771\" src=\"https:\/\/blog.erm.ee\/wp-content\/uploads\/2017\/12\/bv0001_01.jpg\" alt=\"\" width=\"1200\" height=\"801\" srcset=\"https:\/\/blog.erm.ee\/wp-content\/uploads\/2017\/12\/bv0001_01.jpg 1200w, https:\/\/blog.erm.ee\/wp-content\/uploads\/2017\/12\/bv0001_01-390x260.jpg 390w, https:\/\/blog.erm.ee\/wp-content\/uploads\/2017\/12\/bv0001_01-300x200.jpg 300w, https:\/\/blog.erm.ee\/wp-content\/uploads\/2017\/12\/bv0001_01-768x513.jpg 768w, https:\/\/blog.erm.ee\/wp-content\/uploads\/2017\/12\/bv0001_01-1024x684.jpg 1024w\" sizes=\"auto, (max-width: 1200px) 100vw, 1200px\" \/><\/a><\/p>\n<p>\u00dcks ilus Sudaani vanas\u00f5na \u00fctleb nii: \u201eMe soovime p\u00e4randada oma lastele kaks asja: esimene on juured ja teine on tiivad.&#8221; Ja selle ebatavalise kadrip\u00e4eva askeldustes keereldes tabas mind m\u00f5nikord tunne, et 10-aastane lapselaps Mondo on v\u00f5tnud aias juurikaid k\u00f5pitseval Suurel Vanaemal, 108-aastasel ERMil k\u00e4est kinni ja viinud ta linnutiivul \u00f5ppereisile (v\u00f5i koguni vabatahtlikuks?)\u00a0 otse Aafrikasse v\u00f5i hoopiski kuhugi sinna Myanmari kanti\u2026 Ja suur vanaema kaeb lennukiaknast maid ja rahvaid, milliseid ta seni ainult Maailmafilmi ekraanidelt n\u00e4inud on. Eks niisugune kujutluspilt t\u00f5ukus suuresti asjaolust, et 1909. aastal asutatud Eesti Rahva Muuseumi \u00fcheks kutsumuseks on harida meie lapsi, tuues neid juurte juurde. Kadrip\u00e4eval oma k\u00fcmnendat s\u00fcnnip\u00e4eva t\u00e4histanud MT\u00dc Mondo \u00a0missiooniks on aga jagada meie kogutud tarkusi, aga vahel ka annetatud kanu ja kitsi v\u00f5i ranitsaid kodust kaugel, maades, kus unistada ei julgetagi v\u00f5i puuduvad unistustel tiivad.<\/p>\n<p>S\u00fcnnip\u00e4evakonverentsil \u201eHoolime haridusest\u201c kirjeldasid Mondo asutajad oma missiooni algust nii: \u201eMeid inspireeris Onu Volgi v\u00e4rsiaabitsas M t\u00e4he all olev luuletus, mis \u00fctleb, et maailm meie \u00fcmber muutub, kui me teda puutume ja me ise muutume, kui see maailm meisse puutub. See luulerida v\u00f5tab h\u00e4sti kokku Mondo olemuse, meie t\u00f6\u00f6 nii Eestis kui v\u00e4ljaspool Eestit. Eestlased on teatavasti eurooplaste seas k\u00f5ige skeptilisemad arvama, et \u00fcksikud inimesed suudavad muuta maailma. Samas on Eesti ise muutunud v\u00e4ga kiiresti. Tervet maailma muidugi ei muuda, kuid v\u00e4ikseid muutusi saab teha iga\u00fcks, iga p\u00e4ev. Eelk\u00f5ige iseendas, ja seel\u00e4bi ka mujal. Ning koost\u00f6\u00f6s j\u00f5uame veelgi rohkem.&#8221;<\/p>\n<p><a href=\"https:\/\/blog.erm.ee\/wp-content\/uploads\/2017\/12\/bv0323_04.jpg\"><img loading=\"lazy\" decoding=\"async\" data-attachment-id=\"10773\" data-permalink=\"https:\/\/blog.erm.ee\/?attachment_id=10773#main\" data-orig-file=\"https:\/\/blog.erm.ee\/wp-content\/uploads\/2017\/12\/bv0323_04.jpg\" data-orig-size=\"1200,801\" data-comments-opened=\"1\" data-image-meta=\"{&quot;aperture&quot;:&quot;0&quot;,&quot;credit&quot;:&quot;&quot;,&quot;camera&quot;:&quot;&quot;,&quot;caption&quot;:&quot;&quot;,&quot;created_timestamp&quot;:&quot;0&quot;,&quot;copyright&quot;:&quot;&quot;,&quot;focal_length&quot;:&quot;0&quot;,&quot;iso&quot;:&quot;0&quot;,&quot;shutter_speed&quot;:&quot;0&quot;,&quot;title&quot;:&quot;&quot;,&quot;orientation&quot;:&quot;0&quot;}\" data-image-title=\"bv0323_04\" data-image-description=\"\" data-image-caption=\"\" data-large-file=\"https:\/\/blog.erm.ee\/wp-content\/uploads\/2017\/12\/bv0323_04-1024x684.jpg\" class=\"alignnone size-full wp-image-10773\" src=\"https:\/\/blog.erm.ee\/wp-content\/uploads\/2017\/12\/bv0323_04.jpg\" alt=\"\" width=\"1200\" height=\"801\" srcset=\"https:\/\/blog.erm.ee\/wp-content\/uploads\/2017\/12\/bv0323_04.jpg 1200w, https:\/\/blog.erm.ee\/wp-content\/uploads\/2017\/12\/bv0323_04-390x260.jpg 390w, https:\/\/blog.erm.ee\/wp-content\/uploads\/2017\/12\/bv0323_04-300x200.jpg 300w, https:\/\/blog.erm.ee\/wp-content\/uploads\/2017\/12\/bv0323_04-768x513.jpg 768w, https:\/\/blog.erm.ee\/wp-content\/uploads\/2017\/12\/bv0323_04-1024x684.jpg 1024w\" sizes=\"auto, (max-width: 1200px) 100vw, 1200px\" \/><\/a><\/p>\n<p><a href=\"https:\/\/blog.erm.ee\/wp-content\/uploads\/2017\/12\/bv0330_05.jpg\"><img loading=\"lazy\" decoding=\"async\" data-attachment-id=\"10774\" data-permalink=\"https:\/\/blog.erm.ee\/?attachment_id=10774#main\" data-orig-file=\"https:\/\/blog.erm.ee\/wp-content\/uploads\/2017\/12\/bv0330_05.jpg\" data-orig-size=\"1200,801\" data-comments-opened=\"1\" data-image-meta=\"{&quot;aperture&quot;:&quot;0&quot;,&quot;credit&quot;:&quot;&quot;,&quot;camera&quot;:&quot;&quot;,&quot;caption&quot;:&quot;&quot;,&quot;created_timestamp&quot;:&quot;0&quot;,&quot;copyright&quot;:&quot;&quot;,&quot;focal_length&quot;:&quot;0&quot;,&quot;iso&quot;:&quot;0&quot;,&quot;shutter_speed&quot;:&quot;0&quot;,&quot;title&quot;:&quot;&quot;,&quot;orientation&quot;:&quot;0&quot;}\" data-image-title=\"bv0330_05\" data-image-description=\"\" data-image-caption=\"\" data-large-file=\"https:\/\/blog.erm.ee\/wp-content\/uploads\/2017\/12\/bv0330_05-1024x684.jpg\" class=\"alignnone size-full wp-image-10774\" src=\"https:\/\/blog.erm.ee\/wp-content\/uploads\/2017\/12\/bv0330_05.jpg\" alt=\"\" width=\"1200\" height=\"801\" srcset=\"https:\/\/blog.erm.ee\/wp-content\/uploads\/2017\/12\/bv0330_05.jpg 1200w, https:\/\/blog.erm.ee\/wp-content\/uploads\/2017\/12\/bv0330_05-390x260.jpg 390w, https:\/\/blog.erm.ee\/wp-content\/uploads\/2017\/12\/bv0330_05-300x200.jpg 300w, https:\/\/blog.erm.ee\/wp-content\/uploads\/2017\/12\/bv0330_05-768x513.jpg 768w, https:\/\/blog.erm.ee\/wp-content\/uploads\/2017\/12\/bv0330_05-1024x684.jpg 1024w\" sizes=\"auto, (max-width: 1200px) 100vw, 1200px\" \/><\/a><\/p>\n<p><a href=\"https:\/\/blog.erm.ee\/wp-content\/uploads\/2017\/12\/bv0339_06.jpg\"><img loading=\"lazy\" decoding=\"async\" data-attachment-id=\"10775\" data-permalink=\"https:\/\/blog.erm.ee\/?attachment_id=10775#main\" data-orig-file=\"https:\/\/blog.erm.ee\/wp-content\/uploads\/2017\/12\/bv0339_06.jpg\" data-orig-size=\"1200,801\" data-comments-opened=\"1\" data-image-meta=\"{&quot;aperture&quot;:&quot;0&quot;,&quot;credit&quot;:&quot;&quot;,&quot;camera&quot;:&quot;&quot;,&quot;caption&quot;:&quot;&quot;,&quot;created_timestamp&quot;:&quot;0&quot;,&quot;copyright&quot;:&quot;&quot;,&quot;focal_length&quot;:&quot;0&quot;,&quot;iso&quot;:&quot;0&quot;,&quot;shutter_speed&quot;:&quot;0&quot;,&quot;title&quot;:&quot;&quot;,&quot;orientation&quot;:&quot;0&quot;}\" data-image-title=\"bv0339_06\" data-image-description=\"\" data-image-caption=\"\" data-large-file=\"https:\/\/blog.erm.ee\/wp-content\/uploads\/2017\/12\/bv0339_06-1024x684.jpg\" class=\"alignnone size-full wp-image-10775\" src=\"https:\/\/blog.erm.ee\/wp-content\/uploads\/2017\/12\/bv0339_06.jpg\" alt=\"\" width=\"1200\" height=\"801\" srcset=\"https:\/\/blog.erm.ee\/wp-content\/uploads\/2017\/12\/bv0339_06.jpg 1200w, https:\/\/blog.erm.ee\/wp-content\/uploads\/2017\/12\/bv0339_06-390x260.jpg 390w, https:\/\/blog.erm.ee\/wp-content\/uploads\/2017\/12\/bv0339_06-300x200.jpg 300w, https:\/\/blog.erm.ee\/wp-content\/uploads\/2017\/12\/bv0339_06-768x513.jpg 768w, https:\/\/blog.erm.ee\/wp-content\/uploads\/2017\/12\/bv0339_06-1024x684.jpg 1024w\" sizes=\"auto, (max-width: 1200px) 100vw, 1200px\" \/><\/a><\/p>\n<p>Meil on hea meel, et Mondo oma konverentsi \u201eHoolime haridusest\u201c toimumise paigaks just ERMi valis, meiegi m\u00f5tted heategevuse t\u00e4htsusele suunas ja v\u00e4ikesi muutusi iseendas tegema inspireeris. Sest \u00fcks teine Aafrika vanas\u00f5na \u00fctleb nii: \u201eKui tahad minna kiiresti, mine \u00fcksi; kui tahad j\u00f5uda kaugele, mine koos teistega.\u201d Koos Mondoga j\u00f5udsime oma m\u00f5tetes sinna, kus kadrisandid pole kunagi k\u00e4inud, aga Mondo vabatahtlikud ja koost\u00f6\u00f6partnerid on: meie \u00f5htujuht Elina Reinold ja tema poeg Jakop k\u00e4isid \u00e4ra 5800 kilomeetri kaugusel Ghanas, et kohata oma toetuslast Richardit. Ja Sai Naw Kham reisis Tartusse enam kui 7000 kilomeetrit Myanmarist. Mondo s\u00f5brad Madli ja Ivar j\u00e4lle p\u00fcstitasid absoluutse Eesti rekordi, tulles kohale 250 km kauguselt Hiiumaalt. Samas meie teine vabatahtlik \u00f5htujuht Rein Pakk tuli otse Supilinnast, kust ERM on kiviga visata. K\u00fcllap on m\u00f5nigi meist k\u00e4inud l\u00e4bi isegi pikema teekonna oma sisemuses j\u00f5udmaks selleni, et meie,\u00a0 tavalised Eesti inimesed, saame panustada kaugete paikade probleemide lahendamisesse.<\/p>\n<p>Konverentsi avades meenutas ERMi direktor T\u00f5nis Lukas l\u00f5busat lugu koolipoisist, kes kunagi ammu, s\u00fcgaval n\u00f5ukogude ajal Aafrikasse kustukumme tahtis saata, ise salamisi lootes, et sealt siis banaane vastu tulema hakkaks. Kes see merkantiilne koolipoiss t\u00e4pselt oli, j\u00e4\u00e4gu siinkohal saladuseks, aga kuna konverents on j\u00e4relvaadatav, siis uudishimulikumad v\u00f5ivad selle muidugi v\u00e4lja uurida: <a href=\"https:\/\/youtu.be\/bLKywPN6mlA\">https:\/\/youtu.be\/bLKywPN6mlA<\/a><\/p>\n<p>Inspireeriva k\u00f5ne pidas ka Rootsi organisatsiooni Gapminder \u00fcks asutajatest,\u00a0<strong>Anna Rosling R\u00f6nnlund<\/strong>. Ta r\u00e4\u00e4kis sellest, kui keerukas on inimestele serveerida statistikat maailmas toimuvast \u2013 kuiv ja igav statistika ei k\u00f6ida tingimata t\u00e4helepanu. Et maailmas toimuv p\u00e4riselt \u201ekohale j\u00f5uaks&#8221;, algatas Gapminder <a href=\"https:\/\/www.gapminder.org\/dollar-street\/\">https:\/\/www.gapminder.org\/dollar-street\/<\/a> fotoprojekti Dollar Street Project. See on justkui pikk t\u00e4nav, mille \u00fches otsas elavad maailma rikkaimad ning teises otsas maailma vaeseimad inimesed. Veebilehek\u00fcljel ringi vaadates saabki tutvuda p\u00e4ris inimeste eluga, kes sellele virtuaalsele t\u00e4navale kokku on toodud. Meile n\u00e4idatakse fotosid \u00fcle maailma, p\u00e4ris inimeste kodudest ja peredest. Saab uurida, kuidas pesevad t\u00e4nava eri otstes elavad inimesed hambaid. Selgub, et suurel osal t\u00e4nava elanikest k\u00e4ib hambapesu t\u00e4pselt samamoodi nagu meil kodus! Kuid t\u00e4nava p\u00e4ris l\u00f5puotstes on siiski lood teised \u2013 kui pole raha hambaharja jaoks, kasutatakse oksakesi v\u00f5i\u00a0 n\u00e4ppe. Kui Rootsis inimestelt k\u00fcsiti, millises t\u00e4nava otsas nad arvavad end elavat, vastas enamik, et t\u00e4nava keskel: pole v\u00e4ga rikkad ega v\u00e4ga vaesed. Ometi on Rootsi tegelikult skaala peaaegu et k\u00f5ige-k\u00f5ige rikkamate otsas. Anna r\u00e4\u00e4kis ka, kui erinev mulje v\u00f5ib inimesele j\u00e4\u00e4da Hiinast v\u00f5i Nigeeriast, olenevalt sellest, millisesse kodusse ta satub. Sestap tasub hoiduda kuulutamast: \u201eNigeerias k\u00e4ib s\u00f6\u00f6gitegemine raudpotis ja l\u00f5kke peal!&#8221;, kuna sama sissetulekuga inimesed Hiinas, Palestiinas ja Peruus valmistavad toitu t\u00e4pselt samal viisil, Nigeeria kesklass aga kasutab meie omadega \u00fcsna sarnaseid gaasipliite.<\/p>\n<p>Anna jutust j\u00e4i k\u00f5lama kaks m\u00f5tet: hoolimata meie eelarvamustest ning meedias kajastavast on inimesed kogu maailmas tegelikult \u00fcsna sarnased ning kuigi meil on veel palju-palju teha, liigub maailm siiski paremuse poole ning v\u00e4ga palju head on saavutatud nii hariduse kui ka \u00fclemaailmse v\u00f5rdsuse osas.<\/p>\n<p>Meie oma vision\u00e4\u00e4r Marju Lauristin meenutas, et kui Rootsist p\u00e4rit Bengt Gottfried Forselius ei oleks 17. sajandil rajanud koole eesti talulastele, ei k\u00f5neleks\u00a0 me t\u00e4na maailmaharidusest Eesti Rahva Muuseumis, sest muuseumi polekski. Marju Lauristin leidis ka, et igal Eesti koolil v\u00f5iks olla partnerkool Aafrikas. Mind \u00fcllatas tema m\u00f5te, et hariduse edendamine Aafrikas n\u00f5uab k\u00fcll v\u00e4ga palju hoolimist, avatust, soovi ja kontakte, aga mitte eriti palju raha. Ja t\u00f5si on, et minnes ja viies haridust, saame me alati ka ise vastu haritust ja arusaamist.<\/p>\n<p>Mondo s\u00f5ber Ilmar Raag meenutas, kuidas ta omal ajal vaatas kadedusega pealt seda, mida Mondo teeb. Siis aga, Kaitsev\u00e4e kaudu l\u00e4ks ta \u00dcRO rahukaitsemissiooni raames Mali Vabariiki. Seal kogetu p\u00f5hjal r\u00e4\u00e4kis ta m\u00f5tlemapaneva loo sellest, mis juhtub siis, kui \u00a0h\u00f5imuvanemad otsustavad oma lapsi kooli mitte saata (neil on selleks omad p\u00f5hjused) ja kooli l\u00e4hevad hoopiski orjade lapsed.<\/p>\n<p>Loone Otsa s\u00fcmpaatselt emotsionaalne ettekanne \u201eTuhkarahva muinasjutt\u201c sisaldas \u00fcllatavaid n\u00e4iteid elust enesest, sellest, kuidas s\u00fcnnib (v\u00f5i j\u00e4\u00e4b s\u00fcndimata) headuse triumf. Soovitan j\u00e4rele vaadata!<\/p>\n<p><a href=\"https:\/\/blog.erm.ee\/wp-content\/uploads\/2017\/12\/bv0093_02.jpg\"><img loading=\"lazy\" decoding=\"async\" data-attachment-id=\"10776\" data-permalink=\"https:\/\/blog.erm.ee\/?attachment_id=10776#main\" data-orig-file=\"https:\/\/blog.erm.ee\/wp-content\/uploads\/2017\/12\/bv0093_02.jpg\" data-orig-size=\"1200,801\" data-comments-opened=\"1\" data-image-meta=\"{&quot;aperture&quot;:&quot;0&quot;,&quot;credit&quot;:&quot;&quot;,&quot;camera&quot;:&quot;&quot;,&quot;caption&quot;:&quot;&quot;,&quot;created_timestamp&quot;:&quot;0&quot;,&quot;copyright&quot;:&quot;&quot;,&quot;focal_length&quot;:&quot;0&quot;,&quot;iso&quot;:&quot;0&quot;,&quot;shutter_speed&quot;:&quot;0&quot;,&quot;title&quot;:&quot;&quot;,&quot;orientation&quot;:&quot;0&quot;}\" data-image-title=\"bv0093_02\" data-image-description=\"\" data-image-caption=\"\" data-large-file=\"https:\/\/blog.erm.ee\/wp-content\/uploads\/2017\/12\/bv0093_02-1024x684.jpg\" class=\"alignnone size-full wp-image-10776\" src=\"https:\/\/blog.erm.ee\/wp-content\/uploads\/2017\/12\/bv0093_02.jpg\" alt=\"\" width=\"1200\" height=\"801\" srcset=\"https:\/\/blog.erm.ee\/wp-content\/uploads\/2017\/12\/bv0093_02.jpg 1200w, https:\/\/blog.erm.ee\/wp-content\/uploads\/2017\/12\/bv0093_02-390x260.jpg 390w, https:\/\/blog.erm.ee\/wp-content\/uploads\/2017\/12\/bv0093_02-300x200.jpg 300w, https:\/\/blog.erm.ee\/wp-content\/uploads\/2017\/12\/bv0093_02-768x513.jpg 768w, https:\/\/blog.erm.ee\/wp-content\/uploads\/2017\/12\/bv0093_02-1024x684.jpg 1024w\" sizes=\"auto, (max-width: 1200px) 100vw, 1200px\" \/><\/a><\/p>\n<p><a href=\"https:\/\/blog.erm.ee\/wp-content\/uploads\/2017\/12\/bv0233_03.jpg\"><img loading=\"lazy\" decoding=\"async\" data-attachment-id=\"10777\" data-permalink=\"https:\/\/blog.erm.ee\/?attachment_id=10777#main\" data-orig-file=\"https:\/\/blog.erm.ee\/wp-content\/uploads\/2017\/12\/bv0233_03.jpg\" data-orig-size=\"1200,801\" data-comments-opened=\"1\" data-image-meta=\"{&quot;aperture&quot;:&quot;0&quot;,&quot;credit&quot;:&quot;&quot;,&quot;camera&quot;:&quot;&quot;,&quot;caption&quot;:&quot;&quot;,&quot;created_timestamp&quot;:&quot;0&quot;,&quot;copyright&quot;:&quot;&quot;,&quot;focal_length&quot;:&quot;0&quot;,&quot;iso&quot;:&quot;0&quot;,&quot;shutter_speed&quot;:&quot;0&quot;,&quot;title&quot;:&quot;&quot;,&quot;orientation&quot;:&quot;0&quot;}\" data-image-title=\"bv0233_03\" data-image-description=\"\" data-image-caption=\"\" data-large-file=\"https:\/\/blog.erm.ee\/wp-content\/uploads\/2017\/12\/bv0233_03-1024x684.jpg\" class=\"alignnone size-full wp-image-10777\" src=\"https:\/\/blog.erm.ee\/wp-content\/uploads\/2017\/12\/bv0233_03.jpg\" alt=\"\" width=\"1200\" height=\"801\" srcset=\"https:\/\/blog.erm.ee\/wp-content\/uploads\/2017\/12\/bv0233_03.jpg 1200w, https:\/\/blog.erm.ee\/wp-content\/uploads\/2017\/12\/bv0233_03-390x260.jpg 390w, https:\/\/blog.erm.ee\/wp-content\/uploads\/2017\/12\/bv0233_03-300x200.jpg 300w, https:\/\/blog.erm.ee\/wp-content\/uploads\/2017\/12\/bv0233_03-768x513.jpg 768w, https:\/\/blog.erm.ee\/wp-content\/uploads\/2017\/12\/bv0233_03-1024x684.jpg 1024w\" sizes=\"auto, (max-width: 1200px) 100vw, 1200px\" \/><\/a><\/p>\n<p>S\u00fc\u00fcriap\u00e4rase \u00f5htus\u00f6\u00f6gi men\u00fc\u00fcd ma seekord kirjeldama ei hakka, sest \u00a0\u00f5htus\u00f6\u00f6gi proovikokkamisest kui eksootilisest eksperimendist ERMi k\u00f6\u00f6gis oli \u00fches varasemas postituses juba pikalt juttu. L\u00e4\u00e4tsesupi retsepti oma s\u00f5pradele Viljandist ei ole mul veel \u00f5nnestunud hankida. V\u00f5imalik, et see on S\u00fc\u00fcria Maitsete firmasaladus. Ja \u00f5iglase kaubanduse \u0161okolaadist valmistatud s\u00fcnnip\u00e4evatort sai niisugune, et selle me arhiveerime! T\u00f5si, fotona. Nautige teiegi!<\/p>\n<p><a href=\"https:\/\/blog.erm.ee\/wp-content\/uploads\/2017\/12\/bv0360_07.jpg\"><img loading=\"lazy\" decoding=\"async\" data-attachment-id=\"10772\" data-permalink=\"https:\/\/blog.erm.ee\/?attachment_id=10772#main\" data-orig-file=\"https:\/\/blog.erm.ee\/wp-content\/uploads\/2017\/12\/bv0360_07.jpg\" data-orig-size=\"1200,801\" data-comments-opened=\"1\" data-image-meta=\"{&quot;aperture&quot;:&quot;0&quot;,&quot;credit&quot;:&quot;&quot;,&quot;camera&quot;:&quot;&quot;,&quot;caption&quot;:&quot;&quot;,&quot;created_timestamp&quot;:&quot;0&quot;,&quot;copyright&quot;:&quot;&quot;,&quot;focal_length&quot;:&quot;0&quot;,&quot;iso&quot;:&quot;0&quot;,&quot;shutter_speed&quot;:&quot;0&quot;,&quot;title&quot;:&quot;&quot;,&quot;orientation&quot;:&quot;0&quot;}\" data-image-title=\"bv0360_07\" data-image-description=\"\" data-image-caption=\"\" data-large-file=\"https:\/\/blog.erm.ee\/wp-content\/uploads\/2017\/12\/bv0360_07-1024x684.jpg\" class=\"alignnone size-full wp-image-10772\" src=\"https:\/\/blog.erm.ee\/wp-content\/uploads\/2017\/12\/bv0360_07.jpg\" alt=\"\" width=\"1200\" height=\"801\" srcset=\"https:\/\/blog.erm.ee\/wp-content\/uploads\/2017\/12\/bv0360_07.jpg 1200w, https:\/\/blog.erm.ee\/wp-content\/uploads\/2017\/12\/bv0360_07-390x260.jpg 390w, https:\/\/blog.erm.ee\/wp-content\/uploads\/2017\/12\/bv0360_07-300x200.jpg 300w, https:\/\/blog.erm.ee\/wp-content\/uploads\/2017\/12\/bv0360_07-768x513.jpg 768w, https:\/\/blog.erm.ee\/wp-content\/uploads\/2017\/12\/bv0360_07-1024x684.jpg 1024w\" sizes=\"auto, (max-width: 1200px) 100vw, 1200px\" \/><\/a><\/p>\n<div class=\"fcbkbttn_buttons_block\" id=\"fcbkbttn_left\"><div class=\"fcbkbttn_like \"><fb:like href=\"https:\/\/blog.erm.ee\/?p=10767\" action=\"like\" colorscheme=\"light\" layout=\"standard\"  width=\"225px\" size=\"small\"><\/fb:like><\/div><div class=\"fb-share-button  \" data-href=\"https:\/\/blog.erm.ee\/?p=10767\" data-type=\"button\" data-size=\"small\"><\/div><\/div>","protected":false},"excerpt":{"rendered":"<p>Aivi Ross, t\u00e4iskasvanuhariduse koordinaator Fotod: Berta Vosman Kui ma kadrip\u00e4eval ERMi j\u00f5udsin, olid Mondo tegevused juba pihta hakanud. Aafrikast p\u00e4rit k\u00e4sit\u00f6\u00f6 ja ehted r\u00f5\u00f5mustasid silma, aga siiski ka rahakotti, vaatamata sellele, et eksootilist kraami m\u00fc\u00fcdi \u00f5iglase kaubanduse hindadega. Restorani k\u00f6\u00f6gis toimetas Aleppost p\u00e4rit s\u00fc\u00fcrlanna Nermiin ja l\u00e4\u00e4tsesupp, mille retsepti mult hiljem k\u00fcsiti, juba podises pliidil.&hellip;<\/p>\n","protected":false},"author":1,"featured_media":10771,"comment_status":"open","ping_status":"open","sticky":false,"template":"","format":"standard","meta":{"_monsterinsights_skip_tracking":false,"_monsterinsights_sitenote_active":false,"_monsterinsights_sitenote_note":"","_monsterinsights_sitenote_category":0,"jetpack_post_was_ever_published":false,"_jetpack_newsletter_access":"","_jetpack_dont_email_post_to_subs":false,"_jetpack_newsletter_tier_id":0,"_jetpack_memberships_contains_paywalled_content":false,"_jetpack_memberships_contains_paid_content":false,"footnotes":""},"categories":[30],"tags":[],"class_list":["post-10767","post","type-post","status-publish","format-standard","has-post-thumbnail","hentry","category-osalus"],"yoast_head":"<!-- This site is optimized with the Yoast SEO plugin v27.5 - https:\/\/yoast.com\/product\/yoast-seo-wordpress\/ -->\n<title>Ebatavaline Kadrip\u00e4ev ERMis: hariti juuri, kasvatati tiibu ja visati \u00f5hku Aafrika vanas\u00f5nu - Eesti Rahva Muuseumi ajaveeb<\/title>\n<meta name=\"robots\" content=\"index, follow, max-snippet:-1, max-image-preview:large, max-video-preview:-1\" \/>\n<link rel=\"canonical\" href=\"https:\/\/blog.erm.ee\/?p=10767\" \/>\n<meta property=\"og:locale\" content=\"et_EE\" \/>\n<meta property=\"og:type\" content=\"article\" \/>\n<meta property=\"og:title\" content=\"Ebatavaline Kadrip\u00e4ev ERMis: hariti juuri, kasvatati tiibu ja visati \u00f5hku Aafrika vanas\u00f5nu - Eesti Rahva Muuseumi ajaveeb\" \/>\n<meta property=\"og:description\" content=\"Aivi Ross, t\u00e4iskasvanuhariduse koordinaator Fotod: Berta Vosman Kui ma kadrip\u00e4eval ERMi j\u00f5udsin, olid Mondo tegevused juba pihta hakanud. Aafrikast p\u00e4rit k\u00e4sit\u00f6\u00f6 ja ehted r\u00f5\u00f5mustasid silma, aga siiski ka rahakotti, vaatamata sellele, et eksootilist kraami m\u00fc\u00fcdi \u00f5iglase kaubanduse hindadega. Restorani k\u00f6\u00f6gis toimetas Aleppost p\u00e4rit s\u00fc\u00fcrlanna Nermiin ja l\u00e4\u00e4tsesupp, mille retsepti mult hiljem k\u00fcsiti, juba podises pliidil.&hellip;\" \/>\n<meta property=\"og:url\" content=\"https:\/\/blog.erm.ee\/?p=10767\" \/>\n<meta property=\"og:site_name\" content=\"Eesti Rahva Muuseumi ajaveeb\" \/>\n<meta property=\"article:published_time\" content=\"2017-12-05T07:06:30+00:00\" \/>\n<meta property=\"article:modified_time\" content=\"2017-12-06T16:20:56+00:00\" \/>\n<meta property=\"og:image\" content=\"https:\/\/blog.erm.ee\/wp-content\/uploads\/2017\/12\/bv0001_01.jpg\" \/>\n\t<meta property=\"og:image:width\" content=\"1200\" \/>\n\t<meta property=\"og:image:height\" content=\"801\" \/>\n\t<meta property=\"og:image:type\" content=\"image\/jpeg\" \/>\n<meta name=\"author\" content=\"Eesti Rahva Muuseum\" \/>\n<meta name=\"twitter:card\" content=\"summary_large_image\" \/>\n<meta name=\"twitter:label1\" content=\"Written by\" \/>\n\t<meta name=\"twitter:data1\" content=\"Eesti Rahva Muuseum\" \/>\n\t<meta name=\"twitter:label2\" content=\"Est. reading time\" \/>\n\t<meta name=\"twitter:data2\" content=\"6 minutit\" \/>\n<script type=\"application\/ld+json\" class=\"yoast-schema-graph\">{\"@context\":\"https:\\\/\\\/schema.org\",\"@graph\":[{\"@type\":\"Article\",\"@id\":\"https:\\\/\\\/blog.erm.ee\\\/?p=10767#article\",\"isPartOf\":{\"@id\":\"https:\\\/\\\/blog.erm.ee\\\/?p=10767\"},\"author\":{\"name\":\"Eesti Rahva Muuseum\",\"@id\":\"https:\\\/\\\/blog.erm.ee\\\/#\\\/schema\\\/person\\\/6e98c391cb00a33e7c22a3571e062114\"},\"headline\":\"Ebatavaline Kadrip\u00e4ev ERMis: hariti juuri, kasvatati tiibu ja visati \u00f5hku Aafrika vanas\u00f5nu\",\"datePublished\":\"2017-12-05T07:06:30+00:00\",\"dateModified\":\"2017-12-06T16:20:56+00:00\",\"mainEntityOfPage\":{\"@id\":\"https:\\\/\\\/blog.erm.ee\\\/?p=10767\"},\"wordCount\":1145,\"commentCount\":1,\"image\":{\"@id\":\"https:\\\/\\\/blog.erm.ee\\\/?p=10767#primaryimage\"},\"thumbnailUrl\":\"https:\\\/\\\/blog.erm.ee\\\/wp-content\\\/uploads\\\/2017\\\/12\\\/bv0001_01.jpg\",\"articleSection\":[\"Osalus\"],\"inLanguage\":\"et\",\"potentialAction\":[{\"@type\":\"CommentAction\",\"name\":\"Comment\",\"target\":[\"https:\\\/\\\/blog.erm.ee\\\/?p=10767#respond\"]}]},{\"@type\":\"WebPage\",\"@id\":\"https:\\\/\\\/blog.erm.ee\\\/?p=10767\",\"url\":\"https:\\\/\\\/blog.erm.ee\\\/?p=10767\",\"name\":\"Ebatavaline Kadrip\u00e4ev ERMis: hariti juuri, kasvatati tiibu ja visati \u00f5hku Aafrika vanas\u00f5nu - Eesti Rahva Muuseumi ajaveeb\",\"isPartOf\":{\"@id\":\"https:\\\/\\\/blog.erm.ee\\\/#website\"},\"primaryImageOfPage\":{\"@id\":\"https:\\\/\\\/blog.erm.ee\\\/?p=10767#primaryimage\"},\"image\":{\"@id\":\"https:\\\/\\\/blog.erm.ee\\\/?p=10767#primaryimage\"},\"thumbnailUrl\":\"https:\\\/\\\/blog.erm.ee\\\/wp-content\\\/uploads\\\/2017\\\/12\\\/bv0001_01.jpg\",\"datePublished\":\"2017-12-05T07:06:30+00:00\",\"dateModified\":\"2017-12-06T16:20:56+00:00\",\"author\":{\"@id\":\"https:\\\/\\\/blog.erm.ee\\\/#\\\/schema\\\/person\\\/6e98c391cb00a33e7c22a3571e062114\"},\"breadcrumb\":{\"@id\":\"https:\\\/\\\/blog.erm.ee\\\/?p=10767#breadcrumb\"},\"inLanguage\":\"et\",\"potentialAction\":[{\"@type\":\"ReadAction\",\"target\":[\"https:\\\/\\\/blog.erm.ee\\\/?p=10767\"]}]},{\"@type\":\"ImageObject\",\"inLanguage\":\"et\",\"@id\":\"https:\\\/\\\/blog.erm.ee\\\/?p=10767#primaryimage\",\"url\":\"https:\\\/\\\/blog.erm.ee\\\/wp-content\\\/uploads\\\/2017\\\/12\\\/bv0001_01.jpg\",\"contentUrl\":\"https:\\\/\\\/blog.erm.ee\\\/wp-content\\\/uploads\\\/2017\\\/12\\\/bv0001_01.jpg\",\"width\":1200,\"height\":801},{\"@type\":\"BreadcrumbList\",\"@id\":\"https:\\\/\\\/blog.erm.ee\\\/?p=10767#breadcrumb\",\"itemListElement\":[{\"@type\":\"ListItem\",\"position\":1,\"name\":\"Home\",\"item\":\"https:\\\/\\\/blog.erm.ee\\\/\"},{\"@type\":\"ListItem\",\"position\":2,\"name\":\"Ebatavaline Kadrip\u00e4ev ERMis: hariti juuri, kasvatati tiibu ja visati \u00f5hku Aafrika vanas\u00f5nu\"}]},{\"@type\":\"WebSite\",\"@id\":\"https:\\\/\\\/blog.erm.ee\\\/#website\",\"url\":\"https:\\\/\\\/blog.erm.ee\\\/\",\"name\":\"Eesti Rahva Muuseumi ajaveeb\",\"description\":\"\",\"potentialAction\":[{\"@type\":\"SearchAction\",\"target\":{\"@type\":\"EntryPoint\",\"urlTemplate\":\"https:\\\/\\\/blog.erm.ee\\\/?s={search_term_string}\"},\"query-input\":{\"@type\":\"PropertyValueSpecification\",\"valueRequired\":true,\"valueName\":\"search_term_string\"}}],\"inLanguage\":\"et\"},{\"@type\":\"Person\",\"@id\":\"https:\\\/\\\/blog.erm.ee\\\/#\\\/schema\\\/person\\\/6e98c391cb00a33e7c22a3571e062114\",\"name\":\"Eesti Rahva Muuseum\",\"image\":{\"@type\":\"ImageObject\",\"inLanguage\":\"et\",\"@id\":\"https:\\\/\\\/secure.gravatar.com\\\/avatar\\\/cb6d9ad5fb49f3f7315028ce5fe60641075f2cb52b8a058ff5a985fa2d8c1da0?s=96&d=mm&r=g\",\"url\":\"https:\\\/\\\/secure.gravatar.com\\\/avatar\\\/cb6d9ad5fb49f3f7315028ce5fe60641075f2cb52b8a058ff5a985fa2d8c1da0?s=96&d=mm&r=g\",\"contentUrl\":\"https:\\\/\\\/secure.gravatar.com\\\/avatar\\\/cb6d9ad5fb49f3f7315028ce5fe60641075f2cb52b8a058ff5a985fa2d8c1da0?s=96&d=mm&r=g\",\"caption\":\"Eesti Rahva Muuseum\"},\"sameAs\":[\"http:\\\/\\\/www.erm.ee\"],\"url\":\"https:\\\/\\\/blog.erm.ee\\\/?author=1\"}]}<\/script>\n<!-- \/ Yoast SEO plugin. -->","yoast_head_json":{"title":"Ebatavaline Kadrip\u00e4ev ERMis: hariti juuri, kasvatati tiibu ja visati \u00f5hku Aafrika vanas\u00f5nu - Eesti Rahva Muuseumi ajaveeb","robots":{"index":"index","follow":"follow","max-snippet":"max-snippet:-1","max-image-preview":"max-image-preview:large","max-video-preview":"max-video-preview:-1"},"canonical":"https:\/\/blog.erm.ee\/?p=10767","og_locale":"et_EE","og_type":"article","og_title":"Ebatavaline Kadrip\u00e4ev ERMis: hariti juuri, kasvatati tiibu ja visati \u00f5hku Aafrika vanas\u00f5nu - Eesti Rahva Muuseumi ajaveeb","og_description":"Aivi Ross, t\u00e4iskasvanuhariduse koordinaator Fotod: Berta Vosman Kui ma kadrip\u00e4eval ERMi j\u00f5udsin, olid Mondo tegevused juba pihta hakanud. Aafrikast p\u00e4rit k\u00e4sit\u00f6\u00f6 ja ehted r\u00f5\u00f5mustasid silma, aga siiski ka rahakotti, vaatamata sellele, et eksootilist kraami m\u00fc\u00fcdi \u00f5iglase kaubanduse hindadega. Restorani k\u00f6\u00f6gis toimetas Aleppost p\u00e4rit s\u00fc\u00fcrlanna Nermiin ja l\u00e4\u00e4tsesupp, mille retsepti mult hiljem k\u00fcsiti, juba podises pliidil.&hellip;","og_url":"https:\/\/blog.erm.ee\/?p=10767","og_site_name":"Eesti Rahva Muuseumi ajaveeb","article_published_time":"2017-12-05T07:06:30+00:00","article_modified_time":"2017-12-06T16:20:56+00:00","og_image":[{"width":1200,"height":801,"url":"https:\/\/blog.erm.ee\/wp-content\/uploads\/2017\/12\/bv0001_01.jpg","type":"image\/jpeg"}],"author":"Eesti Rahva Muuseum","twitter_card":"summary_large_image","twitter_misc":{"Written by":"Eesti Rahva Muuseum","Est. reading time":"6 minutit"},"schema":{"@context":"https:\/\/schema.org","@graph":[{"@type":"Article","@id":"https:\/\/blog.erm.ee\/?p=10767#article","isPartOf":{"@id":"https:\/\/blog.erm.ee\/?p=10767"},"author":{"name":"Eesti Rahva Muuseum","@id":"https:\/\/blog.erm.ee\/#\/schema\/person\/6e98c391cb00a33e7c22a3571e062114"},"headline":"Ebatavaline Kadrip\u00e4ev ERMis: hariti juuri, kasvatati tiibu ja visati \u00f5hku Aafrika vanas\u00f5nu","datePublished":"2017-12-05T07:06:30+00:00","dateModified":"2017-12-06T16:20:56+00:00","mainEntityOfPage":{"@id":"https:\/\/blog.erm.ee\/?p=10767"},"wordCount":1145,"commentCount":1,"image":{"@id":"https:\/\/blog.erm.ee\/?p=10767#primaryimage"},"thumbnailUrl":"https:\/\/blog.erm.ee\/wp-content\/uploads\/2017\/12\/bv0001_01.jpg","articleSection":["Osalus"],"inLanguage":"et","potentialAction":[{"@type":"CommentAction","name":"Comment","target":["https:\/\/blog.erm.ee\/?p=10767#respond"]}]},{"@type":"WebPage","@id":"https:\/\/blog.erm.ee\/?p=10767","url":"https:\/\/blog.erm.ee\/?p=10767","name":"Ebatavaline Kadrip\u00e4ev ERMis: hariti juuri, kasvatati tiibu ja visati \u00f5hku Aafrika vanas\u00f5nu - Eesti Rahva Muuseumi ajaveeb","isPartOf":{"@id":"https:\/\/blog.erm.ee\/#website"},"primaryImageOfPage":{"@id":"https:\/\/blog.erm.ee\/?p=10767#primaryimage"},"image":{"@id":"https:\/\/blog.erm.ee\/?p=10767#primaryimage"},"thumbnailUrl":"https:\/\/blog.erm.ee\/wp-content\/uploads\/2017\/12\/bv0001_01.jpg","datePublished":"2017-12-05T07:06:30+00:00","dateModified":"2017-12-06T16:20:56+00:00","author":{"@id":"https:\/\/blog.erm.ee\/#\/schema\/person\/6e98c391cb00a33e7c22a3571e062114"},"breadcrumb":{"@id":"https:\/\/blog.erm.ee\/?p=10767#breadcrumb"},"inLanguage":"et","potentialAction":[{"@type":"ReadAction","target":["https:\/\/blog.erm.ee\/?p=10767"]}]},{"@type":"ImageObject","inLanguage":"et","@id":"https:\/\/blog.erm.ee\/?p=10767#primaryimage","url":"https:\/\/blog.erm.ee\/wp-content\/uploads\/2017\/12\/bv0001_01.jpg","contentUrl":"https:\/\/blog.erm.ee\/wp-content\/uploads\/2017\/12\/bv0001_01.jpg","width":1200,"height":801},{"@type":"BreadcrumbList","@id":"https:\/\/blog.erm.ee\/?p=10767#breadcrumb","itemListElement":[{"@type":"ListItem","position":1,"name":"Home","item":"https:\/\/blog.erm.ee\/"},{"@type":"ListItem","position":2,"name":"Ebatavaline Kadrip\u00e4ev ERMis: hariti juuri, kasvatati tiibu ja visati \u00f5hku Aafrika vanas\u00f5nu"}]},{"@type":"WebSite","@id":"https:\/\/blog.erm.ee\/#website","url":"https:\/\/blog.erm.ee\/","name":"Eesti Rahva Muuseumi ajaveeb","description":"","potentialAction":[{"@type":"SearchAction","target":{"@type":"EntryPoint","urlTemplate":"https:\/\/blog.erm.ee\/?s={search_term_string}"},"query-input":{"@type":"PropertyValueSpecification","valueRequired":true,"valueName":"search_term_string"}}],"inLanguage":"et"},{"@type":"Person","@id":"https:\/\/blog.erm.ee\/#\/schema\/person\/6e98c391cb00a33e7c22a3571e062114","name":"Eesti Rahva Muuseum","image":{"@type":"ImageObject","inLanguage":"et","@id":"https:\/\/secure.gravatar.com\/avatar\/cb6d9ad5fb49f3f7315028ce5fe60641075f2cb52b8a058ff5a985fa2d8c1da0?s=96&d=mm&r=g","url":"https:\/\/secure.gravatar.com\/avatar\/cb6d9ad5fb49f3f7315028ce5fe60641075f2cb52b8a058ff5a985fa2d8c1da0?s=96&d=mm&r=g","contentUrl":"https:\/\/secure.gravatar.com\/avatar\/cb6d9ad5fb49f3f7315028ce5fe60641075f2cb52b8a058ff5a985fa2d8c1da0?s=96&d=mm&r=g","caption":"Eesti Rahva Muuseum"},"sameAs":["http:\/\/www.erm.ee"],"url":"https:\/\/blog.erm.ee\/?author=1"}]}},"jetpack_featured_media_url":"https:\/\/blog.erm.ee\/wp-content\/uploads\/2017\/12\/bv0001_01.jpg","jetpack_shortlink":"https:\/\/wp.me\/p2l9Zd-2NF","jetpack_sharing_enabled":true,"jetpack_likes_enabled":true,"_links":{"self":[{"href":"https:\/\/blog.erm.ee\/index.php?rest_route=\/wp\/v2\/posts\/10767","targetHints":{"allow":["GET"]}}],"collection":[{"href":"https:\/\/blog.erm.ee\/index.php?rest_route=\/wp\/v2\/posts"}],"about":[{"href":"https:\/\/blog.erm.ee\/index.php?rest_route=\/wp\/v2\/types\/post"}],"author":[{"embeddable":true,"href":"https:\/\/blog.erm.ee\/index.php?rest_route=\/wp\/v2\/users\/1"}],"replies":[{"embeddable":true,"href":"https:\/\/blog.erm.ee\/index.php?rest_route=%2Fwp%2Fv2%2Fcomments&post=10767"}],"version-history":[{"count":4,"href":"https:\/\/blog.erm.ee\/index.php?rest_route=\/wp\/v2\/posts\/10767\/revisions"}],"predecessor-version":[{"id":10780,"href":"https:\/\/blog.erm.ee\/index.php?rest_route=\/wp\/v2\/posts\/10767\/revisions\/10780"}],"wp:featuredmedia":[{"embeddable":true,"href":"https:\/\/blog.erm.ee\/index.php?rest_route=\/wp\/v2\/media\/10771"}],"wp:attachment":[{"href":"https:\/\/blog.erm.ee\/index.php?rest_route=%2Fwp%2Fv2%2Fmedia&parent=10767"}],"wp:term":[{"taxonomy":"category","embeddable":true,"href":"https:\/\/blog.erm.ee\/index.php?rest_route=%2Fwp%2Fv2%2Fcategories&post=10767"},{"taxonomy":"post_tag","embeddable":true,"href":"https:\/\/blog.erm.ee\/index.php?rest_route=%2Fwp%2Fv2%2Ftags&post=10767"}],"curies":[{"name":"wp","href":"https:\/\/api.w.org\/{rel}","templated":true}]}}