{"id":10519,"date":"2017-10-19T08:24:55","date_gmt":"2017-10-19T05:24:55","guid":{"rendered":"http:\/\/blog.erm.ee\/?p=10519"},"modified":"2017-10-19T12:59:59","modified_gmt":"2017-10-19T09:59:59","slug":"saksamaa-oli-kui-muinasjutt","status":"publish","type":"post","link":"https:\/\/blog.erm.ee\/?p=10519","title":{"rendered":"\u201eSaksamaa oli kui muinasjutt\u2026.\u201c"},"content":{"rendered":"<div class=\"fcbkbttn_buttons_block\" id=\"fcbkbttn_left\"><div class=\"fcbkbttn_like \"><fb:like href=\"https:\/\/blog.erm.ee\/?p=10519\" action=\"like\" colorscheme=\"light\" layout=\"standard\"  width=\"225px\" size=\"small\"><\/fb:like><\/div><div class=\"fb-share-button  \" data-href=\"https:\/\/blog.erm.ee\/?p=10519\" data-type=\"button\" data-size=\"small\"><\/div><\/div><p><em>K\u00fclli Lupkin, projektijuht<\/em><\/p>\n<p>Piiride avanemine ja soov maailma n\u00e4ha viis paljud eestimaalased 1990. aastatel r\u00e4ndama. Esimesed muljed v\u00e4lismaast on paljudel siiamaani eredalt meeles. M\u00f5nda pani imestama kaubarohkus poodides ja reklaamidest kirev t\u00e4navapilt, m\u00f5ne v\u00f5tsid hingetuks v\u00e4lismaised autod, m\u00f5ne loodus ja arhitektuur, aga paljud m\u00e4letavad ka lihtsalt uusi l\u00f5hnu, maitseid, v\u00e4rve ja helisid.<\/p>\n<p><a href=\"https:\/\/blog.erm.ee\/wp-content\/uploads\/2017\/10\/v\u00e4lismaa_pilt-nr-1.jpg\"><img loading=\"lazy\" decoding=\"async\" data-attachment-id=\"10521\" data-permalink=\"https:\/\/blog.erm.ee\/?attachment_id=10521#main\" data-orig-file=\"https:\/\/blog.erm.ee\/wp-content\/uploads\/2017\/10\/v\u00e4lismaa_pilt-nr-1.jpg\" data-orig-size=\"1200,798\" data-comments-opened=\"1\" data-image-meta=\"{&quot;aperture&quot;:&quot;0&quot;,&quot;credit&quot;:&quot;&quot;,&quot;camera&quot;:&quot;&quot;,&quot;caption&quot;:&quot;&quot;,&quot;created_timestamp&quot;:&quot;0&quot;,&quot;copyright&quot;:&quot;&quot;,&quot;focal_length&quot;:&quot;0&quot;,&quot;iso&quot;:&quot;0&quot;,&quot;shutter_speed&quot;:&quot;0&quot;,&quot;title&quot;:&quot;&quot;,&quot;orientation&quot;:&quot;0&quot;}\" data-image-title=\"v\u00e4lismaa_pilt nr 1\" data-image-description=\"\" data-image-caption=\"\" data-large-file=\"https:\/\/blog.erm.ee\/wp-content\/uploads\/2017\/10\/v\u00e4lismaa_pilt-nr-1-1024x681.jpg\" class=\"alignnone size-large wp-image-10521\" src=\"https:\/\/blog.erm.ee\/wp-content\/uploads\/2017\/10\/v\u00e4lismaa_pilt-nr-1-1024x681.jpg\" alt=\"\" width=\"700\" height=\"466\" srcset=\"https:\/\/blog.erm.ee\/wp-content\/uploads\/2017\/10\/v\u00e4lismaa_pilt-nr-1-1024x681.jpg 1024w, https:\/\/blog.erm.ee\/wp-content\/uploads\/2017\/10\/v\u00e4lismaa_pilt-nr-1-391x260.jpg 391w, https:\/\/blog.erm.ee\/wp-content\/uploads\/2017\/10\/v\u00e4lismaa_pilt-nr-1-300x200.jpg 300w, https:\/\/blog.erm.ee\/wp-content\/uploads\/2017\/10\/v\u00e4lismaa_pilt-nr-1-768x511.jpg 768w, https:\/\/blog.erm.ee\/wp-content\/uploads\/2017\/10\/v\u00e4lismaa_pilt-nr-1.jpg 1200w\" sizes=\"auto, (max-width: 700px) 100vw, 700px\" \/><\/a><em>Drottninggatani t\u00e4nav StockholmisKohtumine l\u00e4\u00e4nemaailmaga. Lauri, s 1975.<\/em><\/p>\n<p>Rahvalood.ee lehel kogub Eesti Ajaloomuuseum meenutusi reisimisest 1990. aastatel. On, mida meenutada!<\/p>\n<p>V\u00e4lisreis algas viisa hankimisega.<\/p>\n<p><em>Soome s\u00f5iduks oli tol ajal vaja v\u00e4lispassi ja viisat. \/\u2026\/ Soome saatkonna ees oli meeletu mass inimesi, kes soovisid viisat saada. Sental oli p\u00e4ris uhke tunne, kui ta kutsuti l\u00e4bi valjuh\u00e4\u00e4ldi sisse. Selleks tuli inimsummast l\u00e4bi tr\u00fcgida ja tema selja taga lennutasid viisasoovijad ukse vahelt majja ka oma passid, millesse nad lootsid viisat saada. <\/em>(Senta Rooma meenutusi tema esimestest k\u00fclask\u00e4ikudest Utaj\u00e4rvile. Eda, s 1960)<\/p>\n<p><em>Viisa saamise p\u00e4rast oli mure. Tuli ise seda asja ajada ja saatkonnas k\u00e4ia. Kuna mu t\u00e4dipoeg oli Rootsis kurikuulus p\u00e4tt ja kunagi N\u00f5ukogude Liidust \u00fcle piiri putkanud, siis oli mure, kas ma ikka saan viisa. Ema \u00fcritas mind kuidagi instrueerida enne, kui l\u00e4ksin viisat taotlema, et mida \u00f6elda, kui selle t\u00e4dipoja kohta minult midagi k\u00fcsitakse. Ei tekkinud aga probleeme viisa saamisega, k\u00f5ik sujus t\u00f5rgeteta. See oli minu teine v\u00e4lisreis, umbes aasta varem olin k\u00e4inud Soomes. <\/em>(Rootsi s\u00f5it, lapsehoidja proovip\u00e4ev. Terje, s 1974)<\/p>\n<p><em>Minu reis pidi toimuma oktoobrikuu esmasp\u00e4eval kell 13:00 lennukiga Tallinnast Frankfurti. Reedel l\u00e4ksin veel enne reisi juuksurisse ja seal varastati juuksuritoolis olles \u00e4ra mu k\u00e4ekott, milles oli sees ka Saksamaale minekuks pass koos viisaga. Kohutav!<\/em><\/p>\n<p><a href=\"https:\/\/blog.erm.ee\/wp-content\/uploads\/2017\/10\/viisa_pilt-nr-2.jpg\"><img loading=\"lazy\" decoding=\"async\" data-attachment-id=\"10525\" data-permalink=\"https:\/\/blog.erm.ee\/?attachment_id=10525#main\" data-orig-file=\"https:\/\/blog.erm.ee\/wp-content\/uploads\/2017\/10\/viisa_pilt-nr-2.jpg\" data-orig-size=\"1200,743\" data-comments-opened=\"1\" data-image-meta=\"{&quot;aperture&quot;:&quot;0&quot;,&quot;credit&quot;:&quot;&quot;,&quot;camera&quot;:&quot;&quot;,&quot;caption&quot;:&quot;&quot;,&quot;created_timestamp&quot;:&quot;0&quot;,&quot;copyright&quot;:&quot;&quot;,&quot;focal_length&quot;:&quot;0&quot;,&quot;iso&quot;:&quot;0&quot;,&quot;shutter_speed&quot;:&quot;0&quot;,&quot;title&quot;:&quot;&quot;,&quot;orientation&quot;:&quot;0&quot;}\" data-image-title=\"viisa_pilt nr 2\" data-image-description=\"\" data-image-caption=\"\" data-large-file=\"https:\/\/blog.erm.ee\/wp-content\/uploads\/2017\/10\/viisa_pilt-nr-2-1024x634.jpg\" class=\"alignnone size-large wp-image-10525\" src=\"https:\/\/blog.erm.ee\/wp-content\/uploads\/2017\/10\/viisa_pilt-nr-2-1024x634.jpg\" alt=\"\" width=\"700\" height=\"433\" srcset=\"https:\/\/blog.erm.ee\/wp-content\/uploads\/2017\/10\/viisa_pilt-nr-2-1024x634.jpg 1024w, https:\/\/blog.erm.ee\/wp-content\/uploads\/2017\/10\/viisa_pilt-nr-2-420x260.jpg 420w, https:\/\/blog.erm.ee\/wp-content\/uploads\/2017\/10\/viisa_pilt-nr-2-300x186.jpg 300w, https:\/\/blog.erm.ee\/wp-content\/uploads\/2017\/10\/viisa_pilt-nr-2-768x476.jpg 768w, https:\/\/blog.erm.ee\/wp-content\/uploads\/2017\/10\/viisa_pilt-nr-2.jpg 1200w\" sizes=\"auto, (max-width: 700px) 100vw, 700px\" \/><\/a><em>Uus viisa: 09.10.1995.<\/em><\/p>\n<p><a href=\"https:\/\/blog.erm.ee\/wp-content\/uploads\/2017\/10\/blogisse_.jpg\"><img loading=\"lazy\" decoding=\"async\" data-attachment-id=\"10522\" data-permalink=\"https:\/\/blog.erm.ee\/?attachment_id=10522#main\" data-orig-file=\"https:\/\/blog.erm.ee\/wp-content\/uploads\/2017\/10\/blogisse_.jpg\" data-orig-size=\"1200,675\" data-comments-opened=\"1\" data-image-meta=\"{&quot;aperture&quot;:&quot;0&quot;,&quot;credit&quot;:&quot;&quot;,&quot;camera&quot;:&quot;&quot;,&quot;caption&quot;:&quot;&quot;,&quot;created_timestamp&quot;:&quot;0&quot;,&quot;copyright&quot;:&quot;&quot;,&quot;focal_length&quot;:&quot;0&quot;,&quot;iso&quot;:&quot;0&quot;,&quot;shutter_speed&quot;:&quot;0&quot;,&quot;title&quot;:&quot;&quot;,&quot;orientation&quot;:&quot;0&quot;}\" data-image-title=\"blogisse_\" data-image-description=\"\" data-image-caption=\"\" data-large-file=\"https:\/\/blog.erm.ee\/wp-content\/uploads\/2017\/10\/blogisse_-1024x576.jpg\" class=\"alignnone size-large wp-image-10522\" src=\"https:\/\/blog.erm.ee\/wp-content\/uploads\/2017\/10\/blogisse_-1024x576.jpg\" alt=\"\" width=\"700\" height=\"394\" srcset=\"https:\/\/blog.erm.ee\/wp-content\/uploads\/2017\/10\/blogisse_-1024x576.jpg 1024w, https:\/\/blog.erm.ee\/wp-content\/uploads\/2017\/10\/blogisse_-460x260.jpg 460w, https:\/\/blog.erm.ee\/wp-content\/uploads\/2017\/10\/blogisse_-300x169.jpg 300w, https:\/\/blog.erm.ee\/wp-content\/uploads\/2017\/10\/blogisse_-768x432.jpg 768w, https:\/\/blog.erm.ee\/wp-content\/uploads\/2017\/10\/blogisse_.jpg 1200w\" sizes=\"auto, (max-width: 700px) 100vw, 700px\" \/><\/a><em>V\u00e4ljalend. <\/em><em>Minu esimene viperustega lennureis Saksamaale. Liis, s 1978.<\/em><\/p>\n<p>Esimesed muljed v\u00e4lismaast r\u00e4\u00e4givad enamasti lihtsatest olmelistest hetkedest, mida me n\u00fc\u00fcd enam t\u00e4helegi ei pane.<\/p>\n<p><em>Soomes n\u00e4gin esimest korda banaane ja ka s\u00f5in esimest korda elus banaane. Poes kaubavalik v\u00f5ttis silmad kirjuks. H\u00e4sti kallis tundus k\u00f5ik. M\u00e4letan, et kohalikus toidupoes vaatasin h\u00e4sti kaua mingeid allahinnatud dressip\u00fckse nailonist, musta v\u00e4rvi, meeste omad, \u00fcsna odavad ka minu vaatepunktist, vedelesid mingis suures kastis nagu praegu Selveri laadap\u00e4evade ajal. Mind v\u00f5\u00f5rustav pereema ei saanud kuidagi aru, mis \u00fcht t\u00fctarlast nii hirmsasti k\u00f6idab nende dressip\u00fckste juures. Aga minu senises garderoobis olid olnud vaid puuvillased, kiiresti v\u00e4ljavenivad dressip\u00fcksid. <\/em>(Reis Soome, k\u00fclla M\u00e4ntyharju s\u00f5pruskoolile. Terje, s 1974.)<\/p>\n<p><em>Meid majutati kahekordsesse majja, mille sooja vett tootsid terrassi kohal olevad p\u00e4ikesepaneelid. Allkorrusel oli wc ja wc + vannituba, k\u00f6\u00f6k, telekatuba ja k\u00fclalistetuba \u2013 k\u00f5ik ruumid olid nii \u00fc\u00fcratult avarad, soojades-r\u00f5\u00f5msates toonides, et v\u00f5ttis kilkama. Teisel korrusel olid magamistoad ja hallis pinksilaud. Maja \u00fcmber oli kuskil 3000-ruutmeetrine aed ja poole km l\u00e4heduses oli imeline j\u00e4rv. Mul oli tunne, et ma olin paradiisi j\u00f5udnud v\u00f5i n\u00e4en und \u2013 see k\u00f5ik oli kui minu eluunistus! <\/em>(Veel \u00fchinemata, kuid langenud m\u00fc\u00fcriga Saksamaal Anu, s 1972.)<\/p>\n<p><em>\u00a0<\/em><em>\/\u2026\/ minu teine ehmatus oli see, et koolis olid vaibad maas! Sellist asja polnud me oma korduvalt p\u00f5lema pandud auguliste linoleump\u00f5randatega koolis veel n\u00e4inud ja k\u00f5ik tundus v\u00e4ga uskumatu. K\u00e4isime ka m\u00f5nedes tundides ja nende tunnidki toimusid sootuks teistmoodi.<\/em><\/p>\n<p><em>\u00d5petajad isegi ei karjunud nende peale. V\u00e4ga kummaline. <\/em>(Esimene pass, esimene v\u00e4lisreis. K\u00f5ik on hoopis teistsugune! Marge, s 1976.)<\/p>\n<p><em>1990. aastal k\u00e4isin perega esimest korda L\u00e4\u00e4ne-Saksamaal. \/\u2026\/ Mis meelde j\u00e4i, oli, et kodus kasutati n\u00f5udepesulappi, mida sai poest osta. Ja kohe mitmes kodus! Mulle oli t\u00e4iesti arusaamatu, miks selle peale raha kulutatakse. Meil olid ju riidest l\u00f5igatud t\u00fckid, kaltsud kasutusel.<\/em> (Minu esimene v\u00e4lisreis. Kristiina, s 1977.)<\/p>\n<p><em>Kuigi t\u00fctarlaps, ajas mu silmad vilama selline meeletu galerii v\u00e4lismaiseid autosid, \u00fcks ilusam kui teine. Kirjutasin kaustikusse \u00fcles, millised mu meelest need k\u00f5ige ilusamad olid, ja \u00fche silmar\u00f5\u00f5mu najale n\u00f5jatudes lasksin endast ka poose pildi teha. Praegu ajab itsitama, aga minu toonane ideaal oli must Opel Vectra.<\/em><\/p>\n<p><a href=\"https:\/\/blog.erm.ee\/wp-content\/uploads\/2017\/10\/blogisse_Saksamaal.jpg\"><img loading=\"lazy\" decoding=\"async\" data-attachment-id=\"10526\" data-permalink=\"https:\/\/blog.erm.ee\/?attachment_id=10526#main\" data-orig-file=\"https:\/\/blog.erm.ee\/wp-content\/uploads\/2017\/10\/blogisse_Saksamaal.jpg\" data-orig-size=\"1200,880\" data-comments-opened=\"1\" data-image-meta=\"{&quot;aperture&quot;:&quot;0&quot;,&quot;credit&quot;:&quot;&quot;,&quot;camera&quot;:&quot;&quot;,&quot;caption&quot;:&quot;&quot;,&quot;created_timestamp&quot;:&quot;0&quot;,&quot;copyright&quot;:&quot;&quot;,&quot;focal_length&quot;:&quot;0&quot;,&quot;iso&quot;:&quot;0&quot;,&quot;shutter_speed&quot;:&quot;0&quot;,&quot;title&quot;:&quot;&quot;,&quot;orientation&quot;:&quot;0&quot;}\" data-image-title=\"blogisse_Saksamaal\" data-image-description=\"\" data-image-caption=\"\" data-large-file=\"https:\/\/blog.erm.ee\/wp-content\/uploads\/2017\/10\/blogisse_Saksamaal-1024x751.jpg\" class=\"alignnone size-large wp-image-10526\" src=\"https:\/\/blog.erm.ee\/wp-content\/uploads\/2017\/10\/blogisse_Saksamaal-1024x751.jpg\" alt=\"\" width=\"700\" height=\"513\" srcset=\"https:\/\/blog.erm.ee\/wp-content\/uploads\/2017\/10\/blogisse_Saksamaal-1024x751.jpg 1024w, https:\/\/blog.erm.ee\/wp-content\/uploads\/2017\/10\/blogisse_Saksamaal-355x260.jpg 355w, https:\/\/blog.erm.ee\/wp-content\/uploads\/2017\/10\/blogisse_Saksamaal-300x220.jpg 300w, https:\/\/blog.erm.ee\/wp-content\/uploads\/2017\/10\/blogisse_Saksamaal-768x563.jpg 768w, https:\/\/blog.erm.ee\/wp-content\/uploads\/2017\/10\/blogisse_Saksamaal.jpg 1200w\" sizes=\"auto, (max-width: 700px) 100vw, 700px\" \/><\/a><em>Saksamaal. Veel \u00fchinemata, kuid langenud m\u00fc\u00fcriga Saksamaal. Anu, s 1972.<\/em><\/p>\n<p>Loomulikult toodi v\u00e4lisreisidelt head-paremat ka kaasa. Meeles on neist erilisemad. <em>Oli v\u00f5imalik osta endale m\u00f5ned heliplaadid, mida Eesti NSV-st veel ei saanud.<\/em> (Kohtumine l\u00e4\u00e4nemaailmaga. Lauri, s 1975.)<\/p>\n<p><em>Berliini m\u00fc\u00fcr oli l\u00f5hutud, kohati t\u00e4iesti maha v\u00f5etud, jupati p\u00fcsti, kuid polnud v\u00f5imalik kahelda kohas, kust ta kulgenud oli. Loomulikult muretsesime me k\u00f5ik omale peoga m\u00fc\u00fcri t\u00fckke kaasa. <\/em><em>Koju naasnult saime teada kohaliku uudise: EPA peahoone ees Riia m\u00e4el trooninud Lenini kuju lammutati laiali. Onu, kes elas sealsamas l\u00e4hedal, oli omale Lenini kilde krabanud. Nii meil l\u00e4ks siis suureks \u00e4riks: kild Berliini m\u00fc\u00fcri killu Lenini vastu \ud83d\ude00 (Veel \u00fchinemata, kuid langenud m\u00fc\u00fcriga Saksamaal. Anu, s 1972.)<\/em><\/p>\n<p><em>Aasta oli siis 1993. Saksamaale mindi bussiga. Pikk ja piinarikas reis kitsas ja \u00fcsna p\u00e4evin\u00e4inud bussis. Leedu-Poola piiri \u00f5udused veel siiani meeles. Aga uskuge, Opel Ascona tundus p\u00e4rast Ladat ikka meeletu p\u00fcss \ud83d\ude42<\/em><\/p>\n<p><a href=\"https:\/\/blog.erm.ee\/wp-content\/uploads\/2017\/10\/Ludwigsburg-1993.jpg\"><img loading=\"lazy\" decoding=\"async\" data-attachment-id=\"10523\" data-permalink=\"https:\/\/blog.erm.ee\/?attachment_id=10523#main\" data-orig-file=\"https:\/\/blog.erm.ee\/wp-content\/uploads\/2017\/10\/Ludwigsburg-1993.jpg\" data-orig-size=\"1200,763\" data-comments-opened=\"1\" data-image-meta=\"{&quot;aperture&quot;:&quot;0&quot;,&quot;credit&quot;:&quot;&quot;,&quot;camera&quot;:&quot;&quot;,&quot;caption&quot;:&quot;&quot;,&quot;created_timestamp&quot;:&quot;0&quot;,&quot;copyright&quot;:&quot;&quot;,&quot;focal_length&quot;:&quot;0&quot;,&quot;iso&quot;:&quot;0&quot;,&quot;shutter_speed&quot;:&quot;0&quot;,&quot;title&quot;:&quot;&quot;,&quot;orientation&quot;:&quot;0&quot;}\" data-image-title=\"Ludwigsburg-1993\" data-image-description=\"\" data-image-caption=\"\" data-large-file=\"https:\/\/blog.erm.ee\/wp-content\/uploads\/2017\/10\/Ludwigsburg-1993-1024x651.jpg\" class=\"alignnone size-large wp-image-10523\" src=\"https:\/\/blog.erm.ee\/wp-content\/uploads\/2017\/10\/Ludwigsburg-1993-1024x651.jpg\" alt=\"\" width=\"700\" height=\"445\" srcset=\"https:\/\/blog.erm.ee\/wp-content\/uploads\/2017\/10\/Ludwigsburg-1993-1024x651.jpg 1024w, https:\/\/blog.erm.ee\/wp-content\/uploads\/2017\/10\/Ludwigsburg-1993-409x260.jpg 409w, https:\/\/blog.erm.ee\/wp-content\/uploads\/2017\/10\/Ludwigsburg-1993-300x191.jpg 300w, https:\/\/blog.erm.ee\/wp-content\/uploads\/2017\/10\/Ludwigsburg-1993-768x488.jpg 768w, https:\/\/blog.erm.ee\/wp-content\/uploads\/2017\/10\/Ludwigsburg-1993.jpg 1200w\" sizes=\"auto, (max-width: 700px) 100vw, 700px\" \/><\/a><em>1993 Saksamaal Ludwigsburgis oma esimese l\u00e4\u00e4ne auto j\u00e4rel. Toivo, s 1968.<\/em><\/p>\n<p><em>Emaga avastasime dilemma. T\u00e4pselt sama palju \u2013 2 marka \u2013 maksis nii kilo banaane kui paar sukkp\u00fckse, mida Eestis oli pea v\u00f5imatu saada. Nii me iga kord kaalusime, kas sukkp\u00fcksid v\u00f5i banaanid, banaanid v\u00f5i sukkp\u00fcksid. <\/em>(Veel \u00fchinemata, kuid langenud m\u00fc\u00fcriga Saksamaal. Anu, s 1972.)<\/p>\n<p>Populaarseks reisimisviisiks oli 1990. aastatel ka h\u00e4\u00e4letamine. H\u00e4\u00e4lega reisiti nii kodu- kui v\u00e4lismaal. T\u00fc\u00fcpiline h\u00e4\u00e4letaja oli v\u00e4hen\u00f5udlik ja pigem seiklushimuline.<\/p>\n<p><em>1990ndatel oli Tartu suviti alati inimt\u00fchi ja vaikne. Mingil p\u00f5hjusel olin toona juulikuus Tartus, pikutasin koos s\u00f5branna ja Monast\u00f5rskaja Izbaga Toomem\u00e4el, t\u00f5en\u00e4oliselt virisesime unise Tartu \u00fcle ning otsustasime, et h\u00e4\u00e4letame j\u00e4rgmisel p\u00e4eval Prahasse. Miks selline sihtkoha valik, ei m\u00e4leta. Raha oli v\u00e4he, polnud isegi Euroopa kaarti, telefone, fotokat. Marsruut sai ebam\u00e4\u00e4raselt paika: L\u00e4ti-Leedu-Poola-T\u0161ehhi. Seljakotti vahetusriided, magamiskott, pass ja reis algas. <\/em>(H\u00e4\u00e4lega Prahasse. 14.07.1998 \u2013 21.07.1998. Siret,\u00a0 s 1975.)<\/p>\n<p><em>1994. <\/em><em>a alguses tekkis Tiinal ja Katrinil hirmus kiusatus minna Pariisi \u2013 paljud tutvuskonnast k\u00e4isid ja Euroopasse h\u00e4\u00e4letamine oli \u00fcsna tavaline ja populaarne reisimisviis. \/\u2026\/<\/em><\/p>\n<p><em>Ettevalmistus oli lihtne, magamiskott Jermakki (toonane parim seljakott, presendist ning alumiiniumraamiga), reisiriided valmisid just Tartusse tulnud Abakhani poe kangastest. Sai \u00f5mmeldud meile m\u00f5lemale l\u00fchikesed, kummipitsiga \u00e4\u00e4rtes, retuusid ning ostetud sealtsamast paar T-s\u00e4rki, millel Uppsala \u00fclikooli mingi \u00fcrituse logo. <\/em><em>Toidu osas sai kaasa v\u00f5etud paar lihakonservi ja Kaubahalli juurest ostetud ja realiseerimist\u00e4htaja \u00fcletanud Snickersi \u0161okolaadid, u 20 tk. <\/em>(Teel Pariisi! Tiina ja Katrin, s 1975.)<\/p>\n<p><a href=\"https:\/\/blog.erm.ee\/wp-content\/uploads\/2017\/10\/blogisse_Katrin.jpg\"><img loading=\"lazy\" decoding=\"async\" data-attachment-id=\"10524\" data-permalink=\"https:\/\/blog.erm.ee\/?attachment_id=10524#main\" data-orig-file=\"https:\/\/blog.erm.ee\/wp-content\/uploads\/2017\/10\/blogisse_Katrin.jpg\" data-orig-size=\"1200,793\" data-comments-opened=\"1\" data-image-meta=\"{&quot;aperture&quot;:&quot;0&quot;,&quot;credit&quot;:&quot;&quot;,&quot;camera&quot;:&quot;&quot;,&quot;caption&quot;:&quot;&quot;,&quot;created_timestamp&quot;:&quot;0&quot;,&quot;copyright&quot;:&quot;&quot;,&quot;focal_length&quot;:&quot;0&quot;,&quot;iso&quot;:&quot;0&quot;,&quot;shutter_speed&quot;:&quot;0&quot;,&quot;title&quot;:&quot;&quot;,&quot;orientation&quot;:&quot;0&quot;}\" data-image-title=\"blogisse_Katrin\" data-image-description=\"\" data-image-caption=\"\" data-large-file=\"https:\/\/blog.erm.ee\/wp-content\/uploads\/2017\/10\/blogisse_Katrin-1024x677.jpg\" class=\"alignnone size-large wp-image-10524\" src=\"https:\/\/blog.erm.ee\/wp-content\/uploads\/2017\/10\/blogisse_Katrin-1024x677.jpg\" alt=\"\" width=\"700\" height=\"463\" srcset=\"https:\/\/blog.erm.ee\/wp-content\/uploads\/2017\/10\/blogisse_Katrin-1024x677.jpg 1024w, https:\/\/blog.erm.ee\/wp-content\/uploads\/2017\/10\/blogisse_Katrin-393x260.jpg 393w, https:\/\/blog.erm.ee\/wp-content\/uploads\/2017\/10\/blogisse_Katrin-300x198.jpg 300w, https:\/\/blog.erm.ee\/wp-content\/uploads\/2017\/10\/blogisse_Katrin-768x508.jpg 768w, https:\/\/blog.erm.ee\/wp-content\/uploads\/2017\/10\/blogisse_Katrin.jpg 1200w\" sizes=\"auto, (max-width: 700px) 100vw, 700px\" \/><\/a><em>Teel Pariisi! 1994. a.<br \/>\n<\/em><\/p>\n<p>Loe reisilugusid <a href=\"http:\/\/rahvalood.ee\/lood\/valisreisid-2\/\">http:\/\/rahvalood.ee\/lood\/valisreisid-2\/<\/a><\/p>\n<p>Pane ka oma m\u00e4lestus kirja <a href=\"http:\/\/rahvalood.ee\/saada-lugu\/?cat_slug=39\">http:\/\/rahvalood.ee\/saada-lugu\/?cat_slug=39<\/a><\/p>\n<div class=\"fcbkbttn_buttons_block\" id=\"fcbkbttn_left\"><div class=\"fcbkbttn_like \"><fb:like href=\"https:\/\/blog.erm.ee\/?p=10519\" action=\"like\" colorscheme=\"light\" layout=\"standard\"  width=\"225px\" size=\"small\"><\/fb:like><\/div><div class=\"fb-share-button  \" data-href=\"https:\/\/blog.erm.ee\/?p=10519\" data-type=\"button\" data-size=\"small\"><\/div><\/div>","protected":false},"excerpt":{"rendered":"<p>K\u00fclli Lupkin, projektijuht Piiride avanemine ja soov maailma n\u00e4ha viis paljud eestimaalased 1990. aastatel r\u00e4ndama. Esimesed muljed v\u00e4lismaast on paljudel siiamaani eredalt meeles. M\u00f5nda pani imestama kaubarohkus poodides ja reklaamidest kirev t\u00e4navapilt, m\u00f5ne v\u00f5tsid hingetuks v\u00e4lismaised autod, m\u00f5ne loodus ja arhitektuur, aga paljud m\u00e4letavad ka lihtsalt uusi l\u00f5hnu, maitseid, v\u00e4rve ja helisid. Drottninggatani t\u00e4nav StockholmisKohtumine&hellip;<\/p>\n","protected":false},"author":1,"featured_media":10522,"comment_status":"open","ping_status":"open","sticky":false,"template":"","format":"standard","meta":{"_monsterinsights_skip_tracking":false,"_monsterinsights_sitenote_active":false,"_monsterinsights_sitenote_note":"","_monsterinsights_sitenote_category":0,"jetpack_post_was_ever_published":false,"_jetpack_newsletter_access":"","_jetpack_dont_email_post_to_subs":false,"_jetpack_newsletter_tier_id":0,"_jetpack_memberships_contains_paywalled_content":false,"_jetpack_memberships_contains_paid_content":false,"footnotes":""},"categories":[5],"tags":[],"class_list":["post-10519","post","type-post","status-publish","format-standard","has-post-thumbnail","hentry","category-museaal"],"yoast_head":"<!-- This site is optimized with the Yoast SEO plugin v27.5 - https:\/\/yoast.com\/product\/yoast-seo-wordpress\/ -->\n<title>\u201eSaksamaa oli kui muinasjutt\u2026.\u201c - Eesti Rahva Muuseumi ajaveeb<\/title>\n<meta name=\"robots\" content=\"index, follow, max-snippet:-1, max-image-preview:large, max-video-preview:-1\" \/>\n<link rel=\"canonical\" href=\"https:\/\/blog.erm.ee\/?p=10519\" \/>\n<meta property=\"og:locale\" content=\"et_EE\" \/>\n<meta property=\"og:type\" content=\"article\" \/>\n<meta property=\"og:title\" content=\"\u201eSaksamaa oli kui muinasjutt\u2026.\u201c - Eesti Rahva Muuseumi ajaveeb\" \/>\n<meta property=\"og:description\" content=\"K\u00fclli Lupkin, projektijuht Piiride avanemine ja soov maailma n\u00e4ha viis paljud eestimaalased 1990. aastatel r\u00e4ndama. Esimesed muljed v\u00e4lismaast on paljudel siiamaani eredalt meeles. M\u00f5nda pani imestama kaubarohkus poodides ja reklaamidest kirev t\u00e4navapilt, m\u00f5ne v\u00f5tsid hingetuks v\u00e4lismaised autod, m\u00f5ne loodus ja arhitektuur, aga paljud m\u00e4letavad ka lihtsalt uusi l\u00f5hnu, maitseid, v\u00e4rve ja helisid. Drottninggatani t\u00e4nav StockholmisKohtumine&hellip;\" \/>\n<meta property=\"og:url\" content=\"https:\/\/blog.erm.ee\/?p=10519\" \/>\n<meta property=\"og:site_name\" content=\"Eesti Rahva Muuseumi ajaveeb\" \/>\n<meta property=\"article:published_time\" content=\"2017-10-19T05:24:55+00:00\" \/>\n<meta property=\"article:modified_time\" content=\"2017-10-19T09:59:59+00:00\" \/>\n<meta property=\"og:image\" content=\"https:\/\/blog.erm.ee\/wp-content\/uploads\/2017\/10\/blogisse_.jpg\" \/>\n\t<meta property=\"og:image:width\" content=\"1200\" \/>\n\t<meta property=\"og:image:height\" content=\"675\" \/>\n\t<meta property=\"og:image:type\" content=\"image\/jpeg\" \/>\n<meta name=\"author\" content=\"Eesti Rahva Muuseum\" \/>\n<meta name=\"twitter:card\" content=\"summary_large_image\" \/>\n<meta name=\"twitter:label1\" content=\"Written by\" \/>\n\t<meta name=\"twitter:data1\" content=\"Eesti Rahva Muuseum\" \/>\n\t<meta name=\"twitter:label2\" content=\"Est. reading time\" \/>\n\t<meta name=\"twitter:data2\" content=\"6 minutit\" \/>\n<script type=\"application\/ld+json\" class=\"yoast-schema-graph\">{\"@context\":\"https:\\\/\\\/schema.org\",\"@graph\":[{\"@type\":\"Article\",\"@id\":\"https:\\\/\\\/blog.erm.ee\\\/?p=10519#article\",\"isPartOf\":{\"@id\":\"https:\\\/\\\/blog.erm.ee\\\/?p=10519\"},\"author\":{\"name\":\"Eesti Rahva Muuseum\",\"@id\":\"https:\\\/\\\/blog.erm.ee\\\/#\\\/schema\\\/person\\\/6e98c391cb00a33e7c22a3571e062114\"},\"headline\":\"\u201eSaksamaa oli kui muinasjutt\u2026.\u201c\",\"datePublished\":\"2017-10-19T05:24:55+00:00\",\"dateModified\":\"2017-10-19T09:59:59+00:00\",\"mainEntityOfPage\":{\"@id\":\"https:\\\/\\\/blog.erm.ee\\\/?p=10519\"},\"wordCount\":1133,\"commentCount\":0,\"image\":{\"@id\":\"https:\\\/\\\/blog.erm.ee\\\/?p=10519#primaryimage\"},\"thumbnailUrl\":\"https:\\\/\\\/blog.erm.ee\\\/wp-content\\\/uploads\\\/2017\\\/10\\\/blogisse_.jpg\",\"articleSection\":[\"Museaal\"],\"inLanguage\":\"et\",\"potentialAction\":[{\"@type\":\"CommentAction\",\"name\":\"Comment\",\"target\":[\"https:\\\/\\\/blog.erm.ee\\\/?p=10519#respond\"]}]},{\"@type\":\"WebPage\",\"@id\":\"https:\\\/\\\/blog.erm.ee\\\/?p=10519\",\"url\":\"https:\\\/\\\/blog.erm.ee\\\/?p=10519\",\"name\":\"\u201eSaksamaa oli kui muinasjutt\u2026.\u201c - Eesti Rahva Muuseumi ajaveeb\",\"isPartOf\":{\"@id\":\"https:\\\/\\\/blog.erm.ee\\\/#website\"},\"primaryImageOfPage\":{\"@id\":\"https:\\\/\\\/blog.erm.ee\\\/?p=10519#primaryimage\"},\"image\":{\"@id\":\"https:\\\/\\\/blog.erm.ee\\\/?p=10519#primaryimage\"},\"thumbnailUrl\":\"https:\\\/\\\/blog.erm.ee\\\/wp-content\\\/uploads\\\/2017\\\/10\\\/blogisse_.jpg\",\"datePublished\":\"2017-10-19T05:24:55+00:00\",\"dateModified\":\"2017-10-19T09:59:59+00:00\",\"author\":{\"@id\":\"https:\\\/\\\/blog.erm.ee\\\/#\\\/schema\\\/person\\\/6e98c391cb00a33e7c22a3571e062114\"},\"breadcrumb\":{\"@id\":\"https:\\\/\\\/blog.erm.ee\\\/?p=10519#breadcrumb\"},\"inLanguage\":\"et\",\"potentialAction\":[{\"@type\":\"ReadAction\",\"target\":[\"https:\\\/\\\/blog.erm.ee\\\/?p=10519\"]}]},{\"@type\":\"ImageObject\",\"inLanguage\":\"et\",\"@id\":\"https:\\\/\\\/blog.erm.ee\\\/?p=10519#primaryimage\",\"url\":\"https:\\\/\\\/blog.erm.ee\\\/wp-content\\\/uploads\\\/2017\\\/10\\\/blogisse_.jpg\",\"contentUrl\":\"https:\\\/\\\/blog.erm.ee\\\/wp-content\\\/uploads\\\/2017\\\/10\\\/blogisse_.jpg\",\"width\":1200,\"height\":675},{\"@type\":\"BreadcrumbList\",\"@id\":\"https:\\\/\\\/blog.erm.ee\\\/?p=10519#breadcrumb\",\"itemListElement\":[{\"@type\":\"ListItem\",\"position\":1,\"name\":\"Home\",\"item\":\"https:\\\/\\\/blog.erm.ee\\\/\"},{\"@type\":\"ListItem\",\"position\":2,\"name\":\"\u201eSaksamaa oli kui muinasjutt\u2026.\u201c\"}]},{\"@type\":\"WebSite\",\"@id\":\"https:\\\/\\\/blog.erm.ee\\\/#website\",\"url\":\"https:\\\/\\\/blog.erm.ee\\\/\",\"name\":\"Eesti Rahva Muuseumi ajaveeb\",\"description\":\"\",\"potentialAction\":[{\"@type\":\"SearchAction\",\"target\":{\"@type\":\"EntryPoint\",\"urlTemplate\":\"https:\\\/\\\/blog.erm.ee\\\/?s={search_term_string}\"},\"query-input\":{\"@type\":\"PropertyValueSpecification\",\"valueRequired\":true,\"valueName\":\"search_term_string\"}}],\"inLanguage\":\"et\"},{\"@type\":\"Person\",\"@id\":\"https:\\\/\\\/blog.erm.ee\\\/#\\\/schema\\\/person\\\/6e98c391cb00a33e7c22a3571e062114\",\"name\":\"Eesti Rahva Muuseum\",\"image\":{\"@type\":\"ImageObject\",\"inLanguage\":\"et\",\"@id\":\"https:\\\/\\\/secure.gravatar.com\\\/avatar\\\/cb6d9ad5fb49f3f7315028ce5fe60641075f2cb52b8a058ff5a985fa2d8c1da0?s=96&d=mm&r=g\",\"url\":\"https:\\\/\\\/secure.gravatar.com\\\/avatar\\\/cb6d9ad5fb49f3f7315028ce5fe60641075f2cb52b8a058ff5a985fa2d8c1da0?s=96&d=mm&r=g\",\"contentUrl\":\"https:\\\/\\\/secure.gravatar.com\\\/avatar\\\/cb6d9ad5fb49f3f7315028ce5fe60641075f2cb52b8a058ff5a985fa2d8c1da0?s=96&d=mm&r=g\",\"caption\":\"Eesti Rahva Muuseum\"},\"sameAs\":[\"http:\\\/\\\/www.erm.ee\"],\"url\":\"https:\\\/\\\/blog.erm.ee\\\/?author=1\"}]}<\/script>\n<!-- \/ Yoast SEO plugin. -->","yoast_head_json":{"title":"\u201eSaksamaa oli kui muinasjutt\u2026.\u201c - Eesti Rahva Muuseumi ajaveeb","robots":{"index":"index","follow":"follow","max-snippet":"max-snippet:-1","max-image-preview":"max-image-preview:large","max-video-preview":"max-video-preview:-1"},"canonical":"https:\/\/blog.erm.ee\/?p=10519","og_locale":"et_EE","og_type":"article","og_title":"\u201eSaksamaa oli kui muinasjutt\u2026.\u201c - Eesti Rahva Muuseumi ajaveeb","og_description":"K\u00fclli Lupkin, projektijuht Piiride avanemine ja soov maailma n\u00e4ha viis paljud eestimaalased 1990. aastatel r\u00e4ndama. Esimesed muljed v\u00e4lismaast on paljudel siiamaani eredalt meeles. M\u00f5nda pani imestama kaubarohkus poodides ja reklaamidest kirev t\u00e4navapilt, m\u00f5ne v\u00f5tsid hingetuks v\u00e4lismaised autod, m\u00f5ne loodus ja arhitektuur, aga paljud m\u00e4letavad ka lihtsalt uusi l\u00f5hnu, maitseid, v\u00e4rve ja helisid. Drottninggatani t\u00e4nav StockholmisKohtumine&hellip;","og_url":"https:\/\/blog.erm.ee\/?p=10519","og_site_name":"Eesti Rahva Muuseumi ajaveeb","article_published_time":"2017-10-19T05:24:55+00:00","article_modified_time":"2017-10-19T09:59:59+00:00","og_image":[{"width":1200,"height":675,"url":"https:\/\/blog.erm.ee\/wp-content\/uploads\/2017\/10\/blogisse_.jpg","type":"image\/jpeg"}],"author":"Eesti Rahva Muuseum","twitter_card":"summary_large_image","twitter_misc":{"Written by":"Eesti Rahva Muuseum","Est. reading time":"6 minutit"},"schema":{"@context":"https:\/\/schema.org","@graph":[{"@type":"Article","@id":"https:\/\/blog.erm.ee\/?p=10519#article","isPartOf":{"@id":"https:\/\/blog.erm.ee\/?p=10519"},"author":{"name":"Eesti Rahva Muuseum","@id":"https:\/\/blog.erm.ee\/#\/schema\/person\/6e98c391cb00a33e7c22a3571e062114"},"headline":"\u201eSaksamaa oli kui muinasjutt\u2026.\u201c","datePublished":"2017-10-19T05:24:55+00:00","dateModified":"2017-10-19T09:59:59+00:00","mainEntityOfPage":{"@id":"https:\/\/blog.erm.ee\/?p=10519"},"wordCount":1133,"commentCount":0,"image":{"@id":"https:\/\/blog.erm.ee\/?p=10519#primaryimage"},"thumbnailUrl":"https:\/\/blog.erm.ee\/wp-content\/uploads\/2017\/10\/blogisse_.jpg","articleSection":["Museaal"],"inLanguage":"et","potentialAction":[{"@type":"CommentAction","name":"Comment","target":["https:\/\/blog.erm.ee\/?p=10519#respond"]}]},{"@type":"WebPage","@id":"https:\/\/blog.erm.ee\/?p=10519","url":"https:\/\/blog.erm.ee\/?p=10519","name":"\u201eSaksamaa oli kui muinasjutt\u2026.\u201c - Eesti Rahva Muuseumi ajaveeb","isPartOf":{"@id":"https:\/\/blog.erm.ee\/#website"},"primaryImageOfPage":{"@id":"https:\/\/blog.erm.ee\/?p=10519#primaryimage"},"image":{"@id":"https:\/\/blog.erm.ee\/?p=10519#primaryimage"},"thumbnailUrl":"https:\/\/blog.erm.ee\/wp-content\/uploads\/2017\/10\/blogisse_.jpg","datePublished":"2017-10-19T05:24:55+00:00","dateModified":"2017-10-19T09:59:59+00:00","author":{"@id":"https:\/\/blog.erm.ee\/#\/schema\/person\/6e98c391cb00a33e7c22a3571e062114"},"breadcrumb":{"@id":"https:\/\/blog.erm.ee\/?p=10519#breadcrumb"},"inLanguage":"et","potentialAction":[{"@type":"ReadAction","target":["https:\/\/blog.erm.ee\/?p=10519"]}]},{"@type":"ImageObject","inLanguage":"et","@id":"https:\/\/blog.erm.ee\/?p=10519#primaryimage","url":"https:\/\/blog.erm.ee\/wp-content\/uploads\/2017\/10\/blogisse_.jpg","contentUrl":"https:\/\/blog.erm.ee\/wp-content\/uploads\/2017\/10\/blogisse_.jpg","width":1200,"height":675},{"@type":"BreadcrumbList","@id":"https:\/\/blog.erm.ee\/?p=10519#breadcrumb","itemListElement":[{"@type":"ListItem","position":1,"name":"Home","item":"https:\/\/blog.erm.ee\/"},{"@type":"ListItem","position":2,"name":"\u201eSaksamaa oli kui muinasjutt\u2026.\u201c"}]},{"@type":"WebSite","@id":"https:\/\/blog.erm.ee\/#website","url":"https:\/\/blog.erm.ee\/","name":"Eesti Rahva Muuseumi ajaveeb","description":"","potentialAction":[{"@type":"SearchAction","target":{"@type":"EntryPoint","urlTemplate":"https:\/\/blog.erm.ee\/?s={search_term_string}"},"query-input":{"@type":"PropertyValueSpecification","valueRequired":true,"valueName":"search_term_string"}}],"inLanguage":"et"},{"@type":"Person","@id":"https:\/\/blog.erm.ee\/#\/schema\/person\/6e98c391cb00a33e7c22a3571e062114","name":"Eesti Rahva Muuseum","image":{"@type":"ImageObject","inLanguage":"et","@id":"https:\/\/secure.gravatar.com\/avatar\/cb6d9ad5fb49f3f7315028ce5fe60641075f2cb52b8a058ff5a985fa2d8c1da0?s=96&d=mm&r=g","url":"https:\/\/secure.gravatar.com\/avatar\/cb6d9ad5fb49f3f7315028ce5fe60641075f2cb52b8a058ff5a985fa2d8c1da0?s=96&d=mm&r=g","contentUrl":"https:\/\/secure.gravatar.com\/avatar\/cb6d9ad5fb49f3f7315028ce5fe60641075f2cb52b8a058ff5a985fa2d8c1da0?s=96&d=mm&r=g","caption":"Eesti Rahva Muuseum"},"sameAs":["http:\/\/www.erm.ee"],"url":"https:\/\/blog.erm.ee\/?author=1"}]}},"jetpack_featured_media_url":"https:\/\/blog.erm.ee\/wp-content\/uploads\/2017\/10\/blogisse_.jpg","jetpack_shortlink":"https:\/\/wp.me\/p2l9Zd-2JF","jetpack_sharing_enabled":true,"jetpack_likes_enabled":true,"_links":{"self":[{"href":"https:\/\/blog.erm.ee\/index.php?rest_route=\/wp\/v2\/posts\/10519","targetHints":{"allow":["GET"]}}],"collection":[{"href":"https:\/\/blog.erm.ee\/index.php?rest_route=\/wp\/v2\/posts"}],"about":[{"href":"https:\/\/blog.erm.ee\/index.php?rest_route=\/wp\/v2\/types\/post"}],"author":[{"embeddable":true,"href":"https:\/\/blog.erm.ee\/index.php?rest_route=\/wp\/v2\/users\/1"}],"replies":[{"embeddable":true,"href":"https:\/\/blog.erm.ee\/index.php?rest_route=%2Fwp%2Fv2%2Fcomments&post=10519"}],"version-history":[{"count":6,"href":"https:\/\/blog.erm.ee\/index.php?rest_route=\/wp\/v2\/posts\/10519\/revisions"}],"predecessor-version":[{"id":10531,"href":"https:\/\/blog.erm.ee\/index.php?rest_route=\/wp\/v2\/posts\/10519\/revisions\/10531"}],"wp:featuredmedia":[{"embeddable":true,"href":"https:\/\/blog.erm.ee\/index.php?rest_route=\/wp\/v2\/media\/10522"}],"wp:attachment":[{"href":"https:\/\/blog.erm.ee\/index.php?rest_route=%2Fwp%2Fv2%2Fmedia&parent=10519"}],"wp:term":[{"taxonomy":"category","embeddable":true,"href":"https:\/\/blog.erm.ee\/index.php?rest_route=%2Fwp%2Fv2%2Fcategories&post=10519"},{"taxonomy":"post_tag","embeddable":true,"href":"https:\/\/blog.erm.ee\/index.php?rest_route=%2Fwp%2Fv2%2Ftags&post=10519"}],"curies":[{"name":"wp","href":"https:\/\/api.w.org\/{rel}","templated":true}]}}