{"id":10359,"date":"2017-09-28T06:38:07","date_gmt":"2017-09-28T03:38:07","guid":{"rendered":"http:\/\/blog.erm.ee\/?p=10359"},"modified":"2017-09-28T06:38:07","modified_gmt":"2017-09-28T03:38:07","slug":"kukerpillide-juured","status":"publish","type":"post","link":"https:\/\/blog.erm.ee\/?p=10359","title":{"rendered":"Kukerpillide juured"},"content":{"rendered":"<div class=\"fcbkbttn_buttons_block\" id=\"fcbkbttn_left\"><div class=\"fcbkbttn_like \"><fb:like href=\"https:\/\/blog.erm.ee\/?p=10359\" action=\"like\" colorscheme=\"light\" layout=\"standard\"  width=\"225px\" size=\"small\"><\/fb:like><\/div><div class=\"fb-share-button  \" data-href=\"https:\/\/blog.erm.ee\/?p=10359\" data-type=\"button\" data-size=\"small\"><\/div><\/div><p><em>Kaarel Tarand, avalike ja v\u00e4lissuhete juht<\/em><\/p>\n<p>Et saada ilmakuulsaks folkmuusikuks, peab alustama allikatest. Ja kus need mujal on kui etnograafias. T\u00f5endid selle kohta, kuidas etnograafiline aines imes kogu eluks enda juurde Kukerpillide muusiku Toomas K\u00f5rvitsa, asuvad Eesti Rahva Muuseumi rikkalikes kogudes.<\/p>\n<p>1971. aastal Saaremaal toimunud v\u00e4lit\u00f6\u00f6del on Toomas K\u00f5rvits koos Lembit L\u00f5hmusega \u00e4ra m\u00f5\u00f5distanud ja \u00fcles joonistanud hulga taluhooneid ja seal leidunud esemeid ja k\u00fcllap nii m\u00f5nigi neist on hiljem leidnud tee ka \u201elaulu sisse\u201c, kust enam v\u00e4lja ei saa.<\/p>\n<p><a href=\"https:\/\/blog.erm.ee\/wp-content\/uploads\/2017\/09\/015890_ERM_EJ_310_69.jpg\"><img loading=\"lazy\" decoding=\"async\" data-attachment-id=\"10392\" data-permalink=\"https:\/\/blog.erm.ee\/?attachment_id=10392#main\" data-orig-file=\"https:\/\/blog.erm.ee\/wp-content\/uploads\/2017\/09\/015890_ERM_EJ_310_69.jpg\" data-orig-size=\"1200,829\" data-comments-opened=\"1\" data-image-meta=\"{&quot;aperture&quot;:&quot;0&quot;,&quot;credit&quot;:&quot;&quot;,&quot;camera&quot;:&quot;&quot;,&quot;caption&quot;:&quot;[#Beginning of Shooting Data Section]\\rNikon D70\\rFocal Length: 42mm\\rOptimize Image: Custom\\rColor Mode: Mode II (Adobe RGB)\\rNoise Reduction: OFF\\r2007\/01\/15 15:01:02.7\\rExposure Mode: Manual\\rWhite Balance: Preset\\rTone Comp: Auto\\rRAW (12-bit) Lossless\\rMetering Mode: Multi-Pattern\\rAF Mode: AF-S\\rHue Adjustment: 0\\u00b0\\rImage Size:  Large (3008 x 2000)\\r1\/30 sec - F\/8\\rFlash Sync Mode: Not Attached\\rSaturation:  Normal\\rExposure Comp.: 0 EV\\rSharpening: None\\rLens: 24-60mm F\/2.8 D\\rSensitivity: ISO 200\\rImage Comment:                                     \\r[#End of Shooting Data Section]&quot;,&quot;created_timestamp&quot;:&quot;1168873262&quot;,&quot;copyright&quot;:&quot;&quot;,&quot;focal_length&quot;:&quot;0&quot;,&quot;iso&quot;:&quot;0&quot;,&quot;shutter_speed&quot;:&quot;0&quot;,&quot;title&quot;:&quot;&quot;,&quot;orientation&quot;:&quot;0&quot;}\" data-image-title=\"015890_ERM_EJ_310_69\" data-image-description=\"\" data-image-caption=\"&lt;p&gt;[#Beginning of Shooting Data Section]&lt;br \/&gt;\nNikon D70&lt;br \/&gt;\nFocal Length: 42mm&lt;br \/&gt;\nOptimize Image: Custom&lt;br \/&gt;\nColor Mode: Mode II (Adobe RGB)&lt;br \/&gt;\nNoise Reduction: OFF&lt;br \/&gt;\n2007\/01\/15 15:01:02.7&lt;br \/&gt;\nExposure Mode: Manual&lt;br \/&gt;\nWhite Balance: Preset&lt;br \/&gt;\nTone Comp: Auto&lt;br \/&gt;\nRAW (12-bit) Lossless&lt;br \/&gt;\nMetering Mode: Multi-Pattern&lt;br \/&gt;\nAF Mode: AF-S&lt;br \/&gt;\nHue Adjustment: 0\u00b0&lt;br \/&gt;\nImage Size:  Large (3008 x 2000)&lt;br \/&gt;\n1\/30 sec &amp;#8211; F\/8&lt;br \/&gt;\nFlash Sync Mode: Not Attached&lt;br \/&gt;\nSaturation:  Normal&lt;br \/&gt;\nExposure Comp.: 0 EV&lt;br \/&gt;\nSharpening: None&lt;br \/&gt;\nLens: 24-60mm F\/2.8 D&lt;br \/&gt;\nSensitivity: ISO 200&lt;br \/&gt;\nImage Comment:&lt;br \/&gt;\n[#End of Shooting Data Section]&lt;\/p&gt;\n\" data-large-file=\"https:\/\/blog.erm.ee\/wp-content\/uploads\/2017\/09\/015890_ERM_EJ_310_69-1024x707.jpg\" class=\"size-large wp-image-10392\" src=\"https:\/\/blog.erm.ee\/wp-content\/uploads\/2017\/09\/015890_ERM_EJ_310_69-1024x707.jpg\" alt=\"\" width=\"700\" height=\"483\" srcset=\"https:\/\/blog.erm.ee\/wp-content\/uploads\/2017\/09\/015890_ERM_EJ_310_69-1024x707.jpg 1024w, https:\/\/blog.erm.ee\/wp-content\/uploads\/2017\/09\/015890_ERM_EJ_310_69-376x260.jpg 376w, https:\/\/blog.erm.ee\/wp-content\/uploads\/2017\/09\/015890_ERM_EJ_310_69-300x207.jpg 300w, https:\/\/blog.erm.ee\/wp-content\/uploads\/2017\/09\/015890_ERM_EJ_310_69-768x531.jpg 768w, https:\/\/blog.erm.ee\/wp-content\/uploads\/2017\/09\/015890_ERM_EJ_310_69.jpg 1200w\" sizes=\"auto, (max-width: 700px) 100vw, 700px\" \/><\/a><em>Tuhlise tuba, varn, ahi ja k\u00e4sikivid. M\u00f5\u00f5distanud ja joonistanud Toomas K\u00f5rvits ja Lembit L\u00f5hmus, 1971. a.\u00a0ERM EJ 310:69<\/em><\/p>\n<p><a href=\"https:\/\/blog.erm.ee\/wp-content\/uploads\/2017\/09\/015892_ERM_EJ_310_71.jpg\"><img loading=\"lazy\" decoding=\"async\" data-attachment-id=\"10402\" data-permalink=\"https:\/\/blog.erm.ee\/?attachment_id=10402#main\" data-orig-file=\"https:\/\/blog.erm.ee\/wp-content\/uploads\/2017\/09\/015892_ERM_EJ_310_71.jpg\" data-orig-size=\"1200,838\" data-comments-opened=\"1\" data-image-meta=\"{&quot;aperture&quot;:&quot;0&quot;,&quot;credit&quot;:&quot;&quot;,&quot;camera&quot;:&quot;&quot;,&quot;caption&quot;:&quot;[#Beginning of Shooting Data Section]\\rNikon D70\\rFocal Length: 42mm\\rOptimize Image: Custom\\rColor Mode: Mode II (Adobe RGB)\\rNoise Reduction: OFF\\r2007\/01\/15 15:01:54.1\\rExposure Mode: Manual\\rWhite Balance: Preset\\rTone Comp: Auto\\rRAW (12-bit) Lossless\\rMetering Mode: Multi-Pattern\\rAF Mode: AF-S\\rHue Adjustment: 0\\u00b0\\rImage Size:  Large (3008 x 2000)\\r1\/30 sec - F\/8\\rFlash Sync Mode: Not Attached\\rSaturation:  Normal\\rExposure Comp.: 0 EV\\rSharpening: None\\rLens: 24-60mm F\/2.8 D\\rSensitivity: ISO 200\\rImage Comment:                                     \\r[#End of Shooting Data Section]&quot;,&quot;created_timestamp&quot;:&quot;1168873314&quot;,&quot;copyright&quot;:&quot;&quot;,&quot;focal_length&quot;:&quot;0&quot;,&quot;iso&quot;:&quot;0&quot;,&quot;shutter_speed&quot;:&quot;0&quot;,&quot;title&quot;:&quot;&quot;,&quot;orientation&quot;:&quot;0&quot;}\" data-image-title=\"015892_ERM_EJ_310_71\" data-image-description=\"\" data-image-caption=\"&lt;p&gt;[#Beginning of Shooting Data Section]&lt;br \/&gt;\nNikon D70&lt;br \/&gt;\nFocal Length: 42mm&lt;br \/&gt;\nOptimize Image: Custom&lt;br \/&gt;\nColor Mode: Mode II (Adobe RGB)&lt;br \/&gt;\nNoise Reduction: OFF&lt;br \/&gt;\n2007\/01\/15 15:01:54.1&lt;br \/&gt;\nExposure Mode: Manual&lt;br \/&gt;\nWhite Balance: Preset&lt;br \/&gt;\nTone Comp: Auto&lt;br \/&gt;\nRAW (12-bit) Lossless&lt;br \/&gt;\nMetering Mode: Multi-Pattern&lt;br \/&gt;\nAF Mode: AF-S&lt;br \/&gt;\nHue Adjustment: 0\u00b0&lt;br \/&gt;\nImage Size:  Large (3008 x 2000)&lt;br \/&gt;\n1\/30 sec &amp;#8211; F\/8&lt;br \/&gt;\nFlash Sync Mode: Not Attached&lt;br \/&gt;\nSaturation:  Normal&lt;br \/&gt;\nExposure Comp.: 0 EV&lt;br \/&gt;\nSharpening: None&lt;br \/&gt;\nLens: 24-60mm F\/2.8 D&lt;br \/&gt;\nSensitivity: ISO 200&lt;br \/&gt;\nImage Comment:&lt;br \/&gt;\n[#End of Shooting Data Section]&lt;\/p&gt;\n\" data-large-file=\"https:\/\/blog.erm.ee\/wp-content\/uploads\/2017\/09\/015892_ERM_EJ_310_71-1024x715.jpg\" class=\"size-large wp-image-10402\" src=\"https:\/\/blog.erm.ee\/wp-content\/uploads\/2017\/09\/015892_ERM_EJ_310_71-1024x715.jpg\" alt=\"\" width=\"700\" height=\"489\" srcset=\"https:\/\/blog.erm.ee\/wp-content\/uploads\/2017\/09\/015892_ERM_EJ_310_71-1024x715.jpg 1024w, https:\/\/blog.erm.ee\/wp-content\/uploads\/2017\/09\/015892_ERM_EJ_310_71-372x260.jpg 372w, https:\/\/blog.erm.ee\/wp-content\/uploads\/2017\/09\/015892_ERM_EJ_310_71-300x210.jpg 300w, https:\/\/blog.erm.ee\/wp-content\/uploads\/2017\/09\/015892_ERM_EJ_310_71-768x536.jpg 768w, https:\/\/blog.erm.ee\/wp-content\/uploads\/2017\/09\/015892_ERM_EJ_310_71.jpg 1200w\" sizes=\"auto, (max-width: 700px) 100vw, 700px\" \/><\/a><em>K\u00f5rvalhoone (ait-laut). M\u00f5\u00f5distanud ja joonistanud Toomas K\u00f5rvits ja Lembit L\u00f5hmus, 1971. a. ERM EJ 310:71<\/em><\/p>\n<p><a href=\"https:\/\/blog.erm.ee\/wp-content\/uploads\/2017\/09\/015893_ERM_EJ_310_72.jpg\"><img loading=\"lazy\" decoding=\"async\" data-attachment-id=\"10403\" data-permalink=\"https:\/\/blog.erm.ee\/?attachment_id=10403#main\" data-orig-file=\"https:\/\/blog.erm.ee\/wp-content\/uploads\/2017\/09\/015893_ERM_EJ_310_72.jpg\" data-orig-size=\"1200,840\" data-comments-opened=\"1\" data-image-meta=\"{&quot;aperture&quot;:&quot;0&quot;,&quot;credit&quot;:&quot;&quot;,&quot;camera&quot;:&quot;&quot;,&quot;caption&quot;:&quot;[#Beginning of Shooting Data Section]\\rNikon D70\\rFocal Length: 42mm\\rOptimize Image: Custom\\rColor Mode: Mode II (Adobe RGB)\\rNoise Reduction: OFF\\r2007\/01\/15 15:02:11.7\\rExposure Mode: Manual\\rWhite Balance: Preset\\rTone Comp: Auto\\rRAW (12-bit) Lossless\\rMetering Mode: Multi-Pattern\\rAF Mode: AF-S\\rHue Adjustment: 0\\u00b0\\rImage Size:  Large (3008 x 2000)\\r1\/30 sec - F\/8\\rFlash Sync Mode: Not Attached\\rSaturation:  Normal\\rExposure Comp.: 0 EV\\rSharpening: None\\rLens: 24-60mm F\/2.8 D\\rSensitivity: ISO 200\\rImage Comment:                                     \\r[#End of Shooting Data Section]&quot;,&quot;created_timestamp&quot;:&quot;1168873331&quot;,&quot;copyright&quot;:&quot;&quot;,&quot;focal_length&quot;:&quot;0&quot;,&quot;iso&quot;:&quot;0&quot;,&quot;shutter_speed&quot;:&quot;0&quot;,&quot;title&quot;:&quot;&quot;,&quot;orientation&quot;:&quot;0&quot;}\" data-image-title=\"015893_ERM_EJ_310_72\" data-image-description=\"\" data-image-caption=\"&lt;p&gt;[#Beginning of Shooting Data Section]&lt;br \/&gt;\nNikon D70&lt;br \/&gt;\nFocal Length: 42mm&lt;br \/&gt;\nOptimize Image: Custom&lt;br \/&gt;\nColor Mode: Mode II (Adobe RGB)&lt;br \/&gt;\nNoise Reduction: OFF&lt;br \/&gt;\n2007\/01\/15 15:02:11.7&lt;br \/&gt;\nExposure Mode: Manual&lt;br \/&gt;\nWhite Balance: Preset&lt;br \/&gt;\nTone Comp: Auto&lt;br \/&gt;\nRAW (12-bit) Lossless&lt;br \/&gt;\nMetering Mode: Multi-Pattern&lt;br \/&gt;\nAF Mode: AF-S&lt;br \/&gt;\nHue Adjustment: 0\u00b0&lt;br \/&gt;\nImage Size:  Large (3008 x 2000)&lt;br \/&gt;\n1\/30 sec &amp;#8211; F\/8&lt;br \/&gt;\nFlash Sync Mode: Not Attached&lt;br \/&gt;\nSaturation:  Normal&lt;br \/&gt;\nExposure Comp.: 0 EV&lt;br \/&gt;\nSharpening: None&lt;br \/&gt;\nLens: 24-60mm F\/2.8 D&lt;br \/&gt;\nSensitivity: ISO 200&lt;br \/&gt;\nImage Comment:&lt;br \/&gt;\n[#End of Shooting Data Section]&lt;\/p&gt;\n\" data-large-file=\"https:\/\/blog.erm.ee\/wp-content\/uploads\/2017\/09\/015893_ERM_EJ_310_72-1024x717.jpg\" class=\"size-large wp-image-10403\" src=\"https:\/\/blog.erm.ee\/wp-content\/uploads\/2017\/09\/015893_ERM_EJ_310_72-1024x717.jpg\" alt=\"\" width=\"700\" height=\"490\" srcset=\"https:\/\/blog.erm.ee\/wp-content\/uploads\/2017\/09\/015893_ERM_EJ_310_72-1024x717.jpg 1024w, https:\/\/blog.erm.ee\/wp-content\/uploads\/2017\/09\/015893_ERM_EJ_310_72-371x260.jpg 371w, https:\/\/blog.erm.ee\/wp-content\/uploads\/2017\/09\/015893_ERM_EJ_310_72-300x210.jpg 300w, https:\/\/blog.erm.ee\/wp-content\/uploads\/2017\/09\/015893_ERM_EJ_310_72-768x538.jpg 768w, https:\/\/blog.erm.ee\/wp-content\/uploads\/2017\/09\/015893_ERM_EJ_310_72.jpg 1200w\" sizes=\"auto, (max-width: 700px) 100vw, 700px\" \/><\/a><em>Ait. M\u00f5\u00f5distanud ja joonistanud Toomas K\u00f5rvits ja Lembit L\u00f5hmus, 1971. a. ERM EJ 310:72<\/em><\/p>\n<p><a href=\"https:\/\/blog.erm.ee\/wp-content\/uploads\/2017\/09\/015894_ERM_EJ_310_73.jpg\"><img loading=\"lazy\" decoding=\"async\" data-attachment-id=\"10404\" data-permalink=\"https:\/\/blog.erm.ee\/?attachment_id=10404#main\" data-orig-file=\"https:\/\/blog.erm.ee\/wp-content\/uploads\/2017\/09\/015894_ERM_EJ_310_73.jpg\" data-orig-size=\"1200,847\" data-comments-opened=\"1\" data-image-meta=\"{&quot;aperture&quot;:&quot;0&quot;,&quot;credit&quot;:&quot;&quot;,&quot;camera&quot;:&quot;&quot;,&quot;caption&quot;:&quot;[#Beginning of Shooting Data Section]\\rNikon D70\\rFocal Length: 42mm\\rOptimize Image: Custom\\rColor Mode: Mode II (Adobe RGB)\\rNoise Reduction: OFF\\r2007\/01\/15 15:02:32.9\\rExposure Mode: Manual\\rWhite Balance: Preset\\rTone Comp: Auto\\rRAW (12-bit) Lossless\\rMetering Mode: Multi-Pattern\\rAF Mode: AF-S\\rHue Adjustment: 0\\u00b0\\rImage Size:  Large (3008 x 2000)\\r1\/30 sec - F\/8\\rFlash Sync Mode: Not Attached\\rSaturation:  Normal\\rExposure Comp.: 0 EV\\rSharpening: None\\rLens: 24-60mm F\/2.8 D\\rSensitivity: ISO 200\\rImage Comment:                                     \\r[#End of Shooting Data Section]&quot;,&quot;created_timestamp&quot;:&quot;1168873352&quot;,&quot;copyright&quot;:&quot;&quot;,&quot;focal_length&quot;:&quot;0&quot;,&quot;iso&quot;:&quot;0&quot;,&quot;shutter_speed&quot;:&quot;0&quot;,&quot;title&quot;:&quot;&quot;,&quot;orientation&quot;:&quot;0&quot;}\" data-image-title=\"015894_ERM_EJ_310_73\" data-image-description=\"\" data-image-caption=\"&lt;p&gt;[#Beginning of Shooting Data Section]&lt;br \/&gt;\nNikon D70&lt;br \/&gt;\nFocal Length: 42mm&lt;br \/&gt;\nOptimize Image: Custom&lt;br \/&gt;\nColor Mode: Mode II (Adobe RGB)&lt;br \/&gt;\nNoise Reduction: OFF&lt;br \/&gt;\n2007\/01\/15 15:02:32.9&lt;br \/&gt;\nExposure Mode: Manual&lt;br \/&gt;\nWhite Balance: Preset&lt;br \/&gt;\nTone Comp: Auto&lt;br \/&gt;\nRAW (12-bit) Lossless&lt;br \/&gt;\nMetering Mode: Multi-Pattern&lt;br \/&gt;\nAF Mode: AF-S&lt;br \/&gt;\nHue Adjustment: 0\u00b0&lt;br \/&gt;\nImage Size:  Large (3008 x 2000)&lt;br \/&gt;\n1\/30 sec &amp;#8211; F\/8&lt;br \/&gt;\nFlash Sync Mode: Not Attached&lt;br \/&gt;\nSaturation:  Normal&lt;br \/&gt;\nExposure Comp.: 0 EV&lt;br \/&gt;\nSharpening: None&lt;br \/&gt;\nLens: 24-60mm F\/2.8 D&lt;br \/&gt;\nSensitivity: ISO 200&lt;br \/&gt;\nImage Comment:&lt;br \/&gt;\n[#End of Shooting Data Section]&lt;\/p&gt;\n\" data-large-file=\"https:\/\/blog.erm.ee\/wp-content\/uploads\/2017\/09\/015894_ERM_EJ_310_73-1024x723.jpg\" class=\"size-large wp-image-10404\" src=\"https:\/\/blog.erm.ee\/wp-content\/uploads\/2017\/09\/015894_ERM_EJ_310_73-1024x723.jpg\" alt=\"\" width=\"700\" height=\"494\" srcset=\"https:\/\/blog.erm.ee\/wp-content\/uploads\/2017\/09\/015894_ERM_EJ_310_73-1024x723.jpg 1024w, https:\/\/blog.erm.ee\/wp-content\/uploads\/2017\/09\/015894_ERM_EJ_310_73-368x260.jpg 368w, https:\/\/blog.erm.ee\/wp-content\/uploads\/2017\/09\/015894_ERM_EJ_310_73-300x212.jpg 300w, https:\/\/blog.erm.ee\/wp-content\/uploads\/2017\/09\/015894_ERM_EJ_310_73-768x542.jpg 768w, https:\/\/blog.erm.ee\/wp-content\/uploads\/2017\/09\/015894_ERM_EJ_310_73.jpg 1200w\" sizes=\"auto, (max-width: 700px) 100vw, 700px\" \/><\/a><em>Rehielamu. M\u00f5\u00f5distanud ja joonistanud Toomas K\u00f5rvits ja Lembit L\u00f5hmus, 1971. a. ERM EJ 310:73<\/em><\/p>\n<p><a href=\"https:\/\/blog.erm.ee\/wp-content\/uploads\/2017\/09\/015895_ERM_EJ_310_74.jpg\"><img loading=\"lazy\" decoding=\"async\" data-attachment-id=\"10405\" data-permalink=\"https:\/\/blog.erm.ee\/?attachment_id=10405#main\" data-orig-file=\"https:\/\/blog.erm.ee\/wp-content\/uploads\/2017\/09\/015895_ERM_EJ_310_74.jpg\" data-orig-size=\"1200,837\" data-comments-opened=\"1\" data-image-meta=\"{&quot;aperture&quot;:&quot;0&quot;,&quot;credit&quot;:&quot;&quot;,&quot;camera&quot;:&quot;&quot;,&quot;caption&quot;:&quot;[#Beginning of Shooting Data Section]\\rNikon D70\\rFocal Length: 42mm\\rOptimize Image: Custom\\rColor Mode: Mode II (Adobe RGB)\\rNoise Reduction: OFF\\r2007\/01\/15 15:02:49\\rExposure Mode: Manual\\rWhite Balance: Preset\\rTone Comp: Auto\\rRAW (12-bit) Lossless\\rMetering Mode: Multi-Pattern\\rAF Mode: AF-S\\rHue Adjustment: 0\\u00b0\\rImage Size:  Large (3008 x 2000)\\r1\/30 sec - F\/8\\rFlash Sync Mode: Not Attached\\rSaturation:  Normal\\rExposure Comp.: 0 EV\\rSharpening: None\\rLens: 24-60mm F\/2.8 D\\rSensitivity: ISO 200\\rImage Comment:                                     \\r[#End of Shooting Data Section]&quot;,&quot;created_timestamp&quot;:&quot;1168873369&quot;,&quot;copyright&quot;:&quot;&quot;,&quot;focal_length&quot;:&quot;0&quot;,&quot;iso&quot;:&quot;0&quot;,&quot;shutter_speed&quot;:&quot;0&quot;,&quot;title&quot;:&quot;&quot;,&quot;orientation&quot;:&quot;0&quot;}\" data-image-title=\"015895_ERM_EJ_310_74\" data-image-description=\"\" data-image-caption=\"&lt;p&gt;[#Beginning of Shooting Data Section]&lt;br \/&gt;\nNikon D70&lt;br \/&gt;\nFocal Length: 42mm&lt;br \/&gt;\nOptimize Image: Custom&lt;br \/&gt;\nColor Mode: Mode II (Adobe RGB)&lt;br \/&gt;\nNoise Reduction: OFF&lt;br \/&gt;\n2007\/01\/15 15:02:49&lt;br \/&gt;\nExposure Mode: Manual&lt;br \/&gt;\nWhite Balance: Preset&lt;br \/&gt;\nTone Comp: Auto&lt;br \/&gt;\nRAW (12-bit) Lossless&lt;br \/&gt;\nMetering Mode: Multi-Pattern&lt;br \/&gt;\nAF Mode: AF-S&lt;br \/&gt;\nHue Adjustment: 0\u00b0&lt;br \/&gt;\nImage Size:  Large (3008 x 2000)&lt;br \/&gt;\n1\/30 sec &amp;#8211; F\/8&lt;br \/&gt;\nFlash Sync Mode: Not Attached&lt;br \/&gt;\nSaturation:  Normal&lt;br \/&gt;\nExposure Comp.: 0 EV&lt;br \/&gt;\nSharpening: None&lt;br \/&gt;\nLens: 24-60mm F\/2.8 D&lt;br \/&gt;\nSensitivity: ISO 200&lt;br \/&gt;\nImage Comment:&lt;br \/&gt;\n[#End of Shooting Data Section]&lt;\/p&gt;\n\" data-large-file=\"https:\/\/blog.erm.ee\/wp-content\/uploads\/2017\/09\/015895_ERM_EJ_310_74-1024x714.jpg\" class=\"size-large wp-image-10405\" src=\"https:\/\/blog.erm.ee\/wp-content\/uploads\/2017\/09\/015895_ERM_EJ_310_74-1024x714.jpg\" alt=\"\" width=\"700\" height=\"488\" srcset=\"https:\/\/blog.erm.ee\/wp-content\/uploads\/2017\/09\/015895_ERM_EJ_310_74-1024x714.jpg 1024w, https:\/\/blog.erm.ee\/wp-content\/uploads\/2017\/09\/015895_ERM_EJ_310_74-373x260.jpg 373w, https:\/\/blog.erm.ee\/wp-content\/uploads\/2017\/09\/015895_ERM_EJ_310_74-300x209.jpg 300w, https:\/\/blog.erm.ee\/wp-content\/uploads\/2017\/09\/015895_ERM_EJ_310_74-768x536.jpg 768w, https:\/\/blog.erm.ee\/wp-content\/uploads\/2017\/09\/015895_ERM_EJ_310_74.jpg 1200w\" sizes=\"auto, (max-width: 700px) 100vw, 700px\" \/><\/a><em>K\u00f5rvalhoone (linnulaut-piimaait-viljaait). M\u00f5\u00f5distanud ja joonistanud Toomas K\u00f5rvits ja Lembit L\u00f5hmus, 1971. a. ERM EJ 310:74<\/em><\/p>\n<p><a href=\"https:\/\/blog.erm.ee\/wp-content\/uploads\/2017\/09\/015896_ERM_EJ_310_75-1.jpg\"><img loading=\"lazy\" decoding=\"async\" data-attachment-id=\"10406\" data-permalink=\"https:\/\/blog.erm.ee\/?attachment_id=10406#main\" data-orig-file=\"https:\/\/blog.erm.ee\/wp-content\/uploads\/2017\/09\/015896_ERM_EJ_310_75-1.jpg\" data-orig-size=\"1200,854\" data-comments-opened=\"1\" data-image-meta=\"{&quot;aperture&quot;:&quot;0&quot;,&quot;credit&quot;:&quot;&quot;,&quot;camera&quot;:&quot;&quot;,&quot;caption&quot;:&quot;[#Beginning of Shooting Data Section]\\rNikon D70\\rFocal Length: 42mm\\rOptimize Image: Custom\\rColor Mode: Mode II (Adobe RGB)\\rNoise Reduction: OFF\\r2007\/01\/15 15:03:06.1\\rExposure Mode: Manual\\rWhite Balance: Preset\\rTone Comp: Auto\\rRAW (12-bit) Lossless\\rMetering Mode: Multi-Pattern\\rAF Mode: AF-S\\rHue Adjustment: 0\\u00b0\\rImage Size:  Large (3008 x 2000)\\r1\/30 sec - F\/8\\rFlash Sync Mode: Not Attached\\rSaturation:  Normal\\rExposure Comp.: 0 EV\\rSharpening: None\\rLens: 24-60mm F\/2.8 D\\rSensitivity: ISO 200\\rImage Comment:                                     \\r[#End of Shooting Data Section]&quot;,&quot;created_timestamp&quot;:&quot;1168873386&quot;,&quot;copyright&quot;:&quot;&quot;,&quot;focal_length&quot;:&quot;0&quot;,&quot;iso&quot;:&quot;0&quot;,&quot;shutter_speed&quot;:&quot;0&quot;,&quot;title&quot;:&quot;&quot;,&quot;orientation&quot;:&quot;0&quot;}\" data-image-title=\"015896_ERM_EJ_310_75\" data-image-description=\"\" data-image-caption=\"&lt;p&gt;[#Beginning of Shooting Data Section]&lt;br \/&gt;\nNikon D70&lt;br \/&gt;\nFocal Length: 42mm&lt;br \/&gt;\nOptimize Image: Custom&lt;br \/&gt;\nColor Mode: Mode II (Adobe RGB)&lt;br \/&gt;\nNoise Reduction: OFF&lt;br \/&gt;\n2007\/01\/15 15:03:06.1&lt;br \/&gt;\nExposure Mode: Manual&lt;br \/&gt;\nWhite Balance: Preset&lt;br \/&gt;\nTone Comp: Auto&lt;br \/&gt;\nRAW (12-bit) Lossless&lt;br \/&gt;\nMetering Mode: Multi-Pattern&lt;br \/&gt;\nAF Mode: AF-S&lt;br \/&gt;\nHue Adjustment: 0\u00b0&lt;br \/&gt;\nImage Size:  Large (3008 x 2000)&lt;br \/&gt;\n1\/30 sec &amp;#8211; F\/8&lt;br \/&gt;\nFlash Sync Mode: Not Attached&lt;br \/&gt;\nSaturation:  Normal&lt;br \/&gt;\nExposure Comp.: 0 EV&lt;br \/&gt;\nSharpening: None&lt;br \/&gt;\nLens: 24-60mm F\/2.8 D&lt;br \/&gt;\nSensitivity: ISO 200&lt;br \/&gt;\nImage Comment:&lt;br \/&gt;\n[#End of Shooting Data Section]&lt;\/p&gt;\n\" data-large-file=\"https:\/\/blog.erm.ee\/wp-content\/uploads\/2017\/09\/015896_ERM_EJ_310_75-1-1024x729.jpg\" class=\"size-large wp-image-10406\" src=\"https:\/\/blog.erm.ee\/wp-content\/uploads\/2017\/09\/015896_ERM_EJ_310_75-1-1024x729.jpg\" alt=\"\" width=\"700\" height=\"498\" srcset=\"https:\/\/blog.erm.ee\/wp-content\/uploads\/2017\/09\/015896_ERM_EJ_310_75-1-1024x729.jpg 1024w, https:\/\/blog.erm.ee\/wp-content\/uploads\/2017\/09\/015896_ERM_EJ_310_75-1-365x260.jpg 365w, https:\/\/blog.erm.ee\/wp-content\/uploads\/2017\/09\/015896_ERM_EJ_310_75-1-300x214.jpg 300w, https:\/\/blog.erm.ee\/wp-content\/uploads\/2017\/09\/015896_ERM_EJ_310_75-1-768x547.jpg 768w, https:\/\/blog.erm.ee\/wp-content\/uploads\/2017\/09\/015896_ERM_EJ_310_75-1.jpg 1200w\" sizes=\"auto, (max-width: 700px) 100vw, 700px\" \/><\/a><em>Ait. M\u00f5\u00f5distanud ja joonistanud Toomas K\u00f5rvits ja Lembit L\u00f5hmus, 1971. a. ERM EJ 310:75<\/em><\/p>\n<p>Kukerpillid esinevad 1. oktoobril algusega kell 18 Eesti Rahva Muuseumi uue maja esimese t\u00f6\u00f6aasta t\u00e4itumist t\u00e4histaval rahvapeol. Vaata l\u00e4hemalt: <a href=\"http:\/\/www.erm.ee\/et\/events\/esimene-museaalne-aastaring\">http:\/\/www.erm.ee\/et\/events\/esimene-museaalne-aastaring<\/a><\/p>\n<div class=\"fcbkbttn_buttons_block\" id=\"fcbkbttn_left\"><div class=\"fcbkbttn_like \"><fb:like href=\"https:\/\/blog.erm.ee\/?p=10359\" action=\"like\" colorscheme=\"light\" layout=\"standard\"  width=\"225px\" size=\"small\"><\/fb:like><\/div><div class=\"fb-share-button  \" data-href=\"https:\/\/blog.erm.ee\/?p=10359\" data-type=\"button\" data-size=\"small\"><\/div><\/div>","protected":false},"excerpt":{"rendered":"<p>Kaarel Tarand, avalike ja v\u00e4lissuhete juht Et saada ilmakuulsaks folkmuusikuks, peab alustama allikatest. Ja kus need mujal on kui etnograafias. T\u00f5endid selle kohta, kuidas etnograafiline aines imes kogu eluks enda juurde Kukerpillide muusiku Toomas K\u00f5rvitsa, asuvad Eesti Rahva Muuseumi rikkalikes kogudes. 1971. aastal Saaremaal toimunud v\u00e4lit\u00f6\u00f6del on Toomas K\u00f5rvits koos Lembit L\u00f5hmusega \u00e4ra m\u00f5\u00f5distanud ja&hellip;<\/p>\n","protected":false},"author":1,"featured_media":10402,"comment_status":"open","ping_status":"open","sticky":false,"template":"","format":"standard","meta":{"_monsterinsights_skip_tracking":false,"_monsterinsights_sitenote_active":false,"_monsterinsights_sitenote_note":"","_monsterinsights_sitenote_category":0,"jetpack_post_was_ever_published":false,"_jetpack_newsletter_access":"","_jetpack_dont_email_post_to_subs":false,"_jetpack_newsletter_tier_id":0,"_jetpack_memberships_contains_paywalled_content":false,"_jetpack_memberships_contains_paid_content":false,"footnotes":""},"categories":[19],"tags":[],"class_list":["post-10359","post","type-post","status-publish","format-standard","has-post-thumbnail","hentry","category-sundmus"],"yoast_head":"<!-- This site is optimized with the Yoast SEO plugin v27.5 - https:\/\/yoast.com\/product\/yoast-seo-wordpress\/ -->\n<title>Kukerpillide juured - Eesti Rahva Muuseumi ajaveeb<\/title>\n<meta name=\"robots\" content=\"index, follow, max-snippet:-1, max-image-preview:large, max-video-preview:-1\" \/>\n<link rel=\"canonical\" href=\"https:\/\/blog.erm.ee\/?p=10359\" \/>\n<meta property=\"og:locale\" content=\"et_EE\" \/>\n<meta property=\"og:type\" content=\"article\" \/>\n<meta property=\"og:title\" content=\"Kukerpillide juured - Eesti Rahva Muuseumi ajaveeb\" \/>\n<meta property=\"og:description\" content=\"Kaarel Tarand, avalike ja v\u00e4lissuhete juht Et saada ilmakuulsaks folkmuusikuks, peab alustama allikatest. Ja kus need mujal on kui etnograafias. T\u00f5endid selle kohta, kuidas etnograafiline aines imes kogu eluks enda juurde Kukerpillide muusiku Toomas K\u00f5rvitsa, asuvad Eesti Rahva Muuseumi rikkalikes kogudes. 1971. aastal Saaremaal toimunud v\u00e4lit\u00f6\u00f6del on Toomas K\u00f5rvits koos Lembit L\u00f5hmusega \u00e4ra m\u00f5\u00f5distanud ja&hellip;\" \/>\n<meta property=\"og:url\" content=\"https:\/\/blog.erm.ee\/?p=10359\" \/>\n<meta property=\"og:site_name\" content=\"Eesti Rahva Muuseumi ajaveeb\" \/>\n<meta property=\"article:published_time\" content=\"2017-09-28T03:38:07+00:00\" \/>\n<meta property=\"og:image\" content=\"https:\/\/blog.erm.ee\/wp-content\/uploads\/2017\/09\/015892_ERM_EJ_310_71.jpg\" \/>\n\t<meta property=\"og:image:width\" content=\"1200\" \/>\n\t<meta property=\"og:image:height\" content=\"838\" \/>\n\t<meta property=\"og:image:type\" content=\"image\/jpeg\" \/>\n<meta name=\"author\" content=\"Eesti Rahva Muuseum\" \/>\n<meta name=\"twitter:card\" content=\"summary_large_image\" \/>\n<meta name=\"twitter:label1\" content=\"Written by\" \/>\n\t<meta name=\"twitter:data1\" content=\"Eesti Rahva Muuseum\" \/>\n\t<meta name=\"twitter:label2\" content=\"Est. reading time\" \/>\n\t<meta name=\"twitter:data2\" content=\"1 minut\" \/>\n<script type=\"application\/ld+json\" class=\"yoast-schema-graph\">{\"@context\":\"https:\\\/\\\/schema.org\",\"@graph\":[{\"@type\":\"Article\",\"@id\":\"https:\\\/\\\/blog.erm.ee\\\/?p=10359#article\",\"isPartOf\":{\"@id\":\"https:\\\/\\\/blog.erm.ee\\\/?p=10359\"},\"author\":{\"name\":\"Eesti Rahva Muuseum\",\"@id\":\"https:\\\/\\\/blog.erm.ee\\\/#\\\/schema\\\/person\\\/6e98c391cb00a33e7c22a3571e062114\"},\"headline\":\"Kukerpillide juured\",\"datePublished\":\"2017-09-28T03:38:07+00:00\",\"mainEntityOfPage\":{\"@id\":\"https:\\\/\\\/blog.erm.ee\\\/?p=10359\"},\"wordCount\":220,\"commentCount\":1,\"image\":{\"@id\":\"https:\\\/\\\/blog.erm.ee\\\/?p=10359#primaryimage\"},\"thumbnailUrl\":\"https:\\\/\\\/blog.erm.ee\\\/wp-content\\\/uploads\\\/2017\\\/09\\\/015892_ERM_EJ_310_71.jpg\",\"articleSection\":[\"S\u00fcndmus\"],\"inLanguage\":\"et\",\"potentialAction\":[{\"@type\":\"CommentAction\",\"name\":\"Comment\",\"target\":[\"https:\\\/\\\/blog.erm.ee\\\/?p=10359#respond\"]}]},{\"@type\":\"WebPage\",\"@id\":\"https:\\\/\\\/blog.erm.ee\\\/?p=10359\",\"url\":\"https:\\\/\\\/blog.erm.ee\\\/?p=10359\",\"name\":\"Kukerpillide juured - Eesti Rahva Muuseumi ajaveeb\",\"isPartOf\":{\"@id\":\"https:\\\/\\\/blog.erm.ee\\\/#website\"},\"primaryImageOfPage\":{\"@id\":\"https:\\\/\\\/blog.erm.ee\\\/?p=10359#primaryimage\"},\"image\":{\"@id\":\"https:\\\/\\\/blog.erm.ee\\\/?p=10359#primaryimage\"},\"thumbnailUrl\":\"https:\\\/\\\/blog.erm.ee\\\/wp-content\\\/uploads\\\/2017\\\/09\\\/015892_ERM_EJ_310_71.jpg\",\"datePublished\":\"2017-09-28T03:38:07+00:00\",\"author\":{\"@id\":\"https:\\\/\\\/blog.erm.ee\\\/#\\\/schema\\\/person\\\/6e98c391cb00a33e7c22a3571e062114\"},\"breadcrumb\":{\"@id\":\"https:\\\/\\\/blog.erm.ee\\\/?p=10359#breadcrumb\"},\"inLanguage\":\"et\",\"potentialAction\":[{\"@type\":\"ReadAction\",\"target\":[\"https:\\\/\\\/blog.erm.ee\\\/?p=10359\"]}]},{\"@type\":\"ImageObject\",\"inLanguage\":\"et\",\"@id\":\"https:\\\/\\\/blog.erm.ee\\\/?p=10359#primaryimage\",\"url\":\"https:\\\/\\\/blog.erm.ee\\\/wp-content\\\/uploads\\\/2017\\\/09\\\/015892_ERM_EJ_310_71.jpg\",\"contentUrl\":\"https:\\\/\\\/blog.erm.ee\\\/wp-content\\\/uploads\\\/2017\\\/09\\\/015892_ERM_EJ_310_71.jpg\",\"width\":1200,\"height\":838,\"caption\":\"[#Beginning of Shooting Data Section] Nikon D70 Focal Length: 42mm Optimize Image: Custom Color Mode: Mode II (Adobe RGB) Noise Reduction: OFF 2007\\\/01\\\/15 15:01:54.1 Exposure Mode: Manual White Balance: Preset Tone Comp: Auto RAW (12-bit) Lossless Metering Mode: Multi-Pattern AF Mode: AF-S Hue Adjustment: 0\u00b0 Image Size: Large (3008 x 2000) 1\\\/30 sec - F\\\/8 Flash Sync Mode: Not Attached Saturation: Normal Exposure Comp.: 0 EV Sharpening: None Lens: 24-60mm F\\\/2.8 D Sensitivity: ISO 200 Image Comment: [#End of Shooting Data Section]\"},{\"@type\":\"BreadcrumbList\",\"@id\":\"https:\\\/\\\/blog.erm.ee\\\/?p=10359#breadcrumb\",\"itemListElement\":[{\"@type\":\"ListItem\",\"position\":1,\"name\":\"Home\",\"item\":\"https:\\\/\\\/blog.erm.ee\\\/\"},{\"@type\":\"ListItem\",\"position\":2,\"name\":\"Kukerpillide juured\"}]},{\"@type\":\"WebSite\",\"@id\":\"https:\\\/\\\/blog.erm.ee\\\/#website\",\"url\":\"https:\\\/\\\/blog.erm.ee\\\/\",\"name\":\"Eesti Rahva Muuseumi ajaveeb\",\"description\":\"\",\"potentialAction\":[{\"@type\":\"SearchAction\",\"target\":{\"@type\":\"EntryPoint\",\"urlTemplate\":\"https:\\\/\\\/blog.erm.ee\\\/?s={search_term_string}\"},\"query-input\":{\"@type\":\"PropertyValueSpecification\",\"valueRequired\":true,\"valueName\":\"search_term_string\"}}],\"inLanguage\":\"et\"},{\"@type\":\"Person\",\"@id\":\"https:\\\/\\\/blog.erm.ee\\\/#\\\/schema\\\/person\\\/6e98c391cb00a33e7c22a3571e062114\",\"name\":\"Eesti Rahva Muuseum\",\"image\":{\"@type\":\"ImageObject\",\"inLanguage\":\"et\",\"@id\":\"https:\\\/\\\/secure.gravatar.com\\\/avatar\\\/cb6d9ad5fb49f3f7315028ce5fe60641075f2cb52b8a058ff5a985fa2d8c1da0?s=96&d=mm&r=g\",\"url\":\"https:\\\/\\\/secure.gravatar.com\\\/avatar\\\/cb6d9ad5fb49f3f7315028ce5fe60641075f2cb52b8a058ff5a985fa2d8c1da0?s=96&d=mm&r=g\",\"contentUrl\":\"https:\\\/\\\/secure.gravatar.com\\\/avatar\\\/cb6d9ad5fb49f3f7315028ce5fe60641075f2cb52b8a058ff5a985fa2d8c1da0?s=96&d=mm&r=g\",\"caption\":\"Eesti Rahva Muuseum\"},\"sameAs\":[\"http:\\\/\\\/www.erm.ee\"],\"url\":\"https:\\\/\\\/blog.erm.ee\\\/?author=1\"}]}<\/script>\n<!-- \/ Yoast SEO plugin. -->","yoast_head_json":{"title":"Kukerpillide juured - Eesti Rahva Muuseumi ajaveeb","robots":{"index":"index","follow":"follow","max-snippet":"max-snippet:-1","max-image-preview":"max-image-preview:large","max-video-preview":"max-video-preview:-1"},"canonical":"https:\/\/blog.erm.ee\/?p=10359","og_locale":"et_EE","og_type":"article","og_title":"Kukerpillide juured - Eesti Rahva Muuseumi ajaveeb","og_description":"Kaarel Tarand, avalike ja v\u00e4lissuhete juht Et saada ilmakuulsaks folkmuusikuks, peab alustama allikatest. Ja kus need mujal on kui etnograafias. T\u00f5endid selle kohta, kuidas etnograafiline aines imes kogu eluks enda juurde Kukerpillide muusiku Toomas K\u00f5rvitsa, asuvad Eesti Rahva Muuseumi rikkalikes kogudes. 1971. aastal Saaremaal toimunud v\u00e4lit\u00f6\u00f6del on Toomas K\u00f5rvits koos Lembit L\u00f5hmusega \u00e4ra m\u00f5\u00f5distanud ja&hellip;","og_url":"https:\/\/blog.erm.ee\/?p=10359","og_site_name":"Eesti Rahva Muuseumi ajaveeb","article_published_time":"2017-09-28T03:38:07+00:00","og_image":[{"width":1200,"height":838,"url":"https:\/\/blog.erm.ee\/wp-content\/uploads\/2017\/09\/015892_ERM_EJ_310_71.jpg","type":"image\/jpeg"}],"author":"Eesti Rahva Muuseum","twitter_card":"summary_large_image","twitter_misc":{"Written by":"Eesti Rahva Muuseum","Est. reading time":"1 minut"},"schema":{"@context":"https:\/\/schema.org","@graph":[{"@type":"Article","@id":"https:\/\/blog.erm.ee\/?p=10359#article","isPartOf":{"@id":"https:\/\/blog.erm.ee\/?p=10359"},"author":{"name":"Eesti Rahva Muuseum","@id":"https:\/\/blog.erm.ee\/#\/schema\/person\/6e98c391cb00a33e7c22a3571e062114"},"headline":"Kukerpillide juured","datePublished":"2017-09-28T03:38:07+00:00","mainEntityOfPage":{"@id":"https:\/\/blog.erm.ee\/?p=10359"},"wordCount":220,"commentCount":1,"image":{"@id":"https:\/\/blog.erm.ee\/?p=10359#primaryimage"},"thumbnailUrl":"https:\/\/blog.erm.ee\/wp-content\/uploads\/2017\/09\/015892_ERM_EJ_310_71.jpg","articleSection":["S\u00fcndmus"],"inLanguage":"et","potentialAction":[{"@type":"CommentAction","name":"Comment","target":["https:\/\/blog.erm.ee\/?p=10359#respond"]}]},{"@type":"WebPage","@id":"https:\/\/blog.erm.ee\/?p=10359","url":"https:\/\/blog.erm.ee\/?p=10359","name":"Kukerpillide juured - Eesti Rahva Muuseumi ajaveeb","isPartOf":{"@id":"https:\/\/blog.erm.ee\/#website"},"primaryImageOfPage":{"@id":"https:\/\/blog.erm.ee\/?p=10359#primaryimage"},"image":{"@id":"https:\/\/blog.erm.ee\/?p=10359#primaryimage"},"thumbnailUrl":"https:\/\/blog.erm.ee\/wp-content\/uploads\/2017\/09\/015892_ERM_EJ_310_71.jpg","datePublished":"2017-09-28T03:38:07+00:00","author":{"@id":"https:\/\/blog.erm.ee\/#\/schema\/person\/6e98c391cb00a33e7c22a3571e062114"},"breadcrumb":{"@id":"https:\/\/blog.erm.ee\/?p=10359#breadcrumb"},"inLanguage":"et","potentialAction":[{"@type":"ReadAction","target":["https:\/\/blog.erm.ee\/?p=10359"]}]},{"@type":"ImageObject","inLanguage":"et","@id":"https:\/\/blog.erm.ee\/?p=10359#primaryimage","url":"https:\/\/blog.erm.ee\/wp-content\/uploads\/2017\/09\/015892_ERM_EJ_310_71.jpg","contentUrl":"https:\/\/blog.erm.ee\/wp-content\/uploads\/2017\/09\/015892_ERM_EJ_310_71.jpg","width":1200,"height":838,"caption":"[#Beginning of Shooting Data Section] Nikon D70 Focal Length: 42mm Optimize Image: Custom Color Mode: Mode II (Adobe RGB) Noise Reduction: OFF 2007\/01\/15 15:01:54.1 Exposure Mode: Manual White Balance: Preset Tone Comp: Auto RAW (12-bit) Lossless Metering Mode: Multi-Pattern AF Mode: AF-S Hue Adjustment: 0\u00b0 Image Size: Large (3008 x 2000) 1\/30 sec - F\/8 Flash Sync Mode: Not Attached Saturation: Normal Exposure Comp.: 0 EV Sharpening: None Lens: 24-60mm F\/2.8 D Sensitivity: ISO 200 Image Comment: [#End of Shooting Data Section]"},{"@type":"BreadcrumbList","@id":"https:\/\/blog.erm.ee\/?p=10359#breadcrumb","itemListElement":[{"@type":"ListItem","position":1,"name":"Home","item":"https:\/\/blog.erm.ee\/"},{"@type":"ListItem","position":2,"name":"Kukerpillide juured"}]},{"@type":"WebSite","@id":"https:\/\/blog.erm.ee\/#website","url":"https:\/\/blog.erm.ee\/","name":"Eesti Rahva Muuseumi ajaveeb","description":"","potentialAction":[{"@type":"SearchAction","target":{"@type":"EntryPoint","urlTemplate":"https:\/\/blog.erm.ee\/?s={search_term_string}"},"query-input":{"@type":"PropertyValueSpecification","valueRequired":true,"valueName":"search_term_string"}}],"inLanguage":"et"},{"@type":"Person","@id":"https:\/\/blog.erm.ee\/#\/schema\/person\/6e98c391cb00a33e7c22a3571e062114","name":"Eesti Rahva Muuseum","image":{"@type":"ImageObject","inLanguage":"et","@id":"https:\/\/secure.gravatar.com\/avatar\/cb6d9ad5fb49f3f7315028ce5fe60641075f2cb52b8a058ff5a985fa2d8c1da0?s=96&d=mm&r=g","url":"https:\/\/secure.gravatar.com\/avatar\/cb6d9ad5fb49f3f7315028ce5fe60641075f2cb52b8a058ff5a985fa2d8c1da0?s=96&d=mm&r=g","contentUrl":"https:\/\/secure.gravatar.com\/avatar\/cb6d9ad5fb49f3f7315028ce5fe60641075f2cb52b8a058ff5a985fa2d8c1da0?s=96&d=mm&r=g","caption":"Eesti Rahva Muuseum"},"sameAs":["http:\/\/www.erm.ee"],"url":"https:\/\/blog.erm.ee\/?author=1"}]}},"jetpack_featured_media_url":"https:\/\/blog.erm.ee\/wp-content\/uploads\/2017\/09\/015892_ERM_EJ_310_71.jpg","jetpack_shortlink":"https:\/\/wp.me\/p2l9Zd-2H5","jetpack_sharing_enabled":true,"jetpack_likes_enabled":true,"_links":{"self":[{"href":"https:\/\/blog.erm.ee\/index.php?rest_route=\/wp\/v2\/posts\/10359","targetHints":{"allow":["GET"]}}],"collection":[{"href":"https:\/\/blog.erm.ee\/index.php?rest_route=\/wp\/v2\/posts"}],"about":[{"href":"https:\/\/blog.erm.ee\/index.php?rest_route=\/wp\/v2\/types\/post"}],"author":[{"embeddable":true,"href":"https:\/\/blog.erm.ee\/index.php?rest_route=\/wp\/v2\/users\/1"}],"replies":[{"embeddable":true,"href":"https:\/\/blog.erm.ee\/index.php?rest_route=%2Fwp%2Fv2%2Fcomments&post=10359"}],"version-history":[{"count":8,"href":"https:\/\/blog.erm.ee\/index.php?rest_route=\/wp\/v2\/posts\/10359\/revisions"}],"predecessor-version":[{"id":11038,"href":"https:\/\/blog.erm.ee\/index.php?rest_route=\/wp\/v2\/posts\/10359\/revisions\/11038"}],"wp:featuredmedia":[{"embeddable":true,"href":"https:\/\/blog.erm.ee\/index.php?rest_route=\/wp\/v2\/media\/10402"}],"wp:attachment":[{"href":"https:\/\/blog.erm.ee\/index.php?rest_route=%2Fwp%2Fv2%2Fmedia&parent=10359"}],"wp:term":[{"taxonomy":"category","embeddable":true,"href":"https:\/\/blog.erm.ee\/index.php?rest_route=%2Fwp%2Fv2%2Fcategories&post=10359"},{"taxonomy":"post_tag","embeddable":true,"href":"https:\/\/blog.erm.ee\/index.php?rest_route=%2Fwp%2Fv2%2Ftags&post=10359"}],"curies":[{"name":"wp","href":"https:\/\/api.w.org\/{rel}","templated":true}]}}