{"id":10355,"date":"2017-09-26T06:25:43","date_gmt":"2017-09-26T03:25:43","guid":{"rendered":"http:\/\/blog.erm.ee\/?p=10355"},"modified":"2017-09-26T06:25:43","modified_gmt":"2017-09-26T03:25:43","slug":"vaiksen-haste-opetedu-suuren-moistab-muidugi-eesti-vanasona","status":"publish","type":"post","link":"https:\/\/blog.erm.ee\/?p=10355","title":{"rendered":"V\u00e4iksen h\u00e4ste opetedu, suuren m\u00f5istab muidugi (eesti vanas\u00f5na)"},"content":{"rendered":"<div class=\"fcbkbttn_buttons_block\" id=\"fcbkbttn_left\"><div class=\"fcbkbttn_like \"><fb:like href=\"https:\/\/blog.erm.ee\/?p=10355\" action=\"like\" colorscheme=\"light\" layout=\"standard\"  width=\"225px\" size=\"small\"><\/fb:like><\/div><div class=\"fb-share-button  \" data-href=\"https:\/\/blog.erm.ee\/?p=10355\" data-type=\"button\" data-size=\"small\"><\/div><\/div><p><em>Kristi \u00dctt, arhivaar<\/em><\/p>\n<p>Laste kasvatust\u00f6\u00f6 ja t\u00f6\u00f6kasvatus on ikka k\u00e4sik\u00e4es k\u00e4inud. Kuidas sa muidu eluks vajalikke oskusi ja teadmisi saad!<\/p>\n<p><a href=\"https:\/\/blog.erm.ee\/wp-content\/uploads\/2017\/09\/318285_ERM_Fk_2160_476-2.jpg\"><img loading=\"lazy\" decoding=\"async\" data-attachment-id=\"10410\" data-permalink=\"https:\/\/blog.erm.ee\/?attachment_id=10410#main\" data-orig-file=\"https:\/\/blog.erm.ee\/wp-content\/uploads\/2017\/09\/318285_ERM_Fk_2160_476-2.jpg\" data-orig-size=\"1200,864\" data-comments-opened=\"1\" data-image-meta=\"{&quot;aperture&quot;:&quot;0&quot;,&quot;credit&quot;:&quot;Arp Karm&quot;,&quot;camera&quot;:&quot;&quot;,&quot;caption&quot;:&quot;&quot;,&quot;created_timestamp&quot;:&quot;1266918473&quot;,&quot;copyright&quot;:&quot;Arp Karm&quot;,&quot;focal_length&quot;:&quot;0&quot;,&quot;iso&quot;:&quot;0&quot;,&quot;shutter_speed&quot;:&quot;0&quot;,&quot;title&quot;:&quot;&quot;,&quot;orientation&quot;:&quot;0&quot;}\" data-image-title=\"318285_ERM_Fk_2160_476\" data-image-description=\"\" data-image-caption=\"\" data-large-file=\"https:\/\/blog.erm.ee\/wp-content\/uploads\/2017\/09\/318285_ERM_Fk_2160_476-2-1024x737.jpg\" class=\"alignnone size-large wp-image-10410\" src=\"https:\/\/blog.erm.ee\/wp-content\/uploads\/2017\/09\/318285_ERM_Fk_2160_476-2-1024x737.jpg\" alt=\"\" width=\"700\" height=\"504\" srcset=\"https:\/\/blog.erm.ee\/wp-content\/uploads\/2017\/09\/318285_ERM_Fk_2160_476-2-1024x737.jpg 1024w, https:\/\/blog.erm.ee\/wp-content\/uploads\/2017\/09\/318285_ERM_Fk_2160_476-2-361x260.jpg 361w, https:\/\/blog.erm.ee\/wp-content\/uploads\/2017\/09\/318285_ERM_Fk_2160_476-2-300x216.jpg 300w, https:\/\/blog.erm.ee\/wp-content\/uploads\/2017\/09\/318285_ERM_Fk_2160_476-2-768x553.jpg 768w, https:\/\/blog.erm.ee\/wp-content\/uploads\/2017\/09\/318285_ERM_Fk_2160_476-2.jpg 1200w\" sizes=\"auto, (max-width: 700px) 100vw, 700px\" \/><\/a><em>\u00c4rmi talu lapsed hanekarjas. Fotograaf teadmata. ERM Fk 2160:476<\/em><\/p>\n<p><a href=\"https:\/\/blog.erm.ee\/wp-content\/uploads\/2017\/09\/364372_ERM_Fk_2992_455-1.jpg\"><img loading=\"lazy\" decoding=\"async\" data-attachment-id=\"10411\" data-permalink=\"https:\/\/blog.erm.ee\/?attachment_id=10411#main\" data-orig-file=\"https:\/\/blog.erm.ee\/wp-content\/uploads\/2017\/09\/364372_ERM_Fk_2992_455-1.jpg\" data-orig-size=\"1200,821\" data-comments-opened=\"1\" data-image-meta=\"{&quot;aperture&quot;:&quot;0&quot;,&quot;credit&quot;:&quot;&quot;,&quot;camera&quot;:&quot;&quot;,&quot;caption&quot;:&quot;&quot;,&quot;created_timestamp&quot;:&quot;1322757186&quot;,&quot;copyright&quot;:&quot;&quot;,&quot;focal_length&quot;:&quot;0&quot;,&quot;iso&quot;:&quot;0&quot;,&quot;shutter_speed&quot;:&quot;0&quot;,&quot;title&quot;:&quot;&quot;,&quot;orientation&quot;:&quot;0&quot;}\" data-image-title=\"364372_ERM_Fk_2992_455\" data-image-description=\"\" data-image-caption=\"\" data-large-file=\"https:\/\/blog.erm.ee\/wp-content\/uploads\/2017\/09\/364372_ERM_Fk_2992_455-1-1024x701.jpg\" class=\"alignnone size-large wp-image-10411\" src=\"https:\/\/blog.erm.ee\/wp-content\/uploads\/2017\/09\/364372_ERM_Fk_2992_455-1-1024x701.jpg\" alt=\"\" width=\"700\" height=\"479\" srcset=\"https:\/\/blog.erm.ee\/wp-content\/uploads\/2017\/09\/364372_ERM_Fk_2992_455-1-1024x701.jpg 1024w, https:\/\/blog.erm.ee\/wp-content\/uploads\/2017\/09\/364372_ERM_Fk_2992_455-1-380x260.jpg 380w, https:\/\/blog.erm.ee\/wp-content\/uploads\/2017\/09\/364372_ERM_Fk_2992_455-1-300x205.jpg 300w, https:\/\/blog.erm.ee\/wp-content\/uploads\/2017\/09\/364372_ERM_Fk_2992_455-1-768x525.jpg 768w, https:\/\/blog.erm.ee\/wp-content\/uploads\/2017\/09\/364372_ERM_Fk_2992_455-1.jpg 1200w\" sizes=\"auto, (max-width: 700px) 100vw, 700px\" \/><\/a><em>Lapsed lumehanges kisselli jahutamas 1950. a. Fotograaf teadmata. ERM Fk 2992:455<\/em><\/p>\n<p><a href=\"https:\/\/blog.erm.ee\/wp-content\/uploads\/2017\/09\/027715_ERM_Fk_452_40.jpg\"><img loading=\"lazy\" decoding=\"async\" data-attachment-id=\"10363\" data-permalink=\"https:\/\/blog.erm.ee\/?attachment_id=10363#main\" data-orig-file=\"https:\/\/blog.erm.ee\/wp-content\/uploads\/2017\/09\/027715_ERM_Fk_452_40.jpg\" data-orig-size=\"1200,864\" data-comments-opened=\"1\" data-image-meta=\"{&quot;aperture&quot;:&quot;0&quot;,&quot;credit&quot;:&quot;&quot;,&quot;camera&quot;:&quot;&quot;,&quot;caption&quot;:&quot;&quot;,&quot;created_timestamp&quot;:&quot;0&quot;,&quot;copyright&quot;:&quot;&quot;,&quot;focal_length&quot;:&quot;0&quot;,&quot;iso&quot;:&quot;0&quot;,&quot;shutter_speed&quot;:&quot;0&quot;,&quot;title&quot;:&quot;&quot;,&quot;orientation&quot;:&quot;0&quot;}\" data-image-title=\"027715_ERM_Fk_452_40\" data-image-description=\"\" data-image-caption=\"\" data-large-file=\"https:\/\/blog.erm.ee\/wp-content\/uploads\/2017\/09\/027715_ERM_Fk_452_40-1024x737.jpg\" class=\"alignnone size-large wp-image-10363\" src=\"https:\/\/blog.erm.ee\/wp-content\/uploads\/2017\/09\/027715_ERM_Fk_452_40-1024x737.jpg\" alt=\"\" width=\"700\" height=\"504\" srcset=\"https:\/\/blog.erm.ee\/wp-content\/uploads\/2017\/09\/027715_ERM_Fk_452_40-1024x737.jpg 1024w, https:\/\/blog.erm.ee\/wp-content\/uploads\/2017\/09\/027715_ERM_Fk_452_40-361x260.jpg 361w, https:\/\/blog.erm.ee\/wp-content\/uploads\/2017\/09\/027715_ERM_Fk_452_40-300x216.jpg 300w, https:\/\/blog.erm.ee\/wp-content\/uploads\/2017\/09\/027715_ERM_Fk_452_40-768x553.jpg 768w, https:\/\/blog.erm.ee\/wp-content\/uploads\/2017\/09\/027715_ERM_Fk_452_40.jpg 1200w\" sizes=\"auto, (max-width: 700px) 100vw, 700px\" \/><\/a><em>Mardi talu poisid Hiiumaal Luidja k\u00fcla rannas paati t\u00f5rvamas. Foto: Ferdinand Linnus, 1925. ERM Fk 452:40<\/em><\/p>\n<p><a href=\"https:\/\/blog.erm.ee\/wp-content\/uploads\/2017\/09\/342187_ERM_Fk_2971_1915.jpg\"><img loading=\"lazy\" decoding=\"async\" data-attachment-id=\"10365\" data-permalink=\"https:\/\/blog.erm.ee\/?attachment_id=10365#main\" data-orig-file=\"https:\/\/blog.erm.ee\/wp-content\/uploads\/2017\/09\/342187_ERM_Fk_2971_1915.jpg\" data-orig-size=\"778,1200\" data-comments-opened=\"1\" data-image-meta=\"{&quot;aperture&quot;:&quot;0&quot;,&quot;credit&quot;:&quot;&quot;,&quot;camera&quot;:&quot;&quot;,&quot;caption&quot;:&quot;&quot;,&quot;created_timestamp&quot;:&quot;0&quot;,&quot;copyright&quot;:&quot;&quot;,&quot;focal_length&quot;:&quot;0&quot;,&quot;iso&quot;:&quot;0&quot;,&quot;shutter_speed&quot;:&quot;0&quot;,&quot;title&quot;:&quot;&quot;,&quot;orientation&quot;:&quot;0&quot;}\" data-image-title=\"342187_ERM_Fk_2971_1915\" data-image-description=\"\" data-image-caption=\"\" data-large-file=\"https:\/\/blog.erm.ee\/wp-content\/uploads\/2017\/09\/342187_ERM_Fk_2971_1915-664x1024.jpg\" class=\"alignnone size-large wp-image-10365\" src=\"https:\/\/blog.erm.ee\/wp-content\/uploads\/2017\/09\/342187_ERM_Fk_2971_1915-664x1024.jpg\" alt=\"\" width=\"664\" height=\"1024\" srcset=\"https:\/\/blog.erm.ee\/wp-content\/uploads\/2017\/09\/342187_ERM_Fk_2971_1915-664x1024.jpg 664w, https:\/\/blog.erm.ee\/wp-content\/uploads\/2017\/09\/342187_ERM_Fk_2971_1915-169x260.jpg 169w, https:\/\/blog.erm.ee\/wp-content\/uploads\/2017\/09\/342187_ERM_Fk_2971_1915-195x300.jpg 195w, https:\/\/blog.erm.ee\/wp-content\/uploads\/2017\/09\/342187_ERM_Fk_2971_1915-768x1185.jpg 768w, https:\/\/blog.erm.ee\/wp-content\/uploads\/2017\/09\/342187_ERM_Fk_2971_1915.jpg 778w\" sizes=\"auto, (max-width: 664px) 100vw, 664px\" \/><\/a><em>Vanaema lastelastega tikreid korjamas. Foto: Jaak Eelmets, u 1985\u20131990. ERM Fk 2971:1915<\/em><\/p>\n<p><a href=\"https:\/\/blog.erm.ee\/wp-content\/uploads\/2017\/09\/100636_ERM_Fk_813_25.jpg\"><img loading=\"lazy\" decoding=\"async\" data-attachment-id=\"10366\" data-permalink=\"https:\/\/blog.erm.ee\/?attachment_id=10366#main\" data-orig-file=\"https:\/\/blog.erm.ee\/wp-content\/uploads\/2017\/09\/100636_ERM_Fk_813_25.jpg\" data-orig-size=\"1191,1200\" data-comments-opened=\"1\" data-image-meta=\"{&quot;aperture&quot;:&quot;0&quot;,&quot;credit&quot;:&quot;&quot;,&quot;camera&quot;:&quot;&quot;,&quot;caption&quot;:&quot;&quot;,&quot;created_timestamp&quot;:&quot;1374747464&quot;,&quot;copyright&quot;:&quot;&quot;,&quot;focal_length&quot;:&quot;0&quot;,&quot;iso&quot;:&quot;0&quot;,&quot;shutter_speed&quot;:&quot;0&quot;,&quot;title&quot;:&quot;&quot;,&quot;orientation&quot;:&quot;0&quot;}\" data-image-title=\"100636_ERM_Fk_813_25\" data-image-description=\"\" data-image-caption=\"\" data-large-file=\"https:\/\/blog.erm.ee\/wp-content\/uploads\/2017\/09\/100636_ERM_Fk_813_25-1016x1024.jpg\" class=\"alignnone size-large wp-image-10366\" src=\"https:\/\/blog.erm.ee\/wp-content\/uploads\/2017\/09\/100636_ERM_Fk_813_25-1016x1024.jpg\" alt=\"\" width=\"700\" height=\"706\" srcset=\"https:\/\/blog.erm.ee\/wp-content\/uploads\/2017\/09\/100636_ERM_Fk_813_25-1016x1024.jpg 1016w, https:\/\/blog.erm.ee\/wp-content\/uploads\/2017\/09\/100636_ERM_Fk_813_25-258x260.jpg 258w, https:\/\/blog.erm.ee\/wp-content\/uploads\/2017\/09\/100636_ERM_Fk_813_25-298x300.jpg 298w, https:\/\/blog.erm.ee\/wp-content\/uploads\/2017\/09\/100636_ERM_Fk_813_25-768x774.jpg 768w, https:\/\/blog.erm.ee\/wp-content\/uploads\/2017\/09\/100636_ERM_Fk_813_25-50x50.jpg 50w, https:\/\/blog.erm.ee\/wp-content\/uploads\/2017\/09\/100636_ERM_Fk_813_25.jpg 1191w\" sizes=\"auto, (max-width: 700px) 100vw, 700px\" \/><\/a><em>Poiss ahjust leibu v\u00f5tmas. Foto: August Sang, 1937. ERM Fk 813:25<\/em><\/p>\n<p><a href=\"https:\/\/blog.erm.ee\/wp-content\/uploads\/2017\/09\/009385_ERM_Fk_2879_28.jpg\"><img loading=\"lazy\" decoding=\"async\" data-attachment-id=\"10367\" data-permalink=\"https:\/\/blog.erm.ee\/?attachment_id=10367#main\" data-orig-file=\"https:\/\/blog.erm.ee\/wp-content\/uploads\/2017\/09\/009385_ERM_Fk_2879_28.jpg\" data-orig-size=\"1200,864\" data-comments-opened=\"1\" data-image-meta=\"{&quot;aperture&quot;:&quot;0&quot;,&quot;credit&quot;:&quot;&quot;,&quot;camera&quot;:&quot;&quot;,&quot;caption&quot;:&quot;&quot;,&quot;created_timestamp&quot;:&quot;0&quot;,&quot;copyright&quot;:&quot;\\u00a9 Eesti Rahva Muuseum 2016&quot;,&quot;focal_length&quot;:&quot;0&quot;,&quot;iso&quot;:&quot;0&quot;,&quot;shutter_speed&quot;:&quot;0&quot;,&quot;title&quot;:&quot;&quot;,&quot;orientation&quot;:&quot;0&quot;}\" data-image-title=\"009385_ERM_Fk_2879_28\" data-image-description=\"\" data-image-caption=\"\" data-large-file=\"https:\/\/blog.erm.ee\/wp-content\/uploads\/2017\/09\/009385_ERM_Fk_2879_28-1024x737.jpg\" class=\"alignnone size-large wp-image-10367\" src=\"https:\/\/blog.erm.ee\/wp-content\/uploads\/2017\/09\/009385_ERM_Fk_2879_28-1024x737.jpg\" alt=\"\" width=\"700\" height=\"504\" srcset=\"https:\/\/blog.erm.ee\/wp-content\/uploads\/2017\/09\/009385_ERM_Fk_2879_28-1024x737.jpg 1024w, https:\/\/blog.erm.ee\/wp-content\/uploads\/2017\/09\/009385_ERM_Fk_2879_28-361x260.jpg 361w, https:\/\/blog.erm.ee\/wp-content\/uploads\/2017\/09\/009385_ERM_Fk_2879_28-300x216.jpg 300w, https:\/\/blog.erm.ee\/wp-content\/uploads\/2017\/09\/009385_ERM_Fk_2879_28-768x553.jpg 768w, https:\/\/blog.erm.ee\/wp-content\/uploads\/2017\/09\/009385_ERM_Fk_2879_28.jpg 1200w\" sizes=\"auto, (max-width: 700px) 100vw, 700px\" \/><\/a><em>Perekond N\u00e4pp p\u00f5llul tomatitaimi hooldamas. Fotograaf teadmata. ERM Fk 2879:28<\/em><\/p>\n<p><a href=\"https:\/\/blog.erm.ee\/wp-content\/uploads\/2017\/09\/099034_ERM_Fk_1284_127.jpg\"><img loading=\"lazy\" decoding=\"async\" data-attachment-id=\"10368\" data-permalink=\"https:\/\/blog.erm.ee\/?attachment_id=10368#main\" data-orig-file=\"https:\/\/blog.erm.ee\/wp-content\/uploads\/2017\/09\/099034_ERM_Fk_1284_127.jpg\" data-orig-size=\"1200,790\" data-comments-opened=\"1\" data-image-meta=\"{&quot;aperture&quot;:&quot;0&quot;,&quot;credit&quot;:&quot;&quot;,&quot;camera&quot;:&quot;&quot;,&quot;caption&quot;:&quot;&quot;,&quot;created_timestamp&quot;:&quot;1331055245&quot;,&quot;copyright&quot;:&quot;&quot;,&quot;focal_length&quot;:&quot;0&quot;,&quot;iso&quot;:&quot;0&quot;,&quot;shutter_speed&quot;:&quot;0&quot;,&quot;title&quot;:&quot;&quot;,&quot;orientation&quot;:&quot;0&quot;}\" data-image-title=\"099034_ERM_Fk_1284_127\" data-image-description=\"\" data-image-caption=\"\" data-large-file=\"https:\/\/blog.erm.ee\/wp-content\/uploads\/2017\/09\/099034_ERM_Fk_1284_127-1024x674.jpg\" class=\"alignnone size-large wp-image-10368\" src=\"https:\/\/blog.erm.ee\/wp-content\/uploads\/2017\/09\/099034_ERM_Fk_1284_127-1024x674.jpg\" alt=\"\" width=\"700\" height=\"461\" srcset=\"https:\/\/blog.erm.ee\/wp-content\/uploads\/2017\/09\/099034_ERM_Fk_1284_127-1024x674.jpg 1024w, https:\/\/blog.erm.ee\/wp-content\/uploads\/2017\/09\/099034_ERM_Fk_1284_127-395x260.jpg 395w, https:\/\/blog.erm.ee\/wp-content\/uploads\/2017\/09\/099034_ERM_Fk_1284_127-300x198.jpg 300w, https:\/\/blog.erm.ee\/wp-content\/uploads\/2017\/09\/099034_ERM_Fk_1284_127-768x506.jpg 768w, https:\/\/blog.erm.ee\/wp-content\/uploads\/2017\/09\/099034_ERM_Fk_1284_127.jpg 1200w\" sizes=\"auto, (max-width: 700px) 100vw, 700px\" \/><\/a><em>Lapsed Rabivere k\u00fclas taimeaias umbrohtu kitkumas. Foto: Grigori Kaljuvee. ERM Fk 1284:127<\/em><\/p>\n<p><a href=\"https:\/\/blog.erm.ee\/wp-content\/uploads\/2017\/09\/364288_ERM_Fk_2992_371.jpg\"><img loading=\"lazy\" decoding=\"async\" data-attachment-id=\"10369\" data-permalink=\"https:\/\/blog.erm.ee\/?attachment_id=10369#main\" data-orig-file=\"https:\/\/blog.erm.ee\/wp-content\/uploads\/2017\/09\/364288_ERM_Fk_2992_371.jpg\" data-orig-size=\"1200,900\" data-comments-opened=\"1\" data-image-meta=\"{&quot;aperture&quot;:&quot;0&quot;,&quot;credit&quot;:&quot;&quot;,&quot;camera&quot;:&quot;&quot;,&quot;caption&quot;:&quot;&quot;,&quot;created_timestamp&quot;:&quot;1322752447&quot;,&quot;copyright&quot;:&quot;&quot;,&quot;focal_length&quot;:&quot;0&quot;,&quot;iso&quot;:&quot;0&quot;,&quot;shutter_speed&quot;:&quot;0&quot;,&quot;title&quot;:&quot;&quot;,&quot;orientation&quot;:&quot;0&quot;}\" data-image-title=\"364288_ERM_Fk_2992_371\" data-image-description=\"\" data-image-caption=\"\" data-large-file=\"https:\/\/blog.erm.ee\/wp-content\/uploads\/2017\/09\/364288_ERM_Fk_2992_371-1024x768.jpg\" class=\"alignnone size-large wp-image-10369\" src=\"https:\/\/blog.erm.ee\/wp-content\/uploads\/2017\/09\/364288_ERM_Fk_2992_371-1024x768.jpg\" alt=\"\" width=\"700\" height=\"525\" srcset=\"https:\/\/blog.erm.ee\/wp-content\/uploads\/2017\/09\/364288_ERM_Fk_2992_371-1024x768.jpg 1024w, https:\/\/blog.erm.ee\/wp-content\/uploads\/2017\/09\/364288_ERM_Fk_2992_371-347x260.jpg 347w, https:\/\/blog.erm.ee\/wp-content\/uploads\/2017\/09\/364288_ERM_Fk_2992_371-300x225.jpg 300w, https:\/\/blog.erm.ee\/wp-content\/uploads\/2017\/09\/364288_ERM_Fk_2992_371-768x576.jpg 768w, https:\/\/blog.erm.ee\/wp-content\/uploads\/2017\/09\/364288_ERM_Fk_2992_371.jpg 1200w\" sizes=\"auto, (max-width: 700px) 100vw, 700px\" \/><\/a><em>Vanaema \u00f5petamas lastele niidit\u00f6\u00f6d. Foto: Asael Truup\u00f5ld, u 1972. ERM Fk 2992:371<\/em><\/p>\n<p><a href=\"https:\/\/blog.erm.ee\/wp-content\/uploads\/2017\/09\/315601_ERM_Fk_1099_62.jpg\"><img loading=\"lazy\" decoding=\"async\" data-attachment-id=\"10370\" data-permalink=\"https:\/\/blog.erm.ee\/?attachment_id=10370#main\" data-orig-file=\"https:\/\/blog.erm.ee\/wp-content\/uploads\/2017\/09\/315601_ERM_Fk_1099_62.jpg\" data-orig-size=\"1200,758\" data-comments-opened=\"1\" data-image-meta=\"{&quot;aperture&quot;:&quot;0&quot;,&quot;credit&quot;:&quot;Arp Karm&quot;,&quot;camera&quot;:&quot;&quot;,&quot;caption&quot;:&quot;&quot;,&quot;created_timestamp&quot;:&quot;1265362444&quot;,&quot;copyright&quot;:&quot;Arp Karm&quot;,&quot;focal_length&quot;:&quot;0&quot;,&quot;iso&quot;:&quot;0&quot;,&quot;shutter_speed&quot;:&quot;0&quot;,&quot;title&quot;:&quot;&quot;,&quot;orientation&quot;:&quot;0&quot;}\" data-image-title=\"315601_ERM_Fk_1099_62\" data-image-description=\"\" data-image-caption=\"\" data-large-file=\"https:\/\/blog.erm.ee\/wp-content\/uploads\/2017\/09\/315601_ERM_Fk_1099_62-1024x647.jpg\" class=\"alignnone size-large wp-image-10370\" src=\"https:\/\/blog.erm.ee\/wp-content\/uploads\/2017\/09\/315601_ERM_Fk_1099_62-1024x647.jpg\" alt=\"\" width=\"700\" height=\"442\" srcset=\"https:\/\/blog.erm.ee\/wp-content\/uploads\/2017\/09\/315601_ERM_Fk_1099_62-1024x647.jpg 1024w, https:\/\/blog.erm.ee\/wp-content\/uploads\/2017\/09\/315601_ERM_Fk_1099_62-412x260.jpg 412w, https:\/\/blog.erm.ee\/wp-content\/uploads\/2017\/09\/315601_ERM_Fk_1099_62-300x190.jpg 300w, https:\/\/blog.erm.ee\/wp-content\/uploads\/2017\/09\/315601_ERM_Fk_1099_62-768x485.jpg 768w, https:\/\/blog.erm.ee\/wp-content\/uploads\/2017\/09\/315601_ERM_Fk_1099_62.jpg 1200w\" sizes=\"auto, (max-width: 700px) 100vw, 700px\" \/><\/a><em>Poisid Kihnus Laoba sadamas \u00f5ngi sebimas. Foto: K. Oglas, 1947. ERM Fk 1099:62<\/em><\/p>\n<p><a href=\"https:\/\/blog.erm.ee\/wp-content\/uploads\/2017\/09\/051682_ERM_Fk_2839_284.jpg\"><img loading=\"lazy\" decoding=\"async\" data-attachment-id=\"10371\" data-permalink=\"https:\/\/blog.erm.ee\/?attachment_id=10371#main\" data-orig-file=\"https:\/\/blog.erm.ee\/wp-content\/uploads\/2017\/09\/051682_ERM_Fk_2839_284.jpg\" data-orig-size=\"1200,831\" data-comments-opened=\"1\" data-image-meta=\"{&quot;aperture&quot;:&quot;0&quot;,&quot;credit&quot;:&quot;&quot;,&quot;camera&quot;:&quot;&quot;,&quot;caption&quot;:&quot;&quot;,&quot;created_timestamp&quot;:&quot;1066737161&quot;,&quot;copyright&quot;:&quot;&quot;,&quot;focal_length&quot;:&quot;0&quot;,&quot;iso&quot;:&quot;0&quot;,&quot;shutter_speed&quot;:&quot;0&quot;,&quot;title&quot;:&quot;&quot;,&quot;orientation&quot;:&quot;0&quot;}\" data-image-title=\"051682_ERM_Fk_2839_284\" data-image-description=\"\" data-image-caption=\"\" data-large-file=\"https:\/\/blog.erm.ee\/wp-content\/uploads\/2017\/09\/051682_ERM_Fk_2839_284-1024x709.jpg\" class=\"alignnone size-large wp-image-10371\" src=\"https:\/\/blog.erm.ee\/wp-content\/uploads\/2017\/09\/051682_ERM_Fk_2839_284-1024x709.jpg\" alt=\"\" width=\"700\" height=\"485\" srcset=\"https:\/\/blog.erm.ee\/wp-content\/uploads\/2017\/09\/051682_ERM_Fk_2839_284-1024x709.jpg 1024w, https:\/\/blog.erm.ee\/wp-content\/uploads\/2017\/09\/051682_ERM_Fk_2839_284-375x260.jpg 375w, https:\/\/blog.erm.ee\/wp-content\/uploads\/2017\/09\/051682_ERM_Fk_2839_284-300x208.jpg 300w, https:\/\/blog.erm.ee\/wp-content\/uploads\/2017\/09\/051682_ERM_Fk_2839_284-768x532.jpg 768w, https:\/\/blog.erm.ee\/wp-content\/uploads\/2017\/09\/051682_ERM_Fk_2839_284.jpg 1200w\" sizes=\"auto, (max-width: 700px) 100vw, 700px\" \/><\/a><em>Vanaema lapselapsega potti pesemas u 1970. a. Fotograaf teadmata. ERM Fk 2839:284<\/em><\/p>\n<p><a href=\"https:\/\/blog.erm.ee\/wp-content\/uploads\/2017\/09\/316267_ERM_Fk_1393_416.jpg\"><img loading=\"lazy\" decoding=\"async\" data-attachment-id=\"10372\" data-permalink=\"https:\/\/blog.erm.ee\/?attachment_id=10372#main\" data-orig-file=\"https:\/\/blog.erm.ee\/wp-content\/uploads\/2017\/09\/316267_ERM_Fk_1393_416.jpg\" data-orig-size=\"1200,852\" data-comments-opened=\"1\" data-image-meta=\"{&quot;aperture&quot;:&quot;0&quot;,&quot;credit&quot;:&quot;&quot;,&quot;camera&quot;:&quot;&quot;,&quot;caption&quot;:&quot;[#Beginning of Shooting Data Section]\\rNikon D200\\rFocal Length: 50mm\\rOptimize Image: Custom\\rColor Mode: Mode II (Adobe RGB)\\rLong Exposure NR: Off\\rHigh ISO NR: Off\\r2010\/11\/24 10:30:52.5\\rExposure Mode: Manual\\rWhite Balance: Preset d-4\\rTone Comp.: Auto\\rRAW (12-bit)\\rMetering Mode: Multi-Pattern\\rAF Mode: AF-S\\rHue Adjustment: 0\\u00b0\\rImage Size: Large (3872 x 2592)\\r1\/10 sec - F\/7.1\\rFlash Sync Mode: Not Attached\\rSaturation: Normal\\rColor\\rExposure Comp.: 0 EV\\rSharpening: Medium high\\rLens: 50mm F\/2.8 D\\rSensitivity: ISO 100\\rImage Comment:                                     \\r[#End of Shooting Data Section]&quot;,&quot;created_timestamp&quot;:&quot;1290594652&quot;,&quot;copyright&quot;:&quot;&quot;,&quot;focal_length&quot;:&quot;0&quot;,&quot;iso&quot;:&quot;0&quot;,&quot;shutter_speed&quot;:&quot;0&quot;,&quot;title&quot;:&quot;&quot;,&quot;orientation&quot;:&quot;0&quot;}\" data-image-title=\"316267_ERM_Fk_1393_416\" data-image-description=\"\" data-image-caption=\"&lt;p&gt;[#Beginning of Shooting Data Section]&lt;br \/&gt;\nNikon D200&lt;br \/&gt;\nFocal Length: 50mm&lt;br \/&gt;\nOptimize Image: Custom&lt;br \/&gt;\nColor Mode: Mode II (Adobe RGB)&lt;br \/&gt;\nLong Exposure NR: Off&lt;br \/&gt;\nHigh ISO NR: Off&lt;br \/&gt;\n2010\/11\/24 10:30:52.5&lt;br \/&gt;\nExposure Mode: Manual&lt;br \/&gt;\nWhite Balance: Preset d-4&lt;br \/&gt;\nTone Comp.: Auto&lt;br \/&gt;\nRAW (12-bit)&lt;br \/&gt;\nMetering Mode: Multi-Pattern&lt;br \/&gt;\nAF Mode: AF-S&lt;br \/&gt;\nHue Adjustment: 0\u00b0&lt;br \/&gt;\nImage Size: Large (3872 x 2592)&lt;br \/&gt;\n1\/10 sec &amp;#8211; F\/7.1&lt;br \/&gt;\nFlash Sync Mode: Not Attached&lt;br \/&gt;\nSaturation: Normal&lt;br \/&gt;\nColor&lt;br \/&gt;\nExposure Comp.: 0 EV&lt;br \/&gt;\nSharpening: Medium high&lt;br \/&gt;\nLens: 50mm F\/2.8 D&lt;br \/&gt;\nSensitivity: ISO 100&lt;br \/&gt;\nImage Comment:&lt;br \/&gt;\n[#End of Shooting Data Section]&lt;\/p&gt;\n\" data-large-file=\"https:\/\/blog.erm.ee\/wp-content\/uploads\/2017\/09\/316267_ERM_Fk_1393_416-1024x727.jpg\" class=\"size-large wp-image-10372\" src=\"https:\/\/blog.erm.ee\/wp-content\/uploads\/2017\/09\/316267_ERM_Fk_1393_416-1024x727.jpg\" alt=\"\" width=\"700\" height=\"497\" srcset=\"https:\/\/blog.erm.ee\/wp-content\/uploads\/2017\/09\/316267_ERM_Fk_1393_416-1024x727.jpg 1024w, https:\/\/blog.erm.ee\/wp-content\/uploads\/2017\/09\/316267_ERM_Fk_1393_416-366x260.jpg 366w, https:\/\/blog.erm.ee\/wp-content\/uploads\/2017\/09\/316267_ERM_Fk_1393_416-300x213.jpg 300w, https:\/\/blog.erm.ee\/wp-content\/uploads\/2017\/09\/316267_ERM_Fk_1393_416-768x545.jpg 768w, https:\/\/blog.erm.ee\/wp-content\/uploads\/2017\/09\/316267_ERM_Fk_1393_416.jpg 1200w\" sizes=\"auto, (max-width: 700px) 100vw, 700px\" \/><\/a><em>Poiss abistamas isa laastu l\u00f5ikamisel. Foto: Grigori Kaljuvee, 1963. ERM Fk 1393:416 <\/em><\/p>\n<p><a href=\"https:\/\/blog.erm.ee\/wp-content\/uploads\/2017\/09\/309605_ERM_Fk_2938_478.jpg\"><img loading=\"lazy\" decoding=\"async\" data-attachment-id=\"10373\" data-permalink=\"https:\/\/blog.erm.ee\/?attachment_id=10373#main\" data-orig-file=\"https:\/\/blog.erm.ee\/wp-content\/uploads\/2017\/09\/309605_ERM_Fk_2938_478.jpg\" data-orig-size=\"1200,876\" data-comments-opened=\"1\" data-image-meta=\"{&quot;aperture&quot;:&quot;0&quot;,&quot;credit&quot;:&quot;Arp Karm&quot;,&quot;camera&quot;:&quot;&quot;,&quot;caption&quot;:&quot;&quot;,&quot;created_timestamp&quot;:&quot;1253895451&quot;,&quot;copyright&quot;:&quot;Arp Karm&quot;,&quot;focal_length&quot;:&quot;0&quot;,&quot;iso&quot;:&quot;0&quot;,&quot;shutter_speed&quot;:&quot;0&quot;,&quot;title&quot;:&quot;&quot;,&quot;orientation&quot;:&quot;0&quot;}\" data-image-title=\"309605_ERM_Fk_2938_478\" data-image-description=\"\" data-image-caption=\"\" data-large-file=\"https:\/\/blog.erm.ee\/wp-content\/uploads\/2017\/09\/309605_ERM_Fk_2938_478-1024x748.jpg\" class=\"alignnone size-large wp-image-10373\" src=\"https:\/\/blog.erm.ee\/wp-content\/uploads\/2017\/09\/309605_ERM_Fk_2938_478-1024x748.jpg\" alt=\"\" width=\"700\" height=\"511\" srcset=\"https:\/\/blog.erm.ee\/wp-content\/uploads\/2017\/09\/309605_ERM_Fk_2938_478-1024x748.jpg 1024w, https:\/\/blog.erm.ee\/wp-content\/uploads\/2017\/09\/309605_ERM_Fk_2938_478-356x260.jpg 356w, https:\/\/blog.erm.ee\/wp-content\/uploads\/2017\/09\/309605_ERM_Fk_2938_478-300x219.jpg 300w, https:\/\/blog.erm.ee\/wp-content\/uploads\/2017\/09\/309605_ERM_Fk_2938_478-768x561.jpg 768w, https:\/\/blog.erm.ee\/wp-content\/uploads\/2017\/09\/309605_ERM_Fk_2938_478.jpg 1200w\" sizes=\"auto, (max-width: 700px) 100vw, 700px\" \/><\/a><em>Laeva kooli \u00f5pilased katsesovhoosis kivikoristusel u 1970\u20131980. Fotograaf teadmata. ERM Fk 2938:478<\/em><\/p>\n<p><a href=\"https:\/\/blog.erm.ee\/wp-content\/uploads\/2017\/09\/023297_ERM_Fk_354_80.jpg\"><img loading=\"lazy\" decoding=\"async\" data-attachment-id=\"10374\" data-permalink=\"https:\/\/blog.erm.ee\/?attachment_id=10374#main\" data-orig-file=\"https:\/\/blog.erm.ee\/wp-content\/uploads\/2017\/09\/023297_ERM_Fk_354_80.jpg\" data-orig-size=\"1200,857\" data-comments-opened=\"1\" data-image-meta=\"{&quot;aperture&quot;:&quot;0&quot;,&quot;credit&quot;:&quot;&quot;,&quot;camera&quot;:&quot;&quot;,&quot;caption&quot;:&quot;&quot;,&quot;created_timestamp&quot;:&quot;0&quot;,&quot;copyright&quot;:&quot;&quot;,&quot;focal_length&quot;:&quot;0&quot;,&quot;iso&quot;:&quot;0&quot;,&quot;shutter_speed&quot;:&quot;0&quot;,&quot;title&quot;:&quot;&quot;,&quot;orientation&quot;:&quot;0&quot;}\" data-image-title=\"023297_ERM_Fk_354_80\" data-image-description=\"\" data-image-caption=\"\" data-large-file=\"https:\/\/blog.erm.ee\/wp-content\/uploads\/2017\/09\/023297_ERM_Fk_354_80-1024x731.jpg\" class=\"alignnone size-large wp-image-10374\" src=\"https:\/\/blog.erm.ee\/wp-content\/uploads\/2017\/09\/023297_ERM_Fk_354_80-1024x731.jpg\" alt=\"\" width=\"700\" height=\"500\" srcset=\"https:\/\/blog.erm.ee\/wp-content\/uploads\/2017\/09\/023297_ERM_Fk_354_80-1024x731.jpg 1024w, https:\/\/blog.erm.ee\/wp-content\/uploads\/2017\/09\/023297_ERM_Fk_354_80-364x260.jpg 364w, https:\/\/blog.erm.ee\/wp-content\/uploads\/2017\/09\/023297_ERM_Fk_354_80-300x214.jpg 300w, https:\/\/blog.erm.ee\/wp-content\/uploads\/2017\/09\/023297_ERM_Fk_354_80-768x548.jpg 768w, https:\/\/blog.erm.ee\/wp-content\/uploads\/2017\/09\/023297_ERM_Fk_354_80.jpg 1200w\" sizes=\"auto, (max-width: 700px) 100vw, 700px\" \/><\/a><em>Vorbuse, Mosna talu karjased. Foto: Redlin, 1898. ERM Fk 354:80<\/em><\/p>\n<p><a href=\"https:\/\/blog.erm.ee\/wp-content\/uploads\/2017\/09\/364286_ERM_Fk_2992_369.jpg\"><img loading=\"lazy\" decoding=\"async\" data-attachment-id=\"10375\" data-permalink=\"https:\/\/blog.erm.ee\/?attachment_id=10375#main\" data-orig-file=\"https:\/\/blog.erm.ee\/wp-content\/uploads\/2017\/09\/364286_ERM_Fk_2992_369.jpg\" data-orig-size=\"1200,848\" data-comments-opened=\"1\" data-image-meta=\"{&quot;aperture&quot;:&quot;0&quot;,&quot;credit&quot;:&quot;&quot;,&quot;camera&quot;:&quot;&quot;,&quot;caption&quot;:&quot;&quot;,&quot;created_timestamp&quot;:&quot;1322752413&quot;,&quot;copyright&quot;:&quot;&quot;,&quot;focal_length&quot;:&quot;0&quot;,&quot;iso&quot;:&quot;0&quot;,&quot;shutter_speed&quot;:&quot;0&quot;,&quot;title&quot;:&quot;&quot;,&quot;orientation&quot;:&quot;0&quot;}\" data-image-title=\"364286_ERM_Fk_2992_369\" data-image-description=\"\" data-image-caption=\"\" data-large-file=\"https:\/\/blog.erm.ee\/wp-content\/uploads\/2017\/09\/364286_ERM_Fk_2992_369-1024x724.jpg\" class=\"alignnone size-large wp-image-10375\" src=\"https:\/\/blog.erm.ee\/wp-content\/uploads\/2017\/09\/364286_ERM_Fk_2992_369-1024x724.jpg\" alt=\"\" width=\"700\" height=\"495\" srcset=\"https:\/\/blog.erm.ee\/wp-content\/uploads\/2017\/09\/364286_ERM_Fk_2992_369-1024x724.jpg 1024w, https:\/\/blog.erm.ee\/wp-content\/uploads\/2017\/09\/364286_ERM_Fk_2992_369-368x260.jpg 368w, https:\/\/blog.erm.ee\/wp-content\/uploads\/2017\/09\/364286_ERM_Fk_2992_369-300x212.jpg 300w, https:\/\/blog.erm.ee\/wp-content\/uploads\/2017\/09\/364286_ERM_Fk_2992_369-768x543.jpg 768w, https:\/\/blog.erm.ee\/wp-content\/uploads\/2017\/09\/364286_ERM_Fk_2992_369.jpg 1200w\" sizes=\"auto, (max-width: 700px) 100vw, 700px\" \/><\/a><em>Lapsed emaga piparkooke valmistamas. Foto: Asael Truup\u00f5ld, 1970. ERM Fk 2992:369<\/em><\/p>\n<p><a href=\"https:\/\/blog.erm.ee\/wp-content\/uploads\/2017\/09\/081584_ERM_Fk_2644_10730.jpg\"><img loading=\"lazy\" decoding=\"async\" data-attachment-id=\"10376\" data-permalink=\"https:\/\/blog.erm.ee\/?attachment_id=10376#main\" data-orig-file=\"https:\/\/blog.erm.ee\/wp-content\/uploads\/2017\/09\/081584_ERM_Fk_2644_10730.jpg\" data-orig-size=\"1200,785\" data-comments-opened=\"1\" data-image-meta=\"{&quot;aperture&quot;:&quot;0&quot;,&quot;credit&quot;:&quot;&quot;,&quot;camera&quot;:&quot;&quot;,&quot;caption&quot;:&quot;&quot;,&quot;created_timestamp&quot;:&quot;0&quot;,&quot;copyright&quot;:&quot;\\u00a9 Eesti Rahva Muuseum&quot;,&quot;focal_length&quot;:&quot;0&quot;,&quot;iso&quot;:&quot;0&quot;,&quot;shutter_speed&quot;:&quot;0&quot;,&quot;title&quot;:&quot;&quot;,&quot;orientation&quot;:&quot;0&quot;}\" data-image-title=\"081584_ERM_Fk_2644_10730\" data-image-description=\"\" data-image-caption=\"\" data-large-file=\"https:\/\/blog.erm.ee\/wp-content\/uploads\/2017\/09\/081584_ERM_Fk_2644_10730-1024x670.jpg\" class=\"alignnone size-large wp-image-10376\" src=\"https:\/\/blog.erm.ee\/wp-content\/uploads\/2017\/09\/081584_ERM_Fk_2644_10730-1024x670.jpg\" alt=\"\" width=\"700\" height=\"458\" srcset=\"https:\/\/blog.erm.ee\/wp-content\/uploads\/2017\/09\/081584_ERM_Fk_2644_10730-1024x670.jpg 1024w, https:\/\/blog.erm.ee\/wp-content\/uploads\/2017\/09\/081584_ERM_Fk_2644_10730-397x260.jpg 397w, https:\/\/blog.erm.ee\/wp-content\/uploads\/2017\/09\/081584_ERM_Fk_2644_10730-300x196.jpg 300w, https:\/\/blog.erm.ee\/wp-content\/uploads\/2017\/09\/081584_ERM_Fk_2644_10730-768x502.jpg 768w, https:\/\/blog.erm.ee\/wp-content\/uploads\/2017\/09\/081584_ERM_Fk_2644_10730.jpg 1200w\" sizes=\"auto, (max-width: 700px) 100vw, 700px\" \/><\/a><em>Saaremaa poisid kalal. Foto: Viktor Salmre, 1975. ERM Fk 2644:10730<\/em><\/p>\n<p><a href=\"https:\/\/blog.erm.ee\/wp-content\/uploads\/2017\/09\/026765_ERM_Fk_447_37.jpg\"><img loading=\"lazy\" decoding=\"async\" data-attachment-id=\"10377\" data-permalink=\"https:\/\/blog.erm.ee\/?attachment_id=10377#main\" data-orig-file=\"https:\/\/blog.erm.ee\/wp-content\/uploads\/2017\/09\/026765_ERM_Fk_447_37.jpg\" data-orig-size=\"1200,864\" data-comments-opened=\"1\" data-image-meta=\"{&quot;aperture&quot;:&quot;0&quot;,&quot;credit&quot;:&quot;&quot;,&quot;camera&quot;:&quot;&quot;,&quot;caption&quot;:&quot;&quot;,&quot;created_timestamp&quot;:&quot;0&quot;,&quot;copyright&quot;:&quot;&quot;,&quot;focal_length&quot;:&quot;0&quot;,&quot;iso&quot;:&quot;0&quot;,&quot;shutter_speed&quot;:&quot;0&quot;,&quot;title&quot;:&quot;&quot;,&quot;orientation&quot;:&quot;0&quot;}\" data-image-title=\"026765_ERM_Fk_447_37\" data-image-description=\"\" data-image-caption=\"\" data-large-file=\"https:\/\/blog.erm.ee\/wp-content\/uploads\/2017\/09\/026765_ERM_Fk_447_37-1024x737.jpg\" class=\"alignnone size-large wp-image-10377\" src=\"https:\/\/blog.erm.ee\/wp-content\/uploads\/2017\/09\/026765_ERM_Fk_447_37-1024x737.jpg\" alt=\"\" width=\"700\" height=\"504\" srcset=\"https:\/\/blog.erm.ee\/wp-content\/uploads\/2017\/09\/026765_ERM_Fk_447_37-1024x737.jpg 1024w, https:\/\/blog.erm.ee\/wp-content\/uploads\/2017\/09\/026765_ERM_Fk_447_37-361x260.jpg 361w, https:\/\/blog.erm.ee\/wp-content\/uploads\/2017\/09\/026765_ERM_Fk_447_37-300x216.jpg 300w, https:\/\/blog.erm.ee\/wp-content\/uploads\/2017\/09\/026765_ERM_Fk_447_37-768x553.jpg 768w, https:\/\/blog.erm.ee\/wp-content\/uploads\/2017\/09\/026765_ERM_Fk_447_37.jpg 1200w\" sizes=\"auto, (max-width: 700px) 100vw, 700px\" \/><\/a><em>H\u00e4rjad heinakoormat vedamas, lapsed rehadega ja rahvar\u00f5ivais naine Ansek\u00fclas. Foto: Evald Allas, 1895. ERM Fk 447:37<\/em><\/p>\n<p><a href=\"https:\/\/blog.erm.ee\/wp-content\/uploads\/2017\/09\/344808_ERM_Fk_2971_4536.jpg\"><img loading=\"lazy\" decoding=\"async\" data-attachment-id=\"10378\" data-permalink=\"https:\/\/blog.erm.ee\/?attachment_id=10378#main\" data-orig-file=\"https:\/\/blog.erm.ee\/wp-content\/uploads\/2017\/09\/344808_ERM_Fk_2971_4536.jpg\" data-orig-size=\"767,1200\" data-comments-opened=\"1\" data-image-meta=\"{&quot;aperture&quot;:&quot;0&quot;,&quot;credit&quot;:&quot;&quot;,&quot;camera&quot;:&quot;&quot;,&quot;caption&quot;:&quot;&quot;,&quot;created_timestamp&quot;:&quot;0&quot;,&quot;copyright&quot;:&quot;&quot;,&quot;focal_length&quot;:&quot;0&quot;,&quot;iso&quot;:&quot;0&quot;,&quot;shutter_speed&quot;:&quot;0&quot;,&quot;title&quot;:&quot;&quot;,&quot;orientation&quot;:&quot;0&quot;}\" data-image-title=\"344808_ERM_Fk_2971_4536\" data-image-description=\"\" data-image-caption=\"\" data-large-file=\"https:\/\/blog.erm.ee\/wp-content\/uploads\/2017\/09\/344808_ERM_Fk_2971_4536-655x1024.jpg\" class=\"alignnone size-large wp-image-10378\" src=\"https:\/\/blog.erm.ee\/wp-content\/uploads\/2017\/09\/344808_ERM_Fk_2971_4536-655x1024.jpg\" alt=\"\" width=\"655\" height=\"1024\" srcset=\"https:\/\/blog.erm.ee\/wp-content\/uploads\/2017\/09\/344808_ERM_Fk_2971_4536-655x1024.jpg 655w, https:\/\/blog.erm.ee\/wp-content\/uploads\/2017\/09\/344808_ERM_Fk_2971_4536-166x260.jpg 166w, https:\/\/blog.erm.ee\/wp-content\/uploads\/2017\/09\/344808_ERM_Fk_2971_4536-192x300.jpg 192w, https:\/\/blog.erm.ee\/wp-content\/uploads\/2017\/09\/344808_ERM_Fk_2971_4536.jpg 767w\" sizes=\"auto, (max-width: 655px) 100vw, 655px\" \/><\/a><em>Poiss Hoovis lauda saagimas. Foto: Jaak Eelmets, u 1985\u20131990. ERM Fk 2971:4536<\/em><\/p>\n<p><a href=\"https:\/\/blog.erm.ee\/wp-content\/uploads\/2017\/09\/308851_ERM_Fk_2938_244.jpg\"><img loading=\"lazy\" decoding=\"async\" data-attachment-id=\"10379\" data-permalink=\"https:\/\/blog.erm.ee\/?attachment_id=10379#main\" data-orig-file=\"https:\/\/blog.erm.ee\/wp-content\/uploads\/2017\/09\/308851_ERM_Fk_2938_244.jpg\" data-orig-size=\"1200,776\" data-comments-opened=\"1\" data-image-meta=\"{&quot;aperture&quot;:&quot;0&quot;,&quot;credit&quot;:&quot;&quot;,&quot;camera&quot;:&quot;&quot;,&quot;caption&quot;:&quot;[#Beginning of Shooting Data Section]\\rNikon D200\\rFocal Length: 50mm\\rOptimize Image: Custom\\rColor Mode: Mode II (Adobe RGB)\\rLong Exposure NR: Off\\rHigh ISO NR: Off\\r2011\/11\/09 10:46:46.4\\rExposure Mode: Manual\\rWhite Balance: Preset d-4\\rTone Comp.: User-Defined Custom Curve\\rRAW (12-bit)\\rMetering Mode: Center-Weighted\\rAF Mode: AF-S\\rHue Adjustment: 0\\u00b0\\rImage Size: Large (3872 x 2592)\\r1\/10 sec - F\/6.3\\rFlash Sync Mode: Not Attached\\rSaturation: Normal\\rColor\\rExposure Comp.: 0 EV\\rSharpening: Medium high\\rLens: 50mm F\/2.8 D\\rSensitivity: ISO 100\\rImage Comment:                                     \\r[#End of Shooting Data Section]&quot;,&quot;created_timestamp&quot;:&quot;1320835606&quot;,&quot;copyright&quot;:&quot;&quot;,&quot;focal_length&quot;:&quot;0&quot;,&quot;iso&quot;:&quot;0&quot;,&quot;shutter_speed&quot;:&quot;0&quot;,&quot;title&quot;:&quot;&quot;,&quot;orientation&quot;:&quot;0&quot;}\" data-image-title=\"308851_ERM_Fk_2938_244\" data-image-description=\"\" data-image-caption=\"&lt;p&gt;[#Beginning of Shooting Data Section]&lt;br \/&gt;\nNikon D200&lt;br \/&gt;\nFocal Length: 50mm&lt;br \/&gt;\nOptimize Image: Custom&lt;br \/&gt;\nColor Mode: Mode II (Adobe RGB)&lt;br \/&gt;\nLong Exposure NR: Off&lt;br \/&gt;\nHigh ISO NR: Off&lt;br \/&gt;\n2011\/11\/09 10:46:46.4&lt;br \/&gt;\nExposure Mode: Manual&lt;br \/&gt;\nWhite Balance: Preset d-4&lt;br \/&gt;\nTone Comp.: User-Defined Custom Curve&lt;br \/&gt;\nRAW (12-bit)&lt;br \/&gt;\nMetering Mode: Center-Weighted&lt;br \/&gt;\nAF Mode: AF-S&lt;br \/&gt;\nHue Adjustment: 0\u00b0&lt;br \/&gt;\nImage Size: Large (3872 x 2592)&lt;br \/&gt;\n1\/10 sec &amp;#8211; F\/6.3&lt;br \/&gt;\nFlash Sync Mode: Not Attached&lt;br \/&gt;\nSaturation: Normal&lt;br \/&gt;\nColor&lt;br \/&gt;\nExposure Comp.: 0 EV&lt;br \/&gt;\nSharpening: Medium high&lt;br \/&gt;\nLens: 50mm F\/2.8 D&lt;br \/&gt;\nSensitivity: ISO 100&lt;br \/&gt;\nImage Comment:&lt;br \/&gt;\n[#End of Shooting Data Section]&lt;\/p&gt;\n\" data-large-file=\"https:\/\/blog.erm.ee\/wp-content\/uploads\/2017\/09\/308851_ERM_Fk_2938_244-1024x662.jpg\" class=\"size-large wp-image-10379\" src=\"https:\/\/blog.erm.ee\/wp-content\/uploads\/2017\/09\/308851_ERM_Fk_2938_244-1024x662.jpg\" alt=\"\" width=\"700\" height=\"453\" srcset=\"https:\/\/blog.erm.ee\/wp-content\/uploads\/2017\/09\/308851_ERM_Fk_2938_244-1024x662.jpg 1024w, https:\/\/blog.erm.ee\/wp-content\/uploads\/2017\/09\/308851_ERM_Fk_2938_244-402x260.jpg 402w, https:\/\/blog.erm.ee\/wp-content\/uploads\/2017\/09\/308851_ERM_Fk_2938_244-300x194.jpg 300w, https:\/\/blog.erm.ee\/wp-content\/uploads\/2017\/09\/308851_ERM_Fk_2938_244-768x497.jpg 768w, https:\/\/blog.erm.ee\/wp-content\/uploads\/2017\/09\/308851_ERM_Fk_2938_244.jpg 1200w\" sizes=\"auto, (max-width: 700px) 100vw, 700px\" \/><\/a><em>Ema lastega maasikaid korjamas 1950. aastatel. Fotograaf teadmata. ERM Fk 2938:244<\/em><\/p>\n<p><a href=\"https:\/\/blog.erm.ee\/wp-content\/uploads\/2017\/09\/364295_ERM_Fk_2992_378.jpg\"><img loading=\"lazy\" decoding=\"async\" data-attachment-id=\"10380\" data-permalink=\"https:\/\/blog.erm.ee\/?attachment_id=10380#main\" data-orig-file=\"https:\/\/blog.erm.ee\/wp-content\/uploads\/2017\/09\/364295_ERM_Fk_2992_378.jpg\" data-orig-size=\"1200,792\" data-comments-opened=\"1\" data-image-meta=\"{&quot;aperture&quot;:&quot;0&quot;,&quot;credit&quot;:&quot;&quot;,&quot;camera&quot;:&quot;&quot;,&quot;caption&quot;:&quot;&quot;,&quot;created_timestamp&quot;:&quot;1322752546&quot;,&quot;copyright&quot;:&quot;&quot;,&quot;focal_length&quot;:&quot;0&quot;,&quot;iso&quot;:&quot;0&quot;,&quot;shutter_speed&quot;:&quot;0&quot;,&quot;title&quot;:&quot;&quot;,&quot;orientation&quot;:&quot;0&quot;}\" data-image-title=\"364295_ERM_Fk_2992_378\" data-image-description=\"\" data-image-caption=\"\" data-large-file=\"https:\/\/blog.erm.ee\/wp-content\/uploads\/2017\/09\/364295_ERM_Fk_2992_378-1024x676.jpg\" class=\"alignnone size-large wp-image-10380\" src=\"https:\/\/blog.erm.ee\/wp-content\/uploads\/2017\/09\/364295_ERM_Fk_2992_378-1024x676.jpg\" alt=\"\" width=\"700\" height=\"462\" srcset=\"https:\/\/blog.erm.ee\/wp-content\/uploads\/2017\/09\/364295_ERM_Fk_2992_378-1024x676.jpg 1024w, https:\/\/blog.erm.ee\/wp-content\/uploads\/2017\/09\/364295_ERM_Fk_2992_378-394x260.jpg 394w, https:\/\/blog.erm.ee\/wp-content\/uploads\/2017\/09\/364295_ERM_Fk_2992_378-300x198.jpg 300w, https:\/\/blog.erm.ee\/wp-content\/uploads\/2017\/09\/364295_ERM_Fk_2992_378-768x507.jpg 768w, https:\/\/blog.erm.ee\/wp-content\/uploads\/2017\/09\/364295_ERM_Fk_2992_378.jpg 1200w\" sizes=\"auto, (max-width: 700px) 100vw, 700px\" \/><\/a><em>Lapsed heinat\u00f6\u00f6l vankris heinu tallumas. Foto: Asael Truup\u00f5ld. ERM Fk 2992:378<\/em><\/p>\n<p><a href=\"https:\/\/blog.erm.ee\/wp-content\/uploads\/2017\/09\/349866_ERM_Fk_2977_959.jpg\"><img loading=\"lazy\" decoding=\"async\" data-attachment-id=\"10381\" data-permalink=\"https:\/\/blog.erm.ee\/?attachment_id=10381#main\" data-orig-file=\"https:\/\/blog.erm.ee\/wp-content\/uploads\/2017\/09\/349866_ERM_Fk_2977_959.jpg\" data-orig-size=\"1200,909\" data-comments-opened=\"1\" data-image-meta=\"{&quot;aperture&quot;:&quot;0&quot;,&quot;credit&quot;:&quot;&quot;,&quot;camera&quot;:&quot;&quot;,&quot;caption&quot;:&quot;[#Beginning of Shooting Data Section]\\rNikon D200\\rFocal Length: 50mm\\rOptimize Image: Custom\\rColor Mode: Mode II (Adobe RGB)\\rLong Exposure NR: Off\\rHigh ISO NR: Off\\r2013\/01\/08 12:48:16.0\\rExposure Mode: Manual\\rWhite Balance: Preset d-1\\rTone Comp.: User-Defined Custom Curve\\rRAW (12-bit)\\rMetering Mode: Multi-Pattern\\rAF Mode: AF-S\\rHue Adjustment: 0\\u00b0\\rImage Size: Large (3872 x 2592)\\r1\/8 sec - F\/7.1\\rFlash Sync Mode: Not Attached\\rSaturation: Normal\\rColor\\rExposure Comp.: 0 EV\\rSharpening: High\\rLens: 50mm F\/2.8 D\\rSensitivity: ISO 100\\rImage Comment:                                     \\r[#End of Shooting Data Section]&quot;,&quot;created_timestamp&quot;:&quot;1357649296&quot;,&quot;copyright&quot;:&quot;&quot;,&quot;focal_length&quot;:&quot;0&quot;,&quot;iso&quot;:&quot;0&quot;,&quot;shutter_speed&quot;:&quot;0&quot;,&quot;title&quot;:&quot;&quot;,&quot;orientation&quot;:&quot;0&quot;}\" data-image-title=\"349866_ERM_Fk_2977_959\" data-image-description=\"\" data-image-caption=\"&lt;p&gt;[#Beginning of Shooting Data Section]&lt;br \/&gt;\nNikon D200&lt;br \/&gt;\nFocal Length: 50mm&lt;br \/&gt;\nOptimize Image: Custom&lt;br \/&gt;\nColor Mode: Mode II (Adobe RGB)&lt;br \/&gt;\nLong Exposure NR: Off&lt;br \/&gt;\nHigh ISO NR: Off&lt;br \/&gt;\n2013\/01\/08 12:48:16.0&lt;br \/&gt;\nExposure Mode: Manual&lt;br \/&gt;\nWhite Balance: Preset d-1&lt;br \/&gt;\nTone Comp.: User-Defined Custom Curve&lt;br \/&gt;\nRAW (12-bit)&lt;br \/&gt;\nMetering Mode: Multi-Pattern&lt;br \/&gt;\nAF Mode: AF-S&lt;br \/&gt;\nHue Adjustment: 0\u00b0&lt;br \/&gt;\nImage Size: Large (3872 x 2592)&lt;br \/&gt;\n1\/8 sec &amp;#8211; F\/7.1&lt;br \/&gt;\nFlash Sync Mode: Not Attached&lt;br \/&gt;\nSaturation: Normal&lt;br \/&gt;\nColor&lt;br \/&gt;\nExposure Comp.: 0 EV&lt;br \/&gt;\nSharpening: High&lt;br \/&gt;\nLens: 50mm F\/2.8 D&lt;br \/&gt;\nSensitivity: ISO 100&lt;br \/&gt;\nImage Comment:&lt;br \/&gt;\n[#End of Shooting Data Section]&lt;\/p&gt;\n\" data-large-file=\"https:\/\/blog.erm.ee\/wp-content\/uploads\/2017\/09\/349866_ERM_Fk_2977_959-1024x776.jpg\" class=\"size-large wp-image-10381\" src=\"https:\/\/blog.erm.ee\/wp-content\/uploads\/2017\/09\/349866_ERM_Fk_2977_959-1024x776.jpg\" alt=\"\" width=\"700\" height=\"530\" srcset=\"https:\/\/blog.erm.ee\/wp-content\/uploads\/2017\/09\/349866_ERM_Fk_2977_959-1024x776.jpg 1024w, https:\/\/blog.erm.ee\/wp-content\/uploads\/2017\/09\/349866_ERM_Fk_2977_959-343x260.jpg 343w, https:\/\/blog.erm.ee\/wp-content\/uploads\/2017\/09\/349866_ERM_Fk_2977_959-300x227.jpg 300w, https:\/\/blog.erm.ee\/wp-content\/uploads\/2017\/09\/349866_ERM_Fk_2977_959-768x582.jpg 768w, https:\/\/blog.erm.ee\/wp-content\/uploads\/2017\/09\/349866_ERM_Fk_2977_959.jpg 1200w\" sizes=\"auto, (max-width: 700px) 100vw, 700px\" \/><\/a><em>Naised P\u00f5llk\u00fclas lapsega lilli korjamas 1946. a. Fotograaf teadamata. ERM Fk 2977:959<\/em><\/p>\n<p><a href=\"https:\/\/blog.erm.ee\/wp-content\/uploads\/2017\/09\/345531_ERM_Fk_2963_117.jpg\"><img loading=\"lazy\" decoding=\"async\" data-attachment-id=\"10382\" data-permalink=\"https:\/\/blog.erm.ee\/?attachment_id=10382#main\" data-orig-file=\"https:\/\/blog.erm.ee\/wp-content\/uploads\/2017\/09\/345531_ERM_Fk_2963_117.jpg\" data-orig-size=\"1200,803\" data-comments-opened=\"1\" data-image-meta=\"{&quot;aperture&quot;:&quot;0&quot;,&quot;credit&quot;:&quot;&quot;,&quot;camera&quot;:&quot;&quot;,&quot;caption&quot;:&quot;&quot;,&quot;created_timestamp&quot;:&quot;1378827797&quot;,&quot;copyright&quot;:&quot;&quot;,&quot;focal_length&quot;:&quot;0&quot;,&quot;iso&quot;:&quot;0&quot;,&quot;shutter_speed&quot;:&quot;0&quot;,&quot;title&quot;:&quot;&quot;,&quot;orientation&quot;:&quot;0&quot;}\" data-image-title=\"345531_ERM_Fk_2963_117\" data-image-description=\"\" data-image-caption=\"\" data-large-file=\"https:\/\/blog.erm.ee\/wp-content\/uploads\/2017\/09\/345531_ERM_Fk_2963_117-1024x685.jpg\" class=\"alignnone size-large wp-image-10382\" src=\"https:\/\/blog.erm.ee\/wp-content\/uploads\/2017\/09\/345531_ERM_Fk_2963_117-1024x685.jpg\" alt=\"\" width=\"700\" height=\"468\" srcset=\"https:\/\/blog.erm.ee\/wp-content\/uploads\/2017\/09\/345531_ERM_Fk_2963_117-1024x685.jpg 1024w, https:\/\/blog.erm.ee\/wp-content\/uploads\/2017\/09\/345531_ERM_Fk_2963_117-389x260.jpg 389w, https:\/\/blog.erm.ee\/wp-content\/uploads\/2017\/09\/345531_ERM_Fk_2963_117-300x201.jpg 300w, https:\/\/blog.erm.ee\/wp-content\/uploads\/2017\/09\/345531_ERM_Fk_2963_117-768x514.jpg 768w, https:\/\/blog.erm.ee\/wp-content\/uploads\/2017\/09\/345531_ERM_Fk_2963_117.jpg 1200w\" sizes=\"auto, (max-width: 700px) 100vw, 700px\" \/><\/a><em>Kolhoosi karjak koos lastega karjas. Foto: Ilmar Olesk, u 1975\u20131980. ERM Fk 2963:117<\/em><\/p>\n<p><a href=\"https:\/\/blog.erm.ee\/wp-content\/uploads\/2017\/09\/361373_ERM_Fk_2994_2068.jpg\"><img loading=\"lazy\" decoding=\"async\" data-attachment-id=\"10383\" data-permalink=\"https:\/\/blog.erm.ee\/?attachment_id=10383#main\" data-orig-file=\"https:\/\/blog.erm.ee\/wp-content\/uploads\/2017\/09\/361373_ERM_Fk_2994_2068.jpg\" data-orig-size=\"1200,765\" data-comments-opened=\"1\" data-image-meta=\"{&quot;aperture&quot;:&quot;0&quot;,&quot;credit&quot;:&quot;&quot;,&quot;camera&quot;:&quot;&quot;,&quot;caption&quot;:&quot;&quot;,&quot;created_timestamp&quot;:&quot;0&quot;,&quot;copyright&quot;:&quot;Eesti Rahva Muuseum 2014&quot;,&quot;focal_length&quot;:&quot;0&quot;,&quot;iso&quot;:&quot;0&quot;,&quot;shutter_speed&quot;:&quot;0&quot;,&quot;title&quot;:&quot;&quot;,&quot;orientation&quot;:&quot;0&quot;}\" data-image-title=\"361373_ERM_Fk_2994_2068\" data-image-description=\"\" data-image-caption=\"\" data-large-file=\"https:\/\/blog.erm.ee\/wp-content\/uploads\/2017\/09\/361373_ERM_Fk_2994_2068-1024x653.jpg\" class=\"alignnone size-large wp-image-10383\" src=\"https:\/\/blog.erm.ee\/wp-content\/uploads\/2017\/09\/361373_ERM_Fk_2994_2068-1024x653.jpg\" alt=\"\" width=\"700\" height=\"446\" srcset=\"https:\/\/blog.erm.ee\/wp-content\/uploads\/2017\/09\/361373_ERM_Fk_2994_2068-1024x653.jpg 1024w, https:\/\/blog.erm.ee\/wp-content\/uploads\/2017\/09\/361373_ERM_Fk_2994_2068-408x260.jpg 408w, https:\/\/blog.erm.ee\/wp-content\/uploads\/2017\/09\/361373_ERM_Fk_2994_2068-300x191.jpg 300w, https:\/\/blog.erm.ee\/wp-content\/uploads\/2017\/09\/361373_ERM_Fk_2994_2068-768x490.jpg 768w, https:\/\/blog.erm.ee\/wp-content\/uploads\/2017\/09\/361373_ERM_Fk_2994_2068.jpg 1200w\" sizes=\"auto, (max-width: 700px) 100vw, 700px\" \/><\/a><em>Lapsed aiat\u00f6\u00f6d tegemas. Foto: Leopold Matt, u 1950. ERM Fk 2994:2068<\/em><\/p>\n<p><a href=\"https:\/\/blog.erm.ee\/wp-content\/uploads\/2017\/09\/053203_ERM_Fk_2853_118.jpg\"><img loading=\"lazy\" decoding=\"async\" data-attachment-id=\"10384\" data-permalink=\"https:\/\/blog.erm.ee\/?attachment_id=10384#main\" data-orig-file=\"https:\/\/blog.erm.ee\/wp-content\/uploads\/2017\/09\/053203_ERM_Fk_2853_118.jpg\" data-orig-size=\"789,1200\" data-comments-opened=\"1\" data-image-meta=\"{&quot;aperture&quot;:&quot;0&quot;,&quot;credit&quot;:&quot;&quot;,&quot;camera&quot;:&quot;&quot;,&quot;caption&quot;:&quot;&quot;,&quot;created_timestamp&quot;:&quot;1064420837&quot;,&quot;copyright&quot;:&quot;&quot;,&quot;focal_length&quot;:&quot;0&quot;,&quot;iso&quot;:&quot;0&quot;,&quot;shutter_speed&quot;:&quot;0&quot;,&quot;title&quot;:&quot;&quot;,&quot;orientation&quot;:&quot;0&quot;}\" data-image-title=\"053203_ERM_Fk_2853_118\" data-image-description=\"\" data-image-caption=\"\" data-large-file=\"https:\/\/blog.erm.ee\/wp-content\/uploads\/2017\/09\/053203_ERM_Fk_2853_118-673x1024.jpg\" class=\"alignnone size-large wp-image-10384\" src=\"https:\/\/blog.erm.ee\/wp-content\/uploads\/2017\/09\/053203_ERM_Fk_2853_118-673x1024.jpg\" alt=\"\" width=\"673\" height=\"1024\" srcset=\"https:\/\/blog.erm.ee\/wp-content\/uploads\/2017\/09\/053203_ERM_Fk_2853_118-673x1024.jpg 673w, https:\/\/blog.erm.ee\/wp-content\/uploads\/2017\/09\/053203_ERM_Fk_2853_118-171x260.jpg 171w, https:\/\/blog.erm.ee\/wp-content\/uploads\/2017\/09\/053203_ERM_Fk_2853_118-197x300.jpg 197w, https:\/\/blog.erm.ee\/wp-content\/uploads\/2017\/09\/053203_ERM_Fk_2853_118-768x1168.jpg 768w, https:\/\/blog.erm.ee\/wp-content\/uploads\/2017\/09\/053203_ERM_Fk_2853_118.jpg 789w\" sizes=\"auto, (max-width: 673px) 100vw, 673px\" \/><\/a><em>Vanaema lapselapsega toitu valmistamas. Foto: Leo Kents, 1978. ERM Fk 2853:118<\/em><\/p>\n<p><a href=\"https:\/\/blog.erm.ee\/wp-content\/uploads\/2017\/09\/066433_ERM_Fk_2909_925.jpg\"><img loading=\"lazy\" decoding=\"async\" data-attachment-id=\"10385\" data-permalink=\"https:\/\/blog.erm.ee\/?attachment_id=10385#main\" data-orig-file=\"https:\/\/blog.erm.ee\/wp-content\/uploads\/2017\/09\/066433_ERM_Fk_2909_925.jpg\" data-orig-size=\"1200,825\" data-comments-opened=\"1\" data-image-meta=\"{&quot;aperture&quot;:&quot;0&quot;,&quot;credit&quot;:&quot;&quot;,&quot;camera&quot;:&quot;&quot;,&quot;caption&quot;:&quot;&quot;,&quot;created_timestamp&quot;:&quot;0&quot;,&quot;copyright&quot;:&quot;\\u00a9 Eesti Rahva Muuseum&quot;,&quot;focal_length&quot;:&quot;0&quot;,&quot;iso&quot;:&quot;0&quot;,&quot;shutter_speed&quot;:&quot;0&quot;,&quot;title&quot;:&quot;&quot;,&quot;orientation&quot;:&quot;0&quot;}\" data-image-title=\"066433_ERM_Fk_2909_925\" data-image-description=\"\" data-image-caption=\"\" data-large-file=\"https:\/\/blog.erm.ee\/wp-content\/uploads\/2017\/09\/066433_ERM_Fk_2909_925-1024x704.jpg\" class=\"alignnone size-large wp-image-10385\" src=\"https:\/\/blog.erm.ee\/wp-content\/uploads\/2017\/09\/066433_ERM_Fk_2909_925-1024x704.jpg\" alt=\"\" width=\"700\" height=\"481\" srcset=\"https:\/\/blog.erm.ee\/wp-content\/uploads\/2017\/09\/066433_ERM_Fk_2909_925-1024x704.jpg 1024w, https:\/\/blog.erm.ee\/wp-content\/uploads\/2017\/09\/066433_ERM_Fk_2909_925-378x260.jpg 378w, https:\/\/blog.erm.ee\/wp-content\/uploads\/2017\/09\/066433_ERM_Fk_2909_925-300x206.jpg 300w, https:\/\/blog.erm.ee\/wp-content\/uploads\/2017\/09\/066433_ERM_Fk_2909_925-768x528.jpg 768w, https:\/\/blog.erm.ee\/wp-content\/uploads\/2017\/09\/066433_ERM_Fk_2909_925.jpg 1200w\" sizes=\"auto, (max-width: 700px) 100vw, 700px\" \/><\/a><em>Lapsed vedruvankriga 1952. a. Fotograaf teadmata. ERM Fk 2909: 925<\/em><\/p>\n<p><a href=\"https:\/\/blog.erm.ee\/wp-content\/uploads\/2017\/09\/315992_ERM_Fk_1284_200.jpg\"><img loading=\"lazy\" decoding=\"async\" data-attachment-id=\"10387\" data-permalink=\"https:\/\/blog.erm.ee\/?attachment_id=10387#main\" data-orig-file=\"https:\/\/blog.erm.ee\/wp-content\/uploads\/2017\/09\/315992_ERM_Fk_1284_200.jpg\" data-orig-size=\"1200,802\" data-comments-opened=\"1\" data-image-meta=\"{&quot;aperture&quot;:&quot;0&quot;,&quot;credit&quot;:&quot;Unspecified&quot;,&quot;camera&quot;:&quot;&quot;,&quot;caption&quot;:&quot;&quot;,&quot;created_timestamp&quot;:&quot;1272452970&quot;,&quot;copyright&quot;:&quot;Unspecified&quot;,&quot;focal_length&quot;:&quot;0&quot;,&quot;iso&quot;:&quot;0&quot;,&quot;shutter_speed&quot;:&quot;0&quot;,&quot;title&quot;:&quot;&quot;,&quot;orientation&quot;:&quot;0&quot;}\" data-image-title=\"315992_ERM_Fk_1284_200\" data-image-description=\"\" data-image-caption=\"\" data-large-file=\"https:\/\/blog.erm.ee\/wp-content\/uploads\/2017\/09\/315992_ERM_Fk_1284_200-1024x684.jpg\" class=\"alignnone size-large wp-image-10387\" src=\"https:\/\/blog.erm.ee\/wp-content\/uploads\/2017\/09\/315992_ERM_Fk_1284_200-1024x684.jpg\" alt=\"\" width=\"700\" height=\"468\" srcset=\"https:\/\/blog.erm.ee\/wp-content\/uploads\/2017\/09\/315992_ERM_Fk_1284_200-1024x684.jpg 1024w, https:\/\/blog.erm.ee\/wp-content\/uploads\/2017\/09\/315992_ERM_Fk_1284_200-389x260.jpg 389w, https:\/\/blog.erm.ee\/wp-content\/uploads\/2017\/09\/315992_ERM_Fk_1284_200-300x201.jpg 300w, https:\/\/blog.erm.ee\/wp-content\/uploads\/2017\/09\/315992_ERM_Fk_1284_200-768x513.jpg 768w, https:\/\/blog.erm.ee\/wp-content\/uploads\/2017\/09\/315992_ERM_Fk_1284_200.jpg 1200w\" sizes=\"auto, (max-width: 700px) 100vw, 700px\" \/><\/a><em>Kahtla k\u00fcla poisid puhastamas kartulip\u00f5ldu ohakaist. Foto: Grigori Kaljuvee, 1960. ERM Fk 1284:200 <\/em><em>\u00a0\u00a0\u00a0\u00a0<\/em><\/p>\n<p><a href=\"https:\/\/blog.erm.ee\/wp-content\/uploads\/2017\/09\/317114_ERM_Fk_1764_49.jpg\"><img loading=\"lazy\" decoding=\"async\" data-attachment-id=\"10388\" data-permalink=\"https:\/\/blog.erm.ee\/?attachment_id=10388#main\" data-orig-file=\"https:\/\/blog.erm.ee\/wp-content\/uploads\/2017\/09\/317114_ERM_Fk_1764_49.jpg\" data-orig-size=\"836,1200\" data-comments-opened=\"1\" data-image-meta=\"{&quot;aperture&quot;:&quot;0&quot;,&quot;credit&quot;:&quot;&quot;,&quot;camera&quot;:&quot;&quot;,&quot;caption&quot;:&quot;Capturefile: I:!fotokast asjad2009-01-13_repidf71764_49.NEF\\rCaptureSN: --.000000\\rSoftware: Capture One LE for Windows&quot;,&quot;created_timestamp&quot;:&quot;1231758045&quot;,&quot;copyright&quot;:&quot;Arp Karm&quot;,&quot;focal_length&quot;:&quot;0&quot;,&quot;iso&quot;:&quot;0&quot;,&quot;shutter_speed&quot;:&quot;0&quot;,&quot;title&quot;:&quot;&quot;,&quot;orientation&quot;:&quot;0&quot;}\" data-image-title=\"317114_ERM_Fk_1764_49\" data-image-description=\"\" data-image-caption=\"&lt;p&gt;Capturefile: I:!fotokast asjad2009-01-13_repidf71764_49.NEF&lt;br \/&gt;\nCaptureSN: &amp;#8211;.000000&lt;br \/&gt;\nSoftware: Capture One LE for Windows&lt;\/p&gt;\n\" data-large-file=\"https:\/\/blog.erm.ee\/wp-content\/uploads\/2017\/09\/317114_ERM_Fk_1764_49-713x1024.jpg\" class=\"size-large wp-image-10388\" src=\"https:\/\/blog.erm.ee\/wp-content\/uploads\/2017\/09\/317114_ERM_Fk_1764_49-713x1024.jpg\" alt=\"\" width=\"700\" height=\"1005\" srcset=\"https:\/\/blog.erm.ee\/wp-content\/uploads\/2017\/09\/317114_ERM_Fk_1764_49-713x1024.jpg 713w, https:\/\/blog.erm.ee\/wp-content\/uploads\/2017\/09\/317114_ERM_Fk_1764_49-181x260.jpg 181w, https:\/\/blog.erm.ee\/wp-content\/uploads\/2017\/09\/317114_ERM_Fk_1764_49-209x300.jpg 209w, https:\/\/blog.erm.ee\/wp-content\/uploads\/2017\/09\/317114_ERM_Fk_1764_49-768x1102.jpg 768w, https:\/\/blog.erm.ee\/wp-content\/uploads\/2017\/09\/317114_ERM_Fk_1764_49.jpg 836w\" sizes=\"auto, (max-width: 700px) 100vw, 700px\" \/><\/a><em>Fotograaf P. Posti pojad kirveid teritamas. Foto: Peet Post. ERM Fk 1764:49<\/em><\/p>\n<p><a href=\"https:\/\/blog.erm.ee\/wp-content\/uploads\/2017\/09\/078045_ERM_Fk_2644_7191.jpg\"><img loading=\"lazy\" decoding=\"async\" data-attachment-id=\"10389\" data-permalink=\"https:\/\/blog.erm.ee\/?attachment_id=10389#main\" data-orig-file=\"https:\/\/blog.erm.ee\/wp-content\/uploads\/2017\/09\/078045_ERM_Fk_2644_7191.jpg\" data-orig-size=\"786,1200\" data-comments-opened=\"1\" data-image-meta=\"{&quot;aperture&quot;:&quot;0&quot;,&quot;credit&quot;:&quot;&quot;,&quot;camera&quot;:&quot;&quot;,&quot;caption&quot;:&quot;&quot;,&quot;created_timestamp&quot;:&quot;0&quot;,&quot;copyright&quot;:&quot;&quot;,&quot;focal_length&quot;:&quot;0&quot;,&quot;iso&quot;:&quot;0&quot;,&quot;shutter_speed&quot;:&quot;0&quot;,&quot;title&quot;:&quot;&quot;,&quot;orientation&quot;:&quot;0&quot;}\" data-image-title=\"078045_ERM_Fk_2644_7191\" data-image-description=\"\" data-image-caption=\"\" data-large-file=\"https:\/\/blog.erm.ee\/wp-content\/uploads\/2017\/09\/078045_ERM_Fk_2644_7191-671x1024.jpg\" class=\"alignnone size-large wp-image-10389\" src=\"https:\/\/blog.erm.ee\/wp-content\/uploads\/2017\/09\/078045_ERM_Fk_2644_7191-671x1024.jpg\" alt=\"\" width=\"671\" height=\"1024\" srcset=\"https:\/\/blog.erm.ee\/wp-content\/uploads\/2017\/09\/078045_ERM_Fk_2644_7191-671x1024.jpg 671w, https:\/\/blog.erm.ee\/wp-content\/uploads\/2017\/09\/078045_ERM_Fk_2644_7191-170x260.jpg 170w, https:\/\/blog.erm.ee\/wp-content\/uploads\/2017\/09\/078045_ERM_Fk_2644_7191-197x300.jpg 197w, https:\/\/blog.erm.ee\/wp-content\/uploads\/2017\/09\/078045_ERM_Fk_2644_7191-768x1173.jpg 768w, https:\/\/blog.erm.ee\/wp-content\/uploads\/2017\/09\/078045_ERM_Fk_2644_7191.jpg 786w\" sizes=\"auto, (max-width: 671px) 100vw, 671px\" \/><\/a><em>Poiss kudumas. Foto: Viktor Salmre, 1968. ERM Fk 2644:7191<\/em><\/p>\n<div class=\"fcbkbttn_buttons_block\" id=\"fcbkbttn_left\"><div class=\"fcbkbttn_like \"><fb:like href=\"https:\/\/blog.erm.ee\/?p=10355\" action=\"like\" colorscheme=\"light\" layout=\"standard\"  width=\"225px\" size=\"small\"><\/fb:like><\/div><div class=\"fb-share-button  \" data-href=\"https:\/\/blog.erm.ee\/?p=10355\" data-type=\"button\" data-size=\"small\"><\/div><\/div>","protected":false},"excerpt":{"rendered":"<p>Kristi \u00dctt, arhivaar Laste kasvatust\u00f6\u00f6 ja t\u00f6\u00f6kasvatus on ikka k\u00e4sik\u00e4es k\u00e4inud. Kuidas sa muidu eluks vajalikke oskusi ja teadmisi saad! \u00c4rmi talu lapsed hanekarjas. Fotograaf teadmata. ERM Fk 2160:476 Lapsed lumehanges kisselli jahutamas 1950. a. Fotograaf teadmata. ERM Fk 2992:455 Mardi talu poisid Hiiumaal Luidja k\u00fcla rannas paati t\u00f5rvamas. Foto: Ferdinand Linnus, 1925. ERM Fk&hellip;<\/p>\n","protected":false},"author":1,"featured_media":10376,"comment_status":"open","ping_status":"open","sticky":false,"template":"","format":"standard","meta":{"_monsterinsights_skip_tracking":false,"_monsterinsights_sitenote_active":false,"_monsterinsights_sitenote_note":"","_monsterinsights_sitenote_category":0,"jetpack_post_was_ever_published":false,"_jetpack_newsletter_access":"","_jetpack_dont_email_post_to_subs":false,"_jetpack_newsletter_tier_id":0,"_jetpack_memberships_contains_paywalled_content":false,"_jetpack_memberships_contains_paid_content":false,"footnotes":""},"categories":[6],"tags":[],"class_list":["post-10355","post","type-post","status-publish","format-standard","has-post-thumbnail","hentry","category-foto"],"yoast_head":"<!-- This site is optimized with the Yoast SEO plugin v27.5 - https:\/\/yoast.com\/product\/yoast-seo-wordpress\/ -->\n<title>V\u00e4iksen h\u00e4ste opetedu, suuren m\u00f5istab muidugi (eesti vanas\u00f5na) - Eesti Rahva Muuseumi ajaveeb<\/title>\n<meta name=\"robots\" content=\"index, follow, max-snippet:-1, max-image-preview:large, max-video-preview:-1\" \/>\n<link rel=\"canonical\" href=\"https:\/\/blog.erm.ee\/?p=10355\" \/>\n<meta property=\"og:locale\" content=\"et_EE\" \/>\n<meta property=\"og:type\" content=\"article\" \/>\n<meta property=\"og:title\" content=\"V\u00e4iksen h\u00e4ste opetedu, suuren m\u00f5istab muidugi (eesti vanas\u00f5na) - Eesti Rahva Muuseumi ajaveeb\" \/>\n<meta property=\"og:description\" content=\"Kristi \u00dctt, arhivaar Laste kasvatust\u00f6\u00f6 ja t\u00f6\u00f6kasvatus on ikka k\u00e4sik\u00e4es k\u00e4inud. Kuidas sa muidu eluks vajalikke oskusi ja teadmisi saad! \u00c4rmi talu lapsed hanekarjas. Fotograaf teadmata. ERM Fk 2160:476 Lapsed lumehanges kisselli jahutamas 1950. a. Fotograaf teadmata. ERM Fk 2992:455 Mardi talu poisid Hiiumaal Luidja k\u00fcla rannas paati t\u00f5rvamas. Foto: Ferdinand Linnus, 1925. ERM Fk&hellip;\" \/>\n<meta property=\"og:url\" content=\"https:\/\/blog.erm.ee\/?p=10355\" \/>\n<meta property=\"og:site_name\" content=\"Eesti Rahva Muuseumi ajaveeb\" \/>\n<meta property=\"article:published_time\" content=\"2017-09-26T03:25:43+00:00\" \/>\n<meta property=\"og:image\" content=\"https:\/\/blog.erm.ee\/wp-content\/uploads\/2017\/09\/081584_ERM_Fk_2644_10730.jpg\" \/>\n\t<meta property=\"og:image:width\" content=\"1200\" \/>\n\t<meta property=\"og:image:height\" content=\"785\" \/>\n\t<meta property=\"og:image:type\" content=\"image\/jpeg\" \/>\n<meta name=\"author\" content=\"Eesti Rahva Muuseum\" \/>\n<meta name=\"twitter:card\" content=\"summary_large_image\" \/>\n<meta name=\"twitter:label1\" content=\"Written by\" \/>\n\t<meta name=\"twitter:data1\" content=\"Eesti Rahva Muuseum\" \/>\n\t<meta name=\"twitter:label2\" content=\"Est. reading time\" \/>\n\t<meta name=\"twitter:data2\" content=\"2 minutit\" \/>\n<script type=\"application\/ld+json\" class=\"yoast-schema-graph\">{\"@context\":\"https:\\\/\\\/schema.org\",\"@graph\":[{\"@type\":\"Article\",\"@id\":\"https:\\\/\\\/blog.erm.ee\\\/?p=10355#article\",\"isPartOf\":{\"@id\":\"https:\\\/\\\/blog.erm.ee\\\/?p=10355\"},\"author\":{\"name\":\"Eesti Rahva Muuseum\",\"@id\":\"https:\\\/\\\/blog.erm.ee\\\/#\\\/schema\\\/person\\\/6e98c391cb00a33e7c22a3571e062114\"},\"headline\":\"V\u00e4iksen h\u00e4ste opetedu, suuren m\u00f5istab muidugi (eesti vanas\u00f5na)\",\"datePublished\":\"2017-09-26T03:25:43+00:00\",\"mainEntityOfPage\":{\"@id\":\"https:\\\/\\\/blog.erm.ee\\\/?p=10355\"},\"wordCount\":320,\"commentCount\":0,\"image\":{\"@id\":\"https:\\\/\\\/blog.erm.ee\\\/?p=10355#primaryimage\"},\"thumbnailUrl\":\"https:\\\/\\\/blog.erm.ee\\\/wp-content\\\/uploads\\\/2017\\\/09\\\/081584_ERM_Fk_2644_10730.jpg\",\"articleSection\":[\"Foto\"],\"inLanguage\":\"et\",\"potentialAction\":[{\"@type\":\"CommentAction\",\"name\":\"Comment\",\"target\":[\"https:\\\/\\\/blog.erm.ee\\\/?p=10355#respond\"]}]},{\"@type\":\"WebPage\",\"@id\":\"https:\\\/\\\/blog.erm.ee\\\/?p=10355\",\"url\":\"https:\\\/\\\/blog.erm.ee\\\/?p=10355\",\"name\":\"V\u00e4iksen h\u00e4ste opetedu, suuren m\u00f5istab muidugi (eesti vanas\u00f5na) - Eesti Rahva Muuseumi ajaveeb\",\"isPartOf\":{\"@id\":\"https:\\\/\\\/blog.erm.ee\\\/#website\"},\"primaryImageOfPage\":{\"@id\":\"https:\\\/\\\/blog.erm.ee\\\/?p=10355#primaryimage\"},\"image\":{\"@id\":\"https:\\\/\\\/blog.erm.ee\\\/?p=10355#primaryimage\"},\"thumbnailUrl\":\"https:\\\/\\\/blog.erm.ee\\\/wp-content\\\/uploads\\\/2017\\\/09\\\/081584_ERM_Fk_2644_10730.jpg\",\"datePublished\":\"2017-09-26T03:25:43+00:00\",\"author\":{\"@id\":\"https:\\\/\\\/blog.erm.ee\\\/#\\\/schema\\\/person\\\/6e98c391cb00a33e7c22a3571e062114\"},\"breadcrumb\":{\"@id\":\"https:\\\/\\\/blog.erm.ee\\\/?p=10355#breadcrumb\"},\"inLanguage\":\"et\",\"potentialAction\":[{\"@type\":\"ReadAction\",\"target\":[\"https:\\\/\\\/blog.erm.ee\\\/?p=10355\"]}]},{\"@type\":\"ImageObject\",\"inLanguage\":\"et\",\"@id\":\"https:\\\/\\\/blog.erm.ee\\\/?p=10355#primaryimage\",\"url\":\"https:\\\/\\\/blog.erm.ee\\\/wp-content\\\/uploads\\\/2017\\\/09\\\/081584_ERM_Fk_2644_10730.jpg\",\"contentUrl\":\"https:\\\/\\\/blog.erm.ee\\\/wp-content\\\/uploads\\\/2017\\\/09\\\/081584_ERM_Fk_2644_10730.jpg\",\"width\":1200,\"height\":785},{\"@type\":\"BreadcrumbList\",\"@id\":\"https:\\\/\\\/blog.erm.ee\\\/?p=10355#breadcrumb\",\"itemListElement\":[{\"@type\":\"ListItem\",\"position\":1,\"name\":\"Home\",\"item\":\"https:\\\/\\\/blog.erm.ee\\\/\"},{\"@type\":\"ListItem\",\"position\":2,\"name\":\"V\u00e4iksen h\u00e4ste opetedu, suuren m\u00f5istab muidugi (eesti vanas\u00f5na)\"}]},{\"@type\":\"WebSite\",\"@id\":\"https:\\\/\\\/blog.erm.ee\\\/#website\",\"url\":\"https:\\\/\\\/blog.erm.ee\\\/\",\"name\":\"Eesti Rahva Muuseumi ajaveeb\",\"description\":\"\",\"potentialAction\":[{\"@type\":\"SearchAction\",\"target\":{\"@type\":\"EntryPoint\",\"urlTemplate\":\"https:\\\/\\\/blog.erm.ee\\\/?s={search_term_string}\"},\"query-input\":{\"@type\":\"PropertyValueSpecification\",\"valueRequired\":true,\"valueName\":\"search_term_string\"}}],\"inLanguage\":\"et\"},{\"@type\":\"Person\",\"@id\":\"https:\\\/\\\/blog.erm.ee\\\/#\\\/schema\\\/person\\\/6e98c391cb00a33e7c22a3571e062114\",\"name\":\"Eesti Rahva Muuseum\",\"image\":{\"@type\":\"ImageObject\",\"inLanguage\":\"et\",\"@id\":\"https:\\\/\\\/secure.gravatar.com\\\/avatar\\\/cb6d9ad5fb49f3f7315028ce5fe60641075f2cb52b8a058ff5a985fa2d8c1da0?s=96&d=mm&r=g\",\"url\":\"https:\\\/\\\/secure.gravatar.com\\\/avatar\\\/cb6d9ad5fb49f3f7315028ce5fe60641075f2cb52b8a058ff5a985fa2d8c1da0?s=96&d=mm&r=g\",\"contentUrl\":\"https:\\\/\\\/secure.gravatar.com\\\/avatar\\\/cb6d9ad5fb49f3f7315028ce5fe60641075f2cb52b8a058ff5a985fa2d8c1da0?s=96&d=mm&r=g\",\"caption\":\"Eesti Rahva Muuseum\"},\"sameAs\":[\"http:\\\/\\\/www.erm.ee\"],\"url\":\"https:\\\/\\\/blog.erm.ee\\\/?author=1\"}]}<\/script>\n<!-- \/ Yoast SEO plugin. -->","yoast_head_json":{"title":"V\u00e4iksen h\u00e4ste opetedu, suuren m\u00f5istab muidugi (eesti vanas\u00f5na) - Eesti Rahva Muuseumi ajaveeb","robots":{"index":"index","follow":"follow","max-snippet":"max-snippet:-1","max-image-preview":"max-image-preview:large","max-video-preview":"max-video-preview:-1"},"canonical":"https:\/\/blog.erm.ee\/?p=10355","og_locale":"et_EE","og_type":"article","og_title":"V\u00e4iksen h\u00e4ste opetedu, suuren m\u00f5istab muidugi (eesti vanas\u00f5na) - Eesti Rahva Muuseumi ajaveeb","og_description":"Kristi \u00dctt, arhivaar Laste kasvatust\u00f6\u00f6 ja t\u00f6\u00f6kasvatus on ikka k\u00e4sik\u00e4es k\u00e4inud. Kuidas sa muidu eluks vajalikke oskusi ja teadmisi saad! \u00c4rmi talu lapsed hanekarjas. Fotograaf teadmata. ERM Fk 2160:476 Lapsed lumehanges kisselli jahutamas 1950. a. Fotograaf teadmata. ERM Fk 2992:455 Mardi talu poisid Hiiumaal Luidja k\u00fcla rannas paati t\u00f5rvamas. Foto: Ferdinand Linnus, 1925. ERM Fk&hellip;","og_url":"https:\/\/blog.erm.ee\/?p=10355","og_site_name":"Eesti Rahva Muuseumi ajaveeb","article_published_time":"2017-09-26T03:25:43+00:00","og_image":[{"width":1200,"height":785,"url":"https:\/\/blog.erm.ee\/wp-content\/uploads\/2017\/09\/081584_ERM_Fk_2644_10730.jpg","type":"image\/jpeg"}],"author":"Eesti Rahva Muuseum","twitter_card":"summary_large_image","twitter_misc":{"Written by":"Eesti Rahva Muuseum","Est. reading time":"2 minutit"},"schema":{"@context":"https:\/\/schema.org","@graph":[{"@type":"Article","@id":"https:\/\/blog.erm.ee\/?p=10355#article","isPartOf":{"@id":"https:\/\/blog.erm.ee\/?p=10355"},"author":{"name":"Eesti Rahva Muuseum","@id":"https:\/\/blog.erm.ee\/#\/schema\/person\/6e98c391cb00a33e7c22a3571e062114"},"headline":"V\u00e4iksen h\u00e4ste opetedu, suuren m\u00f5istab muidugi (eesti vanas\u00f5na)","datePublished":"2017-09-26T03:25:43+00:00","mainEntityOfPage":{"@id":"https:\/\/blog.erm.ee\/?p=10355"},"wordCount":320,"commentCount":0,"image":{"@id":"https:\/\/blog.erm.ee\/?p=10355#primaryimage"},"thumbnailUrl":"https:\/\/blog.erm.ee\/wp-content\/uploads\/2017\/09\/081584_ERM_Fk_2644_10730.jpg","articleSection":["Foto"],"inLanguage":"et","potentialAction":[{"@type":"CommentAction","name":"Comment","target":["https:\/\/blog.erm.ee\/?p=10355#respond"]}]},{"@type":"WebPage","@id":"https:\/\/blog.erm.ee\/?p=10355","url":"https:\/\/blog.erm.ee\/?p=10355","name":"V\u00e4iksen h\u00e4ste opetedu, suuren m\u00f5istab muidugi (eesti vanas\u00f5na) - Eesti Rahva Muuseumi ajaveeb","isPartOf":{"@id":"https:\/\/blog.erm.ee\/#website"},"primaryImageOfPage":{"@id":"https:\/\/blog.erm.ee\/?p=10355#primaryimage"},"image":{"@id":"https:\/\/blog.erm.ee\/?p=10355#primaryimage"},"thumbnailUrl":"https:\/\/blog.erm.ee\/wp-content\/uploads\/2017\/09\/081584_ERM_Fk_2644_10730.jpg","datePublished":"2017-09-26T03:25:43+00:00","author":{"@id":"https:\/\/blog.erm.ee\/#\/schema\/person\/6e98c391cb00a33e7c22a3571e062114"},"breadcrumb":{"@id":"https:\/\/blog.erm.ee\/?p=10355#breadcrumb"},"inLanguage":"et","potentialAction":[{"@type":"ReadAction","target":["https:\/\/blog.erm.ee\/?p=10355"]}]},{"@type":"ImageObject","inLanguage":"et","@id":"https:\/\/blog.erm.ee\/?p=10355#primaryimage","url":"https:\/\/blog.erm.ee\/wp-content\/uploads\/2017\/09\/081584_ERM_Fk_2644_10730.jpg","contentUrl":"https:\/\/blog.erm.ee\/wp-content\/uploads\/2017\/09\/081584_ERM_Fk_2644_10730.jpg","width":1200,"height":785},{"@type":"BreadcrumbList","@id":"https:\/\/blog.erm.ee\/?p=10355#breadcrumb","itemListElement":[{"@type":"ListItem","position":1,"name":"Home","item":"https:\/\/blog.erm.ee\/"},{"@type":"ListItem","position":2,"name":"V\u00e4iksen h\u00e4ste opetedu, suuren m\u00f5istab muidugi (eesti vanas\u00f5na)"}]},{"@type":"WebSite","@id":"https:\/\/blog.erm.ee\/#website","url":"https:\/\/blog.erm.ee\/","name":"Eesti Rahva Muuseumi ajaveeb","description":"","potentialAction":[{"@type":"SearchAction","target":{"@type":"EntryPoint","urlTemplate":"https:\/\/blog.erm.ee\/?s={search_term_string}"},"query-input":{"@type":"PropertyValueSpecification","valueRequired":true,"valueName":"search_term_string"}}],"inLanguage":"et"},{"@type":"Person","@id":"https:\/\/blog.erm.ee\/#\/schema\/person\/6e98c391cb00a33e7c22a3571e062114","name":"Eesti Rahva Muuseum","image":{"@type":"ImageObject","inLanguage":"et","@id":"https:\/\/secure.gravatar.com\/avatar\/cb6d9ad5fb49f3f7315028ce5fe60641075f2cb52b8a058ff5a985fa2d8c1da0?s=96&d=mm&r=g","url":"https:\/\/secure.gravatar.com\/avatar\/cb6d9ad5fb49f3f7315028ce5fe60641075f2cb52b8a058ff5a985fa2d8c1da0?s=96&d=mm&r=g","contentUrl":"https:\/\/secure.gravatar.com\/avatar\/cb6d9ad5fb49f3f7315028ce5fe60641075f2cb52b8a058ff5a985fa2d8c1da0?s=96&d=mm&r=g","caption":"Eesti Rahva Muuseum"},"sameAs":["http:\/\/www.erm.ee"],"url":"https:\/\/blog.erm.ee\/?author=1"}]}},"jetpack_featured_media_url":"https:\/\/blog.erm.ee\/wp-content\/uploads\/2017\/09\/081584_ERM_Fk_2644_10730.jpg","jetpack_shortlink":"https:\/\/wp.me\/p2l9Zd-2H1","jetpack_sharing_enabled":true,"jetpack_likes_enabled":true,"_links":{"self":[{"href":"https:\/\/blog.erm.ee\/index.php?rest_route=\/wp\/v2\/posts\/10355","targetHints":{"allow":["GET"]}}],"collection":[{"href":"https:\/\/blog.erm.ee\/index.php?rest_route=\/wp\/v2\/posts"}],"about":[{"href":"https:\/\/blog.erm.ee\/index.php?rest_route=\/wp\/v2\/types\/post"}],"author":[{"embeddable":true,"href":"https:\/\/blog.erm.ee\/index.php?rest_route=\/wp\/v2\/users\/1"}],"replies":[{"embeddable":true,"href":"https:\/\/blog.erm.ee\/index.php?rest_route=%2Fwp%2Fv2%2Fcomments&post=10355"}],"version-history":[{"count":7,"href":"https:\/\/blog.erm.ee\/index.php?rest_route=\/wp\/v2\/posts\/10355\/revisions"}],"predecessor-version":[{"id":10414,"href":"https:\/\/blog.erm.ee\/index.php?rest_route=\/wp\/v2\/posts\/10355\/revisions\/10414"}],"wp:featuredmedia":[{"embeddable":true,"href":"https:\/\/blog.erm.ee\/index.php?rest_route=\/wp\/v2\/media\/10376"}],"wp:attachment":[{"href":"https:\/\/blog.erm.ee\/index.php?rest_route=%2Fwp%2Fv2%2Fmedia&parent=10355"}],"wp:term":[{"taxonomy":"category","embeddable":true,"href":"https:\/\/blog.erm.ee\/index.php?rest_route=%2Fwp%2Fv2%2Fcategories&post=10355"},{"taxonomy":"post_tag","embeddable":true,"href":"https:\/\/blog.erm.ee\/index.php?rest_route=%2Fwp%2Fv2%2Ftags&post=10355"}],"curies":[{"name":"wp","href":"https:\/\/api.w.org\/{rel}","templated":true}]}}